{"id":73296,"date":"2023-08-08T10:37:33","date_gmt":"2023-08-08T13:37:33","guid":{"rendered":"https:\/\/cleitonpinheiro.com.br\/site\/?p=73296"},"modified":"2023-08-08T10:37:41","modified_gmt":"2023-08-08T13:37:41","slug":"moraes-manda-soltar-90-presos-nos-atos-golpistas-de-8-de-janeiro","status":"publish","type":"post","link":"https:\/\/cleitonpinheiro.com.br\/site\/moraes-manda-soltar-90-presos-nos-atos-golpistas-de-8-de-janeiro\/","title":{"rendered":"Moraes manda soltar 90 presos nos atos golpistas de 8 de janeiro"},"content":{"rendered":"\n<figure class=\"wp-block-image size-full\"><img decoding=\"async\" src=\"https:\/\/cleitonpinheiro.com.br\/site\/wp-content\/uploads\/2023\/08\/53071818820_09ace18d57_c.jpg\" alt=\"STF\" class=\"wp-image-73303\"\/><figcaption class=\"wp-element-caption\">Pris\u00e3o foi substitu\u00edda por medidas cautelares &#8211; Foto: Antonio Augusto\/SCO\/STF<\/figcaption><\/figure>\n\n\n\n<p class=\"wp-block-paragraph\"><strong>Da Ag\u00eancia Brasil<\/strong><\/p>\n\n\n\n<p class=\"wp-block-paragraph\">O ministro Alexandre de Moraes, do Supremo Tribunal Federal (STF), mandou soltar 90 presos nos atos golpistas de 8 de janeiro. Essa&nbsp;decis\u00e3o beneficiou 37 mulheres e 53 homens.<img decoding=\"async\" src=\"https:\/\/agenciabrasil.ebc.com.br\/ebc.png?id=1547796&amp;o=node\"><img decoding=\"async\" src=\"https:\/\/agenciabrasil.ebc.com.br\/ebc.gif?id=1547796&amp;o=node\"><\/p>\n\n\n\n<p class=\"wp-block-paragraph\">O ministro substituiu a pris\u00e3o por medidas cautelares, como uso de tornozeleira eletr\u00f4nica, proibi\u00e7\u00e3o de usar redes sociais, cancelamento dos passaportes, suspens\u00e3o do porte de armas e obriga\u00e7\u00e3o de comparecer semanalmente \u00e0 Justi\u00e7a.<\/p>\n\n\n\n<p class=\"wp-block-paragraph\">No entendimento de Moraes, os acusados n\u00e3o representam mais riscos \u00e0s investiga\u00e7\u00f5es.<\/p>\n\n\n\n<p class=\"wp-block-paragraph\">Os acusados s\u00e3o r\u00e9us nos processos oriundos da investiga\u00e7\u00e3o e respondem pelos crimes de associa\u00e7\u00e3o criminosa, aboli\u00e7\u00e3o do Estado Democr\u00e1tico de Direito, golpe de Estado e crime contra o patrim\u00f4nio p\u00fablico tombado.<\/p>\n\n\n\n<p class=\"wp-block-paragraph\">Mais cedo, a Procuradoria-Geral da Rep\u00fablica (PGR)&nbsp;<a href=\"https:\/\/agenciabrasil.ebc.com.br\/justica\/noticia\/2023-08\/pgr-pede-condenacao-de-40-investigados-pelos-atos-golpistas\" target=\"_blank\" rel=\"noreferrer noopener\">pediu as primeiras condena\u00e7\u00f5es<\/a>&nbsp;de pessoas que participaram dos atos.<\/p>\n","protected":false},"excerpt":{"rendered":"<p>Decis\u00e3o do ministro Alexandre de Moraes beneficou 37 mulheres e 53 homens<\/p>\n","protected":false},"author":13,"featured_media":0,"comment_status":"open","ping_status":"open","sticky":false,"template":"","format":"standard","meta":{"_acf_changed":false,"footnotes":""},"categories":[19,898],"tags":[159,1104,142],"class_list":["post-73296","post","type-post","status-publish","format-standard","hentry","category-brasil-mundo","category-manchete-segundaria","tag-alexandre-de-moraes","tag-golpe-8-de-janeiro","tag-stf"],"acf":[],"yoast_head":"<!-- This site is optimized with the Yoast SEO plugin v24.4 - https:\/\/yoast.com\/wordpress\/plugins\/seo\/ -->\n<title>Moraes manda soltar 90 presos nos atos golpistas de 8 de janeiro - PORTAL DE NOT\u00cdCIAS CLEITON PINHEIRO<\/title>\n<meta name=\"robots\" content=\"index, follow, max-snippet:-1, max-image-preview:large, max-video-preview:-1\" \/>\n<link rel=\"canonical\" href=\"https:\/\/cleitonpinheiro.com.br\/site\/moraes-manda-soltar-90-presos-nos-atos-golpistas-de-8-de-janeiro\/\" \/>\n<meta property=\"og:locale\" content=\"pt_BR\" \/>\n<meta property=\"og:type\" content=\"article\" \/>\n<meta property=\"og:title\" content=\"Moraes manda soltar 90 presos nos atos golpistas de 8 de janeiro - PORTAL DE NOT\u00cdCIAS CLEITON PINHEIRO\" \/>\n<meta property=\"og:description\" content=\"Decis\u00e3o do ministro Alexandre de Moraes beneficou 37 mulheres e 53 homens\" \/>\n<meta property=\"og:url\" content=\"https:\/\/cleitonpinheiro.com.br\/site\/moraes-manda-soltar-90-presos-nos-atos-golpistas-de-8-de-janeiro\/\" \/>\n<meta property=\"og:site_name\" content=\"PORTAL DE NOT\u00cdCIAS CLEITON PINHEIRO\" \/>\n<meta property=\"article:publisher\" content=\"https:\/\/www.facebook.com\/portalcpnoticias\/\" \/>\n<meta property=\"article:published_time\" content=\"2023-08-08T13:37:33+00:00\" \/>\n<meta property=\"article:modified_time\" content=\"2023-08-08T13:37:41+00:00\" \/>\n<meta property=\"og:image\" content=\"https:\/\/cleitonpinheiro.com.br\/site\/wp-content\/uploads\/2023\/08\/53071818820_09ace18d57_c.jpg\" \/>\n\t<meta property=\"og:image:width\" content=\"799\" \/>\n\t<meta property=\"og:image:height\" content=\"533\" \/>\n\t<meta property=\"og:image:type\" content=\"image\/jpeg\" \/>\n<meta name=\"author\" content=\"Reda\u00e7\u00e3o CP\" \/>\n<meta name=\"twitter:card\" content=\"summary_large_image\" \/>\n<meta name=\"twitter:label1\" content=\"Escrito por\" \/>\n\t<meta name=\"twitter:data1\" content=\"Reda\u00e7\u00e3o CP\" \/>\n\t<meta name=\"twitter:label2\" content=\"Est. tempo de leitura\" \/>\n\t<meta name=\"twitter:data2\" content=\"2 minutos\" \/>\n<script type=\"application\/ld+json\" class=\"yoast-schema-graph\">{\"@context\":\"https:\/\/schema.org\",\"@graph\":[{\"@type\":\"Article\",\"@id\":\"https:\/\/cleitonpinheiro.com.br\/site\/moraes-manda-soltar-90-presos-nos-atos-golpistas-de-8-de-janeiro\/#article\",\"isPartOf\":{\"@id\":\"https:\/\/cleitonpinheiro.com.br\/site\/moraes-manda-soltar-90-presos-nos-atos-golpistas-de-8-de-janeiro\/\"},\"author\":{\"name\":\"Reda\u00e7\u00e3o CP\",\"@id\":\"https:\/\/cleitonpinheiro.com.br\/site\/#\/schema\/person\/8f04544e0bc40a1b68775b08360f87db\"},\"headline\":\"Moraes manda soltar 90 presos nos atos golpistas de 8 de janeiro\",\"datePublished\":\"2023-08-08T13:37:33+00:00\",\"dateModified\":\"2023-08-08T13:37:41+00:00\",\"mainEntityOfPage\":{\"@id\":\"https:\/\/cleitonpinheiro.com.br\/site\/moraes-manda-soltar-90-presos-nos-atos-golpistas-de-8-de-janeiro\/\"},\"wordCount\":168,\"commentCount\":0,\"publisher\":{\"@id\":\"https:\/\/cleitonpinheiro.com.br\/site\/#organization\"},\"image\":{\"@id\":\"https:\/\/cleitonpinheiro.com.br\/site\/moraes-manda-soltar-90-presos-nos-atos-golpistas-de-8-de-janeiro\/#primaryimage\"},\"thumbnailUrl\":\"https:\/\/cleitonpinheiro.com.br\/site\/wp-content\/uploads\/2023\/08\/53071818820_09ace18d57_c.jpg\",\"keywords\":[\"Alexandre de Moraes\",\"Golpe 8 de janeiro\",\"STF\"],\"articleSection\":[\"BRASIL \/ MUNDO\",\"MANCHETE SEGUND\u00c1RIA\"],\"inLanguage\":\"pt-BR\",\"potentialAction\":[{\"@type\":\"CommentAction\",\"name\":\"Comment\",\"target\":[\"https:\/\/cleitonpinheiro.com.br\/site\/moraes-manda-soltar-90-presos-nos-atos-golpistas-de-8-de-janeiro\/#respond\"]}]},{\"@type\":\"WebPage\",\"@id\":\"https:\/\/cleitonpinheiro.com.br\/site\/moraes-manda-soltar-90-presos-nos-atos-golpistas-de-8-de-janeiro\/\",\"url\":\"https:\/\/cleitonpinheiro.com.br\/site\/moraes-manda-soltar-90-presos-nos-atos-golpistas-de-8-de-janeiro\/\",\"name\":\"Moraes manda soltar 90 presos nos atos golpistas de 8 de janeiro - PORTAL DE NOT\u00cdCIAS CLEITON PINHEIRO\",\"isPartOf\":{\"@id\":\"https:\/\/cleitonpinheiro.com.br\/site\/#website\"},\"primaryImageOfPage\":{\"@id\":\"https:\/\/cleitonpinheiro.com.br\/site\/moraes-manda-soltar-90-presos-nos-atos-golpistas-de-8-de-janeiro\/#primaryimage\"},\"image\":{\"@id\":\"https:\/\/cleitonpinheiro.com.br\/site\/moraes-manda-soltar-90-presos-nos-atos-golpistas-de-8-de-janeiro\/#primaryimage\"},\"thumbnailUrl\":\"https:\/\/cleitonpinheiro.com.br\/site\/wp-content\/uploads\/2023\/08\/53071818820_09ace18d57_c.jpg\",\"datePublished\":\"2023-08-08T13:37:33+00:00\",\"dateModified\":\"2023-08-08T13:37:41+00:00\",\"breadcrumb\":{\"@id\":\"https:\/\/cleitonpinheiro.com.br\/site\/moraes-manda-soltar-90-presos-nos-atos-golpistas-de-8-de-janeiro\/#breadcrumb\"},\"inLanguage\":\"pt-BR\",\"potentialAction\":[{\"@type\":\"ReadAction\",\"target\":[\"https:\/\/cleitonpinheiro.com.br\/site\/moraes-manda-soltar-90-presos-nos-atos-golpistas-de-8-de-janeiro\/\"]}]},{\"@type\":\"ImageObject\",\"inLanguage\":\"pt-BR\",\"@id\":\"https:\/\/cleitonpinheiro.com.br\/site\/moraes-manda-soltar-90-presos-nos-atos-golpistas-de-8-de-janeiro\/#primaryimage\",\"url\":\"\",\"contentUrl\":\"\"},{\"@type\":\"BreadcrumbList\",\"@id\":\"https:\/\/cleitonpinheiro.com.br\/site\/moraes-manda-soltar-90-presos-nos-atos-golpistas-de-8-de-janeiro\/#breadcrumb\",\"itemListElement\":[{\"@type\":\"ListItem\",\"position\":1,\"name\":\"In\u00edcio\",\"item\":\"https:\/\/cleitonpinheiro.com.br\/site\/\"},{\"@type\":\"ListItem\",\"position\":2,\"name\":\"Moraes manda soltar 90 presos nos atos golpistas de 8 de janeiro\"}]},{\"@type\":\"WebSite\",\"@id\":\"https:\/\/cleitonpinheiro.com.br\/site\/#website\",\"url\":\"https:\/\/cleitonpinheiro.com.br\/site\/\",\"name\":\"PORTAL DE NOT\u00cdCIAS CLEITON PINHEIRO\",\"description\":\"FALANDO A VERDADE\",\"publisher\":{\"@id\":\"https:\/\/cleitonpinheiro.com.br\/site\/#organization\"},\"potentialAction\":[{\"@type\":\"SearchAction\",\"target\":{\"@type\":\"EntryPoint\",\"urlTemplate\":\"https:\/\/cleitonpinheiro.com.br\/site\/?s={search_term_string}\"},\"query-input\":{\"@type\":\"PropertyValueSpecification\",\"valueRequired\":true,\"valueName\":\"search_term_string\"}}],\"inLanguage\":\"pt-BR\"},{\"@type\":\"Organization\",\"@id\":\"https:\/\/cleitonpinheiro.com.br\/site\/#organization\",\"name\":\"CPNOT\u00cdCIAS\",\"url\":\"https:\/\/cleitonpinheiro.com.br\/site\/\",\"logo\":{\"@type\":\"ImageObject\",\"inLanguage\":\"pt-BR\",\"@id\":\"https:\/\/cleitonpinheiro.com.br\/site\/#\/schema\/logo\/image\/\",\"url\":\"https:\/\/cleitonpinheiro.com.br\/site\/wp-content\/uploads\/2022\/08\/Logo-pequena-2.png\",\"contentUrl\":\"https:\/\/cleitonpinheiro.com.br\/site\/wp-content\/uploads\/2022\/08\/Logo-pequena-2.png\",\"width\":500,\"height\":500,\"caption\":\"CPNOT\u00cdCIAS\"},\"image\":{\"@id\":\"https:\/\/cleitonpinheiro.com.br\/site\/#\/schema\/logo\/image\/\"},\"sameAs\":[\"https:\/\/www.facebook.com\/portalcpnoticias\/\"]},{\"@type\":\"Person\",\"@id\":\"https:\/\/cleitonpinheiro.com.br\/site\/#\/schema\/person\/8f04544e0bc40a1b68775b08360f87db\",\"name\":\"Reda\u00e7\u00e3o CP\",\"image\":{\"@type\":\"ImageObject\",\"inLanguage\":\"pt-BR\",\"@id\":\"https:\/\/cleitonpinheiro.com.br\/site\/#\/schema\/person\/image\/\",\"url\":\"https:\/\/secure.gravatar.com\/avatar\/0bcf19cb29fdc8fc588c490c7ae1b3e174dac268586a63fbe1d1893a0f9020cd?s=96&r=g\",\"contentUrl\":\"https:\/\/secure.gravatar.com\/avatar\/0bcf19cb29fdc8fc588c490c7ae1b3e174dac268586a63fbe1d1893a0f9020cd?s=96&r=g\",\"caption\":\"Reda\u00e7\u00e3o CP\"},\"url\":\"https:\/\/cleitonpinheiro.com.br\/site\/author\/redacao\/\"}]}<\/script>\n<!-- \/ Yoast SEO plugin. -->","yoast_head_json":{"title":"Moraes manda soltar 90 presos nos atos golpistas de 8 de janeiro - PORTAL DE NOT\u00cdCIAS CLEITON PINHEIRO","robots":{"index":"index","follow":"follow","max-snippet":"max-snippet:-1","max-image-preview":"max-image-preview:large","max-video-preview":"max-video-preview:-1"},"canonical":"https:\/\/cleitonpinheiro.com.br\/site\/moraes-manda-soltar-90-presos-nos-atos-golpistas-de-8-de-janeiro\/","og_locale":"pt_BR","og_type":"article","og_title":"Moraes manda soltar 90 presos nos atos golpistas de 8 de janeiro - PORTAL DE NOT\u00cdCIAS CLEITON PINHEIRO","og_description":"Decis\u00e3o do ministro Alexandre de Moraes beneficou 37 mulheres e 53 homens","og_url":"https:\/\/cleitonpinheiro.com.br\/site\/moraes-manda-soltar-90-presos-nos-atos-golpistas-de-8-de-janeiro\/","og_site_name":"PORTAL DE NOT\u00cdCIAS CLEITON PINHEIRO","article_publisher":"https:\/\/www.facebook.com\/portalcpnoticias\/","article_published_time":"2023-08-08T13:37:33+00:00","article_modified_time":"2023-08-08T13:37:41+00:00","og_image":[{"width":799,"height":533,"url":"https:\/\/cleitonpinheiro.com.br\/site\/wp-content\/uploads\/2023\/08\/53071818820_09ace18d57_c.jpg","type":"image\/jpeg"}],"author":"Reda\u00e7\u00e3o CP","twitter_card":"summary_large_image","twitter_misc":{"Escrito por":"Reda\u00e7\u00e3o CP","Est. tempo de leitura":"2 minutos"},"schema":{"@context":"https:\/\/schema.org","@graph":[{"@type":"Article","@id":"https:\/\/cleitonpinheiro.com.br\/site\/moraes-manda-soltar-90-presos-nos-atos-golpistas-de-8-de-janeiro\/#article","isPartOf":{"@id":"https:\/\/cleitonpinheiro.com.br\/site\/moraes-manda-soltar-90-presos-nos-atos-golpistas-de-8-de-janeiro\/"},"author":{"name":"Reda\u00e7\u00e3o CP","@id":"https:\/\/cleitonpinheiro.com.br\/site\/#\/schema\/person\/8f04544e0bc40a1b68775b08360f87db"},"headline":"Moraes manda soltar 90 presos nos atos golpistas de 8 de janeiro","datePublished":"2023-08-08T13:37:33+00:00","dateModified":"2023-08-08T13:37:41+00:00","mainEntityOfPage":{"@id":"https:\/\/cleitonpinheiro.com.br\/site\/moraes-manda-soltar-90-presos-nos-atos-golpistas-de-8-de-janeiro\/"},"wordCount":168,"commentCount":0,"publisher":{"@id":"https:\/\/cleitonpinheiro.com.br\/site\/#organization"},"image":{"@id":"https:\/\/cleitonpinheiro.com.br\/site\/moraes-manda-soltar-90-presos-nos-atos-golpistas-de-8-de-janeiro\/#primaryimage"},"thumbnailUrl":"https:\/\/cleitonpinheiro.com.br\/site\/wp-content\/uploads\/2023\/08\/53071818820_09ace18d57_c.jpg","keywords":["Alexandre de Moraes","Golpe 8 de janeiro","STF"],"articleSection":["BRASIL \/ MUNDO","MANCHETE SEGUND\u00c1RIA"],"inLanguage":"pt-BR","potentialAction":[{"@type":"CommentAction","name":"Comment","target":["https:\/\/cleitonpinheiro.com.br\/site\/moraes-manda-soltar-90-presos-nos-atos-golpistas-de-8-de-janeiro\/#respond"]}]},{"@type":"WebPage","@id":"https:\/\/cleitonpinheiro.com.br\/site\/moraes-manda-soltar-90-presos-nos-atos-golpistas-de-8-de-janeiro\/","url":"https:\/\/cleitonpinheiro.com.br\/site\/moraes-manda-soltar-90-presos-nos-atos-golpistas-de-8-de-janeiro\/","name":"Moraes manda soltar 90 presos nos atos golpistas de 8 de janeiro - PORTAL DE NOT\u00cdCIAS CLEITON PINHEIRO","isPartOf":{"@id":"https:\/\/cleitonpinheiro.com.br\/site\/#website"},"primaryImageOfPage":{"@id":"https:\/\/cleitonpinheiro.com.br\/site\/moraes-manda-soltar-90-presos-nos-atos-golpistas-de-8-de-janeiro\/#primaryimage"},"image":{"@id":"https:\/\/cleitonpinheiro.com.br\/site\/moraes-manda-soltar-90-presos-nos-atos-golpistas-de-8-de-janeiro\/#primaryimage"},"thumbnailUrl":"https:\/\/cleitonpinheiro.com.br\/site\/wp-content\/uploads\/2023\/08\/53071818820_09ace18d57_c.jpg","datePublished":"2023-08-08T13:37:33+00:00","dateModified":"2023-08-08T13:37:41+00:00","breadcrumb":{"@id":"https:\/\/cleitonpinheiro.com.br\/site\/moraes-manda-soltar-90-presos-nos-atos-golpistas-de-8-de-janeiro\/#breadcrumb"},"inLanguage":"pt-BR","potentialAction":[{"@type":"ReadAction","target":["https:\/\/cleitonpinheiro.com.br\/site\/moraes-manda-soltar-90-presos-nos-atos-golpistas-de-8-de-janeiro\/"]}]},{"@type":"ImageObject","inLanguage":"pt-BR","@id":"https:\/\/cleitonpinheiro.com.br\/site\/moraes-manda-soltar-90-presos-nos-atos-golpistas-de-8-de-janeiro\/#primaryimage","url":"","contentUrl":""},{"@type":"BreadcrumbList","@id":"https:\/\/cleitonpinheiro.com.br\/site\/moraes-manda-soltar-90-presos-nos-atos-golpistas-de-8-de-janeiro\/#breadcrumb","itemListElement":[{"@type":"ListItem","position":1,"name":"In\u00edcio","item":"https:\/\/cleitonpinheiro.com.br\/site\/"},{"@type":"ListItem","position":2,"name":"Moraes manda soltar 90 presos nos atos golpistas de 8 de janeiro"}]},{"@type":"WebSite","@id":"https:\/\/cleitonpinheiro.com.br\/site\/#website","url":"https:\/\/cleitonpinheiro.com.br\/site\/","name":"PORTAL DE NOT\u00cdCIAS CLEITON PINHEIRO","description":"FALANDO A VERDADE","publisher":{"@id":"https:\/\/cleitonpinheiro.com.br\/site\/#organization"},"potentialAction":[{"@type":"SearchAction","target":{"@type":"EntryPoint","urlTemplate":"https:\/\/cleitonpinheiro.com.br\/site\/?s={search_term_string}"},"query-input":{"@type":"PropertyValueSpecification","valueRequired":true,"valueName":"search_term_string"}}],"inLanguage":"pt-BR"},{"@type":"Organization","@id":"https:\/\/cleitonpinheiro.com.br\/site\/#organization","name":"CPNOT\u00cdCIAS","url":"https:\/\/cleitonpinheiro.com.br\/site\/","logo":{"@type":"ImageObject","inLanguage":"pt-BR","@id":"https:\/\/cleitonpinheiro.com.br\/site\/#\/schema\/logo\/image\/","url":"https:\/\/cleitonpinheiro.com.br\/site\/wp-content\/uploads\/2022\/08\/Logo-pequena-2.png","contentUrl":"https:\/\/cleitonpinheiro.com.br\/site\/wp-content\/uploads\/2022\/08\/Logo-pequena-2.png","width":500,"height":500,"caption":"CPNOT\u00cdCIAS"},"image":{"@id":"https:\/\/cleitonpinheiro.com.br\/site\/#\/schema\/logo\/image\/"},"sameAs":["https:\/\/www.facebook.com\/portalcpnoticias\/"]},{"@type":"Person","@id":"https:\/\/cleitonpinheiro.com.br\/site\/#\/schema\/person\/8f04544e0bc40a1b68775b08360f87db","name":"Reda\u00e7\u00e3o CP","image":{"@type":"ImageObject","inLanguage":"pt-BR","@id":"https:\/\/cleitonpinheiro.com.br\/site\/#\/schema\/person\/image\/","url":"https:\/\/secure.gravatar.com\/avatar\/0bcf19cb29fdc8fc588c490c7ae1b3e174dac268586a63fbe1d1893a0f9020cd?s=96&r=g","contentUrl":"https:\/\/secure.gravatar.com\/avatar\/0bcf19cb29fdc8fc588c490c7ae1b3e174dac268586a63fbe1d1893a0f9020cd?s=96&r=g","caption":"Reda\u00e7\u00e3o CP"},"url":"https:\/\/cleitonpinheiro.com.br\/site\/author\/redacao\/"}]}},"views":204,"_links":{"self":[{"href":"https:\/\/cleitonpinheiro.com.br\/site\/wp-json\/wp\/v2\/posts\/73296","targetHints":{"allow":["GET"]}}],"collection":[{"href":"https:\/\/cleitonpinheiro.com.br\/site\/wp-json\/wp\/v2\/posts"}],"about":[{"href":"https:\/\/cleitonpinheiro.com.br\/site\/wp-json\/wp\/v2\/types\/post"}],"author":[{"embeddable":true,"href":"https:\/\/cleitonpinheiro.com.br\/site\/wp-json\/wp\/v2\/users\/13"}],"replies":[{"embeddable":true,"href":"https:\/\/cleitonpinheiro.com.br\/site\/wp-json\/wp\/v2\/comments?post=73296"}],"version-history":[{"count":2,"href":"https:\/\/cleitonpinheiro.com.br\/site\/wp-json\/wp\/v2\/posts\/73296\/revisions"}],"predecessor-version":[{"id":73305,"href":"https:\/\/cleitonpinheiro.com.br\/site\/wp-json\/wp\/v2\/posts\/73296\/revisions\/73305"}],"wp:attachment":[{"href":"https:\/\/cleitonpinheiro.com.br\/site\/wp-json\/wp\/v2\/media?parent=73296"}],"wp:term":[{"taxonomy":"category","embeddable":true,"href":"https:\/\/cleitonpinheiro.com.br\/site\/wp-json\/wp\/v2\/categories?post=73296"},{"taxonomy":"post_tag","embeddable":true,"href":"https:\/\/cleitonpinheiro.com.br\/site\/wp-json\/wp\/v2\/tags?post=73296"}],"curies":[{"name":"wp","href":"https:\/\/api.w.org\/{rel}","templated":true}]}}