{"id":73309,"date":"2023-08-08T10:50:02","date_gmt":"2023-08-08T13:50:02","guid":{"rendered":"https:\/\/cleitonpinheiro.com.br\/site\/?p=73309"},"modified":"2023-08-17T09:51:12","modified_gmt":"2023-08-17T12:51:12","slug":"idec-mostra-que-reajustes-de-planos-de-saude-coletivos-quase-dobraram","status":"publish","type":"post","link":"https:\/\/cleitonpinheiro.com.br\/site\/idec-mostra-que-reajustes-de-planos-de-saude-coletivos-quase-dobraram\/","title":{"rendered":"Idec mostra que reajustes de planos de sa\u00fade coletivos quase dobraram"},"content":{"rendered":"\n<figure class=\"wp-block-image size-full\"><img decoding=\"async\" src=\"https:\/\/cleitonpinheiro.com.br\/site\/wp-content\/uploads\/2023\/08\/hospital.jpg\" alt=\"\" class=\"wp-image-73310\"\/><figcaption class=\"wp-element-caption\">Aumento sobre os individuais foram expressivos nos \u00faltimos cinco anos &#8211; Foto: Marcello Casal\/Ag\u00eancia Brasil<\/figcaption><\/figure>\n\n\n\n<p class=\"wp-block-paragraph\"><strong>Da Ag\u00eancia Brasil<\/strong><\/p>\n\n\n\n<p class=\"wp-block-paragraph\">Pesquisa realizada pelo Instituto Brasileiro de Defesa do Consumidor (Idec) mostra\u00a0que, nos \u00faltimos cinco anos, os reajustes dos planos de sa\u00fade coletivos chegaram a ser quase duas vezes maiores que os dos\u00a0individuais.<img decoding=\"async\" src=\"https:\/\/agenciabrasil.ebc.com.br\/ebc.png?id=1547811&amp;o=node\"><img decoding=\"async\" src=\"https:\/\/agenciabrasil.ebc.com.br\/ebc.gif?id=1547811&amp;o=node\"><\/p>\n\n\n\n<p class=\"wp-block-paragraph\">Segundo o estudo, quase todas as categorias de planos coletivos tiveram reajustes m\u00e9dios consistentemente superiores aos individuais. Enquanto a varia\u00e7\u00e3o do pre\u00e7o m\u00e9dio de mensalidades de planos de sa\u00fade individuais, contratados em 2017 para a faixa et\u00e1ria de 39 a 44 anos, passou de R$ 522,55 para R$ 707,59 em 2022, os coletivos empresariais contratados para grupos com at\u00e9 29 pessoas (micro e pequenas empresas)&nbsp;sa\u00edram de R$ R$ 539,83 para R$ 984,44.<\/p>\n\n\n\n<p class=\"wp-block-paragraph\">Em 2017 somente os planos por ades\u00e3o eram mais em conta que os individuais, com pre\u00e7o inicial de R$ 485,03. No entanto, com o decorrer do tempo, eles acabaram se mostrando \u201cum mau neg\u00f3cio\u201d, segundo o Idec: em 2022, as mensalidades m\u00e9dias de contratos de at\u00e9 29 pessoas passaram a custar R$ 845,53, e as de contratos maiores, R$ 813,29.<\/p>\n\n\n\n<p class=\"wp-block-paragraph\">As mensalidades dos planos individuais cresceram 35,41% no per\u00edodo, enquanto as de planos coletivos apresentaram valores bem superiores: os coletivos empresariais, com 30 vidas ou mais, aumentaram 58,94%; os coletivos por ades\u00e3o, com 30 vidas ou mais, 67,68%; os coletivos por ades\u00e3o, com at\u00e9 29 vidas, 74,33%; e os coletivos empresariais, com at\u00e9 29 vidas, aumentaram 82,36%.<\/p>\n\n\n\n<p class=\"wp-block-paragraph\">Para o Idec, os aumentos t\u00eam sido desregulados,&nbsp;sem controle&nbsp;e t\u00eam afetado a vida da maior parte dos consumidores de planos de sa\u00fade, j\u00e1 que cerca de 80% deles&nbsp;s\u00e3o coletivos. Por isso, o Idec tem feito uma campanha, chamada de&nbsp;<a href=\"https:\/\/idec.org.br\/chega-de-aumento\" target=\"_blank\" rel=\"noreferrer noopener\">Chega de Aumento<\/a>.&nbsp;<\/p>\n\n\n\n<p class=\"wp-block-paragraph\">\u201cEssa pesquisa \u00e9 muito importante para mostrar como os planos coletivos acabam se tornando armadilha para grande parcela dos consumidores do pa\u00eds, que acreditam estar escolhendo a melhor alternativa quando contratam um plano de sa\u00fade. Com grande disponibilidade, ao contr\u00e1rio da oferta cada vez mais reduzida dos planos individuais, os coletivos dominam o mercado e acabam se tornando uma bomba-rel\u00f3gio que, ao longo do tempo, vai aumentando a chance de explodir\u201d, disse, em nota, Ana Carolina Navarrete, coordenadora do programa de sa\u00fade do Idec.<\/p>\n\n\n\n<p class=\"wp-block-paragraph\">Para os pesquisadores do instituto, a Ag\u00eancia Nacional de Sa\u00fade Suplementar (ANS) precisa criar limites para esses reajustes. Eles tamb\u00e9m sugerem que a ANS padronize as cl\u00e1usulas de reajuste em todos os contratos coletivos, estabele\u00e7a um par\u00e2metro de razoabilidade para os aumentos de pre\u00e7os de planos coletivos maiores de 30 vidas, pro\u00edba o cancelamento unilateral pelas empresas e estabele\u00e7a a obrigatoriedade de&nbsp;as operadoras venderem planos coletivos diretamente ao consumidor final, sem intermedia\u00e7\u00e3o das administradoras de benef\u00edcios.<\/p>\n\n\n\n<p class=\"wp-block-paragraph\">Procurada pela&nbsp;<strong>Ag\u00eancia Brasil<\/strong>, a ANS&nbsp;informou que \u201cregula e monitora os reajustes aplicados pelas operadoras a todos os tipos de planos\u201d e que \u201cas regras de defini\u00e7\u00e3o e de aplica\u00e7\u00e3o dos percentuais \u00e9 que variam de acordo com o tipo de contrata\u00e7\u00e3o do plano e com o tamanho das carteiras\u201d.<\/p>\n\n\n\n<p class=\"wp-block-paragraph\">A ag\u00eancia informou ainda que vem estudando mudan\u00e7as nas regras de reajuste de planos coletivos. \u201cEntretanto, n\u00e3o h\u00e1 pretens\u00e3o de regular o plano coletivo como o individual, mas de criar ferramentas de transpar\u00eancia e previsibilidade, o que estimularia a concorr\u00eancia, a discuss\u00e3o de pre\u00e7o e a qualidade\u201d,&nbsp;disse a ANS&nbsp;em nota.<\/p>\n\n\n\n<p class=\"wp-block-paragraph\">\u201cNo caso dos planos individuais ou familiares, em que a contrata\u00e7\u00e3o \u00e9 feita por pessoas f\u00edsicas, a ANS determina o percentual m\u00e1ximo que pode ser aplicado. A metodologia de c\u00e1lculo&nbsp;\u00e9 baseada na varia\u00e7\u00e3o das despesas m\u00e9dicas dos planos individuais de um ano para o outro, apuradas nas demonstra\u00e7\u00f5es cont\u00e1beis das operadoras e em um \u00edndice de infla\u00e7\u00e3o, trazendo mais transpar\u00eancia e previsibilidade ao \u00edndice de reajuste\u201d,&nbsp;explicou a ANS.<\/p>\n\n\n\n<p class=\"wp-block-paragraph\">\u201cPara os planos coletivos com at\u00e9 29 vidas, a ANS instituiu o agrupamento de contratos (<em>pool<\/em>&nbsp;de risco). Com essa medida, as operadoras devem reunir em um \u00fanico grupo todos os seus contratos coletivos com menos de 30 benefici\u00e1rios para aplica\u00e7\u00e3o do mesmo percentual de reajuste. O objetivo \u00e9 a dilui\u00e7\u00e3o do risco desses contratos para aplica\u00e7\u00e3o do reajuste ao consumidor, conferindo maior equil\u00edbrio no \u00edndice calculado em raz\u00e3o do maior n\u00famero de benefici\u00e1rios considerados\u201d, acrescentou&nbsp;a ANS.<\/p>\n\n\n\n<p class=\"wp-block-paragraph\">\u201cPara os planos coletivos com 30 ou mais benefici\u00e1rios, as cl\u00e1usulas de reajuste s\u00e3o estipuladas por livre negocia\u00e7\u00e3o entre a pessoa jur\u00eddica contratante e a operadora ou administradora de benef\u00edcios contratada. A justificativa do percentual proposto deve ser fundamentada pela operadora e seus c\u00e1lculos disponibilizados para confer\u00eancia pela pessoa jur\u00eddica contratante\u201d, explicou&nbsp;a ag\u00eancia.<\/p>\n\n\n\n<p class=\"wp-block-paragraph\">A ANS ressaltou que a sociedade pode acompanhar os reajustes aplicados aos planos por meio do painel din\u00e2mico&nbsp;<a href=\"https:\/\/www.gov.br\/ans\/pt-br\/assuntos\/consumidor\/reajuste-variacao-de-mensalidade\" target=\"_blank\" rel=\"noreferrer noopener\">Reajuste de Planos Coletivos<\/a>. Por essa ferramenta, o consumidor poder\u00e1 verificar e comparar os \u00edndices aplicados pelas operadoras.&nbsp;<\/p>\n","protected":false},"excerpt":{"rendered":"<p>Da Ag\u00eancia Brasil Pesquisa realizada pelo Instituto Brasileiro de Defesa do Consumidor (Idec) mostra\u00a0que, nos \u00faltimos cinco anos, os reajustes dos planos de sa\u00fade coletivos chegaram a ser quase duas vezes maiores que os dos\u00a0individuais. Segundo o estudo, quase todas as categorias de planos coletivos tiveram reajustes m\u00e9dios consistentemente superiores aos individuais. Enquanto a varia\u00e7\u00e3o [&hellip;]<\/p>\n","protected":false},"author":13,"featured_media":0,"comment_status":"open","ping_status":"open","sticky":false,"template":"","format":"standard","meta":{"_acf_changed":false,"footnotes":""},"categories":[19,898],"tags":[1105,303,1106],"class_list":["post-73309","post","type-post","status-publish","format-standard","hentry","category-brasil-mundo","category-manchete-segundaria","tag-idec","tag-planos-de-saude","tag-reajustes"],"acf":[],"yoast_head":"<!-- This site is optimized with the Yoast SEO plugin v24.4 - https:\/\/yoast.com\/wordpress\/plugins\/seo\/ -->\n<title>Idec mostra que reajustes de planos de sa\u00fade coletivos quase dobraram - PORTAL DE NOT\u00cdCIAS CLEITON PINHEIRO<\/title>\n<meta name=\"robots\" content=\"index, follow, max-snippet:-1, max-image-preview:large, max-video-preview:-1\" \/>\n<link rel=\"canonical\" href=\"https:\/\/cleitonpinheiro.com.br\/site\/idec-mostra-que-reajustes-de-planos-de-saude-coletivos-quase-dobraram\/\" \/>\n<meta property=\"og:locale\" content=\"pt_BR\" \/>\n<meta property=\"og:type\" content=\"article\" \/>\n<meta property=\"og:title\" content=\"Idec mostra que reajustes de planos de sa\u00fade coletivos quase dobraram - PORTAL DE NOT\u00cdCIAS CLEITON PINHEIRO\" \/>\n<meta property=\"og:description\" content=\"Da Ag\u00eancia Brasil Pesquisa realizada pelo Instituto Brasileiro de Defesa do Consumidor (Idec) mostra\u00a0que, nos \u00faltimos cinco anos, os reajustes dos planos de sa\u00fade coletivos chegaram a ser quase duas vezes maiores que os dos\u00a0individuais. Segundo o estudo, quase todas as categorias de planos coletivos tiveram reajustes m\u00e9dios consistentemente superiores aos individuais. Enquanto a varia\u00e7\u00e3o [&hellip;]\" \/>\n<meta property=\"og:url\" content=\"https:\/\/cleitonpinheiro.com.br\/site\/idec-mostra-que-reajustes-de-planos-de-saude-coletivos-quase-dobraram\/\" \/>\n<meta property=\"og:site_name\" content=\"PORTAL DE NOT\u00cdCIAS CLEITON PINHEIRO\" \/>\n<meta property=\"article:publisher\" content=\"https:\/\/www.facebook.com\/portalcpnoticias\/\" \/>\n<meta property=\"article:published_time\" content=\"2023-08-08T13:50:02+00:00\" \/>\n<meta property=\"article:modified_time\" content=\"2023-08-17T12:51:12+00:00\" \/>\n<meta property=\"og:image\" content=\"https:\/\/cleitonpinheiro.com.br\/site\/wp-content\/uploads\/2023\/08\/hospital.jpg\" \/>\n\t<meta property=\"og:image:width\" content=\"1170\" \/>\n\t<meta property=\"og:image:height\" content=\"700\" \/>\n\t<meta property=\"og:image:type\" content=\"image\/jpeg\" \/>\n<meta name=\"author\" content=\"Reda\u00e7\u00e3o CP\" \/>\n<meta name=\"twitter:card\" content=\"summary_large_image\" \/>\n<meta name=\"twitter:label1\" content=\"Escrito por\" \/>\n\t<meta name=\"twitter:data1\" content=\"Reda\u00e7\u00e3o CP\" \/>\n\t<meta name=\"twitter:label2\" content=\"Est. tempo de leitura\" \/>\n\t<meta name=\"twitter:data2\" content=\"5 minutos\" \/>\n<script type=\"application\/ld+json\" class=\"yoast-schema-graph\">{\"@context\":\"https:\/\/schema.org\",\"@graph\":[{\"@type\":\"Article\",\"@id\":\"https:\/\/cleitonpinheiro.com.br\/site\/idec-mostra-que-reajustes-de-planos-de-saude-coletivos-quase-dobraram\/#article\",\"isPartOf\":{\"@id\":\"https:\/\/cleitonpinheiro.com.br\/site\/idec-mostra-que-reajustes-de-planos-de-saude-coletivos-quase-dobraram\/\"},\"author\":{\"name\":\"Reda\u00e7\u00e3o CP\",\"@id\":\"https:\/\/cleitonpinheiro.com.br\/site\/#\/schema\/person\/8f04544e0bc40a1b68775b08360f87db\"},\"headline\":\"Idec mostra que reajustes de planos de sa\u00fade coletivos quase dobraram\",\"datePublished\":\"2023-08-08T13:50:02+00:00\",\"dateModified\":\"2023-08-17T12:51:12+00:00\",\"mainEntityOfPage\":{\"@id\":\"https:\/\/cleitonpinheiro.com.br\/site\/idec-mostra-que-reajustes-de-planos-de-saude-coletivos-quase-dobraram\/\"},\"wordCount\":864,\"commentCount\":0,\"publisher\":{\"@id\":\"https:\/\/cleitonpinheiro.com.br\/site\/#organization\"},\"image\":{\"@id\":\"https:\/\/cleitonpinheiro.com.br\/site\/idec-mostra-que-reajustes-de-planos-de-saude-coletivos-quase-dobraram\/#primaryimage\"},\"thumbnailUrl\":\"https:\/\/cleitonpinheiro.com.br\/site\/wp-content\/uploads\/2023\/08\/hospital.jpg\",\"keywords\":[\"Idec\",\"Planos de Sa\u00fade\",\"reajustes\"],\"articleSection\":[\"BRASIL \/ MUNDO\",\"MANCHETE SEGUND\u00c1RIA\"],\"inLanguage\":\"pt-BR\",\"potentialAction\":[{\"@type\":\"CommentAction\",\"name\":\"Comment\",\"target\":[\"https:\/\/cleitonpinheiro.com.br\/site\/idec-mostra-que-reajustes-de-planos-de-saude-coletivos-quase-dobraram\/#respond\"]}]},{\"@type\":\"WebPage\",\"@id\":\"https:\/\/cleitonpinheiro.com.br\/site\/idec-mostra-que-reajustes-de-planos-de-saude-coletivos-quase-dobraram\/\",\"url\":\"https:\/\/cleitonpinheiro.com.br\/site\/idec-mostra-que-reajustes-de-planos-de-saude-coletivos-quase-dobraram\/\",\"name\":\"Idec mostra que reajustes de planos de sa\u00fade coletivos quase dobraram - PORTAL DE NOT\u00cdCIAS CLEITON PINHEIRO\",\"isPartOf\":{\"@id\":\"https:\/\/cleitonpinheiro.com.br\/site\/#website\"},\"primaryImageOfPage\":{\"@id\":\"https:\/\/cleitonpinheiro.com.br\/site\/idec-mostra-que-reajustes-de-planos-de-saude-coletivos-quase-dobraram\/#primaryimage\"},\"image\":{\"@id\":\"https:\/\/cleitonpinheiro.com.br\/site\/idec-mostra-que-reajustes-de-planos-de-saude-coletivos-quase-dobraram\/#primaryimage\"},\"thumbnailUrl\":\"https:\/\/cleitonpinheiro.com.br\/site\/wp-content\/uploads\/2023\/08\/hospital.jpg\",\"datePublished\":\"2023-08-08T13:50:02+00:00\",\"dateModified\":\"2023-08-17T12:51:12+00:00\",\"breadcrumb\":{\"@id\":\"https:\/\/cleitonpinheiro.com.br\/site\/idec-mostra-que-reajustes-de-planos-de-saude-coletivos-quase-dobraram\/#breadcrumb\"},\"inLanguage\":\"pt-BR\",\"potentialAction\":[{\"@type\":\"ReadAction\",\"target\":[\"https:\/\/cleitonpinheiro.com.br\/site\/idec-mostra-que-reajustes-de-planos-de-saude-coletivos-quase-dobraram\/\"]}]},{\"@type\":\"ImageObject\",\"inLanguage\":\"pt-BR\",\"@id\":\"https:\/\/cleitonpinheiro.com.br\/site\/idec-mostra-que-reajustes-de-planos-de-saude-coletivos-quase-dobraram\/#primaryimage\",\"url\":\"\",\"contentUrl\":\"\"},{\"@type\":\"BreadcrumbList\",\"@id\":\"https:\/\/cleitonpinheiro.com.br\/site\/idec-mostra-que-reajustes-de-planos-de-saude-coletivos-quase-dobraram\/#breadcrumb\",\"itemListElement\":[{\"@type\":\"ListItem\",\"position\":1,\"name\":\"In\u00edcio\",\"item\":\"https:\/\/cleitonpinheiro.com.br\/site\/\"},{\"@type\":\"ListItem\",\"position\":2,\"name\":\"Idec mostra que reajustes de planos de sa\u00fade coletivos quase dobraram\"}]},{\"@type\":\"WebSite\",\"@id\":\"https:\/\/cleitonpinheiro.com.br\/site\/#website\",\"url\":\"https:\/\/cleitonpinheiro.com.br\/site\/\",\"name\":\"PORTAL DE NOT\u00cdCIAS CLEITON PINHEIRO\",\"description\":\"FALANDO A VERDADE\",\"publisher\":{\"@id\":\"https:\/\/cleitonpinheiro.com.br\/site\/#organization\"},\"potentialAction\":[{\"@type\":\"SearchAction\",\"target\":{\"@type\":\"EntryPoint\",\"urlTemplate\":\"https:\/\/cleitonpinheiro.com.br\/site\/?s={search_term_string}\"},\"query-input\":{\"@type\":\"PropertyValueSpecification\",\"valueRequired\":true,\"valueName\":\"search_term_string\"}}],\"inLanguage\":\"pt-BR\"},{\"@type\":\"Organization\",\"@id\":\"https:\/\/cleitonpinheiro.com.br\/site\/#organization\",\"name\":\"CPNOT\u00cdCIAS\",\"url\":\"https:\/\/cleitonpinheiro.com.br\/site\/\",\"logo\":{\"@type\":\"ImageObject\",\"inLanguage\":\"pt-BR\",\"@id\":\"https:\/\/cleitonpinheiro.com.br\/site\/#\/schema\/logo\/image\/\",\"url\":\"https:\/\/cleitonpinheiro.com.br\/site\/wp-content\/uploads\/2022\/08\/Logo-pequena-2.png\",\"contentUrl\":\"https:\/\/cleitonpinheiro.com.br\/site\/wp-content\/uploads\/2022\/08\/Logo-pequena-2.png\",\"width\":500,\"height\":500,\"caption\":\"CPNOT\u00cdCIAS\"},\"image\":{\"@id\":\"https:\/\/cleitonpinheiro.com.br\/site\/#\/schema\/logo\/image\/\"},\"sameAs\":[\"https:\/\/www.facebook.com\/portalcpnoticias\/\"]},{\"@type\":\"Person\",\"@id\":\"https:\/\/cleitonpinheiro.com.br\/site\/#\/schema\/person\/8f04544e0bc40a1b68775b08360f87db\",\"name\":\"Reda\u00e7\u00e3o CP\",\"image\":{\"@type\":\"ImageObject\",\"inLanguage\":\"pt-BR\",\"@id\":\"https:\/\/cleitonpinheiro.com.br\/site\/#\/schema\/person\/image\/\",\"url\":\"https:\/\/secure.gravatar.com\/avatar\/0bcf19cb29fdc8fc588c490c7ae1b3e174dac268586a63fbe1d1893a0f9020cd?s=96&r=g\",\"contentUrl\":\"https:\/\/secure.gravatar.com\/avatar\/0bcf19cb29fdc8fc588c490c7ae1b3e174dac268586a63fbe1d1893a0f9020cd?s=96&r=g\",\"caption\":\"Reda\u00e7\u00e3o CP\"},\"url\":\"https:\/\/cleitonpinheiro.com.br\/site\/author\/redacao\/\"}]}<\/script>\n<!-- \/ Yoast SEO plugin. -->","yoast_head_json":{"title":"Idec mostra que reajustes de planos de sa\u00fade coletivos quase dobraram - PORTAL DE NOT\u00cdCIAS CLEITON PINHEIRO","robots":{"index":"index","follow":"follow","max-snippet":"max-snippet:-1","max-image-preview":"max-image-preview:large","max-video-preview":"max-video-preview:-1"},"canonical":"https:\/\/cleitonpinheiro.com.br\/site\/idec-mostra-que-reajustes-de-planos-de-saude-coletivos-quase-dobraram\/","og_locale":"pt_BR","og_type":"article","og_title":"Idec mostra que reajustes de planos de sa\u00fade coletivos quase dobraram - PORTAL DE NOT\u00cdCIAS CLEITON PINHEIRO","og_description":"Da Ag\u00eancia Brasil Pesquisa realizada pelo Instituto Brasileiro de Defesa do Consumidor (Idec) mostra\u00a0que, nos \u00faltimos cinco anos, os reajustes dos planos de sa\u00fade coletivos chegaram a ser quase duas vezes maiores que os dos\u00a0individuais. Segundo o estudo, quase todas as categorias de planos coletivos tiveram reajustes m\u00e9dios consistentemente superiores aos individuais. Enquanto a varia\u00e7\u00e3o [&hellip;]","og_url":"https:\/\/cleitonpinheiro.com.br\/site\/idec-mostra-que-reajustes-de-planos-de-saude-coletivos-quase-dobraram\/","og_site_name":"PORTAL DE NOT\u00cdCIAS CLEITON PINHEIRO","article_publisher":"https:\/\/www.facebook.com\/portalcpnoticias\/","article_published_time":"2023-08-08T13:50:02+00:00","article_modified_time":"2023-08-17T12:51:12+00:00","og_image":[{"width":1170,"height":700,"url":"https:\/\/cleitonpinheiro.com.br\/site\/wp-content\/uploads\/2023\/08\/hospital.jpg","type":"image\/jpeg"}],"author":"Reda\u00e7\u00e3o CP","twitter_card":"summary_large_image","twitter_misc":{"Escrito por":"Reda\u00e7\u00e3o CP","Est. tempo de leitura":"5 minutos"},"schema":{"@context":"https:\/\/schema.org","@graph":[{"@type":"Article","@id":"https:\/\/cleitonpinheiro.com.br\/site\/idec-mostra-que-reajustes-de-planos-de-saude-coletivos-quase-dobraram\/#article","isPartOf":{"@id":"https:\/\/cleitonpinheiro.com.br\/site\/idec-mostra-que-reajustes-de-planos-de-saude-coletivos-quase-dobraram\/"},"author":{"name":"Reda\u00e7\u00e3o CP","@id":"https:\/\/cleitonpinheiro.com.br\/site\/#\/schema\/person\/8f04544e0bc40a1b68775b08360f87db"},"headline":"Idec mostra que reajustes de planos de sa\u00fade coletivos quase dobraram","datePublished":"2023-08-08T13:50:02+00:00","dateModified":"2023-08-17T12:51:12+00:00","mainEntityOfPage":{"@id":"https:\/\/cleitonpinheiro.com.br\/site\/idec-mostra-que-reajustes-de-planos-de-saude-coletivos-quase-dobraram\/"},"wordCount":864,"commentCount":0,"publisher":{"@id":"https:\/\/cleitonpinheiro.com.br\/site\/#organization"},"image":{"@id":"https:\/\/cleitonpinheiro.com.br\/site\/idec-mostra-que-reajustes-de-planos-de-saude-coletivos-quase-dobraram\/#primaryimage"},"thumbnailUrl":"https:\/\/cleitonpinheiro.com.br\/site\/wp-content\/uploads\/2023\/08\/hospital.jpg","keywords":["Idec","Planos de Sa\u00fade","reajustes"],"articleSection":["BRASIL \/ MUNDO","MANCHETE SEGUND\u00c1RIA"],"inLanguage":"pt-BR","potentialAction":[{"@type":"CommentAction","name":"Comment","target":["https:\/\/cleitonpinheiro.com.br\/site\/idec-mostra-que-reajustes-de-planos-de-saude-coletivos-quase-dobraram\/#respond"]}]},{"@type":"WebPage","@id":"https:\/\/cleitonpinheiro.com.br\/site\/idec-mostra-que-reajustes-de-planos-de-saude-coletivos-quase-dobraram\/","url":"https:\/\/cleitonpinheiro.com.br\/site\/idec-mostra-que-reajustes-de-planos-de-saude-coletivos-quase-dobraram\/","name":"Idec mostra que reajustes de planos de sa\u00fade coletivos quase dobraram - PORTAL DE NOT\u00cdCIAS CLEITON PINHEIRO","isPartOf":{"@id":"https:\/\/cleitonpinheiro.com.br\/site\/#website"},"primaryImageOfPage":{"@id":"https:\/\/cleitonpinheiro.com.br\/site\/idec-mostra-que-reajustes-de-planos-de-saude-coletivos-quase-dobraram\/#primaryimage"},"image":{"@id":"https:\/\/cleitonpinheiro.com.br\/site\/idec-mostra-que-reajustes-de-planos-de-saude-coletivos-quase-dobraram\/#primaryimage"},"thumbnailUrl":"https:\/\/cleitonpinheiro.com.br\/site\/wp-content\/uploads\/2023\/08\/hospital.jpg","datePublished":"2023-08-08T13:50:02+00:00","dateModified":"2023-08-17T12:51:12+00:00","breadcrumb":{"@id":"https:\/\/cleitonpinheiro.com.br\/site\/idec-mostra-que-reajustes-de-planos-de-saude-coletivos-quase-dobraram\/#breadcrumb"},"inLanguage":"pt-BR","potentialAction":[{"@type":"ReadAction","target":["https:\/\/cleitonpinheiro.com.br\/site\/idec-mostra-que-reajustes-de-planos-de-saude-coletivos-quase-dobraram\/"]}]},{"@type":"ImageObject","inLanguage":"pt-BR","@id":"https:\/\/cleitonpinheiro.com.br\/site\/idec-mostra-que-reajustes-de-planos-de-saude-coletivos-quase-dobraram\/#primaryimage","url":"","contentUrl":""},{"@type":"BreadcrumbList","@id":"https:\/\/cleitonpinheiro.com.br\/site\/idec-mostra-que-reajustes-de-planos-de-saude-coletivos-quase-dobraram\/#breadcrumb","itemListElement":[{"@type":"ListItem","position":1,"name":"In\u00edcio","item":"https:\/\/cleitonpinheiro.com.br\/site\/"},{"@type":"ListItem","position":2,"name":"Idec mostra que reajustes de planos de sa\u00fade coletivos quase dobraram"}]},{"@type":"WebSite","@id":"https:\/\/cleitonpinheiro.com.br\/site\/#website","url":"https:\/\/cleitonpinheiro.com.br\/site\/","name":"PORTAL DE NOT\u00cdCIAS CLEITON PINHEIRO","description":"FALANDO A VERDADE","publisher":{"@id":"https:\/\/cleitonpinheiro.com.br\/site\/#organization"},"potentialAction":[{"@type":"SearchAction","target":{"@type":"EntryPoint","urlTemplate":"https:\/\/cleitonpinheiro.com.br\/site\/?s={search_term_string}"},"query-input":{"@type":"PropertyValueSpecification","valueRequired":true,"valueName":"search_term_string"}}],"inLanguage":"pt-BR"},{"@type":"Organization","@id":"https:\/\/cleitonpinheiro.com.br\/site\/#organization","name":"CPNOT\u00cdCIAS","url":"https:\/\/cleitonpinheiro.com.br\/site\/","logo":{"@type":"ImageObject","inLanguage":"pt-BR","@id":"https:\/\/cleitonpinheiro.com.br\/site\/#\/schema\/logo\/image\/","url":"https:\/\/cleitonpinheiro.com.br\/site\/wp-content\/uploads\/2022\/08\/Logo-pequena-2.png","contentUrl":"https:\/\/cleitonpinheiro.com.br\/site\/wp-content\/uploads\/2022\/08\/Logo-pequena-2.png","width":500,"height":500,"caption":"CPNOT\u00cdCIAS"},"image":{"@id":"https:\/\/cleitonpinheiro.com.br\/site\/#\/schema\/logo\/image\/"},"sameAs":["https:\/\/www.facebook.com\/portalcpnoticias\/"]},{"@type":"Person","@id":"https:\/\/cleitonpinheiro.com.br\/site\/#\/schema\/person\/8f04544e0bc40a1b68775b08360f87db","name":"Reda\u00e7\u00e3o CP","image":{"@type":"ImageObject","inLanguage":"pt-BR","@id":"https:\/\/cleitonpinheiro.com.br\/site\/#\/schema\/person\/image\/","url":"https:\/\/secure.gravatar.com\/avatar\/0bcf19cb29fdc8fc588c490c7ae1b3e174dac268586a63fbe1d1893a0f9020cd?s=96&r=g","contentUrl":"https:\/\/secure.gravatar.com\/avatar\/0bcf19cb29fdc8fc588c490c7ae1b3e174dac268586a63fbe1d1893a0f9020cd?s=96&r=g","caption":"Reda\u00e7\u00e3o CP"},"url":"https:\/\/cleitonpinheiro.com.br\/site\/author\/redacao\/"}]}},"views":336,"_links":{"self":[{"href":"https:\/\/cleitonpinheiro.com.br\/site\/wp-json\/wp\/v2\/posts\/73309","targetHints":{"allow":["GET"]}}],"collection":[{"href":"https:\/\/cleitonpinheiro.com.br\/site\/wp-json\/wp\/v2\/posts"}],"about":[{"href":"https:\/\/cleitonpinheiro.com.br\/site\/wp-json\/wp\/v2\/types\/post"}],"author":[{"embeddable":true,"href":"https:\/\/cleitonpinheiro.com.br\/site\/wp-json\/wp\/v2\/users\/13"}],"replies":[{"embeddable":true,"href":"https:\/\/cleitonpinheiro.com.br\/site\/wp-json\/wp\/v2\/comments?post=73309"}],"version-history":[{"count":1,"href":"https:\/\/cleitonpinheiro.com.br\/site\/wp-json\/wp\/v2\/posts\/73309\/revisions"}],"predecessor-version":[{"id":73311,"href":"https:\/\/cleitonpinheiro.com.br\/site\/wp-json\/wp\/v2\/posts\/73309\/revisions\/73311"}],"wp:attachment":[{"href":"https:\/\/cleitonpinheiro.com.br\/site\/wp-json\/wp\/v2\/media?parent=73309"}],"wp:term":[{"taxonomy":"category","embeddable":true,"href":"https:\/\/cleitonpinheiro.com.br\/site\/wp-json\/wp\/v2\/categories?post=73309"},{"taxonomy":"post_tag","embeddable":true,"href":"https:\/\/cleitonpinheiro.com.br\/site\/wp-json\/wp\/v2\/tags?post=73309"}],"curies":[{"name":"wp","href":"https:\/\/api.w.org\/{rel}","templated":true}]}}