{"id":73312,"date":"2023-08-08T10:51:49","date_gmt":"2023-08-08T13:51:49","guid":{"rendered":"https:\/\/cleitonpinheiro.com.br\/site\/?p=73312"},"modified":"2023-08-08T10:51:52","modified_gmt":"2023-08-08T13:51:52","slug":"lula-cupula-da-amazonia-e-marco-na-discussao-do-clima","status":"publish","type":"post","link":"https:\/\/cleitonpinheiro.com.br\/site\/lula-cupula-da-amazonia-e-marco-na-discussao-do-clima\/","title":{"rendered":"Lula: C\u00fapula da Amaz\u00f4nia \u00e9 marco na discuss\u00e3o do clima\u00a0"},"content":{"rendered":"\n<figure class=\"wp-block-image size-full\"><img decoding=\"async\" src=\"https:\/\/cleitonpinheiro.com.br\/site\/wp-content\/uploads\/2023\/08\/conv_08.jpg\" alt=\"\" class=\"wp-image-73313\"\/><figcaption class=\"wp-element-caption\">Afirma\u00e7\u00e3o foi feita em programa semanal, antes de abrir encontro &#8211; Foto: reprodu\u00e7\u00e3o<\/figcaption><\/figure>\n\n\n\n<p class=\"wp-block-paragraph\"><strong>Da Ag\u00eancia Brasil<\/strong><\/p>\n\n\n\n<p class=\"wp-block-paragraph\">Pouco antes de abrir a C\u00fapula da Amaz\u00f4nia, em Bel\u00e9m, o presidente Luiz In\u00e1cio Lula da Silva disse nesta ter\u00e7a-feira (8) que o evento configura um marco na discuss\u00e3o sobre clima. Em seu programa semanal Conversa com o Presidente, transmitido pelo Canal Gov, ele lembrou que mais de 27 mil pessoas participaram das discuss\u00f5es pr\u00e9vias ao encontro, incluindo representantes de entidades, movimentos sociais, academia, centros de pesquisa e ag\u00eancias governamentais do Brasil e demais pa\u00edses amaz\u00f4nicos.\u00a0<img decoding=\"async\" src=\"https:\/\/agenciabrasil.ebc.com.br\/ebc.png?id=1547826&amp;o=node\"><img decoding=\"async\" src=\"https:\/\/agenciabrasil.ebc.com.br\/ebc.gif?id=1547826&amp;o=node\"><\/p>\n\n\n\n<p class=\"wp-block-paragraph\">A C\u00fapula da Amaz\u00f4nia re\u00fane pa\u00edses-membros da Organiza\u00e7\u00e3o do Tratado de Coopera\u00e7\u00e3o Amaz\u00f4nica (OTCA), criada em 1978 e que h\u00e1 14 anos n\u00e3o se reunia. Formada por Brasil, Bol\u00edvia, Col\u00f4mbia, Equador, Guiana, Peru, Suriname e Venezuela, a OTCA forma o \u00fanico bloco socioambiental da Am\u00e9rica Latina. Tamb\u00e9m foram convidados para a c\u00fapula a Guiana Francesa, que det\u00e9m territ\u00f3rios amaz\u00f4nicos, Indon\u00e9sia, Rep\u00fablica do Congo e Rep\u00fablica Democr\u00e1tica do Congo, pa\u00edses com grandes florestas tropicais.&nbsp;<\/p>\n\n\n\n<p class=\"wp-block-paragraph\">\u201cA hist\u00f3ria da defesa da Amaz\u00f4nia e da floresta, da transi\u00e7\u00e3o ecol\u00f3gica, vai ter dois momentos: antes e depois desse encontro. Porque esse encontro \u00e9 a coisa mais forte j\u00e1 feita em defesa da quest\u00e3o do clima\u201d, disse Lula, durante o programa. \u201cA ideia b\u00e1sica \u00e9 a gente sair daqui preparado para, de forma unificada, todos os pa\u00edses que t\u00eam floresta terem uma posi\u00e7\u00e3o comum nos Emirados \u00c1rabes durante a COP28 e mudar a discuss\u00e3o\u201d, completou.&nbsp;<\/p>\n\n\n\n<h2 class=\"wp-block-heading\">Agenda&nbsp;<\/h2>\n\n\n\n<p class=\"wp-block-paragraph\">Lula cumpre agenda na Regi\u00e3o Norte desde a semana passada. Agora de&nbsp;manh\u00e3, ele se re\u00fane com chefes de Estado dos pa\u00edses da OTCA, seguida de almo\u00e7o. No in\u00edcio da tarde,&nbsp;tem encontro bilateral com o presidente da Bol\u00edvia, Luis Arce. \u00c0s 15h, participa de debate geral com discursos dos mandat\u00e1rios. Em seguida, deve ser divulgada a Declara\u00e7\u00e3o de Bel\u00e9m, documento com as diretrizes aprovadas na c\u00fapula.<\/p>\n","protected":false},"excerpt":{"rendered":"<p>Pouco antes de abrir a C\u00fapula da Amaz\u00f4nia, em Bel\u00e9m, o presidente Luiz In\u00e1cio Lula da Silva disse nesta ter\u00e7a-feira (8) que o evento configura um marco na discuss\u00e3o sobre clima<\/p>\n","protected":false},"author":13,"featured_media":0,"comment_status":"open","ping_status":"open","sticky":false,"template":"","format":"standard","meta":{"_acf_changed":false,"footnotes":""},"categories":[19,898],"tags":[584],"class_list":["post-73312","post","type-post","status-publish","format-standard","hentry","category-brasil-mundo","category-manchete-segundaria","tag-lula"],"acf":[],"yoast_head":"<!-- This site is optimized with the Yoast SEO plugin v24.4 - https:\/\/yoast.com\/wordpress\/plugins\/seo\/ -->\n<title>Lula: C\u00fapula da Amaz\u00f4nia \u00e9 marco na discuss\u00e3o do clima\u00a0 - PORTAL DE NOT\u00cdCIAS CLEITON PINHEIRO<\/title>\n<meta name=\"robots\" content=\"index, follow, max-snippet:-1, max-image-preview:large, max-video-preview:-1\" \/>\n<link rel=\"canonical\" href=\"https:\/\/cleitonpinheiro.com.br\/site\/lula-cupula-da-amazonia-e-marco-na-discussao-do-clima\/\" \/>\n<meta property=\"og:locale\" content=\"pt_BR\" \/>\n<meta property=\"og:type\" content=\"article\" \/>\n<meta property=\"og:title\" content=\"Lula: C\u00fapula da Amaz\u00f4nia \u00e9 marco na discuss\u00e3o do clima\u00a0 - PORTAL DE NOT\u00cdCIAS CLEITON PINHEIRO\" \/>\n<meta property=\"og:description\" content=\"Pouco antes de abrir a C\u00fapula da Amaz\u00f4nia, em Bel\u00e9m, o presidente Luiz In\u00e1cio Lula da Silva disse nesta ter\u00e7a-feira (8) que o evento configura um marco na discuss\u00e3o sobre clima\" \/>\n<meta property=\"og:url\" content=\"https:\/\/cleitonpinheiro.com.br\/site\/lula-cupula-da-amazonia-e-marco-na-discussao-do-clima\/\" \/>\n<meta property=\"og:site_name\" content=\"PORTAL DE NOT\u00cdCIAS CLEITON PINHEIRO\" \/>\n<meta property=\"article:publisher\" content=\"https:\/\/www.facebook.com\/portalcpnoticias\/\" \/>\n<meta property=\"article:published_time\" content=\"2023-08-08T13:51:49+00:00\" \/>\n<meta property=\"article:modified_time\" content=\"2023-08-08T13:51:52+00:00\" \/>\n<meta property=\"og:image\" content=\"https:\/\/cleitonpinheiro.com.br\/site\/wp-content\/uploads\/2023\/08\/conv_08.jpg\" \/>\n\t<meta property=\"og:image:width\" content=\"1170\" \/>\n\t<meta property=\"og:image:height\" content=\"700\" \/>\n\t<meta property=\"og:image:type\" content=\"image\/jpeg\" \/>\n<meta name=\"author\" content=\"Reda\u00e7\u00e3o CP\" \/>\n<meta name=\"twitter:card\" content=\"summary_large_image\" \/>\n<meta name=\"twitter:label1\" content=\"Escrito por\" \/>\n\t<meta name=\"twitter:data1\" content=\"Reda\u00e7\u00e3o CP\" \/>\n\t<meta name=\"twitter:label2\" content=\"Est. tempo de leitura\" \/>\n\t<meta name=\"twitter:data2\" content=\"3 minutos\" \/>\n<script type=\"application\/ld+json\" class=\"yoast-schema-graph\">{\"@context\":\"https:\/\/schema.org\",\"@graph\":[{\"@type\":\"Article\",\"@id\":\"https:\/\/cleitonpinheiro.com.br\/site\/lula-cupula-da-amazonia-e-marco-na-discussao-do-clima\/#article\",\"isPartOf\":{\"@id\":\"https:\/\/cleitonpinheiro.com.br\/site\/lula-cupula-da-amazonia-e-marco-na-discussao-do-clima\/\"},\"author\":{\"name\":\"Reda\u00e7\u00e3o CP\",\"@id\":\"https:\/\/cleitonpinheiro.com.br\/site\/#\/schema\/person\/8f04544e0bc40a1b68775b08360f87db\"},\"headline\":\"Lula: C\u00fapula da Amaz\u00f4nia \u00e9 marco na discuss\u00e3o do clima\u00a0\",\"datePublished\":\"2023-08-08T13:51:49+00:00\",\"dateModified\":\"2023-08-08T13:51:52+00:00\",\"mainEntityOfPage\":{\"@id\":\"https:\/\/cleitonpinheiro.com.br\/site\/lula-cupula-da-amazonia-e-marco-na-discussao-do-clima\/\"},\"wordCount\":375,\"commentCount\":0,\"publisher\":{\"@id\":\"https:\/\/cleitonpinheiro.com.br\/site\/#organization\"},\"image\":{\"@id\":\"https:\/\/cleitonpinheiro.com.br\/site\/lula-cupula-da-amazonia-e-marco-na-discussao-do-clima\/#primaryimage\"},\"thumbnailUrl\":\"https:\/\/cleitonpinheiro.com.br\/site\/wp-content\/uploads\/2023\/08\/conv_08.jpg\",\"keywords\":[\"Lula\"],\"articleSection\":[\"BRASIL \/ MUNDO\",\"MANCHETE SEGUND\u00c1RIA\"],\"inLanguage\":\"pt-BR\",\"potentialAction\":[{\"@type\":\"CommentAction\",\"name\":\"Comment\",\"target\":[\"https:\/\/cleitonpinheiro.com.br\/site\/lula-cupula-da-amazonia-e-marco-na-discussao-do-clima\/#respond\"]}]},{\"@type\":\"WebPage\",\"@id\":\"https:\/\/cleitonpinheiro.com.br\/site\/lula-cupula-da-amazonia-e-marco-na-discussao-do-clima\/\",\"url\":\"https:\/\/cleitonpinheiro.com.br\/site\/lula-cupula-da-amazonia-e-marco-na-discussao-do-clima\/\",\"name\":\"Lula: C\u00fapula da Amaz\u00f4nia \u00e9 marco na discuss\u00e3o do clima\u00a0 - PORTAL DE NOT\u00cdCIAS CLEITON PINHEIRO\",\"isPartOf\":{\"@id\":\"https:\/\/cleitonpinheiro.com.br\/site\/#website\"},\"primaryImageOfPage\":{\"@id\":\"https:\/\/cleitonpinheiro.com.br\/site\/lula-cupula-da-amazonia-e-marco-na-discussao-do-clima\/#primaryimage\"},\"image\":{\"@id\":\"https:\/\/cleitonpinheiro.com.br\/site\/lula-cupula-da-amazonia-e-marco-na-discussao-do-clima\/#primaryimage\"},\"thumbnailUrl\":\"https:\/\/cleitonpinheiro.com.br\/site\/wp-content\/uploads\/2023\/08\/conv_08.jpg\",\"datePublished\":\"2023-08-08T13:51:49+00:00\",\"dateModified\":\"2023-08-08T13:51:52+00:00\",\"breadcrumb\":{\"@id\":\"https:\/\/cleitonpinheiro.com.br\/site\/lula-cupula-da-amazonia-e-marco-na-discussao-do-clima\/#breadcrumb\"},\"inLanguage\":\"pt-BR\",\"potentialAction\":[{\"@type\":\"ReadAction\",\"target\":[\"https:\/\/cleitonpinheiro.com.br\/site\/lula-cupula-da-amazonia-e-marco-na-discussao-do-clima\/\"]}]},{\"@type\":\"ImageObject\",\"inLanguage\":\"pt-BR\",\"@id\":\"https:\/\/cleitonpinheiro.com.br\/site\/lula-cupula-da-amazonia-e-marco-na-discussao-do-clima\/#primaryimage\",\"url\":\"\",\"contentUrl\":\"\"},{\"@type\":\"BreadcrumbList\",\"@id\":\"https:\/\/cleitonpinheiro.com.br\/site\/lula-cupula-da-amazonia-e-marco-na-discussao-do-clima\/#breadcrumb\",\"itemListElement\":[{\"@type\":\"ListItem\",\"position\":1,\"name\":\"In\u00edcio\",\"item\":\"https:\/\/cleitonpinheiro.com.br\/site\/\"},{\"@type\":\"ListItem\",\"position\":2,\"name\":\"Lula: C\u00fapula da Amaz\u00f4nia \u00e9 marco na discuss\u00e3o do clima\u00a0\"}]},{\"@type\":\"WebSite\",\"@id\":\"https:\/\/cleitonpinheiro.com.br\/site\/#website\",\"url\":\"https:\/\/cleitonpinheiro.com.br\/site\/\",\"name\":\"PORTAL DE NOT\u00cdCIAS CLEITON PINHEIRO\",\"description\":\"FALANDO A VERDADE\",\"publisher\":{\"@id\":\"https:\/\/cleitonpinheiro.com.br\/site\/#organization\"},\"potentialAction\":[{\"@type\":\"SearchAction\",\"target\":{\"@type\":\"EntryPoint\",\"urlTemplate\":\"https:\/\/cleitonpinheiro.com.br\/site\/?s={search_term_string}\"},\"query-input\":{\"@type\":\"PropertyValueSpecification\",\"valueRequired\":true,\"valueName\":\"search_term_string\"}}],\"inLanguage\":\"pt-BR\"},{\"@type\":\"Organization\",\"@id\":\"https:\/\/cleitonpinheiro.com.br\/site\/#organization\",\"name\":\"CPNOT\u00cdCIAS\",\"url\":\"https:\/\/cleitonpinheiro.com.br\/site\/\",\"logo\":{\"@type\":\"ImageObject\",\"inLanguage\":\"pt-BR\",\"@id\":\"https:\/\/cleitonpinheiro.com.br\/site\/#\/schema\/logo\/image\/\",\"url\":\"https:\/\/cleitonpinheiro.com.br\/site\/wp-content\/uploads\/2022\/08\/Logo-pequena-2.png\",\"contentUrl\":\"https:\/\/cleitonpinheiro.com.br\/site\/wp-content\/uploads\/2022\/08\/Logo-pequena-2.png\",\"width\":500,\"height\":500,\"caption\":\"CPNOT\u00cdCIAS\"},\"image\":{\"@id\":\"https:\/\/cleitonpinheiro.com.br\/site\/#\/schema\/logo\/image\/\"},\"sameAs\":[\"https:\/\/www.facebook.com\/portalcpnoticias\/\"]},{\"@type\":\"Person\",\"@id\":\"https:\/\/cleitonpinheiro.com.br\/site\/#\/schema\/person\/8f04544e0bc40a1b68775b08360f87db\",\"name\":\"Reda\u00e7\u00e3o CP\",\"image\":{\"@type\":\"ImageObject\",\"inLanguage\":\"pt-BR\",\"@id\":\"https:\/\/cleitonpinheiro.com.br\/site\/#\/schema\/person\/image\/\",\"url\":\"https:\/\/secure.gravatar.com\/avatar\/0bcf19cb29fdc8fc588c490c7ae1b3e174dac268586a63fbe1d1893a0f9020cd?s=96&r=g\",\"contentUrl\":\"https:\/\/secure.gravatar.com\/avatar\/0bcf19cb29fdc8fc588c490c7ae1b3e174dac268586a63fbe1d1893a0f9020cd?s=96&r=g\",\"caption\":\"Reda\u00e7\u00e3o CP\"},\"url\":\"https:\/\/cleitonpinheiro.com.br\/site\/author\/redacao\/\"}]}<\/script>\n<!-- \/ Yoast SEO plugin. -->","yoast_head_json":{"title":"Lula: C\u00fapula da Amaz\u00f4nia \u00e9 marco na discuss\u00e3o do clima\u00a0 - PORTAL DE NOT\u00cdCIAS CLEITON PINHEIRO","robots":{"index":"index","follow":"follow","max-snippet":"max-snippet:-1","max-image-preview":"max-image-preview:large","max-video-preview":"max-video-preview:-1"},"canonical":"https:\/\/cleitonpinheiro.com.br\/site\/lula-cupula-da-amazonia-e-marco-na-discussao-do-clima\/","og_locale":"pt_BR","og_type":"article","og_title":"Lula: C\u00fapula da Amaz\u00f4nia \u00e9 marco na discuss\u00e3o do clima\u00a0 - PORTAL DE NOT\u00cdCIAS CLEITON PINHEIRO","og_description":"Pouco antes de abrir a C\u00fapula da Amaz\u00f4nia, em Bel\u00e9m, o presidente Luiz In\u00e1cio Lula da Silva disse nesta ter\u00e7a-feira (8) que o evento configura um marco na discuss\u00e3o sobre clima","og_url":"https:\/\/cleitonpinheiro.com.br\/site\/lula-cupula-da-amazonia-e-marco-na-discussao-do-clima\/","og_site_name":"PORTAL DE NOT\u00cdCIAS CLEITON PINHEIRO","article_publisher":"https:\/\/www.facebook.com\/portalcpnoticias\/","article_published_time":"2023-08-08T13:51:49+00:00","article_modified_time":"2023-08-08T13:51:52+00:00","og_image":[{"width":1170,"height":700,"url":"https:\/\/cleitonpinheiro.com.br\/site\/wp-content\/uploads\/2023\/08\/conv_08.jpg","type":"image\/jpeg"}],"author":"Reda\u00e7\u00e3o CP","twitter_card":"summary_large_image","twitter_misc":{"Escrito por":"Reda\u00e7\u00e3o CP","Est. tempo de leitura":"3 minutos"},"schema":{"@context":"https:\/\/schema.org","@graph":[{"@type":"Article","@id":"https:\/\/cleitonpinheiro.com.br\/site\/lula-cupula-da-amazonia-e-marco-na-discussao-do-clima\/#article","isPartOf":{"@id":"https:\/\/cleitonpinheiro.com.br\/site\/lula-cupula-da-amazonia-e-marco-na-discussao-do-clima\/"},"author":{"name":"Reda\u00e7\u00e3o CP","@id":"https:\/\/cleitonpinheiro.com.br\/site\/#\/schema\/person\/8f04544e0bc40a1b68775b08360f87db"},"headline":"Lula: C\u00fapula da Amaz\u00f4nia \u00e9 marco na discuss\u00e3o do clima\u00a0","datePublished":"2023-08-08T13:51:49+00:00","dateModified":"2023-08-08T13:51:52+00:00","mainEntityOfPage":{"@id":"https:\/\/cleitonpinheiro.com.br\/site\/lula-cupula-da-amazonia-e-marco-na-discussao-do-clima\/"},"wordCount":375,"commentCount":0,"publisher":{"@id":"https:\/\/cleitonpinheiro.com.br\/site\/#organization"},"image":{"@id":"https:\/\/cleitonpinheiro.com.br\/site\/lula-cupula-da-amazonia-e-marco-na-discussao-do-clima\/#primaryimage"},"thumbnailUrl":"https:\/\/cleitonpinheiro.com.br\/site\/wp-content\/uploads\/2023\/08\/conv_08.jpg","keywords":["Lula"],"articleSection":["BRASIL \/ MUNDO","MANCHETE SEGUND\u00c1RIA"],"inLanguage":"pt-BR","potentialAction":[{"@type":"CommentAction","name":"Comment","target":["https:\/\/cleitonpinheiro.com.br\/site\/lula-cupula-da-amazonia-e-marco-na-discussao-do-clima\/#respond"]}]},{"@type":"WebPage","@id":"https:\/\/cleitonpinheiro.com.br\/site\/lula-cupula-da-amazonia-e-marco-na-discussao-do-clima\/","url":"https:\/\/cleitonpinheiro.com.br\/site\/lula-cupula-da-amazonia-e-marco-na-discussao-do-clima\/","name":"Lula: C\u00fapula da Amaz\u00f4nia \u00e9 marco na discuss\u00e3o do clima\u00a0 - PORTAL DE NOT\u00cdCIAS CLEITON PINHEIRO","isPartOf":{"@id":"https:\/\/cleitonpinheiro.com.br\/site\/#website"},"primaryImageOfPage":{"@id":"https:\/\/cleitonpinheiro.com.br\/site\/lula-cupula-da-amazonia-e-marco-na-discussao-do-clima\/#primaryimage"},"image":{"@id":"https:\/\/cleitonpinheiro.com.br\/site\/lula-cupula-da-amazonia-e-marco-na-discussao-do-clima\/#primaryimage"},"thumbnailUrl":"https:\/\/cleitonpinheiro.com.br\/site\/wp-content\/uploads\/2023\/08\/conv_08.jpg","datePublished":"2023-08-08T13:51:49+00:00","dateModified":"2023-08-08T13:51:52+00:00","breadcrumb":{"@id":"https:\/\/cleitonpinheiro.com.br\/site\/lula-cupula-da-amazonia-e-marco-na-discussao-do-clima\/#breadcrumb"},"inLanguage":"pt-BR","potentialAction":[{"@type":"ReadAction","target":["https:\/\/cleitonpinheiro.com.br\/site\/lula-cupula-da-amazonia-e-marco-na-discussao-do-clima\/"]}]},{"@type":"ImageObject","inLanguage":"pt-BR","@id":"https:\/\/cleitonpinheiro.com.br\/site\/lula-cupula-da-amazonia-e-marco-na-discussao-do-clima\/#primaryimage","url":"","contentUrl":""},{"@type":"BreadcrumbList","@id":"https:\/\/cleitonpinheiro.com.br\/site\/lula-cupula-da-amazonia-e-marco-na-discussao-do-clima\/#breadcrumb","itemListElement":[{"@type":"ListItem","position":1,"name":"In\u00edcio","item":"https:\/\/cleitonpinheiro.com.br\/site\/"},{"@type":"ListItem","position":2,"name":"Lula: C\u00fapula da Amaz\u00f4nia \u00e9 marco na discuss\u00e3o do clima\u00a0"}]},{"@type":"WebSite","@id":"https:\/\/cleitonpinheiro.com.br\/site\/#website","url":"https:\/\/cleitonpinheiro.com.br\/site\/","name":"PORTAL DE NOT\u00cdCIAS CLEITON PINHEIRO","description":"FALANDO A VERDADE","publisher":{"@id":"https:\/\/cleitonpinheiro.com.br\/site\/#organization"},"potentialAction":[{"@type":"SearchAction","target":{"@type":"EntryPoint","urlTemplate":"https:\/\/cleitonpinheiro.com.br\/site\/?s={search_term_string}"},"query-input":{"@type":"PropertyValueSpecification","valueRequired":true,"valueName":"search_term_string"}}],"inLanguage":"pt-BR"},{"@type":"Organization","@id":"https:\/\/cleitonpinheiro.com.br\/site\/#organization","name":"CPNOT\u00cdCIAS","url":"https:\/\/cleitonpinheiro.com.br\/site\/","logo":{"@type":"ImageObject","inLanguage":"pt-BR","@id":"https:\/\/cleitonpinheiro.com.br\/site\/#\/schema\/logo\/image\/","url":"https:\/\/cleitonpinheiro.com.br\/site\/wp-content\/uploads\/2022\/08\/Logo-pequena-2.png","contentUrl":"https:\/\/cleitonpinheiro.com.br\/site\/wp-content\/uploads\/2022\/08\/Logo-pequena-2.png","width":500,"height":500,"caption":"CPNOT\u00cdCIAS"},"image":{"@id":"https:\/\/cleitonpinheiro.com.br\/site\/#\/schema\/logo\/image\/"},"sameAs":["https:\/\/www.facebook.com\/portalcpnoticias\/"]},{"@type":"Person","@id":"https:\/\/cleitonpinheiro.com.br\/site\/#\/schema\/person\/8f04544e0bc40a1b68775b08360f87db","name":"Reda\u00e7\u00e3o CP","image":{"@type":"ImageObject","inLanguage":"pt-BR","@id":"https:\/\/cleitonpinheiro.com.br\/site\/#\/schema\/person\/image\/","url":"https:\/\/secure.gravatar.com\/avatar\/0bcf19cb29fdc8fc588c490c7ae1b3e174dac268586a63fbe1d1893a0f9020cd?s=96&r=g","contentUrl":"https:\/\/secure.gravatar.com\/avatar\/0bcf19cb29fdc8fc588c490c7ae1b3e174dac268586a63fbe1d1893a0f9020cd?s=96&r=g","caption":"Reda\u00e7\u00e3o CP"},"url":"https:\/\/cleitonpinheiro.com.br\/site\/author\/redacao\/"}]}},"views":280,"_links":{"self":[{"href":"https:\/\/cleitonpinheiro.com.br\/site\/wp-json\/wp\/v2\/posts\/73312","targetHints":{"allow":["GET"]}}],"collection":[{"href":"https:\/\/cleitonpinheiro.com.br\/site\/wp-json\/wp\/v2\/posts"}],"about":[{"href":"https:\/\/cleitonpinheiro.com.br\/site\/wp-json\/wp\/v2\/types\/post"}],"author":[{"embeddable":true,"href":"https:\/\/cleitonpinheiro.com.br\/site\/wp-json\/wp\/v2\/users\/13"}],"replies":[{"embeddable":true,"href":"https:\/\/cleitonpinheiro.com.br\/site\/wp-json\/wp\/v2\/comments?post=73312"}],"version-history":[{"count":1,"href":"https:\/\/cleitonpinheiro.com.br\/site\/wp-json\/wp\/v2\/posts\/73312\/revisions"}],"predecessor-version":[{"id":73314,"href":"https:\/\/cleitonpinheiro.com.br\/site\/wp-json\/wp\/v2\/posts\/73312\/revisions\/73314"}],"wp:attachment":[{"href":"https:\/\/cleitonpinheiro.com.br\/site\/wp-json\/wp\/v2\/media?parent=73312"}],"wp:term":[{"taxonomy":"category","embeddable":true,"href":"https:\/\/cleitonpinheiro.com.br\/site\/wp-json\/wp\/v2\/categories?post=73312"},{"taxonomy":"post_tag","embeddable":true,"href":"https:\/\/cleitonpinheiro.com.br\/site\/wp-json\/wp\/v2\/tags?post=73312"}],"curies":[{"name":"wp","href":"https:\/\/api.w.org\/{rel}","templated":true}]}}