{"id":73315,"date":"2023-08-08T15:15:19","date_gmt":"2023-08-08T18:15:19","guid":{"rendered":"https:\/\/cleitonpinheiro.com.br\/site\/?p=73315"},"modified":"2023-08-10T20:42:26","modified_gmt":"2023-08-10T23:42:26","slug":"prefeitura-de-palmas-realiza-cadastro-de-instituicoes-e-protetores-dos-animais","status":"publish","type":"post","link":"https:\/\/cleitonpinheiro.com.br\/site\/prefeitura-de-palmas-realiza-cadastro-de-instituicoes-e-protetores-dos-animais\/","title":{"rendered":"Prefeitura de Palmas realiza cadastro de institui\u00e7\u00f5es e protetores dos animais"},"content":{"rendered":"\n<figure class=\"wp-block-image size-full\"><img decoding=\"async\" src=\"https:\/\/cleitonpinheiro.com.br\/site\/wp-content\/uploads\/2023\/08\/2795b8d63fb849bf89dff08af0d76c92.png\" alt=\"\" class=\"wp-image-73318\"\/><\/figure>\n\n\n\n<p class=\"wp-block-paragraph\">A Secretaria Municipal da Sa\u00fade (Semus) e a Funda\u00e7\u00e3o Municipal de Meio Ambiente (FMA) realizam cadastro de Organiza\u00e7\u00f5es N\u00e3o Governamentais (ONGs), Organiza\u00e7\u00f5es de Sociedade Civil (OSCs) e protetores independentes de&nbsp;animais dom\u00e9sticos. O objetivo \u00e9 levantar dados sobre as entidades e os servi\u00e7os prestados para a elabora\u00e7\u00e3o de pol\u00edticas p\u00fablicas municipais de prote\u00e7\u00e3o e defesa do bem-estar animal.&nbsp;A Gest\u00e3o Municipal chama todos os envolvidos para participarem do levantamento de informa\u00e7\u00f5es.<\/p>\n\n\n\n<p class=\"wp-block-paragraph\">O cadastro ser\u00e1 feio via Google Forms, por dois formul\u00e1rios diferentes. Um \u00e9 destinado para as&nbsp;<a href=\"https:\/\/docs.google.com\/forms\/d\/e\/1FAIpQLSdXn3-7LOyePYPWUuH3NaPQdOUQf0--6A4LUHG-MdjIZXU2vQ\/viewform\" target=\"_blank\" rel=\"noreferrer noopener\">ONGs e OSCs<\/a>&nbsp;e o outro para&nbsp;<a href=\"https:\/\/docs.google.com\/forms\/d\/e\/1FAIpQLSdiJp99ltbXxpN1irmZ3nUvCYGkpaLEKCbCIGn79oKLf9jnsQ\/viewform\" target=\"_blank\" rel=\"noreferrer noopener\">protetores independentes de animais<\/a>. Dentre os dados solicitados, est\u00e3o os documentos das institui\u00e7\u00f5es e documentos pessoais, perfil dos animais acolhidos, natureza do trabalho ofertado, informa\u00e7\u00f5es sobre o abrigo, dentre outros.<\/p>\n\n\n\n<p class=\"wp-block-paragraph\">As informa\u00e7\u00f5es coletadas ser\u00e3o utilizadas na elabora\u00e7\u00e3o do plano de a\u00e7\u00e3o que est\u00e1 sendo coordenado pelo Grupo de Trabalho de Prote\u00e7\u00e3o, Defesa e Bem-estar animal. A Gest\u00e3o Municipal estuda criar uma comiss\u00e3o mais ampla para adotar a\u00e7\u00f5es imediatas em rela\u00e7\u00e3o ao aumento dos animais abandonados em Palmas, somado ao grande n\u00famero de ocorr\u00eancias de maus tratos, buscando medidas de prote\u00e7\u00e3o e defesa do bem-estar animal.<\/p>\n\n\n\n<p class=\"wp-block-paragraph\">Para Auriman Cavalcante, gerente da Unidade de Vigil\u00e2ncia e Controle de Zoonoses (UVCZ) da Semus, a iniciativa do Poder P\u00fablico municipal demonstra a preocupa\u00e7\u00e3o com a pauta. \u201cO envolvimento de diversas institui\u00e7\u00f5es se configura como necess\u00e1rio, uma vez que o tema exige esfor\u00e7os de diferentes atores envolvidos, como meio ambiente, sa\u00fade, guarda municipal, educa\u00e7\u00e3o e assist\u00eancia social.\u201d<\/p>\n\n\n\n<p class=\"wp-block-paragraph\">A presidente da FMA, Meire Carreira, explicou que o cadastro foi colocado como meta pelo GT de Prote\u00e7\u00e3o Animal, em um conjunto de a\u00e7\u00f5es a serem executadas a curto prazo. \u201cEste \u00e9 um passo importante para conhecimento da atua\u00e7\u00e3o e situa\u00e7\u00e3o. E, certamente, ir\u00e1 nos pautar nas defini\u00e7\u00f5es de pol\u00edticas p\u00fablicas voltadas ao bem-estar e defesa dos animais no munic\u00edpio.\u201d<\/p>\n\n\n\n<p class=\"wp-block-paragraph\">A Prefeitura de Palmas destaca a exist\u00eancia da Lei Federal n.\u00ba 9.605, de 12 de fevereiro de 1998, e da Lei Municipal n\u00ba 2.468, de 10 de junho de 2019, que pro\u00edbe a pr\u00e1tica de maus tratos e crueldades contra animais.<\/p>\n","protected":false},"excerpt":{"rendered":"<p>A Secretaria Municipal da Sa\u00fade (Semus) e a Funda\u00e7\u00e3o Municipal de Meio Ambiente (FMA) realizam cadastro de Organiza\u00e7\u00f5es N\u00e3o Governamentais (ONGs), Organiza\u00e7\u00f5es de Sociedade Civil (OSCs) e protetores independentes de&nbsp;animais dom\u00e9sticos. O objetivo \u00e9 levantar dados sobre as entidades e os servi\u00e7os prestados para a elabora\u00e7\u00e3o de pol\u00edticas p\u00fablicas municipais de prote\u00e7\u00e3o e defesa do [&hellip;]<\/p>\n","protected":false},"author":13,"featured_media":0,"comment_status":"open","ping_status":"open","sticky":false,"template":"","format":"standard","meta":{"_acf_changed":false,"footnotes":""},"categories":[22,898],"tags":[1119,1118,720,1120],"class_list":["post-73315","post","type-post","status-publish","format-standard","hentry","category-cidades","category-manchete-segundaria","tag-cadastro","tag-ong","tag-prefeitura-de-palmas","tag-protetores-de-animais"],"acf":[],"yoast_head":"<!-- This site is optimized with the Yoast SEO plugin v24.4 - https:\/\/yoast.com\/wordpress\/plugins\/seo\/ -->\n<title>Prefeitura de Palmas realiza cadastro de institui\u00e7\u00f5es e protetores dos animais - PORTAL DE NOT\u00cdCIAS CLEITON PINHEIRO<\/title>\n<meta name=\"robots\" content=\"index, follow, max-snippet:-1, max-image-preview:large, max-video-preview:-1\" \/>\n<link rel=\"canonical\" href=\"https:\/\/cleitonpinheiro.com.br\/site\/prefeitura-de-palmas-realiza-cadastro-de-instituicoes-e-protetores-dos-animais\/\" \/>\n<meta property=\"og:locale\" content=\"pt_BR\" \/>\n<meta property=\"og:type\" content=\"article\" \/>\n<meta property=\"og:title\" content=\"Prefeitura de Palmas realiza cadastro de institui\u00e7\u00f5es e protetores dos animais - PORTAL DE NOT\u00cdCIAS CLEITON PINHEIRO\" \/>\n<meta property=\"og:description\" content=\"A Secretaria Municipal da Sa\u00fade (Semus) e a Funda\u00e7\u00e3o Municipal de Meio Ambiente (FMA) realizam cadastro de Organiza\u00e7\u00f5es N\u00e3o Governamentais (ONGs), Organiza\u00e7\u00f5es de Sociedade Civil (OSCs) e protetores independentes de&nbsp;animais dom\u00e9sticos. O objetivo \u00e9 levantar dados sobre as entidades e os servi\u00e7os prestados para a elabora\u00e7\u00e3o de pol\u00edticas p\u00fablicas municipais de prote\u00e7\u00e3o e defesa do [&hellip;]\" \/>\n<meta property=\"og:url\" content=\"https:\/\/cleitonpinheiro.com.br\/site\/prefeitura-de-palmas-realiza-cadastro-de-instituicoes-e-protetores-dos-animais\/\" \/>\n<meta property=\"og:site_name\" content=\"PORTAL DE NOT\u00cdCIAS CLEITON PINHEIRO\" \/>\n<meta property=\"article:publisher\" content=\"https:\/\/www.facebook.com\/portalcpnoticias\/\" \/>\n<meta property=\"article:published_time\" content=\"2023-08-08T18:15:19+00:00\" \/>\n<meta property=\"article:modified_time\" content=\"2023-08-10T23:42:26+00:00\" \/>\n<meta property=\"og:image\" content=\"https:\/\/cleitonpinheiro.com.br\/site\/wp-content\/uploads\/2023\/08\/IMG_20230326_155427191_HDR-1-1.jpg\" \/>\n\t<meta property=\"og:image:width\" content=\"4000\" \/>\n\t<meta property=\"og:image:height\" content=\"3000\" \/>\n\t<meta property=\"og:image:type\" content=\"image\/jpeg\" \/>\n<meta name=\"author\" content=\"Reda\u00e7\u00e3o CP\" \/>\n<meta name=\"twitter:card\" content=\"summary_large_image\" \/>\n<meta name=\"twitter:label1\" content=\"Escrito por\" \/>\n\t<meta name=\"twitter:data1\" content=\"Reda\u00e7\u00e3o CP\" \/>\n\t<meta name=\"twitter:label2\" content=\"Est. tempo de leitura\" \/>\n\t<meta name=\"twitter:data2\" content=\"3 minutos\" \/>\n<script type=\"application\/ld+json\" class=\"yoast-schema-graph\">{\"@context\":\"https:\/\/schema.org\",\"@graph\":[{\"@type\":\"Article\",\"@id\":\"https:\/\/cleitonpinheiro.com.br\/site\/prefeitura-de-palmas-realiza-cadastro-de-instituicoes-e-protetores-dos-animais\/#article\",\"isPartOf\":{\"@id\":\"https:\/\/cleitonpinheiro.com.br\/site\/prefeitura-de-palmas-realiza-cadastro-de-instituicoes-e-protetores-dos-animais\/\"},\"author\":{\"name\":\"Reda\u00e7\u00e3o CP\",\"@id\":\"https:\/\/cleitonpinheiro.com.br\/site\/#\/schema\/person\/8f04544e0bc40a1b68775b08360f87db\"},\"headline\":\"Prefeitura de Palmas realiza cadastro de institui\u00e7\u00f5es e protetores dos animais\",\"datePublished\":\"2023-08-08T18:15:19+00:00\",\"dateModified\":\"2023-08-10T23:42:26+00:00\",\"mainEntityOfPage\":{\"@id\":\"https:\/\/cleitonpinheiro.com.br\/site\/prefeitura-de-palmas-realiza-cadastro-de-instituicoes-e-protetores-dos-animais\/\"},\"wordCount\":404,\"commentCount\":0,\"publisher\":{\"@id\":\"https:\/\/cleitonpinheiro.com.br\/site\/#organization\"},\"image\":{\"@id\":\"https:\/\/cleitonpinheiro.com.br\/site\/prefeitura-de-palmas-realiza-cadastro-de-instituicoes-e-protetores-dos-animais\/#primaryimage\"},\"thumbnailUrl\":\"https:\/\/cleitonpinheiro.com.br\/site\/wp-content\/uploads\/2023\/08\/2795b8d63fb849bf89dff08af0d76c92.png\",\"keywords\":[\"cadastro\",\"ONG\",\"Prefeitura de Palmas\",\"protetores de animais\"],\"articleSection\":[\"CIDADES\",\"MANCHETE SEGUND\u00c1RIA\"],\"inLanguage\":\"pt-BR\",\"potentialAction\":[{\"@type\":\"CommentAction\",\"name\":\"Comment\",\"target\":[\"https:\/\/cleitonpinheiro.com.br\/site\/prefeitura-de-palmas-realiza-cadastro-de-instituicoes-e-protetores-dos-animais\/#respond\"]}]},{\"@type\":\"WebPage\",\"@id\":\"https:\/\/cleitonpinheiro.com.br\/site\/prefeitura-de-palmas-realiza-cadastro-de-instituicoes-e-protetores-dos-animais\/\",\"url\":\"https:\/\/cleitonpinheiro.com.br\/site\/prefeitura-de-palmas-realiza-cadastro-de-instituicoes-e-protetores-dos-animais\/\",\"name\":\"Prefeitura de Palmas realiza cadastro de institui\u00e7\u00f5es e protetores dos animais - PORTAL DE NOT\u00cdCIAS CLEITON PINHEIRO\",\"isPartOf\":{\"@id\":\"https:\/\/cleitonpinheiro.com.br\/site\/#website\"},\"primaryImageOfPage\":{\"@id\":\"https:\/\/cleitonpinheiro.com.br\/site\/prefeitura-de-palmas-realiza-cadastro-de-instituicoes-e-protetores-dos-animais\/#primaryimage\"},\"image\":{\"@id\":\"https:\/\/cleitonpinheiro.com.br\/site\/prefeitura-de-palmas-realiza-cadastro-de-instituicoes-e-protetores-dos-animais\/#primaryimage\"},\"thumbnailUrl\":\"https:\/\/cleitonpinheiro.com.br\/site\/wp-content\/uploads\/2023\/08\/2795b8d63fb849bf89dff08af0d76c92.png\",\"datePublished\":\"2023-08-08T18:15:19+00:00\",\"dateModified\":\"2023-08-10T23:42:26+00:00\",\"breadcrumb\":{\"@id\":\"https:\/\/cleitonpinheiro.com.br\/site\/prefeitura-de-palmas-realiza-cadastro-de-instituicoes-e-protetores-dos-animais\/#breadcrumb\"},\"inLanguage\":\"pt-BR\",\"potentialAction\":[{\"@type\":\"ReadAction\",\"target\":[\"https:\/\/cleitonpinheiro.com.br\/site\/prefeitura-de-palmas-realiza-cadastro-de-instituicoes-e-protetores-dos-animais\/\"]}]},{\"@type\":\"ImageObject\",\"inLanguage\":\"pt-BR\",\"@id\":\"https:\/\/cleitonpinheiro.com.br\/site\/prefeitura-de-palmas-realiza-cadastro-de-instituicoes-e-protetores-dos-animais\/#primaryimage\",\"url\":\"\",\"contentUrl\":\"\"},{\"@type\":\"BreadcrumbList\",\"@id\":\"https:\/\/cleitonpinheiro.com.br\/site\/prefeitura-de-palmas-realiza-cadastro-de-instituicoes-e-protetores-dos-animais\/#breadcrumb\",\"itemListElement\":[{\"@type\":\"ListItem\",\"position\":1,\"name\":\"In\u00edcio\",\"item\":\"https:\/\/cleitonpinheiro.com.br\/site\/\"},{\"@type\":\"ListItem\",\"position\":2,\"name\":\"Prefeitura de Palmas realiza cadastro de institui\u00e7\u00f5es e protetores dos animais\"}]},{\"@type\":\"WebSite\",\"@id\":\"https:\/\/cleitonpinheiro.com.br\/site\/#website\",\"url\":\"https:\/\/cleitonpinheiro.com.br\/site\/\",\"name\":\"PORTAL DE NOT\u00cdCIAS CLEITON PINHEIRO\",\"description\":\"FALANDO A VERDADE\",\"publisher\":{\"@id\":\"https:\/\/cleitonpinheiro.com.br\/site\/#organization\"},\"potentialAction\":[{\"@type\":\"SearchAction\",\"target\":{\"@type\":\"EntryPoint\",\"urlTemplate\":\"https:\/\/cleitonpinheiro.com.br\/site\/?s={search_term_string}\"},\"query-input\":{\"@type\":\"PropertyValueSpecification\",\"valueRequired\":true,\"valueName\":\"search_term_string\"}}],\"inLanguage\":\"pt-BR\"},{\"@type\":\"Organization\",\"@id\":\"https:\/\/cleitonpinheiro.com.br\/site\/#organization\",\"name\":\"CPNOT\u00cdCIAS\",\"url\":\"https:\/\/cleitonpinheiro.com.br\/site\/\",\"logo\":{\"@type\":\"ImageObject\",\"inLanguage\":\"pt-BR\",\"@id\":\"https:\/\/cleitonpinheiro.com.br\/site\/#\/schema\/logo\/image\/\",\"url\":\"https:\/\/cleitonpinheiro.com.br\/site\/wp-content\/uploads\/2022\/08\/Logo-pequena-2.png\",\"contentUrl\":\"https:\/\/cleitonpinheiro.com.br\/site\/wp-content\/uploads\/2022\/08\/Logo-pequena-2.png\",\"width\":500,\"height\":500,\"caption\":\"CPNOT\u00cdCIAS\"},\"image\":{\"@id\":\"https:\/\/cleitonpinheiro.com.br\/site\/#\/schema\/logo\/image\/\"},\"sameAs\":[\"https:\/\/www.facebook.com\/portalcpnoticias\/\"]},{\"@type\":\"Person\",\"@id\":\"https:\/\/cleitonpinheiro.com.br\/site\/#\/schema\/person\/8f04544e0bc40a1b68775b08360f87db\",\"name\":\"Reda\u00e7\u00e3o CP\",\"image\":{\"@type\":\"ImageObject\",\"inLanguage\":\"pt-BR\",\"@id\":\"https:\/\/cleitonpinheiro.com.br\/site\/#\/schema\/person\/image\/\",\"url\":\"https:\/\/secure.gravatar.com\/avatar\/0bcf19cb29fdc8fc588c490c7ae1b3e174dac268586a63fbe1d1893a0f9020cd?s=96&r=g\",\"contentUrl\":\"https:\/\/secure.gravatar.com\/avatar\/0bcf19cb29fdc8fc588c490c7ae1b3e174dac268586a63fbe1d1893a0f9020cd?s=96&r=g\",\"caption\":\"Reda\u00e7\u00e3o CP\"},\"url\":\"https:\/\/cleitonpinheiro.com.br\/site\/author\/redacao\/\"}]}<\/script>\n<!-- \/ Yoast SEO plugin. -->","yoast_head_json":{"title":"Prefeitura de Palmas realiza cadastro de institui\u00e7\u00f5es e protetores dos animais - PORTAL DE NOT\u00cdCIAS CLEITON PINHEIRO","robots":{"index":"index","follow":"follow","max-snippet":"max-snippet:-1","max-image-preview":"max-image-preview:large","max-video-preview":"max-video-preview:-1"},"canonical":"https:\/\/cleitonpinheiro.com.br\/site\/prefeitura-de-palmas-realiza-cadastro-de-instituicoes-e-protetores-dos-animais\/","og_locale":"pt_BR","og_type":"article","og_title":"Prefeitura de Palmas realiza cadastro de institui\u00e7\u00f5es e protetores dos animais - PORTAL DE NOT\u00cdCIAS CLEITON PINHEIRO","og_description":"A Secretaria Municipal da Sa\u00fade (Semus) e a Funda\u00e7\u00e3o Municipal de Meio Ambiente (FMA) realizam cadastro de Organiza\u00e7\u00f5es N\u00e3o Governamentais (ONGs), Organiza\u00e7\u00f5es de Sociedade Civil (OSCs) e protetores independentes de&nbsp;animais dom\u00e9sticos. O objetivo \u00e9 levantar dados sobre as entidades e os servi\u00e7os prestados para a elabora\u00e7\u00e3o de pol\u00edticas p\u00fablicas municipais de prote\u00e7\u00e3o e defesa do [&hellip;]","og_url":"https:\/\/cleitonpinheiro.com.br\/site\/prefeitura-de-palmas-realiza-cadastro-de-instituicoes-e-protetores-dos-animais\/","og_site_name":"PORTAL DE NOT\u00cdCIAS CLEITON PINHEIRO","article_publisher":"https:\/\/www.facebook.com\/portalcpnoticias\/","article_published_time":"2023-08-08T18:15:19+00:00","article_modified_time":"2023-08-10T23:42:26+00:00","og_image":[{"width":4000,"height":3000,"url":"https:\/\/cleitonpinheiro.com.br\/site\/wp-content\/uploads\/2023\/08\/IMG_20230326_155427191_HDR-1-1.jpg","type":"image\/jpeg"}],"author":"Reda\u00e7\u00e3o CP","twitter_card":"summary_large_image","twitter_misc":{"Escrito por":"Reda\u00e7\u00e3o CP","Est. tempo de leitura":"3 minutos"},"schema":{"@context":"https:\/\/schema.org","@graph":[{"@type":"Article","@id":"https:\/\/cleitonpinheiro.com.br\/site\/prefeitura-de-palmas-realiza-cadastro-de-instituicoes-e-protetores-dos-animais\/#article","isPartOf":{"@id":"https:\/\/cleitonpinheiro.com.br\/site\/prefeitura-de-palmas-realiza-cadastro-de-instituicoes-e-protetores-dos-animais\/"},"author":{"name":"Reda\u00e7\u00e3o CP","@id":"https:\/\/cleitonpinheiro.com.br\/site\/#\/schema\/person\/8f04544e0bc40a1b68775b08360f87db"},"headline":"Prefeitura de Palmas realiza cadastro de institui\u00e7\u00f5es e protetores dos animais","datePublished":"2023-08-08T18:15:19+00:00","dateModified":"2023-08-10T23:42:26+00:00","mainEntityOfPage":{"@id":"https:\/\/cleitonpinheiro.com.br\/site\/prefeitura-de-palmas-realiza-cadastro-de-instituicoes-e-protetores-dos-animais\/"},"wordCount":404,"commentCount":0,"publisher":{"@id":"https:\/\/cleitonpinheiro.com.br\/site\/#organization"},"image":{"@id":"https:\/\/cleitonpinheiro.com.br\/site\/prefeitura-de-palmas-realiza-cadastro-de-instituicoes-e-protetores-dos-animais\/#primaryimage"},"thumbnailUrl":"https:\/\/cleitonpinheiro.com.br\/site\/wp-content\/uploads\/2023\/08\/2795b8d63fb849bf89dff08af0d76c92.png","keywords":["cadastro","ONG","Prefeitura de Palmas","protetores de animais"],"articleSection":["CIDADES","MANCHETE SEGUND\u00c1RIA"],"inLanguage":"pt-BR","potentialAction":[{"@type":"CommentAction","name":"Comment","target":["https:\/\/cleitonpinheiro.com.br\/site\/prefeitura-de-palmas-realiza-cadastro-de-instituicoes-e-protetores-dos-animais\/#respond"]}]},{"@type":"WebPage","@id":"https:\/\/cleitonpinheiro.com.br\/site\/prefeitura-de-palmas-realiza-cadastro-de-instituicoes-e-protetores-dos-animais\/","url":"https:\/\/cleitonpinheiro.com.br\/site\/prefeitura-de-palmas-realiza-cadastro-de-instituicoes-e-protetores-dos-animais\/","name":"Prefeitura de Palmas realiza cadastro de institui\u00e7\u00f5es e protetores dos animais - PORTAL DE NOT\u00cdCIAS CLEITON PINHEIRO","isPartOf":{"@id":"https:\/\/cleitonpinheiro.com.br\/site\/#website"},"primaryImageOfPage":{"@id":"https:\/\/cleitonpinheiro.com.br\/site\/prefeitura-de-palmas-realiza-cadastro-de-instituicoes-e-protetores-dos-animais\/#primaryimage"},"image":{"@id":"https:\/\/cleitonpinheiro.com.br\/site\/prefeitura-de-palmas-realiza-cadastro-de-instituicoes-e-protetores-dos-animais\/#primaryimage"},"thumbnailUrl":"https:\/\/cleitonpinheiro.com.br\/site\/wp-content\/uploads\/2023\/08\/2795b8d63fb849bf89dff08af0d76c92.png","datePublished":"2023-08-08T18:15:19+00:00","dateModified":"2023-08-10T23:42:26+00:00","breadcrumb":{"@id":"https:\/\/cleitonpinheiro.com.br\/site\/prefeitura-de-palmas-realiza-cadastro-de-instituicoes-e-protetores-dos-animais\/#breadcrumb"},"inLanguage":"pt-BR","potentialAction":[{"@type":"ReadAction","target":["https:\/\/cleitonpinheiro.com.br\/site\/prefeitura-de-palmas-realiza-cadastro-de-instituicoes-e-protetores-dos-animais\/"]}]},{"@type":"ImageObject","inLanguage":"pt-BR","@id":"https:\/\/cleitonpinheiro.com.br\/site\/prefeitura-de-palmas-realiza-cadastro-de-instituicoes-e-protetores-dos-animais\/#primaryimage","url":"","contentUrl":""},{"@type":"BreadcrumbList","@id":"https:\/\/cleitonpinheiro.com.br\/site\/prefeitura-de-palmas-realiza-cadastro-de-instituicoes-e-protetores-dos-animais\/#breadcrumb","itemListElement":[{"@type":"ListItem","position":1,"name":"In\u00edcio","item":"https:\/\/cleitonpinheiro.com.br\/site\/"},{"@type":"ListItem","position":2,"name":"Prefeitura de Palmas realiza cadastro de institui\u00e7\u00f5es e protetores dos animais"}]},{"@type":"WebSite","@id":"https:\/\/cleitonpinheiro.com.br\/site\/#website","url":"https:\/\/cleitonpinheiro.com.br\/site\/","name":"PORTAL DE NOT\u00cdCIAS CLEITON PINHEIRO","description":"FALANDO A VERDADE","publisher":{"@id":"https:\/\/cleitonpinheiro.com.br\/site\/#organization"},"potentialAction":[{"@type":"SearchAction","target":{"@type":"EntryPoint","urlTemplate":"https:\/\/cleitonpinheiro.com.br\/site\/?s={search_term_string}"},"query-input":{"@type":"PropertyValueSpecification","valueRequired":true,"valueName":"search_term_string"}}],"inLanguage":"pt-BR"},{"@type":"Organization","@id":"https:\/\/cleitonpinheiro.com.br\/site\/#organization","name":"CPNOT\u00cdCIAS","url":"https:\/\/cleitonpinheiro.com.br\/site\/","logo":{"@type":"ImageObject","inLanguage":"pt-BR","@id":"https:\/\/cleitonpinheiro.com.br\/site\/#\/schema\/logo\/image\/","url":"https:\/\/cleitonpinheiro.com.br\/site\/wp-content\/uploads\/2022\/08\/Logo-pequena-2.png","contentUrl":"https:\/\/cleitonpinheiro.com.br\/site\/wp-content\/uploads\/2022\/08\/Logo-pequena-2.png","width":500,"height":500,"caption":"CPNOT\u00cdCIAS"},"image":{"@id":"https:\/\/cleitonpinheiro.com.br\/site\/#\/schema\/logo\/image\/"},"sameAs":["https:\/\/www.facebook.com\/portalcpnoticias\/"]},{"@type":"Person","@id":"https:\/\/cleitonpinheiro.com.br\/site\/#\/schema\/person\/8f04544e0bc40a1b68775b08360f87db","name":"Reda\u00e7\u00e3o CP","image":{"@type":"ImageObject","inLanguage":"pt-BR","@id":"https:\/\/cleitonpinheiro.com.br\/site\/#\/schema\/person\/image\/","url":"https:\/\/secure.gravatar.com\/avatar\/0bcf19cb29fdc8fc588c490c7ae1b3e174dac268586a63fbe1d1893a0f9020cd?s=96&r=g","contentUrl":"https:\/\/secure.gravatar.com\/avatar\/0bcf19cb29fdc8fc588c490c7ae1b3e174dac268586a63fbe1d1893a0f9020cd?s=96&r=g","caption":"Reda\u00e7\u00e3o CP"},"url":"https:\/\/cleitonpinheiro.com.br\/site\/author\/redacao\/"}]}},"views":116,"_links":{"self":[{"href":"https:\/\/cleitonpinheiro.com.br\/site\/wp-json\/wp\/v2\/posts\/73315","targetHints":{"allow":["GET"]}}],"collection":[{"href":"https:\/\/cleitonpinheiro.com.br\/site\/wp-json\/wp\/v2\/posts"}],"about":[{"href":"https:\/\/cleitonpinheiro.com.br\/site\/wp-json\/wp\/v2\/types\/post"}],"author":[{"embeddable":true,"href":"https:\/\/cleitonpinheiro.com.br\/site\/wp-json\/wp\/v2\/users\/13"}],"replies":[{"embeddable":true,"href":"https:\/\/cleitonpinheiro.com.br\/site\/wp-json\/wp\/v2\/comments?post=73315"}],"version-history":[{"count":2,"href":"https:\/\/cleitonpinheiro.com.br\/site\/wp-json\/wp\/v2\/posts\/73315\/revisions"}],"predecessor-version":[{"id":73365,"href":"https:\/\/cleitonpinheiro.com.br\/site\/wp-json\/wp\/v2\/posts\/73315\/revisions\/73365"}],"wp:attachment":[{"href":"https:\/\/cleitonpinheiro.com.br\/site\/wp-json\/wp\/v2\/media?parent=73315"}],"wp:term":[{"taxonomy":"category","embeddable":true,"href":"https:\/\/cleitonpinheiro.com.br\/site\/wp-json\/wp\/v2\/categories?post=73315"},{"taxonomy":"post_tag","embeddable":true,"href":"https:\/\/cleitonpinheiro.com.br\/site\/wp-json\/wp\/v2\/tags?post=73315"}],"curies":[{"name":"wp","href":"https:\/\/api.w.org\/{rel}","templated":true}]}}