{"id":73320,"date":"2023-08-09T09:59:12","date_gmt":"2023-08-09T12:59:12","guid":{"rendered":"https:\/\/cleitonpinheiro.com.br\/site\/?p=73320"},"modified":"2023-08-09T10:20:52","modified_gmt":"2023-08-09T13:20:52","slug":"policia-federal-prende-ex-diretor-geral-da-prf-silvinei-vasques","status":"publish","type":"post","link":"https:\/\/cleitonpinheiro.com.br\/site\/policia-federal-prende-ex-diretor-geral-da-prf-silvinei-vasques\/","title":{"rendered":"Pol\u00edcia Federal prende ex-diretor-geral da PRF Silvinei Vasques"},"content":{"rendered":"\n<figure class=\"wp-block-image size-full\"><img decoding=\"async\" src=\"https:\/\/cleitonpinheiro.com.br\/site\/wp-content\/uploads\/2023\/08\/lula9042-15_0.jpg\" alt=\"\" class=\"wp-image-73321\"\/><figcaption class=\"wp-element-caption\">Vasques \u00e9 investigado por bloqueios em estradas para dificultar o tr\u00e2nsito de eleitores no dia 30 de outubro de 2022 &#8211; Foto: Lula Marques\/Ag\u00eancia Brasil<\/figcaption><\/figure>\n\n\n\n<p class=\"wp-block-paragraph\"><strong>Da Ag\u00eancia Brasil<\/strong><\/p>\n\n\n\n<p class=\"wp-block-paragraph\">A Pol\u00edcia Federal (PF) deflagrou, nesta quarta-feira (9), a Opera\u00e7\u00e3o Constitui\u00e7\u00e3o Cidad\u00e3, para investigar poss\u00edveis a\u00e7\u00f5es de agentes p\u00fablicos para interferir no processo eleitoral do segundo turno das elei\u00e7\u00f5es presidenciais de 2022. O ex-diretor-geral da Pol\u00edcia Rodovi\u00e1ria Federal (PRF), Silvinei Vasques, foi preso.<img decoding=\"async\" src=\"https:\/\/agenciabrasil.ebc.com.br\/ebc.png?id=1548033&amp;o=node\"><img decoding=\"async\" src=\"https:\/\/agenciabrasil.ebc.com.br\/ebc.gif?id=1548033&amp;o=node\"><\/p>\n\n\n\n<p class=\"wp-block-paragraph\">De acordo com as investiga\u00e7\u00f5es da PF, integrantes da PRF&nbsp;teriam feito&nbsp;bloqueios em estradas da Regi\u00e3o Nordeste para dificultar o tr\u00e2nsito de eleitores no dia 30 de outubro de 2022.<\/p>\n\n\n\n<p class=\"wp-block-paragraph\">\u201cOs crimes apurados teriam sido planejados desde o in\u00edcio de outubro daquele ano, sendo que, no dia do segundo turno, foi realizado patrulhamento ostensivo e direcionado \u00e0 Regi\u00e3o Nordeste do pa\u00eds\u201d, explicou a PF, em nota.&nbsp;<\/p>\n\n\n\n<p class=\"wp-block-paragraph\">Est\u00e3o sendo cumpridos dez mandados de busca e apreens\u00e3o e um de pris\u00e3o preventiva em Santa Catarina, no Rio Grande do Sul, Distrito Federal e Rio Grande do Norte. Os mandados foram expedidos pelo Supremo Tribunal Federal (STF). A opera\u00e7\u00e3o conta ainda com o apoio da Corregedoria-Geral da PRF, que determinou a coleta de depoimento de 47 policiais rodovi\u00e1rios federais.&nbsp;<\/p>\n\n\n\n<p class=\"wp-block-paragraph\">\u201cOs fatos investigados configuram, em tese, os crimes de prevarica\u00e7\u00e3o e viol\u00eancia pol\u00edtica, previstos no C\u00f3digo Penal Brasileiro, e os crimes de impedir ou embara\u00e7ar o exerc\u00edcio do sufr\u00e1gio e ocultar, sonegar, a\u00e7ambarcar ou recusar no dia da elei\u00e7\u00e3o o fornecimento, normalmente a todos, de utilidades, alimenta\u00e7\u00e3o e meios de transporte, ou conceder exclusividade dos mesmos a determinado partido ou candidato, do C\u00f3digo Eleitoral Brasileiro\u201d, diz a nota.<\/p>\n\n\n\n<p class=\"wp-block-paragraph\">A PF informou ainda que o nome da opera\u00e7\u00e3o &#8211; Constitui\u00e7\u00e3o Cidad\u00e3 &#8211; \u00e9 uma refer\u00eancia \u00e0 Constitui\u00e7\u00e3o Brasileira, promulgada em 1988. Nela, est\u00e3o expressos os direitos dos cidad\u00e3os, entre eles&nbsp;o direito ao voto, \u201cmaior representa\u00e7\u00e3o da democracia\u201d.&nbsp;<\/p>\n\n\n\n<p class=\"wp-block-paragraph\">Em junho, em depoimento na Comiss\u00e3o Parlamentar Mista de Inqu\u00e9rito do 8 de janeiro, no Congresso, Vasques negou qualquer\u00a0<a href=\"https:\/\/agenciabrasil.ebc.com.br\/politica\/noticia\/2023-06\/ex-diretor-da-prf-nega-interferencia-nas-eleicoes-presidenciais\" target=\"_blank\" rel=\"noreferrer noopener\">plano para impedir eleitores<\/a>\u00a0do ent\u00e3o candidato Luiz In\u00e1cio Lula da Silva no Nordeste de votarem no segundo turno das elei\u00e7\u00f5es no ano.<\/p>\n","protected":false},"excerpt":{"rendered":"<p>Opera\u00e7\u00e3o Constitui\u00e7\u00e3o Cidad\u00e3 investiga interfer\u00eancia nas elei\u00e7\u00f5es 2022<\/p>\n","protected":false},"author":13,"featured_media":0,"comment_status":"open","ping_status":"open","sticky":false,"template":"","format":"standard","meta":{"_acf_changed":false,"footnotes":""},"categories":[19,898],"tags":[929,166],"class_list":["post-73320","post","type-post","status-publish","format-standard","hentry","category-brasil-mundo","category-manchete-segundaria","tag-policia-federal","tag-prf"],"acf":[],"yoast_head":"<!-- This site is optimized with the Yoast SEO plugin v24.4 - https:\/\/yoast.com\/wordpress\/plugins\/seo\/ -->\n<title>Pol\u00edcia Federal prende ex-diretor-geral da PRF Silvinei Vasques - PORTAL DE NOT\u00cdCIAS CLEITON PINHEIRO<\/title>\n<meta name=\"robots\" content=\"index, follow, max-snippet:-1, max-image-preview:large, max-video-preview:-1\" \/>\n<link rel=\"canonical\" href=\"https:\/\/cleitonpinheiro.com.br\/site\/policia-federal-prende-ex-diretor-geral-da-prf-silvinei-vasques\/\" \/>\n<meta property=\"og:locale\" content=\"pt_BR\" \/>\n<meta property=\"og:type\" content=\"article\" \/>\n<meta property=\"og:title\" content=\"Pol\u00edcia Federal prende ex-diretor-geral da PRF Silvinei Vasques - PORTAL DE NOT\u00cdCIAS CLEITON PINHEIRO\" \/>\n<meta property=\"og:description\" content=\"Opera\u00e7\u00e3o Constitui\u00e7\u00e3o Cidad\u00e3 investiga interfer\u00eancia nas elei\u00e7\u00f5es 2022\" \/>\n<meta property=\"og:url\" content=\"https:\/\/cleitonpinheiro.com.br\/site\/policia-federal-prende-ex-diretor-geral-da-prf-silvinei-vasques\/\" \/>\n<meta property=\"og:site_name\" content=\"PORTAL DE NOT\u00cdCIAS CLEITON PINHEIRO\" \/>\n<meta property=\"article:publisher\" content=\"https:\/\/www.facebook.com\/portalcpnoticias\/\" \/>\n<meta property=\"article:published_time\" content=\"2023-08-09T12:59:12+00:00\" \/>\n<meta property=\"article:modified_time\" content=\"2023-08-09T13:20:52+00:00\" \/>\n<meta property=\"og:image\" content=\"https:\/\/cleitonpinheiro.com.br\/site\/wp-content\/uploads\/2023\/08\/lula9042-15_0.jpg\" \/>\n\t<meta property=\"og:image:width\" content=\"1170\" \/>\n\t<meta property=\"og:image:height\" content=\"700\" \/>\n\t<meta property=\"og:image:type\" content=\"image\/jpeg\" \/>\n<meta name=\"author\" content=\"Reda\u00e7\u00e3o CP\" \/>\n<meta name=\"twitter:card\" content=\"summary_large_image\" \/>\n<meta name=\"twitter:label1\" content=\"Escrito por\" \/>\n\t<meta name=\"twitter:data1\" content=\"Reda\u00e7\u00e3o CP\" \/>\n\t<meta name=\"twitter:label2\" content=\"Est. tempo de leitura\" \/>\n\t<meta name=\"twitter:data2\" content=\"3 minutos\" \/>\n<script type=\"application\/ld+json\" class=\"yoast-schema-graph\">{\"@context\":\"https:\/\/schema.org\",\"@graph\":[{\"@type\":\"Article\",\"@id\":\"https:\/\/cleitonpinheiro.com.br\/site\/policia-federal-prende-ex-diretor-geral-da-prf-silvinei-vasques\/#article\",\"isPartOf\":{\"@id\":\"https:\/\/cleitonpinheiro.com.br\/site\/policia-federal-prende-ex-diretor-geral-da-prf-silvinei-vasques\/\"},\"author\":{\"name\":\"Reda\u00e7\u00e3o CP\",\"@id\":\"https:\/\/cleitonpinheiro.com.br\/site\/#\/schema\/person\/8f04544e0bc40a1b68775b08360f87db\"},\"headline\":\"Pol\u00edcia Federal prende ex-diretor-geral da PRF Silvinei Vasques\",\"datePublished\":\"2023-08-09T12:59:12+00:00\",\"dateModified\":\"2023-08-09T13:20:52+00:00\",\"mainEntityOfPage\":{\"@id\":\"https:\/\/cleitonpinheiro.com.br\/site\/policia-federal-prende-ex-diretor-geral-da-prf-silvinei-vasques\/\"},\"wordCount\":396,\"commentCount\":0,\"publisher\":{\"@id\":\"https:\/\/cleitonpinheiro.com.br\/site\/#organization\"},\"image\":{\"@id\":\"https:\/\/cleitonpinheiro.com.br\/site\/policia-federal-prende-ex-diretor-geral-da-prf-silvinei-vasques\/#primaryimage\"},\"thumbnailUrl\":\"https:\/\/cleitonpinheiro.com.br\/site\/wp-content\/uploads\/2023\/08\/lula9042-15_0.jpg\",\"keywords\":[\"Pol\u00edcia Federal\",\"PRF\"],\"articleSection\":[\"BRASIL \/ MUNDO\",\"MANCHETE SEGUND\u00c1RIA\"],\"inLanguage\":\"pt-BR\",\"potentialAction\":[{\"@type\":\"CommentAction\",\"name\":\"Comment\",\"target\":[\"https:\/\/cleitonpinheiro.com.br\/site\/policia-federal-prende-ex-diretor-geral-da-prf-silvinei-vasques\/#respond\"]}]},{\"@type\":\"WebPage\",\"@id\":\"https:\/\/cleitonpinheiro.com.br\/site\/policia-federal-prende-ex-diretor-geral-da-prf-silvinei-vasques\/\",\"url\":\"https:\/\/cleitonpinheiro.com.br\/site\/policia-federal-prende-ex-diretor-geral-da-prf-silvinei-vasques\/\",\"name\":\"Pol\u00edcia Federal prende ex-diretor-geral da PRF Silvinei Vasques - PORTAL DE NOT\u00cdCIAS CLEITON PINHEIRO\",\"isPartOf\":{\"@id\":\"https:\/\/cleitonpinheiro.com.br\/site\/#website\"},\"primaryImageOfPage\":{\"@id\":\"https:\/\/cleitonpinheiro.com.br\/site\/policia-federal-prende-ex-diretor-geral-da-prf-silvinei-vasques\/#primaryimage\"},\"image\":{\"@id\":\"https:\/\/cleitonpinheiro.com.br\/site\/policia-federal-prende-ex-diretor-geral-da-prf-silvinei-vasques\/#primaryimage\"},\"thumbnailUrl\":\"https:\/\/cleitonpinheiro.com.br\/site\/wp-content\/uploads\/2023\/08\/lula9042-15_0.jpg\",\"datePublished\":\"2023-08-09T12:59:12+00:00\",\"dateModified\":\"2023-08-09T13:20:52+00:00\",\"breadcrumb\":{\"@id\":\"https:\/\/cleitonpinheiro.com.br\/site\/policia-federal-prende-ex-diretor-geral-da-prf-silvinei-vasques\/#breadcrumb\"},\"inLanguage\":\"pt-BR\",\"potentialAction\":[{\"@type\":\"ReadAction\",\"target\":[\"https:\/\/cleitonpinheiro.com.br\/site\/policia-federal-prende-ex-diretor-geral-da-prf-silvinei-vasques\/\"]}]},{\"@type\":\"ImageObject\",\"inLanguage\":\"pt-BR\",\"@id\":\"https:\/\/cleitonpinheiro.com.br\/site\/policia-federal-prende-ex-diretor-geral-da-prf-silvinei-vasques\/#primaryimage\",\"url\":\"\",\"contentUrl\":\"\"},{\"@type\":\"BreadcrumbList\",\"@id\":\"https:\/\/cleitonpinheiro.com.br\/site\/policia-federal-prende-ex-diretor-geral-da-prf-silvinei-vasques\/#breadcrumb\",\"itemListElement\":[{\"@type\":\"ListItem\",\"position\":1,\"name\":\"In\u00edcio\",\"item\":\"https:\/\/cleitonpinheiro.com.br\/site\/\"},{\"@type\":\"ListItem\",\"position\":2,\"name\":\"Pol\u00edcia Federal prende ex-diretor-geral da PRF Silvinei Vasques\"}]},{\"@type\":\"WebSite\",\"@id\":\"https:\/\/cleitonpinheiro.com.br\/site\/#website\",\"url\":\"https:\/\/cleitonpinheiro.com.br\/site\/\",\"name\":\"PORTAL DE NOT\u00cdCIAS CLEITON PINHEIRO\",\"description\":\"FALANDO A VERDADE\",\"publisher\":{\"@id\":\"https:\/\/cleitonpinheiro.com.br\/site\/#organization\"},\"potentialAction\":[{\"@type\":\"SearchAction\",\"target\":{\"@type\":\"EntryPoint\",\"urlTemplate\":\"https:\/\/cleitonpinheiro.com.br\/site\/?s={search_term_string}\"},\"query-input\":{\"@type\":\"PropertyValueSpecification\",\"valueRequired\":true,\"valueName\":\"search_term_string\"}}],\"inLanguage\":\"pt-BR\"},{\"@type\":\"Organization\",\"@id\":\"https:\/\/cleitonpinheiro.com.br\/site\/#organization\",\"name\":\"CPNOT\u00cdCIAS\",\"url\":\"https:\/\/cleitonpinheiro.com.br\/site\/\",\"logo\":{\"@type\":\"ImageObject\",\"inLanguage\":\"pt-BR\",\"@id\":\"https:\/\/cleitonpinheiro.com.br\/site\/#\/schema\/logo\/image\/\",\"url\":\"https:\/\/cleitonpinheiro.com.br\/site\/wp-content\/uploads\/2022\/08\/Logo-pequena-2.png\",\"contentUrl\":\"https:\/\/cleitonpinheiro.com.br\/site\/wp-content\/uploads\/2022\/08\/Logo-pequena-2.png\",\"width\":500,\"height\":500,\"caption\":\"CPNOT\u00cdCIAS\"},\"image\":{\"@id\":\"https:\/\/cleitonpinheiro.com.br\/site\/#\/schema\/logo\/image\/\"},\"sameAs\":[\"https:\/\/www.facebook.com\/portalcpnoticias\/\"]},{\"@type\":\"Person\",\"@id\":\"https:\/\/cleitonpinheiro.com.br\/site\/#\/schema\/person\/8f04544e0bc40a1b68775b08360f87db\",\"name\":\"Reda\u00e7\u00e3o CP\",\"image\":{\"@type\":\"ImageObject\",\"inLanguage\":\"pt-BR\",\"@id\":\"https:\/\/cleitonpinheiro.com.br\/site\/#\/schema\/person\/image\/\",\"url\":\"https:\/\/secure.gravatar.com\/avatar\/0bcf19cb29fdc8fc588c490c7ae1b3e174dac268586a63fbe1d1893a0f9020cd?s=96&r=g\",\"contentUrl\":\"https:\/\/secure.gravatar.com\/avatar\/0bcf19cb29fdc8fc588c490c7ae1b3e174dac268586a63fbe1d1893a0f9020cd?s=96&r=g\",\"caption\":\"Reda\u00e7\u00e3o CP\"},\"url\":\"https:\/\/cleitonpinheiro.com.br\/site\/author\/redacao\/\"}]}<\/script>\n<!-- \/ Yoast SEO plugin. -->","yoast_head_json":{"title":"Pol\u00edcia Federal prende ex-diretor-geral da PRF Silvinei Vasques - PORTAL DE NOT\u00cdCIAS CLEITON PINHEIRO","robots":{"index":"index","follow":"follow","max-snippet":"max-snippet:-1","max-image-preview":"max-image-preview:large","max-video-preview":"max-video-preview:-1"},"canonical":"https:\/\/cleitonpinheiro.com.br\/site\/policia-federal-prende-ex-diretor-geral-da-prf-silvinei-vasques\/","og_locale":"pt_BR","og_type":"article","og_title":"Pol\u00edcia Federal prende ex-diretor-geral da PRF Silvinei Vasques - PORTAL DE NOT\u00cdCIAS CLEITON PINHEIRO","og_description":"Opera\u00e7\u00e3o Constitui\u00e7\u00e3o Cidad\u00e3 investiga interfer\u00eancia nas elei\u00e7\u00f5es 2022","og_url":"https:\/\/cleitonpinheiro.com.br\/site\/policia-federal-prende-ex-diretor-geral-da-prf-silvinei-vasques\/","og_site_name":"PORTAL DE NOT\u00cdCIAS CLEITON PINHEIRO","article_publisher":"https:\/\/www.facebook.com\/portalcpnoticias\/","article_published_time":"2023-08-09T12:59:12+00:00","article_modified_time":"2023-08-09T13:20:52+00:00","og_image":[{"width":1170,"height":700,"url":"https:\/\/cleitonpinheiro.com.br\/site\/wp-content\/uploads\/2023\/08\/lula9042-15_0.jpg","type":"image\/jpeg"}],"author":"Reda\u00e7\u00e3o CP","twitter_card":"summary_large_image","twitter_misc":{"Escrito por":"Reda\u00e7\u00e3o CP","Est. tempo de leitura":"3 minutos"},"schema":{"@context":"https:\/\/schema.org","@graph":[{"@type":"Article","@id":"https:\/\/cleitonpinheiro.com.br\/site\/policia-federal-prende-ex-diretor-geral-da-prf-silvinei-vasques\/#article","isPartOf":{"@id":"https:\/\/cleitonpinheiro.com.br\/site\/policia-federal-prende-ex-diretor-geral-da-prf-silvinei-vasques\/"},"author":{"name":"Reda\u00e7\u00e3o CP","@id":"https:\/\/cleitonpinheiro.com.br\/site\/#\/schema\/person\/8f04544e0bc40a1b68775b08360f87db"},"headline":"Pol\u00edcia Federal prende ex-diretor-geral da PRF Silvinei Vasques","datePublished":"2023-08-09T12:59:12+00:00","dateModified":"2023-08-09T13:20:52+00:00","mainEntityOfPage":{"@id":"https:\/\/cleitonpinheiro.com.br\/site\/policia-federal-prende-ex-diretor-geral-da-prf-silvinei-vasques\/"},"wordCount":396,"commentCount":0,"publisher":{"@id":"https:\/\/cleitonpinheiro.com.br\/site\/#organization"},"image":{"@id":"https:\/\/cleitonpinheiro.com.br\/site\/policia-federal-prende-ex-diretor-geral-da-prf-silvinei-vasques\/#primaryimage"},"thumbnailUrl":"https:\/\/cleitonpinheiro.com.br\/site\/wp-content\/uploads\/2023\/08\/lula9042-15_0.jpg","keywords":["Pol\u00edcia Federal","PRF"],"articleSection":["BRASIL \/ MUNDO","MANCHETE SEGUND\u00c1RIA"],"inLanguage":"pt-BR","potentialAction":[{"@type":"CommentAction","name":"Comment","target":["https:\/\/cleitonpinheiro.com.br\/site\/policia-federal-prende-ex-diretor-geral-da-prf-silvinei-vasques\/#respond"]}]},{"@type":"WebPage","@id":"https:\/\/cleitonpinheiro.com.br\/site\/policia-federal-prende-ex-diretor-geral-da-prf-silvinei-vasques\/","url":"https:\/\/cleitonpinheiro.com.br\/site\/policia-federal-prende-ex-diretor-geral-da-prf-silvinei-vasques\/","name":"Pol\u00edcia Federal prende ex-diretor-geral da PRF Silvinei Vasques - PORTAL DE NOT\u00cdCIAS CLEITON PINHEIRO","isPartOf":{"@id":"https:\/\/cleitonpinheiro.com.br\/site\/#website"},"primaryImageOfPage":{"@id":"https:\/\/cleitonpinheiro.com.br\/site\/policia-federal-prende-ex-diretor-geral-da-prf-silvinei-vasques\/#primaryimage"},"image":{"@id":"https:\/\/cleitonpinheiro.com.br\/site\/policia-federal-prende-ex-diretor-geral-da-prf-silvinei-vasques\/#primaryimage"},"thumbnailUrl":"https:\/\/cleitonpinheiro.com.br\/site\/wp-content\/uploads\/2023\/08\/lula9042-15_0.jpg","datePublished":"2023-08-09T12:59:12+00:00","dateModified":"2023-08-09T13:20:52+00:00","breadcrumb":{"@id":"https:\/\/cleitonpinheiro.com.br\/site\/policia-federal-prende-ex-diretor-geral-da-prf-silvinei-vasques\/#breadcrumb"},"inLanguage":"pt-BR","potentialAction":[{"@type":"ReadAction","target":["https:\/\/cleitonpinheiro.com.br\/site\/policia-federal-prende-ex-diretor-geral-da-prf-silvinei-vasques\/"]}]},{"@type":"ImageObject","inLanguage":"pt-BR","@id":"https:\/\/cleitonpinheiro.com.br\/site\/policia-federal-prende-ex-diretor-geral-da-prf-silvinei-vasques\/#primaryimage","url":"","contentUrl":""},{"@type":"BreadcrumbList","@id":"https:\/\/cleitonpinheiro.com.br\/site\/policia-federal-prende-ex-diretor-geral-da-prf-silvinei-vasques\/#breadcrumb","itemListElement":[{"@type":"ListItem","position":1,"name":"In\u00edcio","item":"https:\/\/cleitonpinheiro.com.br\/site\/"},{"@type":"ListItem","position":2,"name":"Pol\u00edcia Federal prende ex-diretor-geral da PRF Silvinei Vasques"}]},{"@type":"WebSite","@id":"https:\/\/cleitonpinheiro.com.br\/site\/#website","url":"https:\/\/cleitonpinheiro.com.br\/site\/","name":"PORTAL DE NOT\u00cdCIAS CLEITON PINHEIRO","description":"FALANDO A VERDADE","publisher":{"@id":"https:\/\/cleitonpinheiro.com.br\/site\/#organization"},"potentialAction":[{"@type":"SearchAction","target":{"@type":"EntryPoint","urlTemplate":"https:\/\/cleitonpinheiro.com.br\/site\/?s={search_term_string}"},"query-input":{"@type":"PropertyValueSpecification","valueRequired":true,"valueName":"search_term_string"}}],"inLanguage":"pt-BR"},{"@type":"Organization","@id":"https:\/\/cleitonpinheiro.com.br\/site\/#organization","name":"CPNOT\u00cdCIAS","url":"https:\/\/cleitonpinheiro.com.br\/site\/","logo":{"@type":"ImageObject","inLanguage":"pt-BR","@id":"https:\/\/cleitonpinheiro.com.br\/site\/#\/schema\/logo\/image\/","url":"https:\/\/cleitonpinheiro.com.br\/site\/wp-content\/uploads\/2022\/08\/Logo-pequena-2.png","contentUrl":"https:\/\/cleitonpinheiro.com.br\/site\/wp-content\/uploads\/2022\/08\/Logo-pequena-2.png","width":500,"height":500,"caption":"CPNOT\u00cdCIAS"},"image":{"@id":"https:\/\/cleitonpinheiro.com.br\/site\/#\/schema\/logo\/image\/"},"sameAs":["https:\/\/www.facebook.com\/portalcpnoticias\/"]},{"@type":"Person","@id":"https:\/\/cleitonpinheiro.com.br\/site\/#\/schema\/person\/8f04544e0bc40a1b68775b08360f87db","name":"Reda\u00e7\u00e3o CP","image":{"@type":"ImageObject","inLanguage":"pt-BR","@id":"https:\/\/cleitonpinheiro.com.br\/site\/#\/schema\/person\/image\/","url":"https:\/\/secure.gravatar.com\/avatar\/0bcf19cb29fdc8fc588c490c7ae1b3e174dac268586a63fbe1d1893a0f9020cd?s=96&r=g","contentUrl":"https:\/\/secure.gravatar.com\/avatar\/0bcf19cb29fdc8fc588c490c7ae1b3e174dac268586a63fbe1d1893a0f9020cd?s=96&r=g","caption":"Reda\u00e7\u00e3o CP"},"url":"https:\/\/cleitonpinheiro.com.br\/site\/author\/redacao\/"}]}},"views":116,"_links":{"self":[{"href":"https:\/\/cleitonpinheiro.com.br\/site\/wp-json\/wp\/v2\/posts\/73320","targetHints":{"allow":["GET"]}}],"collection":[{"href":"https:\/\/cleitonpinheiro.com.br\/site\/wp-json\/wp\/v2\/posts"}],"about":[{"href":"https:\/\/cleitonpinheiro.com.br\/site\/wp-json\/wp\/v2\/types\/post"}],"author":[{"embeddable":true,"href":"https:\/\/cleitonpinheiro.com.br\/site\/wp-json\/wp\/v2\/users\/13"}],"replies":[{"embeddable":true,"href":"https:\/\/cleitonpinheiro.com.br\/site\/wp-json\/wp\/v2\/comments?post=73320"}],"version-history":[{"count":1,"href":"https:\/\/cleitonpinheiro.com.br\/site\/wp-json\/wp\/v2\/posts\/73320\/revisions"}],"predecessor-version":[{"id":73322,"href":"https:\/\/cleitonpinheiro.com.br\/site\/wp-json\/wp\/v2\/posts\/73320\/revisions\/73322"}],"wp:attachment":[{"href":"https:\/\/cleitonpinheiro.com.br\/site\/wp-json\/wp\/v2\/media?parent=73320"}],"wp:term":[{"taxonomy":"category","embeddable":true,"href":"https:\/\/cleitonpinheiro.com.br\/site\/wp-json\/wp\/v2\/categories?post=73320"},{"taxonomy":"post_tag","embeddable":true,"href":"https:\/\/cleitonpinheiro.com.br\/site\/wp-json\/wp\/v2\/tags?post=73320"}],"curies":[{"name":"wp","href":"https:\/\/api.w.org\/{rel}","templated":true}]}}