{"id":73323,"date":"2023-08-09T10:07:16","date_gmt":"2023-08-09T13:07:16","guid":{"rendered":"https:\/\/cleitonpinheiro.com.br\/site\/?p=73323"},"modified":"2023-12-27T11:46:54","modified_gmt":"2023-12-27T14:46:54","slug":"3a-semana-municipal-de-juventude-comeca-nesta-quarta-feira-entre-as-atracoes-theo-santana","status":"publish","type":"post","link":"https:\/\/cleitonpinheiro.com.br\/site\/3a-semana-municipal-de-juventude-comeca-nesta-quarta-feira-entre-as-atracoes-theo-santana\/","title":{"rendered":"3\u00aa Semana Municipal de Juventude come\u00e7a nesta quarta-feira; entre as atra\u00e7\u00f5es, Theo Santana"},"content":{"rendered":"\n<figure class=\"wp-block-image size-full\"><img decoding=\"async\" src=\"https:\/\/cleitonpinheiro.com.br\/site\/wp-content\/uploads\/2023\/08\/maxresdefault.jpg\" alt=\"\" class=\"wp-image-73324\"\/><figcaption class=\"wp-element-caption\">Theo, conhecido pelo sucesso &#8220;Gueri gueri&#8221;, se apresenta na sexta-feira, 11, no Gin\u00e1sio Ayrton Senna<\/figcaption><\/figure>\n\n\n\n<p class=\"wp-block-paragraph\">Com diversas atra\u00e7\u00f5es descentralizadas, a 3\u00aa Semana Municipal de Juventude da Prefeitura de Palmas come\u00e7a nesta quarta-feira, 9, e segue at\u00e9 sexta, 11, na Capital. A programa\u00e7\u00e3o da edi\u00e7\u00e3o 2023, uma promo\u00e7\u00e3o da Funda\u00e7\u00e3o Municipal de Juventude (FJP), est\u00e1 recheada de atividades educativas e culturais, que acontecer\u00e3o em diversas escolas municipais e estaduais, Praia da Graciosa e no Gin\u00e1sio Ayrton Senna.<\/p>\n\n\n\n<p class=\"wp-block-paragraph\">A programa\u00e7\u00e3o de abertura nesta quarta, 9, tem in\u00edcio a partir das 10 horas, com atividades concentradas no CEM Tiradentes, na Arse 81 (804 Sul). As equipes da FJP planejaram a\u00e7\u00f5es art\u00edsticas, culturais e educativas que ir\u00e3o refor\u00e7ar a import\u00e2ncia dos projetos desenvolvidos pela Funda\u00e7\u00e3o, como o Vem Enem e o Cart\u00e3o do Estudante. Durante a programa\u00e7\u00e3o haver\u00e1, batalha de rimas e DJ.<\/p>\n\n\n\n<p class=\"wp-block-paragraph\">Na quinta, 10, as atra\u00e7\u00f5es para os jovens palmenses acontecem na orla da Praia da Graciosa, a partir das 19 horas. Al\u00e9m dos shows musicais, o evento homenagear\u00e1 os Jovens Influenciadores da Capital, que se destacam por criarem projetos e trabalhos inovadores.<\/p>\n\n\n\n<p class=\"wp-block-paragraph\">O grande encerramento acontece no Gin\u00e1sio Ayrton Senna, na sexta, 11. O evento contar\u00e1 tamb\u00e9m com apresenta\u00e7\u00f5es musicais e culturais. &nbsp;Dentre os convidados est\u00e3o a palmense Ana Paula Santos, vencedora como melhor rainha do Arrai\u00e1 da Capital e da competi\u00e7\u00e3o nacional 2023;&nbsp;o cantor regional e dono do hit \u201cGuery Guery\u201d,&nbsp;Theo Santana, que promete animar o p\u00fablico com muito forr\u00f3 e pisadinha.&nbsp;<\/p>\n\n\n\n<p class=\"wp-block-paragraph\">Ainda durante o encerramento, ser\u00e1 realizado o ato de assinatura de termos do Cart\u00e3o do Estudante, pelos jovens contemplados com as vagas remanescentes do programa. Os beneficiados poder\u00e3o fazer a primeira recarga de cr\u00e9ditos no local, logo ap\u00f3s a assinatura do termo de compromisso.&nbsp;<\/p>\n\n\n\n<p class=\"wp-block-paragraph\"><strong>Confira a programa\u00e7\u00e3o completa<\/strong>&nbsp;<\/p>\n\n\n\n<p class=\"wp-block-paragraph\"><strong>Quarta &#8211; 09\/08 &#8211; A\u00e7\u00f5es educativas<\/strong><\/p>\n\n\n\n<p class=\"wp-block-paragraph\">10h &#8211; Atividades educativas<br>10h &#8211; Apresenta\u00e7\u00e3o cultural no Centro de Ensino M\u00e9dio (Cem) Tiradentes<\/p>\n\n\n\n<p class=\"wp-block-paragraph\"><strong>Quinta &#8211; 10\/08 &#8211; Praia da Graciosa<\/strong><\/p>\n\n\n\n<p class=\"wp-block-paragraph\">18h &#8211; Dj Gamboge<br>19h &#8211; Apresenta\u00e7\u00e3o de Dan\u00e7a &#8211; Grupo Sombras do Hip Hop<br>19h30 &#8211; Keythe Araujo<br>20h30 &#8211; Homenagens Jovens Influenciadores<br>21h &#8211; Show de Ricardo Jamaika<br>22h30 &#8211; Show de Luana Micaelle<\/p>\n\n\n\n<p class=\"wp-block-paragraph\"><br><strong>Sexta &#8211; 11\/08 &#8211; Gin\u00e1sio Ayrton Senna<\/strong><\/p>\n\n\n\n<p class=\"wp-block-paragraph\">18h &#8211;&nbsp; Abertura com o Dj Gamboge<br>18h30 &#8211; Grupo de Dan\u00e7a Sombras do Hip Hop<br>19h &#8211; Campeonato de Batalha de Rimas<br>19h30 &#8211; Apresenta\u00e7\u00e3o Vem Enem \u2013 Funda\u00e7\u00e3o Municipal da Juventude<br>19h45 &#8211; Performance da Ana Paula Santos \u2013 Melhor Rainha Nacional 2023<br>19h50 &#8211; Apresenta\u00e7\u00e3o de Lais Sousa e Adelson Nunes \u2013 Melhor Casal de Noivos do Arrrai\u00e1 da Capital 2023.<br>20h &#8211; Assinatura de termos do Cart\u00e3o do Estudante e recarga de cr\u00e9ditos.<br>20h30 &#8211; Show com Viny Damar\u00e9<br>22h20 &#8211; Junior Ferri<br>23h40 &#8211; Show de Theo Santana<\/p>\n","protected":false},"excerpt":{"rendered":"<p>Com diversas atra\u00e7\u00f5es descentralizadas, a 3\u00aa Semana Municipal de Juventude da Prefeitura de Palmas come\u00e7a nesta quarta-feira, 9, e segue at\u00e9 sexta, 11, na Capital. A programa\u00e7\u00e3o da edi\u00e7\u00e3o 2023, uma promo\u00e7\u00e3o da Funda\u00e7\u00e3o Municipal de Juventude (FJP), est\u00e1 recheada de atividades educativas e culturais, que acontecer\u00e3o em diversas escolas municipais e estaduais, Praia da [&hellip;]<\/p>\n","protected":false},"author":13,"featured_media":0,"comment_status":"open","ping_status":"open","sticky":false,"template":"","format":"standard","meta":{"_acf_changed":false,"footnotes":""},"categories":[22,21],"tags":[1107,720,1108],"class_list":["post-73323","post","type-post","status-publish","format-standard","hentry","category-cidades","category-todas-noticias","tag-juventude","tag-prefeitura-de-palmas","tag-theo-santana"],"acf":[],"yoast_head":"<!-- This site is optimized with the Yoast SEO plugin v24.4 - https:\/\/yoast.com\/wordpress\/plugins\/seo\/ -->\n<title>3\u00aa Semana Municipal de Juventude come\u00e7a nesta quarta-feira; entre as atra\u00e7\u00f5es, Theo Santana - PORTAL DE NOT\u00cdCIAS CLEITON PINHEIRO<\/title>\n<meta name=\"robots\" content=\"index, follow, max-snippet:-1, max-image-preview:large, max-video-preview:-1\" \/>\n<link rel=\"canonical\" href=\"https:\/\/cleitonpinheiro.com.br\/site\/3a-semana-municipal-de-juventude-comeca-nesta-quarta-feira-entre-as-atracoes-theo-santana\/\" \/>\n<meta property=\"og:locale\" content=\"pt_BR\" \/>\n<meta property=\"og:type\" content=\"article\" \/>\n<meta property=\"og:title\" content=\"3\u00aa Semana Municipal de Juventude come\u00e7a nesta quarta-feira; entre as atra\u00e7\u00f5es, Theo Santana - PORTAL DE NOT\u00cdCIAS CLEITON PINHEIRO\" \/>\n<meta property=\"og:description\" content=\"Com diversas atra\u00e7\u00f5es descentralizadas, a 3\u00aa Semana Municipal de Juventude da Prefeitura de Palmas come\u00e7a nesta quarta-feira, 9, e segue at\u00e9 sexta, 11, na Capital. A programa\u00e7\u00e3o da edi\u00e7\u00e3o 2023, uma promo\u00e7\u00e3o da Funda\u00e7\u00e3o Municipal de Juventude (FJP), est\u00e1 recheada de atividades educativas e culturais, que acontecer\u00e3o em diversas escolas municipais e estaduais, Praia da [&hellip;]\" \/>\n<meta property=\"og:url\" content=\"https:\/\/cleitonpinheiro.com.br\/site\/3a-semana-municipal-de-juventude-comeca-nesta-quarta-feira-entre-as-atracoes-theo-santana\/\" \/>\n<meta property=\"og:site_name\" content=\"PORTAL DE NOT\u00cdCIAS CLEITON PINHEIRO\" \/>\n<meta property=\"article:publisher\" content=\"https:\/\/www.facebook.com\/portalcpnoticias\/\" \/>\n<meta property=\"article:published_time\" content=\"2023-08-09T13:07:16+00:00\" \/>\n<meta property=\"article:modified_time\" content=\"2023-12-27T14:46:54+00:00\" \/>\n<meta property=\"og:image\" content=\"https:\/\/cleitonpinheiro.com.br\/site\/wp-content\/uploads\/2023\/08\/maxresdefault.jpg\" \/>\n\t<meta property=\"og:image:width\" content=\"1280\" \/>\n\t<meta property=\"og:image:height\" content=\"720\" \/>\n\t<meta property=\"og:image:type\" content=\"image\/jpeg\" \/>\n<meta name=\"author\" content=\"Reda\u00e7\u00e3o CP\" \/>\n<meta name=\"twitter:card\" content=\"summary_large_image\" \/>\n<meta name=\"twitter:label1\" content=\"Escrito por\" \/>\n\t<meta name=\"twitter:data1\" content=\"Reda\u00e7\u00e3o CP\" \/>\n\t<meta name=\"twitter:label2\" content=\"Est. tempo de leitura\" \/>\n\t<meta name=\"twitter:data2\" content=\"3 minutos\" \/>\n<script type=\"application\/ld+json\" class=\"yoast-schema-graph\">{\"@context\":\"https:\/\/schema.org\",\"@graph\":[{\"@type\":\"Article\",\"@id\":\"https:\/\/cleitonpinheiro.com.br\/site\/3a-semana-municipal-de-juventude-comeca-nesta-quarta-feira-entre-as-atracoes-theo-santana\/#article\",\"isPartOf\":{\"@id\":\"https:\/\/cleitonpinheiro.com.br\/site\/3a-semana-municipal-de-juventude-comeca-nesta-quarta-feira-entre-as-atracoes-theo-santana\/\"},\"author\":{\"name\":\"Reda\u00e7\u00e3o CP\",\"@id\":\"https:\/\/cleitonpinheiro.com.br\/site\/#\/schema\/person\/8f04544e0bc40a1b68775b08360f87db\"},\"headline\":\"3\u00aa Semana Municipal de Juventude come\u00e7a nesta quarta-feira; entre as atra\u00e7\u00f5es, Theo Santana\",\"datePublished\":\"2023-08-09T13:07:16+00:00\",\"dateModified\":\"2023-12-27T14:46:54+00:00\",\"mainEntityOfPage\":{\"@id\":\"https:\/\/cleitonpinheiro.com.br\/site\/3a-semana-municipal-de-juventude-comeca-nesta-quarta-feira-entre-as-atracoes-theo-santana\/\"},\"wordCount\":500,\"commentCount\":0,\"publisher\":{\"@id\":\"https:\/\/cleitonpinheiro.com.br\/site\/#organization\"},\"image\":{\"@id\":\"https:\/\/cleitonpinheiro.com.br\/site\/3a-semana-municipal-de-juventude-comeca-nesta-quarta-feira-entre-as-atracoes-theo-santana\/#primaryimage\"},\"thumbnailUrl\":\"https:\/\/cleitonpinheiro.com.br\/site\/wp-content\/uploads\/2023\/08\/maxresdefault.jpg\",\"keywords\":[\"Juventude\",\"Prefeitura de Palmas\",\"Theo Santana\"],\"articleSection\":[\"CIDADES\",\"TODAS NOTICIAS\"],\"inLanguage\":\"pt-BR\",\"potentialAction\":[{\"@type\":\"CommentAction\",\"name\":\"Comment\",\"target\":[\"https:\/\/cleitonpinheiro.com.br\/site\/3a-semana-municipal-de-juventude-comeca-nesta-quarta-feira-entre-as-atracoes-theo-santana\/#respond\"]}]},{\"@type\":\"WebPage\",\"@id\":\"https:\/\/cleitonpinheiro.com.br\/site\/3a-semana-municipal-de-juventude-comeca-nesta-quarta-feira-entre-as-atracoes-theo-santana\/\",\"url\":\"https:\/\/cleitonpinheiro.com.br\/site\/3a-semana-municipal-de-juventude-comeca-nesta-quarta-feira-entre-as-atracoes-theo-santana\/\",\"name\":\"3\u00aa Semana Municipal de Juventude come\u00e7a nesta quarta-feira; entre as atra\u00e7\u00f5es, Theo Santana - PORTAL DE NOT\u00cdCIAS CLEITON PINHEIRO\",\"isPartOf\":{\"@id\":\"https:\/\/cleitonpinheiro.com.br\/site\/#website\"},\"primaryImageOfPage\":{\"@id\":\"https:\/\/cleitonpinheiro.com.br\/site\/3a-semana-municipal-de-juventude-comeca-nesta-quarta-feira-entre-as-atracoes-theo-santana\/#primaryimage\"},\"image\":{\"@id\":\"https:\/\/cleitonpinheiro.com.br\/site\/3a-semana-municipal-de-juventude-comeca-nesta-quarta-feira-entre-as-atracoes-theo-santana\/#primaryimage\"},\"thumbnailUrl\":\"https:\/\/cleitonpinheiro.com.br\/site\/wp-content\/uploads\/2023\/08\/maxresdefault.jpg\",\"datePublished\":\"2023-08-09T13:07:16+00:00\",\"dateModified\":\"2023-12-27T14:46:54+00:00\",\"breadcrumb\":{\"@id\":\"https:\/\/cleitonpinheiro.com.br\/site\/3a-semana-municipal-de-juventude-comeca-nesta-quarta-feira-entre-as-atracoes-theo-santana\/#breadcrumb\"},\"inLanguage\":\"pt-BR\",\"potentialAction\":[{\"@type\":\"ReadAction\",\"target\":[\"https:\/\/cleitonpinheiro.com.br\/site\/3a-semana-municipal-de-juventude-comeca-nesta-quarta-feira-entre-as-atracoes-theo-santana\/\"]}]},{\"@type\":\"ImageObject\",\"inLanguage\":\"pt-BR\",\"@id\":\"https:\/\/cleitonpinheiro.com.br\/site\/3a-semana-municipal-de-juventude-comeca-nesta-quarta-feira-entre-as-atracoes-theo-santana\/#primaryimage\",\"url\":\"\",\"contentUrl\":\"\"},{\"@type\":\"BreadcrumbList\",\"@id\":\"https:\/\/cleitonpinheiro.com.br\/site\/3a-semana-municipal-de-juventude-comeca-nesta-quarta-feira-entre-as-atracoes-theo-santana\/#breadcrumb\",\"itemListElement\":[{\"@type\":\"ListItem\",\"position\":1,\"name\":\"In\u00edcio\",\"item\":\"https:\/\/cleitonpinheiro.com.br\/site\/\"},{\"@type\":\"ListItem\",\"position\":2,\"name\":\"3\u00aa Semana Municipal de Juventude come\u00e7a nesta quarta-feira; entre as atra\u00e7\u00f5es, Theo Santana\"}]},{\"@type\":\"WebSite\",\"@id\":\"https:\/\/cleitonpinheiro.com.br\/site\/#website\",\"url\":\"https:\/\/cleitonpinheiro.com.br\/site\/\",\"name\":\"PORTAL DE NOT\u00cdCIAS CLEITON PINHEIRO\",\"description\":\"FALANDO A VERDADE\",\"publisher\":{\"@id\":\"https:\/\/cleitonpinheiro.com.br\/site\/#organization\"},\"potentialAction\":[{\"@type\":\"SearchAction\",\"target\":{\"@type\":\"EntryPoint\",\"urlTemplate\":\"https:\/\/cleitonpinheiro.com.br\/site\/?s={search_term_string}\"},\"query-input\":{\"@type\":\"PropertyValueSpecification\",\"valueRequired\":true,\"valueName\":\"search_term_string\"}}],\"inLanguage\":\"pt-BR\"},{\"@type\":\"Organization\",\"@id\":\"https:\/\/cleitonpinheiro.com.br\/site\/#organization\",\"name\":\"CPNOT\u00cdCIAS\",\"url\":\"https:\/\/cleitonpinheiro.com.br\/site\/\",\"logo\":{\"@type\":\"ImageObject\",\"inLanguage\":\"pt-BR\",\"@id\":\"https:\/\/cleitonpinheiro.com.br\/site\/#\/schema\/logo\/image\/\",\"url\":\"https:\/\/cleitonpinheiro.com.br\/site\/wp-content\/uploads\/2022\/08\/Logo-pequena-2.png\",\"contentUrl\":\"https:\/\/cleitonpinheiro.com.br\/site\/wp-content\/uploads\/2022\/08\/Logo-pequena-2.png\",\"width\":500,\"height\":500,\"caption\":\"CPNOT\u00cdCIAS\"},\"image\":{\"@id\":\"https:\/\/cleitonpinheiro.com.br\/site\/#\/schema\/logo\/image\/\"},\"sameAs\":[\"https:\/\/www.facebook.com\/portalcpnoticias\/\"]},{\"@type\":\"Person\",\"@id\":\"https:\/\/cleitonpinheiro.com.br\/site\/#\/schema\/person\/8f04544e0bc40a1b68775b08360f87db\",\"name\":\"Reda\u00e7\u00e3o CP\",\"image\":{\"@type\":\"ImageObject\",\"inLanguage\":\"pt-BR\",\"@id\":\"https:\/\/cleitonpinheiro.com.br\/site\/#\/schema\/person\/image\/\",\"url\":\"https:\/\/secure.gravatar.com\/avatar\/0bcf19cb29fdc8fc588c490c7ae1b3e174dac268586a63fbe1d1893a0f9020cd?s=96&r=g\",\"contentUrl\":\"https:\/\/secure.gravatar.com\/avatar\/0bcf19cb29fdc8fc588c490c7ae1b3e174dac268586a63fbe1d1893a0f9020cd?s=96&r=g\",\"caption\":\"Reda\u00e7\u00e3o CP\"},\"url\":\"https:\/\/cleitonpinheiro.com.br\/site\/author\/redacao\/\"}]}<\/script>\n<!-- \/ Yoast SEO plugin. -->","yoast_head_json":{"title":"3\u00aa Semana Municipal de Juventude come\u00e7a nesta quarta-feira; entre as atra\u00e7\u00f5es, Theo Santana - PORTAL DE NOT\u00cdCIAS CLEITON PINHEIRO","robots":{"index":"index","follow":"follow","max-snippet":"max-snippet:-1","max-image-preview":"max-image-preview:large","max-video-preview":"max-video-preview:-1"},"canonical":"https:\/\/cleitonpinheiro.com.br\/site\/3a-semana-municipal-de-juventude-comeca-nesta-quarta-feira-entre-as-atracoes-theo-santana\/","og_locale":"pt_BR","og_type":"article","og_title":"3\u00aa Semana Municipal de Juventude come\u00e7a nesta quarta-feira; entre as atra\u00e7\u00f5es, Theo Santana - PORTAL DE NOT\u00cdCIAS CLEITON PINHEIRO","og_description":"Com diversas atra\u00e7\u00f5es descentralizadas, a 3\u00aa Semana Municipal de Juventude da Prefeitura de Palmas come\u00e7a nesta quarta-feira, 9, e segue at\u00e9 sexta, 11, na Capital. A programa\u00e7\u00e3o da edi\u00e7\u00e3o 2023, uma promo\u00e7\u00e3o da Funda\u00e7\u00e3o Municipal de Juventude (FJP), est\u00e1 recheada de atividades educativas e culturais, que acontecer\u00e3o em diversas escolas municipais e estaduais, Praia da [&hellip;]","og_url":"https:\/\/cleitonpinheiro.com.br\/site\/3a-semana-municipal-de-juventude-comeca-nesta-quarta-feira-entre-as-atracoes-theo-santana\/","og_site_name":"PORTAL DE NOT\u00cdCIAS CLEITON PINHEIRO","article_publisher":"https:\/\/www.facebook.com\/portalcpnoticias\/","article_published_time":"2023-08-09T13:07:16+00:00","article_modified_time":"2023-12-27T14:46:54+00:00","og_image":[{"width":1280,"height":720,"url":"https:\/\/cleitonpinheiro.com.br\/site\/wp-content\/uploads\/2023\/08\/maxresdefault.jpg","type":"image\/jpeg"}],"author":"Reda\u00e7\u00e3o CP","twitter_card":"summary_large_image","twitter_misc":{"Escrito por":"Reda\u00e7\u00e3o CP","Est. tempo de leitura":"3 minutos"},"schema":{"@context":"https:\/\/schema.org","@graph":[{"@type":"Article","@id":"https:\/\/cleitonpinheiro.com.br\/site\/3a-semana-municipal-de-juventude-comeca-nesta-quarta-feira-entre-as-atracoes-theo-santana\/#article","isPartOf":{"@id":"https:\/\/cleitonpinheiro.com.br\/site\/3a-semana-municipal-de-juventude-comeca-nesta-quarta-feira-entre-as-atracoes-theo-santana\/"},"author":{"name":"Reda\u00e7\u00e3o CP","@id":"https:\/\/cleitonpinheiro.com.br\/site\/#\/schema\/person\/8f04544e0bc40a1b68775b08360f87db"},"headline":"3\u00aa Semana Municipal de Juventude come\u00e7a nesta quarta-feira; entre as atra\u00e7\u00f5es, Theo Santana","datePublished":"2023-08-09T13:07:16+00:00","dateModified":"2023-12-27T14:46:54+00:00","mainEntityOfPage":{"@id":"https:\/\/cleitonpinheiro.com.br\/site\/3a-semana-municipal-de-juventude-comeca-nesta-quarta-feira-entre-as-atracoes-theo-santana\/"},"wordCount":500,"commentCount":0,"publisher":{"@id":"https:\/\/cleitonpinheiro.com.br\/site\/#organization"},"image":{"@id":"https:\/\/cleitonpinheiro.com.br\/site\/3a-semana-municipal-de-juventude-comeca-nesta-quarta-feira-entre-as-atracoes-theo-santana\/#primaryimage"},"thumbnailUrl":"https:\/\/cleitonpinheiro.com.br\/site\/wp-content\/uploads\/2023\/08\/maxresdefault.jpg","keywords":["Juventude","Prefeitura de Palmas","Theo Santana"],"articleSection":["CIDADES","TODAS NOTICIAS"],"inLanguage":"pt-BR","potentialAction":[{"@type":"CommentAction","name":"Comment","target":["https:\/\/cleitonpinheiro.com.br\/site\/3a-semana-municipal-de-juventude-comeca-nesta-quarta-feira-entre-as-atracoes-theo-santana\/#respond"]}]},{"@type":"WebPage","@id":"https:\/\/cleitonpinheiro.com.br\/site\/3a-semana-municipal-de-juventude-comeca-nesta-quarta-feira-entre-as-atracoes-theo-santana\/","url":"https:\/\/cleitonpinheiro.com.br\/site\/3a-semana-municipal-de-juventude-comeca-nesta-quarta-feira-entre-as-atracoes-theo-santana\/","name":"3\u00aa Semana Municipal de Juventude come\u00e7a nesta quarta-feira; entre as atra\u00e7\u00f5es, Theo Santana - PORTAL DE NOT\u00cdCIAS CLEITON PINHEIRO","isPartOf":{"@id":"https:\/\/cleitonpinheiro.com.br\/site\/#website"},"primaryImageOfPage":{"@id":"https:\/\/cleitonpinheiro.com.br\/site\/3a-semana-municipal-de-juventude-comeca-nesta-quarta-feira-entre-as-atracoes-theo-santana\/#primaryimage"},"image":{"@id":"https:\/\/cleitonpinheiro.com.br\/site\/3a-semana-municipal-de-juventude-comeca-nesta-quarta-feira-entre-as-atracoes-theo-santana\/#primaryimage"},"thumbnailUrl":"https:\/\/cleitonpinheiro.com.br\/site\/wp-content\/uploads\/2023\/08\/maxresdefault.jpg","datePublished":"2023-08-09T13:07:16+00:00","dateModified":"2023-12-27T14:46:54+00:00","breadcrumb":{"@id":"https:\/\/cleitonpinheiro.com.br\/site\/3a-semana-municipal-de-juventude-comeca-nesta-quarta-feira-entre-as-atracoes-theo-santana\/#breadcrumb"},"inLanguage":"pt-BR","potentialAction":[{"@type":"ReadAction","target":["https:\/\/cleitonpinheiro.com.br\/site\/3a-semana-municipal-de-juventude-comeca-nesta-quarta-feira-entre-as-atracoes-theo-santana\/"]}]},{"@type":"ImageObject","inLanguage":"pt-BR","@id":"https:\/\/cleitonpinheiro.com.br\/site\/3a-semana-municipal-de-juventude-comeca-nesta-quarta-feira-entre-as-atracoes-theo-santana\/#primaryimage","url":"","contentUrl":""},{"@type":"BreadcrumbList","@id":"https:\/\/cleitonpinheiro.com.br\/site\/3a-semana-municipal-de-juventude-comeca-nesta-quarta-feira-entre-as-atracoes-theo-santana\/#breadcrumb","itemListElement":[{"@type":"ListItem","position":1,"name":"In\u00edcio","item":"https:\/\/cleitonpinheiro.com.br\/site\/"},{"@type":"ListItem","position":2,"name":"3\u00aa Semana Municipal de Juventude come\u00e7a nesta quarta-feira; entre as atra\u00e7\u00f5es, Theo Santana"}]},{"@type":"WebSite","@id":"https:\/\/cleitonpinheiro.com.br\/site\/#website","url":"https:\/\/cleitonpinheiro.com.br\/site\/","name":"PORTAL DE NOT\u00cdCIAS CLEITON PINHEIRO","description":"FALANDO A VERDADE","publisher":{"@id":"https:\/\/cleitonpinheiro.com.br\/site\/#organization"},"potentialAction":[{"@type":"SearchAction","target":{"@type":"EntryPoint","urlTemplate":"https:\/\/cleitonpinheiro.com.br\/site\/?s={search_term_string}"},"query-input":{"@type":"PropertyValueSpecification","valueRequired":true,"valueName":"search_term_string"}}],"inLanguage":"pt-BR"},{"@type":"Organization","@id":"https:\/\/cleitonpinheiro.com.br\/site\/#organization","name":"CPNOT\u00cdCIAS","url":"https:\/\/cleitonpinheiro.com.br\/site\/","logo":{"@type":"ImageObject","inLanguage":"pt-BR","@id":"https:\/\/cleitonpinheiro.com.br\/site\/#\/schema\/logo\/image\/","url":"https:\/\/cleitonpinheiro.com.br\/site\/wp-content\/uploads\/2022\/08\/Logo-pequena-2.png","contentUrl":"https:\/\/cleitonpinheiro.com.br\/site\/wp-content\/uploads\/2022\/08\/Logo-pequena-2.png","width":500,"height":500,"caption":"CPNOT\u00cdCIAS"},"image":{"@id":"https:\/\/cleitonpinheiro.com.br\/site\/#\/schema\/logo\/image\/"},"sameAs":["https:\/\/www.facebook.com\/portalcpnoticias\/"]},{"@type":"Person","@id":"https:\/\/cleitonpinheiro.com.br\/site\/#\/schema\/person\/8f04544e0bc40a1b68775b08360f87db","name":"Reda\u00e7\u00e3o CP","image":{"@type":"ImageObject","inLanguage":"pt-BR","@id":"https:\/\/cleitonpinheiro.com.br\/site\/#\/schema\/person\/image\/","url":"https:\/\/secure.gravatar.com\/avatar\/0bcf19cb29fdc8fc588c490c7ae1b3e174dac268586a63fbe1d1893a0f9020cd?s=96&r=g","contentUrl":"https:\/\/secure.gravatar.com\/avatar\/0bcf19cb29fdc8fc588c490c7ae1b3e174dac268586a63fbe1d1893a0f9020cd?s=96&r=g","caption":"Reda\u00e7\u00e3o CP"},"url":"https:\/\/cleitonpinheiro.com.br\/site\/author\/redacao\/"}]}},"views":109,"_links":{"self":[{"href":"https:\/\/cleitonpinheiro.com.br\/site\/wp-json\/wp\/v2\/posts\/73323","targetHints":{"allow":["GET"]}}],"collection":[{"href":"https:\/\/cleitonpinheiro.com.br\/site\/wp-json\/wp\/v2\/posts"}],"about":[{"href":"https:\/\/cleitonpinheiro.com.br\/site\/wp-json\/wp\/v2\/types\/post"}],"author":[{"embeddable":true,"href":"https:\/\/cleitonpinheiro.com.br\/site\/wp-json\/wp\/v2\/users\/13"}],"replies":[{"embeddable":true,"href":"https:\/\/cleitonpinheiro.com.br\/site\/wp-json\/wp\/v2\/comments?post=73323"}],"version-history":[{"count":1,"href":"https:\/\/cleitonpinheiro.com.br\/site\/wp-json\/wp\/v2\/posts\/73323\/revisions"}],"predecessor-version":[{"id":73325,"href":"https:\/\/cleitonpinheiro.com.br\/site\/wp-json\/wp\/v2\/posts\/73323\/revisions\/73325"}],"wp:attachment":[{"href":"https:\/\/cleitonpinheiro.com.br\/site\/wp-json\/wp\/v2\/media?parent=73323"}],"wp:term":[{"taxonomy":"category","embeddable":true,"href":"https:\/\/cleitonpinheiro.com.br\/site\/wp-json\/wp\/v2\/categories?post=73323"},{"taxonomy":"post_tag","embeddable":true,"href":"https:\/\/cleitonpinheiro.com.br\/site\/wp-json\/wp\/v2\/tags?post=73323"}],"curies":[{"name":"wp","href":"https:\/\/api.w.org\/{rel}","templated":true}]}}