{"id":73326,"date":"2023-08-09T10:20:36","date_gmt":"2023-08-09T13:20:36","guid":{"rendered":"https:\/\/cleitonpinheiro.com.br\/site\/?p=73326"},"modified":"2023-12-27T11:46:28","modified_gmt":"2023-12-27T14:46:28","slug":"mostra-pan-amazonica-filmes-tocantinenses-sao-selecionados-para-mostra-em-belem","status":"publish","type":"post","link":"https:\/\/cleitonpinheiro.com.br\/site\/mostra-pan-amazonica-filmes-tocantinenses-sao-selecionados-para-mostra-em-belem\/","title":{"rendered":"Mostra Pan-Amaz\u00f4nica: filmes tocantinenses s\u00e3o selecionados para mostra em Bel\u00e9m"},"content":{"rendered":"\n<figure class=\"wp-block-image size-full\"><img decoding=\"async\" src=\"https:\/\/cleitonpinheiro.com.br\/site\/wp-content\/uploads\/2023\/08\/341246.png\" alt=\"\" class=\"wp-image-73327\"\/><\/figure>\n\n\n\n<p class=\"wp-block-paragraph\">A Mostra Pan-Amaz\u00f4nica de Cinema, que re\u00fane obras de produtores audiovisuais da regi\u00e3o, at\u00e9 o dia 15 de agosto, em Bel\u00e9m-PA, ter\u00e1 em sua programa\u00e7\u00e3o dois filmes tocantinenses que integram a lista de produ\u00e7\u00f5es exibidas:\u00a0<em>Araguaia Para Sempre<\/em>\u00a0(2014), do diretor H\u00e9lio Brito; e\u00a0<em>O Comedy Club<\/em>\u00a0(2022), do diretor Andr\u00e9 Ara\u00fajo. A programa\u00e7\u00e3o \u00e9 realizada em paralelo aos Di\u00e1logos Amaz\u00f4nicos e \u00e0 C\u00fapula da Amaz\u00f4nia, que reunir\u00e1 l\u00edderes de diversos pa\u00edses da Am\u00e9rica do Sul, um evento de alcance internacional.<\/p>\n\n\n\n<p class=\"wp-block-paragraph\">\u201c\u00c9 nosso primeiro filme a romper as fronteiras estaduais. Cada novo Estado que exibe o filme \u00e9 um novo passo adiante no nosso amadurecimento em uma \u00e1rea crucial do audiovisual: a distribui\u00e7\u00e3o. A import\u00e2ncia do evento nos enche de orgulho, principalmente porque estamos muito bem acompanhados de grandes obras da regi\u00e3o amaz\u00f4nica\u201d, frisa o produtor, roteirista e diretor goiano, Andr\u00e9 Ara\u00fajo, radicado no Tocantins, onde atua desde 2002.<\/p>\n\n\n\n<p class=\"wp-block-paragraph\">O diretor teve a obra&nbsp;<em>O Comedy Club<\/em>&nbsp;escolhida para integrar a mostra. O longa-metragem \u00e9 uma produ\u00e7\u00e3o c\u00f4mica que conta a hist\u00f3ria de Daniel, um jovem tocantinense que vai a S\u00e3o Paulo para tentar a vida como gar\u00e7om e acaba descobrindo uma voca\u00e7\u00e3o para a com\u00e9dia, que ser\u00e1 muito \u00fatil quando se v\u00ea obrigado a retornar \u00e0 cidade natal, devido ao adoecimento de sua m\u00e3e. Com figuras engra\u00e7adas de seu munic\u00edpio, o rapaz forma um clube de&nbsp;<em>stand up comedy<\/em>&nbsp;que n\u00e3o agradar\u00e1 a todos, especialmente ao prefeito, um dos alvos favoritos das piadas da trupe rec\u00e9m-formada.<\/p>\n\n\n\n<p class=\"wp-block-paragraph\">Outra produ\u00e7\u00e3o selecionada foi o document\u00e1rio&nbsp;<em>Araguaia Para Sempre<\/em>&nbsp;(2014), rodado nas cidades de Concei\u00e7\u00e3o do Araguaia-PA, Araguacema e Pau D\u00b4Arco, no Tocantins; e Aruan\u00e3 &#8211; GO. Segundo o diretor H\u00e9lio Brito, natural do munic\u00edpio de Porto Nacional, a ideia para cria\u00e7\u00e3o do filme veio a partir de um estudo que afirmava que o Rio Araguaia poderia morrer dentro de 40 anos. A produ\u00e7\u00e3o chama aten\u00e7\u00e3o para a morte lenta de um dos principais rios da regi\u00e3o.<\/p>\n\n\n\n<p class=\"wp-block-paragraph\">Sobre ter um de seus trabalhos representando o Estado em uma mostra com alcance internacional, o diretor conta que esse \u00e9 um reconhecimento da produ\u00e7\u00e3o audiovisual feita no Tocantins. \u201cTemos um cinema que cresce a cada dia, com projetos ambiciosos, de t\u00e9cnica e est\u00e9tica apuradas. Acho que o Brasil ainda ouvir\u00e1 falar muito do nosso cinema. Temos pessoas novas dando seus primeiros passos nessa \u00e1rea e temos um grupo mais maduro que felizmente foi alcan\u00e7ado por esse&nbsp;<em>boom&nbsp;<\/em>do audiovisual brasileiro, que tem ocorrido nos \u00faltimos anos, gra\u00e7as \u00e0s leis Aldir Blanc e Paulo Gustavo\u201d, explica.<\/p>\n\n\n\n<p class=\"wp-block-paragraph\"><strong>A Mostra<\/strong><\/p>\n\n\n\n<p class=\"wp-block-paragraph\">Segundo informa\u00e7\u00f5es da Secretaria da Cultura do Par\u00e1 (Secult \u2013 PA), 25 filmes foram selecionados para a Mostra Pan-Amaz\u00f4nica, entre longas e curtas-metragens.&nbsp;Com curadoria de Indai\u00e1 Freire, Augusto Pacheco e Zienhe Castro, a mostra traz filmes produzidos no Brasil, nos estados do Par\u00e1, Acre, Tocantins, Mato Grosso, Amap\u00e1, Rond\u00f4nia, Roraima, Maranh\u00e3o e Amaz\u00f4nia. Tamb\u00e9m integram a lista produ\u00e7\u00f5es dos pa\u00edses vizinhos Peru, Col\u00f4mbia e Equador.<\/p>\n\n\n\n<p class=\"wp-block-paragraph\">A mostra ocorre no Audit\u00f3rio Eneida de Moraes, no Centro Cultural Palacete Faciola, com entrada franca, e as exibi\u00e7\u00f5es iniciam-se sempre \u00e0s 19 horas, em uma realiza\u00e7\u00e3o do Cons\u00f3rcio Interestadual Amaz\u00f4nia Legal e do Governo do Par\u00e1.<\/p>\n\n\n\n<p class=\"wp-block-paragraph\"><strong>Perfil dos diretores<\/strong><\/p>\n\n\n\n<p class=\"wp-block-paragraph\">Nascido em Goi\u00e2nia e radicado no Tocantins desde 2022, Andr\u00e9 Ara\u00fajo come\u00e7ou carreira na edi\u00e7\u00e3o de curtas-metragens na segunda metade dos anos 1990, com produ\u00e7\u00f5es experimentais em S\u00e3o Paulo-SP. Em Palmas, trabalhou em mais de 30 curtas-metragens, de diferentes diretores, e assumindo diversas fun\u00e7\u00f5es. Na capital do Estado, tamb\u00e9m coordenou o Chico \u2013 Festival de Cinema e V\u00eddeo de Palmas, entre os anos de 2007 e 2009. \u00c9 fundador da produtora&nbsp;<a href=\"https:\/\/www.youtube.com\/user\/superoitocine\">SuperOito<\/a>, criada em 2011 e dirigiu e roteirizou diversos filmes, como&nbsp;<em>Palmas, eu gosto de tu<\/em>,&nbsp;<em>Kitnet \u2013 O Filme<\/em>,&nbsp;<em>Gente Extraordin\u00e1ria<\/em>,&nbsp;<em>Labirinto de Papel<\/em>,&nbsp;<em>Ou\u00e7a-me<\/em>, entre outros.<\/p>\n\n\n\n<p class=\"wp-block-paragraph\">Natural de Porto Nacional, H\u00e9lio Brito passou a inf\u00e2ncia e a juventude entre Gurupi e Goi\u00e2nia, voltando ao Tocantins nos anos 1990. Entre 1982 e 2022, produziu e dirigiu 17 obras audiovisuais de curta e m\u00e9dia metragem, nos g\u00eaneros de document\u00e1rio e fic\u00e7\u00e3o. Na produ\u00e7\u00e3o de document\u00e1rios, prefere abordar temas hist\u00f3ricos, sociais e ambientais, j\u00e1 na fic\u00e7\u00e3o gosta de temas que flertam com uma linguagem surrealista. Em 2023, concluiu a s\u00e9rie intitulada&nbsp;<em>Bernardo Say\u00e3o e a Estrada Para Bel\u00e9m<\/em>, que ser\u00e1 exibida em redes p\u00fablicas de TV do Brasil, atrav\u00e9s da Empresa Brasileira de Comunica\u00e7\u00e3o (EBC). Atualmente, tem trabalhado na produ\u00e7\u00e3o de um longa-metragem intitulado&nbsp;<em>\u00c1guas Passadas, o Rio como Testemunha<\/em>, fruto da Chamada P\u00fablica BRDE\/FSA \u2013 CINEMA \u2013 Novos Realizadores 2022, da Ag\u00eancia Nacional do Cinema (Ancine). O document\u00e1rio&nbsp;<em>Araguaia Para Sempre<\/em>&nbsp;e outros trabalhos podem ser assistidos pelo&nbsp;<a href=\"https:\/\/www.youtube.com\/@heliobritofilmes\/videos\">Youtube<\/a>.<\/p>\n","protected":false},"excerpt":{"rendered":"<p>Os filmes tocantinenses escolhidos foram: Araguaia Para Sempre (2014), do diretor H\u00e9lio Brito; e O Comedy Club (2022), do diretor Andr\u00e9 Ara\u00fajo<\/p>\n","protected":false},"author":13,"featured_media":0,"comment_status":"open","ping_status":"open","sticky":false,"template":"","format":"standard","meta":{"_acf_changed":false,"footnotes":""},"categories":[8,21],"tags":[1121,1122],"class_list":["post-73326","post","type-post","status-publish","format-standard","hentry","category-estado","category-todas-noticias","tag-filmes-tocantinenses","tag-pan-amazonica"],"acf":[],"yoast_head":"<!-- This site is optimized with the Yoast SEO plugin v24.4 - https:\/\/yoast.com\/wordpress\/plugins\/seo\/ -->\n<title>Mostra Pan-Amaz\u00f4nica: filmes tocantinenses s\u00e3o selecionados para mostra em Bel\u00e9m - PORTAL DE NOT\u00cdCIAS CLEITON PINHEIRO<\/title>\n<meta name=\"robots\" content=\"index, follow, max-snippet:-1, max-image-preview:large, max-video-preview:-1\" \/>\n<link rel=\"canonical\" href=\"https:\/\/cleitonpinheiro.com.br\/site\/mostra-pan-amazonica-filmes-tocantinenses-sao-selecionados-para-mostra-em-belem\/\" \/>\n<meta property=\"og:locale\" content=\"pt_BR\" \/>\n<meta property=\"og:type\" content=\"article\" \/>\n<meta property=\"og:title\" content=\"Mostra Pan-Amaz\u00f4nica: filmes tocantinenses s\u00e3o selecionados para mostra em Bel\u00e9m - PORTAL DE NOT\u00cdCIAS CLEITON PINHEIRO\" \/>\n<meta property=\"og:description\" content=\"Os filmes tocantinenses escolhidos foram: Araguaia Para Sempre (2014), do diretor H\u00e9lio Brito; e O Comedy Club (2022), do diretor Andr\u00e9 Ara\u00fajo\" \/>\n<meta property=\"og:url\" content=\"https:\/\/cleitonpinheiro.com.br\/site\/mostra-pan-amazonica-filmes-tocantinenses-sao-selecionados-para-mostra-em-belem\/\" \/>\n<meta property=\"og:site_name\" content=\"PORTAL DE NOT\u00cdCIAS CLEITON PINHEIRO\" \/>\n<meta property=\"article:publisher\" content=\"https:\/\/www.facebook.com\/portalcpnoticias\/\" \/>\n<meta property=\"article:published_time\" content=\"2023-08-09T13:20:36+00:00\" \/>\n<meta property=\"article:modified_time\" content=\"2023-12-27T14:46:28+00:00\" \/>\n<meta property=\"og:image\" content=\"https:\/\/cleitonpinheiro.com.br\/site\/wp-content\/uploads\/2023\/08\/341246.png\" \/>\n\t<meta property=\"og:image:width\" content=\"883\" \/>\n\t<meta property=\"og:image:height\" content=\"505\" \/>\n\t<meta property=\"og:image:type\" content=\"image\/png\" \/>\n<meta name=\"author\" content=\"Reda\u00e7\u00e3o CP\" \/>\n<meta name=\"twitter:card\" content=\"summary_large_image\" \/>\n<meta name=\"twitter:label1\" content=\"Escrito por\" \/>\n\t<meta name=\"twitter:data1\" content=\"Reda\u00e7\u00e3o CP\" \/>\n\t<meta name=\"twitter:label2\" content=\"Est. tempo de leitura\" \/>\n\t<meta name=\"twitter:data2\" content=\"5 minutos\" \/>\n<script type=\"application\/ld+json\" class=\"yoast-schema-graph\">{\"@context\":\"https:\/\/schema.org\",\"@graph\":[{\"@type\":\"Article\",\"@id\":\"https:\/\/cleitonpinheiro.com.br\/site\/mostra-pan-amazonica-filmes-tocantinenses-sao-selecionados-para-mostra-em-belem\/#article\",\"isPartOf\":{\"@id\":\"https:\/\/cleitonpinheiro.com.br\/site\/mostra-pan-amazonica-filmes-tocantinenses-sao-selecionados-para-mostra-em-belem\/\"},\"author\":{\"name\":\"Reda\u00e7\u00e3o CP\",\"@id\":\"https:\/\/cleitonpinheiro.com.br\/site\/#\/schema\/person\/8f04544e0bc40a1b68775b08360f87db\"},\"headline\":\"Mostra Pan-Amaz\u00f4nica: filmes tocantinenses s\u00e3o selecionados para mostra em Bel\u00e9m\",\"datePublished\":\"2023-08-09T13:20:36+00:00\",\"dateModified\":\"2023-12-27T14:46:28+00:00\",\"mainEntityOfPage\":{\"@id\":\"https:\/\/cleitonpinheiro.com.br\/site\/mostra-pan-amazonica-filmes-tocantinenses-sao-selecionados-para-mostra-em-belem\/\"},\"wordCount\":863,\"commentCount\":0,\"publisher\":{\"@id\":\"https:\/\/cleitonpinheiro.com.br\/site\/#organization\"},\"image\":{\"@id\":\"https:\/\/cleitonpinheiro.com.br\/site\/mostra-pan-amazonica-filmes-tocantinenses-sao-selecionados-para-mostra-em-belem\/#primaryimage\"},\"thumbnailUrl\":\"https:\/\/cleitonpinheiro.com.br\/site\/wp-content\/uploads\/2023\/08\/341246.png\",\"keywords\":[\"filmes tocantinenses\",\"Pan-Amaz\u00f4nica\"],\"articleSection\":[\"ESTADO\",\"TODAS NOTICIAS\"],\"inLanguage\":\"pt-BR\",\"potentialAction\":[{\"@type\":\"CommentAction\",\"name\":\"Comment\",\"target\":[\"https:\/\/cleitonpinheiro.com.br\/site\/mostra-pan-amazonica-filmes-tocantinenses-sao-selecionados-para-mostra-em-belem\/#respond\"]}]},{\"@type\":\"WebPage\",\"@id\":\"https:\/\/cleitonpinheiro.com.br\/site\/mostra-pan-amazonica-filmes-tocantinenses-sao-selecionados-para-mostra-em-belem\/\",\"url\":\"https:\/\/cleitonpinheiro.com.br\/site\/mostra-pan-amazonica-filmes-tocantinenses-sao-selecionados-para-mostra-em-belem\/\",\"name\":\"Mostra Pan-Amaz\u00f4nica: filmes tocantinenses s\u00e3o selecionados para mostra em Bel\u00e9m - PORTAL DE NOT\u00cdCIAS CLEITON PINHEIRO\",\"isPartOf\":{\"@id\":\"https:\/\/cleitonpinheiro.com.br\/site\/#website\"},\"primaryImageOfPage\":{\"@id\":\"https:\/\/cleitonpinheiro.com.br\/site\/mostra-pan-amazonica-filmes-tocantinenses-sao-selecionados-para-mostra-em-belem\/#primaryimage\"},\"image\":{\"@id\":\"https:\/\/cleitonpinheiro.com.br\/site\/mostra-pan-amazonica-filmes-tocantinenses-sao-selecionados-para-mostra-em-belem\/#primaryimage\"},\"thumbnailUrl\":\"https:\/\/cleitonpinheiro.com.br\/site\/wp-content\/uploads\/2023\/08\/341246.png\",\"datePublished\":\"2023-08-09T13:20:36+00:00\",\"dateModified\":\"2023-12-27T14:46:28+00:00\",\"breadcrumb\":{\"@id\":\"https:\/\/cleitonpinheiro.com.br\/site\/mostra-pan-amazonica-filmes-tocantinenses-sao-selecionados-para-mostra-em-belem\/#breadcrumb\"},\"inLanguage\":\"pt-BR\",\"potentialAction\":[{\"@type\":\"ReadAction\",\"target\":[\"https:\/\/cleitonpinheiro.com.br\/site\/mostra-pan-amazonica-filmes-tocantinenses-sao-selecionados-para-mostra-em-belem\/\"]}]},{\"@type\":\"ImageObject\",\"inLanguage\":\"pt-BR\",\"@id\":\"https:\/\/cleitonpinheiro.com.br\/site\/mostra-pan-amazonica-filmes-tocantinenses-sao-selecionados-para-mostra-em-belem\/#primaryimage\",\"url\":\"\",\"contentUrl\":\"\"},{\"@type\":\"BreadcrumbList\",\"@id\":\"https:\/\/cleitonpinheiro.com.br\/site\/mostra-pan-amazonica-filmes-tocantinenses-sao-selecionados-para-mostra-em-belem\/#breadcrumb\",\"itemListElement\":[{\"@type\":\"ListItem\",\"position\":1,\"name\":\"In\u00edcio\",\"item\":\"https:\/\/cleitonpinheiro.com.br\/site\/\"},{\"@type\":\"ListItem\",\"position\":2,\"name\":\"Mostra Pan-Amaz\u00f4nica: filmes tocantinenses s\u00e3o selecionados para mostra em Bel\u00e9m\"}]},{\"@type\":\"WebSite\",\"@id\":\"https:\/\/cleitonpinheiro.com.br\/site\/#website\",\"url\":\"https:\/\/cleitonpinheiro.com.br\/site\/\",\"name\":\"PORTAL DE NOT\u00cdCIAS CLEITON PINHEIRO\",\"description\":\"FALANDO A VERDADE\",\"publisher\":{\"@id\":\"https:\/\/cleitonpinheiro.com.br\/site\/#organization\"},\"potentialAction\":[{\"@type\":\"SearchAction\",\"target\":{\"@type\":\"EntryPoint\",\"urlTemplate\":\"https:\/\/cleitonpinheiro.com.br\/site\/?s={search_term_string}\"},\"query-input\":{\"@type\":\"PropertyValueSpecification\",\"valueRequired\":true,\"valueName\":\"search_term_string\"}}],\"inLanguage\":\"pt-BR\"},{\"@type\":\"Organization\",\"@id\":\"https:\/\/cleitonpinheiro.com.br\/site\/#organization\",\"name\":\"CPNOT\u00cdCIAS\",\"url\":\"https:\/\/cleitonpinheiro.com.br\/site\/\",\"logo\":{\"@type\":\"ImageObject\",\"inLanguage\":\"pt-BR\",\"@id\":\"https:\/\/cleitonpinheiro.com.br\/site\/#\/schema\/logo\/image\/\",\"url\":\"https:\/\/cleitonpinheiro.com.br\/site\/wp-content\/uploads\/2022\/08\/Logo-pequena-2.png\",\"contentUrl\":\"https:\/\/cleitonpinheiro.com.br\/site\/wp-content\/uploads\/2022\/08\/Logo-pequena-2.png\",\"width\":500,\"height\":500,\"caption\":\"CPNOT\u00cdCIAS\"},\"image\":{\"@id\":\"https:\/\/cleitonpinheiro.com.br\/site\/#\/schema\/logo\/image\/\"},\"sameAs\":[\"https:\/\/www.facebook.com\/portalcpnoticias\/\"]},{\"@type\":\"Person\",\"@id\":\"https:\/\/cleitonpinheiro.com.br\/site\/#\/schema\/person\/8f04544e0bc40a1b68775b08360f87db\",\"name\":\"Reda\u00e7\u00e3o CP\",\"image\":{\"@type\":\"ImageObject\",\"inLanguage\":\"pt-BR\",\"@id\":\"https:\/\/cleitonpinheiro.com.br\/site\/#\/schema\/person\/image\/\",\"url\":\"https:\/\/secure.gravatar.com\/avatar\/0bcf19cb29fdc8fc588c490c7ae1b3e174dac268586a63fbe1d1893a0f9020cd?s=96&r=g\",\"contentUrl\":\"https:\/\/secure.gravatar.com\/avatar\/0bcf19cb29fdc8fc588c490c7ae1b3e174dac268586a63fbe1d1893a0f9020cd?s=96&r=g\",\"caption\":\"Reda\u00e7\u00e3o CP\"},\"url\":\"https:\/\/cleitonpinheiro.com.br\/site\/author\/redacao\/\"}]}<\/script>\n<!-- \/ Yoast SEO plugin. -->","yoast_head_json":{"title":"Mostra Pan-Amaz\u00f4nica: filmes tocantinenses s\u00e3o selecionados para mostra em Bel\u00e9m - PORTAL DE NOT\u00cdCIAS CLEITON PINHEIRO","robots":{"index":"index","follow":"follow","max-snippet":"max-snippet:-1","max-image-preview":"max-image-preview:large","max-video-preview":"max-video-preview:-1"},"canonical":"https:\/\/cleitonpinheiro.com.br\/site\/mostra-pan-amazonica-filmes-tocantinenses-sao-selecionados-para-mostra-em-belem\/","og_locale":"pt_BR","og_type":"article","og_title":"Mostra Pan-Amaz\u00f4nica: filmes tocantinenses s\u00e3o selecionados para mostra em Bel\u00e9m - PORTAL DE NOT\u00cdCIAS CLEITON PINHEIRO","og_description":"Os filmes tocantinenses escolhidos foram: Araguaia Para Sempre (2014), do diretor H\u00e9lio Brito; e O Comedy Club (2022), do diretor Andr\u00e9 Ara\u00fajo","og_url":"https:\/\/cleitonpinheiro.com.br\/site\/mostra-pan-amazonica-filmes-tocantinenses-sao-selecionados-para-mostra-em-belem\/","og_site_name":"PORTAL DE NOT\u00cdCIAS CLEITON PINHEIRO","article_publisher":"https:\/\/www.facebook.com\/portalcpnoticias\/","article_published_time":"2023-08-09T13:20:36+00:00","article_modified_time":"2023-12-27T14:46:28+00:00","og_image":[{"width":883,"height":505,"url":"https:\/\/cleitonpinheiro.com.br\/site\/wp-content\/uploads\/2023\/08\/341246.png","type":"image\/png"}],"author":"Reda\u00e7\u00e3o CP","twitter_card":"summary_large_image","twitter_misc":{"Escrito por":"Reda\u00e7\u00e3o CP","Est. tempo de leitura":"5 minutos"},"schema":{"@context":"https:\/\/schema.org","@graph":[{"@type":"Article","@id":"https:\/\/cleitonpinheiro.com.br\/site\/mostra-pan-amazonica-filmes-tocantinenses-sao-selecionados-para-mostra-em-belem\/#article","isPartOf":{"@id":"https:\/\/cleitonpinheiro.com.br\/site\/mostra-pan-amazonica-filmes-tocantinenses-sao-selecionados-para-mostra-em-belem\/"},"author":{"name":"Reda\u00e7\u00e3o CP","@id":"https:\/\/cleitonpinheiro.com.br\/site\/#\/schema\/person\/8f04544e0bc40a1b68775b08360f87db"},"headline":"Mostra Pan-Amaz\u00f4nica: filmes tocantinenses s\u00e3o selecionados para mostra em Bel\u00e9m","datePublished":"2023-08-09T13:20:36+00:00","dateModified":"2023-12-27T14:46:28+00:00","mainEntityOfPage":{"@id":"https:\/\/cleitonpinheiro.com.br\/site\/mostra-pan-amazonica-filmes-tocantinenses-sao-selecionados-para-mostra-em-belem\/"},"wordCount":863,"commentCount":0,"publisher":{"@id":"https:\/\/cleitonpinheiro.com.br\/site\/#organization"},"image":{"@id":"https:\/\/cleitonpinheiro.com.br\/site\/mostra-pan-amazonica-filmes-tocantinenses-sao-selecionados-para-mostra-em-belem\/#primaryimage"},"thumbnailUrl":"https:\/\/cleitonpinheiro.com.br\/site\/wp-content\/uploads\/2023\/08\/341246.png","keywords":["filmes tocantinenses","Pan-Amaz\u00f4nica"],"articleSection":["ESTADO","TODAS NOTICIAS"],"inLanguage":"pt-BR","potentialAction":[{"@type":"CommentAction","name":"Comment","target":["https:\/\/cleitonpinheiro.com.br\/site\/mostra-pan-amazonica-filmes-tocantinenses-sao-selecionados-para-mostra-em-belem\/#respond"]}]},{"@type":"WebPage","@id":"https:\/\/cleitonpinheiro.com.br\/site\/mostra-pan-amazonica-filmes-tocantinenses-sao-selecionados-para-mostra-em-belem\/","url":"https:\/\/cleitonpinheiro.com.br\/site\/mostra-pan-amazonica-filmes-tocantinenses-sao-selecionados-para-mostra-em-belem\/","name":"Mostra Pan-Amaz\u00f4nica: filmes tocantinenses s\u00e3o selecionados para mostra em Bel\u00e9m - PORTAL DE NOT\u00cdCIAS CLEITON PINHEIRO","isPartOf":{"@id":"https:\/\/cleitonpinheiro.com.br\/site\/#website"},"primaryImageOfPage":{"@id":"https:\/\/cleitonpinheiro.com.br\/site\/mostra-pan-amazonica-filmes-tocantinenses-sao-selecionados-para-mostra-em-belem\/#primaryimage"},"image":{"@id":"https:\/\/cleitonpinheiro.com.br\/site\/mostra-pan-amazonica-filmes-tocantinenses-sao-selecionados-para-mostra-em-belem\/#primaryimage"},"thumbnailUrl":"https:\/\/cleitonpinheiro.com.br\/site\/wp-content\/uploads\/2023\/08\/341246.png","datePublished":"2023-08-09T13:20:36+00:00","dateModified":"2023-12-27T14:46:28+00:00","breadcrumb":{"@id":"https:\/\/cleitonpinheiro.com.br\/site\/mostra-pan-amazonica-filmes-tocantinenses-sao-selecionados-para-mostra-em-belem\/#breadcrumb"},"inLanguage":"pt-BR","potentialAction":[{"@type":"ReadAction","target":["https:\/\/cleitonpinheiro.com.br\/site\/mostra-pan-amazonica-filmes-tocantinenses-sao-selecionados-para-mostra-em-belem\/"]}]},{"@type":"ImageObject","inLanguage":"pt-BR","@id":"https:\/\/cleitonpinheiro.com.br\/site\/mostra-pan-amazonica-filmes-tocantinenses-sao-selecionados-para-mostra-em-belem\/#primaryimage","url":"","contentUrl":""},{"@type":"BreadcrumbList","@id":"https:\/\/cleitonpinheiro.com.br\/site\/mostra-pan-amazonica-filmes-tocantinenses-sao-selecionados-para-mostra-em-belem\/#breadcrumb","itemListElement":[{"@type":"ListItem","position":1,"name":"In\u00edcio","item":"https:\/\/cleitonpinheiro.com.br\/site\/"},{"@type":"ListItem","position":2,"name":"Mostra Pan-Amaz\u00f4nica: filmes tocantinenses s\u00e3o selecionados para mostra em Bel\u00e9m"}]},{"@type":"WebSite","@id":"https:\/\/cleitonpinheiro.com.br\/site\/#website","url":"https:\/\/cleitonpinheiro.com.br\/site\/","name":"PORTAL DE NOT\u00cdCIAS CLEITON PINHEIRO","description":"FALANDO A VERDADE","publisher":{"@id":"https:\/\/cleitonpinheiro.com.br\/site\/#organization"},"potentialAction":[{"@type":"SearchAction","target":{"@type":"EntryPoint","urlTemplate":"https:\/\/cleitonpinheiro.com.br\/site\/?s={search_term_string}"},"query-input":{"@type":"PropertyValueSpecification","valueRequired":true,"valueName":"search_term_string"}}],"inLanguage":"pt-BR"},{"@type":"Organization","@id":"https:\/\/cleitonpinheiro.com.br\/site\/#organization","name":"CPNOT\u00cdCIAS","url":"https:\/\/cleitonpinheiro.com.br\/site\/","logo":{"@type":"ImageObject","inLanguage":"pt-BR","@id":"https:\/\/cleitonpinheiro.com.br\/site\/#\/schema\/logo\/image\/","url":"https:\/\/cleitonpinheiro.com.br\/site\/wp-content\/uploads\/2022\/08\/Logo-pequena-2.png","contentUrl":"https:\/\/cleitonpinheiro.com.br\/site\/wp-content\/uploads\/2022\/08\/Logo-pequena-2.png","width":500,"height":500,"caption":"CPNOT\u00cdCIAS"},"image":{"@id":"https:\/\/cleitonpinheiro.com.br\/site\/#\/schema\/logo\/image\/"},"sameAs":["https:\/\/www.facebook.com\/portalcpnoticias\/"]},{"@type":"Person","@id":"https:\/\/cleitonpinheiro.com.br\/site\/#\/schema\/person\/8f04544e0bc40a1b68775b08360f87db","name":"Reda\u00e7\u00e3o CP","image":{"@type":"ImageObject","inLanguage":"pt-BR","@id":"https:\/\/cleitonpinheiro.com.br\/site\/#\/schema\/person\/image\/","url":"https:\/\/secure.gravatar.com\/avatar\/0bcf19cb29fdc8fc588c490c7ae1b3e174dac268586a63fbe1d1893a0f9020cd?s=96&r=g","contentUrl":"https:\/\/secure.gravatar.com\/avatar\/0bcf19cb29fdc8fc588c490c7ae1b3e174dac268586a63fbe1d1893a0f9020cd?s=96&r=g","caption":"Reda\u00e7\u00e3o CP"},"url":"https:\/\/cleitonpinheiro.com.br\/site\/author\/redacao\/"}]}},"views":172,"_links":{"self":[{"href":"https:\/\/cleitonpinheiro.com.br\/site\/wp-json\/wp\/v2\/posts\/73326","targetHints":{"allow":["GET"]}}],"collection":[{"href":"https:\/\/cleitonpinheiro.com.br\/site\/wp-json\/wp\/v2\/posts"}],"about":[{"href":"https:\/\/cleitonpinheiro.com.br\/site\/wp-json\/wp\/v2\/types\/post"}],"author":[{"embeddable":true,"href":"https:\/\/cleitonpinheiro.com.br\/site\/wp-json\/wp\/v2\/users\/13"}],"replies":[{"embeddable":true,"href":"https:\/\/cleitonpinheiro.com.br\/site\/wp-json\/wp\/v2\/comments?post=73326"}],"version-history":[{"count":1,"href":"https:\/\/cleitonpinheiro.com.br\/site\/wp-json\/wp\/v2\/posts\/73326\/revisions"}],"predecessor-version":[{"id":73328,"href":"https:\/\/cleitonpinheiro.com.br\/site\/wp-json\/wp\/v2\/posts\/73326\/revisions\/73328"}],"wp:attachment":[{"href":"https:\/\/cleitonpinheiro.com.br\/site\/wp-json\/wp\/v2\/media?parent=73326"}],"wp:term":[{"taxonomy":"category","embeddable":true,"href":"https:\/\/cleitonpinheiro.com.br\/site\/wp-json\/wp\/v2\/categories?post=73326"},{"taxonomy":"post_tag","embeddable":true,"href":"https:\/\/cleitonpinheiro.com.br\/site\/wp-json\/wp\/v2\/tags?post=73326"}],"curies":[{"name":"wp","href":"https:\/\/api.w.org\/{rel}","templated":true}]}}