{"id":73339,"date":"2023-08-09T17:44:46","date_gmt":"2023-08-09T20:44:46","guid":{"rendered":"https:\/\/cleitonpinheiro.com.br\/site\/?p=73339"},"modified":"2023-08-11T10:11:35","modified_gmt":"2023-08-11T13:11:35","slug":"ajusp-to-protocola-proposta-de-lei-para-governo-do-to-implementar-os-25","status":"publish","type":"post","link":"https:\/\/cleitonpinheiro.com.br\/site\/ajusp-to-protocola-proposta-de-lei-para-governo-do-to-implementar-os-25\/","title":{"rendered":"Ajusp-TO protocola proposta de lei para Governo do TO implementar os 25%"},"content":{"rendered":"\n<figure class=\"wp-block-image size-full\"><img decoding=\"async\" src=\"https:\/\/cleitonpinheiro.com.br\/site\/wp-content\/uploads\/2023\/08\/WhatsApp-Image-2023-08-09-at-09.45.25.jpeg\" alt=\"\" class=\"wp-image-73340\"\/><figcaption class=\"wp-element-caption\">Cleiton Pinheiro: &#8220;os servidores est\u00e3o esperando h\u00e1 mais de 15 anos pela implementa\u00e7\u00e3o dos 25%&#8221; &#8211; Foto: Divulga\u00e7\u00e3o\/Ajusp-TO<\/figcaption><\/figure>\n\n\n\n<p class=\"wp-block-paragraph\">Para garantir o cumprimento da A\u00e7\u00e3o Direta de Inconstitucionalidade (ADI) 4013, a Associa\u00e7\u00e3o de Assist\u00eancia Jur\u00eddica dos Servidores P\u00fablicos no Estado do Tocantins (Ajusp-TO) protocolou um of\u00edcio com uma minuta de projeto de lei, que tamb\u00e9m pode ser uma medida provis\u00f3ria, com as altera\u00e7\u00f5es nas tabelas financeiras do Quadro Geral e da Sa\u00fade. Os dirigentes da Ajusp-TO protocolaram o Of\u00edcio\/Ajusp\u2013TO\/Gabpres\/n\u00b0 011\/2023 ao governador Wanderley Barbosa, na manh\u00e3 desta quarta-feira, 9.<\/p>\n\n\n\n<p class=\"wp-block-paragraph\">\u201cOs servidores est\u00e3o esperando h\u00e1 mais de 15 anos pela implementa\u00e7\u00e3o dos 25%, reajuste concedido por iniciativa do Governo do Estado e revogado sem explica\u00e7\u00e3o e de forma ilegal. Tanto, que o Supremo Tribunal Federal (STF) decidiu, em fase final, no ano passado pela inconstitucionalidade dos artigos que revogaram o aumento salarial\u201d, explica o presidente da Ajusp-TO, Cleiton Pinheiro. Ele destaca que a Ajusp-TO tem cobrado a implementa\u00e7\u00e3o do direito legal: \u201co Governo do Tocantins n\u00e3o sinaliza ou age para cumprir o que foi garantido pelo Supremo.\u201d<\/p>\n\n\n\n<p class=\"wp-block-paragraph\">Ainda em 2016, o STF decidiu por maioria pela inconstitucionalidade dos artigos 2\u00b0 das 1.866\/2007 do Quadro Geral e 1.868\/2007 do Quadro de Sa\u00fade, que revogaram o aumento salarial. Mas, para n\u00e3o cumprir a decis\u00e3o do STF, o Governo do Tocantins ingressou com dois embargos de declara\u00e7\u00e3o s\u00f3 para protelar a implementa\u00e7\u00e3o do direito desses servidores. No final do ano passado, por unanimidade, os ministros do STF rejeitaram o \u00faltimo recurso do Executivo estadual e em 7 de janeiro deste ano foi publicado o tr\u00e2nsito em julgado da ADI 4013.<\/p>\n\n\n\n<p class=\"wp-block-paragraph\">\u201cAgora n\u00e3o cabe mais recursos por parte do Estado, hoje estamos protocolando esta minuta de projeto de lei, que pode ser uma medida provis\u00f3ria, com todas as tabelas financeiras atualizadas para que o Governo do Tocantins possa cumprir a decis\u00e3o do STF na \u00edntegra\u201d, explica Cleiton Pinheiro. Ele destaca que a Ajusp-TO tem cobrado a implementa\u00e7\u00e3o do direito legal: \u201co Governo do Tocantins n\u00e3o sinaliza ou age para cumprir o que foi garantido pelo Supremo.\u201d<\/p>\n\n\n\n<p class=\"wp-block-paragraph\">Para a Ajusp-TO, \u00e9 preciso cumprir a decis\u00e3o judicial com urg\u00eancia para minimizar o sofrimento dos servidores p\u00fablicos estaduais do Quadro Geral e da Sa\u00fade, que aguardam h\u00e1 anos pelos seus direitos. Indo al\u00e9m da via administrativa, a Ajusp-TO tamb\u00e9m ingressou com a\u00e7\u00e3o judicial, de autoria do advogado Juvenal Klayber, requerendo a obriga\u00e7\u00e3o de fazer e de pagar o aumento de 25%.<\/p>\n\n\n\n<p class=\"wp-block-paragraph\"><strong>Menores sal\u00e1rios<br><\/strong>Os cargos efetivos de Auxiliar Administrativo e de Auxiliar de Servi\u00e7os Gerais n\u00e3o foram contemplados no reajuste de 25%, pois o acr\u00e9scimo foi concedido pela Lei 1.855\/2007 somente aos Grupos 1 a 14 do Plano de Cargos, Carreiras e Subs\u00eddios (PCCS), e os dois cargos s\u00e3o dos Grupos 16 e 17, respectivamente. \u201cMas, por uma quest\u00e3o de isonomia e tratamento igualit\u00e1rio, pedimos ao governo do Estado que conceda os 25%. At\u00e9 porque essas carreiras ficaram com os seus sal\u00e1rios muito defasados ao longo dos anos, uma vez, que o pagamento da Data Base passou a ocorrer a partir de 2008\u201d, ressalta o presidente da Ajusp-TO.<\/p>\n\n\n\n<p class=\"wp-block-paragraph\"><strong><mark>Confira o Of\u00edcio n\u00ba 11, proposta de lei e de tabelas&nbsp;<a href=\"https:\/\/drive.google.com\/file\/d\/14Qk6BZ9p457eiw5A3wNKtAhIdD-8ZYbo\/view?usp=sharing\">AQUI<\/a>.<\/mark><\/strong><\/p>\n","protected":false},"excerpt":{"rendered":"<p>Para garantir o cumprimento da A\u00e7\u00e3o Direta de Inconstitucionalidade (ADI) 4013, a Associa\u00e7\u00e3o de Assist\u00eancia Jur\u00eddica dos Servidores P\u00fablicos no Estado do Tocantins (Ajusp-TO) protocolou um of\u00edcio com uma minuta de projeto de lei, que tamb\u00e9m pode ser uma medida provis\u00f3ria, com as altera\u00e7\u00f5es nas tabelas financeiras do Quadro Geral e da Sa\u00fade. Os dirigentes [&hellip;]<\/p>\n","protected":false},"author":13,"featured_media":0,"comment_status":"open","ping_status":"open","sticky":false,"template":"","format":"standard","meta":{"_acf_changed":false,"footnotes":""},"categories":[25,898],"tags":[1009,1110],"class_list":["post-73339","post","type-post","status-publish","format-standard","hentry","category-funcionalismo","category-manchete-segundaria","tag-ajusp-to","tag-aumento-de-25"],"acf":[],"yoast_head":"<!-- This site is optimized with the Yoast SEO plugin v24.4 - https:\/\/yoast.com\/wordpress\/plugins\/seo\/ -->\n<title>Ajusp-TO protocola proposta de lei para Governo do TO implementar os 25% - PORTAL DE NOT\u00cdCIAS CLEITON PINHEIRO<\/title>\n<meta name=\"robots\" content=\"index, follow, max-snippet:-1, max-image-preview:large, max-video-preview:-1\" \/>\n<link rel=\"canonical\" href=\"https:\/\/cleitonpinheiro.com.br\/site\/ajusp-to-protocola-proposta-de-lei-para-governo-do-to-implementar-os-25\/\" \/>\n<meta property=\"og:locale\" content=\"pt_BR\" \/>\n<meta property=\"og:type\" content=\"article\" \/>\n<meta property=\"og:title\" content=\"Ajusp-TO protocola proposta de lei para Governo do TO implementar os 25% - PORTAL DE NOT\u00cdCIAS CLEITON PINHEIRO\" \/>\n<meta property=\"og:description\" content=\"Para garantir o cumprimento da A\u00e7\u00e3o Direta de Inconstitucionalidade (ADI) 4013, a Associa\u00e7\u00e3o de Assist\u00eancia Jur\u00eddica dos Servidores P\u00fablicos no Estado do Tocantins (Ajusp-TO) protocolou um of\u00edcio com uma minuta de projeto de lei, que tamb\u00e9m pode ser uma medida provis\u00f3ria, com as altera\u00e7\u00f5es nas tabelas financeiras do Quadro Geral e da Sa\u00fade. Os dirigentes [&hellip;]\" \/>\n<meta property=\"og:url\" content=\"https:\/\/cleitonpinheiro.com.br\/site\/ajusp-to-protocola-proposta-de-lei-para-governo-do-to-implementar-os-25\/\" \/>\n<meta property=\"og:site_name\" content=\"PORTAL DE NOT\u00cdCIAS CLEITON PINHEIRO\" \/>\n<meta property=\"article:publisher\" content=\"https:\/\/www.facebook.com\/portalcpnoticias\/\" \/>\n<meta property=\"article:published_time\" content=\"2023-08-09T20:44:46+00:00\" \/>\n<meta property=\"article:modified_time\" content=\"2023-08-11T13:11:35+00:00\" \/>\n<meta property=\"og:image\" content=\"https:\/\/cleitonpinheiro.com.br\/site\/wp-content\/uploads\/2023\/08\/WhatsApp-Image-2023-08-09-at-09.45.25.jpeg\" \/>\n\t<meta property=\"og:image:width\" content=\"1600\" \/>\n\t<meta property=\"og:image:height\" content=\"1197\" \/>\n\t<meta property=\"og:image:type\" content=\"image\/jpeg\" \/>\n<meta name=\"author\" content=\"Reda\u00e7\u00e3o CP\" \/>\n<meta name=\"twitter:card\" content=\"summary_large_image\" \/>\n<meta name=\"twitter:label1\" content=\"Escrito por\" \/>\n\t<meta name=\"twitter:data1\" content=\"Reda\u00e7\u00e3o CP\" \/>\n\t<meta name=\"twitter:label2\" content=\"Est. tempo de leitura\" \/>\n\t<meta name=\"twitter:data2\" content=\"4 minutos\" \/>\n<script type=\"application\/ld+json\" class=\"yoast-schema-graph\">{\"@context\":\"https:\/\/schema.org\",\"@graph\":[{\"@type\":\"Article\",\"@id\":\"https:\/\/cleitonpinheiro.com.br\/site\/ajusp-to-protocola-proposta-de-lei-para-governo-do-to-implementar-os-25\/#article\",\"isPartOf\":{\"@id\":\"https:\/\/cleitonpinheiro.com.br\/site\/ajusp-to-protocola-proposta-de-lei-para-governo-do-to-implementar-os-25\/\"},\"author\":{\"name\":\"Reda\u00e7\u00e3o CP\",\"@id\":\"https:\/\/cleitonpinheiro.com.br\/site\/#\/schema\/person\/8f04544e0bc40a1b68775b08360f87db\"},\"headline\":\"Ajusp-TO protocola proposta de lei para Governo do TO implementar os 25%\",\"datePublished\":\"2023-08-09T20:44:46+00:00\",\"dateModified\":\"2023-08-11T13:11:35+00:00\",\"mainEntityOfPage\":{\"@id\":\"https:\/\/cleitonpinheiro.com.br\/site\/ajusp-to-protocola-proposta-de-lei-para-governo-do-to-implementar-os-25\/\"},\"wordCount\":562,\"commentCount\":0,\"publisher\":{\"@id\":\"https:\/\/cleitonpinheiro.com.br\/site\/#organization\"},\"image\":{\"@id\":\"https:\/\/cleitonpinheiro.com.br\/site\/ajusp-to-protocola-proposta-de-lei-para-governo-do-to-implementar-os-25\/#primaryimage\"},\"thumbnailUrl\":\"https:\/\/cleitonpinheiro.com.br\/site\/wp-content\/uploads\/2023\/08\/WhatsApp-Image-2023-08-09-at-09.45.25.jpeg\",\"keywords\":[\"Ajusp-TO\",\"Aumento de 25%\"],\"articleSection\":[\"FUNCIONALISMO\",\"MANCHETE SEGUND\u00c1RIA\"],\"inLanguage\":\"pt-BR\",\"potentialAction\":[{\"@type\":\"CommentAction\",\"name\":\"Comment\",\"target\":[\"https:\/\/cleitonpinheiro.com.br\/site\/ajusp-to-protocola-proposta-de-lei-para-governo-do-to-implementar-os-25\/#respond\"]}]},{\"@type\":\"WebPage\",\"@id\":\"https:\/\/cleitonpinheiro.com.br\/site\/ajusp-to-protocola-proposta-de-lei-para-governo-do-to-implementar-os-25\/\",\"url\":\"https:\/\/cleitonpinheiro.com.br\/site\/ajusp-to-protocola-proposta-de-lei-para-governo-do-to-implementar-os-25\/\",\"name\":\"Ajusp-TO protocola proposta de lei para Governo do TO implementar os 25% - PORTAL DE NOT\u00cdCIAS CLEITON PINHEIRO\",\"isPartOf\":{\"@id\":\"https:\/\/cleitonpinheiro.com.br\/site\/#website\"},\"primaryImageOfPage\":{\"@id\":\"https:\/\/cleitonpinheiro.com.br\/site\/ajusp-to-protocola-proposta-de-lei-para-governo-do-to-implementar-os-25\/#primaryimage\"},\"image\":{\"@id\":\"https:\/\/cleitonpinheiro.com.br\/site\/ajusp-to-protocola-proposta-de-lei-para-governo-do-to-implementar-os-25\/#primaryimage\"},\"thumbnailUrl\":\"https:\/\/cleitonpinheiro.com.br\/site\/wp-content\/uploads\/2023\/08\/WhatsApp-Image-2023-08-09-at-09.45.25.jpeg\",\"datePublished\":\"2023-08-09T20:44:46+00:00\",\"dateModified\":\"2023-08-11T13:11:35+00:00\",\"breadcrumb\":{\"@id\":\"https:\/\/cleitonpinheiro.com.br\/site\/ajusp-to-protocola-proposta-de-lei-para-governo-do-to-implementar-os-25\/#breadcrumb\"},\"inLanguage\":\"pt-BR\",\"potentialAction\":[{\"@type\":\"ReadAction\",\"target\":[\"https:\/\/cleitonpinheiro.com.br\/site\/ajusp-to-protocola-proposta-de-lei-para-governo-do-to-implementar-os-25\/\"]}]},{\"@type\":\"ImageObject\",\"inLanguage\":\"pt-BR\",\"@id\":\"https:\/\/cleitonpinheiro.com.br\/site\/ajusp-to-protocola-proposta-de-lei-para-governo-do-to-implementar-os-25\/#primaryimage\",\"url\":\"\",\"contentUrl\":\"\"},{\"@type\":\"BreadcrumbList\",\"@id\":\"https:\/\/cleitonpinheiro.com.br\/site\/ajusp-to-protocola-proposta-de-lei-para-governo-do-to-implementar-os-25\/#breadcrumb\",\"itemListElement\":[{\"@type\":\"ListItem\",\"position\":1,\"name\":\"In\u00edcio\",\"item\":\"https:\/\/cleitonpinheiro.com.br\/site\/\"},{\"@type\":\"ListItem\",\"position\":2,\"name\":\"Ajusp-TO protocola proposta de lei para Governo do TO implementar os 25%\"}]},{\"@type\":\"WebSite\",\"@id\":\"https:\/\/cleitonpinheiro.com.br\/site\/#website\",\"url\":\"https:\/\/cleitonpinheiro.com.br\/site\/\",\"name\":\"PORTAL DE NOT\u00cdCIAS CLEITON PINHEIRO\",\"description\":\"FALANDO A VERDADE\",\"publisher\":{\"@id\":\"https:\/\/cleitonpinheiro.com.br\/site\/#organization\"},\"potentialAction\":[{\"@type\":\"SearchAction\",\"target\":{\"@type\":\"EntryPoint\",\"urlTemplate\":\"https:\/\/cleitonpinheiro.com.br\/site\/?s={search_term_string}\"},\"query-input\":{\"@type\":\"PropertyValueSpecification\",\"valueRequired\":true,\"valueName\":\"search_term_string\"}}],\"inLanguage\":\"pt-BR\"},{\"@type\":\"Organization\",\"@id\":\"https:\/\/cleitonpinheiro.com.br\/site\/#organization\",\"name\":\"CPNOT\u00cdCIAS\",\"url\":\"https:\/\/cleitonpinheiro.com.br\/site\/\",\"logo\":{\"@type\":\"ImageObject\",\"inLanguage\":\"pt-BR\",\"@id\":\"https:\/\/cleitonpinheiro.com.br\/site\/#\/schema\/logo\/image\/\",\"url\":\"https:\/\/cleitonpinheiro.com.br\/site\/wp-content\/uploads\/2022\/08\/Logo-pequena-2.png\",\"contentUrl\":\"https:\/\/cleitonpinheiro.com.br\/site\/wp-content\/uploads\/2022\/08\/Logo-pequena-2.png\",\"width\":500,\"height\":500,\"caption\":\"CPNOT\u00cdCIAS\"},\"image\":{\"@id\":\"https:\/\/cleitonpinheiro.com.br\/site\/#\/schema\/logo\/image\/\"},\"sameAs\":[\"https:\/\/www.facebook.com\/portalcpnoticias\/\"]},{\"@type\":\"Person\",\"@id\":\"https:\/\/cleitonpinheiro.com.br\/site\/#\/schema\/person\/8f04544e0bc40a1b68775b08360f87db\",\"name\":\"Reda\u00e7\u00e3o CP\",\"image\":{\"@type\":\"ImageObject\",\"inLanguage\":\"pt-BR\",\"@id\":\"https:\/\/cleitonpinheiro.com.br\/site\/#\/schema\/person\/image\/\",\"url\":\"https:\/\/secure.gravatar.com\/avatar\/0bcf19cb29fdc8fc588c490c7ae1b3e174dac268586a63fbe1d1893a0f9020cd?s=96&r=g\",\"contentUrl\":\"https:\/\/secure.gravatar.com\/avatar\/0bcf19cb29fdc8fc588c490c7ae1b3e174dac268586a63fbe1d1893a0f9020cd?s=96&r=g\",\"caption\":\"Reda\u00e7\u00e3o CP\"},\"url\":\"https:\/\/cleitonpinheiro.com.br\/site\/author\/redacao\/\"}]}<\/script>\n<!-- \/ Yoast SEO plugin. -->","yoast_head_json":{"title":"Ajusp-TO protocola proposta de lei para Governo do TO implementar os 25% - PORTAL DE NOT\u00cdCIAS CLEITON PINHEIRO","robots":{"index":"index","follow":"follow","max-snippet":"max-snippet:-1","max-image-preview":"max-image-preview:large","max-video-preview":"max-video-preview:-1"},"canonical":"https:\/\/cleitonpinheiro.com.br\/site\/ajusp-to-protocola-proposta-de-lei-para-governo-do-to-implementar-os-25\/","og_locale":"pt_BR","og_type":"article","og_title":"Ajusp-TO protocola proposta de lei para Governo do TO implementar os 25% - PORTAL DE NOT\u00cdCIAS CLEITON PINHEIRO","og_description":"Para garantir o cumprimento da A\u00e7\u00e3o Direta de Inconstitucionalidade (ADI) 4013, a Associa\u00e7\u00e3o de Assist\u00eancia Jur\u00eddica dos Servidores P\u00fablicos no Estado do Tocantins (Ajusp-TO) protocolou um of\u00edcio com uma minuta de projeto de lei, que tamb\u00e9m pode ser uma medida provis\u00f3ria, com as altera\u00e7\u00f5es nas tabelas financeiras do Quadro Geral e da Sa\u00fade. Os dirigentes [&hellip;]","og_url":"https:\/\/cleitonpinheiro.com.br\/site\/ajusp-to-protocola-proposta-de-lei-para-governo-do-to-implementar-os-25\/","og_site_name":"PORTAL DE NOT\u00cdCIAS CLEITON PINHEIRO","article_publisher":"https:\/\/www.facebook.com\/portalcpnoticias\/","article_published_time":"2023-08-09T20:44:46+00:00","article_modified_time":"2023-08-11T13:11:35+00:00","og_image":[{"width":1600,"height":1197,"url":"https:\/\/cleitonpinheiro.com.br\/site\/wp-content\/uploads\/2023\/08\/WhatsApp-Image-2023-08-09-at-09.45.25.jpeg","type":"image\/jpeg"}],"author":"Reda\u00e7\u00e3o CP","twitter_card":"summary_large_image","twitter_misc":{"Escrito por":"Reda\u00e7\u00e3o CP","Est. tempo de leitura":"4 minutos"},"schema":{"@context":"https:\/\/schema.org","@graph":[{"@type":"Article","@id":"https:\/\/cleitonpinheiro.com.br\/site\/ajusp-to-protocola-proposta-de-lei-para-governo-do-to-implementar-os-25\/#article","isPartOf":{"@id":"https:\/\/cleitonpinheiro.com.br\/site\/ajusp-to-protocola-proposta-de-lei-para-governo-do-to-implementar-os-25\/"},"author":{"name":"Reda\u00e7\u00e3o CP","@id":"https:\/\/cleitonpinheiro.com.br\/site\/#\/schema\/person\/8f04544e0bc40a1b68775b08360f87db"},"headline":"Ajusp-TO protocola proposta de lei para Governo do TO implementar os 25%","datePublished":"2023-08-09T20:44:46+00:00","dateModified":"2023-08-11T13:11:35+00:00","mainEntityOfPage":{"@id":"https:\/\/cleitonpinheiro.com.br\/site\/ajusp-to-protocola-proposta-de-lei-para-governo-do-to-implementar-os-25\/"},"wordCount":562,"commentCount":0,"publisher":{"@id":"https:\/\/cleitonpinheiro.com.br\/site\/#organization"},"image":{"@id":"https:\/\/cleitonpinheiro.com.br\/site\/ajusp-to-protocola-proposta-de-lei-para-governo-do-to-implementar-os-25\/#primaryimage"},"thumbnailUrl":"https:\/\/cleitonpinheiro.com.br\/site\/wp-content\/uploads\/2023\/08\/WhatsApp-Image-2023-08-09-at-09.45.25.jpeg","keywords":["Ajusp-TO","Aumento de 25%"],"articleSection":["FUNCIONALISMO","MANCHETE SEGUND\u00c1RIA"],"inLanguage":"pt-BR","potentialAction":[{"@type":"CommentAction","name":"Comment","target":["https:\/\/cleitonpinheiro.com.br\/site\/ajusp-to-protocola-proposta-de-lei-para-governo-do-to-implementar-os-25\/#respond"]}]},{"@type":"WebPage","@id":"https:\/\/cleitonpinheiro.com.br\/site\/ajusp-to-protocola-proposta-de-lei-para-governo-do-to-implementar-os-25\/","url":"https:\/\/cleitonpinheiro.com.br\/site\/ajusp-to-protocola-proposta-de-lei-para-governo-do-to-implementar-os-25\/","name":"Ajusp-TO protocola proposta de lei para Governo do TO implementar os 25% - PORTAL DE NOT\u00cdCIAS CLEITON PINHEIRO","isPartOf":{"@id":"https:\/\/cleitonpinheiro.com.br\/site\/#website"},"primaryImageOfPage":{"@id":"https:\/\/cleitonpinheiro.com.br\/site\/ajusp-to-protocola-proposta-de-lei-para-governo-do-to-implementar-os-25\/#primaryimage"},"image":{"@id":"https:\/\/cleitonpinheiro.com.br\/site\/ajusp-to-protocola-proposta-de-lei-para-governo-do-to-implementar-os-25\/#primaryimage"},"thumbnailUrl":"https:\/\/cleitonpinheiro.com.br\/site\/wp-content\/uploads\/2023\/08\/WhatsApp-Image-2023-08-09-at-09.45.25.jpeg","datePublished":"2023-08-09T20:44:46+00:00","dateModified":"2023-08-11T13:11:35+00:00","breadcrumb":{"@id":"https:\/\/cleitonpinheiro.com.br\/site\/ajusp-to-protocola-proposta-de-lei-para-governo-do-to-implementar-os-25\/#breadcrumb"},"inLanguage":"pt-BR","potentialAction":[{"@type":"ReadAction","target":["https:\/\/cleitonpinheiro.com.br\/site\/ajusp-to-protocola-proposta-de-lei-para-governo-do-to-implementar-os-25\/"]}]},{"@type":"ImageObject","inLanguage":"pt-BR","@id":"https:\/\/cleitonpinheiro.com.br\/site\/ajusp-to-protocola-proposta-de-lei-para-governo-do-to-implementar-os-25\/#primaryimage","url":"","contentUrl":""},{"@type":"BreadcrumbList","@id":"https:\/\/cleitonpinheiro.com.br\/site\/ajusp-to-protocola-proposta-de-lei-para-governo-do-to-implementar-os-25\/#breadcrumb","itemListElement":[{"@type":"ListItem","position":1,"name":"In\u00edcio","item":"https:\/\/cleitonpinheiro.com.br\/site\/"},{"@type":"ListItem","position":2,"name":"Ajusp-TO protocola proposta de lei para Governo do TO implementar os 25%"}]},{"@type":"WebSite","@id":"https:\/\/cleitonpinheiro.com.br\/site\/#website","url":"https:\/\/cleitonpinheiro.com.br\/site\/","name":"PORTAL DE NOT\u00cdCIAS CLEITON PINHEIRO","description":"FALANDO A VERDADE","publisher":{"@id":"https:\/\/cleitonpinheiro.com.br\/site\/#organization"},"potentialAction":[{"@type":"SearchAction","target":{"@type":"EntryPoint","urlTemplate":"https:\/\/cleitonpinheiro.com.br\/site\/?s={search_term_string}"},"query-input":{"@type":"PropertyValueSpecification","valueRequired":true,"valueName":"search_term_string"}}],"inLanguage":"pt-BR"},{"@type":"Organization","@id":"https:\/\/cleitonpinheiro.com.br\/site\/#organization","name":"CPNOT\u00cdCIAS","url":"https:\/\/cleitonpinheiro.com.br\/site\/","logo":{"@type":"ImageObject","inLanguage":"pt-BR","@id":"https:\/\/cleitonpinheiro.com.br\/site\/#\/schema\/logo\/image\/","url":"https:\/\/cleitonpinheiro.com.br\/site\/wp-content\/uploads\/2022\/08\/Logo-pequena-2.png","contentUrl":"https:\/\/cleitonpinheiro.com.br\/site\/wp-content\/uploads\/2022\/08\/Logo-pequena-2.png","width":500,"height":500,"caption":"CPNOT\u00cdCIAS"},"image":{"@id":"https:\/\/cleitonpinheiro.com.br\/site\/#\/schema\/logo\/image\/"},"sameAs":["https:\/\/www.facebook.com\/portalcpnoticias\/"]},{"@type":"Person","@id":"https:\/\/cleitonpinheiro.com.br\/site\/#\/schema\/person\/8f04544e0bc40a1b68775b08360f87db","name":"Reda\u00e7\u00e3o CP","image":{"@type":"ImageObject","inLanguage":"pt-BR","@id":"https:\/\/cleitonpinheiro.com.br\/site\/#\/schema\/person\/image\/","url":"https:\/\/secure.gravatar.com\/avatar\/0bcf19cb29fdc8fc588c490c7ae1b3e174dac268586a63fbe1d1893a0f9020cd?s=96&r=g","contentUrl":"https:\/\/secure.gravatar.com\/avatar\/0bcf19cb29fdc8fc588c490c7ae1b3e174dac268586a63fbe1d1893a0f9020cd?s=96&r=g","caption":"Reda\u00e7\u00e3o CP"},"url":"https:\/\/cleitonpinheiro.com.br\/site\/author\/redacao\/"}]}},"views":208,"_links":{"self":[{"href":"https:\/\/cleitonpinheiro.com.br\/site\/wp-json\/wp\/v2\/posts\/73339","targetHints":{"allow":["GET"]}}],"collection":[{"href":"https:\/\/cleitonpinheiro.com.br\/site\/wp-json\/wp\/v2\/posts"}],"about":[{"href":"https:\/\/cleitonpinheiro.com.br\/site\/wp-json\/wp\/v2\/types\/post"}],"author":[{"embeddable":true,"href":"https:\/\/cleitonpinheiro.com.br\/site\/wp-json\/wp\/v2\/users\/13"}],"replies":[{"embeddable":true,"href":"https:\/\/cleitonpinheiro.com.br\/site\/wp-json\/wp\/v2\/comments?post=73339"}],"version-history":[{"count":1,"href":"https:\/\/cleitonpinheiro.com.br\/site\/wp-json\/wp\/v2\/posts\/73339\/revisions"}],"predecessor-version":[{"id":73341,"href":"https:\/\/cleitonpinheiro.com.br\/site\/wp-json\/wp\/v2\/posts\/73339\/revisions\/73341"}],"wp:attachment":[{"href":"https:\/\/cleitonpinheiro.com.br\/site\/wp-json\/wp\/v2\/media?parent=73339"}],"wp:term":[{"taxonomy":"category","embeddable":true,"href":"https:\/\/cleitonpinheiro.com.br\/site\/wp-json\/wp\/v2\/categories?post=73339"},{"taxonomy":"post_tag","embeddable":true,"href":"https:\/\/cleitonpinheiro.com.br\/site\/wp-json\/wp\/v2\/tags?post=73339"}],"curies":[{"name":"wp","href":"https:\/\/api.w.org\/{rel}","templated":true}]}}