{"id":73342,"date":"2023-08-09T18:46:30","date_gmt":"2023-08-09T21:46:30","guid":{"rendered":"https:\/\/cleitonpinheiro.com.br\/site\/?p=73342"},"modified":"2023-08-09T18:46:32","modified_gmt":"2023-08-09T21:46:32","slug":"relatora-quer-reconvocar-silvinei-e-fazer-acareacao-com-policiais","status":"publish","type":"post","link":"https:\/\/cleitonpinheiro.com.br\/site\/relatora-quer-reconvocar-silvinei-e-fazer-acareacao-com-policiais\/","title":{"rendered":"Relatora quer reconvocar Silvinei e fazer acarea\u00e7\u00e3o com policiais"},"content":{"rendered":"\n<figure class=\"wp-block-image size-full\"><img decoding=\"async\" src=\"https:\/\/cleitonpinheiro.com.br\/site\/wp-content\/uploads\/2023\/08\/lula5097-29.jpg\" alt=\"\" class=\"wp-image-73343\"\/><figcaption class=\"wp-element-caption\">Para Eliziane, ex-diretor da PRF mentiu no depoimento \u00e0 CPMI &#8211; Foto: Lula Marques\/Ag\u00eancia Brasil<\/figcaption><\/figure>\n\n\n\n<p class=\"wp-block-paragraph\"><strong>Da Ag\u00eancia Brasil<\/strong><\/p>\n\n\n\n<p class=\"wp-block-paragraph\">Com a\u00a0<a href=\"https:\/\/agenciabrasil.ebc.com.br\/geral\/noticia\/2023-08\/policia-federal-prende-ex-diretor-geral-da-prf-silvinei-vasques\" target=\"_blank\" rel=\"noreferrer noopener\">pris\u00e3o do ex-diretor-geral da Pol\u00edcia Rodovi\u00e1ria Federal (PRF) Silvinei Vasques<\/a>\u00a0nesta quarta-feira (9),\u00a0a relatora da Comiss\u00e3o Parlamentar Mista de Inqu\u00e9rito (CPMI) do dia 8 de janeiro, Eliziane Gama (PSD-MA), defendeu convocar o ex-diretor novamente.\u00a0\u00a0<img decoding=\"async\" src=\"https:\/\/agenciabrasil.ebc.com.br\/ebc.png?id=1548057&amp;o=node\"><img decoding=\"async\" src=\"https:\/\/agenciabrasil.ebc.com.br\/ebc.gif?id=1548057&amp;o=node\"><\/p>\n\n\n\n<p class=\"wp-block-paragraph\">A senadora acrescentou que poder\u00e1 pedir a acarea\u00e7\u00e3o dele com o segundo escal\u00e3o da PRF para esclarecer sobre uma poss\u00edvel reuni\u00e3o que definiu a atua\u00e7\u00e3o da institui\u00e7\u00e3o no 2\u00ba turno das elei\u00e7\u00f5es de 2022.&nbsp;<\/p>\n\n\n\n<p class=\"wp-block-paragraph\">Eliziane argumentou que Silvinei mentiu no depoimento dele \u00e0 CMPI ao&nbsp;<a href=\"https:\/\/agenciabrasil.ebc.com.br\/politica\/noticia\/2023-06\/ex-diretor-da-prf-nega-interferencia-nas-eleicoes-presidenciais\" target=\"_blank\" rel=\"noreferrer noopener\">negar uma maior concentra\u00e7\u00e3o de policiais rodovi\u00e1rios no Nordeste<\/a>&nbsp;em compara\u00e7\u00e3o a outras regi\u00f5es.&nbsp;Dados da PRF divulgados pelo Minist\u00e9rio da Justi\u00e7a e Seguran\u00e7a P\u00fablica mostram que o&nbsp;<a href=\"https:\/\/agenciabrasil.ebc.com.br\/geral\/noticia\/2023-04\/nordeste-concentra-quase-metade-dos-onibus-fiscalizados-no-2o-turno\" target=\"_blank\" rel=\"noreferrer noopener\">Nordeste concentrou quase metade dos \u00f4nibus fiscalizados<\/a>&nbsp;no 2\u00ba turno da elei\u00e7\u00e3o de 2022. &nbsp; &nbsp;&nbsp;<\/p>\n\n\n\n<blockquote class=\"wp-block-quote is-layout-flow wp-block-quote-is-layout-flow\">\n<p class=\"wp-block-paragraph\">\u201cHoje, mais do que nunca, a partir desta pris\u00e3o, est\u00e1 clara a necessidade de reconvoca\u00e7\u00e3o e fazer uma compatibilidade a partir dos documentos que n\u00f3s levantamos com a fala que ele trouxe aqui na comiss\u00e3o\u201d, defendeu Eliziane.<\/p>\n<\/blockquote>\n\n\n\n<p class=\"wp-block-paragraph\">Para aprovar a reconvoca\u00e7\u00e3o, o presidente da Comiss\u00e3o, deputado federal Arthur Maia (Uni\u00e3o-BA), precisa marcar uma sess\u00e3o deliberativa, o que ainda n\u00e3o ocorreu.&nbsp;&nbsp;<\/p>\n\n\n\n<p class=\"wp-block-paragraph\">Eliziane revelou que os relat\u00f3rios e as ordens de servi\u00e7os que chegaram \u00e0 CPMI mostram que houve um \u201cdirecionamento desses policiais para a Regi\u00e3o Nordeste. Inclusive com o aumento exponencial de di\u00e1rias\u201d.&nbsp;&nbsp;<\/p>\n\n\n\n<p class=\"wp-block-paragraph\">A relatora acrescentou que possui informa\u00e7\u00f5es sobre uma reuni\u00e3o de Silvinei com policiais do segundo&nbsp;escal\u00e3o da PRF para definir os locais das opera\u00e7\u00f5es de fiscaliza\u00e7\u00e3o no 2\u00ba turno a partir do n\u00famero de votos que o ent\u00e3o candidato Luiz In\u00e1cio Lula da Silva teve no 1\u00ba turno. Ainda segundo Eliziane, h\u00e1 informa\u00e7\u00f5es de que Silvinei pediu a retirada de todos os celulares da reuni\u00e3o, que contou tamb\u00e9m com aparelhos que obstru\u00edam a comunica\u00e7\u00e3o dentro da sala.&nbsp;&nbsp;<\/p>\n\n\n\n<p class=\"wp-block-paragraph\">\u201cDiante desses fatos, tamb\u00e9m poder\u00e1 haver, em algum momento na comiss\u00e3o, o pedido de acarea\u00e7\u00e3o do Silvinei com esse segundo escal\u00e3o da Pol\u00edcia Rodovi\u00e1ria Federal que participou dessa reuni\u00e3o\u201d,&nbsp;concluiu.&nbsp;&nbsp;<\/p>\n\n\n\n<h2 class=\"wp-block-heading\">Delgatti<\/h2>\n\n\n\n<p class=\"wp-block-paragraph\">A oitiva do hacker Walter Delgatti Neto, marcada para esta quinta-feira (10), foi cancelada pela CPMI e transferida&nbsp;para pr\u00f3xima quinta-feira (16).&nbsp;Segundo Eliziane, como ele est\u00e1 preso em S\u00e3o Paulo, h\u00e1 uma dificuldade de log\u00edstica para traz\u00ea-lo a Bras\u00edlia at\u00e9 amanh\u00e3. A convoca\u00e7\u00e3o foi aprovada ap\u00f3s a pris\u00e3o dele na semana passada. Segundo um dos requerimentos de convoca\u00e7\u00e3o, o depoimento dele \u00e9 importante para \u201cesclarecer como a deputada Carla Zambelli [PL-SP] atuou de modo a questionar a legitimidade do sistema eleitoral brasileiro nas elei\u00e7\u00f5es de 2022\u201d.&nbsp;<\/p>\n\n\n\n<p class=\"wp-block-paragraph\">Na pr\u00f3xima ter\u00e7a-feira (14), a comiss\u00e3o vai ouvir o o fot\u00f3grafo Adriano Machado, que trabalhou pela ag\u00eancia de not\u00edcias Reuters no dia da invas\u00e3o da Pra\u00e7a dos Tr\u00eas Poderes. Deputados da oposi\u00e7\u00e3o sugerem que Machado teria combinado as fotos com os invasores.<\/p>\n\n\n\n<p class=\"wp-block-paragraph\">J\u00e1 a sess\u00e3o desta quinta-feira (10) foi cancelada devido ao falecimento de uma pessoa pr\u00f3xima da relatora Eliziane Gama. A Comiss\u00e3o ouviria nesta quinta a&nbsp;policial militar Marcela da Silva Morais Pinno, promovida&nbsp;por \u201catos de bravura\u201d ao tentar impedir os ataques aos pr\u00e9dios dos Tr\u00eas Poderes, em Bras\u00edlia. Marcela chegou a ser jogada de uma altura de 3 metros da c\u00fapula do Congresso Nacional.<\/p>\n","protected":false},"excerpt":{"rendered":"<p>Da Ag\u00eancia Brasil Com a\u00a0pris\u00e3o do ex-diretor-geral da Pol\u00edcia Rodovi\u00e1ria Federal (PRF) Silvinei Vasques\u00a0nesta quarta-feira (9),\u00a0a relatora da Comiss\u00e3o Parlamentar Mista de Inqu\u00e9rito (CPMI) do dia 8 de janeiro, Eliziane Gama (PSD-MA), defendeu convocar o ex-diretor novamente.\u00a0\u00a0 A senadora acrescentou que poder\u00e1 pedir a acarea\u00e7\u00e3o dele com o segundo escal\u00e3o da PRF para esclarecer sobre [&hellip;]<\/p>\n","protected":false},"author":13,"featured_media":0,"comment_status":"open","ping_status":"open","sticky":false,"template":"","format":"standard","meta":{"_acf_changed":false,"footnotes":""},"categories":[898,23],"tags":[1113,1112,166,1111],"class_list":["post-73342","post","type-post","status-publish","format-standard","hentry","category-manchete-segundaria","category-politica","tag-cpmi-dos-atos-golpistas","tag-pf","tag-prf","tag-silvinei-vasques"],"acf":[],"yoast_head":"<!-- This site is optimized with the Yoast SEO plugin v24.4 - https:\/\/yoast.com\/wordpress\/plugins\/seo\/ -->\n<title>Relatora quer reconvocar Silvinei e fazer acarea\u00e7\u00e3o com policiais - PORTAL DE NOT\u00cdCIAS CLEITON PINHEIRO<\/title>\n<meta name=\"robots\" content=\"index, follow, max-snippet:-1, max-image-preview:large, max-video-preview:-1\" \/>\n<link rel=\"canonical\" href=\"https:\/\/cleitonpinheiro.com.br\/site\/relatora-quer-reconvocar-silvinei-e-fazer-acareacao-com-policiais\/\" \/>\n<meta property=\"og:locale\" content=\"pt_BR\" \/>\n<meta property=\"og:type\" content=\"article\" \/>\n<meta property=\"og:title\" content=\"Relatora quer reconvocar Silvinei e fazer acarea\u00e7\u00e3o com policiais - PORTAL DE NOT\u00cdCIAS CLEITON PINHEIRO\" \/>\n<meta property=\"og:description\" content=\"Da Ag\u00eancia Brasil Com a\u00a0pris\u00e3o do ex-diretor-geral da Pol\u00edcia Rodovi\u00e1ria Federal (PRF) Silvinei Vasques\u00a0nesta quarta-feira (9),\u00a0a relatora da Comiss\u00e3o Parlamentar Mista de Inqu\u00e9rito (CPMI) do dia 8 de janeiro, Eliziane Gama (PSD-MA), defendeu convocar o ex-diretor novamente.\u00a0\u00a0 A senadora acrescentou que poder\u00e1 pedir a acarea\u00e7\u00e3o dele com o segundo escal\u00e3o da PRF para esclarecer sobre [&hellip;]\" \/>\n<meta property=\"og:url\" content=\"https:\/\/cleitonpinheiro.com.br\/site\/relatora-quer-reconvocar-silvinei-e-fazer-acareacao-com-policiais\/\" \/>\n<meta property=\"og:site_name\" content=\"PORTAL DE NOT\u00cdCIAS CLEITON PINHEIRO\" \/>\n<meta property=\"article:publisher\" content=\"https:\/\/www.facebook.com\/portalcpnoticias\/\" \/>\n<meta property=\"article:published_time\" content=\"2023-08-09T21:46:30+00:00\" \/>\n<meta property=\"article:modified_time\" content=\"2023-08-09T21:46:32+00:00\" \/>\n<meta property=\"og:image\" content=\"https:\/\/cleitonpinheiro.com.br\/site\/wp-content\/uploads\/2023\/08\/lula5097-29.jpg\" \/>\n\t<meta property=\"og:image:width\" content=\"1170\" \/>\n\t<meta property=\"og:image:height\" content=\"700\" \/>\n\t<meta property=\"og:image:type\" content=\"image\/jpeg\" \/>\n<meta name=\"author\" content=\"Reda\u00e7\u00e3o CP\" \/>\n<meta name=\"twitter:card\" content=\"summary_large_image\" \/>\n<meta name=\"twitter:label1\" content=\"Escrito por\" \/>\n\t<meta name=\"twitter:data1\" content=\"Reda\u00e7\u00e3o CP\" \/>\n\t<meta name=\"twitter:label2\" content=\"Est. tempo de leitura\" \/>\n\t<meta name=\"twitter:data2\" content=\"4 minutos\" \/>\n<script type=\"application\/ld+json\" class=\"yoast-schema-graph\">{\"@context\":\"https:\/\/schema.org\",\"@graph\":[{\"@type\":\"Article\",\"@id\":\"https:\/\/cleitonpinheiro.com.br\/site\/relatora-quer-reconvocar-silvinei-e-fazer-acareacao-com-policiais\/#article\",\"isPartOf\":{\"@id\":\"https:\/\/cleitonpinheiro.com.br\/site\/relatora-quer-reconvocar-silvinei-e-fazer-acareacao-com-policiais\/\"},\"author\":{\"name\":\"Reda\u00e7\u00e3o CP\",\"@id\":\"https:\/\/cleitonpinheiro.com.br\/site\/#\/schema\/person\/8f04544e0bc40a1b68775b08360f87db\"},\"headline\":\"Relatora quer reconvocar Silvinei e fazer acarea\u00e7\u00e3o com policiais\",\"datePublished\":\"2023-08-09T21:46:30+00:00\",\"dateModified\":\"2023-08-09T21:46:32+00:00\",\"mainEntityOfPage\":{\"@id\":\"https:\/\/cleitonpinheiro.com.br\/site\/relatora-quer-reconvocar-silvinei-e-fazer-acareacao-com-policiais\/\"},\"wordCount\":636,\"commentCount\":0,\"publisher\":{\"@id\":\"https:\/\/cleitonpinheiro.com.br\/site\/#organization\"},\"image\":{\"@id\":\"https:\/\/cleitonpinheiro.com.br\/site\/relatora-quer-reconvocar-silvinei-e-fazer-acareacao-com-policiais\/#primaryimage\"},\"thumbnailUrl\":\"https:\/\/cleitonpinheiro.com.br\/site\/wp-content\/uploads\/2023\/08\/lula5097-29.jpg\",\"keywords\":[\"CPMI dos Atos Golpistas\",\"PF\",\"PRF\",\"Silvinei Vasques\"],\"articleSection\":[\"MANCHETE SEGUND\u00c1RIA\",\"POL\u00cdTICA\"],\"inLanguage\":\"pt-BR\",\"potentialAction\":[{\"@type\":\"CommentAction\",\"name\":\"Comment\",\"target\":[\"https:\/\/cleitonpinheiro.com.br\/site\/relatora-quer-reconvocar-silvinei-e-fazer-acareacao-com-policiais\/#respond\"]}]},{\"@type\":\"WebPage\",\"@id\":\"https:\/\/cleitonpinheiro.com.br\/site\/relatora-quer-reconvocar-silvinei-e-fazer-acareacao-com-policiais\/\",\"url\":\"https:\/\/cleitonpinheiro.com.br\/site\/relatora-quer-reconvocar-silvinei-e-fazer-acareacao-com-policiais\/\",\"name\":\"Relatora quer reconvocar Silvinei e fazer acarea\u00e7\u00e3o com policiais - PORTAL DE NOT\u00cdCIAS CLEITON PINHEIRO\",\"isPartOf\":{\"@id\":\"https:\/\/cleitonpinheiro.com.br\/site\/#website\"},\"primaryImageOfPage\":{\"@id\":\"https:\/\/cleitonpinheiro.com.br\/site\/relatora-quer-reconvocar-silvinei-e-fazer-acareacao-com-policiais\/#primaryimage\"},\"image\":{\"@id\":\"https:\/\/cleitonpinheiro.com.br\/site\/relatora-quer-reconvocar-silvinei-e-fazer-acareacao-com-policiais\/#primaryimage\"},\"thumbnailUrl\":\"https:\/\/cleitonpinheiro.com.br\/site\/wp-content\/uploads\/2023\/08\/lula5097-29.jpg\",\"datePublished\":\"2023-08-09T21:46:30+00:00\",\"dateModified\":\"2023-08-09T21:46:32+00:00\",\"breadcrumb\":{\"@id\":\"https:\/\/cleitonpinheiro.com.br\/site\/relatora-quer-reconvocar-silvinei-e-fazer-acareacao-com-policiais\/#breadcrumb\"},\"inLanguage\":\"pt-BR\",\"potentialAction\":[{\"@type\":\"ReadAction\",\"target\":[\"https:\/\/cleitonpinheiro.com.br\/site\/relatora-quer-reconvocar-silvinei-e-fazer-acareacao-com-policiais\/\"]}]},{\"@type\":\"ImageObject\",\"inLanguage\":\"pt-BR\",\"@id\":\"https:\/\/cleitonpinheiro.com.br\/site\/relatora-quer-reconvocar-silvinei-e-fazer-acareacao-com-policiais\/#primaryimage\",\"url\":\"\",\"contentUrl\":\"\"},{\"@type\":\"BreadcrumbList\",\"@id\":\"https:\/\/cleitonpinheiro.com.br\/site\/relatora-quer-reconvocar-silvinei-e-fazer-acareacao-com-policiais\/#breadcrumb\",\"itemListElement\":[{\"@type\":\"ListItem\",\"position\":1,\"name\":\"In\u00edcio\",\"item\":\"https:\/\/cleitonpinheiro.com.br\/site\/\"},{\"@type\":\"ListItem\",\"position\":2,\"name\":\"Relatora quer reconvocar Silvinei e fazer acarea\u00e7\u00e3o com policiais\"}]},{\"@type\":\"WebSite\",\"@id\":\"https:\/\/cleitonpinheiro.com.br\/site\/#website\",\"url\":\"https:\/\/cleitonpinheiro.com.br\/site\/\",\"name\":\"PORTAL DE NOT\u00cdCIAS CLEITON PINHEIRO\",\"description\":\"FALANDO A VERDADE\",\"publisher\":{\"@id\":\"https:\/\/cleitonpinheiro.com.br\/site\/#organization\"},\"potentialAction\":[{\"@type\":\"SearchAction\",\"target\":{\"@type\":\"EntryPoint\",\"urlTemplate\":\"https:\/\/cleitonpinheiro.com.br\/site\/?s={search_term_string}\"},\"query-input\":{\"@type\":\"PropertyValueSpecification\",\"valueRequired\":true,\"valueName\":\"search_term_string\"}}],\"inLanguage\":\"pt-BR\"},{\"@type\":\"Organization\",\"@id\":\"https:\/\/cleitonpinheiro.com.br\/site\/#organization\",\"name\":\"CPNOT\u00cdCIAS\",\"url\":\"https:\/\/cleitonpinheiro.com.br\/site\/\",\"logo\":{\"@type\":\"ImageObject\",\"inLanguage\":\"pt-BR\",\"@id\":\"https:\/\/cleitonpinheiro.com.br\/site\/#\/schema\/logo\/image\/\",\"url\":\"https:\/\/cleitonpinheiro.com.br\/site\/wp-content\/uploads\/2022\/08\/Logo-pequena-2.png\",\"contentUrl\":\"https:\/\/cleitonpinheiro.com.br\/site\/wp-content\/uploads\/2022\/08\/Logo-pequena-2.png\",\"width\":500,\"height\":500,\"caption\":\"CPNOT\u00cdCIAS\"},\"image\":{\"@id\":\"https:\/\/cleitonpinheiro.com.br\/site\/#\/schema\/logo\/image\/\"},\"sameAs\":[\"https:\/\/www.facebook.com\/portalcpnoticias\/\"]},{\"@type\":\"Person\",\"@id\":\"https:\/\/cleitonpinheiro.com.br\/site\/#\/schema\/person\/8f04544e0bc40a1b68775b08360f87db\",\"name\":\"Reda\u00e7\u00e3o CP\",\"image\":{\"@type\":\"ImageObject\",\"inLanguage\":\"pt-BR\",\"@id\":\"https:\/\/cleitonpinheiro.com.br\/site\/#\/schema\/person\/image\/\",\"url\":\"https:\/\/secure.gravatar.com\/avatar\/0bcf19cb29fdc8fc588c490c7ae1b3e174dac268586a63fbe1d1893a0f9020cd?s=96&r=g\",\"contentUrl\":\"https:\/\/secure.gravatar.com\/avatar\/0bcf19cb29fdc8fc588c490c7ae1b3e174dac268586a63fbe1d1893a0f9020cd?s=96&r=g\",\"caption\":\"Reda\u00e7\u00e3o CP\"},\"url\":\"https:\/\/cleitonpinheiro.com.br\/site\/author\/redacao\/\"}]}<\/script>\n<!-- \/ Yoast SEO plugin. -->","yoast_head_json":{"title":"Relatora quer reconvocar Silvinei e fazer acarea\u00e7\u00e3o com policiais - PORTAL DE NOT\u00cdCIAS CLEITON PINHEIRO","robots":{"index":"index","follow":"follow","max-snippet":"max-snippet:-1","max-image-preview":"max-image-preview:large","max-video-preview":"max-video-preview:-1"},"canonical":"https:\/\/cleitonpinheiro.com.br\/site\/relatora-quer-reconvocar-silvinei-e-fazer-acareacao-com-policiais\/","og_locale":"pt_BR","og_type":"article","og_title":"Relatora quer reconvocar Silvinei e fazer acarea\u00e7\u00e3o com policiais - PORTAL DE NOT\u00cdCIAS CLEITON PINHEIRO","og_description":"Da Ag\u00eancia Brasil Com a\u00a0pris\u00e3o do ex-diretor-geral da Pol\u00edcia Rodovi\u00e1ria Federal (PRF) Silvinei Vasques\u00a0nesta quarta-feira (9),\u00a0a relatora da Comiss\u00e3o Parlamentar Mista de Inqu\u00e9rito (CPMI) do dia 8 de janeiro, Eliziane Gama (PSD-MA), defendeu convocar o ex-diretor novamente.\u00a0\u00a0 A senadora acrescentou que poder\u00e1 pedir a acarea\u00e7\u00e3o dele com o segundo escal\u00e3o da PRF para esclarecer sobre [&hellip;]","og_url":"https:\/\/cleitonpinheiro.com.br\/site\/relatora-quer-reconvocar-silvinei-e-fazer-acareacao-com-policiais\/","og_site_name":"PORTAL DE NOT\u00cdCIAS CLEITON PINHEIRO","article_publisher":"https:\/\/www.facebook.com\/portalcpnoticias\/","article_published_time":"2023-08-09T21:46:30+00:00","article_modified_time":"2023-08-09T21:46:32+00:00","og_image":[{"width":1170,"height":700,"url":"https:\/\/cleitonpinheiro.com.br\/site\/wp-content\/uploads\/2023\/08\/lula5097-29.jpg","type":"image\/jpeg"}],"author":"Reda\u00e7\u00e3o CP","twitter_card":"summary_large_image","twitter_misc":{"Escrito por":"Reda\u00e7\u00e3o CP","Est. tempo de leitura":"4 minutos"},"schema":{"@context":"https:\/\/schema.org","@graph":[{"@type":"Article","@id":"https:\/\/cleitonpinheiro.com.br\/site\/relatora-quer-reconvocar-silvinei-e-fazer-acareacao-com-policiais\/#article","isPartOf":{"@id":"https:\/\/cleitonpinheiro.com.br\/site\/relatora-quer-reconvocar-silvinei-e-fazer-acareacao-com-policiais\/"},"author":{"name":"Reda\u00e7\u00e3o CP","@id":"https:\/\/cleitonpinheiro.com.br\/site\/#\/schema\/person\/8f04544e0bc40a1b68775b08360f87db"},"headline":"Relatora quer reconvocar Silvinei e fazer acarea\u00e7\u00e3o com policiais","datePublished":"2023-08-09T21:46:30+00:00","dateModified":"2023-08-09T21:46:32+00:00","mainEntityOfPage":{"@id":"https:\/\/cleitonpinheiro.com.br\/site\/relatora-quer-reconvocar-silvinei-e-fazer-acareacao-com-policiais\/"},"wordCount":636,"commentCount":0,"publisher":{"@id":"https:\/\/cleitonpinheiro.com.br\/site\/#organization"},"image":{"@id":"https:\/\/cleitonpinheiro.com.br\/site\/relatora-quer-reconvocar-silvinei-e-fazer-acareacao-com-policiais\/#primaryimage"},"thumbnailUrl":"https:\/\/cleitonpinheiro.com.br\/site\/wp-content\/uploads\/2023\/08\/lula5097-29.jpg","keywords":["CPMI dos Atos Golpistas","PF","PRF","Silvinei Vasques"],"articleSection":["MANCHETE SEGUND\u00c1RIA","POL\u00cdTICA"],"inLanguage":"pt-BR","potentialAction":[{"@type":"CommentAction","name":"Comment","target":["https:\/\/cleitonpinheiro.com.br\/site\/relatora-quer-reconvocar-silvinei-e-fazer-acareacao-com-policiais\/#respond"]}]},{"@type":"WebPage","@id":"https:\/\/cleitonpinheiro.com.br\/site\/relatora-quer-reconvocar-silvinei-e-fazer-acareacao-com-policiais\/","url":"https:\/\/cleitonpinheiro.com.br\/site\/relatora-quer-reconvocar-silvinei-e-fazer-acareacao-com-policiais\/","name":"Relatora quer reconvocar Silvinei e fazer acarea\u00e7\u00e3o com policiais - PORTAL DE NOT\u00cdCIAS CLEITON PINHEIRO","isPartOf":{"@id":"https:\/\/cleitonpinheiro.com.br\/site\/#website"},"primaryImageOfPage":{"@id":"https:\/\/cleitonpinheiro.com.br\/site\/relatora-quer-reconvocar-silvinei-e-fazer-acareacao-com-policiais\/#primaryimage"},"image":{"@id":"https:\/\/cleitonpinheiro.com.br\/site\/relatora-quer-reconvocar-silvinei-e-fazer-acareacao-com-policiais\/#primaryimage"},"thumbnailUrl":"https:\/\/cleitonpinheiro.com.br\/site\/wp-content\/uploads\/2023\/08\/lula5097-29.jpg","datePublished":"2023-08-09T21:46:30+00:00","dateModified":"2023-08-09T21:46:32+00:00","breadcrumb":{"@id":"https:\/\/cleitonpinheiro.com.br\/site\/relatora-quer-reconvocar-silvinei-e-fazer-acareacao-com-policiais\/#breadcrumb"},"inLanguage":"pt-BR","potentialAction":[{"@type":"ReadAction","target":["https:\/\/cleitonpinheiro.com.br\/site\/relatora-quer-reconvocar-silvinei-e-fazer-acareacao-com-policiais\/"]}]},{"@type":"ImageObject","inLanguage":"pt-BR","@id":"https:\/\/cleitonpinheiro.com.br\/site\/relatora-quer-reconvocar-silvinei-e-fazer-acareacao-com-policiais\/#primaryimage","url":"","contentUrl":""},{"@type":"BreadcrumbList","@id":"https:\/\/cleitonpinheiro.com.br\/site\/relatora-quer-reconvocar-silvinei-e-fazer-acareacao-com-policiais\/#breadcrumb","itemListElement":[{"@type":"ListItem","position":1,"name":"In\u00edcio","item":"https:\/\/cleitonpinheiro.com.br\/site\/"},{"@type":"ListItem","position":2,"name":"Relatora quer reconvocar Silvinei e fazer acarea\u00e7\u00e3o com policiais"}]},{"@type":"WebSite","@id":"https:\/\/cleitonpinheiro.com.br\/site\/#website","url":"https:\/\/cleitonpinheiro.com.br\/site\/","name":"PORTAL DE NOT\u00cdCIAS CLEITON PINHEIRO","description":"FALANDO A VERDADE","publisher":{"@id":"https:\/\/cleitonpinheiro.com.br\/site\/#organization"},"potentialAction":[{"@type":"SearchAction","target":{"@type":"EntryPoint","urlTemplate":"https:\/\/cleitonpinheiro.com.br\/site\/?s={search_term_string}"},"query-input":{"@type":"PropertyValueSpecification","valueRequired":true,"valueName":"search_term_string"}}],"inLanguage":"pt-BR"},{"@type":"Organization","@id":"https:\/\/cleitonpinheiro.com.br\/site\/#organization","name":"CPNOT\u00cdCIAS","url":"https:\/\/cleitonpinheiro.com.br\/site\/","logo":{"@type":"ImageObject","inLanguage":"pt-BR","@id":"https:\/\/cleitonpinheiro.com.br\/site\/#\/schema\/logo\/image\/","url":"https:\/\/cleitonpinheiro.com.br\/site\/wp-content\/uploads\/2022\/08\/Logo-pequena-2.png","contentUrl":"https:\/\/cleitonpinheiro.com.br\/site\/wp-content\/uploads\/2022\/08\/Logo-pequena-2.png","width":500,"height":500,"caption":"CPNOT\u00cdCIAS"},"image":{"@id":"https:\/\/cleitonpinheiro.com.br\/site\/#\/schema\/logo\/image\/"},"sameAs":["https:\/\/www.facebook.com\/portalcpnoticias\/"]},{"@type":"Person","@id":"https:\/\/cleitonpinheiro.com.br\/site\/#\/schema\/person\/8f04544e0bc40a1b68775b08360f87db","name":"Reda\u00e7\u00e3o CP","image":{"@type":"ImageObject","inLanguage":"pt-BR","@id":"https:\/\/cleitonpinheiro.com.br\/site\/#\/schema\/person\/image\/","url":"https:\/\/secure.gravatar.com\/avatar\/0bcf19cb29fdc8fc588c490c7ae1b3e174dac268586a63fbe1d1893a0f9020cd?s=96&r=g","contentUrl":"https:\/\/secure.gravatar.com\/avatar\/0bcf19cb29fdc8fc588c490c7ae1b3e174dac268586a63fbe1d1893a0f9020cd?s=96&r=g","caption":"Reda\u00e7\u00e3o CP"},"url":"https:\/\/cleitonpinheiro.com.br\/site\/author\/redacao\/"}]}},"views":184,"_links":{"self":[{"href":"https:\/\/cleitonpinheiro.com.br\/site\/wp-json\/wp\/v2\/posts\/73342","targetHints":{"allow":["GET"]}}],"collection":[{"href":"https:\/\/cleitonpinheiro.com.br\/site\/wp-json\/wp\/v2\/posts"}],"about":[{"href":"https:\/\/cleitonpinheiro.com.br\/site\/wp-json\/wp\/v2\/types\/post"}],"author":[{"embeddable":true,"href":"https:\/\/cleitonpinheiro.com.br\/site\/wp-json\/wp\/v2\/users\/13"}],"replies":[{"embeddable":true,"href":"https:\/\/cleitonpinheiro.com.br\/site\/wp-json\/wp\/v2\/comments?post=73342"}],"version-history":[{"count":1,"href":"https:\/\/cleitonpinheiro.com.br\/site\/wp-json\/wp\/v2\/posts\/73342\/revisions"}],"predecessor-version":[{"id":73344,"href":"https:\/\/cleitonpinheiro.com.br\/site\/wp-json\/wp\/v2\/posts\/73342\/revisions\/73344"}],"wp:attachment":[{"href":"https:\/\/cleitonpinheiro.com.br\/site\/wp-json\/wp\/v2\/media?parent=73342"}],"wp:term":[{"taxonomy":"category","embeddable":true,"href":"https:\/\/cleitonpinheiro.com.br\/site\/wp-json\/wp\/v2\/categories?post=73342"},{"taxonomy":"post_tag","embeddable":true,"href":"https:\/\/cleitonpinheiro.com.br\/site\/wp-json\/wp\/v2\/tags?post=73342"}],"curies":[{"name":"wp","href":"https:\/\/api.w.org\/{rel}","templated":true}]}}