{"id":73387,"date":"2023-08-12T10:06:39","date_gmt":"2023-08-12T13:06:39","guid":{"rendered":"https:\/\/cleitonpinheiro.com.br\/site\/?p=73387"},"modified":"2023-08-12T10:06:42","modified_gmt":"2023-08-12T13:06:42","slug":"procon-palmas-faz-pesquisa-com-produtos-mais-procurados-para-o-dia-dos-pais","status":"publish","type":"post","link":"https:\/\/cleitonpinheiro.com.br\/site\/procon-palmas-faz-pesquisa-com-produtos-mais-procurados-para-o-dia-dos-pais\/","title":{"rendered":"Procon Palmas faz pesquisa com produtos mais procurados para o Dia dos Pais"},"content":{"rendered":"\n<figure class=\"wp-block-image size-full\"><img decoding=\"async\" src=\"https:\/\/cleitonpinheiro.com.br\/site\/wp-content\/uploads\/2023\/08\/9263b2f1-7fe5-499b-b25b-1267fb989385.jpg\" alt=\"\" class=\"wp-image-73388\"\/><figcaption class=\"wp-element-caption\">Roupas, cal\u00e7ados, smartphone, barbeador, rel\u00f3gio, perfumes, foram alguns do itens pesquisados pelo \u00f3rg\u00e3o &#8211; Foto: Luciana Pires\/Prefeitura de Palmas<\/figcaption><\/figure>\n\n\n\n<p class=\"wp-block-paragraph\">Neste ano o Dia dos Pais ser\u00e1 comemorado no dia 13 de agosto e, para aqueles consumidores que pretendem presentear, o Procon Municipal de Palmas realizou uma pesquisa de pre\u00e7os dos produtos mais procurados pelos consumidores.<\/p>\n\n\n\n<p class=\"wp-block-paragraph\">A pesquisa foi realizada entre os dias 8 e 9 de agosto.&nbsp;Os fiscais do \u00f3rg\u00e3o percorreram diversos estabelecimentos na Capital, e a&nbsp;lista de itens cont\u00e9m vestu\u00e1rios, cal\u00e7ados, aparelhos de celular, barbeador, rel\u00f3gio, perfumes, entre outros.<\/p>\n\n\n\n<p class=\"wp-block-paragraph\">O secret\u00e1rio-executivo do Procon Municipal de Palmas, Cristian Sendic Sudbrack, &nbsp;orienta o consumidor que for adquirir algum eletroeletr\u00f4nicos a fazer o teste na loja antes de comprar o produto e saber como \u00e9 a pol\u00edtica de troca do estabelecimento. &#8220;\u00c9 importante perguntar antes ao vendedor, pois as lojas f\u00edsicas n\u00e3o s\u00e3o obrigadas a trocar o presente por motivos de cor, tamanho ou modelo, a n\u00e3o ser que seja oferecida essa op\u00e7\u00e3o pelo estabelecimento. J\u00e1 se &nbsp;um produto apresentar defeito ap\u00f3s a compra, o C\u00f3digo de Defesa do Consumidor (CDC) preconiza que &nbsp;o direito de conserto do equipamento deve ser realizado em at\u00e9 30 dias. Caso isso n\u00e3o ocorra no prazo a loja tem que realizar a devolu\u00e7\u00e3o do valor total pago pelo produto, abater o valor pago caso o consumidor queira adquirir outro item na loja, ou ofertar um produto novo com as mesmas especifica\u00e7\u00f5es e modelo do que foi adquirido\u201d, disse.&nbsp;<\/p>\n\n\n\n<p class=\"wp-block-paragraph\"><strong>Varia\u00e7\u00e3o de pre\u00e7os<\/strong><\/p>\n\n\n\n<p class=\"wp-block-paragraph\">Entre os estabelecimentos visitados, ficou constatado que h\u00e1 diferen\u00e7as de pre\u00e7os, dependendo da marca e produto que est\u00e1 sendo ofertado. A camisa social, por exemplo, pode ser encontrada entre R$ 89,99 a R$ 259,90. A camisa gola polo, entre R$ 35,99 e R$ 129,99. A cal\u00e7a&nbsp;<em>jeans&nbsp;<\/em>foi encontrada entre R$ 59,99 a R$ 169,00. Os rel\u00f3gios foram encontrados custando entre R$ 199,99 e R$ 299,99. Os \u00f3culos de sol, entre R$ 79,90 e&nbsp;R$ 159,90. J\u00e1 o barbeador el\u00e9trico, de R$ 54,90 a R$ 199,90.&nbsp;<\/p>\n\n\n\n<p class=\"wp-block-paragraph\">Para os pais que gostam de malhar foram pesquisados os pre\u00e7os dos suplementos. A&nbsp;creatina de 300g foi encontrada pelo menor pre\u00e7o de R$ 149,00 e o maior de R$ 179,90. O&nbsp;<em>whey protein&nbsp;<\/em>900g est\u00e1 saindo entre R$ 125,00 e R$ 199,99. O BCAA foi encontrado pelo menor pre\u00e7o de R$ 49,99 e o maior de R$ 129,90. J\u00e1 a&nbsp;pasta de amendoim nos estabelecimentos pesquisados est\u00e1 saindo entre R$ 29,90 a R$ 60,00.<\/p>\n\n\n\n<p class=\"wp-block-paragraph\">J\u00e1 os aparelhos celulares v\u00e3o de acordo com as especifica\u00e7\u00f5es e modelos, sendo o menor pre\u00e7o do produto encontrado por R$ 1.000,99 e o maior de R$ 6.839,90.&nbsp;Os perfumes entre R$ 184,90 e R$ 849,99.&nbsp;<\/p>\n\n\n\n<p class=\"wp-block-paragraph\">De acordo com o Procon, vale ressaltar que exigir a nota fiscal do produto \u00e9 fundamental, pois o documento comprova que houve uma rela\u00e7\u00e3o de consumo, e ser\u00e1 utilizada caso o consumidor precise procurar os \u00f3rg\u00e3os respons\u00e1veis para solucionar o problema.<\/p>\n\n\n\n<p class=\"wp-block-paragraph\">A lista completa dos produtos pode ser conferida&nbsp;<a href=\"https:\/\/agenciapalmas.com\/multimidiaSGN\/Anexo\/10.08.2023\/87aee1a286034643a73267fa667f97e7.pdf\" target=\"_blank\" rel=\"noreferrer noopener\">aqui<\/a>&nbsp;e as dicas para quem for realizar as compras&nbsp;<em>on-line&nbsp;<\/em>podem ser conferidas&nbsp;<a href=\"https:\/\/agenciapalmas.com\/Noticia\/236078\/procon-municipal-de-palmas-da-dicas-para-quem-vai-comprar-on-line\" target=\"_blank\" rel=\"noreferrer noopener\">aqui<\/a>.<\/p>\n","protected":false},"excerpt":{"rendered":"<p>Procon Municipal de Palmas realizou uma pesquisa de pre\u00e7os dos produtos mais procurados pelos consumidores<\/p>\n","protected":false},"author":13,"featured_media":0,"comment_status":"open","ping_status":"open","sticky":false,"template":"","format":"standard","meta":{"_acf_changed":false,"footnotes":""},"categories":[22,898],"tags":[1022],"class_list":["post-73387","post","type-post","status-publish","format-standard","hentry","category-cidades","category-manchete-segundaria","tag-procon-palmas"],"acf":[],"yoast_head":"<!-- This site is optimized with the Yoast SEO plugin v24.4 - https:\/\/yoast.com\/wordpress\/plugins\/seo\/ -->\n<title>Procon Palmas faz pesquisa com produtos mais procurados para o Dia dos Pais - PORTAL DE NOT\u00cdCIAS CLEITON PINHEIRO<\/title>\n<meta name=\"robots\" content=\"index, follow, max-snippet:-1, max-image-preview:large, max-video-preview:-1\" \/>\n<link rel=\"canonical\" href=\"https:\/\/cleitonpinheiro.com.br\/site\/procon-palmas-faz-pesquisa-com-produtos-mais-procurados-para-o-dia-dos-pais\/\" \/>\n<meta property=\"og:locale\" content=\"pt_BR\" \/>\n<meta property=\"og:type\" content=\"article\" \/>\n<meta property=\"og:title\" content=\"Procon Palmas faz pesquisa com produtos mais procurados para o Dia dos Pais - PORTAL DE NOT\u00cdCIAS CLEITON PINHEIRO\" \/>\n<meta property=\"og:description\" content=\"Procon Municipal de Palmas realizou uma pesquisa de pre\u00e7os dos produtos mais procurados pelos consumidores\" \/>\n<meta property=\"og:url\" content=\"https:\/\/cleitonpinheiro.com.br\/site\/procon-palmas-faz-pesquisa-com-produtos-mais-procurados-para-o-dia-dos-pais\/\" \/>\n<meta property=\"og:site_name\" content=\"PORTAL DE NOT\u00cdCIAS CLEITON PINHEIRO\" \/>\n<meta property=\"article:publisher\" content=\"https:\/\/www.facebook.com\/portalcpnoticias\/\" \/>\n<meta property=\"article:published_time\" content=\"2023-08-12T13:06:39+00:00\" \/>\n<meta property=\"article:modified_time\" content=\"2023-08-12T13:06:42+00:00\" \/>\n<meta property=\"og:image\" content=\"https:\/\/cleitonpinheiro.com.br\/site\/wp-content\/uploads\/2023\/08\/9263b2f1-7fe5-499b-b25b-1267fb989385.jpg\" \/>\n\t<meta property=\"og:image:width\" content=\"800\" \/>\n\t<meta property=\"og:image:height\" content=\"533\" \/>\n\t<meta property=\"og:image:type\" content=\"image\/jpeg\" \/>\n<meta name=\"author\" content=\"Reda\u00e7\u00e3o CP\" \/>\n<meta name=\"twitter:card\" content=\"summary_large_image\" \/>\n<meta name=\"twitter:label1\" content=\"Escrito por\" \/>\n\t<meta name=\"twitter:data1\" content=\"Reda\u00e7\u00e3o CP\" \/>\n\t<meta name=\"twitter:label2\" content=\"Est. tempo de leitura\" \/>\n\t<meta name=\"twitter:data2\" content=\"4 minutos\" \/>\n<script type=\"application\/ld+json\" class=\"yoast-schema-graph\">{\"@context\":\"https:\/\/schema.org\",\"@graph\":[{\"@type\":\"Article\",\"@id\":\"https:\/\/cleitonpinheiro.com.br\/site\/procon-palmas-faz-pesquisa-com-produtos-mais-procurados-para-o-dia-dos-pais\/#article\",\"isPartOf\":{\"@id\":\"https:\/\/cleitonpinheiro.com.br\/site\/procon-palmas-faz-pesquisa-com-produtos-mais-procurados-para-o-dia-dos-pais\/\"},\"author\":{\"name\":\"Reda\u00e7\u00e3o CP\",\"@id\":\"https:\/\/cleitonpinheiro.com.br\/site\/#\/schema\/person\/8f04544e0bc40a1b68775b08360f87db\"},\"headline\":\"Procon Palmas faz pesquisa com produtos mais procurados para o Dia dos Pais\",\"datePublished\":\"2023-08-12T13:06:39+00:00\",\"dateModified\":\"2023-08-12T13:06:42+00:00\",\"mainEntityOfPage\":{\"@id\":\"https:\/\/cleitonpinheiro.com.br\/site\/procon-palmas-faz-pesquisa-com-produtos-mais-procurados-para-o-dia-dos-pais\/\"},\"wordCount\":550,\"commentCount\":0,\"publisher\":{\"@id\":\"https:\/\/cleitonpinheiro.com.br\/site\/#organization\"},\"image\":{\"@id\":\"https:\/\/cleitonpinheiro.com.br\/site\/procon-palmas-faz-pesquisa-com-produtos-mais-procurados-para-o-dia-dos-pais\/#primaryimage\"},\"thumbnailUrl\":\"https:\/\/cleitonpinheiro.com.br\/site\/wp-content\/uploads\/2023\/08\/9263b2f1-7fe5-499b-b25b-1267fb989385.jpg\",\"keywords\":[\"Procon Palmas\"],\"articleSection\":[\"CIDADES\",\"MANCHETE SEGUND\u00c1RIA\"],\"inLanguage\":\"pt-BR\",\"potentialAction\":[{\"@type\":\"CommentAction\",\"name\":\"Comment\",\"target\":[\"https:\/\/cleitonpinheiro.com.br\/site\/procon-palmas-faz-pesquisa-com-produtos-mais-procurados-para-o-dia-dos-pais\/#respond\"]}]},{\"@type\":\"WebPage\",\"@id\":\"https:\/\/cleitonpinheiro.com.br\/site\/procon-palmas-faz-pesquisa-com-produtos-mais-procurados-para-o-dia-dos-pais\/\",\"url\":\"https:\/\/cleitonpinheiro.com.br\/site\/procon-palmas-faz-pesquisa-com-produtos-mais-procurados-para-o-dia-dos-pais\/\",\"name\":\"Procon Palmas faz pesquisa com produtos mais procurados para o Dia dos Pais - PORTAL DE NOT\u00cdCIAS CLEITON PINHEIRO\",\"isPartOf\":{\"@id\":\"https:\/\/cleitonpinheiro.com.br\/site\/#website\"},\"primaryImageOfPage\":{\"@id\":\"https:\/\/cleitonpinheiro.com.br\/site\/procon-palmas-faz-pesquisa-com-produtos-mais-procurados-para-o-dia-dos-pais\/#primaryimage\"},\"image\":{\"@id\":\"https:\/\/cleitonpinheiro.com.br\/site\/procon-palmas-faz-pesquisa-com-produtos-mais-procurados-para-o-dia-dos-pais\/#primaryimage\"},\"thumbnailUrl\":\"https:\/\/cleitonpinheiro.com.br\/site\/wp-content\/uploads\/2023\/08\/9263b2f1-7fe5-499b-b25b-1267fb989385.jpg\",\"datePublished\":\"2023-08-12T13:06:39+00:00\",\"dateModified\":\"2023-08-12T13:06:42+00:00\",\"breadcrumb\":{\"@id\":\"https:\/\/cleitonpinheiro.com.br\/site\/procon-palmas-faz-pesquisa-com-produtos-mais-procurados-para-o-dia-dos-pais\/#breadcrumb\"},\"inLanguage\":\"pt-BR\",\"potentialAction\":[{\"@type\":\"ReadAction\",\"target\":[\"https:\/\/cleitonpinheiro.com.br\/site\/procon-palmas-faz-pesquisa-com-produtos-mais-procurados-para-o-dia-dos-pais\/\"]}]},{\"@type\":\"ImageObject\",\"inLanguage\":\"pt-BR\",\"@id\":\"https:\/\/cleitonpinheiro.com.br\/site\/procon-palmas-faz-pesquisa-com-produtos-mais-procurados-para-o-dia-dos-pais\/#primaryimage\",\"url\":\"\",\"contentUrl\":\"\"},{\"@type\":\"BreadcrumbList\",\"@id\":\"https:\/\/cleitonpinheiro.com.br\/site\/procon-palmas-faz-pesquisa-com-produtos-mais-procurados-para-o-dia-dos-pais\/#breadcrumb\",\"itemListElement\":[{\"@type\":\"ListItem\",\"position\":1,\"name\":\"In\u00edcio\",\"item\":\"https:\/\/cleitonpinheiro.com.br\/site\/\"},{\"@type\":\"ListItem\",\"position\":2,\"name\":\"Procon Palmas faz pesquisa com produtos mais procurados para o Dia dos Pais\"}]},{\"@type\":\"WebSite\",\"@id\":\"https:\/\/cleitonpinheiro.com.br\/site\/#website\",\"url\":\"https:\/\/cleitonpinheiro.com.br\/site\/\",\"name\":\"PORTAL DE NOT\u00cdCIAS CLEITON PINHEIRO\",\"description\":\"FALANDO A VERDADE\",\"publisher\":{\"@id\":\"https:\/\/cleitonpinheiro.com.br\/site\/#organization\"},\"potentialAction\":[{\"@type\":\"SearchAction\",\"target\":{\"@type\":\"EntryPoint\",\"urlTemplate\":\"https:\/\/cleitonpinheiro.com.br\/site\/?s={search_term_string}\"},\"query-input\":{\"@type\":\"PropertyValueSpecification\",\"valueRequired\":true,\"valueName\":\"search_term_string\"}}],\"inLanguage\":\"pt-BR\"},{\"@type\":\"Organization\",\"@id\":\"https:\/\/cleitonpinheiro.com.br\/site\/#organization\",\"name\":\"CPNOT\u00cdCIAS\",\"url\":\"https:\/\/cleitonpinheiro.com.br\/site\/\",\"logo\":{\"@type\":\"ImageObject\",\"inLanguage\":\"pt-BR\",\"@id\":\"https:\/\/cleitonpinheiro.com.br\/site\/#\/schema\/logo\/image\/\",\"url\":\"https:\/\/cleitonpinheiro.com.br\/site\/wp-content\/uploads\/2022\/08\/Logo-pequena-2.png\",\"contentUrl\":\"https:\/\/cleitonpinheiro.com.br\/site\/wp-content\/uploads\/2022\/08\/Logo-pequena-2.png\",\"width\":500,\"height\":500,\"caption\":\"CPNOT\u00cdCIAS\"},\"image\":{\"@id\":\"https:\/\/cleitonpinheiro.com.br\/site\/#\/schema\/logo\/image\/\"},\"sameAs\":[\"https:\/\/www.facebook.com\/portalcpnoticias\/\"]},{\"@type\":\"Person\",\"@id\":\"https:\/\/cleitonpinheiro.com.br\/site\/#\/schema\/person\/8f04544e0bc40a1b68775b08360f87db\",\"name\":\"Reda\u00e7\u00e3o CP\",\"image\":{\"@type\":\"ImageObject\",\"inLanguage\":\"pt-BR\",\"@id\":\"https:\/\/cleitonpinheiro.com.br\/site\/#\/schema\/person\/image\/\",\"url\":\"https:\/\/secure.gravatar.com\/avatar\/0bcf19cb29fdc8fc588c490c7ae1b3e174dac268586a63fbe1d1893a0f9020cd?s=96&r=g\",\"contentUrl\":\"https:\/\/secure.gravatar.com\/avatar\/0bcf19cb29fdc8fc588c490c7ae1b3e174dac268586a63fbe1d1893a0f9020cd?s=96&r=g\",\"caption\":\"Reda\u00e7\u00e3o CP\"},\"url\":\"https:\/\/cleitonpinheiro.com.br\/site\/author\/redacao\/\"}]}<\/script>\n<!-- \/ Yoast SEO plugin. -->","yoast_head_json":{"title":"Procon Palmas faz pesquisa com produtos mais procurados para o Dia dos Pais - PORTAL DE NOT\u00cdCIAS CLEITON PINHEIRO","robots":{"index":"index","follow":"follow","max-snippet":"max-snippet:-1","max-image-preview":"max-image-preview:large","max-video-preview":"max-video-preview:-1"},"canonical":"https:\/\/cleitonpinheiro.com.br\/site\/procon-palmas-faz-pesquisa-com-produtos-mais-procurados-para-o-dia-dos-pais\/","og_locale":"pt_BR","og_type":"article","og_title":"Procon Palmas faz pesquisa com produtos mais procurados para o Dia dos Pais - PORTAL DE NOT\u00cdCIAS CLEITON PINHEIRO","og_description":"Procon Municipal de Palmas realizou uma pesquisa de pre\u00e7os dos produtos mais procurados pelos consumidores","og_url":"https:\/\/cleitonpinheiro.com.br\/site\/procon-palmas-faz-pesquisa-com-produtos-mais-procurados-para-o-dia-dos-pais\/","og_site_name":"PORTAL DE NOT\u00cdCIAS CLEITON PINHEIRO","article_publisher":"https:\/\/www.facebook.com\/portalcpnoticias\/","article_published_time":"2023-08-12T13:06:39+00:00","article_modified_time":"2023-08-12T13:06:42+00:00","og_image":[{"width":800,"height":533,"url":"https:\/\/cleitonpinheiro.com.br\/site\/wp-content\/uploads\/2023\/08\/9263b2f1-7fe5-499b-b25b-1267fb989385.jpg","type":"image\/jpeg"}],"author":"Reda\u00e7\u00e3o CP","twitter_card":"summary_large_image","twitter_misc":{"Escrito por":"Reda\u00e7\u00e3o CP","Est. tempo de leitura":"4 minutos"},"schema":{"@context":"https:\/\/schema.org","@graph":[{"@type":"Article","@id":"https:\/\/cleitonpinheiro.com.br\/site\/procon-palmas-faz-pesquisa-com-produtos-mais-procurados-para-o-dia-dos-pais\/#article","isPartOf":{"@id":"https:\/\/cleitonpinheiro.com.br\/site\/procon-palmas-faz-pesquisa-com-produtos-mais-procurados-para-o-dia-dos-pais\/"},"author":{"name":"Reda\u00e7\u00e3o CP","@id":"https:\/\/cleitonpinheiro.com.br\/site\/#\/schema\/person\/8f04544e0bc40a1b68775b08360f87db"},"headline":"Procon Palmas faz pesquisa com produtos mais procurados para o Dia dos Pais","datePublished":"2023-08-12T13:06:39+00:00","dateModified":"2023-08-12T13:06:42+00:00","mainEntityOfPage":{"@id":"https:\/\/cleitonpinheiro.com.br\/site\/procon-palmas-faz-pesquisa-com-produtos-mais-procurados-para-o-dia-dos-pais\/"},"wordCount":550,"commentCount":0,"publisher":{"@id":"https:\/\/cleitonpinheiro.com.br\/site\/#organization"},"image":{"@id":"https:\/\/cleitonpinheiro.com.br\/site\/procon-palmas-faz-pesquisa-com-produtos-mais-procurados-para-o-dia-dos-pais\/#primaryimage"},"thumbnailUrl":"https:\/\/cleitonpinheiro.com.br\/site\/wp-content\/uploads\/2023\/08\/9263b2f1-7fe5-499b-b25b-1267fb989385.jpg","keywords":["Procon Palmas"],"articleSection":["CIDADES","MANCHETE SEGUND\u00c1RIA"],"inLanguage":"pt-BR","potentialAction":[{"@type":"CommentAction","name":"Comment","target":["https:\/\/cleitonpinheiro.com.br\/site\/procon-palmas-faz-pesquisa-com-produtos-mais-procurados-para-o-dia-dos-pais\/#respond"]}]},{"@type":"WebPage","@id":"https:\/\/cleitonpinheiro.com.br\/site\/procon-palmas-faz-pesquisa-com-produtos-mais-procurados-para-o-dia-dos-pais\/","url":"https:\/\/cleitonpinheiro.com.br\/site\/procon-palmas-faz-pesquisa-com-produtos-mais-procurados-para-o-dia-dos-pais\/","name":"Procon Palmas faz pesquisa com produtos mais procurados para o Dia dos Pais - PORTAL DE NOT\u00cdCIAS CLEITON PINHEIRO","isPartOf":{"@id":"https:\/\/cleitonpinheiro.com.br\/site\/#website"},"primaryImageOfPage":{"@id":"https:\/\/cleitonpinheiro.com.br\/site\/procon-palmas-faz-pesquisa-com-produtos-mais-procurados-para-o-dia-dos-pais\/#primaryimage"},"image":{"@id":"https:\/\/cleitonpinheiro.com.br\/site\/procon-palmas-faz-pesquisa-com-produtos-mais-procurados-para-o-dia-dos-pais\/#primaryimage"},"thumbnailUrl":"https:\/\/cleitonpinheiro.com.br\/site\/wp-content\/uploads\/2023\/08\/9263b2f1-7fe5-499b-b25b-1267fb989385.jpg","datePublished":"2023-08-12T13:06:39+00:00","dateModified":"2023-08-12T13:06:42+00:00","breadcrumb":{"@id":"https:\/\/cleitonpinheiro.com.br\/site\/procon-palmas-faz-pesquisa-com-produtos-mais-procurados-para-o-dia-dos-pais\/#breadcrumb"},"inLanguage":"pt-BR","potentialAction":[{"@type":"ReadAction","target":["https:\/\/cleitonpinheiro.com.br\/site\/procon-palmas-faz-pesquisa-com-produtos-mais-procurados-para-o-dia-dos-pais\/"]}]},{"@type":"ImageObject","inLanguage":"pt-BR","@id":"https:\/\/cleitonpinheiro.com.br\/site\/procon-palmas-faz-pesquisa-com-produtos-mais-procurados-para-o-dia-dos-pais\/#primaryimage","url":"","contentUrl":""},{"@type":"BreadcrumbList","@id":"https:\/\/cleitonpinheiro.com.br\/site\/procon-palmas-faz-pesquisa-com-produtos-mais-procurados-para-o-dia-dos-pais\/#breadcrumb","itemListElement":[{"@type":"ListItem","position":1,"name":"In\u00edcio","item":"https:\/\/cleitonpinheiro.com.br\/site\/"},{"@type":"ListItem","position":2,"name":"Procon Palmas faz pesquisa com produtos mais procurados para o Dia dos Pais"}]},{"@type":"WebSite","@id":"https:\/\/cleitonpinheiro.com.br\/site\/#website","url":"https:\/\/cleitonpinheiro.com.br\/site\/","name":"PORTAL DE NOT\u00cdCIAS CLEITON PINHEIRO","description":"FALANDO A VERDADE","publisher":{"@id":"https:\/\/cleitonpinheiro.com.br\/site\/#organization"},"potentialAction":[{"@type":"SearchAction","target":{"@type":"EntryPoint","urlTemplate":"https:\/\/cleitonpinheiro.com.br\/site\/?s={search_term_string}"},"query-input":{"@type":"PropertyValueSpecification","valueRequired":true,"valueName":"search_term_string"}}],"inLanguage":"pt-BR"},{"@type":"Organization","@id":"https:\/\/cleitonpinheiro.com.br\/site\/#organization","name":"CPNOT\u00cdCIAS","url":"https:\/\/cleitonpinheiro.com.br\/site\/","logo":{"@type":"ImageObject","inLanguage":"pt-BR","@id":"https:\/\/cleitonpinheiro.com.br\/site\/#\/schema\/logo\/image\/","url":"https:\/\/cleitonpinheiro.com.br\/site\/wp-content\/uploads\/2022\/08\/Logo-pequena-2.png","contentUrl":"https:\/\/cleitonpinheiro.com.br\/site\/wp-content\/uploads\/2022\/08\/Logo-pequena-2.png","width":500,"height":500,"caption":"CPNOT\u00cdCIAS"},"image":{"@id":"https:\/\/cleitonpinheiro.com.br\/site\/#\/schema\/logo\/image\/"},"sameAs":["https:\/\/www.facebook.com\/portalcpnoticias\/"]},{"@type":"Person","@id":"https:\/\/cleitonpinheiro.com.br\/site\/#\/schema\/person\/8f04544e0bc40a1b68775b08360f87db","name":"Reda\u00e7\u00e3o CP","image":{"@type":"ImageObject","inLanguage":"pt-BR","@id":"https:\/\/cleitonpinheiro.com.br\/site\/#\/schema\/person\/image\/","url":"https:\/\/secure.gravatar.com\/avatar\/0bcf19cb29fdc8fc588c490c7ae1b3e174dac268586a63fbe1d1893a0f9020cd?s=96&r=g","contentUrl":"https:\/\/secure.gravatar.com\/avatar\/0bcf19cb29fdc8fc588c490c7ae1b3e174dac268586a63fbe1d1893a0f9020cd?s=96&r=g","caption":"Reda\u00e7\u00e3o CP"},"url":"https:\/\/cleitonpinheiro.com.br\/site\/author\/redacao\/"}]}},"views":126,"_links":{"self":[{"href":"https:\/\/cleitonpinheiro.com.br\/site\/wp-json\/wp\/v2\/posts\/73387","targetHints":{"allow":["GET"]}}],"collection":[{"href":"https:\/\/cleitonpinheiro.com.br\/site\/wp-json\/wp\/v2\/posts"}],"about":[{"href":"https:\/\/cleitonpinheiro.com.br\/site\/wp-json\/wp\/v2\/types\/post"}],"author":[{"embeddable":true,"href":"https:\/\/cleitonpinheiro.com.br\/site\/wp-json\/wp\/v2\/users\/13"}],"replies":[{"embeddable":true,"href":"https:\/\/cleitonpinheiro.com.br\/site\/wp-json\/wp\/v2\/comments?post=73387"}],"version-history":[{"count":1,"href":"https:\/\/cleitonpinheiro.com.br\/site\/wp-json\/wp\/v2\/posts\/73387\/revisions"}],"predecessor-version":[{"id":73389,"href":"https:\/\/cleitonpinheiro.com.br\/site\/wp-json\/wp\/v2\/posts\/73387\/revisions\/73389"}],"wp:attachment":[{"href":"https:\/\/cleitonpinheiro.com.br\/site\/wp-json\/wp\/v2\/media?parent=73387"}],"wp:term":[{"taxonomy":"category","embeddable":true,"href":"https:\/\/cleitonpinheiro.com.br\/site\/wp-json\/wp\/v2\/categories?post=73387"},{"taxonomy":"post_tag","embeddable":true,"href":"https:\/\/cleitonpinheiro.com.br\/site\/wp-json\/wp\/v2\/tags?post=73387"}],"curies":[{"name":"wp","href":"https:\/\/api.w.org\/{rel}","templated":true}]}}