{"id":73392,"date":"2023-08-11T10:23:22","date_gmt":"2023-08-11T13:23:22","guid":{"rendered":"https:\/\/cleitonpinheiro.com.br\/site\/?p=73392"},"modified":"2023-08-12T10:13:11","modified_gmt":"2023-08-12T13:13:11","slug":"dia-d-de-testagem-de-leishmaniose-canina-nesta-sexta-feira-11-no-cem-tiradentes-na-arse-82","status":"publish","type":"post","link":"https:\/\/cleitonpinheiro.com.br\/site\/dia-d-de-testagem-de-leishmaniose-canina-nesta-sexta-feira-11-no-cem-tiradentes-na-arse-82\/","title":{"rendered":"Dia D de testagem de leishmaniose canina nesta sexta-feira, 11, no CEM Tiradentes, na Arse 82"},"content":{"rendered":"\n<figure class=\"wp-block-image size-full\"><img decoding=\"async\" src=\"https:\/\/cleitonpinheiro.com.br\/site\/wp-content\/uploads\/2023\/08\/ad6c3f5a7cfe4954be8dd73185e5e87f.jpg\" alt=\"\" class=\"wp-image-73393\"\/><figcaption class=\"wp-element-caption\">N\u00e3o \u00e9 obrigat\u00f3rio levar documentos do animal, mas ele deve ter mais de seis meses para fazer o teste &#8211; Foto: Ra\u00edza Milhomem<\/figcaption><\/figure>\n\n\n\n<p class=\"wp-block-paragraph\">Ter um bichinho exige cuidado, carinho e comida diariamente. Mas tamb\u00e9m \u00e9 importante castrar e dar as vacinas certas e, claro, realizar a testagem regular para leishmaniose visceral canina (calazar). Nesta sexta-feira, 11, a Unidade de Vigil\u00e2ncia e Controle de Zoonoses (UVCZ) da Secretaria Municipal de Sa\u00fade de Palmas (Semus), realizar\u00e1, das 8 \u00e0s 17 horas, o Dia D\u00a0de testagem r\u00e1pida para detec\u00e7\u00e3o da doen\u00e7a.\u00a0<\/p>\n\n\n\n<p class=\"wp-block-paragraph\">A a\u00e7\u00e3o ocorrer\u00e1 nas pra\u00e7as ao lado Escola Estadual Centro de Ensino M\u00e9dio (CEM) Tiradentes, que fica na Arse 82 (806 Sul) e da Escola Municipal Darcy Ribeiro, localizada na Arse 91 (904 Sul). O teste r\u00e1pido \u00e9 realizado em 15 minutos e o resultado j\u00e1 \u00e9 informado. Ele atua como uma primeira triagem para selecionar os animais que apresentam resultados positivos e necessitam realizar um teste de sangue no Laborat\u00f3rio Municipal para confirma\u00e7\u00e3o. N\u00e3o \u00e9 obrigat\u00f3rio levar documentos do animal, mas ele deve ter mais de seis meses para fazer o teste.<\/p>\n\n\n\n<p class=\"wp-block-paragraph\">Nem todos os cachorros infectados revelam os sintomas da doen\u00e7a, mas esses s\u00e3o alguns dos sinais mais comuns da leishmaniose: queda de pelos, descama\u00e7\u00e3o da pele, principalmente no focinho, aparecimento de feridas na pele, mais comum na orelha, focinho e cauda, perda de peso, falta de energia e crescimento exagerado das unhas.&nbsp;<\/p>\n\n\n\n<p class=\"wp-block-paragraph\">Al\u00e9m de fazer o teste pelo menos uma vez por ano, \u00e9 fundamental que a popula\u00e7\u00e3o combata o mosquito-palha, que transmite o parasita causador da doen\u00e7a, tanto em c\u00e3es quanto em humanos. Isso pode ser feito ao eliminar os poss\u00edveis locais onde o mosquito se reproduz, como restos de comida, frutas, fezes de animais, folhas e galhos. A Semus destaca que a UVCZ oferece testes gratuitos para leishmaniose em c\u00e3es de segunda a sexta-feira, das 8 \u00e0s 17 horas, em sua sede, sem a necessidade de agendamento pr\u00e9vio.&nbsp;<\/p>\n","protected":false},"excerpt":{"rendered":"<p>Ter um bichinho exige cuidado, carinho e comida diariamente. Mas tamb\u00e9m \u00e9 importante castrar e dar as vacinas certas e, claro, realizar a testagem regular para leishmaniose visceral canina (calazar). Nesta sexta-feira, 11, a Unidade de Vigil\u00e2ncia e Controle de Zoonoses (UVCZ) da Secretaria Municipal de Sa\u00fade de Palmas (Semus), realizar\u00e1, das 8 \u00e0s 17 [&hellip;]<\/p>\n","protected":false},"author":13,"featured_media":0,"comment_status":"open","ping_status":"open","sticky":false,"template":"","format":"standard","meta":{"_acf_changed":false,"footnotes":""},"categories":[22,21],"tags":[1131,720,722],"class_list":["post-73392","post","type-post","status-publish","format-standard","hentry","category-cidades","category-todas-noticias","tag-calazar","tag-prefeitura-de-palmas","tag-saude"],"acf":[],"yoast_head":"<!-- This site is optimized with the Yoast SEO plugin v24.4 - https:\/\/yoast.com\/wordpress\/plugins\/seo\/ -->\n<title>Dia D de testagem de leishmaniose canina nesta sexta-feira, 11, no CEM Tiradentes, na Arse 82 - PORTAL DE NOT\u00cdCIAS CLEITON PINHEIRO<\/title>\n<meta name=\"robots\" content=\"index, follow, max-snippet:-1, max-image-preview:large, max-video-preview:-1\" \/>\n<link rel=\"canonical\" href=\"https:\/\/cleitonpinheiro.com.br\/site\/dia-d-de-testagem-de-leishmaniose-canina-nesta-sexta-feira-11-no-cem-tiradentes-na-arse-82\/\" \/>\n<meta property=\"og:locale\" content=\"pt_BR\" \/>\n<meta property=\"og:type\" content=\"article\" \/>\n<meta property=\"og:title\" content=\"Dia D de testagem de leishmaniose canina nesta sexta-feira, 11, no CEM Tiradentes, na Arse 82 - PORTAL DE NOT\u00cdCIAS CLEITON PINHEIRO\" \/>\n<meta property=\"og:description\" content=\"Ter um bichinho exige cuidado, carinho e comida diariamente. Mas tamb\u00e9m \u00e9 importante castrar e dar as vacinas certas e, claro, realizar a testagem regular para leishmaniose visceral canina (calazar). Nesta sexta-feira, 11, a Unidade de Vigil\u00e2ncia e Controle de Zoonoses (UVCZ) da Secretaria Municipal de Sa\u00fade de Palmas (Semus), realizar\u00e1, das 8 \u00e0s 17 [&hellip;]\" \/>\n<meta property=\"og:url\" content=\"https:\/\/cleitonpinheiro.com.br\/site\/dia-d-de-testagem-de-leishmaniose-canina-nesta-sexta-feira-11-no-cem-tiradentes-na-arse-82\/\" \/>\n<meta property=\"og:site_name\" content=\"PORTAL DE NOT\u00cdCIAS CLEITON PINHEIRO\" \/>\n<meta property=\"article:publisher\" content=\"https:\/\/www.facebook.com\/portalcpnoticias\/\" \/>\n<meta property=\"article:published_time\" content=\"2023-08-11T13:23:22+00:00\" \/>\n<meta property=\"article:modified_time\" content=\"2023-08-12T13:13:11+00:00\" \/>\n<meta property=\"og:image\" content=\"https:\/\/cleitonpinheiro.com.br\/site\/wp-content\/uploads\/2023\/08\/ad6c3f5a7cfe4954be8dd73185e5e87f.jpg\" \/>\n\t<meta property=\"og:image:width\" content=\"787\" \/>\n\t<meta property=\"og:image:height\" content=\"600\" \/>\n\t<meta property=\"og:image:type\" content=\"image\/jpeg\" \/>\n<meta name=\"author\" content=\"Reda\u00e7\u00e3o CP\" \/>\n<meta name=\"twitter:card\" content=\"summary_large_image\" \/>\n<meta name=\"twitter:label1\" content=\"Escrito por\" \/>\n\t<meta name=\"twitter:data1\" content=\"Reda\u00e7\u00e3o CP\" \/>\n\t<meta name=\"twitter:label2\" content=\"Est. tempo de leitura\" \/>\n\t<meta name=\"twitter:data2\" content=\"2 minutos\" \/>\n<script type=\"application\/ld+json\" class=\"yoast-schema-graph\">{\"@context\":\"https:\/\/schema.org\",\"@graph\":[{\"@type\":\"Article\",\"@id\":\"https:\/\/cleitonpinheiro.com.br\/site\/dia-d-de-testagem-de-leishmaniose-canina-nesta-sexta-feira-11-no-cem-tiradentes-na-arse-82\/#article\",\"isPartOf\":{\"@id\":\"https:\/\/cleitonpinheiro.com.br\/site\/dia-d-de-testagem-de-leishmaniose-canina-nesta-sexta-feira-11-no-cem-tiradentes-na-arse-82\/\"},\"author\":{\"name\":\"Reda\u00e7\u00e3o CP\",\"@id\":\"https:\/\/cleitonpinheiro.com.br\/site\/#\/schema\/person\/8f04544e0bc40a1b68775b08360f87db\"},\"headline\":\"Dia D de testagem de leishmaniose canina nesta sexta-feira, 11, no CEM Tiradentes, na Arse 82\",\"datePublished\":\"2023-08-11T13:23:22+00:00\",\"dateModified\":\"2023-08-12T13:13:11+00:00\",\"mainEntityOfPage\":{\"@id\":\"https:\/\/cleitonpinheiro.com.br\/site\/dia-d-de-testagem-de-leishmaniose-canina-nesta-sexta-feira-11-no-cem-tiradentes-na-arse-82\/\"},\"wordCount\":349,\"commentCount\":0,\"publisher\":{\"@id\":\"https:\/\/cleitonpinheiro.com.br\/site\/#organization\"},\"image\":{\"@id\":\"https:\/\/cleitonpinheiro.com.br\/site\/dia-d-de-testagem-de-leishmaniose-canina-nesta-sexta-feira-11-no-cem-tiradentes-na-arse-82\/#primaryimage\"},\"thumbnailUrl\":\"https:\/\/cleitonpinheiro.com.br\/site\/wp-content\/uploads\/2023\/08\/ad6c3f5a7cfe4954be8dd73185e5e87f.jpg\",\"keywords\":[\"Calazar\",\"Prefeitura de Palmas\",\"Sa\u00fade\"],\"articleSection\":[\"CIDADES\",\"TODAS NOTICIAS\"],\"inLanguage\":\"pt-BR\",\"potentialAction\":[{\"@type\":\"CommentAction\",\"name\":\"Comment\",\"target\":[\"https:\/\/cleitonpinheiro.com.br\/site\/dia-d-de-testagem-de-leishmaniose-canina-nesta-sexta-feira-11-no-cem-tiradentes-na-arse-82\/#respond\"]}]},{\"@type\":\"WebPage\",\"@id\":\"https:\/\/cleitonpinheiro.com.br\/site\/dia-d-de-testagem-de-leishmaniose-canina-nesta-sexta-feira-11-no-cem-tiradentes-na-arse-82\/\",\"url\":\"https:\/\/cleitonpinheiro.com.br\/site\/dia-d-de-testagem-de-leishmaniose-canina-nesta-sexta-feira-11-no-cem-tiradentes-na-arse-82\/\",\"name\":\"Dia D de testagem de leishmaniose canina nesta sexta-feira, 11, no CEM Tiradentes, na Arse 82 - PORTAL DE NOT\u00cdCIAS CLEITON PINHEIRO\",\"isPartOf\":{\"@id\":\"https:\/\/cleitonpinheiro.com.br\/site\/#website\"},\"primaryImageOfPage\":{\"@id\":\"https:\/\/cleitonpinheiro.com.br\/site\/dia-d-de-testagem-de-leishmaniose-canina-nesta-sexta-feira-11-no-cem-tiradentes-na-arse-82\/#primaryimage\"},\"image\":{\"@id\":\"https:\/\/cleitonpinheiro.com.br\/site\/dia-d-de-testagem-de-leishmaniose-canina-nesta-sexta-feira-11-no-cem-tiradentes-na-arse-82\/#primaryimage\"},\"thumbnailUrl\":\"https:\/\/cleitonpinheiro.com.br\/site\/wp-content\/uploads\/2023\/08\/ad6c3f5a7cfe4954be8dd73185e5e87f.jpg\",\"datePublished\":\"2023-08-11T13:23:22+00:00\",\"dateModified\":\"2023-08-12T13:13:11+00:00\",\"breadcrumb\":{\"@id\":\"https:\/\/cleitonpinheiro.com.br\/site\/dia-d-de-testagem-de-leishmaniose-canina-nesta-sexta-feira-11-no-cem-tiradentes-na-arse-82\/#breadcrumb\"},\"inLanguage\":\"pt-BR\",\"potentialAction\":[{\"@type\":\"ReadAction\",\"target\":[\"https:\/\/cleitonpinheiro.com.br\/site\/dia-d-de-testagem-de-leishmaniose-canina-nesta-sexta-feira-11-no-cem-tiradentes-na-arse-82\/\"]}]},{\"@type\":\"ImageObject\",\"inLanguage\":\"pt-BR\",\"@id\":\"https:\/\/cleitonpinheiro.com.br\/site\/dia-d-de-testagem-de-leishmaniose-canina-nesta-sexta-feira-11-no-cem-tiradentes-na-arse-82\/#primaryimage\",\"url\":\"\",\"contentUrl\":\"\"},{\"@type\":\"BreadcrumbList\",\"@id\":\"https:\/\/cleitonpinheiro.com.br\/site\/dia-d-de-testagem-de-leishmaniose-canina-nesta-sexta-feira-11-no-cem-tiradentes-na-arse-82\/#breadcrumb\",\"itemListElement\":[{\"@type\":\"ListItem\",\"position\":1,\"name\":\"In\u00edcio\",\"item\":\"https:\/\/cleitonpinheiro.com.br\/site\/\"},{\"@type\":\"ListItem\",\"position\":2,\"name\":\"Dia D de testagem de leishmaniose canina nesta sexta-feira, 11, no CEM Tiradentes, na Arse 82\"}]},{\"@type\":\"WebSite\",\"@id\":\"https:\/\/cleitonpinheiro.com.br\/site\/#website\",\"url\":\"https:\/\/cleitonpinheiro.com.br\/site\/\",\"name\":\"PORTAL DE NOT\u00cdCIAS CLEITON PINHEIRO\",\"description\":\"FALANDO A VERDADE\",\"publisher\":{\"@id\":\"https:\/\/cleitonpinheiro.com.br\/site\/#organization\"},\"potentialAction\":[{\"@type\":\"SearchAction\",\"target\":{\"@type\":\"EntryPoint\",\"urlTemplate\":\"https:\/\/cleitonpinheiro.com.br\/site\/?s={search_term_string}\"},\"query-input\":{\"@type\":\"PropertyValueSpecification\",\"valueRequired\":true,\"valueName\":\"search_term_string\"}}],\"inLanguage\":\"pt-BR\"},{\"@type\":\"Organization\",\"@id\":\"https:\/\/cleitonpinheiro.com.br\/site\/#organization\",\"name\":\"CPNOT\u00cdCIAS\",\"url\":\"https:\/\/cleitonpinheiro.com.br\/site\/\",\"logo\":{\"@type\":\"ImageObject\",\"inLanguage\":\"pt-BR\",\"@id\":\"https:\/\/cleitonpinheiro.com.br\/site\/#\/schema\/logo\/image\/\",\"url\":\"https:\/\/cleitonpinheiro.com.br\/site\/wp-content\/uploads\/2022\/08\/Logo-pequena-2.png\",\"contentUrl\":\"https:\/\/cleitonpinheiro.com.br\/site\/wp-content\/uploads\/2022\/08\/Logo-pequena-2.png\",\"width\":500,\"height\":500,\"caption\":\"CPNOT\u00cdCIAS\"},\"image\":{\"@id\":\"https:\/\/cleitonpinheiro.com.br\/site\/#\/schema\/logo\/image\/\"},\"sameAs\":[\"https:\/\/www.facebook.com\/portalcpnoticias\/\"]},{\"@type\":\"Person\",\"@id\":\"https:\/\/cleitonpinheiro.com.br\/site\/#\/schema\/person\/8f04544e0bc40a1b68775b08360f87db\",\"name\":\"Reda\u00e7\u00e3o CP\",\"image\":{\"@type\":\"ImageObject\",\"inLanguage\":\"pt-BR\",\"@id\":\"https:\/\/cleitonpinheiro.com.br\/site\/#\/schema\/person\/image\/\",\"url\":\"https:\/\/secure.gravatar.com\/avatar\/0bcf19cb29fdc8fc588c490c7ae1b3e174dac268586a63fbe1d1893a0f9020cd?s=96&r=g\",\"contentUrl\":\"https:\/\/secure.gravatar.com\/avatar\/0bcf19cb29fdc8fc588c490c7ae1b3e174dac268586a63fbe1d1893a0f9020cd?s=96&r=g\",\"caption\":\"Reda\u00e7\u00e3o CP\"},\"url\":\"https:\/\/cleitonpinheiro.com.br\/site\/author\/redacao\/\"}]}<\/script>\n<!-- \/ Yoast SEO plugin. -->","yoast_head_json":{"title":"Dia D de testagem de leishmaniose canina nesta sexta-feira, 11, no CEM Tiradentes, na Arse 82 - PORTAL DE NOT\u00cdCIAS CLEITON PINHEIRO","robots":{"index":"index","follow":"follow","max-snippet":"max-snippet:-1","max-image-preview":"max-image-preview:large","max-video-preview":"max-video-preview:-1"},"canonical":"https:\/\/cleitonpinheiro.com.br\/site\/dia-d-de-testagem-de-leishmaniose-canina-nesta-sexta-feira-11-no-cem-tiradentes-na-arse-82\/","og_locale":"pt_BR","og_type":"article","og_title":"Dia D de testagem de leishmaniose canina nesta sexta-feira, 11, no CEM Tiradentes, na Arse 82 - PORTAL DE NOT\u00cdCIAS CLEITON PINHEIRO","og_description":"Ter um bichinho exige cuidado, carinho e comida diariamente. Mas tamb\u00e9m \u00e9 importante castrar e dar as vacinas certas e, claro, realizar a testagem regular para leishmaniose visceral canina (calazar). Nesta sexta-feira, 11, a Unidade de Vigil\u00e2ncia e Controle de Zoonoses (UVCZ) da Secretaria Municipal de Sa\u00fade de Palmas (Semus), realizar\u00e1, das 8 \u00e0s 17 [&hellip;]","og_url":"https:\/\/cleitonpinheiro.com.br\/site\/dia-d-de-testagem-de-leishmaniose-canina-nesta-sexta-feira-11-no-cem-tiradentes-na-arse-82\/","og_site_name":"PORTAL DE NOT\u00cdCIAS CLEITON PINHEIRO","article_publisher":"https:\/\/www.facebook.com\/portalcpnoticias\/","article_published_time":"2023-08-11T13:23:22+00:00","article_modified_time":"2023-08-12T13:13:11+00:00","og_image":[{"width":787,"height":600,"url":"https:\/\/cleitonpinheiro.com.br\/site\/wp-content\/uploads\/2023\/08\/ad6c3f5a7cfe4954be8dd73185e5e87f.jpg","type":"image\/jpeg"}],"author":"Reda\u00e7\u00e3o CP","twitter_card":"summary_large_image","twitter_misc":{"Escrito por":"Reda\u00e7\u00e3o CP","Est. tempo de leitura":"2 minutos"},"schema":{"@context":"https:\/\/schema.org","@graph":[{"@type":"Article","@id":"https:\/\/cleitonpinheiro.com.br\/site\/dia-d-de-testagem-de-leishmaniose-canina-nesta-sexta-feira-11-no-cem-tiradentes-na-arse-82\/#article","isPartOf":{"@id":"https:\/\/cleitonpinheiro.com.br\/site\/dia-d-de-testagem-de-leishmaniose-canina-nesta-sexta-feira-11-no-cem-tiradentes-na-arse-82\/"},"author":{"name":"Reda\u00e7\u00e3o CP","@id":"https:\/\/cleitonpinheiro.com.br\/site\/#\/schema\/person\/8f04544e0bc40a1b68775b08360f87db"},"headline":"Dia D de testagem de leishmaniose canina nesta sexta-feira, 11, no CEM Tiradentes, na Arse 82","datePublished":"2023-08-11T13:23:22+00:00","dateModified":"2023-08-12T13:13:11+00:00","mainEntityOfPage":{"@id":"https:\/\/cleitonpinheiro.com.br\/site\/dia-d-de-testagem-de-leishmaniose-canina-nesta-sexta-feira-11-no-cem-tiradentes-na-arse-82\/"},"wordCount":349,"commentCount":0,"publisher":{"@id":"https:\/\/cleitonpinheiro.com.br\/site\/#organization"},"image":{"@id":"https:\/\/cleitonpinheiro.com.br\/site\/dia-d-de-testagem-de-leishmaniose-canina-nesta-sexta-feira-11-no-cem-tiradentes-na-arse-82\/#primaryimage"},"thumbnailUrl":"https:\/\/cleitonpinheiro.com.br\/site\/wp-content\/uploads\/2023\/08\/ad6c3f5a7cfe4954be8dd73185e5e87f.jpg","keywords":["Calazar","Prefeitura de Palmas","Sa\u00fade"],"articleSection":["CIDADES","TODAS NOTICIAS"],"inLanguage":"pt-BR","potentialAction":[{"@type":"CommentAction","name":"Comment","target":["https:\/\/cleitonpinheiro.com.br\/site\/dia-d-de-testagem-de-leishmaniose-canina-nesta-sexta-feira-11-no-cem-tiradentes-na-arse-82\/#respond"]}]},{"@type":"WebPage","@id":"https:\/\/cleitonpinheiro.com.br\/site\/dia-d-de-testagem-de-leishmaniose-canina-nesta-sexta-feira-11-no-cem-tiradentes-na-arse-82\/","url":"https:\/\/cleitonpinheiro.com.br\/site\/dia-d-de-testagem-de-leishmaniose-canina-nesta-sexta-feira-11-no-cem-tiradentes-na-arse-82\/","name":"Dia D de testagem de leishmaniose canina nesta sexta-feira, 11, no CEM Tiradentes, na Arse 82 - PORTAL DE NOT\u00cdCIAS CLEITON PINHEIRO","isPartOf":{"@id":"https:\/\/cleitonpinheiro.com.br\/site\/#website"},"primaryImageOfPage":{"@id":"https:\/\/cleitonpinheiro.com.br\/site\/dia-d-de-testagem-de-leishmaniose-canina-nesta-sexta-feira-11-no-cem-tiradentes-na-arse-82\/#primaryimage"},"image":{"@id":"https:\/\/cleitonpinheiro.com.br\/site\/dia-d-de-testagem-de-leishmaniose-canina-nesta-sexta-feira-11-no-cem-tiradentes-na-arse-82\/#primaryimage"},"thumbnailUrl":"https:\/\/cleitonpinheiro.com.br\/site\/wp-content\/uploads\/2023\/08\/ad6c3f5a7cfe4954be8dd73185e5e87f.jpg","datePublished":"2023-08-11T13:23:22+00:00","dateModified":"2023-08-12T13:13:11+00:00","breadcrumb":{"@id":"https:\/\/cleitonpinheiro.com.br\/site\/dia-d-de-testagem-de-leishmaniose-canina-nesta-sexta-feira-11-no-cem-tiradentes-na-arse-82\/#breadcrumb"},"inLanguage":"pt-BR","potentialAction":[{"@type":"ReadAction","target":["https:\/\/cleitonpinheiro.com.br\/site\/dia-d-de-testagem-de-leishmaniose-canina-nesta-sexta-feira-11-no-cem-tiradentes-na-arse-82\/"]}]},{"@type":"ImageObject","inLanguage":"pt-BR","@id":"https:\/\/cleitonpinheiro.com.br\/site\/dia-d-de-testagem-de-leishmaniose-canina-nesta-sexta-feira-11-no-cem-tiradentes-na-arse-82\/#primaryimage","url":"","contentUrl":""},{"@type":"BreadcrumbList","@id":"https:\/\/cleitonpinheiro.com.br\/site\/dia-d-de-testagem-de-leishmaniose-canina-nesta-sexta-feira-11-no-cem-tiradentes-na-arse-82\/#breadcrumb","itemListElement":[{"@type":"ListItem","position":1,"name":"In\u00edcio","item":"https:\/\/cleitonpinheiro.com.br\/site\/"},{"@type":"ListItem","position":2,"name":"Dia D de testagem de leishmaniose canina nesta sexta-feira, 11, no CEM Tiradentes, na Arse 82"}]},{"@type":"WebSite","@id":"https:\/\/cleitonpinheiro.com.br\/site\/#website","url":"https:\/\/cleitonpinheiro.com.br\/site\/","name":"PORTAL DE NOT\u00cdCIAS CLEITON PINHEIRO","description":"FALANDO A VERDADE","publisher":{"@id":"https:\/\/cleitonpinheiro.com.br\/site\/#organization"},"potentialAction":[{"@type":"SearchAction","target":{"@type":"EntryPoint","urlTemplate":"https:\/\/cleitonpinheiro.com.br\/site\/?s={search_term_string}"},"query-input":{"@type":"PropertyValueSpecification","valueRequired":true,"valueName":"search_term_string"}}],"inLanguage":"pt-BR"},{"@type":"Organization","@id":"https:\/\/cleitonpinheiro.com.br\/site\/#organization","name":"CPNOT\u00cdCIAS","url":"https:\/\/cleitonpinheiro.com.br\/site\/","logo":{"@type":"ImageObject","inLanguage":"pt-BR","@id":"https:\/\/cleitonpinheiro.com.br\/site\/#\/schema\/logo\/image\/","url":"https:\/\/cleitonpinheiro.com.br\/site\/wp-content\/uploads\/2022\/08\/Logo-pequena-2.png","contentUrl":"https:\/\/cleitonpinheiro.com.br\/site\/wp-content\/uploads\/2022\/08\/Logo-pequena-2.png","width":500,"height":500,"caption":"CPNOT\u00cdCIAS"},"image":{"@id":"https:\/\/cleitonpinheiro.com.br\/site\/#\/schema\/logo\/image\/"},"sameAs":["https:\/\/www.facebook.com\/portalcpnoticias\/"]},{"@type":"Person","@id":"https:\/\/cleitonpinheiro.com.br\/site\/#\/schema\/person\/8f04544e0bc40a1b68775b08360f87db","name":"Reda\u00e7\u00e3o CP","image":{"@type":"ImageObject","inLanguage":"pt-BR","@id":"https:\/\/cleitonpinheiro.com.br\/site\/#\/schema\/person\/image\/","url":"https:\/\/secure.gravatar.com\/avatar\/0bcf19cb29fdc8fc588c490c7ae1b3e174dac268586a63fbe1d1893a0f9020cd?s=96&r=g","contentUrl":"https:\/\/secure.gravatar.com\/avatar\/0bcf19cb29fdc8fc588c490c7ae1b3e174dac268586a63fbe1d1893a0f9020cd?s=96&r=g","caption":"Reda\u00e7\u00e3o CP"},"url":"https:\/\/cleitonpinheiro.com.br\/site\/author\/redacao\/"}]}},"views":124,"_links":{"self":[{"href":"https:\/\/cleitonpinheiro.com.br\/site\/wp-json\/wp\/v2\/posts\/73392","targetHints":{"allow":["GET"]}}],"collection":[{"href":"https:\/\/cleitonpinheiro.com.br\/site\/wp-json\/wp\/v2\/posts"}],"about":[{"href":"https:\/\/cleitonpinheiro.com.br\/site\/wp-json\/wp\/v2\/types\/post"}],"author":[{"embeddable":true,"href":"https:\/\/cleitonpinheiro.com.br\/site\/wp-json\/wp\/v2\/users\/13"}],"replies":[{"embeddable":true,"href":"https:\/\/cleitonpinheiro.com.br\/site\/wp-json\/wp\/v2\/comments?post=73392"}],"version-history":[{"count":1,"href":"https:\/\/cleitonpinheiro.com.br\/site\/wp-json\/wp\/v2\/posts\/73392\/revisions"}],"predecessor-version":[{"id":73394,"href":"https:\/\/cleitonpinheiro.com.br\/site\/wp-json\/wp\/v2\/posts\/73392\/revisions\/73394"}],"wp:attachment":[{"href":"https:\/\/cleitonpinheiro.com.br\/site\/wp-json\/wp\/v2\/media?parent=73392"}],"wp:term":[{"taxonomy":"category","embeddable":true,"href":"https:\/\/cleitonpinheiro.com.br\/site\/wp-json\/wp\/v2\/categories?post=73392"},{"taxonomy":"post_tag","embeddable":true,"href":"https:\/\/cleitonpinheiro.com.br\/site\/wp-json\/wp\/v2\/tags?post=73392"}],"curies":[{"name":"wp","href":"https:\/\/api.w.org\/{rel}","templated":true}]}}