{"id":73395,"date":"2023-08-11T17:16:00","date_gmt":"2023-08-11T20:16:00","guid":{"rendered":"https:\/\/cleitonpinheiro.com.br\/site\/?p=73395"},"modified":"2023-08-12T10:09:21","modified_gmt":"2023-08-12T13:09:21","slug":"ex-secretario-edmilson-consegue-liberdade-provisoria-apos-pagar-r-120-mil-de-fianca","status":"publish","type":"post","link":"https:\/\/cleitonpinheiro.com.br\/site\/ex-secretario-edmilson-consegue-liberdade-provisoria-apos-pagar-r-120-mil-de-fianca\/","title":{"rendered":"Ex-secret\u00e1rio Edmilson consegue liberdade provis\u00f3ria ap\u00f3s pagar R$ 120 mil de fian\u00e7a"},"content":{"rendered":"\n<figure class=\"wp-block-image size-full\"><img decoding=\"async\" src=\"https:\/\/cleitonpinheiro.com.br\/site\/wp-content\/uploads\/2023\/08\/EDMILSON_VIEIRA-1.jpg\" alt=\"\" class=\"wp-image-73396\"\/><figcaption class=\"wp-element-caption\">Ex-secret\u00e1rio Edmilson foi exonerado da Prefeitura de Palmas ainda na quinta &#8211; Foto: Prefeitura de Palmas<\/figcaption><\/figure>\n\n\n\n<p class=\"wp-block-paragraph\">O ex-secret\u00e1rio municipal Edmilson Vieira das Virgens foi solto nesta sexta-feira, 11, pela Justi\u00e7a Federal &#8211; 4\u00aa Vara Federal Criminal do Tocantins -. Ele conseguiu liberdade provis\u00f3ria perante pagamento de fian\u00e7a de R$ 120 mil. Edmilson foi preso em flagrante na quinta-feira, 10, ap\u00f3s opera\u00e7\u00f5es da Pol\u00edcia Federal que encontrou em um bunker dinheiro em esp\u00e9cie e j\u00f3ias que seria do ex-secret\u00e1rio. O Minist\u00e9rio P\u00fablico Federal (MPF) se manifestou pela pris\u00e3o preventiva.<\/p>\n\n\n\n<p class=\"wp-block-paragraph\">O secret\u00e1rio municipal de Desenvolvimento Urbano e Servi\u00e7os Regionais, Edmilson das Virgens, da secret\u00e1ria municipal de Educa\u00e7\u00e3o, Maria de F\u00e1tima Sena, e da secret\u00e1ria executiva da Educa\u00e7\u00e3o, Fernanda Rodrigues da Silva, foram alvos de duas opera\u00e7\u00f5es da Pol\u00edcia Federal na quinta-feira &#8211; Segundo Plano e Plano Inserto &#8211; referente a dois contratos que somam quase R$ 35 milh\u00f5es.<\/p>\n\n\n\n<p class=\"wp-block-paragraph\"><strong>Os contratos da Educa\u00e7\u00e3o alvos das investiga\u00e7\u00f5es s\u00e3o:<\/strong><\/p>\n\n\n\n<p class=\"wp-block-paragraph\">Contrato n\u00ba 25 de 2022: contrata\u00e7\u00e3o da empresa Mindlab para fornecimento de conjuntos pedag\u00f3gicos por R$ 14,9 milh\u00f5es;<br>Contrato n\u00ba 3 de 2023: contrata\u00e7\u00e3o da empresa Expresso Vila Rica Transporte Ltda para o transporte de alungos e profissionais da educa\u00e7\u00e3o da zona rural por R$ 19,9 milh\u00f5es.<\/p>\n\n\n\n<p class=\"wp-block-paragraph\">Os tr\u00eas secret\u00e1rios municipais foram exonerados pela prefeita Cinthia Ribeiro ainda na quinta-feira.<\/p>\n","protected":false},"excerpt":{"rendered":"<p>Edmilson foi preso em flagrante na quinta-feira, 10, ap\u00f3s opera\u00e7\u00f5es da Pol\u00edcia Federal que encontrou em um bunker dinheiro em esp\u00e9cie e j\u00f3ias que seria do ex-secret\u00e1rio<\/p>\n","protected":false},"author":13,"featured_media":0,"comment_status":"open","ping_status":"open","sticky":false,"template":"","format":"standard","meta":{"_acf_changed":false,"footnotes":""},"categories":[23,21],"tags":[],"class_list":["post-73395","post","type-post","status-publish","format-standard","hentry","category-politica","category-todas-noticias"],"acf":[],"yoast_head":"<!-- This site is optimized with the Yoast SEO plugin v24.4 - https:\/\/yoast.com\/wordpress\/plugins\/seo\/ -->\n<title>Ex-secret\u00e1rio Edmilson consegue liberdade provis\u00f3ria ap\u00f3s pagar R$ 120 mil de fian\u00e7a - PORTAL DE NOT\u00cdCIAS CLEITON PINHEIRO<\/title>\n<meta name=\"robots\" content=\"index, follow, max-snippet:-1, max-image-preview:large, max-video-preview:-1\" \/>\n<link rel=\"canonical\" href=\"https:\/\/cleitonpinheiro.com.br\/site\/ex-secretario-edmilson-consegue-liberdade-provisoria-apos-pagar-r-120-mil-de-fianca\/\" \/>\n<meta property=\"og:locale\" content=\"pt_BR\" \/>\n<meta property=\"og:type\" content=\"article\" \/>\n<meta property=\"og:title\" content=\"Ex-secret\u00e1rio Edmilson consegue liberdade provis\u00f3ria ap\u00f3s pagar R$ 120 mil de fian\u00e7a - PORTAL DE NOT\u00cdCIAS CLEITON PINHEIRO\" \/>\n<meta property=\"og:description\" content=\"Edmilson foi preso em flagrante na quinta-feira, 10, ap\u00f3s opera\u00e7\u00f5es da Pol\u00edcia Federal que encontrou em um bunker dinheiro em esp\u00e9cie e j\u00f3ias que seria do ex-secret\u00e1rio\" \/>\n<meta property=\"og:url\" content=\"https:\/\/cleitonpinheiro.com.br\/site\/ex-secretario-edmilson-consegue-liberdade-provisoria-apos-pagar-r-120-mil-de-fianca\/\" \/>\n<meta property=\"og:site_name\" content=\"PORTAL DE NOT\u00cdCIAS CLEITON PINHEIRO\" \/>\n<meta property=\"article:publisher\" content=\"https:\/\/www.facebook.com\/portalcpnoticias\/\" \/>\n<meta property=\"article:published_time\" content=\"2023-08-11T20:16:00+00:00\" \/>\n<meta property=\"article:modified_time\" content=\"2023-08-12T13:09:21+00:00\" \/>\n<meta property=\"og:image\" content=\"https:\/\/cleitonpinheiro.com.br\/site\/wp-content\/uploads\/2023\/08\/EDMILSON_VIEIRA-1.jpg\" \/>\n\t<meta property=\"og:image:width\" content=\"2593\" \/>\n\t<meta property=\"og:image:height\" content=\"3890\" \/>\n\t<meta property=\"og:image:type\" content=\"image\/jpeg\" \/>\n<meta name=\"author\" content=\"Reda\u00e7\u00e3o CP\" \/>\n<meta name=\"twitter:card\" content=\"summary_large_image\" \/>\n<meta name=\"twitter:label1\" content=\"Escrito por\" \/>\n\t<meta name=\"twitter:data1\" content=\"Reda\u00e7\u00e3o CP\" \/>\n\t<meta name=\"twitter:label2\" content=\"Est. tempo de leitura\" \/>\n\t<meta name=\"twitter:data2\" content=\"2 minutos\" \/>\n<script type=\"application\/ld+json\" class=\"yoast-schema-graph\">{\"@context\":\"https:\/\/schema.org\",\"@graph\":[{\"@type\":\"Article\",\"@id\":\"https:\/\/cleitonpinheiro.com.br\/site\/ex-secretario-edmilson-consegue-liberdade-provisoria-apos-pagar-r-120-mil-de-fianca\/#article\",\"isPartOf\":{\"@id\":\"https:\/\/cleitonpinheiro.com.br\/site\/ex-secretario-edmilson-consegue-liberdade-provisoria-apos-pagar-r-120-mil-de-fianca\/\"},\"author\":{\"name\":\"Reda\u00e7\u00e3o CP\",\"@id\":\"https:\/\/cleitonpinheiro.com.br\/site\/#\/schema\/person\/8f04544e0bc40a1b68775b08360f87db\"},\"headline\":\"Ex-secret\u00e1rio Edmilson consegue liberdade provis\u00f3ria ap\u00f3s pagar R$ 120 mil de fian\u00e7a\",\"datePublished\":\"2023-08-11T20:16:00+00:00\",\"dateModified\":\"2023-08-12T13:09:21+00:00\",\"mainEntityOfPage\":{\"@id\":\"https:\/\/cleitonpinheiro.com.br\/site\/ex-secretario-edmilson-consegue-liberdade-provisoria-apos-pagar-r-120-mil-de-fianca\/\"},\"wordCount\":253,\"commentCount\":0,\"publisher\":{\"@id\":\"https:\/\/cleitonpinheiro.com.br\/site\/#organization\"},\"image\":{\"@id\":\"https:\/\/cleitonpinheiro.com.br\/site\/ex-secretario-edmilson-consegue-liberdade-provisoria-apos-pagar-r-120-mil-de-fianca\/#primaryimage\"},\"thumbnailUrl\":\"https:\/\/cleitonpinheiro.com.br\/site\/wp-content\/uploads\/2023\/08\/EDMILSON_VIEIRA-1.jpg\",\"articleSection\":[\"POL\u00cdTICA\",\"TODAS NOTICIAS\"],\"inLanguage\":\"pt-BR\",\"potentialAction\":[{\"@type\":\"CommentAction\",\"name\":\"Comment\",\"target\":[\"https:\/\/cleitonpinheiro.com.br\/site\/ex-secretario-edmilson-consegue-liberdade-provisoria-apos-pagar-r-120-mil-de-fianca\/#respond\"]}]},{\"@type\":\"WebPage\",\"@id\":\"https:\/\/cleitonpinheiro.com.br\/site\/ex-secretario-edmilson-consegue-liberdade-provisoria-apos-pagar-r-120-mil-de-fianca\/\",\"url\":\"https:\/\/cleitonpinheiro.com.br\/site\/ex-secretario-edmilson-consegue-liberdade-provisoria-apos-pagar-r-120-mil-de-fianca\/\",\"name\":\"Ex-secret\u00e1rio Edmilson consegue liberdade provis\u00f3ria ap\u00f3s pagar R$ 120 mil de fian\u00e7a - PORTAL DE NOT\u00cdCIAS CLEITON PINHEIRO\",\"isPartOf\":{\"@id\":\"https:\/\/cleitonpinheiro.com.br\/site\/#website\"},\"primaryImageOfPage\":{\"@id\":\"https:\/\/cleitonpinheiro.com.br\/site\/ex-secretario-edmilson-consegue-liberdade-provisoria-apos-pagar-r-120-mil-de-fianca\/#primaryimage\"},\"image\":{\"@id\":\"https:\/\/cleitonpinheiro.com.br\/site\/ex-secretario-edmilson-consegue-liberdade-provisoria-apos-pagar-r-120-mil-de-fianca\/#primaryimage\"},\"thumbnailUrl\":\"https:\/\/cleitonpinheiro.com.br\/site\/wp-content\/uploads\/2023\/08\/EDMILSON_VIEIRA-1.jpg\",\"datePublished\":\"2023-08-11T20:16:00+00:00\",\"dateModified\":\"2023-08-12T13:09:21+00:00\",\"breadcrumb\":{\"@id\":\"https:\/\/cleitonpinheiro.com.br\/site\/ex-secretario-edmilson-consegue-liberdade-provisoria-apos-pagar-r-120-mil-de-fianca\/#breadcrumb\"},\"inLanguage\":\"pt-BR\",\"potentialAction\":[{\"@type\":\"ReadAction\",\"target\":[\"https:\/\/cleitonpinheiro.com.br\/site\/ex-secretario-edmilson-consegue-liberdade-provisoria-apos-pagar-r-120-mil-de-fianca\/\"]}]},{\"@type\":\"ImageObject\",\"inLanguage\":\"pt-BR\",\"@id\":\"https:\/\/cleitonpinheiro.com.br\/site\/ex-secretario-edmilson-consegue-liberdade-provisoria-apos-pagar-r-120-mil-de-fianca\/#primaryimage\",\"url\":\"\",\"contentUrl\":\"\"},{\"@type\":\"BreadcrumbList\",\"@id\":\"https:\/\/cleitonpinheiro.com.br\/site\/ex-secretario-edmilson-consegue-liberdade-provisoria-apos-pagar-r-120-mil-de-fianca\/#breadcrumb\",\"itemListElement\":[{\"@type\":\"ListItem\",\"position\":1,\"name\":\"In\u00edcio\",\"item\":\"https:\/\/cleitonpinheiro.com.br\/site\/\"},{\"@type\":\"ListItem\",\"position\":2,\"name\":\"Ex-secret\u00e1rio Edmilson consegue liberdade provis\u00f3ria ap\u00f3s pagar R$ 120 mil de fian\u00e7a\"}]},{\"@type\":\"WebSite\",\"@id\":\"https:\/\/cleitonpinheiro.com.br\/site\/#website\",\"url\":\"https:\/\/cleitonpinheiro.com.br\/site\/\",\"name\":\"PORTAL DE NOT\u00cdCIAS CLEITON PINHEIRO\",\"description\":\"FALANDO A VERDADE\",\"publisher\":{\"@id\":\"https:\/\/cleitonpinheiro.com.br\/site\/#organization\"},\"potentialAction\":[{\"@type\":\"SearchAction\",\"target\":{\"@type\":\"EntryPoint\",\"urlTemplate\":\"https:\/\/cleitonpinheiro.com.br\/site\/?s={search_term_string}\"},\"query-input\":{\"@type\":\"PropertyValueSpecification\",\"valueRequired\":true,\"valueName\":\"search_term_string\"}}],\"inLanguage\":\"pt-BR\"},{\"@type\":\"Organization\",\"@id\":\"https:\/\/cleitonpinheiro.com.br\/site\/#organization\",\"name\":\"CPNOT\u00cdCIAS\",\"url\":\"https:\/\/cleitonpinheiro.com.br\/site\/\",\"logo\":{\"@type\":\"ImageObject\",\"inLanguage\":\"pt-BR\",\"@id\":\"https:\/\/cleitonpinheiro.com.br\/site\/#\/schema\/logo\/image\/\",\"url\":\"https:\/\/cleitonpinheiro.com.br\/site\/wp-content\/uploads\/2022\/08\/Logo-pequena-2.png\",\"contentUrl\":\"https:\/\/cleitonpinheiro.com.br\/site\/wp-content\/uploads\/2022\/08\/Logo-pequena-2.png\",\"width\":500,\"height\":500,\"caption\":\"CPNOT\u00cdCIAS\"},\"image\":{\"@id\":\"https:\/\/cleitonpinheiro.com.br\/site\/#\/schema\/logo\/image\/\"},\"sameAs\":[\"https:\/\/www.facebook.com\/portalcpnoticias\/\"]},{\"@type\":\"Person\",\"@id\":\"https:\/\/cleitonpinheiro.com.br\/site\/#\/schema\/person\/8f04544e0bc40a1b68775b08360f87db\",\"name\":\"Reda\u00e7\u00e3o CP\",\"image\":{\"@type\":\"ImageObject\",\"inLanguage\":\"pt-BR\",\"@id\":\"https:\/\/cleitonpinheiro.com.br\/site\/#\/schema\/person\/image\/\",\"url\":\"https:\/\/secure.gravatar.com\/avatar\/0bcf19cb29fdc8fc588c490c7ae1b3e174dac268586a63fbe1d1893a0f9020cd?s=96&r=g\",\"contentUrl\":\"https:\/\/secure.gravatar.com\/avatar\/0bcf19cb29fdc8fc588c490c7ae1b3e174dac268586a63fbe1d1893a0f9020cd?s=96&r=g\",\"caption\":\"Reda\u00e7\u00e3o CP\"},\"url\":\"https:\/\/cleitonpinheiro.com.br\/site\/author\/redacao\/\"}]}<\/script>\n<!-- \/ Yoast SEO plugin. -->","yoast_head_json":{"title":"Ex-secret\u00e1rio Edmilson consegue liberdade provis\u00f3ria ap\u00f3s pagar R$ 120 mil de fian\u00e7a - PORTAL DE NOT\u00cdCIAS CLEITON PINHEIRO","robots":{"index":"index","follow":"follow","max-snippet":"max-snippet:-1","max-image-preview":"max-image-preview:large","max-video-preview":"max-video-preview:-1"},"canonical":"https:\/\/cleitonpinheiro.com.br\/site\/ex-secretario-edmilson-consegue-liberdade-provisoria-apos-pagar-r-120-mil-de-fianca\/","og_locale":"pt_BR","og_type":"article","og_title":"Ex-secret\u00e1rio Edmilson consegue liberdade provis\u00f3ria ap\u00f3s pagar R$ 120 mil de fian\u00e7a - PORTAL DE NOT\u00cdCIAS CLEITON PINHEIRO","og_description":"Edmilson foi preso em flagrante na quinta-feira, 10, ap\u00f3s opera\u00e7\u00f5es da Pol\u00edcia Federal que encontrou em um bunker dinheiro em esp\u00e9cie e j\u00f3ias que seria do ex-secret\u00e1rio","og_url":"https:\/\/cleitonpinheiro.com.br\/site\/ex-secretario-edmilson-consegue-liberdade-provisoria-apos-pagar-r-120-mil-de-fianca\/","og_site_name":"PORTAL DE NOT\u00cdCIAS CLEITON PINHEIRO","article_publisher":"https:\/\/www.facebook.com\/portalcpnoticias\/","article_published_time":"2023-08-11T20:16:00+00:00","article_modified_time":"2023-08-12T13:09:21+00:00","og_image":[{"width":2593,"height":3890,"url":"https:\/\/cleitonpinheiro.com.br\/site\/wp-content\/uploads\/2023\/08\/EDMILSON_VIEIRA-1.jpg","type":"image\/jpeg"}],"author":"Reda\u00e7\u00e3o CP","twitter_card":"summary_large_image","twitter_misc":{"Escrito por":"Reda\u00e7\u00e3o CP","Est. tempo de leitura":"2 minutos"},"schema":{"@context":"https:\/\/schema.org","@graph":[{"@type":"Article","@id":"https:\/\/cleitonpinheiro.com.br\/site\/ex-secretario-edmilson-consegue-liberdade-provisoria-apos-pagar-r-120-mil-de-fianca\/#article","isPartOf":{"@id":"https:\/\/cleitonpinheiro.com.br\/site\/ex-secretario-edmilson-consegue-liberdade-provisoria-apos-pagar-r-120-mil-de-fianca\/"},"author":{"name":"Reda\u00e7\u00e3o CP","@id":"https:\/\/cleitonpinheiro.com.br\/site\/#\/schema\/person\/8f04544e0bc40a1b68775b08360f87db"},"headline":"Ex-secret\u00e1rio Edmilson consegue liberdade provis\u00f3ria ap\u00f3s pagar R$ 120 mil de fian\u00e7a","datePublished":"2023-08-11T20:16:00+00:00","dateModified":"2023-08-12T13:09:21+00:00","mainEntityOfPage":{"@id":"https:\/\/cleitonpinheiro.com.br\/site\/ex-secretario-edmilson-consegue-liberdade-provisoria-apos-pagar-r-120-mil-de-fianca\/"},"wordCount":253,"commentCount":0,"publisher":{"@id":"https:\/\/cleitonpinheiro.com.br\/site\/#organization"},"image":{"@id":"https:\/\/cleitonpinheiro.com.br\/site\/ex-secretario-edmilson-consegue-liberdade-provisoria-apos-pagar-r-120-mil-de-fianca\/#primaryimage"},"thumbnailUrl":"https:\/\/cleitonpinheiro.com.br\/site\/wp-content\/uploads\/2023\/08\/EDMILSON_VIEIRA-1.jpg","articleSection":["POL\u00cdTICA","TODAS NOTICIAS"],"inLanguage":"pt-BR","potentialAction":[{"@type":"CommentAction","name":"Comment","target":["https:\/\/cleitonpinheiro.com.br\/site\/ex-secretario-edmilson-consegue-liberdade-provisoria-apos-pagar-r-120-mil-de-fianca\/#respond"]}]},{"@type":"WebPage","@id":"https:\/\/cleitonpinheiro.com.br\/site\/ex-secretario-edmilson-consegue-liberdade-provisoria-apos-pagar-r-120-mil-de-fianca\/","url":"https:\/\/cleitonpinheiro.com.br\/site\/ex-secretario-edmilson-consegue-liberdade-provisoria-apos-pagar-r-120-mil-de-fianca\/","name":"Ex-secret\u00e1rio Edmilson consegue liberdade provis\u00f3ria ap\u00f3s pagar R$ 120 mil de fian\u00e7a - PORTAL DE NOT\u00cdCIAS CLEITON PINHEIRO","isPartOf":{"@id":"https:\/\/cleitonpinheiro.com.br\/site\/#website"},"primaryImageOfPage":{"@id":"https:\/\/cleitonpinheiro.com.br\/site\/ex-secretario-edmilson-consegue-liberdade-provisoria-apos-pagar-r-120-mil-de-fianca\/#primaryimage"},"image":{"@id":"https:\/\/cleitonpinheiro.com.br\/site\/ex-secretario-edmilson-consegue-liberdade-provisoria-apos-pagar-r-120-mil-de-fianca\/#primaryimage"},"thumbnailUrl":"https:\/\/cleitonpinheiro.com.br\/site\/wp-content\/uploads\/2023\/08\/EDMILSON_VIEIRA-1.jpg","datePublished":"2023-08-11T20:16:00+00:00","dateModified":"2023-08-12T13:09:21+00:00","breadcrumb":{"@id":"https:\/\/cleitonpinheiro.com.br\/site\/ex-secretario-edmilson-consegue-liberdade-provisoria-apos-pagar-r-120-mil-de-fianca\/#breadcrumb"},"inLanguage":"pt-BR","potentialAction":[{"@type":"ReadAction","target":["https:\/\/cleitonpinheiro.com.br\/site\/ex-secretario-edmilson-consegue-liberdade-provisoria-apos-pagar-r-120-mil-de-fianca\/"]}]},{"@type":"ImageObject","inLanguage":"pt-BR","@id":"https:\/\/cleitonpinheiro.com.br\/site\/ex-secretario-edmilson-consegue-liberdade-provisoria-apos-pagar-r-120-mil-de-fianca\/#primaryimage","url":"","contentUrl":""},{"@type":"BreadcrumbList","@id":"https:\/\/cleitonpinheiro.com.br\/site\/ex-secretario-edmilson-consegue-liberdade-provisoria-apos-pagar-r-120-mil-de-fianca\/#breadcrumb","itemListElement":[{"@type":"ListItem","position":1,"name":"In\u00edcio","item":"https:\/\/cleitonpinheiro.com.br\/site\/"},{"@type":"ListItem","position":2,"name":"Ex-secret\u00e1rio Edmilson consegue liberdade provis\u00f3ria ap\u00f3s pagar R$ 120 mil de fian\u00e7a"}]},{"@type":"WebSite","@id":"https:\/\/cleitonpinheiro.com.br\/site\/#website","url":"https:\/\/cleitonpinheiro.com.br\/site\/","name":"PORTAL DE NOT\u00cdCIAS CLEITON PINHEIRO","description":"FALANDO A VERDADE","publisher":{"@id":"https:\/\/cleitonpinheiro.com.br\/site\/#organization"},"potentialAction":[{"@type":"SearchAction","target":{"@type":"EntryPoint","urlTemplate":"https:\/\/cleitonpinheiro.com.br\/site\/?s={search_term_string}"},"query-input":{"@type":"PropertyValueSpecification","valueRequired":true,"valueName":"search_term_string"}}],"inLanguage":"pt-BR"},{"@type":"Organization","@id":"https:\/\/cleitonpinheiro.com.br\/site\/#organization","name":"CPNOT\u00cdCIAS","url":"https:\/\/cleitonpinheiro.com.br\/site\/","logo":{"@type":"ImageObject","inLanguage":"pt-BR","@id":"https:\/\/cleitonpinheiro.com.br\/site\/#\/schema\/logo\/image\/","url":"https:\/\/cleitonpinheiro.com.br\/site\/wp-content\/uploads\/2022\/08\/Logo-pequena-2.png","contentUrl":"https:\/\/cleitonpinheiro.com.br\/site\/wp-content\/uploads\/2022\/08\/Logo-pequena-2.png","width":500,"height":500,"caption":"CPNOT\u00cdCIAS"},"image":{"@id":"https:\/\/cleitonpinheiro.com.br\/site\/#\/schema\/logo\/image\/"},"sameAs":["https:\/\/www.facebook.com\/portalcpnoticias\/"]},{"@type":"Person","@id":"https:\/\/cleitonpinheiro.com.br\/site\/#\/schema\/person\/8f04544e0bc40a1b68775b08360f87db","name":"Reda\u00e7\u00e3o CP","image":{"@type":"ImageObject","inLanguage":"pt-BR","@id":"https:\/\/cleitonpinheiro.com.br\/site\/#\/schema\/person\/image\/","url":"https:\/\/secure.gravatar.com\/avatar\/0bcf19cb29fdc8fc588c490c7ae1b3e174dac268586a63fbe1d1893a0f9020cd?s=96&r=g","contentUrl":"https:\/\/secure.gravatar.com\/avatar\/0bcf19cb29fdc8fc588c490c7ae1b3e174dac268586a63fbe1d1893a0f9020cd?s=96&r=g","caption":"Reda\u00e7\u00e3o CP"},"url":"https:\/\/cleitonpinheiro.com.br\/site\/author\/redacao\/"}]}},"views":253,"_links":{"self":[{"href":"https:\/\/cleitonpinheiro.com.br\/site\/wp-json\/wp\/v2\/posts\/73395","targetHints":{"allow":["GET"]}}],"collection":[{"href":"https:\/\/cleitonpinheiro.com.br\/site\/wp-json\/wp\/v2\/posts"}],"about":[{"href":"https:\/\/cleitonpinheiro.com.br\/site\/wp-json\/wp\/v2\/types\/post"}],"author":[{"embeddable":true,"href":"https:\/\/cleitonpinheiro.com.br\/site\/wp-json\/wp\/v2\/users\/13"}],"replies":[{"embeddable":true,"href":"https:\/\/cleitonpinheiro.com.br\/site\/wp-json\/wp\/v2\/comments?post=73395"}],"version-history":[{"count":1,"href":"https:\/\/cleitonpinheiro.com.br\/site\/wp-json\/wp\/v2\/posts\/73395\/revisions"}],"predecessor-version":[{"id":73397,"href":"https:\/\/cleitonpinheiro.com.br\/site\/wp-json\/wp\/v2\/posts\/73395\/revisions\/73397"}],"wp:attachment":[{"href":"https:\/\/cleitonpinheiro.com.br\/site\/wp-json\/wp\/v2\/media?parent=73395"}],"wp:term":[{"taxonomy":"category","embeddable":true,"href":"https:\/\/cleitonpinheiro.com.br\/site\/wp-json\/wp\/v2\/categories?post=73395"},{"taxonomy":"post_tag","embeddable":true,"href":"https:\/\/cleitonpinheiro.com.br\/site\/wp-json\/wp\/v2\/tags?post=73395"}],"curies":[{"name":"wp","href":"https:\/\/api.w.org\/{rel}","templated":true}]}}