{"id":73400,"date":"2023-08-12T10:07:51","date_gmt":"2023-08-12T13:07:51","guid":{"rendered":"https:\/\/cleitonpinheiro.com.br\/site\/?p=73400"},"modified":"2023-12-27T11:44:29","modified_gmt":"2023-12-27T14:44:29","slug":"sesi-e-senai-abrem-processos-seletivos-em-araguaina-gurupi-e-palmas","status":"publish","type":"post","link":"https:\/\/cleitonpinheiro.com.br\/site\/sesi-e-senai-abrem-processos-seletivos-em-araguaina-gurupi-e-palmas\/","title":{"rendered":"Sesi e Senai abrem processos seletivos em Aragua\u00edna, Gurupi e Palmas"},"content":{"rendered":"\n<figure class=\"wp-block-image size-full\"><img decoding=\"async\" src=\"https:\/\/cleitonpinheiro.com.br\/site\/wp-content\/uploads\/2023\/08\/Fachada-SENAI-Gurupi-F.-Adilvan-Nogueira-25.jpg\" alt=\"\" class=\"wp-image-73401\"\/><\/figure>\n\n\n\n<p class=\"wp-block-paragraph\">O Servi\u00e7o Nacional de Aprendizagem Industrial (SENAI) e o Servi\u00e7o Social da Ind\u00fastria (SESI) est\u00e3o em busca de profissionais qualificados para integrarem suas equipes. As oportunidades s\u00e3o para Aragua\u00edna, Gurupi e Palmas.<\/p>\n\n\n\n<p class=\"wp-block-paragraph\"><strong>Confira as oportunidades dispon\u00edveis:<\/strong><\/p>\n\n\n\n<p class=\"wp-block-paragraph\">GURUPI\/TO: T\u00e9cnico Financeiro<\/p>\n\n\n\n<p class=\"wp-block-paragraph\">O interessado deve possuir Ensino M\u00e9dio Completo e pelo menos seis meses de experi\u00eancia na \u00e1rea financeira, essa \u00e9 a sua chance de fazer parte de uma equipe comprometida com a excel\u00eancia. A vaga \u00e9 uma oportunidade para alavancar a sua carreira em uma institui\u00e7\u00e3o reconhecida pelo seu padr\u00e3o de qualidade. As inscri\u00e7\u00f5es para essa fun\u00e7\u00e3o podem ser realizadas at\u00e9 o dia 14\/08.<\/p>\n\n\n\n<p class=\"wp-block-paragraph\">CFP TAQUARALTO\/PALMAS: Instrutor 3 \u2013 Automotiva<\/p>\n\n\n\n<p class=\"wp-block-paragraph\">O candidato deve ser graduado em Engenharia Mec\u00e2nica e possuir no m\u00ednimo seis meses de experi\u00eancia em manuten\u00e7\u00e3o de ve\u00edculos leves e pesados, com conhecimentos em mec\u00e2nica, hidr\u00e1ulica, pneum\u00e1tica, el\u00e9trica automotiva e eletr\u00f4nica embarcada, essa \u00e9 a sua oportunidade de compartilhar o seu conhecimento como Instrutor. Junte-se \u00e0 equipe do SENAI e contribua para a forma\u00e7\u00e3o de profissionais de excel\u00eancia. As inscri\u00e7\u00f5es para essa fun\u00e7\u00e3o podem ser realizadas at\u00e9 o dia 19\/08.<\/p>\n\n\n\n<p class=\"wp-block-paragraph\">ARAGUA\u00cdNA: T\u00e9cnico em Seguran\u00e7a do Trabalho 2<\/p>\n\n\n\n<p class=\"wp-block-paragraph\">Para&nbsp;os que possuem forma\u00e7\u00e3o t\u00e9cnica em Seguran\u00e7a do Trabalho, reconhecida e registrada no Minist\u00e9rio do Trabalho (Registro Profissional de Classe), essa \u00e9 a chance de ingressar em uma institui\u00e7\u00e3o de renome como o SESI. A forma\u00e7\u00e3o complementar em Bombeiro Civil \u00e9 desej\u00e1vel, al\u00e9m da posse da carteira de Habilita\u00e7\u00e3o Categoria B.<\/p>\n\n\n\n<p class=\"wp-block-paragraph\">Entretanto, a verdadeira vantagem est\u00e1 na experi\u00eancia pr\u00e1tica. Com um m\u00ednimo de seis meses de atua\u00e7\u00e3o em Elabora\u00e7\u00e3o de programas de Sa\u00fade e Seguran\u00e7a do Trabalho, Administra\u00e7\u00e3o de software de SST, Ministra\u00e7\u00e3o de cursos e palestras de SST, Avalia\u00e7\u00f5es Ambientais de Higiene Ocupacional, Assessoria e consultoria em SST, e Gest\u00e3o dos servi\u00e7os de SST.<br>Os interessados tem at\u00e9 o dia 16\/08 para realizar inscri\u00e7\u00f5es.<\/p>\n\n\n\n<p class=\"wp-block-paragraph\">ARAGUA\u00cdNA E PALMAS: Auxiliar Administrativo 1 PCD \u2013 Cadastro Reserva<\/p>\n\n\n\n<p class=\"wp-block-paragraph\">O SESI tamb\u00e9m est\u00e1 comprometido com a inclus\u00e3o de Pessoas com Defici\u00eancia (PCD) na for\u00e7a de trabalho. A sele\u00e7\u00e3o de Auxiliar Administrativo 1 \u00e9 destinada especificamente para essa parcela da popula\u00e7\u00e3o. Com um Ensino M\u00e9dio Completo, sendo o Ensino Superior desej\u00e1vel, os candidatos devem possuir um m\u00ednimo de seis meses de experi\u00eancia em rotinas administrativas. A vaga \u00e9 para cadastro reserva.<\/p>\n\n\n\n<p class=\"wp-block-paragraph\">\u00c9 importante ressaltar que os profissionais selecionados para a fun\u00e7\u00e3o de Auxiliar Administrativo -1 ser\u00e3o lotados nas cidades de Aragua\u00edna e Palmas.&nbsp;As inscri\u00e7\u00f5es s\u00e3o at\u00e9 15\/08.<\/p>\n\n\n\n<p class=\"wp-block-paragraph\">&nbsp;PALMAS: T\u00e9cnico Financeiro<\/p>\n\n\n\n<p class=\"wp-block-paragraph\">O interessado deve ter&nbsp;Ensino M\u00e9dio completo; possuir forma\u00e7\u00e3o t\u00e9cnica completa em Administra\u00e7\u00e3o, ou est\u00e1 cursando Administra\u00e7\u00e3o, Ci\u00eancias Cont\u00e1beis ou Economia.<br>O SESI Tocantins est\u00e1 buscando profissionais com pelo menos seis meses de experi\u00eancia na \u00e1rea financeira, com \u00eanfase em contas a pagar.&nbsp;O prazo para&nbsp;inscri\u00e7\u00e3o vai at\u00e9 o dia 16\/08.<\/p>\n\n\n\n<p class=\"wp-block-paragraph\"><strong>Como se inscrever<\/strong><\/p>\n\n\n\n<p class=\"wp-block-paragraph\">Para as vagas do SENAI, os interessados devem acessar o site (<a href=\"http:\/\/senai-to.com.br\/\" target=\"_blank\" rel=\"noreferrer noopener\">www.senai-to.com.br<\/a>) e conferir o cronograma e requisitos no link<a href=\"http:\/\/senai-to.com.br\/ProcessosPessoas.aspx\" target=\"_blank\" rel=\"noreferrer noopener\">&nbsp;Trabalhe Conosco<\/a>, ou se candidatar pelo<a href=\"https:\/\/senai-to.empregare.com\/pt-br\/vagas\" target=\"_blank\" rel=\"noreferrer noopener\">&nbsp;Empregare.<\/a><\/p>\n\n\n\n<p class=\"wp-block-paragraph\">J\u00e1 para os processos do SESI, devem acessar o site (<a href=\"http:\/\/www.sesi-to.com.br\/\" target=\"_blank\" rel=\"noreferrer noopener\">www.sesi-to.com.br<\/a>), na se\u00e7\u00e3o &#8220;<a href=\"http:\/\/sesi-to.com.br\/Publicacoes.aspx?c=52E5B6A4-1470-4859-A86A-362143076703\" target=\"_blank\" rel=\"noreferrer noopener\">Editais<\/a>&#8220;, e se candidatar \u00e0 vaga durante o per\u00edodo de inscri\u00e7\u00f5es mencionado. As inscri\u00e7\u00f5es tamb\u00e9m podem ser realizadas pelo site&nbsp;<a href=\"https:\/\/sesi-to.empregare.com\/pt-br\/vagas\" target=\"_blank\" rel=\"noreferrer noopener\">Empregare<\/a>.<\/p>\n\n\n\n<p class=\"wp-block-paragraph\"><strong>Confira os editais:<\/strong><\/p>\n\n\n\n<p class=\"wp-block-paragraph\"><strong><a href=\"http:\/\/senai-to.com.br\/ProcessoPessoa.aspx?c=6cd20669-ee21-4a11-8d58-1387fe13f2e9\" target=\"_blank\" rel=\"noreferrer noopener\">Instrutor 3 \u2013 Automotiva &#8211; Taquaralto\/Palmas<\/a><\/strong><\/p>\n\n\n\n<p class=\"wp-block-paragraph\"><strong><a href=\"http:\/\/senai-to.com.br\/ProcessoPessoa.aspx?c=f8109c9c-1343-48cf-9c23-bf1c784e7fae\" target=\"_blank\" rel=\"noreferrer noopener\">T\u00e9cnico Financeiro &#8211; Gurupi<\/a><\/strong><\/p>\n\n\n\n<p class=\"wp-block-paragraph\"><a href=\"http:\/\/sesi-to.com.br\/Publicacao.aspx?c=89a1386d-b59f-4672-a3ab-a635c9de9eb1\" target=\"_blank\" rel=\"noreferrer noopener\"><strong>T\u00e9cnico em Seguran\u00e7a do Trabalho 2 &#8211; Aragua\u00edna<\/strong><\/a><\/p>\n\n\n\n<p class=\"wp-block-paragraph\"><a href=\"http:\/\/sesi-to.com.br\/Publicacao.aspx?c=d83a8579-00a1-4a21-80ec-3be17acd5327\" target=\"_blank\" rel=\"noreferrer noopener\"><strong>Auxiliar Administrativo 1 &#8211; Aragua\u00edna e Palmas<\/strong><\/a><\/p>\n\n\n\n<p class=\"wp-block-paragraph\"><strong><a href=\"https:\/\/sesi-to.empregare.com\/pt-br\/vaga-tecnico-financeiro-2-sesi-palmas-to_54262\" target=\"_blank\" rel=\"noreferrer noopener\">T\u00e9cnico Financeiro &#8211; Palmas<\/a><\/strong><\/p>\n","protected":false},"excerpt":{"rendered":"<p>O Servi\u00e7o Nacional de Aprendizagem Industrial (SENAI) e o Servi\u00e7o Social da Ind\u00fastria (SESI) est\u00e3o em busca de profissionais qualificados para integrarem suas equipes. As oportunidades s\u00e3o para Aragua\u00edna, Gurupi e Palmas. Confira as oportunidades dispon\u00edveis: GURUPI\/TO: T\u00e9cnico Financeiro O interessado deve possuir Ensino M\u00e9dio Completo e pelo menos seis meses de experi\u00eancia na \u00e1rea [&hellip;]<\/p>\n","protected":false},"author":13,"featured_media":0,"comment_status":"open","ping_status":"open","sticky":false,"template":"","format":"standard","meta":{"_acf_changed":false,"footnotes":""},"categories":[8,21],"tags":[1007,1006],"class_list":["post-73400","post","type-post","status-publish","format-standard","hentry","category-estado","category-todas-noticias","tag-senai","tag-sesi"],"acf":[],"yoast_head":"<!-- This site is optimized with the Yoast SEO plugin v24.4 - https:\/\/yoast.com\/wordpress\/plugins\/seo\/ -->\n<title>Sesi e Senai abrem processos seletivos em Aragua\u00edna, Gurupi e Palmas - PORTAL DE NOT\u00cdCIAS CLEITON PINHEIRO<\/title>\n<meta name=\"robots\" content=\"index, follow, max-snippet:-1, max-image-preview:large, max-video-preview:-1\" \/>\n<link rel=\"canonical\" href=\"https:\/\/cleitonpinheiro.com.br\/site\/sesi-e-senai-abrem-processos-seletivos-em-araguaina-gurupi-e-palmas\/\" \/>\n<meta property=\"og:locale\" content=\"pt_BR\" \/>\n<meta property=\"og:type\" content=\"article\" \/>\n<meta property=\"og:title\" content=\"Sesi e Senai abrem processos seletivos em Aragua\u00edna, Gurupi e Palmas - PORTAL DE NOT\u00cdCIAS CLEITON PINHEIRO\" \/>\n<meta property=\"og:description\" content=\"O Servi\u00e7o Nacional de Aprendizagem Industrial (SENAI) e o Servi\u00e7o Social da Ind\u00fastria (SESI) est\u00e3o em busca de profissionais qualificados para integrarem suas equipes. As oportunidades s\u00e3o para Aragua\u00edna, Gurupi e Palmas. Confira as oportunidades dispon\u00edveis: GURUPI\/TO: T\u00e9cnico Financeiro O interessado deve possuir Ensino M\u00e9dio Completo e pelo menos seis meses de experi\u00eancia na \u00e1rea [&hellip;]\" \/>\n<meta property=\"og:url\" content=\"https:\/\/cleitonpinheiro.com.br\/site\/sesi-e-senai-abrem-processos-seletivos-em-araguaina-gurupi-e-palmas\/\" \/>\n<meta property=\"og:site_name\" content=\"PORTAL DE NOT\u00cdCIAS CLEITON PINHEIRO\" \/>\n<meta property=\"article:publisher\" content=\"https:\/\/www.facebook.com\/portalcpnoticias\/\" \/>\n<meta property=\"article:published_time\" content=\"2023-08-12T13:07:51+00:00\" \/>\n<meta property=\"article:modified_time\" content=\"2023-12-27T14:44:29+00:00\" \/>\n<meta property=\"og:image\" content=\"https:\/\/cleitonpinheiro.com.br\/site\/wp-content\/uploads\/2023\/08\/Fachada-SENAI-Gurupi-F.-Adilvan-Nogueira-25.jpg\" \/>\n\t<meta property=\"og:image:width\" content=\"2496\" \/>\n\t<meta property=\"og:image:height\" content=\"1664\" \/>\n\t<meta property=\"og:image:type\" content=\"image\/jpeg\" \/>\n<meta name=\"author\" content=\"Reda\u00e7\u00e3o CP\" \/>\n<meta name=\"twitter:card\" content=\"summary_large_image\" \/>\n<meta name=\"twitter:label1\" content=\"Escrito por\" \/>\n\t<meta name=\"twitter:data1\" content=\"Reda\u00e7\u00e3o CP\" \/>\n\t<meta name=\"twitter:label2\" content=\"Est. tempo de leitura\" \/>\n\t<meta name=\"twitter:data2\" content=\"4 minutos\" \/>\n<script type=\"application\/ld+json\" class=\"yoast-schema-graph\">{\"@context\":\"https:\/\/schema.org\",\"@graph\":[{\"@type\":\"Article\",\"@id\":\"https:\/\/cleitonpinheiro.com.br\/site\/sesi-e-senai-abrem-processos-seletivos-em-araguaina-gurupi-e-palmas\/#article\",\"isPartOf\":{\"@id\":\"https:\/\/cleitonpinheiro.com.br\/site\/sesi-e-senai-abrem-processos-seletivos-em-araguaina-gurupi-e-palmas\/\"},\"author\":{\"name\":\"Reda\u00e7\u00e3o CP\",\"@id\":\"https:\/\/cleitonpinheiro.com.br\/site\/#\/schema\/person\/8f04544e0bc40a1b68775b08360f87db\"},\"headline\":\"Sesi e Senai abrem processos seletivos em Aragua\u00edna, Gurupi e Palmas\",\"datePublished\":\"2023-08-12T13:07:51+00:00\",\"dateModified\":\"2023-12-27T14:44:29+00:00\",\"mainEntityOfPage\":{\"@id\":\"https:\/\/cleitonpinheiro.com.br\/site\/sesi-e-senai-abrem-processos-seletivos-em-araguaina-gurupi-e-palmas\/\"},\"wordCount\":648,\"commentCount\":0,\"publisher\":{\"@id\":\"https:\/\/cleitonpinheiro.com.br\/site\/#organization\"},\"image\":{\"@id\":\"https:\/\/cleitonpinheiro.com.br\/site\/sesi-e-senai-abrem-processos-seletivos-em-araguaina-gurupi-e-palmas\/#primaryimage\"},\"thumbnailUrl\":\"https:\/\/cleitonpinheiro.com.br\/site\/wp-content\/uploads\/2023\/08\/Fachada-SENAI-Gurupi-F.-Adilvan-Nogueira-25.jpg\",\"keywords\":[\"SENAI\",\"SESI\"],\"articleSection\":[\"ESTADO\",\"TODAS NOTICIAS\"],\"inLanguage\":\"pt-BR\",\"potentialAction\":[{\"@type\":\"CommentAction\",\"name\":\"Comment\",\"target\":[\"https:\/\/cleitonpinheiro.com.br\/site\/sesi-e-senai-abrem-processos-seletivos-em-araguaina-gurupi-e-palmas\/#respond\"]}]},{\"@type\":\"WebPage\",\"@id\":\"https:\/\/cleitonpinheiro.com.br\/site\/sesi-e-senai-abrem-processos-seletivos-em-araguaina-gurupi-e-palmas\/\",\"url\":\"https:\/\/cleitonpinheiro.com.br\/site\/sesi-e-senai-abrem-processos-seletivos-em-araguaina-gurupi-e-palmas\/\",\"name\":\"Sesi e Senai abrem processos seletivos em Aragua\u00edna, Gurupi e Palmas - PORTAL DE NOT\u00cdCIAS CLEITON PINHEIRO\",\"isPartOf\":{\"@id\":\"https:\/\/cleitonpinheiro.com.br\/site\/#website\"},\"primaryImageOfPage\":{\"@id\":\"https:\/\/cleitonpinheiro.com.br\/site\/sesi-e-senai-abrem-processos-seletivos-em-araguaina-gurupi-e-palmas\/#primaryimage\"},\"image\":{\"@id\":\"https:\/\/cleitonpinheiro.com.br\/site\/sesi-e-senai-abrem-processos-seletivos-em-araguaina-gurupi-e-palmas\/#primaryimage\"},\"thumbnailUrl\":\"https:\/\/cleitonpinheiro.com.br\/site\/wp-content\/uploads\/2023\/08\/Fachada-SENAI-Gurupi-F.-Adilvan-Nogueira-25.jpg\",\"datePublished\":\"2023-08-12T13:07:51+00:00\",\"dateModified\":\"2023-12-27T14:44:29+00:00\",\"breadcrumb\":{\"@id\":\"https:\/\/cleitonpinheiro.com.br\/site\/sesi-e-senai-abrem-processos-seletivos-em-araguaina-gurupi-e-palmas\/#breadcrumb\"},\"inLanguage\":\"pt-BR\",\"potentialAction\":[{\"@type\":\"ReadAction\",\"target\":[\"https:\/\/cleitonpinheiro.com.br\/site\/sesi-e-senai-abrem-processos-seletivos-em-araguaina-gurupi-e-palmas\/\"]}]},{\"@type\":\"ImageObject\",\"inLanguage\":\"pt-BR\",\"@id\":\"https:\/\/cleitonpinheiro.com.br\/site\/sesi-e-senai-abrem-processos-seletivos-em-araguaina-gurupi-e-palmas\/#primaryimage\",\"url\":\"\",\"contentUrl\":\"\"},{\"@type\":\"BreadcrumbList\",\"@id\":\"https:\/\/cleitonpinheiro.com.br\/site\/sesi-e-senai-abrem-processos-seletivos-em-araguaina-gurupi-e-palmas\/#breadcrumb\",\"itemListElement\":[{\"@type\":\"ListItem\",\"position\":1,\"name\":\"In\u00edcio\",\"item\":\"https:\/\/cleitonpinheiro.com.br\/site\/\"},{\"@type\":\"ListItem\",\"position\":2,\"name\":\"Sesi e Senai abrem processos seletivos em Aragua\u00edna, Gurupi e Palmas\"}]},{\"@type\":\"WebSite\",\"@id\":\"https:\/\/cleitonpinheiro.com.br\/site\/#website\",\"url\":\"https:\/\/cleitonpinheiro.com.br\/site\/\",\"name\":\"PORTAL DE NOT\u00cdCIAS CLEITON PINHEIRO\",\"description\":\"FALANDO A VERDADE\",\"publisher\":{\"@id\":\"https:\/\/cleitonpinheiro.com.br\/site\/#organization\"},\"potentialAction\":[{\"@type\":\"SearchAction\",\"target\":{\"@type\":\"EntryPoint\",\"urlTemplate\":\"https:\/\/cleitonpinheiro.com.br\/site\/?s={search_term_string}\"},\"query-input\":{\"@type\":\"PropertyValueSpecification\",\"valueRequired\":true,\"valueName\":\"search_term_string\"}}],\"inLanguage\":\"pt-BR\"},{\"@type\":\"Organization\",\"@id\":\"https:\/\/cleitonpinheiro.com.br\/site\/#organization\",\"name\":\"CPNOT\u00cdCIAS\",\"url\":\"https:\/\/cleitonpinheiro.com.br\/site\/\",\"logo\":{\"@type\":\"ImageObject\",\"inLanguage\":\"pt-BR\",\"@id\":\"https:\/\/cleitonpinheiro.com.br\/site\/#\/schema\/logo\/image\/\",\"url\":\"https:\/\/cleitonpinheiro.com.br\/site\/wp-content\/uploads\/2022\/08\/Logo-pequena-2.png\",\"contentUrl\":\"https:\/\/cleitonpinheiro.com.br\/site\/wp-content\/uploads\/2022\/08\/Logo-pequena-2.png\",\"width\":500,\"height\":500,\"caption\":\"CPNOT\u00cdCIAS\"},\"image\":{\"@id\":\"https:\/\/cleitonpinheiro.com.br\/site\/#\/schema\/logo\/image\/\"},\"sameAs\":[\"https:\/\/www.facebook.com\/portalcpnoticias\/\"]},{\"@type\":\"Person\",\"@id\":\"https:\/\/cleitonpinheiro.com.br\/site\/#\/schema\/person\/8f04544e0bc40a1b68775b08360f87db\",\"name\":\"Reda\u00e7\u00e3o CP\",\"image\":{\"@type\":\"ImageObject\",\"inLanguage\":\"pt-BR\",\"@id\":\"https:\/\/cleitonpinheiro.com.br\/site\/#\/schema\/person\/image\/\",\"url\":\"https:\/\/secure.gravatar.com\/avatar\/0bcf19cb29fdc8fc588c490c7ae1b3e174dac268586a63fbe1d1893a0f9020cd?s=96&r=g\",\"contentUrl\":\"https:\/\/secure.gravatar.com\/avatar\/0bcf19cb29fdc8fc588c490c7ae1b3e174dac268586a63fbe1d1893a0f9020cd?s=96&r=g\",\"caption\":\"Reda\u00e7\u00e3o CP\"},\"url\":\"https:\/\/cleitonpinheiro.com.br\/site\/author\/redacao\/\"}]}<\/script>\n<!-- \/ Yoast SEO plugin. -->","yoast_head_json":{"title":"Sesi e Senai abrem processos seletivos em Aragua\u00edna, Gurupi e Palmas - PORTAL DE NOT\u00cdCIAS CLEITON PINHEIRO","robots":{"index":"index","follow":"follow","max-snippet":"max-snippet:-1","max-image-preview":"max-image-preview:large","max-video-preview":"max-video-preview:-1"},"canonical":"https:\/\/cleitonpinheiro.com.br\/site\/sesi-e-senai-abrem-processos-seletivos-em-araguaina-gurupi-e-palmas\/","og_locale":"pt_BR","og_type":"article","og_title":"Sesi e Senai abrem processos seletivos em Aragua\u00edna, Gurupi e Palmas - PORTAL DE NOT\u00cdCIAS CLEITON PINHEIRO","og_description":"O Servi\u00e7o Nacional de Aprendizagem Industrial (SENAI) e o Servi\u00e7o Social da Ind\u00fastria (SESI) est\u00e3o em busca de profissionais qualificados para integrarem suas equipes. As oportunidades s\u00e3o para Aragua\u00edna, Gurupi e Palmas. Confira as oportunidades dispon\u00edveis: GURUPI\/TO: T\u00e9cnico Financeiro O interessado deve possuir Ensino M\u00e9dio Completo e pelo menos seis meses de experi\u00eancia na \u00e1rea [&hellip;]","og_url":"https:\/\/cleitonpinheiro.com.br\/site\/sesi-e-senai-abrem-processos-seletivos-em-araguaina-gurupi-e-palmas\/","og_site_name":"PORTAL DE NOT\u00cdCIAS CLEITON PINHEIRO","article_publisher":"https:\/\/www.facebook.com\/portalcpnoticias\/","article_published_time":"2023-08-12T13:07:51+00:00","article_modified_time":"2023-12-27T14:44:29+00:00","og_image":[{"width":2496,"height":1664,"url":"https:\/\/cleitonpinheiro.com.br\/site\/wp-content\/uploads\/2023\/08\/Fachada-SENAI-Gurupi-F.-Adilvan-Nogueira-25.jpg","type":"image\/jpeg"}],"author":"Reda\u00e7\u00e3o CP","twitter_card":"summary_large_image","twitter_misc":{"Escrito por":"Reda\u00e7\u00e3o CP","Est. tempo de leitura":"4 minutos"},"schema":{"@context":"https:\/\/schema.org","@graph":[{"@type":"Article","@id":"https:\/\/cleitonpinheiro.com.br\/site\/sesi-e-senai-abrem-processos-seletivos-em-araguaina-gurupi-e-palmas\/#article","isPartOf":{"@id":"https:\/\/cleitonpinheiro.com.br\/site\/sesi-e-senai-abrem-processos-seletivos-em-araguaina-gurupi-e-palmas\/"},"author":{"name":"Reda\u00e7\u00e3o CP","@id":"https:\/\/cleitonpinheiro.com.br\/site\/#\/schema\/person\/8f04544e0bc40a1b68775b08360f87db"},"headline":"Sesi e Senai abrem processos seletivos em Aragua\u00edna, Gurupi e Palmas","datePublished":"2023-08-12T13:07:51+00:00","dateModified":"2023-12-27T14:44:29+00:00","mainEntityOfPage":{"@id":"https:\/\/cleitonpinheiro.com.br\/site\/sesi-e-senai-abrem-processos-seletivos-em-araguaina-gurupi-e-palmas\/"},"wordCount":648,"commentCount":0,"publisher":{"@id":"https:\/\/cleitonpinheiro.com.br\/site\/#organization"},"image":{"@id":"https:\/\/cleitonpinheiro.com.br\/site\/sesi-e-senai-abrem-processos-seletivos-em-araguaina-gurupi-e-palmas\/#primaryimage"},"thumbnailUrl":"https:\/\/cleitonpinheiro.com.br\/site\/wp-content\/uploads\/2023\/08\/Fachada-SENAI-Gurupi-F.-Adilvan-Nogueira-25.jpg","keywords":["SENAI","SESI"],"articleSection":["ESTADO","TODAS NOTICIAS"],"inLanguage":"pt-BR","potentialAction":[{"@type":"CommentAction","name":"Comment","target":["https:\/\/cleitonpinheiro.com.br\/site\/sesi-e-senai-abrem-processos-seletivos-em-araguaina-gurupi-e-palmas\/#respond"]}]},{"@type":"WebPage","@id":"https:\/\/cleitonpinheiro.com.br\/site\/sesi-e-senai-abrem-processos-seletivos-em-araguaina-gurupi-e-palmas\/","url":"https:\/\/cleitonpinheiro.com.br\/site\/sesi-e-senai-abrem-processos-seletivos-em-araguaina-gurupi-e-palmas\/","name":"Sesi e Senai abrem processos seletivos em Aragua\u00edna, Gurupi e Palmas - PORTAL DE NOT\u00cdCIAS CLEITON PINHEIRO","isPartOf":{"@id":"https:\/\/cleitonpinheiro.com.br\/site\/#website"},"primaryImageOfPage":{"@id":"https:\/\/cleitonpinheiro.com.br\/site\/sesi-e-senai-abrem-processos-seletivos-em-araguaina-gurupi-e-palmas\/#primaryimage"},"image":{"@id":"https:\/\/cleitonpinheiro.com.br\/site\/sesi-e-senai-abrem-processos-seletivos-em-araguaina-gurupi-e-palmas\/#primaryimage"},"thumbnailUrl":"https:\/\/cleitonpinheiro.com.br\/site\/wp-content\/uploads\/2023\/08\/Fachada-SENAI-Gurupi-F.-Adilvan-Nogueira-25.jpg","datePublished":"2023-08-12T13:07:51+00:00","dateModified":"2023-12-27T14:44:29+00:00","breadcrumb":{"@id":"https:\/\/cleitonpinheiro.com.br\/site\/sesi-e-senai-abrem-processos-seletivos-em-araguaina-gurupi-e-palmas\/#breadcrumb"},"inLanguage":"pt-BR","potentialAction":[{"@type":"ReadAction","target":["https:\/\/cleitonpinheiro.com.br\/site\/sesi-e-senai-abrem-processos-seletivos-em-araguaina-gurupi-e-palmas\/"]}]},{"@type":"ImageObject","inLanguage":"pt-BR","@id":"https:\/\/cleitonpinheiro.com.br\/site\/sesi-e-senai-abrem-processos-seletivos-em-araguaina-gurupi-e-palmas\/#primaryimage","url":"","contentUrl":""},{"@type":"BreadcrumbList","@id":"https:\/\/cleitonpinheiro.com.br\/site\/sesi-e-senai-abrem-processos-seletivos-em-araguaina-gurupi-e-palmas\/#breadcrumb","itemListElement":[{"@type":"ListItem","position":1,"name":"In\u00edcio","item":"https:\/\/cleitonpinheiro.com.br\/site\/"},{"@type":"ListItem","position":2,"name":"Sesi e Senai abrem processos seletivos em Aragua\u00edna, Gurupi e Palmas"}]},{"@type":"WebSite","@id":"https:\/\/cleitonpinheiro.com.br\/site\/#website","url":"https:\/\/cleitonpinheiro.com.br\/site\/","name":"PORTAL DE NOT\u00cdCIAS CLEITON PINHEIRO","description":"FALANDO A VERDADE","publisher":{"@id":"https:\/\/cleitonpinheiro.com.br\/site\/#organization"},"potentialAction":[{"@type":"SearchAction","target":{"@type":"EntryPoint","urlTemplate":"https:\/\/cleitonpinheiro.com.br\/site\/?s={search_term_string}"},"query-input":{"@type":"PropertyValueSpecification","valueRequired":true,"valueName":"search_term_string"}}],"inLanguage":"pt-BR"},{"@type":"Organization","@id":"https:\/\/cleitonpinheiro.com.br\/site\/#organization","name":"CPNOT\u00cdCIAS","url":"https:\/\/cleitonpinheiro.com.br\/site\/","logo":{"@type":"ImageObject","inLanguage":"pt-BR","@id":"https:\/\/cleitonpinheiro.com.br\/site\/#\/schema\/logo\/image\/","url":"https:\/\/cleitonpinheiro.com.br\/site\/wp-content\/uploads\/2022\/08\/Logo-pequena-2.png","contentUrl":"https:\/\/cleitonpinheiro.com.br\/site\/wp-content\/uploads\/2022\/08\/Logo-pequena-2.png","width":500,"height":500,"caption":"CPNOT\u00cdCIAS"},"image":{"@id":"https:\/\/cleitonpinheiro.com.br\/site\/#\/schema\/logo\/image\/"},"sameAs":["https:\/\/www.facebook.com\/portalcpnoticias\/"]},{"@type":"Person","@id":"https:\/\/cleitonpinheiro.com.br\/site\/#\/schema\/person\/8f04544e0bc40a1b68775b08360f87db","name":"Reda\u00e7\u00e3o CP","image":{"@type":"ImageObject","inLanguage":"pt-BR","@id":"https:\/\/cleitonpinheiro.com.br\/site\/#\/schema\/person\/image\/","url":"https:\/\/secure.gravatar.com\/avatar\/0bcf19cb29fdc8fc588c490c7ae1b3e174dac268586a63fbe1d1893a0f9020cd?s=96&r=g","contentUrl":"https:\/\/secure.gravatar.com\/avatar\/0bcf19cb29fdc8fc588c490c7ae1b3e174dac268586a63fbe1d1893a0f9020cd?s=96&r=g","caption":"Reda\u00e7\u00e3o CP"},"url":"https:\/\/cleitonpinheiro.com.br\/site\/author\/redacao\/"}]}},"views":172,"_links":{"self":[{"href":"https:\/\/cleitonpinheiro.com.br\/site\/wp-json\/wp\/v2\/posts\/73400","targetHints":{"allow":["GET"]}}],"collection":[{"href":"https:\/\/cleitonpinheiro.com.br\/site\/wp-json\/wp\/v2\/posts"}],"about":[{"href":"https:\/\/cleitonpinheiro.com.br\/site\/wp-json\/wp\/v2\/types\/post"}],"author":[{"embeddable":true,"href":"https:\/\/cleitonpinheiro.com.br\/site\/wp-json\/wp\/v2\/users\/13"}],"replies":[{"embeddable":true,"href":"https:\/\/cleitonpinheiro.com.br\/site\/wp-json\/wp\/v2\/comments?post=73400"}],"version-history":[{"count":2,"href":"https:\/\/cleitonpinheiro.com.br\/site\/wp-json\/wp\/v2\/posts\/73400\/revisions"}],"predecessor-version":[{"id":73406,"href":"https:\/\/cleitonpinheiro.com.br\/site\/wp-json\/wp\/v2\/posts\/73400\/revisions\/73406"}],"wp:attachment":[{"href":"https:\/\/cleitonpinheiro.com.br\/site\/wp-json\/wp\/v2\/media?parent=73400"}],"wp:term":[{"taxonomy":"category","embeddable":true,"href":"https:\/\/cleitonpinheiro.com.br\/site\/wp-json\/wp\/v2\/categories?post=73400"},{"taxonomy":"post_tag","embeddable":true,"href":"https:\/\/cleitonpinheiro.com.br\/site\/wp-json\/wp\/v2\/tags?post=73400"}],"curies":[{"name":"wp","href":"https:\/\/api.w.org\/{rel}","templated":true}]}}