{"id":73403,"date":"2023-08-12T10:01:23","date_gmt":"2023-08-12T13:01:23","guid":{"rendered":"https:\/\/cleitonpinheiro.com.br\/site\/?p=73403"},"modified":"2023-08-14T09:47:38","modified_gmt":"2023-08-14T12:47:38","slug":"piso-da-enfermagem-repasse-do-governo-federal-a-estados-e-municipios-deve-ser-feito-ate-21","status":"publish","type":"post","link":"https:\/\/cleitonpinheiro.com.br\/site\/piso-da-enfermagem-repasse-do-governo-federal-a-estados-e-municipios-deve-ser-feito-ate-21\/","title":{"rendered":"Piso da enfermagem: repasse do Governo Federal a estados e munic\u00edpios deve ser feito at\u00e9 21"},"content":{"rendered":"\n<figure class=\"wp-block-image size-full\"><img decoding=\"async\" src=\"https:\/\/cleitonpinheiro.com.br\/site\/wp-content\/uploads\/2023\/08\/enfermagem-enfermeiros-piso-nacional-da-enfermagem-planos-de-saude-saude-1664975105343_v2_900x506.jpg\" alt=\"\" class=\"wp-image-73404\"\/><figcaption class=\"wp-element-caption\">Governo Federal garantiu R$ 7,3 bilh\u00f5es para viabilizar o pagamento do piso da enfermagem &#8211; Foto: FatCamera\/Getty Images<\/figcaption><\/figure>\n\n\n\n<p class=\"wp-block-paragraph\">O Minist\u00e9rio da Sa\u00fade divulgou que o primeiro repasse do aux\u00edlio complementar da Uni\u00e3o para o pagamento do Piso Nacional da Enfermagem para estados e munic\u00edpios deve ocorrer at\u00e9 o pr\u00f3ximo dia 21. \u00c9 o que ficou acordado em cronograma estabelecido pelo Minist\u00e9rio da Sa\u00fade, apresentado aos estados, munic\u00edpios e Distrito Federal. O Governo Federal garantiu R$ 7,3 bilh\u00f5es para viabilizar o pagamento do piso da enfermagem para todos os profissionais da categoria.<\/p>\n\n\n\n<p class=\"wp-block-paragraph\">Tanto os profissionais ligados ao Minist\u00e9rio da Sa\u00fade quanto estados, munic\u00edpios e Distrito Federal devem receber nove parcelas em 2023. Os valores s\u00e3o retroativos ao m\u00eas de maio e incluem o 13 \u00ba sal\u00e1rio. No caso da folha de pagamento do Minist\u00e9rio da Sa\u00fade, o dep\u00f3sito feito em agosto \u00e9 referente aos meses de maio e junho, al\u00e9m da parcela de julho. A partir de agora, o Minist\u00e9rio da Sa\u00fade segue a programa\u00e7\u00e3o para o pagamento das parcelas at\u00e9 dezembro, al\u00e9m do 13\u00ba sal\u00e1rio, totalizando nove etapas em 2023.\u00a0\u00a0<\/p>\n\n\n\n<p class=\"wp-block-paragraph\">A ministra da Sa\u00fade, N\u00edsia Trindade, destaca: &#8220;esse \u00e9 um momento hist\u00f3rico e muito importante em que estamos encerrando um ciclo de tantas discuss\u00f5es e desafios, sempre abertos \u00e0 corre\u00e7\u00e3o de rumo. A confian\u00e7a rec\u00edproca [entre Uni\u00e3o, estados e munic\u00edpios] \u00e9 a base para um bom trabalho em rela\u00e7\u00e3o ao piso.\u201d<\/p>\n\n\n\n<p class=\"wp-block-paragraph\">O in\u00edcio do repasse s\u00f3 foi poss\u00edvel ap\u00f3s a conclus\u00e3o de um<a href=\"https:\/\/www.gov.br\/saude\/pt-br\/assuntos\/noticias\/2023\/julho\/ministerio-da-saude-abre-novo-prazo-para-gestores-atualizarem-banco-de-dados\" target=\"_blank\" rel=\"noreferrer noopener\">\u00a0levantamento de dados dos profissionais da enfermagem<\/a>\u00a0junto aos estados, munic\u00edpios e Distrito Federal. Isso permitiu a melhor apura\u00e7\u00e3o dos valores a serem repassados a cada ente da federa\u00e7\u00e3o. Os gestores locais preencheram a base de dados na funcionalidade criada e lan\u00e7ada pelo Minist\u00e9rio da Sa\u00fade, atrav\u00e9s do Fundo Nacional de Sa\u00fade (FNS), para subsidiar o c\u00e1lculo da assist\u00eancia financeira complementar prestada pela Uni\u00e3o aos entes subnacionais.<\/p>\n\n\n\n<p class=\"wp-block-paragraph\"><\/p>\n","protected":false},"excerpt":{"rendered":"<p>Os profissionais ligados ao Minist\u00e9rio da Sa\u00fade quanto estados, munic\u00edpios e Distrito Federal devem receber nove parcelas em 2023<\/p>\n","protected":false},"author":13,"featured_media":0,"comment_status":"open","ping_status":"open","sticky":false,"template":"","format":"standard","meta":{"_acf_changed":false,"footnotes":""},"categories":[25,898],"tags":[859,947],"class_list":["post-73403","post","type-post","status-publish","format-standard","hentry","category-funcionalismo","category-manchete-segundaria","tag-ministerio-da-saude","tag-piso-da-enfermagem"],"acf":[],"yoast_head":"<!-- This site is optimized with the Yoast SEO plugin v24.4 - https:\/\/yoast.com\/wordpress\/plugins\/seo\/ -->\n<title>Piso da enfermagem: repasse do Governo Federal a estados e munic\u00edpios deve ser feito at\u00e9 21 - PORTAL DE NOT\u00cdCIAS CLEITON PINHEIRO<\/title>\n<meta name=\"robots\" content=\"index, follow, max-snippet:-1, max-image-preview:large, max-video-preview:-1\" \/>\n<link rel=\"canonical\" href=\"https:\/\/cleitonpinheiro.com.br\/site\/piso-da-enfermagem-repasse-do-governo-federal-a-estados-e-municipios-deve-ser-feito-ate-21\/\" \/>\n<meta property=\"og:locale\" content=\"pt_BR\" \/>\n<meta property=\"og:type\" content=\"article\" \/>\n<meta property=\"og:title\" content=\"Piso da enfermagem: repasse do Governo Federal a estados e munic\u00edpios deve ser feito at\u00e9 21 - PORTAL DE NOT\u00cdCIAS CLEITON PINHEIRO\" \/>\n<meta property=\"og:description\" content=\"Os profissionais ligados ao Minist\u00e9rio da Sa\u00fade quanto estados, munic\u00edpios e Distrito Federal devem receber nove parcelas em 2023\" \/>\n<meta property=\"og:url\" content=\"https:\/\/cleitonpinheiro.com.br\/site\/piso-da-enfermagem-repasse-do-governo-federal-a-estados-e-municipios-deve-ser-feito-ate-21\/\" \/>\n<meta property=\"og:site_name\" content=\"PORTAL DE NOT\u00cdCIAS CLEITON PINHEIRO\" \/>\n<meta property=\"article:publisher\" content=\"https:\/\/www.facebook.com\/portalcpnoticias\/\" \/>\n<meta property=\"article:published_time\" content=\"2023-08-12T13:01:23+00:00\" \/>\n<meta property=\"article:modified_time\" content=\"2023-08-14T12:47:38+00:00\" \/>\n<meta property=\"og:image\" content=\"https:\/\/cleitonpinheiro.com.br\/site\/wp-content\/uploads\/2023\/08\/enfermagem-enfermeiros-piso-nacional-da-enfermagem-planos-de-saude-saude-1664975105343_v2_900x506.jpg\" \/>\n\t<meta property=\"og:image:width\" content=\"900\" \/>\n\t<meta property=\"og:image:height\" content=\"506\" \/>\n\t<meta property=\"og:image:type\" content=\"image\/jpeg\" \/>\n<meta name=\"author\" content=\"Reda\u00e7\u00e3o CP\" \/>\n<meta name=\"twitter:card\" content=\"summary_large_image\" \/>\n<meta name=\"twitter:label1\" content=\"Escrito por\" \/>\n\t<meta name=\"twitter:data1\" content=\"Reda\u00e7\u00e3o CP\" \/>\n\t<meta name=\"twitter:label2\" content=\"Est. tempo de leitura\" \/>\n\t<meta name=\"twitter:data2\" content=\"2 minutos\" \/>\n<script type=\"application\/ld+json\" class=\"yoast-schema-graph\">{\"@context\":\"https:\/\/schema.org\",\"@graph\":[{\"@type\":\"Article\",\"@id\":\"https:\/\/cleitonpinheiro.com.br\/site\/piso-da-enfermagem-repasse-do-governo-federal-a-estados-e-municipios-deve-ser-feito-ate-21\/#article\",\"isPartOf\":{\"@id\":\"https:\/\/cleitonpinheiro.com.br\/site\/piso-da-enfermagem-repasse-do-governo-federal-a-estados-e-municipios-deve-ser-feito-ate-21\/\"},\"author\":{\"name\":\"Reda\u00e7\u00e3o CP\",\"@id\":\"https:\/\/cleitonpinheiro.com.br\/site\/#\/schema\/person\/8f04544e0bc40a1b68775b08360f87db\"},\"headline\":\"Piso da enfermagem: repasse do Governo Federal a estados e munic\u00edpios deve ser feito at\u00e9 21\",\"datePublished\":\"2023-08-12T13:01:23+00:00\",\"dateModified\":\"2023-08-14T12:47:38+00:00\",\"mainEntityOfPage\":{\"@id\":\"https:\/\/cleitonpinheiro.com.br\/site\/piso-da-enfermagem-repasse-do-governo-federal-a-estados-e-municipios-deve-ser-feito-ate-21\/\"},\"wordCount\":365,\"commentCount\":0,\"publisher\":{\"@id\":\"https:\/\/cleitonpinheiro.com.br\/site\/#organization\"},\"image\":{\"@id\":\"https:\/\/cleitonpinheiro.com.br\/site\/piso-da-enfermagem-repasse-do-governo-federal-a-estados-e-municipios-deve-ser-feito-ate-21\/#primaryimage\"},\"thumbnailUrl\":\"https:\/\/cleitonpinheiro.com.br\/site\/wp-content\/uploads\/2023\/08\/enfermagem-enfermeiros-piso-nacional-da-enfermagem-planos-de-saude-saude-1664975105343_v2_900x506.jpg\",\"keywords\":[\"ministerio da sa\u00fade\",\"Piso da Enfermagem\"],\"articleSection\":[\"FUNCIONALISMO\",\"MANCHETE SEGUND\u00c1RIA\"],\"inLanguage\":\"pt-BR\",\"potentialAction\":[{\"@type\":\"CommentAction\",\"name\":\"Comment\",\"target\":[\"https:\/\/cleitonpinheiro.com.br\/site\/piso-da-enfermagem-repasse-do-governo-federal-a-estados-e-municipios-deve-ser-feito-ate-21\/#respond\"]}]},{\"@type\":\"WebPage\",\"@id\":\"https:\/\/cleitonpinheiro.com.br\/site\/piso-da-enfermagem-repasse-do-governo-federal-a-estados-e-municipios-deve-ser-feito-ate-21\/\",\"url\":\"https:\/\/cleitonpinheiro.com.br\/site\/piso-da-enfermagem-repasse-do-governo-federal-a-estados-e-municipios-deve-ser-feito-ate-21\/\",\"name\":\"Piso da enfermagem: repasse do Governo Federal a estados e munic\u00edpios deve ser feito at\u00e9 21 - PORTAL DE NOT\u00cdCIAS CLEITON PINHEIRO\",\"isPartOf\":{\"@id\":\"https:\/\/cleitonpinheiro.com.br\/site\/#website\"},\"primaryImageOfPage\":{\"@id\":\"https:\/\/cleitonpinheiro.com.br\/site\/piso-da-enfermagem-repasse-do-governo-federal-a-estados-e-municipios-deve-ser-feito-ate-21\/#primaryimage\"},\"image\":{\"@id\":\"https:\/\/cleitonpinheiro.com.br\/site\/piso-da-enfermagem-repasse-do-governo-federal-a-estados-e-municipios-deve-ser-feito-ate-21\/#primaryimage\"},\"thumbnailUrl\":\"https:\/\/cleitonpinheiro.com.br\/site\/wp-content\/uploads\/2023\/08\/enfermagem-enfermeiros-piso-nacional-da-enfermagem-planos-de-saude-saude-1664975105343_v2_900x506.jpg\",\"datePublished\":\"2023-08-12T13:01:23+00:00\",\"dateModified\":\"2023-08-14T12:47:38+00:00\",\"breadcrumb\":{\"@id\":\"https:\/\/cleitonpinheiro.com.br\/site\/piso-da-enfermagem-repasse-do-governo-federal-a-estados-e-municipios-deve-ser-feito-ate-21\/#breadcrumb\"},\"inLanguage\":\"pt-BR\",\"potentialAction\":[{\"@type\":\"ReadAction\",\"target\":[\"https:\/\/cleitonpinheiro.com.br\/site\/piso-da-enfermagem-repasse-do-governo-federal-a-estados-e-municipios-deve-ser-feito-ate-21\/\"]}]},{\"@type\":\"ImageObject\",\"inLanguage\":\"pt-BR\",\"@id\":\"https:\/\/cleitonpinheiro.com.br\/site\/piso-da-enfermagem-repasse-do-governo-federal-a-estados-e-municipios-deve-ser-feito-ate-21\/#primaryimage\",\"url\":\"\",\"contentUrl\":\"\"},{\"@type\":\"BreadcrumbList\",\"@id\":\"https:\/\/cleitonpinheiro.com.br\/site\/piso-da-enfermagem-repasse-do-governo-federal-a-estados-e-municipios-deve-ser-feito-ate-21\/#breadcrumb\",\"itemListElement\":[{\"@type\":\"ListItem\",\"position\":1,\"name\":\"In\u00edcio\",\"item\":\"https:\/\/cleitonpinheiro.com.br\/site\/\"},{\"@type\":\"ListItem\",\"position\":2,\"name\":\"Piso da enfermagem: repasse do Governo Federal a estados e munic\u00edpios deve ser feito at\u00e9 21\"}]},{\"@type\":\"WebSite\",\"@id\":\"https:\/\/cleitonpinheiro.com.br\/site\/#website\",\"url\":\"https:\/\/cleitonpinheiro.com.br\/site\/\",\"name\":\"PORTAL DE NOT\u00cdCIAS CLEITON PINHEIRO\",\"description\":\"FALANDO A VERDADE\",\"publisher\":{\"@id\":\"https:\/\/cleitonpinheiro.com.br\/site\/#organization\"},\"potentialAction\":[{\"@type\":\"SearchAction\",\"target\":{\"@type\":\"EntryPoint\",\"urlTemplate\":\"https:\/\/cleitonpinheiro.com.br\/site\/?s={search_term_string}\"},\"query-input\":{\"@type\":\"PropertyValueSpecification\",\"valueRequired\":true,\"valueName\":\"search_term_string\"}}],\"inLanguage\":\"pt-BR\"},{\"@type\":\"Organization\",\"@id\":\"https:\/\/cleitonpinheiro.com.br\/site\/#organization\",\"name\":\"CPNOT\u00cdCIAS\",\"url\":\"https:\/\/cleitonpinheiro.com.br\/site\/\",\"logo\":{\"@type\":\"ImageObject\",\"inLanguage\":\"pt-BR\",\"@id\":\"https:\/\/cleitonpinheiro.com.br\/site\/#\/schema\/logo\/image\/\",\"url\":\"https:\/\/cleitonpinheiro.com.br\/site\/wp-content\/uploads\/2022\/08\/Logo-pequena-2.png\",\"contentUrl\":\"https:\/\/cleitonpinheiro.com.br\/site\/wp-content\/uploads\/2022\/08\/Logo-pequena-2.png\",\"width\":500,\"height\":500,\"caption\":\"CPNOT\u00cdCIAS\"},\"image\":{\"@id\":\"https:\/\/cleitonpinheiro.com.br\/site\/#\/schema\/logo\/image\/\"},\"sameAs\":[\"https:\/\/www.facebook.com\/portalcpnoticias\/\"]},{\"@type\":\"Person\",\"@id\":\"https:\/\/cleitonpinheiro.com.br\/site\/#\/schema\/person\/8f04544e0bc40a1b68775b08360f87db\",\"name\":\"Reda\u00e7\u00e3o CP\",\"image\":{\"@type\":\"ImageObject\",\"inLanguage\":\"pt-BR\",\"@id\":\"https:\/\/cleitonpinheiro.com.br\/site\/#\/schema\/person\/image\/\",\"url\":\"https:\/\/secure.gravatar.com\/avatar\/0bcf19cb29fdc8fc588c490c7ae1b3e174dac268586a63fbe1d1893a0f9020cd?s=96&r=g\",\"contentUrl\":\"https:\/\/secure.gravatar.com\/avatar\/0bcf19cb29fdc8fc588c490c7ae1b3e174dac268586a63fbe1d1893a0f9020cd?s=96&r=g\",\"caption\":\"Reda\u00e7\u00e3o CP\"},\"url\":\"https:\/\/cleitonpinheiro.com.br\/site\/author\/redacao\/\"}]}<\/script>\n<!-- \/ Yoast SEO plugin. -->","yoast_head_json":{"title":"Piso da enfermagem: repasse do Governo Federal a estados e munic\u00edpios deve ser feito at\u00e9 21 - PORTAL DE NOT\u00cdCIAS CLEITON PINHEIRO","robots":{"index":"index","follow":"follow","max-snippet":"max-snippet:-1","max-image-preview":"max-image-preview:large","max-video-preview":"max-video-preview:-1"},"canonical":"https:\/\/cleitonpinheiro.com.br\/site\/piso-da-enfermagem-repasse-do-governo-federal-a-estados-e-municipios-deve-ser-feito-ate-21\/","og_locale":"pt_BR","og_type":"article","og_title":"Piso da enfermagem: repasse do Governo Federal a estados e munic\u00edpios deve ser feito at\u00e9 21 - PORTAL DE NOT\u00cdCIAS CLEITON PINHEIRO","og_description":"Os profissionais ligados ao Minist\u00e9rio da Sa\u00fade quanto estados, munic\u00edpios e Distrito Federal devem receber nove parcelas em 2023","og_url":"https:\/\/cleitonpinheiro.com.br\/site\/piso-da-enfermagem-repasse-do-governo-federal-a-estados-e-municipios-deve-ser-feito-ate-21\/","og_site_name":"PORTAL DE NOT\u00cdCIAS CLEITON PINHEIRO","article_publisher":"https:\/\/www.facebook.com\/portalcpnoticias\/","article_published_time":"2023-08-12T13:01:23+00:00","article_modified_time":"2023-08-14T12:47:38+00:00","og_image":[{"width":900,"height":506,"url":"https:\/\/cleitonpinheiro.com.br\/site\/wp-content\/uploads\/2023\/08\/enfermagem-enfermeiros-piso-nacional-da-enfermagem-planos-de-saude-saude-1664975105343_v2_900x506.jpg","type":"image\/jpeg"}],"author":"Reda\u00e7\u00e3o CP","twitter_card":"summary_large_image","twitter_misc":{"Escrito por":"Reda\u00e7\u00e3o CP","Est. tempo de leitura":"2 minutos"},"schema":{"@context":"https:\/\/schema.org","@graph":[{"@type":"Article","@id":"https:\/\/cleitonpinheiro.com.br\/site\/piso-da-enfermagem-repasse-do-governo-federal-a-estados-e-municipios-deve-ser-feito-ate-21\/#article","isPartOf":{"@id":"https:\/\/cleitonpinheiro.com.br\/site\/piso-da-enfermagem-repasse-do-governo-federal-a-estados-e-municipios-deve-ser-feito-ate-21\/"},"author":{"name":"Reda\u00e7\u00e3o CP","@id":"https:\/\/cleitonpinheiro.com.br\/site\/#\/schema\/person\/8f04544e0bc40a1b68775b08360f87db"},"headline":"Piso da enfermagem: repasse do Governo Federal a estados e munic\u00edpios deve ser feito at\u00e9 21","datePublished":"2023-08-12T13:01:23+00:00","dateModified":"2023-08-14T12:47:38+00:00","mainEntityOfPage":{"@id":"https:\/\/cleitonpinheiro.com.br\/site\/piso-da-enfermagem-repasse-do-governo-federal-a-estados-e-municipios-deve-ser-feito-ate-21\/"},"wordCount":365,"commentCount":0,"publisher":{"@id":"https:\/\/cleitonpinheiro.com.br\/site\/#organization"},"image":{"@id":"https:\/\/cleitonpinheiro.com.br\/site\/piso-da-enfermagem-repasse-do-governo-federal-a-estados-e-municipios-deve-ser-feito-ate-21\/#primaryimage"},"thumbnailUrl":"https:\/\/cleitonpinheiro.com.br\/site\/wp-content\/uploads\/2023\/08\/enfermagem-enfermeiros-piso-nacional-da-enfermagem-planos-de-saude-saude-1664975105343_v2_900x506.jpg","keywords":["ministerio da sa\u00fade","Piso da Enfermagem"],"articleSection":["FUNCIONALISMO","MANCHETE SEGUND\u00c1RIA"],"inLanguage":"pt-BR","potentialAction":[{"@type":"CommentAction","name":"Comment","target":["https:\/\/cleitonpinheiro.com.br\/site\/piso-da-enfermagem-repasse-do-governo-federal-a-estados-e-municipios-deve-ser-feito-ate-21\/#respond"]}]},{"@type":"WebPage","@id":"https:\/\/cleitonpinheiro.com.br\/site\/piso-da-enfermagem-repasse-do-governo-federal-a-estados-e-municipios-deve-ser-feito-ate-21\/","url":"https:\/\/cleitonpinheiro.com.br\/site\/piso-da-enfermagem-repasse-do-governo-federal-a-estados-e-municipios-deve-ser-feito-ate-21\/","name":"Piso da enfermagem: repasse do Governo Federal a estados e munic\u00edpios deve ser feito at\u00e9 21 - PORTAL DE NOT\u00cdCIAS CLEITON PINHEIRO","isPartOf":{"@id":"https:\/\/cleitonpinheiro.com.br\/site\/#website"},"primaryImageOfPage":{"@id":"https:\/\/cleitonpinheiro.com.br\/site\/piso-da-enfermagem-repasse-do-governo-federal-a-estados-e-municipios-deve-ser-feito-ate-21\/#primaryimage"},"image":{"@id":"https:\/\/cleitonpinheiro.com.br\/site\/piso-da-enfermagem-repasse-do-governo-federal-a-estados-e-municipios-deve-ser-feito-ate-21\/#primaryimage"},"thumbnailUrl":"https:\/\/cleitonpinheiro.com.br\/site\/wp-content\/uploads\/2023\/08\/enfermagem-enfermeiros-piso-nacional-da-enfermagem-planos-de-saude-saude-1664975105343_v2_900x506.jpg","datePublished":"2023-08-12T13:01:23+00:00","dateModified":"2023-08-14T12:47:38+00:00","breadcrumb":{"@id":"https:\/\/cleitonpinheiro.com.br\/site\/piso-da-enfermagem-repasse-do-governo-federal-a-estados-e-municipios-deve-ser-feito-ate-21\/#breadcrumb"},"inLanguage":"pt-BR","potentialAction":[{"@type":"ReadAction","target":["https:\/\/cleitonpinheiro.com.br\/site\/piso-da-enfermagem-repasse-do-governo-federal-a-estados-e-municipios-deve-ser-feito-ate-21\/"]}]},{"@type":"ImageObject","inLanguage":"pt-BR","@id":"https:\/\/cleitonpinheiro.com.br\/site\/piso-da-enfermagem-repasse-do-governo-federal-a-estados-e-municipios-deve-ser-feito-ate-21\/#primaryimage","url":"","contentUrl":""},{"@type":"BreadcrumbList","@id":"https:\/\/cleitonpinheiro.com.br\/site\/piso-da-enfermagem-repasse-do-governo-federal-a-estados-e-municipios-deve-ser-feito-ate-21\/#breadcrumb","itemListElement":[{"@type":"ListItem","position":1,"name":"In\u00edcio","item":"https:\/\/cleitonpinheiro.com.br\/site\/"},{"@type":"ListItem","position":2,"name":"Piso da enfermagem: repasse do Governo Federal a estados e munic\u00edpios deve ser feito at\u00e9 21"}]},{"@type":"WebSite","@id":"https:\/\/cleitonpinheiro.com.br\/site\/#website","url":"https:\/\/cleitonpinheiro.com.br\/site\/","name":"PORTAL DE NOT\u00cdCIAS CLEITON PINHEIRO","description":"FALANDO A VERDADE","publisher":{"@id":"https:\/\/cleitonpinheiro.com.br\/site\/#organization"},"potentialAction":[{"@type":"SearchAction","target":{"@type":"EntryPoint","urlTemplate":"https:\/\/cleitonpinheiro.com.br\/site\/?s={search_term_string}"},"query-input":{"@type":"PropertyValueSpecification","valueRequired":true,"valueName":"search_term_string"}}],"inLanguage":"pt-BR"},{"@type":"Organization","@id":"https:\/\/cleitonpinheiro.com.br\/site\/#organization","name":"CPNOT\u00cdCIAS","url":"https:\/\/cleitonpinheiro.com.br\/site\/","logo":{"@type":"ImageObject","inLanguage":"pt-BR","@id":"https:\/\/cleitonpinheiro.com.br\/site\/#\/schema\/logo\/image\/","url":"https:\/\/cleitonpinheiro.com.br\/site\/wp-content\/uploads\/2022\/08\/Logo-pequena-2.png","contentUrl":"https:\/\/cleitonpinheiro.com.br\/site\/wp-content\/uploads\/2022\/08\/Logo-pequena-2.png","width":500,"height":500,"caption":"CPNOT\u00cdCIAS"},"image":{"@id":"https:\/\/cleitonpinheiro.com.br\/site\/#\/schema\/logo\/image\/"},"sameAs":["https:\/\/www.facebook.com\/portalcpnoticias\/"]},{"@type":"Person","@id":"https:\/\/cleitonpinheiro.com.br\/site\/#\/schema\/person\/8f04544e0bc40a1b68775b08360f87db","name":"Reda\u00e7\u00e3o CP","image":{"@type":"ImageObject","inLanguage":"pt-BR","@id":"https:\/\/cleitonpinheiro.com.br\/site\/#\/schema\/person\/image\/","url":"https:\/\/secure.gravatar.com\/avatar\/0bcf19cb29fdc8fc588c490c7ae1b3e174dac268586a63fbe1d1893a0f9020cd?s=96&r=g","contentUrl":"https:\/\/secure.gravatar.com\/avatar\/0bcf19cb29fdc8fc588c490c7ae1b3e174dac268586a63fbe1d1893a0f9020cd?s=96&r=g","caption":"Reda\u00e7\u00e3o CP"},"url":"https:\/\/cleitonpinheiro.com.br\/site\/author\/redacao\/"}]}},"views":116,"_links":{"self":[{"href":"https:\/\/cleitonpinheiro.com.br\/site\/wp-json\/wp\/v2\/posts\/73403","targetHints":{"allow":["GET"]}}],"collection":[{"href":"https:\/\/cleitonpinheiro.com.br\/site\/wp-json\/wp\/v2\/posts"}],"about":[{"href":"https:\/\/cleitonpinheiro.com.br\/site\/wp-json\/wp\/v2\/types\/post"}],"author":[{"embeddable":true,"href":"https:\/\/cleitonpinheiro.com.br\/site\/wp-json\/wp\/v2\/users\/13"}],"replies":[{"embeddable":true,"href":"https:\/\/cleitonpinheiro.com.br\/site\/wp-json\/wp\/v2\/comments?post=73403"}],"version-history":[{"count":1,"href":"https:\/\/cleitonpinheiro.com.br\/site\/wp-json\/wp\/v2\/posts\/73403\/revisions"}],"predecessor-version":[{"id":73405,"href":"https:\/\/cleitonpinheiro.com.br\/site\/wp-json\/wp\/v2\/posts\/73403\/revisions\/73405"}],"wp:attachment":[{"href":"https:\/\/cleitonpinheiro.com.br\/site\/wp-json\/wp\/v2\/media?parent=73403"}],"wp:term":[{"taxonomy":"category","embeddable":true,"href":"https:\/\/cleitonpinheiro.com.br\/site\/wp-json\/wp\/v2\/categories?post=73403"},{"taxonomy":"post_tag","embeddable":true,"href":"https:\/\/cleitonpinheiro.com.br\/site\/wp-json\/wp\/v2\/tags?post=73403"}],"curies":[{"name":"wp","href":"https:\/\/api.w.org\/{rel}","templated":true}]}}