{"id":73407,"date":"2023-08-14T09:44:11","date_gmt":"2023-08-14T12:44:11","guid":{"rendered":"https:\/\/cleitonpinheiro.com.br\/site\/?p=73407"},"modified":"2023-08-14T09:44:14","modified_gmt":"2023-08-14T12:44:14","slug":"plano-de-vacinacao-contra-gripe-e-covid-19-para-o-periodo-de-14-a-18-de-agosto-em-palmas","status":"publish","type":"post","link":"https:\/\/cleitonpinheiro.com.br\/site\/plano-de-vacinacao-contra-gripe-e-covid-19-para-o-periodo-de-14-a-18-de-agosto-em-palmas\/","title":{"rendered":"Plano de vacina\u00e7\u00e3o contra gripe e covid-19 para o per\u00edodo de 14 a 18 de agosto em Palmas"},"content":{"rendered":"\n<figure class=\"wp-block-image size-full\"><img decoding=\"async\" src=\"https:\/\/cleitonpinheiro.com.br\/site\/wp-content\/uploads\/2023\/08\/cdcc4eb6-d457-4d48-8d50-60b12c5f8ab0.jpg\" alt=\"\" class=\"wp-image-73408\"\/><figcaption class=\"wp-element-caption\">\u00c9 necess\u00e1rio levar os documentos pessoais, o cart\u00e3o do SUS e o cart\u00e3o de vacina &#8211; Foto: Ra\u00edza Milhomem\/Prefeitura de Palmas<\/figcaption><\/figure>\n\n\n\n<p class=\"wp-block-paragraph\">A Secretaria Municipal da Sa\u00fade (Semus) anunciou o plano semanal de vacina\u00e7\u00e3o, visando proteger contra a gripe e a covid-19. As datas s\u00e3o referentes ao per\u00edodo de 14 a 18 de agosto e \u00e9 fundamental que todos estejam atentos aos dias indicados abaixo para garantir a imuniza\u00e7\u00e3o..<\/p>\n\n\n\n<p class=\"wp-block-paragraph\">Para receber as vacinas nas Unidades de Sa\u00fade da Fam\u00edlia (USF), \u00e9 necess\u00e1rio levar os documentos pessoais, o cart\u00e3o do Sistema \u00danico de Sa\u00fade (SUS) e o cart\u00e3o de vacina. \u00c9 essencial verificar cuidadosamente os registros de vacina\u00e7\u00e3o para garantir que estejam atualizados e de acordo com as orienta\u00e7\u00f5es espec\u00edficas para cada idade.&nbsp;<\/p>\n\n\n\n<p class=\"wp-block-paragraph\">A Semus ressalta que durante a pr\u00f3xima semana n\u00e3o haver\u00e1 vacina\u00e7\u00e3o nas unidades de USF Arno 33 (307 Norte), Arno 71 (603 Norte) e USF Laurides Milhomem.&nbsp;<\/p>\n\n\n\n<p class=\"wp-block-paragraph\"><strong>Confira o cronograma completo de vacina\u00e7\u00e3o:<br>Covid-19<br>CoronaVac: 2\u00aa dose para popula\u00e7\u00e3o 3+<\/strong><\/p>\n\n\n\n<p class=\"wp-block-paragraph\">Hor\u00e1rio: 8 \u00e0s 17 horas<br>Segunda-feira &#8211; USF Arno 61 (503 Norte)<br>Ter\u00e7a-feira &#8211; USF Prof Isabel Auler (Arso 23 &#8211; 207 Sul)<br>Quarta-feira &#8211; USF Val\u00e9ria Martins (Arse 122 &#8211; 1.206 Sul)<br>Quinta-feira &#8211; USF Jos\u00e9 Hermes&nbsp;<br>Sexta-feira &#8211; USF Taquari &#8211; aberta somente das 7 \u00e0s 13 horas<br>USF Walterly Wagner Jos\u00e9 Ribeiro (Taquaru\u00e7u Grande)<br>USF Mariazinha Rodrigues da Silva (Buritirana)<br>USF Walter Pereira Morato (Taquaru\u00e7u)<br>&nbsp;<br><strong>Pfizer Infantil<br>Pfizer Baby: beb\u00eas de seis meses a crian\u00e7as de quatro anos&nbsp;<br>Pfizer Pedi\u00e1trica: crian\u00e7as de cinco a 11 anos<\/strong><\/p>\n\n\n\n<p class=\"wp-block-paragraph\">Segunda a sexta-feira, das 8 \u00e0s 17 horas<br>USF Arno 61 (503 Norte)<br>USF Prof Isabel Auler (Arso 23 &#8211; 207 Sul)&nbsp;<br>USF Val\u00e9ria Martins (Arse 122 &#8211; 1206 Sul)<br>USF Jos\u00e9 Hermes Rodrigues Damaso (Setor Sul)<br>USF Taquari &#8211; aberta somente das 7 \u00e0s 13 horas<br>Agendamento pr\u00e9vio nas unidades<br>USF Walterly Wagner Jos\u00e9 Ribeiro (Taquaru\u00e7u Grande)&nbsp;<br>USF Mariazinha Rodrigues da Silva (Buritirana)&nbsp;<br>USF Walter Pereira Morato (Taquaru\u00e7u)<br>&nbsp;<br><strong>Pfizer Monovalente&nbsp;<br>Pfizer Monovalente: 1\u00aa e 2\u00aa dose para popula\u00e7\u00e3o acima dos 12 anos + refor\u00e7o para menores de 17 anos<\/strong><\/p>\n\n\n\n<p class=\"wp-block-paragraph\">Segunda a sexta-feira, das 8 \u00e0s 17 horas<br>USF da Arno 61 (503 Norte)<br>USF Arno 44 (409 Norte)&nbsp;<br>USF ASR-SE 75 (712 Sul)<br>USF Prof Isabel Auler (Arso 23 &#8211; 207 Sul)&nbsp;<br>USF Loiane Moreno Vieira (210 Sul)<br>USF Val\u00e9ria Martins (Arse 122 &#8211; 1206 Sul)<br>USF Eug\u00eanio Pinheiro (Jardim Aureny I)<br>USF Santa B\u00e1rbara<br>USF Jos\u00e9 Hermes Rodrigues Damaso (Setor Sul)<br>USF Morada do Sol<br>USF Taquari &#8211; aberta somente das 7 \u00e0s 13 horas<br>USF Walterly Wagner Jos\u00e9 Ribeiro (Taquaru\u00e7u Grande)&nbsp;<br>USF Mariazinha Rodrigues da Silva (Buritirana)&nbsp;<br>USF Walter Pereira Morato (Taquaru\u00e7u)<br>&nbsp;<br><strong>Pfizer Bivalente, influenza e vacina\u00e7\u00e3o de rotina<br>Influenza: todos acima de 6 meses de vida<br>Rotina: cart\u00e3o de vacina possui indica\u00e7\u00e3o do imunizante e faixa et\u00e1ria para aplica\u00e7\u00e3o<\/strong><\/p>\n\n\n\n<p class=\"wp-block-paragraph\">Segunda a sexta-feira, das 8 \u00e0s 17 horas, em todas as unidades de sa\u00fade da Capital, com exce\u00e7\u00e3o da USF da Arno 71 (603 Norte), da Arno 33 (307 Norte) e USF Laurides Milhomem&nbsp;<\/p>\n\n\n\n<p class=\"wp-block-paragraph\">USF Arno 41 (403 Norte)&nbsp;<br>USF Arno 42 (405 Norte)<br>USF Arne 53 (406 Norte) &#8211; aberta somente das 7 \u00e0s 13 horas<br>USF Arno 44 (409 Norte)<br>USF Arno 61 (503 Norte)<br>USF Arne 64 (508 Norte)<br>USF Jos\u00e9 L\u00facio de Carvalho (Setor Lago Sul) &nbsp;&#8211; aberta somente das 7 \u00e0s 13 horas<br>USF Albertino Santos (Arse 101 &#8211; 1004 Sul)<br>USF Deise de F\u00e1tima Ara\u00fajo de Paula (Arse 13 &#8211; 108 Sul) &#8211; aberta somente das 13 \u00e0s 18 horas<br>USF Loiane Moreno Vieira (Arse 24 &#8211; 210 Sul)<br>USF Prof Isabel Auler (Arso 23 &#8211; 207 Sul)<br>USF Taquari &#8211; aberta somente das 7 \u00e0s 13 horas<\/p>\n","protected":false},"excerpt":{"rendered":"<p>N\u00e3o haver\u00e1 vacina\u00e7\u00e3o nas unidades de USF Arno 33 (307 Norte), Arno 71 (603 Norte) e USF Laurides Milhomem<\/p>\n","protected":false},"author":13,"featured_media":0,"comment_status":"open","ping_status":"open","sticky":false,"template":"","format":"standard","meta":{"_acf_changed":false,"footnotes":""},"categories":[22,898],"tags":[811,393,720,959],"class_list":["post-73407","post","type-post","status-publish","format-standard","hentry","category-cidades","category-manchete-segundaria","tag-covid-19","tag-gripe","tag-prefeitura-de-palmas","tag-vacinacao"],"acf":[],"yoast_head":"<!-- This site is optimized with the Yoast SEO plugin v24.4 - https:\/\/yoast.com\/wordpress\/plugins\/seo\/ -->\n<title>Plano de vacina\u00e7\u00e3o contra gripe e covid-19 para o per\u00edodo de 14 a 18 de agosto em Palmas - PORTAL DE NOT\u00cdCIAS CLEITON PINHEIRO<\/title>\n<meta name=\"robots\" content=\"index, follow, max-snippet:-1, max-image-preview:large, max-video-preview:-1\" \/>\n<link rel=\"canonical\" href=\"https:\/\/cleitonpinheiro.com.br\/site\/plano-de-vacinacao-contra-gripe-e-covid-19-para-o-periodo-de-14-a-18-de-agosto-em-palmas\/\" \/>\n<meta property=\"og:locale\" content=\"pt_BR\" \/>\n<meta property=\"og:type\" content=\"article\" \/>\n<meta property=\"og:title\" content=\"Plano de vacina\u00e7\u00e3o contra gripe e covid-19 para o per\u00edodo de 14 a 18 de agosto em Palmas - PORTAL DE NOT\u00cdCIAS CLEITON PINHEIRO\" \/>\n<meta property=\"og:description\" content=\"N\u00e3o haver\u00e1 vacina\u00e7\u00e3o nas unidades de USF Arno 33 (307 Norte), Arno 71 (603 Norte) e USF Laurides Milhomem\" \/>\n<meta property=\"og:url\" content=\"https:\/\/cleitonpinheiro.com.br\/site\/plano-de-vacinacao-contra-gripe-e-covid-19-para-o-periodo-de-14-a-18-de-agosto-em-palmas\/\" \/>\n<meta property=\"og:site_name\" content=\"PORTAL DE NOT\u00cdCIAS CLEITON PINHEIRO\" \/>\n<meta property=\"article:publisher\" content=\"https:\/\/www.facebook.com\/portalcpnoticias\/\" \/>\n<meta property=\"article:published_time\" content=\"2023-08-14T12:44:11+00:00\" \/>\n<meta property=\"article:modified_time\" content=\"2023-08-14T12:44:14+00:00\" \/>\n<meta property=\"og:image\" content=\"https:\/\/cleitonpinheiro.com.br\/site\/wp-content\/uploads\/2023\/08\/cdcc4eb6-d457-4d48-8d50-60b12c5f8ab0.jpg\" \/>\n\t<meta property=\"og:image:width\" content=\"800\" \/>\n\t<meta property=\"og:image:height\" content=\"520\" \/>\n\t<meta property=\"og:image:type\" content=\"image\/jpeg\" \/>\n<meta name=\"author\" content=\"Reda\u00e7\u00e3o CP\" \/>\n<meta name=\"twitter:card\" content=\"summary_large_image\" \/>\n<meta name=\"twitter:label1\" content=\"Escrito por\" \/>\n\t<meta name=\"twitter:data1\" content=\"Reda\u00e7\u00e3o CP\" \/>\n\t<meta name=\"twitter:label2\" content=\"Est. tempo de leitura\" \/>\n\t<meta name=\"twitter:data2\" content=\"4 minutos\" \/>\n<script type=\"application\/ld+json\" class=\"yoast-schema-graph\">{\"@context\":\"https:\/\/schema.org\",\"@graph\":[{\"@type\":\"Article\",\"@id\":\"https:\/\/cleitonpinheiro.com.br\/site\/plano-de-vacinacao-contra-gripe-e-covid-19-para-o-periodo-de-14-a-18-de-agosto-em-palmas\/#article\",\"isPartOf\":{\"@id\":\"https:\/\/cleitonpinheiro.com.br\/site\/plano-de-vacinacao-contra-gripe-e-covid-19-para-o-periodo-de-14-a-18-de-agosto-em-palmas\/\"},\"author\":{\"name\":\"Reda\u00e7\u00e3o CP\",\"@id\":\"https:\/\/cleitonpinheiro.com.br\/site\/#\/schema\/person\/8f04544e0bc40a1b68775b08360f87db\"},\"headline\":\"Plano de vacina\u00e7\u00e3o contra gripe e covid-19 para o per\u00edodo de 14 a 18 de agosto em Palmas\",\"datePublished\":\"2023-08-14T12:44:11+00:00\",\"dateModified\":\"2023-08-14T12:44:14+00:00\",\"mainEntityOfPage\":{\"@id\":\"https:\/\/cleitonpinheiro.com.br\/site\/plano-de-vacinacao-contra-gripe-e-covid-19-para-o-periodo-de-14-a-18-de-agosto-em-palmas\/\"},\"wordCount\":594,\"commentCount\":0,\"publisher\":{\"@id\":\"https:\/\/cleitonpinheiro.com.br\/site\/#organization\"},\"image\":{\"@id\":\"https:\/\/cleitonpinheiro.com.br\/site\/plano-de-vacinacao-contra-gripe-e-covid-19-para-o-periodo-de-14-a-18-de-agosto-em-palmas\/#primaryimage\"},\"thumbnailUrl\":\"https:\/\/cleitonpinheiro.com.br\/site\/wp-content\/uploads\/2023\/08\/cdcc4eb6-d457-4d48-8d50-60b12c5f8ab0.jpg\",\"keywords\":[\"covid-19\",\"gripe\",\"Prefeitura de Palmas\",\"Vacina\u00e7\u00e3o\"],\"articleSection\":[\"CIDADES\",\"MANCHETE SEGUND\u00c1RIA\"],\"inLanguage\":\"pt-BR\",\"potentialAction\":[{\"@type\":\"CommentAction\",\"name\":\"Comment\",\"target\":[\"https:\/\/cleitonpinheiro.com.br\/site\/plano-de-vacinacao-contra-gripe-e-covid-19-para-o-periodo-de-14-a-18-de-agosto-em-palmas\/#respond\"]}]},{\"@type\":\"WebPage\",\"@id\":\"https:\/\/cleitonpinheiro.com.br\/site\/plano-de-vacinacao-contra-gripe-e-covid-19-para-o-periodo-de-14-a-18-de-agosto-em-palmas\/\",\"url\":\"https:\/\/cleitonpinheiro.com.br\/site\/plano-de-vacinacao-contra-gripe-e-covid-19-para-o-periodo-de-14-a-18-de-agosto-em-palmas\/\",\"name\":\"Plano de vacina\u00e7\u00e3o contra gripe e covid-19 para o per\u00edodo de 14 a 18 de agosto em Palmas - PORTAL DE NOT\u00cdCIAS CLEITON PINHEIRO\",\"isPartOf\":{\"@id\":\"https:\/\/cleitonpinheiro.com.br\/site\/#website\"},\"primaryImageOfPage\":{\"@id\":\"https:\/\/cleitonpinheiro.com.br\/site\/plano-de-vacinacao-contra-gripe-e-covid-19-para-o-periodo-de-14-a-18-de-agosto-em-palmas\/#primaryimage\"},\"image\":{\"@id\":\"https:\/\/cleitonpinheiro.com.br\/site\/plano-de-vacinacao-contra-gripe-e-covid-19-para-o-periodo-de-14-a-18-de-agosto-em-palmas\/#primaryimage\"},\"thumbnailUrl\":\"https:\/\/cleitonpinheiro.com.br\/site\/wp-content\/uploads\/2023\/08\/cdcc4eb6-d457-4d48-8d50-60b12c5f8ab0.jpg\",\"datePublished\":\"2023-08-14T12:44:11+00:00\",\"dateModified\":\"2023-08-14T12:44:14+00:00\",\"breadcrumb\":{\"@id\":\"https:\/\/cleitonpinheiro.com.br\/site\/plano-de-vacinacao-contra-gripe-e-covid-19-para-o-periodo-de-14-a-18-de-agosto-em-palmas\/#breadcrumb\"},\"inLanguage\":\"pt-BR\",\"potentialAction\":[{\"@type\":\"ReadAction\",\"target\":[\"https:\/\/cleitonpinheiro.com.br\/site\/plano-de-vacinacao-contra-gripe-e-covid-19-para-o-periodo-de-14-a-18-de-agosto-em-palmas\/\"]}]},{\"@type\":\"ImageObject\",\"inLanguage\":\"pt-BR\",\"@id\":\"https:\/\/cleitonpinheiro.com.br\/site\/plano-de-vacinacao-contra-gripe-e-covid-19-para-o-periodo-de-14-a-18-de-agosto-em-palmas\/#primaryimage\",\"url\":\"\",\"contentUrl\":\"\"},{\"@type\":\"BreadcrumbList\",\"@id\":\"https:\/\/cleitonpinheiro.com.br\/site\/plano-de-vacinacao-contra-gripe-e-covid-19-para-o-periodo-de-14-a-18-de-agosto-em-palmas\/#breadcrumb\",\"itemListElement\":[{\"@type\":\"ListItem\",\"position\":1,\"name\":\"In\u00edcio\",\"item\":\"https:\/\/cleitonpinheiro.com.br\/site\/\"},{\"@type\":\"ListItem\",\"position\":2,\"name\":\"Plano de vacina\u00e7\u00e3o contra gripe e covid-19 para o per\u00edodo de 14 a 18 de agosto em Palmas\"}]},{\"@type\":\"WebSite\",\"@id\":\"https:\/\/cleitonpinheiro.com.br\/site\/#website\",\"url\":\"https:\/\/cleitonpinheiro.com.br\/site\/\",\"name\":\"PORTAL DE NOT\u00cdCIAS CLEITON PINHEIRO\",\"description\":\"FALANDO A VERDADE\",\"publisher\":{\"@id\":\"https:\/\/cleitonpinheiro.com.br\/site\/#organization\"},\"potentialAction\":[{\"@type\":\"SearchAction\",\"target\":{\"@type\":\"EntryPoint\",\"urlTemplate\":\"https:\/\/cleitonpinheiro.com.br\/site\/?s={search_term_string}\"},\"query-input\":{\"@type\":\"PropertyValueSpecification\",\"valueRequired\":true,\"valueName\":\"search_term_string\"}}],\"inLanguage\":\"pt-BR\"},{\"@type\":\"Organization\",\"@id\":\"https:\/\/cleitonpinheiro.com.br\/site\/#organization\",\"name\":\"CPNOT\u00cdCIAS\",\"url\":\"https:\/\/cleitonpinheiro.com.br\/site\/\",\"logo\":{\"@type\":\"ImageObject\",\"inLanguage\":\"pt-BR\",\"@id\":\"https:\/\/cleitonpinheiro.com.br\/site\/#\/schema\/logo\/image\/\",\"url\":\"https:\/\/cleitonpinheiro.com.br\/site\/wp-content\/uploads\/2022\/08\/Logo-pequena-2.png\",\"contentUrl\":\"https:\/\/cleitonpinheiro.com.br\/site\/wp-content\/uploads\/2022\/08\/Logo-pequena-2.png\",\"width\":500,\"height\":500,\"caption\":\"CPNOT\u00cdCIAS\"},\"image\":{\"@id\":\"https:\/\/cleitonpinheiro.com.br\/site\/#\/schema\/logo\/image\/\"},\"sameAs\":[\"https:\/\/www.facebook.com\/portalcpnoticias\/\"]},{\"@type\":\"Person\",\"@id\":\"https:\/\/cleitonpinheiro.com.br\/site\/#\/schema\/person\/8f04544e0bc40a1b68775b08360f87db\",\"name\":\"Reda\u00e7\u00e3o CP\",\"image\":{\"@type\":\"ImageObject\",\"inLanguage\":\"pt-BR\",\"@id\":\"https:\/\/cleitonpinheiro.com.br\/site\/#\/schema\/person\/image\/\",\"url\":\"https:\/\/secure.gravatar.com\/avatar\/0bcf19cb29fdc8fc588c490c7ae1b3e174dac268586a63fbe1d1893a0f9020cd?s=96&r=g\",\"contentUrl\":\"https:\/\/secure.gravatar.com\/avatar\/0bcf19cb29fdc8fc588c490c7ae1b3e174dac268586a63fbe1d1893a0f9020cd?s=96&r=g\",\"caption\":\"Reda\u00e7\u00e3o CP\"},\"url\":\"https:\/\/cleitonpinheiro.com.br\/site\/author\/redacao\/\"}]}<\/script>\n<!-- \/ Yoast SEO plugin. -->","yoast_head_json":{"title":"Plano de vacina\u00e7\u00e3o contra gripe e covid-19 para o per\u00edodo de 14 a 18 de agosto em Palmas - PORTAL DE NOT\u00cdCIAS CLEITON PINHEIRO","robots":{"index":"index","follow":"follow","max-snippet":"max-snippet:-1","max-image-preview":"max-image-preview:large","max-video-preview":"max-video-preview:-1"},"canonical":"https:\/\/cleitonpinheiro.com.br\/site\/plano-de-vacinacao-contra-gripe-e-covid-19-para-o-periodo-de-14-a-18-de-agosto-em-palmas\/","og_locale":"pt_BR","og_type":"article","og_title":"Plano de vacina\u00e7\u00e3o contra gripe e covid-19 para o per\u00edodo de 14 a 18 de agosto em Palmas - PORTAL DE NOT\u00cdCIAS CLEITON PINHEIRO","og_description":"N\u00e3o haver\u00e1 vacina\u00e7\u00e3o nas unidades de USF Arno 33 (307 Norte), Arno 71 (603 Norte) e USF Laurides Milhomem","og_url":"https:\/\/cleitonpinheiro.com.br\/site\/plano-de-vacinacao-contra-gripe-e-covid-19-para-o-periodo-de-14-a-18-de-agosto-em-palmas\/","og_site_name":"PORTAL DE NOT\u00cdCIAS CLEITON PINHEIRO","article_publisher":"https:\/\/www.facebook.com\/portalcpnoticias\/","article_published_time":"2023-08-14T12:44:11+00:00","article_modified_time":"2023-08-14T12:44:14+00:00","og_image":[{"width":800,"height":520,"url":"https:\/\/cleitonpinheiro.com.br\/site\/wp-content\/uploads\/2023\/08\/cdcc4eb6-d457-4d48-8d50-60b12c5f8ab0.jpg","type":"image\/jpeg"}],"author":"Reda\u00e7\u00e3o CP","twitter_card":"summary_large_image","twitter_misc":{"Escrito por":"Reda\u00e7\u00e3o CP","Est. tempo de leitura":"4 minutos"},"schema":{"@context":"https:\/\/schema.org","@graph":[{"@type":"Article","@id":"https:\/\/cleitonpinheiro.com.br\/site\/plano-de-vacinacao-contra-gripe-e-covid-19-para-o-periodo-de-14-a-18-de-agosto-em-palmas\/#article","isPartOf":{"@id":"https:\/\/cleitonpinheiro.com.br\/site\/plano-de-vacinacao-contra-gripe-e-covid-19-para-o-periodo-de-14-a-18-de-agosto-em-palmas\/"},"author":{"name":"Reda\u00e7\u00e3o CP","@id":"https:\/\/cleitonpinheiro.com.br\/site\/#\/schema\/person\/8f04544e0bc40a1b68775b08360f87db"},"headline":"Plano de vacina\u00e7\u00e3o contra gripe e covid-19 para o per\u00edodo de 14 a 18 de agosto em Palmas","datePublished":"2023-08-14T12:44:11+00:00","dateModified":"2023-08-14T12:44:14+00:00","mainEntityOfPage":{"@id":"https:\/\/cleitonpinheiro.com.br\/site\/plano-de-vacinacao-contra-gripe-e-covid-19-para-o-periodo-de-14-a-18-de-agosto-em-palmas\/"},"wordCount":594,"commentCount":0,"publisher":{"@id":"https:\/\/cleitonpinheiro.com.br\/site\/#organization"},"image":{"@id":"https:\/\/cleitonpinheiro.com.br\/site\/plano-de-vacinacao-contra-gripe-e-covid-19-para-o-periodo-de-14-a-18-de-agosto-em-palmas\/#primaryimage"},"thumbnailUrl":"https:\/\/cleitonpinheiro.com.br\/site\/wp-content\/uploads\/2023\/08\/cdcc4eb6-d457-4d48-8d50-60b12c5f8ab0.jpg","keywords":["covid-19","gripe","Prefeitura de Palmas","Vacina\u00e7\u00e3o"],"articleSection":["CIDADES","MANCHETE SEGUND\u00c1RIA"],"inLanguage":"pt-BR","potentialAction":[{"@type":"CommentAction","name":"Comment","target":["https:\/\/cleitonpinheiro.com.br\/site\/plano-de-vacinacao-contra-gripe-e-covid-19-para-o-periodo-de-14-a-18-de-agosto-em-palmas\/#respond"]}]},{"@type":"WebPage","@id":"https:\/\/cleitonpinheiro.com.br\/site\/plano-de-vacinacao-contra-gripe-e-covid-19-para-o-periodo-de-14-a-18-de-agosto-em-palmas\/","url":"https:\/\/cleitonpinheiro.com.br\/site\/plano-de-vacinacao-contra-gripe-e-covid-19-para-o-periodo-de-14-a-18-de-agosto-em-palmas\/","name":"Plano de vacina\u00e7\u00e3o contra gripe e covid-19 para o per\u00edodo de 14 a 18 de agosto em Palmas - PORTAL DE NOT\u00cdCIAS CLEITON PINHEIRO","isPartOf":{"@id":"https:\/\/cleitonpinheiro.com.br\/site\/#website"},"primaryImageOfPage":{"@id":"https:\/\/cleitonpinheiro.com.br\/site\/plano-de-vacinacao-contra-gripe-e-covid-19-para-o-periodo-de-14-a-18-de-agosto-em-palmas\/#primaryimage"},"image":{"@id":"https:\/\/cleitonpinheiro.com.br\/site\/plano-de-vacinacao-contra-gripe-e-covid-19-para-o-periodo-de-14-a-18-de-agosto-em-palmas\/#primaryimage"},"thumbnailUrl":"https:\/\/cleitonpinheiro.com.br\/site\/wp-content\/uploads\/2023\/08\/cdcc4eb6-d457-4d48-8d50-60b12c5f8ab0.jpg","datePublished":"2023-08-14T12:44:11+00:00","dateModified":"2023-08-14T12:44:14+00:00","breadcrumb":{"@id":"https:\/\/cleitonpinheiro.com.br\/site\/plano-de-vacinacao-contra-gripe-e-covid-19-para-o-periodo-de-14-a-18-de-agosto-em-palmas\/#breadcrumb"},"inLanguage":"pt-BR","potentialAction":[{"@type":"ReadAction","target":["https:\/\/cleitonpinheiro.com.br\/site\/plano-de-vacinacao-contra-gripe-e-covid-19-para-o-periodo-de-14-a-18-de-agosto-em-palmas\/"]}]},{"@type":"ImageObject","inLanguage":"pt-BR","@id":"https:\/\/cleitonpinheiro.com.br\/site\/plano-de-vacinacao-contra-gripe-e-covid-19-para-o-periodo-de-14-a-18-de-agosto-em-palmas\/#primaryimage","url":"","contentUrl":""},{"@type":"BreadcrumbList","@id":"https:\/\/cleitonpinheiro.com.br\/site\/plano-de-vacinacao-contra-gripe-e-covid-19-para-o-periodo-de-14-a-18-de-agosto-em-palmas\/#breadcrumb","itemListElement":[{"@type":"ListItem","position":1,"name":"In\u00edcio","item":"https:\/\/cleitonpinheiro.com.br\/site\/"},{"@type":"ListItem","position":2,"name":"Plano de vacina\u00e7\u00e3o contra gripe e covid-19 para o per\u00edodo de 14 a 18 de agosto em Palmas"}]},{"@type":"WebSite","@id":"https:\/\/cleitonpinheiro.com.br\/site\/#website","url":"https:\/\/cleitonpinheiro.com.br\/site\/","name":"PORTAL DE NOT\u00cdCIAS CLEITON PINHEIRO","description":"FALANDO A VERDADE","publisher":{"@id":"https:\/\/cleitonpinheiro.com.br\/site\/#organization"},"potentialAction":[{"@type":"SearchAction","target":{"@type":"EntryPoint","urlTemplate":"https:\/\/cleitonpinheiro.com.br\/site\/?s={search_term_string}"},"query-input":{"@type":"PropertyValueSpecification","valueRequired":true,"valueName":"search_term_string"}}],"inLanguage":"pt-BR"},{"@type":"Organization","@id":"https:\/\/cleitonpinheiro.com.br\/site\/#organization","name":"CPNOT\u00cdCIAS","url":"https:\/\/cleitonpinheiro.com.br\/site\/","logo":{"@type":"ImageObject","inLanguage":"pt-BR","@id":"https:\/\/cleitonpinheiro.com.br\/site\/#\/schema\/logo\/image\/","url":"https:\/\/cleitonpinheiro.com.br\/site\/wp-content\/uploads\/2022\/08\/Logo-pequena-2.png","contentUrl":"https:\/\/cleitonpinheiro.com.br\/site\/wp-content\/uploads\/2022\/08\/Logo-pequena-2.png","width":500,"height":500,"caption":"CPNOT\u00cdCIAS"},"image":{"@id":"https:\/\/cleitonpinheiro.com.br\/site\/#\/schema\/logo\/image\/"},"sameAs":["https:\/\/www.facebook.com\/portalcpnoticias\/"]},{"@type":"Person","@id":"https:\/\/cleitonpinheiro.com.br\/site\/#\/schema\/person\/8f04544e0bc40a1b68775b08360f87db","name":"Reda\u00e7\u00e3o CP","image":{"@type":"ImageObject","inLanguage":"pt-BR","@id":"https:\/\/cleitonpinheiro.com.br\/site\/#\/schema\/person\/image\/","url":"https:\/\/secure.gravatar.com\/avatar\/0bcf19cb29fdc8fc588c490c7ae1b3e174dac268586a63fbe1d1893a0f9020cd?s=96&r=g","contentUrl":"https:\/\/secure.gravatar.com\/avatar\/0bcf19cb29fdc8fc588c490c7ae1b3e174dac268586a63fbe1d1893a0f9020cd?s=96&r=g","caption":"Reda\u00e7\u00e3o CP"},"url":"https:\/\/cleitonpinheiro.com.br\/site\/author\/redacao\/"}]}},"views":85,"_links":{"self":[{"href":"https:\/\/cleitonpinheiro.com.br\/site\/wp-json\/wp\/v2\/posts\/73407","targetHints":{"allow":["GET"]}}],"collection":[{"href":"https:\/\/cleitonpinheiro.com.br\/site\/wp-json\/wp\/v2\/posts"}],"about":[{"href":"https:\/\/cleitonpinheiro.com.br\/site\/wp-json\/wp\/v2\/types\/post"}],"author":[{"embeddable":true,"href":"https:\/\/cleitonpinheiro.com.br\/site\/wp-json\/wp\/v2\/users\/13"}],"replies":[{"embeddable":true,"href":"https:\/\/cleitonpinheiro.com.br\/site\/wp-json\/wp\/v2\/comments?post=73407"}],"version-history":[{"count":1,"href":"https:\/\/cleitonpinheiro.com.br\/site\/wp-json\/wp\/v2\/posts\/73407\/revisions"}],"predecessor-version":[{"id":73409,"href":"https:\/\/cleitonpinheiro.com.br\/site\/wp-json\/wp\/v2\/posts\/73407\/revisions\/73409"}],"wp:attachment":[{"href":"https:\/\/cleitonpinheiro.com.br\/site\/wp-json\/wp\/v2\/media?parent=73407"}],"wp:term":[{"taxonomy":"category","embeddable":true,"href":"https:\/\/cleitonpinheiro.com.br\/site\/wp-json\/wp\/v2\/categories?post=73407"},{"taxonomy":"post_tag","embeddable":true,"href":"https:\/\/cleitonpinheiro.com.br\/site\/wp-json\/wp\/v2\/tags?post=73407"}],"curies":[{"name":"wp","href":"https:\/\/api.w.org\/{rel}","templated":true}]}}