{"id":73410,"date":"2023-08-12T10:24:38","date_gmt":"2023-08-12T13:24:38","guid":{"rendered":"https:\/\/cleitonpinheiro.com.br\/site\/?p=73410"},"modified":"2023-08-12T10:24:41","modified_gmt":"2023-08-12T13:24:41","slug":"distrito-de-taquarucu-recebe-dia-d-de-sensibilizacao-sobre-queimadas-neste-sabado","status":"publish","type":"post","link":"https:\/\/cleitonpinheiro.com.br\/site\/distrito-de-taquarucu-recebe-dia-d-de-sensibilizacao-sobre-queimadas-neste-sabado\/","title":{"rendered":"Distrito de Taquaru\u00e7u recebe Dia D de sensibiliza\u00e7\u00e3o sobre queimadas neste s\u00e1bado"},"content":{"rendered":"\n<figure class=\"wp-block-image size-full\"><img decoding=\"async\" src=\"https:\/\/cleitonpinheiro.com.br\/site\/wp-content\/uploads\/2023\/08\/5099f583-9c36-45c0-9177-03a72f76a7de.jpg\" alt=\"\" class=\"wp-image-73411\"\/><figcaption class=\"wp-element-caption\">Dia D de Sensibiliza\u00e7\u00e3o e Preven\u00e7\u00e3o \u00e0s Queimadas tem o obejetivo de alertar popula\u00e7\u00e3o &#8211; Foto: Juliana Carneiro\/Prefeitura de Palmas<\/figcaption><\/figure>\n\n\n\n<p class=\"wp-block-paragraph\">Neste s\u00e1bado, 12, o Comit\u00ea Municipal de Preven\u00e7\u00e3o, Controle e Combate aos Inc\u00eandios Florestais e Urbanos (PrevInc\u00eandio), sob a coordena\u00e7\u00e3o da Funda\u00e7\u00e3o Municipal de Meio Ambiente (FMA) realiza o segundo Dia D&nbsp;de Sensibiliza\u00e7\u00e3o e Preven\u00e7\u00e3o \u00e0s Queimadas desta temporada, Distrito de Taquaru\u00e7u. At\u00e9 o final do m\u00eas de julho, o munic\u00edpio j\u00e1 contabilizava uma quantidade superior a 310 focos de queimadas. A inten\u00e7\u00e3o \u00e9 incentivar a popula\u00e7\u00e3o a reduzir estes n\u00fameros e at\u00e9 mesmo zerar este tipo de a\u00e7\u00e3o na Capital.<\/p>\n\n\n\n<p class=\"wp-block-paragraph\">O trabalho, conforme explicou a presidente do PrevInc\u00eandio e da FMA, Meire Carreira, consiste na visita, porta em porta, nas comunidades rurais de Palmas, levando informa\u00e7\u00f5es sobre a Portaria 101\/2023, do Instituto Natureza do Tocantins (Naturatins), publicada na&nbsp;<a href=\"https:\/\/doe.to.gov.br\/diario\/4940\/download\" target=\"_blank\" rel=\"noreferrer noopener\">edi\u00e7\u00e3o 6.369,<\/a>&nbsp;do Di\u00e1rio Oficial do Estado (DOE). O documento&nbsp;suspendeu at\u00e9 30 de outubro&nbsp;a emiss\u00e3o e a vig\u00eancia das autoriza\u00e7\u00f5es ambientais de queima controlada, visando evitar riscos de inc\u00eandios e queimadas descontroladas.<\/p>\n\n\n\n<p class=\"wp-block-paragraph\">Nestas visitas, as pessoas s\u00e3o orientadas sobre descarte correto de res\u00edduos, a exemplo da utiliza\u00e7\u00e3o de folhas e restos de poda para produ\u00e7\u00e3o de adubo org\u00e2nico. Os propriet\u00e1rios tamb\u00e9m s\u00e3o informados sobre os danos ambientais, especialmente \u00e0 fauna e \u00e0 flora, decorrentes das queimadas e sobre os malef\u00edcios que a pr\u00e1tica de usar o fogo pode trazer \u00e0 sa\u00fade, especialmente sobre os agravos de problemas respirat\u00f3rios.<\/p>\n\n\n\n<p class=\"wp-block-paragraph\">A a\u00e7\u00e3o do Dia D do pr\u00f3ximo s\u00e1bado ser\u00e1 realizada na zona rural do Distrito de Taquaru\u00e7u, Escola Crispim Pereira, das 8 \u00e0s 17 horas. O encontro dever\u00e1 contar com representantes&nbsp;da FMA, Defesa Civil de Palmas, Brigadistas do Munic\u00edpio, Guarda Metropolitana de Palmas (GMP), Secretaria Municipal de Sa\u00fade (Semus), Secretaria Municipal de Infraestrutura e Servi\u00e7os P\u00fablicos (Seisp), da Pol\u00edcia Militar do Tocantins (PMTO), Energisa, Ibama, Instituto Natureza do Tocantins (Naturatins) e Associa\u00e7\u00e3o \u00c1gua Doce.&nbsp;<\/p>\n","protected":false},"excerpt":{"rendered":"<p>A inten\u00e7\u00e3o \u00e9 incentivar a popula\u00e7\u00e3o a reduzir estes n\u00fameros e at\u00e9 mesmo zerar este tipo de a\u00e7\u00e3o na Capital.<\/p>\n","protected":false},"author":13,"featured_media":0,"comment_status":"open","ping_status":"open","sticky":false,"template":"","format":"standard","meta":{"_acf_changed":false,"footnotes":""},"categories":[22,898],"tags":[1132,720],"class_list":["post-73410","post","type-post","status-publish","format-standard","hentry","category-cidades","category-manchete-segundaria","tag-combate-a-queimadas","tag-prefeitura-de-palmas"],"acf":[],"yoast_head":"<!-- This site is optimized with the Yoast SEO plugin v24.4 - https:\/\/yoast.com\/wordpress\/plugins\/seo\/ -->\n<title>Distrito de Taquaru\u00e7u recebe Dia D de sensibiliza\u00e7\u00e3o sobre queimadas neste s\u00e1bado - PORTAL DE NOT\u00cdCIAS CLEITON PINHEIRO<\/title>\n<meta name=\"robots\" content=\"index, follow, max-snippet:-1, max-image-preview:large, max-video-preview:-1\" \/>\n<link rel=\"canonical\" href=\"https:\/\/cleitonpinheiro.com.br\/site\/distrito-de-taquarucu-recebe-dia-d-de-sensibilizacao-sobre-queimadas-neste-sabado\/\" \/>\n<meta property=\"og:locale\" content=\"pt_BR\" \/>\n<meta property=\"og:type\" content=\"article\" \/>\n<meta property=\"og:title\" content=\"Distrito de Taquaru\u00e7u recebe Dia D de sensibiliza\u00e7\u00e3o sobre queimadas neste s\u00e1bado - PORTAL DE NOT\u00cdCIAS CLEITON PINHEIRO\" \/>\n<meta property=\"og:description\" content=\"A inten\u00e7\u00e3o \u00e9 incentivar a popula\u00e7\u00e3o a reduzir estes n\u00fameros e at\u00e9 mesmo zerar este tipo de a\u00e7\u00e3o na Capital.\" \/>\n<meta property=\"og:url\" content=\"https:\/\/cleitonpinheiro.com.br\/site\/distrito-de-taquarucu-recebe-dia-d-de-sensibilizacao-sobre-queimadas-neste-sabado\/\" \/>\n<meta property=\"og:site_name\" content=\"PORTAL DE NOT\u00cdCIAS CLEITON PINHEIRO\" \/>\n<meta property=\"article:publisher\" content=\"https:\/\/www.facebook.com\/portalcpnoticias\/\" \/>\n<meta property=\"article:published_time\" content=\"2023-08-12T13:24:38+00:00\" \/>\n<meta property=\"article:modified_time\" content=\"2023-08-12T13:24:41+00:00\" \/>\n<meta property=\"og:image\" content=\"https:\/\/cleitonpinheiro.com.br\/site\/wp-content\/uploads\/2023\/08\/5099f583-9c36-45c0-9177-03a72f76a7de.jpg\" \/>\n\t<meta property=\"og:image:width\" content=\"800\" \/>\n\t<meta property=\"og:image:height\" content=\"533\" \/>\n\t<meta property=\"og:image:type\" content=\"image\/jpeg\" \/>\n<meta name=\"author\" content=\"Reda\u00e7\u00e3o CP\" \/>\n<meta name=\"twitter:card\" content=\"summary_large_image\" \/>\n<meta name=\"twitter:label1\" content=\"Escrito por\" \/>\n\t<meta name=\"twitter:data1\" content=\"Reda\u00e7\u00e3o CP\" \/>\n\t<meta name=\"twitter:label2\" content=\"Est. tempo de leitura\" \/>\n\t<meta name=\"twitter:data2\" content=\"2 minutos\" \/>\n<script type=\"application\/ld+json\" class=\"yoast-schema-graph\">{\"@context\":\"https:\/\/schema.org\",\"@graph\":[{\"@type\":\"Article\",\"@id\":\"https:\/\/cleitonpinheiro.com.br\/site\/distrito-de-taquarucu-recebe-dia-d-de-sensibilizacao-sobre-queimadas-neste-sabado\/#article\",\"isPartOf\":{\"@id\":\"https:\/\/cleitonpinheiro.com.br\/site\/distrito-de-taquarucu-recebe-dia-d-de-sensibilizacao-sobre-queimadas-neste-sabado\/\"},\"author\":{\"name\":\"Reda\u00e7\u00e3o CP\",\"@id\":\"https:\/\/cleitonpinheiro.com.br\/site\/#\/schema\/person\/8f04544e0bc40a1b68775b08360f87db\"},\"headline\":\"Distrito de Taquaru\u00e7u recebe Dia D de sensibiliza\u00e7\u00e3o sobre queimadas neste s\u00e1bado\",\"datePublished\":\"2023-08-12T13:24:38+00:00\",\"dateModified\":\"2023-08-12T13:24:41+00:00\",\"mainEntityOfPage\":{\"@id\":\"https:\/\/cleitonpinheiro.com.br\/site\/distrito-de-taquarucu-recebe-dia-d-de-sensibilizacao-sobre-queimadas-neste-sabado\/\"},\"wordCount\":375,\"commentCount\":0,\"publisher\":{\"@id\":\"https:\/\/cleitonpinheiro.com.br\/site\/#organization\"},\"image\":{\"@id\":\"https:\/\/cleitonpinheiro.com.br\/site\/distrito-de-taquarucu-recebe-dia-d-de-sensibilizacao-sobre-queimadas-neste-sabado\/#primaryimage\"},\"thumbnailUrl\":\"https:\/\/cleitonpinheiro.com.br\/site\/wp-content\/uploads\/2023\/08\/5099f583-9c36-45c0-9177-03a72f76a7de.jpg\",\"keywords\":[\"Combate a queimadas\",\"Prefeitura de Palmas\"],\"articleSection\":[\"CIDADES\",\"MANCHETE SEGUND\u00c1RIA\"],\"inLanguage\":\"pt-BR\",\"potentialAction\":[{\"@type\":\"CommentAction\",\"name\":\"Comment\",\"target\":[\"https:\/\/cleitonpinheiro.com.br\/site\/distrito-de-taquarucu-recebe-dia-d-de-sensibilizacao-sobre-queimadas-neste-sabado\/#respond\"]}]},{\"@type\":\"WebPage\",\"@id\":\"https:\/\/cleitonpinheiro.com.br\/site\/distrito-de-taquarucu-recebe-dia-d-de-sensibilizacao-sobre-queimadas-neste-sabado\/\",\"url\":\"https:\/\/cleitonpinheiro.com.br\/site\/distrito-de-taquarucu-recebe-dia-d-de-sensibilizacao-sobre-queimadas-neste-sabado\/\",\"name\":\"Distrito de Taquaru\u00e7u recebe Dia D de sensibiliza\u00e7\u00e3o sobre queimadas neste s\u00e1bado - PORTAL DE NOT\u00cdCIAS CLEITON PINHEIRO\",\"isPartOf\":{\"@id\":\"https:\/\/cleitonpinheiro.com.br\/site\/#website\"},\"primaryImageOfPage\":{\"@id\":\"https:\/\/cleitonpinheiro.com.br\/site\/distrito-de-taquarucu-recebe-dia-d-de-sensibilizacao-sobre-queimadas-neste-sabado\/#primaryimage\"},\"image\":{\"@id\":\"https:\/\/cleitonpinheiro.com.br\/site\/distrito-de-taquarucu-recebe-dia-d-de-sensibilizacao-sobre-queimadas-neste-sabado\/#primaryimage\"},\"thumbnailUrl\":\"https:\/\/cleitonpinheiro.com.br\/site\/wp-content\/uploads\/2023\/08\/5099f583-9c36-45c0-9177-03a72f76a7de.jpg\",\"datePublished\":\"2023-08-12T13:24:38+00:00\",\"dateModified\":\"2023-08-12T13:24:41+00:00\",\"breadcrumb\":{\"@id\":\"https:\/\/cleitonpinheiro.com.br\/site\/distrito-de-taquarucu-recebe-dia-d-de-sensibilizacao-sobre-queimadas-neste-sabado\/#breadcrumb\"},\"inLanguage\":\"pt-BR\",\"potentialAction\":[{\"@type\":\"ReadAction\",\"target\":[\"https:\/\/cleitonpinheiro.com.br\/site\/distrito-de-taquarucu-recebe-dia-d-de-sensibilizacao-sobre-queimadas-neste-sabado\/\"]}]},{\"@type\":\"ImageObject\",\"inLanguage\":\"pt-BR\",\"@id\":\"https:\/\/cleitonpinheiro.com.br\/site\/distrito-de-taquarucu-recebe-dia-d-de-sensibilizacao-sobre-queimadas-neste-sabado\/#primaryimage\",\"url\":\"\",\"contentUrl\":\"\"},{\"@type\":\"BreadcrumbList\",\"@id\":\"https:\/\/cleitonpinheiro.com.br\/site\/distrito-de-taquarucu-recebe-dia-d-de-sensibilizacao-sobre-queimadas-neste-sabado\/#breadcrumb\",\"itemListElement\":[{\"@type\":\"ListItem\",\"position\":1,\"name\":\"In\u00edcio\",\"item\":\"https:\/\/cleitonpinheiro.com.br\/site\/\"},{\"@type\":\"ListItem\",\"position\":2,\"name\":\"Distrito de Taquaru\u00e7u recebe Dia D de sensibiliza\u00e7\u00e3o sobre queimadas neste s\u00e1bado\"}]},{\"@type\":\"WebSite\",\"@id\":\"https:\/\/cleitonpinheiro.com.br\/site\/#website\",\"url\":\"https:\/\/cleitonpinheiro.com.br\/site\/\",\"name\":\"PORTAL DE NOT\u00cdCIAS CLEITON PINHEIRO\",\"description\":\"FALANDO A VERDADE\",\"publisher\":{\"@id\":\"https:\/\/cleitonpinheiro.com.br\/site\/#organization\"},\"potentialAction\":[{\"@type\":\"SearchAction\",\"target\":{\"@type\":\"EntryPoint\",\"urlTemplate\":\"https:\/\/cleitonpinheiro.com.br\/site\/?s={search_term_string}\"},\"query-input\":{\"@type\":\"PropertyValueSpecification\",\"valueRequired\":true,\"valueName\":\"search_term_string\"}}],\"inLanguage\":\"pt-BR\"},{\"@type\":\"Organization\",\"@id\":\"https:\/\/cleitonpinheiro.com.br\/site\/#organization\",\"name\":\"CPNOT\u00cdCIAS\",\"url\":\"https:\/\/cleitonpinheiro.com.br\/site\/\",\"logo\":{\"@type\":\"ImageObject\",\"inLanguage\":\"pt-BR\",\"@id\":\"https:\/\/cleitonpinheiro.com.br\/site\/#\/schema\/logo\/image\/\",\"url\":\"https:\/\/cleitonpinheiro.com.br\/site\/wp-content\/uploads\/2022\/08\/Logo-pequena-2.png\",\"contentUrl\":\"https:\/\/cleitonpinheiro.com.br\/site\/wp-content\/uploads\/2022\/08\/Logo-pequena-2.png\",\"width\":500,\"height\":500,\"caption\":\"CPNOT\u00cdCIAS\"},\"image\":{\"@id\":\"https:\/\/cleitonpinheiro.com.br\/site\/#\/schema\/logo\/image\/\"},\"sameAs\":[\"https:\/\/www.facebook.com\/portalcpnoticias\/\"]},{\"@type\":\"Person\",\"@id\":\"https:\/\/cleitonpinheiro.com.br\/site\/#\/schema\/person\/8f04544e0bc40a1b68775b08360f87db\",\"name\":\"Reda\u00e7\u00e3o CP\",\"image\":{\"@type\":\"ImageObject\",\"inLanguage\":\"pt-BR\",\"@id\":\"https:\/\/cleitonpinheiro.com.br\/site\/#\/schema\/person\/image\/\",\"url\":\"https:\/\/secure.gravatar.com\/avatar\/0bcf19cb29fdc8fc588c490c7ae1b3e174dac268586a63fbe1d1893a0f9020cd?s=96&r=g\",\"contentUrl\":\"https:\/\/secure.gravatar.com\/avatar\/0bcf19cb29fdc8fc588c490c7ae1b3e174dac268586a63fbe1d1893a0f9020cd?s=96&r=g\",\"caption\":\"Reda\u00e7\u00e3o CP\"},\"url\":\"https:\/\/cleitonpinheiro.com.br\/site\/author\/redacao\/\"}]}<\/script>\n<!-- \/ Yoast SEO plugin. -->","yoast_head_json":{"title":"Distrito de Taquaru\u00e7u recebe Dia D de sensibiliza\u00e7\u00e3o sobre queimadas neste s\u00e1bado - PORTAL DE NOT\u00cdCIAS CLEITON PINHEIRO","robots":{"index":"index","follow":"follow","max-snippet":"max-snippet:-1","max-image-preview":"max-image-preview:large","max-video-preview":"max-video-preview:-1"},"canonical":"https:\/\/cleitonpinheiro.com.br\/site\/distrito-de-taquarucu-recebe-dia-d-de-sensibilizacao-sobre-queimadas-neste-sabado\/","og_locale":"pt_BR","og_type":"article","og_title":"Distrito de Taquaru\u00e7u recebe Dia D de sensibiliza\u00e7\u00e3o sobre queimadas neste s\u00e1bado - PORTAL DE NOT\u00cdCIAS CLEITON PINHEIRO","og_description":"A inten\u00e7\u00e3o \u00e9 incentivar a popula\u00e7\u00e3o a reduzir estes n\u00fameros e at\u00e9 mesmo zerar este tipo de a\u00e7\u00e3o na Capital.","og_url":"https:\/\/cleitonpinheiro.com.br\/site\/distrito-de-taquarucu-recebe-dia-d-de-sensibilizacao-sobre-queimadas-neste-sabado\/","og_site_name":"PORTAL DE NOT\u00cdCIAS CLEITON PINHEIRO","article_publisher":"https:\/\/www.facebook.com\/portalcpnoticias\/","article_published_time":"2023-08-12T13:24:38+00:00","article_modified_time":"2023-08-12T13:24:41+00:00","og_image":[{"width":800,"height":533,"url":"https:\/\/cleitonpinheiro.com.br\/site\/wp-content\/uploads\/2023\/08\/5099f583-9c36-45c0-9177-03a72f76a7de.jpg","type":"image\/jpeg"}],"author":"Reda\u00e7\u00e3o CP","twitter_card":"summary_large_image","twitter_misc":{"Escrito por":"Reda\u00e7\u00e3o CP","Est. tempo de leitura":"2 minutos"},"schema":{"@context":"https:\/\/schema.org","@graph":[{"@type":"Article","@id":"https:\/\/cleitonpinheiro.com.br\/site\/distrito-de-taquarucu-recebe-dia-d-de-sensibilizacao-sobre-queimadas-neste-sabado\/#article","isPartOf":{"@id":"https:\/\/cleitonpinheiro.com.br\/site\/distrito-de-taquarucu-recebe-dia-d-de-sensibilizacao-sobre-queimadas-neste-sabado\/"},"author":{"name":"Reda\u00e7\u00e3o CP","@id":"https:\/\/cleitonpinheiro.com.br\/site\/#\/schema\/person\/8f04544e0bc40a1b68775b08360f87db"},"headline":"Distrito de Taquaru\u00e7u recebe Dia D de sensibiliza\u00e7\u00e3o sobre queimadas neste s\u00e1bado","datePublished":"2023-08-12T13:24:38+00:00","dateModified":"2023-08-12T13:24:41+00:00","mainEntityOfPage":{"@id":"https:\/\/cleitonpinheiro.com.br\/site\/distrito-de-taquarucu-recebe-dia-d-de-sensibilizacao-sobre-queimadas-neste-sabado\/"},"wordCount":375,"commentCount":0,"publisher":{"@id":"https:\/\/cleitonpinheiro.com.br\/site\/#organization"},"image":{"@id":"https:\/\/cleitonpinheiro.com.br\/site\/distrito-de-taquarucu-recebe-dia-d-de-sensibilizacao-sobre-queimadas-neste-sabado\/#primaryimage"},"thumbnailUrl":"https:\/\/cleitonpinheiro.com.br\/site\/wp-content\/uploads\/2023\/08\/5099f583-9c36-45c0-9177-03a72f76a7de.jpg","keywords":["Combate a queimadas","Prefeitura de Palmas"],"articleSection":["CIDADES","MANCHETE SEGUND\u00c1RIA"],"inLanguage":"pt-BR","potentialAction":[{"@type":"CommentAction","name":"Comment","target":["https:\/\/cleitonpinheiro.com.br\/site\/distrito-de-taquarucu-recebe-dia-d-de-sensibilizacao-sobre-queimadas-neste-sabado\/#respond"]}]},{"@type":"WebPage","@id":"https:\/\/cleitonpinheiro.com.br\/site\/distrito-de-taquarucu-recebe-dia-d-de-sensibilizacao-sobre-queimadas-neste-sabado\/","url":"https:\/\/cleitonpinheiro.com.br\/site\/distrito-de-taquarucu-recebe-dia-d-de-sensibilizacao-sobre-queimadas-neste-sabado\/","name":"Distrito de Taquaru\u00e7u recebe Dia D de sensibiliza\u00e7\u00e3o sobre queimadas neste s\u00e1bado - PORTAL DE NOT\u00cdCIAS CLEITON PINHEIRO","isPartOf":{"@id":"https:\/\/cleitonpinheiro.com.br\/site\/#website"},"primaryImageOfPage":{"@id":"https:\/\/cleitonpinheiro.com.br\/site\/distrito-de-taquarucu-recebe-dia-d-de-sensibilizacao-sobre-queimadas-neste-sabado\/#primaryimage"},"image":{"@id":"https:\/\/cleitonpinheiro.com.br\/site\/distrito-de-taquarucu-recebe-dia-d-de-sensibilizacao-sobre-queimadas-neste-sabado\/#primaryimage"},"thumbnailUrl":"https:\/\/cleitonpinheiro.com.br\/site\/wp-content\/uploads\/2023\/08\/5099f583-9c36-45c0-9177-03a72f76a7de.jpg","datePublished":"2023-08-12T13:24:38+00:00","dateModified":"2023-08-12T13:24:41+00:00","breadcrumb":{"@id":"https:\/\/cleitonpinheiro.com.br\/site\/distrito-de-taquarucu-recebe-dia-d-de-sensibilizacao-sobre-queimadas-neste-sabado\/#breadcrumb"},"inLanguage":"pt-BR","potentialAction":[{"@type":"ReadAction","target":["https:\/\/cleitonpinheiro.com.br\/site\/distrito-de-taquarucu-recebe-dia-d-de-sensibilizacao-sobre-queimadas-neste-sabado\/"]}]},{"@type":"ImageObject","inLanguage":"pt-BR","@id":"https:\/\/cleitonpinheiro.com.br\/site\/distrito-de-taquarucu-recebe-dia-d-de-sensibilizacao-sobre-queimadas-neste-sabado\/#primaryimage","url":"","contentUrl":""},{"@type":"BreadcrumbList","@id":"https:\/\/cleitonpinheiro.com.br\/site\/distrito-de-taquarucu-recebe-dia-d-de-sensibilizacao-sobre-queimadas-neste-sabado\/#breadcrumb","itemListElement":[{"@type":"ListItem","position":1,"name":"In\u00edcio","item":"https:\/\/cleitonpinheiro.com.br\/site\/"},{"@type":"ListItem","position":2,"name":"Distrito de Taquaru\u00e7u recebe Dia D de sensibiliza\u00e7\u00e3o sobre queimadas neste s\u00e1bado"}]},{"@type":"WebSite","@id":"https:\/\/cleitonpinheiro.com.br\/site\/#website","url":"https:\/\/cleitonpinheiro.com.br\/site\/","name":"PORTAL DE NOT\u00cdCIAS CLEITON PINHEIRO","description":"FALANDO A VERDADE","publisher":{"@id":"https:\/\/cleitonpinheiro.com.br\/site\/#organization"},"potentialAction":[{"@type":"SearchAction","target":{"@type":"EntryPoint","urlTemplate":"https:\/\/cleitonpinheiro.com.br\/site\/?s={search_term_string}"},"query-input":{"@type":"PropertyValueSpecification","valueRequired":true,"valueName":"search_term_string"}}],"inLanguage":"pt-BR"},{"@type":"Organization","@id":"https:\/\/cleitonpinheiro.com.br\/site\/#organization","name":"CPNOT\u00cdCIAS","url":"https:\/\/cleitonpinheiro.com.br\/site\/","logo":{"@type":"ImageObject","inLanguage":"pt-BR","@id":"https:\/\/cleitonpinheiro.com.br\/site\/#\/schema\/logo\/image\/","url":"https:\/\/cleitonpinheiro.com.br\/site\/wp-content\/uploads\/2022\/08\/Logo-pequena-2.png","contentUrl":"https:\/\/cleitonpinheiro.com.br\/site\/wp-content\/uploads\/2022\/08\/Logo-pequena-2.png","width":500,"height":500,"caption":"CPNOT\u00cdCIAS"},"image":{"@id":"https:\/\/cleitonpinheiro.com.br\/site\/#\/schema\/logo\/image\/"},"sameAs":["https:\/\/www.facebook.com\/portalcpnoticias\/"]},{"@type":"Person","@id":"https:\/\/cleitonpinheiro.com.br\/site\/#\/schema\/person\/8f04544e0bc40a1b68775b08360f87db","name":"Reda\u00e7\u00e3o CP","image":{"@type":"ImageObject","inLanguage":"pt-BR","@id":"https:\/\/cleitonpinheiro.com.br\/site\/#\/schema\/person\/image\/","url":"https:\/\/secure.gravatar.com\/avatar\/0bcf19cb29fdc8fc588c490c7ae1b3e174dac268586a63fbe1d1893a0f9020cd?s=96&r=g","contentUrl":"https:\/\/secure.gravatar.com\/avatar\/0bcf19cb29fdc8fc588c490c7ae1b3e174dac268586a63fbe1d1893a0f9020cd?s=96&r=g","caption":"Reda\u00e7\u00e3o CP"},"url":"https:\/\/cleitonpinheiro.com.br\/site\/author\/redacao\/"}]}},"views":149,"_links":{"self":[{"href":"https:\/\/cleitonpinheiro.com.br\/site\/wp-json\/wp\/v2\/posts\/73410","targetHints":{"allow":["GET"]}}],"collection":[{"href":"https:\/\/cleitonpinheiro.com.br\/site\/wp-json\/wp\/v2\/posts"}],"about":[{"href":"https:\/\/cleitonpinheiro.com.br\/site\/wp-json\/wp\/v2\/types\/post"}],"author":[{"embeddable":true,"href":"https:\/\/cleitonpinheiro.com.br\/site\/wp-json\/wp\/v2\/users\/13"}],"replies":[{"embeddable":true,"href":"https:\/\/cleitonpinheiro.com.br\/site\/wp-json\/wp\/v2\/comments?post=73410"}],"version-history":[{"count":1,"href":"https:\/\/cleitonpinheiro.com.br\/site\/wp-json\/wp\/v2\/posts\/73410\/revisions"}],"predecessor-version":[{"id":73413,"href":"https:\/\/cleitonpinheiro.com.br\/site\/wp-json\/wp\/v2\/posts\/73410\/revisions\/73413"}],"wp:attachment":[{"href":"https:\/\/cleitonpinheiro.com.br\/site\/wp-json\/wp\/v2\/media?parent=73410"}],"wp:term":[{"taxonomy":"category","embeddable":true,"href":"https:\/\/cleitonpinheiro.com.br\/site\/wp-json\/wp\/v2\/categories?post=73410"},{"taxonomy":"post_tag","embeddable":true,"href":"https:\/\/cleitonpinheiro.com.br\/site\/wp-json\/wp\/v2\/tags?post=73410"}],"curies":[{"name":"wp","href":"https:\/\/api.w.org\/{rel}","templated":true}]}}