{"id":73416,"date":"2023-08-12T10:29:29","date_gmt":"2023-08-12T13:29:29","guid":{"rendered":"https:\/\/cleitonpinheiro.com.br\/site\/?p=73416"},"modified":"2023-08-12T10:30:02","modified_gmt":"2023-08-12T13:30:02","slug":"semus-realiza-dia-de-imunizacao-na-feira-da-arno-33-no-proximo-domingo-13","status":"publish","type":"post","link":"https:\/\/cleitonpinheiro.com.br\/site\/semus-realiza-dia-de-imunizacao-na-feira-da-arno-33-no-proximo-domingo-13\/","title":{"rendered":"Semus realiza dia de imuniza\u00e7\u00e3o na Feira da Arno 33 no pr\u00f3ximo domingo, 13"},"content":{"rendered":"\n<figure class=\"wp-block-image size-full\"><img decoding=\"async\" src=\"https:\/\/cleitonpinheiro.com.br\/site\/wp-content\/uploads\/2023\/08\/b4570f91-b3df-49ea-a80c-e471e1997425.jpg\" alt=\"\" class=\"wp-image-73417\"\/><figcaption class=\"wp-element-caption\">Para se vacinar \u00e9 necess\u00e1rio levar documentos pessoais e o cart\u00e3o de vacina &#8211; Foto: Ra\u00edza Milhomem\/Prefeitura de Palmas<\/figcaption><\/figure>\n\n\n\n<p class=\"wp-block-paragraph\">A Secretaria Municipal de Sa\u00fade de Palmas (Semus) promover\u00e1 no pr\u00f3ximo domingo, 13, a\u00e7\u00e3o na Feira da Arno 33 (307 Norte), visando oferecer \u00e0 popula\u00e7\u00e3o vacinas contra a covid-19 e influenza, das 8 \u00e0s 12 horas.\u00a0<\/p>\n\n\n\n<p class=\"wp-block-paragraph\">A Semus ressalta que \u00e9 de grande import\u00e2ncia que os moradores participem dessa iniciativa para manterem seu registro de vacina atualizado e ajudarem na preven\u00e7\u00e3o dessas doen\u00e7as.<\/p>\n\n\n\n<p class=\"wp-block-paragraph\">As pessoas poder\u00e3o receber as duas vacinas, que estar\u00e3o dispon\u00edveis para todos que tiverem acima de seis meses de vida. Para se vacinar, \u00e9 necess\u00e1rio comparecer ao local, no hor\u00e1rio descrito, com documentos pessoais e o cart\u00e3o de vacina.<\/p>\n","protected":false},"excerpt":{"rendered":"<p>Semus ressalta que \u00e9 de grande import\u00e2ncia que os moradores participem dessa iniciativa para manterem seu registro de vacina atualizado e ajudarem na preven\u00e7\u00e3o dessas doen\u00e7as<\/p>\n","protected":false},"author":13,"featured_media":0,"comment_status":"open","ping_status":"open","sticky":false,"template":"","format":"standard","meta":{"_acf_changed":false,"footnotes":""},"categories":[22,898],"tags":[959],"class_list":["post-73416","post","type-post","status-publish","format-standard","hentry","category-cidades","category-manchete-segundaria","tag-vacinacao"],"acf":[],"yoast_head":"<!-- This site is optimized with the Yoast SEO plugin v24.4 - https:\/\/yoast.com\/wordpress\/plugins\/seo\/ -->\n<title>Semus realiza dia de imuniza\u00e7\u00e3o na Feira da Arno 33 no pr\u00f3ximo domingo, 13 - PORTAL DE NOT\u00cdCIAS CLEITON PINHEIRO<\/title>\n<meta name=\"robots\" content=\"index, follow, max-snippet:-1, max-image-preview:large, max-video-preview:-1\" \/>\n<link rel=\"canonical\" href=\"https:\/\/cleitonpinheiro.com.br\/site\/semus-realiza-dia-de-imunizacao-na-feira-da-arno-33-no-proximo-domingo-13\/\" \/>\n<meta property=\"og:locale\" content=\"pt_BR\" \/>\n<meta property=\"og:type\" content=\"article\" \/>\n<meta property=\"og:title\" content=\"Semus realiza dia de imuniza\u00e7\u00e3o na Feira da Arno 33 no pr\u00f3ximo domingo, 13 - PORTAL DE NOT\u00cdCIAS CLEITON PINHEIRO\" \/>\n<meta property=\"og:description\" content=\"Semus ressalta que \u00e9 de grande import\u00e2ncia que os moradores participem dessa iniciativa para manterem seu registro de vacina atualizado e ajudarem na preven\u00e7\u00e3o dessas doen\u00e7as\" \/>\n<meta property=\"og:url\" content=\"https:\/\/cleitonpinheiro.com.br\/site\/semus-realiza-dia-de-imunizacao-na-feira-da-arno-33-no-proximo-domingo-13\/\" \/>\n<meta property=\"og:site_name\" content=\"PORTAL DE NOT\u00cdCIAS CLEITON PINHEIRO\" \/>\n<meta property=\"article:publisher\" content=\"https:\/\/www.facebook.com\/portalcpnoticias\/\" \/>\n<meta property=\"article:published_time\" content=\"2023-08-12T13:29:29+00:00\" \/>\n<meta property=\"article:modified_time\" content=\"2023-08-12T13:30:02+00:00\" \/>\n<meta property=\"og:image\" content=\"https:\/\/cleitonpinheiro.com.br\/site\/wp-content\/uploads\/2023\/08\/b4570f91-b3df-49ea-a80c-e471e1997425.jpg\" \/>\n\t<meta property=\"og:image:width\" content=\"800\" \/>\n\t<meta property=\"og:image:height\" content=\"463\" \/>\n\t<meta property=\"og:image:type\" content=\"image\/jpeg\" \/>\n<meta name=\"author\" content=\"Reda\u00e7\u00e3o CP\" \/>\n<meta name=\"twitter:card\" content=\"summary_large_image\" \/>\n<meta name=\"twitter:label1\" content=\"Escrito por\" \/>\n\t<meta name=\"twitter:data1\" content=\"Reda\u00e7\u00e3o CP\" \/>\n\t<meta name=\"twitter:label2\" content=\"Est. tempo de leitura\" \/>\n\t<meta name=\"twitter:data2\" content=\"1 minuto\" \/>\n<script type=\"application\/ld+json\" class=\"yoast-schema-graph\">{\"@context\":\"https:\/\/schema.org\",\"@graph\":[{\"@type\":\"Article\",\"@id\":\"https:\/\/cleitonpinheiro.com.br\/site\/semus-realiza-dia-de-imunizacao-na-feira-da-arno-33-no-proximo-domingo-13\/#article\",\"isPartOf\":{\"@id\":\"https:\/\/cleitonpinheiro.com.br\/site\/semus-realiza-dia-de-imunizacao-na-feira-da-arno-33-no-proximo-domingo-13\/\"},\"author\":{\"name\":\"Reda\u00e7\u00e3o CP\",\"@id\":\"https:\/\/cleitonpinheiro.com.br\/site\/#\/schema\/person\/8f04544e0bc40a1b68775b08360f87db\"},\"headline\":\"Semus realiza dia de imuniza\u00e7\u00e3o na Feira da Arno 33 no pr\u00f3ximo domingo, 13\",\"datePublished\":\"2023-08-12T13:29:29+00:00\",\"dateModified\":\"2023-08-12T13:30:02+00:00\",\"mainEntityOfPage\":{\"@id\":\"https:\/\/cleitonpinheiro.com.br\/site\/semus-realiza-dia-de-imunizacao-na-feira-da-arno-33-no-proximo-domingo-13\/\"},\"wordCount\":143,\"commentCount\":0,\"publisher\":{\"@id\":\"https:\/\/cleitonpinheiro.com.br\/site\/#organization\"},\"image\":{\"@id\":\"https:\/\/cleitonpinheiro.com.br\/site\/semus-realiza-dia-de-imunizacao-na-feira-da-arno-33-no-proximo-domingo-13\/#primaryimage\"},\"thumbnailUrl\":\"https:\/\/cleitonpinheiro.com.br\/site\/wp-content\/uploads\/2023\/08\/b4570f91-b3df-49ea-a80c-e471e1997425.jpg\",\"keywords\":[\"Vacina\u00e7\u00e3o\"],\"articleSection\":[\"CIDADES\",\"MANCHETE SEGUND\u00c1RIA\"],\"inLanguage\":\"pt-BR\",\"potentialAction\":[{\"@type\":\"CommentAction\",\"name\":\"Comment\",\"target\":[\"https:\/\/cleitonpinheiro.com.br\/site\/semus-realiza-dia-de-imunizacao-na-feira-da-arno-33-no-proximo-domingo-13\/#respond\"]}]},{\"@type\":\"WebPage\",\"@id\":\"https:\/\/cleitonpinheiro.com.br\/site\/semus-realiza-dia-de-imunizacao-na-feira-da-arno-33-no-proximo-domingo-13\/\",\"url\":\"https:\/\/cleitonpinheiro.com.br\/site\/semus-realiza-dia-de-imunizacao-na-feira-da-arno-33-no-proximo-domingo-13\/\",\"name\":\"Semus realiza dia de imuniza\u00e7\u00e3o na Feira da Arno 33 no pr\u00f3ximo domingo, 13 - PORTAL DE NOT\u00cdCIAS CLEITON PINHEIRO\",\"isPartOf\":{\"@id\":\"https:\/\/cleitonpinheiro.com.br\/site\/#website\"},\"primaryImageOfPage\":{\"@id\":\"https:\/\/cleitonpinheiro.com.br\/site\/semus-realiza-dia-de-imunizacao-na-feira-da-arno-33-no-proximo-domingo-13\/#primaryimage\"},\"image\":{\"@id\":\"https:\/\/cleitonpinheiro.com.br\/site\/semus-realiza-dia-de-imunizacao-na-feira-da-arno-33-no-proximo-domingo-13\/#primaryimage\"},\"thumbnailUrl\":\"https:\/\/cleitonpinheiro.com.br\/site\/wp-content\/uploads\/2023\/08\/b4570f91-b3df-49ea-a80c-e471e1997425.jpg\",\"datePublished\":\"2023-08-12T13:29:29+00:00\",\"dateModified\":\"2023-08-12T13:30:02+00:00\",\"breadcrumb\":{\"@id\":\"https:\/\/cleitonpinheiro.com.br\/site\/semus-realiza-dia-de-imunizacao-na-feira-da-arno-33-no-proximo-domingo-13\/#breadcrumb\"},\"inLanguage\":\"pt-BR\",\"potentialAction\":[{\"@type\":\"ReadAction\",\"target\":[\"https:\/\/cleitonpinheiro.com.br\/site\/semus-realiza-dia-de-imunizacao-na-feira-da-arno-33-no-proximo-domingo-13\/\"]}]},{\"@type\":\"ImageObject\",\"inLanguage\":\"pt-BR\",\"@id\":\"https:\/\/cleitonpinheiro.com.br\/site\/semus-realiza-dia-de-imunizacao-na-feira-da-arno-33-no-proximo-domingo-13\/#primaryimage\",\"url\":\"\",\"contentUrl\":\"\"},{\"@type\":\"BreadcrumbList\",\"@id\":\"https:\/\/cleitonpinheiro.com.br\/site\/semus-realiza-dia-de-imunizacao-na-feira-da-arno-33-no-proximo-domingo-13\/#breadcrumb\",\"itemListElement\":[{\"@type\":\"ListItem\",\"position\":1,\"name\":\"In\u00edcio\",\"item\":\"https:\/\/cleitonpinheiro.com.br\/site\/\"},{\"@type\":\"ListItem\",\"position\":2,\"name\":\"Semus realiza dia de imuniza\u00e7\u00e3o na Feira da Arno 33 no pr\u00f3ximo domingo, 13\"}]},{\"@type\":\"WebSite\",\"@id\":\"https:\/\/cleitonpinheiro.com.br\/site\/#website\",\"url\":\"https:\/\/cleitonpinheiro.com.br\/site\/\",\"name\":\"PORTAL DE NOT\u00cdCIAS CLEITON PINHEIRO\",\"description\":\"FALANDO A VERDADE\",\"publisher\":{\"@id\":\"https:\/\/cleitonpinheiro.com.br\/site\/#organization\"},\"potentialAction\":[{\"@type\":\"SearchAction\",\"target\":{\"@type\":\"EntryPoint\",\"urlTemplate\":\"https:\/\/cleitonpinheiro.com.br\/site\/?s={search_term_string}\"},\"query-input\":{\"@type\":\"PropertyValueSpecification\",\"valueRequired\":true,\"valueName\":\"search_term_string\"}}],\"inLanguage\":\"pt-BR\"},{\"@type\":\"Organization\",\"@id\":\"https:\/\/cleitonpinheiro.com.br\/site\/#organization\",\"name\":\"CPNOT\u00cdCIAS\",\"url\":\"https:\/\/cleitonpinheiro.com.br\/site\/\",\"logo\":{\"@type\":\"ImageObject\",\"inLanguage\":\"pt-BR\",\"@id\":\"https:\/\/cleitonpinheiro.com.br\/site\/#\/schema\/logo\/image\/\",\"url\":\"https:\/\/cleitonpinheiro.com.br\/site\/wp-content\/uploads\/2022\/08\/Logo-pequena-2.png\",\"contentUrl\":\"https:\/\/cleitonpinheiro.com.br\/site\/wp-content\/uploads\/2022\/08\/Logo-pequena-2.png\",\"width\":500,\"height\":500,\"caption\":\"CPNOT\u00cdCIAS\"},\"image\":{\"@id\":\"https:\/\/cleitonpinheiro.com.br\/site\/#\/schema\/logo\/image\/\"},\"sameAs\":[\"https:\/\/www.facebook.com\/portalcpnoticias\/\"]},{\"@type\":\"Person\",\"@id\":\"https:\/\/cleitonpinheiro.com.br\/site\/#\/schema\/person\/8f04544e0bc40a1b68775b08360f87db\",\"name\":\"Reda\u00e7\u00e3o CP\",\"image\":{\"@type\":\"ImageObject\",\"inLanguage\":\"pt-BR\",\"@id\":\"https:\/\/cleitonpinheiro.com.br\/site\/#\/schema\/person\/image\/\",\"url\":\"https:\/\/secure.gravatar.com\/avatar\/0bcf19cb29fdc8fc588c490c7ae1b3e174dac268586a63fbe1d1893a0f9020cd?s=96&r=g\",\"contentUrl\":\"https:\/\/secure.gravatar.com\/avatar\/0bcf19cb29fdc8fc588c490c7ae1b3e174dac268586a63fbe1d1893a0f9020cd?s=96&r=g\",\"caption\":\"Reda\u00e7\u00e3o CP\"},\"url\":\"https:\/\/cleitonpinheiro.com.br\/site\/author\/redacao\/\"}]}<\/script>\n<!-- \/ Yoast SEO plugin. -->","yoast_head_json":{"title":"Semus realiza dia de imuniza\u00e7\u00e3o na Feira da Arno 33 no pr\u00f3ximo domingo, 13 - PORTAL DE NOT\u00cdCIAS CLEITON PINHEIRO","robots":{"index":"index","follow":"follow","max-snippet":"max-snippet:-1","max-image-preview":"max-image-preview:large","max-video-preview":"max-video-preview:-1"},"canonical":"https:\/\/cleitonpinheiro.com.br\/site\/semus-realiza-dia-de-imunizacao-na-feira-da-arno-33-no-proximo-domingo-13\/","og_locale":"pt_BR","og_type":"article","og_title":"Semus realiza dia de imuniza\u00e7\u00e3o na Feira da Arno 33 no pr\u00f3ximo domingo, 13 - PORTAL DE NOT\u00cdCIAS CLEITON PINHEIRO","og_description":"Semus ressalta que \u00e9 de grande import\u00e2ncia que os moradores participem dessa iniciativa para manterem seu registro de vacina atualizado e ajudarem na preven\u00e7\u00e3o dessas doen\u00e7as","og_url":"https:\/\/cleitonpinheiro.com.br\/site\/semus-realiza-dia-de-imunizacao-na-feira-da-arno-33-no-proximo-domingo-13\/","og_site_name":"PORTAL DE NOT\u00cdCIAS CLEITON PINHEIRO","article_publisher":"https:\/\/www.facebook.com\/portalcpnoticias\/","article_published_time":"2023-08-12T13:29:29+00:00","article_modified_time":"2023-08-12T13:30:02+00:00","og_image":[{"width":800,"height":463,"url":"https:\/\/cleitonpinheiro.com.br\/site\/wp-content\/uploads\/2023\/08\/b4570f91-b3df-49ea-a80c-e471e1997425.jpg","type":"image\/jpeg"}],"author":"Reda\u00e7\u00e3o CP","twitter_card":"summary_large_image","twitter_misc":{"Escrito por":"Reda\u00e7\u00e3o CP","Est. tempo de leitura":"1 minuto"},"schema":{"@context":"https:\/\/schema.org","@graph":[{"@type":"Article","@id":"https:\/\/cleitonpinheiro.com.br\/site\/semus-realiza-dia-de-imunizacao-na-feira-da-arno-33-no-proximo-domingo-13\/#article","isPartOf":{"@id":"https:\/\/cleitonpinheiro.com.br\/site\/semus-realiza-dia-de-imunizacao-na-feira-da-arno-33-no-proximo-domingo-13\/"},"author":{"name":"Reda\u00e7\u00e3o CP","@id":"https:\/\/cleitonpinheiro.com.br\/site\/#\/schema\/person\/8f04544e0bc40a1b68775b08360f87db"},"headline":"Semus realiza dia de imuniza\u00e7\u00e3o na Feira da Arno 33 no pr\u00f3ximo domingo, 13","datePublished":"2023-08-12T13:29:29+00:00","dateModified":"2023-08-12T13:30:02+00:00","mainEntityOfPage":{"@id":"https:\/\/cleitonpinheiro.com.br\/site\/semus-realiza-dia-de-imunizacao-na-feira-da-arno-33-no-proximo-domingo-13\/"},"wordCount":143,"commentCount":0,"publisher":{"@id":"https:\/\/cleitonpinheiro.com.br\/site\/#organization"},"image":{"@id":"https:\/\/cleitonpinheiro.com.br\/site\/semus-realiza-dia-de-imunizacao-na-feira-da-arno-33-no-proximo-domingo-13\/#primaryimage"},"thumbnailUrl":"https:\/\/cleitonpinheiro.com.br\/site\/wp-content\/uploads\/2023\/08\/b4570f91-b3df-49ea-a80c-e471e1997425.jpg","keywords":["Vacina\u00e7\u00e3o"],"articleSection":["CIDADES","MANCHETE SEGUND\u00c1RIA"],"inLanguage":"pt-BR","potentialAction":[{"@type":"CommentAction","name":"Comment","target":["https:\/\/cleitonpinheiro.com.br\/site\/semus-realiza-dia-de-imunizacao-na-feira-da-arno-33-no-proximo-domingo-13\/#respond"]}]},{"@type":"WebPage","@id":"https:\/\/cleitonpinheiro.com.br\/site\/semus-realiza-dia-de-imunizacao-na-feira-da-arno-33-no-proximo-domingo-13\/","url":"https:\/\/cleitonpinheiro.com.br\/site\/semus-realiza-dia-de-imunizacao-na-feira-da-arno-33-no-proximo-domingo-13\/","name":"Semus realiza dia de imuniza\u00e7\u00e3o na Feira da Arno 33 no pr\u00f3ximo domingo, 13 - PORTAL DE NOT\u00cdCIAS CLEITON PINHEIRO","isPartOf":{"@id":"https:\/\/cleitonpinheiro.com.br\/site\/#website"},"primaryImageOfPage":{"@id":"https:\/\/cleitonpinheiro.com.br\/site\/semus-realiza-dia-de-imunizacao-na-feira-da-arno-33-no-proximo-domingo-13\/#primaryimage"},"image":{"@id":"https:\/\/cleitonpinheiro.com.br\/site\/semus-realiza-dia-de-imunizacao-na-feira-da-arno-33-no-proximo-domingo-13\/#primaryimage"},"thumbnailUrl":"https:\/\/cleitonpinheiro.com.br\/site\/wp-content\/uploads\/2023\/08\/b4570f91-b3df-49ea-a80c-e471e1997425.jpg","datePublished":"2023-08-12T13:29:29+00:00","dateModified":"2023-08-12T13:30:02+00:00","breadcrumb":{"@id":"https:\/\/cleitonpinheiro.com.br\/site\/semus-realiza-dia-de-imunizacao-na-feira-da-arno-33-no-proximo-domingo-13\/#breadcrumb"},"inLanguage":"pt-BR","potentialAction":[{"@type":"ReadAction","target":["https:\/\/cleitonpinheiro.com.br\/site\/semus-realiza-dia-de-imunizacao-na-feira-da-arno-33-no-proximo-domingo-13\/"]}]},{"@type":"ImageObject","inLanguage":"pt-BR","@id":"https:\/\/cleitonpinheiro.com.br\/site\/semus-realiza-dia-de-imunizacao-na-feira-da-arno-33-no-proximo-domingo-13\/#primaryimage","url":"","contentUrl":""},{"@type":"BreadcrumbList","@id":"https:\/\/cleitonpinheiro.com.br\/site\/semus-realiza-dia-de-imunizacao-na-feira-da-arno-33-no-proximo-domingo-13\/#breadcrumb","itemListElement":[{"@type":"ListItem","position":1,"name":"In\u00edcio","item":"https:\/\/cleitonpinheiro.com.br\/site\/"},{"@type":"ListItem","position":2,"name":"Semus realiza dia de imuniza\u00e7\u00e3o na Feira da Arno 33 no pr\u00f3ximo domingo, 13"}]},{"@type":"WebSite","@id":"https:\/\/cleitonpinheiro.com.br\/site\/#website","url":"https:\/\/cleitonpinheiro.com.br\/site\/","name":"PORTAL DE NOT\u00cdCIAS CLEITON PINHEIRO","description":"FALANDO A VERDADE","publisher":{"@id":"https:\/\/cleitonpinheiro.com.br\/site\/#organization"},"potentialAction":[{"@type":"SearchAction","target":{"@type":"EntryPoint","urlTemplate":"https:\/\/cleitonpinheiro.com.br\/site\/?s={search_term_string}"},"query-input":{"@type":"PropertyValueSpecification","valueRequired":true,"valueName":"search_term_string"}}],"inLanguage":"pt-BR"},{"@type":"Organization","@id":"https:\/\/cleitonpinheiro.com.br\/site\/#organization","name":"CPNOT\u00cdCIAS","url":"https:\/\/cleitonpinheiro.com.br\/site\/","logo":{"@type":"ImageObject","inLanguage":"pt-BR","@id":"https:\/\/cleitonpinheiro.com.br\/site\/#\/schema\/logo\/image\/","url":"https:\/\/cleitonpinheiro.com.br\/site\/wp-content\/uploads\/2022\/08\/Logo-pequena-2.png","contentUrl":"https:\/\/cleitonpinheiro.com.br\/site\/wp-content\/uploads\/2022\/08\/Logo-pequena-2.png","width":500,"height":500,"caption":"CPNOT\u00cdCIAS"},"image":{"@id":"https:\/\/cleitonpinheiro.com.br\/site\/#\/schema\/logo\/image\/"},"sameAs":["https:\/\/www.facebook.com\/portalcpnoticias\/"]},{"@type":"Person","@id":"https:\/\/cleitonpinheiro.com.br\/site\/#\/schema\/person\/8f04544e0bc40a1b68775b08360f87db","name":"Reda\u00e7\u00e3o CP","image":{"@type":"ImageObject","inLanguage":"pt-BR","@id":"https:\/\/cleitonpinheiro.com.br\/site\/#\/schema\/person\/image\/","url":"https:\/\/secure.gravatar.com\/avatar\/0bcf19cb29fdc8fc588c490c7ae1b3e174dac268586a63fbe1d1893a0f9020cd?s=96&r=g","contentUrl":"https:\/\/secure.gravatar.com\/avatar\/0bcf19cb29fdc8fc588c490c7ae1b3e174dac268586a63fbe1d1893a0f9020cd?s=96&r=g","caption":"Reda\u00e7\u00e3o CP"},"url":"https:\/\/cleitonpinheiro.com.br\/site\/author\/redacao\/"}]}},"views":105,"_links":{"self":[{"href":"https:\/\/cleitonpinheiro.com.br\/site\/wp-json\/wp\/v2\/posts\/73416","targetHints":{"allow":["GET"]}}],"collection":[{"href":"https:\/\/cleitonpinheiro.com.br\/site\/wp-json\/wp\/v2\/posts"}],"about":[{"href":"https:\/\/cleitonpinheiro.com.br\/site\/wp-json\/wp\/v2\/types\/post"}],"author":[{"embeddable":true,"href":"https:\/\/cleitonpinheiro.com.br\/site\/wp-json\/wp\/v2\/users\/13"}],"replies":[{"embeddable":true,"href":"https:\/\/cleitonpinheiro.com.br\/site\/wp-json\/wp\/v2\/comments?post=73416"}],"version-history":[{"count":1,"href":"https:\/\/cleitonpinheiro.com.br\/site\/wp-json\/wp\/v2\/posts\/73416\/revisions"}],"predecessor-version":[{"id":73418,"href":"https:\/\/cleitonpinheiro.com.br\/site\/wp-json\/wp\/v2\/posts\/73416\/revisions\/73418"}],"wp:attachment":[{"href":"https:\/\/cleitonpinheiro.com.br\/site\/wp-json\/wp\/v2\/media?parent=73416"}],"wp:term":[{"taxonomy":"category","embeddable":true,"href":"https:\/\/cleitonpinheiro.com.br\/site\/wp-json\/wp\/v2\/categories?post=73416"},{"taxonomy":"post_tag","embeddable":true,"href":"https:\/\/cleitonpinheiro.com.br\/site\/wp-json\/wp\/v2\/tags?post=73416"}],"curies":[{"name":"wp","href":"https:\/\/api.w.org\/{rel}","templated":true}]}}