{"id":73419,"date":"2023-08-14T09:37:56","date_gmt":"2023-08-14T12:37:56","guid":{"rendered":"https:\/\/cleitonpinheiro.com.br\/site\/?p=73419"},"modified":"2023-08-14T10:56:20","modified_gmt":"2023-08-14T13:56:20","slug":"psdb-tocantins-divulga-trecho-de-entrevista-da-policia-federal-que-diz-nao-tem-indicio-de-envolvimento-da-prefeita-cinthia","status":"publish","type":"post","link":"https:\/\/cleitonpinheiro.com.br\/site\/psdb-tocantins-divulga-trecho-de-entrevista-da-policia-federal-que-diz-nao-tem-indicio-de-envolvimento-da-prefeita-cinthia\/","title":{"rendered":"PSDB Tocantins divulga trecho de entrevista da Pol\u00edcia Federal que diz: n\u00e3o tem ind\u00edcio de envolvimento da prefeita Cinthia"},"content":{"rendered":"\n<figure class=\"wp-block-image size-full\"><img decoding=\"async\" src=\"https:\/\/cleitonpinheiro.com.br\/site\/wp-content\/uploads\/2022\/03\/PFEditadooo-3.jpg\" alt=\"\" class=\"wp-image-61462\"\/><\/figure>\n\n\n\n<p class=\"wp-block-paragraph\">O PSDB Tocantins enviou \u00e0 imprensa trecho da entrevista coletiva dada pela Pol\u00edcia Federal na \u00faltima quinta-feira, 10, quando foi realizada duas opera\u00e7\u00f5es na Prefeitura de Palmas: \u201cSegundo Plano\u201d e \u201cPlano Inserto\u201d. O partido tucano informa que a delegada da PF, respons\u00e1vel pelas opera\u00e7\u00f5es, Renata Andrade, disse &#8220;n\u00e3o existir qualquer ind\u00edcio de envolvimento da prefeita Cinthia Caetano Ribeiro nas supostas irregularidades&#8221;.<\/p>\n\n\n\n<p class=\"wp-block-paragraph\">&#8220;Conforme a delegada, n\u00e3o h\u00e1 qualquer ind\u00edcio de envolvimento de pol\u00edticos. Ela reafirmou que os \u00fanicos suspeitos s\u00e3o as tr\u00eas pessoas alvos da opera\u00e7\u00e3o &#8211; o secret\u00e1rio de Desenvolvimento Urbano e Servi\u00e7os Gerais, Edmilson Vieira das Virgens; a secret\u00e1ria da Educa\u00e7\u00e3o, F\u00e1tima Sena; e a secret\u00e1ria executiva da Educa\u00e7\u00e3o, Fernanda Rodrigues da Silva&#8221;, diz trecho da nota do PSDB.<\/p>\n\n\n\n<p class=\"wp-block-paragraph\"><strong>Confira o v\u00eddeo enviado pelo PSDB Tocantins:<\/strong> https:\/\/www.youtube.com\/watch?v=Dw2MHnCBqBw<\/p>\n\n\n\n<figure class=\"wp-block-embed is-type-video is-provider-youtube wp-block-embed-youtube wp-embed-aspect-16-9 wp-has-aspect-ratio\"><div class=\"wp-block-embed__wrapper\">\n<iframe title=\"PSDB Tocantins divulga trecho da entrevista da PF sobre investiga\u00e7\u00f5es na Prefeitura de Palmas\" width=\"800\" height=\"450\" src=\"https:\/\/www.youtube.com\/embed\/Dw2MHnCBqBw?feature=oembed\" frameborder=\"0\" allow=\"accelerometer; autoplay; clipboard-write; encrypted-media; gyroscope; picture-in-picture; web-share\" allowfullscreen><\/iframe>\n<\/div><\/figure>\n","protected":false},"excerpt":{"rendered":"<p>O PSDB Tocantins enviou \u00e0 imprensa trecho da entrevista coletiva dada pela Pol\u00edcia Federal na \u00faltima quinta-feira, 10, quando foi realizada duas opera\u00e7\u00f5es na Prefeitura de Palmas: \u201cSegundo Plano\u201d e \u201cPlano Inserto\u201d. O partido tucano informa que a delegada da PF, respons\u00e1vel pelas opera\u00e7\u00f5es, Renata Andrade, disse &#8220;n\u00e3o existir qualquer ind\u00edcio de envolvimento da prefeita [&hellip;]<\/p>\n","protected":false},"author":13,"featured_media":0,"comment_status":"open","ping_status":"open","sticky":false,"template":"","format":"standard","meta":{"_acf_changed":false,"footnotes":""},"categories":[898,23],"tags":[207,929,720,1134],"class_list":["post-73419","post","type-post","status-publish","format-standard","hentry","category-manchete-segundaria","category-politica","tag-cinthia-ribeiro","tag-policia-federal","tag-prefeitura-de-palmas","tag-psdb-tocantins"],"acf":[],"yoast_head":"<!-- This site is optimized with the Yoast SEO plugin v24.4 - https:\/\/yoast.com\/wordpress\/plugins\/seo\/ -->\n<title>PSDB Tocantins divulga trecho de entrevista da Pol\u00edcia Federal que diz: n\u00e3o tem ind\u00edcio de envolvimento da prefeita Cinthia - PORTAL DE NOT\u00cdCIAS CLEITON PINHEIRO<\/title>\n<meta name=\"robots\" content=\"index, follow, max-snippet:-1, max-image-preview:large, max-video-preview:-1\" \/>\n<link rel=\"canonical\" href=\"https:\/\/cleitonpinheiro.com.br\/site\/psdb-tocantins-divulga-trecho-de-entrevista-da-policia-federal-que-diz-nao-tem-indicio-de-envolvimento-da-prefeita-cinthia\/\" \/>\n<meta property=\"og:locale\" content=\"pt_BR\" \/>\n<meta property=\"og:type\" content=\"article\" \/>\n<meta property=\"og:title\" content=\"PSDB Tocantins divulga trecho de entrevista da Pol\u00edcia Federal que diz: n\u00e3o tem ind\u00edcio de envolvimento da prefeita Cinthia - PORTAL DE NOT\u00cdCIAS CLEITON PINHEIRO\" \/>\n<meta property=\"og:description\" content=\"O PSDB Tocantins enviou \u00e0 imprensa trecho da entrevista coletiva dada pela Pol\u00edcia Federal na \u00faltima quinta-feira, 10, quando foi realizada duas opera\u00e7\u00f5es na Prefeitura de Palmas: \u201cSegundo Plano\u201d e \u201cPlano Inserto\u201d. O partido tucano informa que a delegada da PF, respons\u00e1vel pelas opera\u00e7\u00f5es, Renata Andrade, disse &#8220;n\u00e3o existir qualquer ind\u00edcio de envolvimento da prefeita [&hellip;]\" \/>\n<meta property=\"og:url\" content=\"https:\/\/cleitonpinheiro.com.br\/site\/psdb-tocantins-divulga-trecho-de-entrevista-da-policia-federal-que-diz-nao-tem-indicio-de-envolvimento-da-prefeita-cinthia\/\" \/>\n<meta property=\"og:site_name\" content=\"PORTAL DE NOT\u00cdCIAS CLEITON PINHEIRO\" \/>\n<meta property=\"article:publisher\" content=\"https:\/\/www.facebook.com\/portalcpnoticias\/\" \/>\n<meta property=\"article:published_time\" content=\"2023-08-14T12:37:56+00:00\" \/>\n<meta property=\"article:modified_time\" content=\"2023-08-14T13:56:20+00:00\" \/>\n<meta property=\"og:image\" content=\"https:\/\/cleitonpinheiro.com.br\/site\/wp-content\/uploads\/2022\/03\/PFEditadooo-3.jpg\" \/>\n\t<meta property=\"og:image:width\" content=\"750\" \/>\n\t<meta property=\"og:image:height\" content=\"450\" \/>\n\t<meta property=\"og:image:type\" content=\"image\/jpeg\" \/>\n<meta name=\"author\" content=\"Reda\u00e7\u00e3o CP\" \/>\n<meta name=\"twitter:card\" content=\"summary_large_image\" \/>\n<meta name=\"twitter:label1\" content=\"Escrito por\" \/>\n\t<meta name=\"twitter:data1\" content=\"Reda\u00e7\u00e3o CP\" \/>\n\t<meta name=\"twitter:label2\" content=\"Est. tempo de leitura\" \/>\n\t<meta name=\"twitter:data2\" content=\"1 minuto\" \/>\n<script type=\"application\/ld+json\" class=\"yoast-schema-graph\">{\"@context\":\"https:\/\/schema.org\",\"@graph\":[{\"@type\":\"Article\",\"@id\":\"https:\/\/cleitonpinheiro.com.br\/site\/psdb-tocantins-divulga-trecho-de-entrevista-da-policia-federal-que-diz-nao-tem-indicio-de-envolvimento-da-prefeita-cinthia\/#article\",\"isPartOf\":{\"@id\":\"https:\/\/cleitonpinheiro.com.br\/site\/psdb-tocantins-divulga-trecho-de-entrevista-da-policia-federal-que-diz-nao-tem-indicio-de-envolvimento-da-prefeita-cinthia\/\"},\"author\":{\"name\":\"Reda\u00e7\u00e3o CP\",\"@id\":\"https:\/\/cleitonpinheiro.com.br\/site\/#\/schema\/person\/8f04544e0bc40a1b68775b08360f87db\"},\"headline\":\"PSDB Tocantins divulga trecho de entrevista da Pol\u00edcia Federal que diz: n\u00e3o tem ind\u00edcio de envolvimento da prefeita Cinthia\",\"datePublished\":\"2023-08-14T12:37:56+00:00\",\"dateModified\":\"2023-08-14T13:56:20+00:00\",\"mainEntityOfPage\":{\"@id\":\"https:\/\/cleitonpinheiro.com.br\/site\/psdb-tocantins-divulga-trecho-de-entrevista-da-policia-federal-que-diz-nao-tem-indicio-de-envolvimento-da-prefeita-cinthia\/\"},\"wordCount\":180,\"commentCount\":0,\"publisher\":{\"@id\":\"https:\/\/cleitonpinheiro.com.br\/site\/#organization\"},\"image\":{\"@id\":\"https:\/\/cleitonpinheiro.com.br\/site\/psdb-tocantins-divulga-trecho-de-entrevista-da-policia-federal-que-diz-nao-tem-indicio-de-envolvimento-da-prefeita-cinthia\/#primaryimage\"},\"thumbnailUrl\":\"https:\/\/cleitonpinheiro.com.br\/site\/wp-content\/uploads\/2022\/03\/PFEditadooo-3.jpg\",\"keywords\":[\"Cinthia Ribeiro\",\"Pol\u00edcia Federal\",\"Prefeitura de Palmas\",\"PSDB Tocantins\"],\"articleSection\":[\"MANCHETE SEGUND\u00c1RIA\",\"POL\u00cdTICA\"],\"inLanguage\":\"pt-BR\",\"potentialAction\":[{\"@type\":\"CommentAction\",\"name\":\"Comment\",\"target\":[\"https:\/\/cleitonpinheiro.com.br\/site\/psdb-tocantins-divulga-trecho-de-entrevista-da-policia-federal-que-diz-nao-tem-indicio-de-envolvimento-da-prefeita-cinthia\/#respond\"]}]},{\"@type\":\"WebPage\",\"@id\":\"https:\/\/cleitonpinheiro.com.br\/site\/psdb-tocantins-divulga-trecho-de-entrevista-da-policia-federal-que-diz-nao-tem-indicio-de-envolvimento-da-prefeita-cinthia\/\",\"url\":\"https:\/\/cleitonpinheiro.com.br\/site\/psdb-tocantins-divulga-trecho-de-entrevista-da-policia-federal-que-diz-nao-tem-indicio-de-envolvimento-da-prefeita-cinthia\/\",\"name\":\"PSDB Tocantins divulga trecho de entrevista da Pol\u00edcia Federal que diz: n\u00e3o tem ind\u00edcio de envolvimento da prefeita Cinthia - PORTAL DE NOT\u00cdCIAS CLEITON PINHEIRO\",\"isPartOf\":{\"@id\":\"https:\/\/cleitonpinheiro.com.br\/site\/#website\"},\"primaryImageOfPage\":{\"@id\":\"https:\/\/cleitonpinheiro.com.br\/site\/psdb-tocantins-divulga-trecho-de-entrevista-da-policia-federal-que-diz-nao-tem-indicio-de-envolvimento-da-prefeita-cinthia\/#primaryimage\"},\"image\":{\"@id\":\"https:\/\/cleitonpinheiro.com.br\/site\/psdb-tocantins-divulga-trecho-de-entrevista-da-policia-federal-que-diz-nao-tem-indicio-de-envolvimento-da-prefeita-cinthia\/#primaryimage\"},\"thumbnailUrl\":\"https:\/\/cleitonpinheiro.com.br\/site\/wp-content\/uploads\/2022\/03\/PFEditadooo-3.jpg\",\"datePublished\":\"2023-08-14T12:37:56+00:00\",\"dateModified\":\"2023-08-14T13:56:20+00:00\",\"breadcrumb\":{\"@id\":\"https:\/\/cleitonpinheiro.com.br\/site\/psdb-tocantins-divulga-trecho-de-entrevista-da-policia-federal-que-diz-nao-tem-indicio-de-envolvimento-da-prefeita-cinthia\/#breadcrumb\"},\"inLanguage\":\"pt-BR\",\"potentialAction\":[{\"@type\":\"ReadAction\",\"target\":[\"https:\/\/cleitonpinheiro.com.br\/site\/psdb-tocantins-divulga-trecho-de-entrevista-da-policia-federal-que-diz-nao-tem-indicio-de-envolvimento-da-prefeita-cinthia\/\"]}]},{\"@type\":\"ImageObject\",\"inLanguage\":\"pt-BR\",\"@id\":\"https:\/\/cleitonpinheiro.com.br\/site\/psdb-tocantins-divulga-trecho-de-entrevista-da-policia-federal-que-diz-nao-tem-indicio-de-envolvimento-da-prefeita-cinthia\/#primaryimage\",\"url\":\"\",\"contentUrl\":\"\"},{\"@type\":\"BreadcrumbList\",\"@id\":\"https:\/\/cleitonpinheiro.com.br\/site\/psdb-tocantins-divulga-trecho-de-entrevista-da-policia-federal-que-diz-nao-tem-indicio-de-envolvimento-da-prefeita-cinthia\/#breadcrumb\",\"itemListElement\":[{\"@type\":\"ListItem\",\"position\":1,\"name\":\"In\u00edcio\",\"item\":\"https:\/\/cleitonpinheiro.com.br\/site\/\"},{\"@type\":\"ListItem\",\"position\":2,\"name\":\"PSDB Tocantins divulga trecho de entrevista da Pol\u00edcia Federal que diz: n\u00e3o tem ind\u00edcio de envolvimento da prefeita Cinthia\"}]},{\"@type\":\"WebSite\",\"@id\":\"https:\/\/cleitonpinheiro.com.br\/site\/#website\",\"url\":\"https:\/\/cleitonpinheiro.com.br\/site\/\",\"name\":\"PORTAL DE NOT\u00cdCIAS CLEITON PINHEIRO\",\"description\":\"FALANDO A VERDADE\",\"publisher\":{\"@id\":\"https:\/\/cleitonpinheiro.com.br\/site\/#organization\"},\"potentialAction\":[{\"@type\":\"SearchAction\",\"target\":{\"@type\":\"EntryPoint\",\"urlTemplate\":\"https:\/\/cleitonpinheiro.com.br\/site\/?s={search_term_string}\"},\"query-input\":{\"@type\":\"PropertyValueSpecification\",\"valueRequired\":true,\"valueName\":\"search_term_string\"}}],\"inLanguage\":\"pt-BR\"},{\"@type\":\"Organization\",\"@id\":\"https:\/\/cleitonpinheiro.com.br\/site\/#organization\",\"name\":\"CPNOT\u00cdCIAS\",\"url\":\"https:\/\/cleitonpinheiro.com.br\/site\/\",\"logo\":{\"@type\":\"ImageObject\",\"inLanguage\":\"pt-BR\",\"@id\":\"https:\/\/cleitonpinheiro.com.br\/site\/#\/schema\/logo\/image\/\",\"url\":\"https:\/\/cleitonpinheiro.com.br\/site\/wp-content\/uploads\/2022\/08\/Logo-pequena-2.png\",\"contentUrl\":\"https:\/\/cleitonpinheiro.com.br\/site\/wp-content\/uploads\/2022\/08\/Logo-pequena-2.png\",\"width\":500,\"height\":500,\"caption\":\"CPNOT\u00cdCIAS\"},\"image\":{\"@id\":\"https:\/\/cleitonpinheiro.com.br\/site\/#\/schema\/logo\/image\/\"},\"sameAs\":[\"https:\/\/www.facebook.com\/portalcpnoticias\/\"]},{\"@type\":\"Person\",\"@id\":\"https:\/\/cleitonpinheiro.com.br\/site\/#\/schema\/person\/8f04544e0bc40a1b68775b08360f87db\",\"name\":\"Reda\u00e7\u00e3o CP\",\"image\":{\"@type\":\"ImageObject\",\"inLanguage\":\"pt-BR\",\"@id\":\"https:\/\/cleitonpinheiro.com.br\/site\/#\/schema\/person\/image\/\",\"url\":\"https:\/\/secure.gravatar.com\/avatar\/0bcf19cb29fdc8fc588c490c7ae1b3e174dac268586a63fbe1d1893a0f9020cd?s=96&r=g\",\"contentUrl\":\"https:\/\/secure.gravatar.com\/avatar\/0bcf19cb29fdc8fc588c490c7ae1b3e174dac268586a63fbe1d1893a0f9020cd?s=96&r=g\",\"caption\":\"Reda\u00e7\u00e3o CP\"},\"url\":\"https:\/\/cleitonpinheiro.com.br\/site\/author\/redacao\/\"}]}<\/script>\n<!-- \/ Yoast SEO plugin. -->","yoast_head_json":{"title":"PSDB Tocantins divulga trecho de entrevista da Pol\u00edcia Federal que diz: n\u00e3o tem ind\u00edcio de envolvimento da prefeita Cinthia - PORTAL DE NOT\u00cdCIAS CLEITON PINHEIRO","robots":{"index":"index","follow":"follow","max-snippet":"max-snippet:-1","max-image-preview":"max-image-preview:large","max-video-preview":"max-video-preview:-1"},"canonical":"https:\/\/cleitonpinheiro.com.br\/site\/psdb-tocantins-divulga-trecho-de-entrevista-da-policia-federal-que-diz-nao-tem-indicio-de-envolvimento-da-prefeita-cinthia\/","og_locale":"pt_BR","og_type":"article","og_title":"PSDB Tocantins divulga trecho de entrevista da Pol\u00edcia Federal que diz: n\u00e3o tem ind\u00edcio de envolvimento da prefeita Cinthia - PORTAL DE NOT\u00cdCIAS CLEITON PINHEIRO","og_description":"O PSDB Tocantins enviou \u00e0 imprensa trecho da entrevista coletiva dada pela Pol\u00edcia Federal na \u00faltima quinta-feira, 10, quando foi realizada duas opera\u00e7\u00f5es na Prefeitura de Palmas: \u201cSegundo Plano\u201d e \u201cPlano Inserto\u201d. O partido tucano informa que a delegada da PF, respons\u00e1vel pelas opera\u00e7\u00f5es, Renata Andrade, disse &#8220;n\u00e3o existir qualquer ind\u00edcio de envolvimento da prefeita [&hellip;]","og_url":"https:\/\/cleitonpinheiro.com.br\/site\/psdb-tocantins-divulga-trecho-de-entrevista-da-policia-federal-que-diz-nao-tem-indicio-de-envolvimento-da-prefeita-cinthia\/","og_site_name":"PORTAL DE NOT\u00cdCIAS CLEITON PINHEIRO","article_publisher":"https:\/\/www.facebook.com\/portalcpnoticias\/","article_published_time":"2023-08-14T12:37:56+00:00","article_modified_time":"2023-08-14T13:56:20+00:00","og_image":[{"width":750,"height":450,"url":"https:\/\/cleitonpinheiro.com.br\/site\/wp-content\/uploads\/2022\/03\/PFEditadooo-3.jpg","type":"image\/jpeg"}],"author":"Reda\u00e7\u00e3o CP","twitter_card":"summary_large_image","twitter_misc":{"Escrito por":"Reda\u00e7\u00e3o CP","Est. tempo de leitura":"1 minuto"},"schema":{"@context":"https:\/\/schema.org","@graph":[{"@type":"Article","@id":"https:\/\/cleitonpinheiro.com.br\/site\/psdb-tocantins-divulga-trecho-de-entrevista-da-policia-federal-que-diz-nao-tem-indicio-de-envolvimento-da-prefeita-cinthia\/#article","isPartOf":{"@id":"https:\/\/cleitonpinheiro.com.br\/site\/psdb-tocantins-divulga-trecho-de-entrevista-da-policia-federal-que-diz-nao-tem-indicio-de-envolvimento-da-prefeita-cinthia\/"},"author":{"name":"Reda\u00e7\u00e3o CP","@id":"https:\/\/cleitonpinheiro.com.br\/site\/#\/schema\/person\/8f04544e0bc40a1b68775b08360f87db"},"headline":"PSDB Tocantins divulga trecho de entrevista da Pol\u00edcia Federal que diz: n\u00e3o tem ind\u00edcio de envolvimento da prefeita Cinthia","datePublished":"2023-08-14T12:37:56+00:00","dateModified":"2023-08-14T13:56:20+00:00","mainEntityOfPage":{"@id":"https:\/\/cleitonpinheiro.com.br\/site\/psdb-tocantins-divulga-trecho-de-entrevista-da-policia-federal-que-diz-nao-tem-indicio-de-envolvimento-da-prefeita-cinthia\/"},"wordCount":180,"commentCount":0,"publisher":{"@id":"https:\/\/cleitonpinheiro.com.br\/site\/#organization"},"image":{"@id":"https:\/\/cleitonpinheiro.com.br\/site\/psdb-tocantins-divulga-trecho-de-entrevista-da-policia-federal-que-diz-nao-tem-indicio-de-envolvimento-da-prefeita-cinthia\/#primaryimage"},"thumbnailUrl":"https:\/\/cleitonpinheiro.com.br\/site\/wp-content\/uploads\/2022\/03\/PFEditadooo-3.jpg","keywords":["Cinthia Ribeiro","Pol\u00edcia Federal","Prefeitura de Palmas","PSDB Tocantins"],"articleSection":["MANCHETE SEGUND\u00c1RIA","POL\u00cdTICA"],"inLanguage":"pt-BR","potentialAction":[{"@type":"CommentAction","name":"Comment","target":["https:\/\/cleitonpinheiro.com.br\/site\/psdb-tocantins-divulga-trecho-de-entrevista-da-policia-federal-que-diz-nao-tem-indicio-de-envolvimento-da-prefeita-cinthia\/#respond"]}]},{"@type":"WebPage","@id":"https:\/\/cleitonpinheiro.com.br\/site\/psdb-tocantins-divulga-trecho-de-entrevista-da-policia-federal-que-diz-nao-tem-indicio-de-envolvimento-da-prefeita-cinthia\/","url":"https:\/\/cleitonpinheiro.com.br\/site\/psdb-tocantins-divulga-trecho-de-entrevista-da-policia-federal-que-diz-nao-tem-indicio-de-envolvimento-da-prefeita-cinthia\/","name":"PSDB Tocantins divulga trecho de entrevista da Pol\u00edcia Federal que diz: n\u00e3o tem ind\u00edcio de envolvimento da prefeita Cinthia - PORTAL DE NOT\u00cdCIAS CLEITON PINHEIRO","isPartOf":{"@id":"https:\/\/cleitonpinheiro.com.br\/site\/#website"},"primaryImageOfPage":{"@id":"https:\/\/cleitonpinheiro.com.br\/site\/psdb-tocantins-divulga-trecho-de-entrevista-da-policia-federal-que-diz-nao-tem-indicio-de-envolvimento-da-prefeita-cinthia\/#primaryimage"},"image":{"@id":"https:\/\/cleitonpinheiro.com.br\/site\/psdb-tocantins-divulga-trecho-de-entrevista-da-policia-federal-que-diz-nao-tem-indicio-de-envolvimento-da-prefeita-cinthia\/#primaryimage"},"thumbnailUrl":"https:\/\/cleitonpinheiro.com.br\/site\/wp-content\/uploads\/2022\/03\/PFEditadooo-3.jpg","datePublished":"2023-08-14T12:37:56+00:00","dateModified":"2023-08-14T13:56:20+00:00","breadcrumb":{"@id":"https:\/\/cleitonpinheiro.com.br\/site\/psdb-tocantins-divulga-trecho-de-entrevista-da-policia-federal-que-diz-nao-tem-indicio-de-envolvimento-da-prefeita-cinthia\/#breadcrumb"},"inLanguage":"pt-BR","potentialAction":[{"@type":"ReadAction","target":["https:\/\/cleitonpinheiro.com.br\/site\/psdb-tocantins-divulga-trecho-de-entrevista-da-policia-federal-que-diz-nao-tem-indicio-de-envolvimento-da-prefeita-cinthia\/"]}]},{"@type":"ImageObject","inLanguage":"pt-BR","@id":"https:\/\/cleitonpinheiro.com.br\/site\/psdb-tocantins-divulga-trecho-de-entrevista-da-policia-federal-que-diz-nao-tem-indicio-de-envolvimento-da-prefeita-cinthia\/#primaryimage","url":"","contentUrl":""},{"@type":"BreadcrumbList","@id":"https:\/\/cleitonpinheiro.com.br\/site\/psdb-tocantins-divulga-trecho-de-entrevista-da-policia-federal-que-diz-nao-tem-indicio-de-envolvimento-da-prefeita-cinthia\/#breadcrumb","itemListElement":[{"@type":"ListItem","position":1,"name":"In\u00edcio","item":"https:\/\/cleitonpinheiro.com.br\/site\/"},{"@type":"ListItem","position":2,"name":"PSDB Tocantins divulga trecho de entrevista da Pol\u00edcia Federal que diz: n\u00e3o tem ind\u00edcio de envolvimento da prefeita Cinthia"}]},{"@type":"WebSite","@id":"https:\/\/cleitonpinheiro.com.br\/site\/#website","url":"https:\/\/cleitonpinheiro.com.br\/site\/","name":"PORTAL DE NOT\u00cdCIAS CLEITON PINHEIRO","description":"FALANDO A VERDADE","publisher":{"@id":"https:\/\/cleitonpinheiro.com.br\/site\/#organization"},"potentialAction":[{"@type":"SearchAction","target":{"@type":"EntryPoint","urlTemplate":"https:\/\/cleitonpinheiro.com.br\/site\/?s={search_term_string}"},"query-input":{"@type":"PropertyValueSpecification","valueRequired":true,"valueName":"search_term_string"}}],"inLanguage":"pt-BR"},{"@type":"Organization","@id":"https:\/\/cleitonpinheiro.com.br\/site\/#organization","name":"CPNOT\u00cdCIAS","url":"https:\/\/cleitonpinheiro.com.br\/site\/","logo":{"@type":"ImageObject","inLanguage":"pt-BR","@id":"https:\/\/cleitonpinheiro.com.br\/site\/#\/schema\/logo\/image\/","url":"https:\/\/cleitonpinheiro.com.br\/site\/wp-content\/uploads\/2022\/08\/Logo-pequena-2.png","contentUrl":"https:\/\/cleitonpinheiro.com.br\/site\/wp-content\/uploads\/2022\/08\/Logo-pequena-2.png","width":500,"height":500,"caption":"CPNOT\u00cdCIAS"},"image":{"@id":"https:\/\/cleitonpinheiro.com.br\/site\/#\/schema\/logo\/image\/"},"sameAs":["https:\/\/www.facebook.com\/portalcpnoticias\/"]},{"@type":"Person","@id":"https:\/\/cleitonpinheiro.com.br\/site\/#\/schema\/person\/8f04544e0bc40a1b68775b08360f87db","name":"Reda\u00e7\u00e3o CP","image":{"@type":"ImageObject","inLanguage":"pt-BR","@id":"https:\/\/cleitonpinheiro.com.br\/site\/#\/schema\/person\/image\/","url":"https:\/\/secure.gravatar.com\/avatar\/0bcf19cb29fdc8fc588c490c7ae1b3e174dac268586a63fbe1d1893a0f9020cd?s=96&r=g","contentUrl":"https:\/\/secure.gravatar.com\/avatar\/0bcf19cb29fdc8fc588c490c7ae1b3e174dac268586a63fbe1d1893a0f9020cd?s=96&r=g","caption":"Reda\u00e7\u00e3o CP"},"url":"https:\/\/cleitonpinheiro.com.br\/site\/author\/redacao\/"}]}},"views":158,"_links":{"self":[{"href":"https:\/\/cleitonpinheiro.com.br\/site\/wp-json\/wp\/v2\/posts\/73419","targetHints":{"allow":["GET"]}}],"collection":[{"href":"https:\/\/cleitonpinheiro.com.br\/site\/wp-json\/wp\/v2\/posts"}],"about":[{"href":"https:\/\/cleitonpinheiro.com.br\/site\/wp-json\/wp\/v2\/types\/post"}],"author":[{"embeddable":true,"href":"https:\/\/cleitonpinheiro.com.br\/site\/wp-json\/wp\/v2\/users\/13"}],"replies":[{"embeddable":true,"href":"https:\/\/cleitonpinheiro.com.br\/site\/wp-json\/wp\/v2\/comments?post=73419"}],"version-history":[{"count":2,"href":"https:\/\/cleitonpinheiro.com.br\/site\/wp-json\/wp\/v2\/posts\/73419\/revisions"}],"predecessor-version":[{"id":73422,"href":"https:\/\/cleitonpinheiro.com.br\/site\/wp-json\/wp\/v2\/posts\/73419\/revisions\/73422"}],"wp:attachment":[{"href":"https:\/\/cleitonpinheiro.com.br\/site\/wp-json\/wp\/v2\/media?parent=73419"}],"wp:term":[{"taxonomy":"category","embeddable":true,"href":"https:\/\/cleitonpinheiro.com.br\/site\/wp-json\/wp\/v2\/categories?post=73419"},{"taxonomy":"post_tag","embeddable":true,"href":"https:\/\/cleitonpinheiro.com.br\/site\/wp-json\/wp\/v2\/tags?post=73419"}],"curies":[{"name":"wp","href":"https:\/\/api.w.org\/{rel}","templated":true}]}}