{"id":73423,"date":"2023-08-14T09:51:24","date_gmt":"2023-08-14T12:51:24","guid":{"rendered":"https:\/\/cleitonpinheiro.com.br\/site\/?p=73423"},"modified":"2023-08-14T09:51:27","modified_gmt":"2023-08-14T12:51:27","slug":"stf-comeca-a-julgar-nesta-segunda-70-denuncias-sobre-atos-golpistas","status":"publish","type":"post","link":"https:\/\/cleitonpinheiro.com.br\/site\/stf-comeca-a-julgar-nesta-segunda-70-denuncias-sobre-atos-golpistas\/","title":{"rendered":"STF come\u00e7a a julgar nesta segunda 70 den\u00fancias sobre atos golpistas"},"content":{"rendered":"\n<figure class=\"wp-block-image size-full\"><img decoding=\"async\" src=\"https:\/\/cleitonpinheiro.com.br\/site\/wp-content\/uploads\/2023\/08\/pzzb0243.jpg\" alt=\"\" class=\"wp-image-73424\"\/><figcaption class=\"wp-element-caption\">Julgamento no plen\u00e1rio virtual vai at\u00e9 sexta-feira &#8211; Foto: Ant\u00f4nio Cruz\/Ag\u00eancia Brasil<\/figcaption><\/figure>\n\n\n\n<p class=\"wp-block-paragraph\">O Supremo Tribunal Federal (STF) come\u00e7a a julgar nesta segunda-feira, 14, \u2013 por meio do plen\u00e1rio virtual &#8211; 70 den\u00fancias apresentadas pela Procuradoria-Geral da Rep\u00fablica (PGR) relacionadas aos ataques ao STF, ao Congresso Nacional e ao Pal\u00e1cio do Planalto\u00a0em 8 de janeiro. O julgamento ir\u00e1 at\u00e9 as 23h59 de sexta-feira, 18.\u00a0\u00a0\u00a0<img decoding=\"async\" src=\"https:\/\/agenciabrasil.ebc.com.br\/ebc.png?id=1548669&amp;o=node\"><img decoding=\"async\" src=\"https:\/\/agenciabrasil.ebc.com.br\/ebc.gif?id=1548669&amp;o=node\"><\/p>\n\n\n\n<p class=\"wp-block-paragraph\">A sess\u00e3o virtual extraordin\u00e1ria do plen\u00e1rio foi convocada pela presidente da corte, ministra Rosa Weber, na \u00faltima quarta-feiram, 9. \u00a0<\/p>\n\n\n\n<p class=\"wp-block-paragraph\">Com o julgamento virtual, o Supremo decidir\u00e1 se abre a\u00e7\u00f5es penais contra os acusados dos atos golpistas. Caso as den\u00fancias sejam aceitas, eles virar\u00e3o r\u00e9us e o processo poder\u00e1 ser iniciado. &nbsp;<\/p>\n\n\n\n<p class=\"wp-block-paragraph\">Nesses casos, haver\u00e1 coleta de provas e depoimentos de testemunhas da defesa e da acusa\u00e7\u00e3o. Posteriormente, sem prazo para ocorrer, o STF julgar\u00e1 os acusados.&nbsp;<\/p>\n\n\n\n<p class=\"wp-block-paragraph\">De acordo com o STF, essas den\u00fancias foram apresentadas nos inqu\u00e9ritos 4.921 e 4.922 e em sete peti\u00e7\u00f5es (PET 10822, PET 10852, PET 11021, PET 10957, PET 10764, PET 10772, PET 10853), todos da relatoria do ministro do STF, Alexandre de Moraes. &nbsp;<\/p>\n\n\n\n<p class=\"wp-block-paragraph\">O&nbsp;<a href=\"https:\/\/portal.stf.jus.br\/processos\/detalhe.asp?incidente=6546905\" target=\"_blank\" rel=\"noreferrer noopener\">Inqu\u00e9rito&nbsp;4.921<\/a>&nbsp;investiga os autores intelectuais e as pessoas que instigaram os atos, e a acusa\u00e7\u00e3o \u00e9 de incita\u00e7\u00e3o ao crime e associa\u00e7\u00e3o criminosa (artigos 286, par\u00e1grafo \u00fanico, e 288 do C\u00f3digo Penal). O&nbsp;<a href=\"https:\/\/portal.stf.jus.br\/processos\/detalhe.asp?incidente=6546906\" target=\"_blank\" rel=\"noreferrer noopener\">Inqu\u00e9rito 4.922<\/a>&nbsp;investiga os executores materiais dos crimes.&nbsp;&nbsp;<\/p>\n\n\n\n<p class=\"wp-block-paragraph\">As den\u00fancias que ser\u00e3o julgadas a partir de amanh\u00e3 envolvem crimes previstos no C\u00f3digo Penal: associa\u00e7\u00e3o criminosa (Artigo 288); aboli\u00e7\u00e3o violenta do Estado Democr\u00e1tico de Direito (Artigo 359-L); golpe de Estado (Artigo 359-M); amea\u00e7a (Artigo 147); persegui\u00e7\u00e3o (Artigo 147-A, inciso I, par\u00e1grafo 3\u00ba); incita\u00e7\u00e3o ao crime (Artigo 286), e dano qualificado (Artigo 163). A PGR tamb\u00e9m cita o crime de deteriora\u00e7\u00e3o de patrim\u00f4nio tombado (Artigo 62 da Lei 9.605\/1998).&nbsp;<\/p>\n\n\n\n<p class=\"wp-block-paragraph\">Os advogados e procuradores poder\u00e3o apresentar sustenta\u00e7\u00f5es orais at\u00e9 as 23h59 deste domingo&nbsp;(13).&nbsp;<\/p>\n\n\n\n<h2 class=\"wp-block-heading\">Outros r\u00e9us&nbsp;<\/h2>\n\n\n\n<p class=\"wp-block-paragraph\">Atualmente, seguem presas, em decorr\u00eancia dos atos golpistas de janeiro, 128 pessoas (115 homens e 13 mulheres), das quais 49 foram detidas nos dias 8 e 9 de janeiro, ap\u00f3s os atos, e 79 em opera\u00e7\u00f5es policiais realizadas nos \u00faltimos meses.&nbsp;<\/p>\n\n\n\n<p class=\"wp-block-paragraph\">Na \u00faltima ter\u00e7a-feira (8), o STF concedeu&nbsp;<a href=\"https:\/\/agenciabrasil.ebc.com.br\/justica\/noticia\/2023-08\/moraes-manda-soltar-mais-72-presos-pelos-atos-golpistas-de-janeiro\" target=\"_blank\" rel=\"noreferrer noopener\">liberdade provis\u00f3ria<\/a>, com a substitui\u00e7\u00e3o da pris\u00e3o preventiva por medidas cautelares, a 72 r\u00e9us pelos atos golpistas &#8211;&nbsp;25 mulheres e 47 homens. &nbsp;<\/p>\n\n\n\n<p class=\"wp-block-paragraph\">O ministro Alexandre de Moraes entendeu que, em raz\u00e3o do fim da instru\u00e7\u00e3o processual, a liberdade provis\u00f3ria desses r\u00e9us n\u00e3o representa mais risco de preju\u00edzo \u00e0s investiga\u00e7\u00f5es. &nbsp;<\/p>\n\n\n\n<p class=\"wp-block-paragraph\">Entre as medidas cautelares est\u00e3o a proibi\u00e7\u00e3o de ausentar-se do pa\u00eds,&nbsp;entrega de passaportes, proibi\u00e7\u00e3o de se comunicar com os demais envolvidos,&nbsp;recolhimento domiciliar \u00e0 noite e nos fins de semana, mediante uso de tornozeleira eletr\u00f4nica, entre outras.<\/p>\n","protected":false},"excerpt":{"rendered":"<p>O Supremo Tribunal Federal (STF) come\u00e7a a julgar nesta segunda-feira, 14, \u2013 por meio do plen\u00e1rio virtual &#8211; 70 den\u00fancias apresentadas pela Procuradoria-Geral da Rep\u00fablica (PGR) relacionadas aos ataques ao STF, ao Congresso Nacional e ao Pal\u00e1cio do Planalto\u00a0em 8 de janeiro. O julgamento ir\u00e1 at\u00e9 as 23h59 de sexta-feira, 18.\u00a0\u00a0\u00a0 A sess\u00e3o virtual extraordin\u00e1ria [&hellip;]<\/p>\n","protected":false},"author":13,"featured_media":0,"comment_status":"open","ping_status":"open","sticky":false,"template":"","format":"standard","meta":{"_acf_changed":false,"footnotes":""},"categories":[19,898],"tags":[1136,1135,142],"class_list":["post-73423","post","type-post","status-publish","format-standard","hentry","category-brasil-mundo","category-manchete-segundaria","tag-8-de-janeiro","tag-atos-golpistas","tag-stf"],"acf":[],"yoast_head":"<!-- This site is optimized with the Yoast SEO plugin v24.4 - https:\/\/yoast.com\/wordpress\/plugins\/seo\/ -->\n<title>STF come\u00e7a a julgar nesta segunda 70 den\u00fancias sobre atos golpistas - PORTAL DE NOT\u00cdCIAS CLEITON PINHEIRO<\/title>\n<meta name=\"robots\" content=\"index, follow, max-snippet:-1, max-image-preview:large, max-video-preview:-1\" \/>\n<link rel=\"canonical\" href=\"https:\/\/cleitonpinheiro.com.br\/site\/stf-comeca-a-julgar-nesta-segunda-70-denuncias-sobre-atos-golpistas\/\" \/>\n<meta property=\"og:locale\" content=\"pt_BR\" \/>\n<meta property=\"og:type\" content=\"article\" \/>\n<meta property=\"og:title\" content=\"STF come\u00e7a a julgar nesta segunda 70 den\u00fancias sobre atos golpistas - PORTAL DE NOT\u00cdCIAS CLEITON PINHEIRO\" \/>\n<meta property=\"og:description\" content=\"O Supremo Tribunal Federal (STF) come\u00e7a a julgar nesta segunda-feira, 14, \u2013 por meio do plen\u00e1rio virtual &#8211; 70 den\u00fancias apresentadas pela Procuradoria-Geral da Rep\u00fablica (PGR) relacionadas aos ataques ao STF, ao Congresso Nacional e ao Pal\u00e1cio do Planalto\u00a0em 8 de janeiro. O julgamento ir\u00e1 at\u00e9 as 23h59 de sexta-feira, 18.\u00a0\u00a0\u00a0 A sess\u00e3o virtual extraordin\u00e1ria [&hellip;]\" \/>\n<meta property=\"og:url\" content=\"https:\/\/cleitonpinheiro.com.br\/site\/stf-comeca-a-julgar-nesta-segunda-70-denuncias-sobre-atos-golpistas\/\" \/>\n<meta property=\"og:site_name\" content=\"PORTAL DE NOT\u00cdCIAS CLEITON PINHEIRO\" \/>\n<meta property=\"article:publisher\" content=\"https:\/\/www.facebook.com\/portalcpnoticias\/\" \/>\n<meta property=\"article:published_time\" content=\"2023-08-14T12:51:24+00:00\" \/>\n<meta property=\"article:modified_time\" content=\"2023-08-14T12:51:27+00:00\" \/>\n<meta property=\"og:image\" content=\"https:\/\/cleitonpinheiro.com.br\/site\/wp-content\/uploads\/2023\/08\/pzzb0243.jpg\" \/>\n\t<meta property=\"og:image:width\" content=\"1170\" \/>\n\t<meta property=\"og:image:height\" content=\"700\" \/>\n\t<meta property=\"og:image:type\" content=\"image\/jpeg\" \/>\n<meta name=\"author\" content=\"Reda\u00e7\u00e3o CP\" \/>\n<meta name=\"twitter:card\" content=\"summary_large_image\" \/>\n<meta name=\"twitter:label1\" content=\"Escrito por\" \/>\n\t<meta name=\"twitter:data1\" content=\"Reda\u00e7\u00e3o CP\" \/>\n\t<meta name=\"twitter:label2\" content=\"Est. tempo de leitura\" \/>\n\t<meta name=\"twitter:data2\" content=\"4 minutos\" \/>\n<script type=\"application\/ld+json\" class=\"yoast-schema-graph\">{\"@context\":\"https:\/\/schema.org\",\"@graph\":[{\"@type\":\"Article\",\"@id\":\"https:\/\/cleitonpinheiro.com.br\/site\/stf-comeca-a-julgar-nesta-segunda-70-denuncias-sobre-atos-golpistas\/#article\",\"isPartOf\":{\"@id\":\"https:\/\/cleitonpinheiro.com.br\/site\/stf-comeca-a-julgar-nesta-segunda-70-denuncias-sobre-atos-golpistas\/\"},\"author\":{\"name\":\"Reda\u00e7\u00e3o CP\",\"@id\":\"https:\/\/cleitonpinheiro.com.br\/site\/#\/schema\/person\/8f04544e0bc40a1b68775b08360f87db\"},\"headline\":\"STF come\u00e7a a julgar nesta segunda 70 den\u00fancias sobre atos golpistas\",\"datePublished\":\"2023-08-14T12:51:24+00:00\",\"dateModified\":\"2023-08-14T12:51:27+00:00\",\"mainEntityOfPage\":{\"@id\":\"https:\/\/cleitonpinheiro.com.br\/site\/stf-comeca-a-julgar-nesta-segunda-70-denuncias-sobre-atos-golpistas\/\"},\"wordCount\":501,\"commentCount\":0,\"publisher\":{\"@id\":\"https:\/\/cleitonpinheiro.com.br\/site\/#organization\"},\"image\":{\"@id\":\"https:\/\/cleitonpinheiro.com.br\/site\/stf-comeca-a-julgar-nesta-segunda-70-denuncias-sobre-atos-golpistas\/#primaryimage\"},\"thumbnailUrl\":\"https:\/\/cleitonpinheiro.com.br\/site\/wp-content\/uploads\/2023\/08\/pzzb0243.jpg\",\"keywords\":[\"8 de janeiro\",\"atos golpistas\",\"STF\"],\"articleSection\":[\"BRASIL \/ MUNDO\",\"MANCHETE SEGUND\u00c1RIA\"],\"inLanguage\":\"pt-BR\",\"potentialAction\":[{\"@type\":\"CommentAction\",\"name\":\"Comment\",\"target\":[\"https:\/\/cleitonpinheiro.com.br\/site\/stf-comeca-a-julgar-nesta-segunda-70-denuncias-sobre-atos-golpistas\/#respond\"]}]},{\"@type\":\"WebPage\",\"@id\":\"https:\/\/cleitonpinheiro.com.br\/site\/stf-comeca-a-julgar-nesta-segunda-70-denuncias-sobre-atos-golpistas\/\",\"url\":\"https:\/\/cleitonpinheiro.com.br\/site\/stf-comeca-a-julgar-nesta-segunda-70-denuncias-sobre-atos-golpistas\/\",\"name\":\"STF come\u00e7a a julgar nesta segunda 70 den\u00fancias sobre atos golpistas - PORTAL DE NOT\u00cdCIAS CLEITON PINHEIRO\",\"isPartOf\":{\"@id\":\"https:\/\/cleitonpinheiro.com.br\/site\/#website\"},\"primaryImageOfPage\":{\"@id\":\"https:\/\/cleitonpinheiro.com.br\/site\/stf-comeca-a-julgar-nesta-segunda-70-denuncias-sobre-atos-golpistas\/#primaryimage\"},\"image\":{\"@id\":\"https:\/\/cleitonpinheiro.com.br\/site\/stf-comeca-a-julgar-nesta-segunda-70-denuncias-sobre-atos-golpistas\/#primaryimage\"},\"thumbnailUrl\":\"https:\/\/cleitonpinheiro.com.br\/site\/wp-content\/uploads\/2023\/08\/pzzb0243.jpg\",\"datePublished\":\"2023-08-14T12:51:24+00:00\",\"dateModified\":\"2023-08-14T12:51:27+00:00\",\"breadcrumb\":{\"@id\":\"https:\/\/cleitonpinheiro.com.br\/site\/stf-comeca-a-julgar-nesta-segunda-70-denuncias-sobre-atos-golpistas\/#breadcrumb\"},\"inLanguage\":\"pt-BR\",\"potentialAction\":[{\"@type\":\"ReadAction\",\"target\":[\"https:\/\/cleitonpinheiro.com.br\/site\/stf-comeca-a-julgar-nesta-segunda-70-denuncias-sobre-atos-golpistas\/\"]}]},{\"@type\":\"ImageObject\",\"inLanguage\":\"pt-BR\",\"@id\":\"https:\/\/cleitonpinheiro.com.br\/site\/stf-comeca-a-julgar-nesta-segunda-70-denuncias-sobre-atos-golpistas\/#primaryimage\",\"url\":\"\",\"contentUrl\":\"\"},{\"@type\":\"BreadcrumbList\",\"@id\":\"https:\/\/cleitonpinheiro.com.br\/site\/stf-comeca-a-julgar-nesta-segunda-70-denuncias-sobre-atos-golpistas\/#breadcrumb\",\"itemListElement\":[{\"@type\":\"ListItem\",\"position\":1,\"name\":\"In\u00edcio\",\"item\":\"https:\/\/cleitonpinheiro.com.br\/site\/\"},{\"@type\":\"ListItem\",\"position\":2,\"name\":\"STF come\u00e7a a julgar nesta segunda 70 den\u00fancias sobre atos golpistas\"}]},{\"@type\":\"WebSite\",\"@id\":\"https:\/\/cleitonpinheiro.com.br\/site\/#website\",\"url\":\"https:\/\/cleitonpinheiro.com.br\/site\/\",\"name\":\"PORTAL DE NOT\u00cdCIAS CLEITON PINHEIRO\",\"description\":\"FALANDO A VERDADE\",\"publisher\":{\"@id\":\"https:\/\/cleitonpinheiro.com.br\/site\/#organization\"},\"potentialAction\":[{\"@type\":\"SearchAction\",\"target\":{\"@type\":\"EntryPoint\",\"urlTemplate\":\"https:\/\/cleitonpinheiro.com.br\/site\/?s={search_term_string}\"},\"query-input\":{\"@type\":\"PropertyValueSpecification\",\"valueRequired\":true,\"valueName\":\"search_term_string\"}}],\"inLanguage\":\"pt-BR\"},{\"@type\":\"Organization\",\"@id\":\"https:\/\/cleitonpinheiro.com.br\/site\/#organization\",\"name\":\"CPNOT\u00cdCIAS\",\"url\":\"https:\/\/cleitonpinheiro.com.br\/site\/\",\"logo\":{\"@type\":\"ImageObject\",\"inLanguage\":\"pt-BR\",\"@id\":\"https:\/\/cleitonpinheiro.com.br\/site\/#\/schema\/logo\/image\/\",\"url\":\"https:\/\/cleitonpinheiro.com.br\/site\/wp-content\/uploads\/2022\/08\/Logo-pequena-2.png\",\"contentUrl\":\"https:\/\/cleitonpinheiro.com.br\/site\/wp-content\/uploads\/2022\/08\/Logo-pequena-2.png\",\"width\":500,\"height\":500,\"caption\":\"CPNOT\u00cdCIAS\"},\"image\":{\"@id\":\"https:\/\/cleitonpinheiro.com.br\/site\/#\/schema\/logo\/image\/\"},\"sameAs\":[\"https:\/\/www.facebook.com\/portalcpnoticias\/\"]},{\"@type\":\"Person\",\"@id\":\"https:\/\/cleitonpinheiro.com.br\/site\/#\/schema\/person\/8f04544e0bc40a1b68775b08360f87db\",\"name\":\"Reda\u00e7\u00e3o CP\",\"image\":{\"@type\":\"ImageObject\",\"inLanguage\":\"pt-BR\",\"@id\":\"https:\/\/cleitonpinheiro.com.br\/site\/#\/schema\/person\/image\/\",\"url\":\"https:\/\/secure.gravatar.com\/avatar\/0bcf19cb29fdc8fc588c490c7ae1b3e174dac268586a63fbe1d1893a0f9020cd?s=96&r=g\",\"contentUrl\":\"https:\/\/secure.gravatar.com\/avatar\/0bcf19cb29fdc8fc588c490c7ae1b3e174dac268586a63fbe1d1893a0f9020cd?s=96&r=g\",\"caption\":\"Reda\u00e7\u00e3o CP\"},\"url\":\"https:\/\/cleitonpinheiro.com.br\/site\/author\/redacao\/\"}]}<\/script>\n<!-- \/ Yoast SEO plugin. -->","yoast_head_json":{"title":"STF come\u00e7a a julgar nesta segunda 70 den\u00fancias sobre atos golpistas - PORTAL DE NOT\u00cdCIAS CLEITON PINHEIRO","robots":{"index":"index","follow":"follow","max-snippet":"max-snippet:-1","max-image-preview":"max-image-preview:large","max-video-preview":"max-video-preview:-1"},"canonical":"https:\/\/cleitonpinheiro.com.br\/site\/stf-comeca-a-julgar-nesta-segunda-70-denuncias-sobre-atos-golpistas\/","og_locale":"pt_BR","og_type":"article","og_title":"STF come\u00e7a a julgar nesta segunda 70 den\u00fancias sobre atos golpistas - PORTAL DE NOT\u00cdCIAS CLEITON PINHEIRO","og_description":"O Supremo Tribunal Federal (STF) come\u00e7a a julgar nesta segunda-feira, 14, \u2013 por meio do plen\u00e1rio virtual &#8211; 70 den\u00fancias apresentadas pela Procuradoria-Geral da Rep\u00fablica (PGR) relacionadas aos ataques ao STF, ao Congresso Nacional e ao Pal\u00e1cio do Planalto\u00a0em 8 de janeiro. O julgamento ir\u00e1 at\u00e9 as 23h59 de sexta-feira, 18.\u00a0\u00a0\u00a0 A sess\u00e3o virtual extraordin\u00e1ria [&hellip;]","og_url":"https:\/\/cleitonpinheiro.com.br\/site\/stf-comeca-a-julgar-nesta-segunda-70-denuncias-sobre-atos-golpistas\/","og_site_name":"PORTAL DE NOT\u00cdCIAS CLEITON PINHEIRO","article_publisher":"https:\/\/www.facebook.com\/portalcpnoticias\/","article_published_time":"2023-08-14T12:51:24+00:00","article_modified_time":"2023-08-14T12:51:27+00:00","og_image":[{"width":1170,"height":700,"url":"https:\/\/cleitonpinheiro.com.br\/site\/wp-content\/uploads\/2023\/08\/pzzb0243.jpg","type":"image\/jpeg"}],"author":"Reda\u00e7\u00e3o CP","twitter_card":"summary_large_image","twitter_misc":{"Escrito por":"Reda\u00e7\u00e3o CP","Est. tempo de leitura":"4 minutos"},"schema":{"@context":"https:\/\/schema.org","@graph":[{"@type":"Article","@id":"https:\/\/cleitonpinheiro.com.br\/site\/stf-comeca-a-julgar-nesta-segunda-70-denuncias-sobre-atos-golpistas\/#article","isPartOf":{"@id":"https:\/\/cleitonpinheiro.com.br\/site\/stf-comeca-a-julgar-nesta-segunda-70-denuncias-sobre-atos-golpistas\/"},"author":{"name":"Reda\u00e7\u00e3o CP","@id":"https:\/\/cleitonpinheiro.com.br\/site\/#\/schema\/person\/8f04544e0bc40a1b68775b08360f87db"},"headline":"STF come\u00e7a a julgar nesta segunda 70 den\u00fancias sobre atos golpistas","datePublished":"2023-08-14T12:51:24+00:00","dateModified":"2023-08-14T12:51:27+00:00","mainEntityOfPage":{"@id":"https:\/\/cleitonpinheiro.com.br\/site\/stf-comeca-a-julgar-nesta-segunda-70-denuncias-sobre-atos-golpistas\/"},"wordCount":501,"commentCount":0,"publisher":{"@id":"https:\/\/cleitonpinheiro.com.br\/site\/#organization"},"image":{"@id":"https:\/\/cleitonpinheiro.com.br\/site\/stf-comeca-a-julgar-nesta-segunda-70-denuncias-sobre-atos-golpistas\/#primaryimage"},"thumbnailUrl":"https:\/\/cleitonpinheiro.com.br\/site\/wp-content\/uploads\/2023\/08\/pzzb0243.jpg","keywords":["8 de janeiro","atos golpistas","STF"],"articleSection":["BRASIL \/ MUNDO","MANCHETE SEGUND\u00c1RIA"],"inLanguage":"pt-BR","potentialAction":[{"@type":"CommentAction","name":"Comment","target":["https:\/\/cleitonpinheiro.com.br\/site\/stf-comeca-a-julgar-nesta-segunda-70-denuncias-sobre-atos-golpistas\/#respond"]}]},{"@type":"WebPage","@id":"https:\/\/cleitonpinheiro.com.br\/site\/stf-comeca-a-julgar-nesta-segunda-70-denuncias-sobre-atos-golpistas\/","url":"https:\/\/cleitonpinheiro.com.br\/site\/stf-comeca-a-julgar-nesta-segunda-70-denuncias-sobre-atos-golpistas\/","name":"STF come\u00e7a a julgar nesta segunda 70 den\u00fancias sobre atos golpistas - PORTAL DE NOT\u00cdCIAS CLEITON PINHEIRO","isPartOf":{"@id":"https:\/\/cleitonpinheiro.com.br\/site\/#website"},"primaryImageOfPage":{"@id":"https:\/\/cleitonpinheiro.com.br\/site\/stf-comeca-a-julgar-nesta-segunda-70-denuncias-sobre-atos-golpistas\/#primaryimage"},"image":{"@id":"https:\/\/cleitonpinheiro.com.br\/site\/stf-comeca-a-julgar-nesta-segunda-70-denuncias-sobre-atos-golpistas\/#primaryimage"},"thumbnailUrl":"https:\/\/cleitonpinheiro.com.br\/site\/wp-content\/uploads\/2023\/08\/pzzb0243.jpg","datePublished":"2023-08-14T12:51:24+00:00","dateModified":"2023-08-14T12:51:27+00:00","breadcrumb":{"@id":"https:\/\/cleitonpinheiro.com.br\/site\/stf-comeca-a-julgar-nesta-segunda-70-denuncias-sobre-atos-golpistas\/#breadcrumb"},"inLanguage":"pt-BR","potentialAction":[{"@type":"ReadAction","target":["https:\/\/cleitonpinheiro.com.br\/site\/stf-comeca-a-julgar-nesta-segunda-70-denuncias-sobre-atos-golpistas\/"]}]},{"@type":"ImageObject","inLanguage":"pt-BR","@id":"https:\/\/cleitonpinheiro.com.br\/site\/stf-comeca-a-julgar-nesta-segunda-70-denuncias-sobre-atos-golpistas\/#primaryimage","url":"","contentUrl":""},{"@type":"BreadcrumbList","@id":"https:\/\/cleitonpinheiro.com.br\/site\/stf-comeca-a-julgar-nesta-segunda-70-denuncias-sobre-atos-golpistas\/#breadcrumb","itemListElement":[{"@type":"ListItem","position":1,"name":"In\u00edcio","item":"https:\/\/cleitonpinheiro.com.br\/site\/"},{"@type":"ListItem","position":2,"name":"STF come\u00e7a a julgar nesta segunda 70 den\u00fancias sobre atos golpistas"}]},{"@type":"WebSite","@id":"https:\/\/cleitonpinheiro.com.br\/site\/#website","url":"https:\/\/cleitonpinheiro.com.br\/site\/","name":"PORTAL DE NOT\u00cdCIAS CLEITON PINHEIRO","description":"FALANDO A VERDADE","publisher":{"@id":"https:\/\/cleitonpinheiro.com.br\/site\/#organization"},"potentialAction":[{"@type":"SearchAction","target":{"@type":"EntryPoint","urlTemplate":"https:\/\/cleitonpinheiro.com.br\/site\/?s={search_term_string}"},"query-input":{"@type":"PropertyValueSpecification","valueRequired":true,"valueName":"search_term_string"}}],"inLanguage":"pt-BR"},{"@type":"Organization","@id":"https:\/\/cleitonpinheiro.com.br\/site\/#organization","name":"CPNOT\u00cdCIAS","url":"https:\/\/cleitonpinheiro.com.br\/site\/","logo":{"@type":"ImageObject","inLanguage":"pt-BR","@id":"https:\/\/cleitonpinheiro.com.br\/site\/#\/schema\/logo\/image\/","url":"https:\/\/cleitonpinheiro.com.br\/site\/wp-content\/uploads\/2022\/08\/Logo-pequena-2.png","contentUrl":"https:\/\/cleitonpinheiro.com.br\/site\/wp-content\/uploads\/2022\/08\/Logo-pequena-2.png","width":500,"height":500,"caption":"CPNOT\u00cdCIAS"},"image":{"@id":"https:\/\/cleitonpinheiro.com.br\/site\/#\/schema\/logo\/image\/"},"sameAs":["https:\/\/www.facebook.com\/portalcpnoticias\/"]},{"@type":"Person","@id":"https:\/\/cleitonpinheiro.com.br\/site\/#\/schema\/person\/8f04544e0bc40a1b68775b08360f87db","name":"Reda\u00e7\u00e3o CP","image":{"@type":"ImageObject","inLanguage":"pt-BR","@id":"https:\/\/cleitonpinheiro.com.br\/site\/#\/schema\/person\/image\/","url":"https:\/\/secure.gravatar.com\/avatar\/0bcf19cb29fdc8fc588c490c7ae1b3e174dac268586a63fbe1d1893a0f9020cd?s=96&r=g","contentUrl":"https:\/\/secure.gravatar.com\/avatar\/0bcf19cb29fdc8fc588c490c7ae1b3e174dac268586a63fbe1d1893a0f9020cd?s=96&r=g","caption":"Reda\u00e7\u00e3o CP"},"url":"https:\/\/cleitonpinheiro.com.br\/site\/author\/redacao\/"}]}},"views":119,"_links":{"self":[{"href":"https:\/\/cleitonpinheiro.com.br\/site\/wp-json\/wp\/v2\/posts\/73423","targetHints":{"allow":["GET"]}}],"collection":[{"href":"https:\/\/cleitonpinheiro.com.br\/site\/wp-json\/wp\/v2\/posts"}],"about":[{"href":"https:\/\/cleitonpinheiro.com.br\/site\/wp-json\/wp\/v2\/types\/post"}],"author":[{"embeddable":true,"href":"https:\/\/cleitonpinheiro.com.br\/site\/wp-json\/wp\/v2\/users\/13"}],"replies":[{"embeddable":true,"href":"https:\/\/cleitonpinheiro.com.br\/site\/wp-json\/wp\/v2\/comments?post=73423"}],"version-history":[{"count":1,"href":"https:\/\/cleitonpinheiro.com.br\/site\/wp-json\/wp\/v2\/posts\/73423\/revisions"}],"predecessor-version":[{"id":73425,"href":"https:\/\/cleitonpinheiro.com.br\/site\/wp-json\/wp\/v2\/posts\/73423\/revisions\/73425"}],"wp:attachment":[{"href":"https:\/\/cleitonpinheiro.com.br\/site\/wp-json\/wp\/v2\/media?parent=73423"}],"wp:term":[{"taxonomy":"category","embeddable":true,"href":"https:\/\/cleitonpinheiro.com.br\/site\/wp-json\/wp\/v2\/categories?post=73423"},{"taxonomy":"post_tag","embeddable":true,"href":"https:\/\/cleitonpinheiro.com.br\/site\/wp-json\/wp\/v2\/tags?post=73423"}],"curies":[{"name":"wp","href":"https:\/\/api.w.org\/{rel}","templated":true}]}}