{"id":73426,"date":"2023-08-14T09:54:32","date_gmt":"2023-08-14T12:54:32","guid":{"rendered":"https:\/\/cleitonpinheiro.com.br\/site\/?p=73426"},"modified":"2023-08-14T09:54:35","modified_gmt":"2023-08-14T12:54:35","slug":"previncendio-realiza-2o-dia-de-sensibilizacao-sobre-queimadas","status":"publish","type":"post","link":"https:\/\/cleitonpinheiro.com.br\/site\/previncendio-realiza-2o-dia-de-sensibilizacao-sobre-queimadas\/","title":{"rendered":"PrevInc\u00eandio realiza 2\u00ba dia de sensibiliza\u00e7\u00e3o sobre queimadas"},"content":{"rendered":"\n<figure class=\"wp-block-image size-full\"><img decoding=\"async\" src=\"https:\/\/cleitonpinheiro.com.br\/site\/wp-content\/uploads\/2023\/08\/unnamed.png\" alt=\"\" class=\"wp-image-73427\"\/><figcaption class=\"wp-element-caption\">Segundo Dia \u2018D\u2019 de Sensibiliza\u00e7\u00e3o e Preven\u00e7\u00e3o \u00e0s Queimadas, agora no Distrito de Taquaru\u00e7u &#8211; Foto: Prefeitura de Palmas<\/figcaption><\/figure>\n\n\n\n<p class=\"wp-block-paragraph\">O Comit\u00ea Municipal de Preven\u00e7\u00e3o, Controle e Combate aos Inc\u00eandios Florestais e Urbanos (PrevInc\u00eandio) realizou neste s\u00e1bado, 12, o segundo Dia \u2018D\u2019 de Sensibiliza\u00e7\u00e3o e Preven\u00e7\u00e3o \u00e0s Queimadas. Desta vez a atividade foi realizada com a comunidade rural do distrito de Taquaru\u00e7u e reuniu representantes da Funda\u00e7\u00e3o Municipal de Meio Ambiente (FMA), Defesa Civil de Palmas, Brigada Municipal de Palmas, Secretaria Municipal de Infraestrutura e Servi\u00e7os P\u00fablicos (Seisp), Energisa, Pol\u00edcia Militar do Tocantins (PM-TO), Instituto Natureza do Tocantins (Naturatins) e Associa\u00e7\u00e3o \u00c1gua Doce.<\/p>\n\n\n\n<p class=\"wp-block-paragraph\">O trabalho consiste em visitar as propriedades e informar sobre a proibi\u00e7\u00e3o para emiss\u00e3o bem como a vig\u00eancia das autoriza\u00e7\u00f5es ambientais de queima controlada em todo o territ\u00f3rio do Estado, emitida pelo Naturatins, com o objetivo de evitar inc\u00eandios e queimadas descontroladas. A suspens\u00e3o segue at\u00e9 o dia 30 de outubro.<\/p>\n\n\n\n<p class=\"wp-block-paragraph\">Al\u00e9m desta informa\u00e7\u00e3o, os t\u00e9cnicos tamb\u00e9m orientaram os propriet\u00e1rios rurais sobre a reutiliza\u00e7\u00e3o de res\u00edduos org\u00e2nicos, a exemplo do uso de folhas e restos de poda para produ\u00e7\u00e3o de adubo, bem como foram repassadas informa\u00e7\u00f5es sobre as consequ\u00eancias das queimadas, que podem resultar em inc\u00eandios, afetando a sa\u00fade humana, com agravo principalmente de problemas respirat\u00f3rios.&nbsp;<\/p>\n\n\n\n<p class=\"wp-block-paragraph\">Outra abordagem foi sobre os preju\u00edzos financeiros que o uso do fogo pode provocar, entre eles, inc\u00eandio e destrui\u00e7\u00e3o de planta\u00e7\u00f5es e im\u00f3veis, bem como o empobrecimento do solo e a morte de animais dom\u00e9sticos e silvestres.<\/p>\n\n\n\n<p class=\"wp-block-paragraph\">A propriet\u00e1ria da Ch\u00e1cara Esperan\u00e7a, Elenilde de Jesus Lacerda, aprovou o trabalho do PrevInc\u00eandio e disse que \u00e9 importante que o poder p\u00fablico e a comunidade trabalhem juntos para debelar este mal.&nbsp;<\/p>\n","protected":false},"excerpt":{"rendered":"<p>O Comit\u00ea Municipal de Preven\u00e7\u00e3o, Controle e Combate aos Inc\u00eandios Florestais e Urbanos (PrevInc\u00eandio) realizou neste s\u00e1bado, 12, o segundo Dia \u2018D\u2019 de Sensibiliza\u00e7\u00e3o e Preven\u00e7\u00e3o \u00e0s Queimadas. Desta vez a atividade foi realizada com a comunidade rural do distrito de Taquaru\u00e7u e reuniu representantes da Funda\u00e7\u00e3o Municipal de Meio Ambiente (FMA), Defesa Civil de [&hellip;]<\/p>\n","protected":false},"author":13,"featured_media":0,"comment_status":"open","ping_status":"open","sticky":false,"template":"","format":"standard","meta":{"_acf_changed":false,"footnotes":""},"categories":[22,898],"tags":[1137,720],"class_list":["post-73426","post","type-post","status-publish","format-standard","hentry","category-cidades","category-manchete-segundaria","tag-combate-as-queimadas","tag-prefeitura-de-palmas"],"acf":[],"yoast_head":"<!-- This site is optimized with the Yoast SEO plugin v24.4 - https:\/\/yoast.com\/wordpress\/plugins\/seo\/ -->\n<title>PrevInc\u00eandio realiza 2\u00ba dia de sensibiliza\u00e7\u00e3o sobre queimadas - PORTAL DE NOT\u00cdCIAS CLEITON PINHEIRO<\/title>\n<meta name=\"robots\" content=\"index, follow, max-snippet:-1, max-image-preview:large, max-video-preview:-1\" \/>\n<link rel=\"canonical\" href=\"https:\/\/cleitonpinheiro.com.br\/site\/previncendio-realiza-2o-dia-de-sensibilizacao-sobre-queimadas\/\" \/>\n<meta property=\"og:locale\" content=\"pt_BR\" \/>\n<meta property=\"og:type\" content=\"article\" \/>\n<meta property=\"og:title\" content=\"PrevInc\u00eandio realiza 2\u00ba dia de sensibiliza\u00e7\u00e3o sobre queimadas - PORTAL DE NOT\u00cdCIAS CLEITON PINHEIRO\" \/>\n<meta property=\"og:description\" content=\"O Comit\u00ea Municipal de Preven\u00e7\u00e3o, Controle e Combate aos Inc\u00eandios Florestais e Urbanos (PrevInc\u00eandio) realizou neste s\u00e1bado, 12, o segundo Dia \u2018D\u2019 de Sensibiliza\u00e7\u00e3o e Preven\u00e7\u00e3o \u00e0s Queimadas. Desta vez a atividade foi realizada com a comunidade rural do distrito de Taquaru\u00e7u e reuniu representantes da Funda\u00e7\u00e3o Municipal de Meio Ambiente (FMA), Defesa Civil de [&hellip;]\" \/>\n<meta property=\"og:url\" content=\"https:\/\/cleitonpinheiro.com.br\/site\/previncendio-realiza-2o-dia-de-sensibilizacao-sobre-queimadas\/\" \/>\n<meta property=\"og:site_name\" content=\"PORTAL DE NOT\u00cdCIAS CLEITON PINHEIRO\" \/>\n<meta property=\"article:publisher\" content=\"https:\/\/www.facebook.com\/portalcpnoticias\/\" \/>\n<meta property=\"article:published_time\" content=\"2023-08-14T12:54:32+00:00\" \/>\n<meta property=\"article:modified_time\" content=\"2023-08-14T12:54:35+00:00\" \/>\n<meta property=\"og:image\" content=\"https:\/\/cleitonpinheiro.com.br\/site\/wp-content\/uploads\/2023\/08\/unnamed.png\" \/>\n\t<meta property=\"og:image:width\" content=\"1080\" \/>\n\t<meta property=\"og:image:height\" content=\"1080\" \/>\n\t<meta property=\"og:image:type\" content=\"image\/png\" \/>\n<meta name=\"author\" content=\"Reda\u00e7\u00e3o CP\" \/>\n<meta name=\"twitter:card\" content=\"summary_large_image\" \/>\n<meta name=\"twitter:label1\" content=\"Escrito por\" \/>\n\t<meta name=\"twitter:data1\" content=\"Reda\u00e7\u00e3o CP\" \/>\n\t<meta name=\"twitter:label2\" content=\"Est. tempo de leitura\" \/>\n\t<meta name=\"twitter:data2\" content=\"2 minutos\" \/>\n<script type=\"application\/ld+json\" class=\"yoast-schema-graph\">{\"@context\":\"https:\/\/schema.org\",\"@graph\":[{\"@type\":\"Article\",\"@id\":\"https:\/\/cleitonpinheiro.com.br\/site\/previncendio-realiza-2o-dia-de-sensibilizacao-sobre-queimadas\/#article\",\"isPartOf\":{\"@id\":\"https:\/\/cleitonpinheiro.com.br\/site\/previncendio-realiza-2o-dia-de-sensibilizacao-sobre-queimadas\/\"},\"author\":{\"name\":\"Reda\u00e7\u00e3o CP\",\"@id\":\"https:\/\/cleitonpinheiro.com.br\/site\/#\/schema\/person\/8f04544e0bc40a1b68775b08360f87db\"},\"headline\":\"PrevInc\u00eandio realiza 2\u00ba dia de sensibiliza\u00e7\u00e3o sobre queimadas\",\"datePublished\":\"2023-08-14T12:54:32+00:00\",\"dateModified\":\"2023-08-14T12:54:35+00:00\",\"mainEntityOfPage\":{\"@id\":\"https:\/\/cleitonpinheiro.com.br\/site\/previncendio-realiza-2o-dia-de-sensibilizacao-sobre-queimadas\/\"},\"wordCount\":332,\"commentCount\":0,\"publisher\":{\"@id\":\"https:\/\/cleitonpinheiro.com.br\/site\/#organization\"},\"image\":{\"@id\":\"https:\/\/cleitonpinheiro.com.br\/site\/previncendio-realiza-2o-dia-de-sensibilizacao-sobre-queimadas\/#primaryimage\"},\"thumbnailUrl\":\"https:\/\/cleitonpinheiro.com.br\/site\/wp-content\/uploads\/2023\/08\/unnamed.png\",\"keywords\":[\"Combate \u00e0s queimadas\",\"Prefeitura de Palmas\"],\"articleSection\":[\"CIDADES\",\"MANCHETE SEGUND\u00c1RIA\"],\"inLanguage\":\"pt-BR\",\"potentialAction\":[{\"@type\":\"CommentAction\",\"name\":\"Comment\",\"target\":[\"https:\/\/cleitonpinheiro.com.br\/site\/previncendio-realiza-2o-dia-de-sensibilizacao-sobre-queimadas\/#respond\"]}]},{\"@type\":\"WebPage\",\"@id\":\"https:\/\/cleitonpinheiro.com.br\/site\/previncendio-realiza-2o-dia-de-sensibilizacao-sobre-queimadas\/\",\"url\":\"https:\/\/cleitonpinheiro.com.br\/site\/previncendio-realiza-2o-dia-de-sensibilizacao-sobre-queimadas\/\",\"name\":\"PrevInc\u00eandio realiza 2\u00ba dia de sensibiliza\u00e7\u00e3o sobre queimadas - PORTAL DE NOT\u00cdCIAS CLEITON PINHEIRO\",\"isPartOf\":{\"@id\":\"https:\/\/cleitonpinheiro.com.br\/site\/#website\"},\"primaryImageOfPage\":{\"@id\":\"https:\/\/cleitonpinheiro.com.br\/site\/previncendio-realiza-2o-dia-de-sensibilizacao-sobre-queimadas\/#primaryimage\"},\"image\":{\"@id\":\"https:\/\/cleitonpinheiro.com.br\/site\/previncendio-realiza-2o-dia-de-sensibilizacao-sobre-queimadas\/#primaryimage\"},\"thumbnailUrl\":\"https:\/\/cleitonpinheiro.com.br\/site\/wp-content\/uploads\/2023\/08\/unnamed.png\",\"datePublished\":\"2023-08-14T12:54:32+00:00\",\"dateModified\":\"2023-08-14T12:54:35+00:00\",\"breadcrumb\":{\"@id\":\"https:\/\/cleitonpinheiro.com.br\/site\/previncendio-realiza-2o-dia-de-sensibilizacao-sobre-queimadas\/#breadcrumb\"},\"inLanguage\":\"pt-BR\",\"potentialAction\":[{\"@type\":\"ReadAction\",\"target\":[\"https:\/\/cleitonpinheiro.com.br\/site\/previncendio-realiza-2o-dia-de-sensibilizacao-sobre-queimadas\/\"]}]},{\"@type\":\"ImageObject\",\"inLanguage\":\"pt-BR\",\"@id\":\"https:\/\/cleitonpinheiro.com.br\/site\/previncendio-realiza-2o-dia-de-sensibilizacao-sobre-queimadas\/#primaryimage\",\"url\":\"\",\"contentUrl\":\"\"},{\"@type\":\"BreadcrumbList\",\"@id\":\"https:\/\/cleitonpinheiro.com.br\/site\/previncendio-realiza-2o-dia-de-sensibilizacao-sobre-queimadas\/#breadcrumb\",\"itemListElement\":[{\"@type\":\"ListItem\",\"position\":1,\"name\":\"In\u00edcio\",\"item\":\"https:\/\/cleitonpinheiro.com.br\/site\/\"},{\"@type\":\"ListItem\",\"position\":2,\"name\":\"PrevInc\u00eandio realiza 2\u00ba dia de sensibiliza\u00e7\u00e3o sobre queimadas\"}]},{\"@type\":\"WebSite\",\"@id\":\"https:\/\/cleitonpinheiro.com.br\/site\/#website\",\"url\":\"https:\/\/cleitonpinheiro.com.br\/site\/\",\"name\":\"PORTAL DE NOT\u00cdCIAS CLEITON PINHEIRO\",\"description\":\"FALANDO A VERDADE\",\"publisher\":{\"@id\":\"https:\/\/cleitonpinheiro.com.br\/site\/#organization\"},\"potentialAction\":[{\"@type\":\"SearchAction\",\"target\":{\"@type\":\"EntryPoint\",\"urlTemplate\":\"https:\/\/cleitonpinheiro.com.br\/site\/?s={search_term_string}\"},\"query-input\":{\"@type\":\"PropertyValueSpecification\",\"valueRequired\":true,\"valueName\":\"search_term_string\"}}],\"inLanguage\":\"pt-BR\"},{\"@type\":\"Organization\",\"@id\":\"https:\/\/cleitonpinheiro.com.br\/site\/#organization\",\"name\":\"CPNOT\u00cdCIAS\",\"url\":\"https:\/\/cleitonpinheiro.com.br\/site\/\",\"logo\":{\"@type\":\"ImageObject\",\"inLanguage\":\"pt-BR\",\"@id\":\"https:\/\/cleitonpinheiro.com.br\/site\/#\/schema\/logo\/image\/\",\"url\":\"https:\/\/cleitonpinheiro.com.br\/site\/wp-content\/uploads\/2022\/08\/Logo-pequena-2.png\",\"contentUrl\":\"https:\/\/cleitonpinheiro.com.br\/site\/wp-content\/uploads\/2022\/08\/Logo-pequena-2.png\",\"width\":500,\"height\":500,\"caption\":\"CPNOT\u00cdCIAS\"},\"image\":{\"@id\":\"https:\/\/cleitonpinheiro.com.br\/site\/#\/schema\/logo\/image\/\"},\"sameAs\":[\"https:\/\/www.facebook.com\/portalcpnoticias\/\"]},{\"@type\":\"Person\",\"@id\":\"https:\/\/cleitonpinheiro.com.br\/site\/#\/schema\/person\/8f04544e0bc40a1b68775b08360f87db\",\"name\":\"Reda\u00e7\u00e3o CP\",\"image\":{\"@type\":\"ImageObject\",\"inLanguage\":\"pt-BR\",\"@id\":\"https:\/\/cleitonpinheiro.com.br\/site\/#\/schema\/person\/image\/\",\"url\":\"https:\/\/secure.gravatar.com\/avatar\/0bcf19cb29fdc8fc588c490c7ae1b3e174dac268586a63fbe1d1893a0f9020cd?s=96&r=g\",\"contentUrl\":\"https:\/\/secure.gravatar.com\/avatar\/0bcf19cb29fdc8fc588c490c7ae1b3e174dac268586a63fbe1d1893a0f9020cd?s=96&r=g\",\"caption\":\"Reda\u00e7\u00e3o CP\"},\"url\":\"https:\/\/cleitonpinheiro.com.br\/site\/author\/redacao\/\"}]}<\/script>\n<!-- \/ Yoast SEO plugin. -->","yoast_head_json":{"title":"PrevInc\u00eandio realiza 2\u00ba dia de sensibiliza\u00e7\u00e3o sobre queimadas - PORTAL DE NOT\u00cdCIAS CLEITON PINHEIRO","robots":{"index":"index","follow":"follow","max-snippet":"max-snippet:-1","max-image-preview":"max-image-preview:large","max-video-preview":"max-video-preview:-1"},"canonical":"https:\/\/cleitonpinheiro.com.br\/site\/previncendio-realiza-2o-dia-de-sensibilizacao-sobre-queimadas\/","og_locale":"pt_BR","og_type":"article","og_title":"PrevInc\u00eandio realiza 2\u00ba dia de sensibiliza\u00e7\u00e3o sobre queimadas - PORTAL DE NOT\u00cdCIAS CLEITON PINHEIRO","og_description":"O Comit\u00ea Municipal de Preven\u00e7\u00e3o, Controle e Combate aos Inc\u00eandios Florestais e Urbanos (PrevInc\u00eandio) realizou neste s\u00e1bado, 12, o segundo Dia \u2018D\u2019 de Sensibiliza\u00e7\u00e3o e Preven\u00e7\u00e3o \u00e0s Queimadas. Desta vez a atividade foi realizada com a comunidade rural do distrito de Taquaru\u00e7u e reuniu representantes da Funda\u00e7\u00e3o Municipal de Meio Ambiente (FMA), Defesa Civil de [&hellip;]","og_url":"https:\/\/cleitonpinheiro.com.br\/site\/previncendio-realiza-2o-dia-de-sensibilizacao-sobre-queimadas\/","og_site_name":"PORTAL DE NOT\u00cdCIAS CLEITON PINHEIRO","article_publisher":"https:\/\/www.facebook.com\/portalcpnoticias\/","article_published_time":"2023-08-14T12:54:32+00:00","article_modified_time":"2023-08-14T12:54:35+00:00","og_image":[{"width":1080,"height":1080,"url":"https:\/\/cleitonpinheiro.com.br\/site\/wp-content\/uploads\/2023\/08\/unnamed.png","type":"image\/png"}],"author":"Reda\u00e7\u00e3o CP","twitter_card":"summary_large_image","twitter_misc":{"Escrito por":"Reda\u00e7\u00e3o CP","Est. tempo de leitura":"2 minutos"},"schema":{"@context":"https:\/\/schema.org","@graph":[{"@type":"Article","@id":"https:\/\/cleitonpinheiro.com.br\/site\/previncendio-realiza-2o-dia-de-sensibilizacao-sobre-queimadas\/#article","isPartOf":{"@id":"https:\/\/cleitonpinheiro.com.br\/site\/previncendio-realiza-2o-dia-de-sensibilizacao-sobre-queimadas\/"},"author":{"name":"Reda\u00e7\u00e3o CP","@id":"https:\/\/cleitonpinheiro.com.br\/site\/#\/schema\/person\/8f04544e0bc40a1b68775b08360f87db"},"headline":"PrevInc\u00eandio realiza 2\u00ba dia de sensibiliza\u00e7\u00e3o sobre queimadas","datePublished":"2023-08-14T12:54:32+00:00","dateModified":"2023-08-14T12:54:35+00:00","mainEntityOfPage":{"@id":"https:\/\/cleitonpinheiro.com.br\/site\/previncendio-realiza-2o-dia-de-sensibilizacao-sobre-queimadas\/"},"wordCount":332,"commentCount":0,"publisher":{"@id":"https:\/\/cleitonpinheiro.com.br\/site\/#organization"},"image":{"@id":"https:\/\/cleitonpinheiro.com.br\/site\/previncendio-realiza-2o-dia-de-sensibilizacao-sobre-queimadas\/#primaryimage"},"thumbnailUrl":"https:\/\/cleitonpinheiro.com.br\/site\/wp-content\/uploads\/2023\/08\/unnamed.png","keywords":["Combate \u00e0s queimadas","Prefeitura de Palmas"],"articleSection":["CIDADES","MANCHETE SEGUND\u00c1RIA"],"inLanguage":"pt-BR","potentialAction":[{"@type":"CommentAction","name":"Comment","target":["https:\/\/cleitonpinheiro.com.br\/site\/previncendio-realiza-2o-dia-de-sensibilizacao-sobre-queimadas\/#respond"]}]},{"@type":"WebPage","@id":"https:\/\/cleitonpinheiro.com.br\/site\/previncendio-realiza-2o-dia-de-sensibilizacao-sobre-queimadas\/","url":"https:\/\/cleitonpinheiro.com.br\/site\/previncendio-realiza-2o-dia-de-sensibilizacao-sobre-queimadas\/","name":"PrevInc\u00eandio realiza 2\u00ba dia de sensibiliza\u00e7\u00e3o sobre queimadas - PORTAL DE NOT\u00cdCIAS CLEITON PINHEIRO","isPartOf":{"@id":"https:\/\/cleitonpinheiro.com.br\/site\/#website"},"primaryImageOfPage":{"@id":"https:\/\/cleitonpinheiro.com.br\/site\/previncendio-realiza-2o-dia-de-sensibilizacao-sobre-queimadas\/#primaryimage"},"image":{"@id":"https:\/\/cleitonpinheiro.com.br\/site\/previncendio-realiza-2o-dia-de-sensibilizacao-sobre-queimadas\/#primaryimage"},"thumbnailUrl":"https:\/\/cleitonpinheiro.com.br\/site\/wp-content\/uploads\/2023\/08\/unnamed.png","datePublished":"2023-08-14T12:54:32+00:00","dateModified":"2023-08-14T12:54:35+00:00","breadcrumb":{"@id":"https:\/\/cleitonpinheiro.com.br\/site\/previncendio-realiza-2o-dia-de-sensibilizacao-sobre-queimadas\/#breadcrumb"},"inLanguage":"pt-BR","potentialAction":[{"@type":"ReadAction","target":["https:\/\/cleitonpinheiro.com.br\/site\/previncendio-realiza-2o-dia-de-sensibilizacao-sobre-queimadas\/"]}]},{"@type":"ImageObject","inLanguage":"pt-BR","@id":"https:\/\/cleitonpinheiro.com.br\/site\/previncendio-realiza-2o-dia-de-sensibilizacao-sobre-queimadas\/#primaryimage","url":"","contentUrl":""},{"@type":"BreadcrumbList","@id":"https:\/\/cleitonpinheiro.com.br\/site\/previncendio-realiza-2o-dia-de-sensibilizacao-sobre-queimadas\/#breadcrumb","itemListElement":[{"@type":"ListItem","position":1,"name":"In\u00edcio","item":"https:\/\/cleitonpinheiro.com.br\/site\/"},{"@type":"ListItem","position":2,"name":"PrevInc\u00eandio realiza 2\u00ba dia de sensibiliza\u00e7\u00e3o sobre queimadas"}]},{"@type":"WebSite","@id":"https:\/\/cleitonpinheiro.com.br\/site\/#website","url":"https:\/\/cleitonpinheiro.com.br\/site\/","name":"PORTAL DE NOT\u00cdCIAS CLEITON PINHEIRO","description":"FALANDO A VERDADE","publisher":{"@id":"https:\/\/cleitonpinheiro.com.br\/site\/#organization"},"potentialAction":[{"@type":"SearchAction","target":{"@type":"EntryPoint","urlTemplate":"https:\/\/cleitonpinheiro.com.br\/site\/?s={search_term_string}"},"query-input":{"@type":"PropertyValueSpecification","valueRequired":true,"valueName":"search_term_string"}}],"inLanguage":"pt-BR"},{"@type":"Organization","@id":"https:\/\/cleitonpinheiro.com.br\/site\/#organization","name":"CPNOT\u00cdCIAS","url":"https:\/\/cleitonpinheiro.com.br\/site\/","logo":{"@type":"ImageObject","inLanguage":"pt-BR","@id":"https:\/\/cleitonpinheiro.com.br\/site\/#\/schema\/logo\/image\/","url":"https:\/\/cleitonpinheiro.com.br\/site\/wp-content\/uploads\/2022\/08\/Logo-pequena-2.png","contentUrl":"https:\/\/cleitonpinheiro.com.br\/site\/wp-content\/uploads\/2022\/08\/Logo-pequena-2.png","width":500,"height":500,"caption":"CPNOT\u00cdCIAS"},"image":{"@id":"https:\/\/cleitonpinheiro.com.br\/site\/#\/schema\/logo\/image\/"},"sameAs":["https:\/\/www.facebook.com\/portalcpnoticias\/"]},{"@type":"Person","@id":"https:\/\/cleitonpinheiro.com.br\/site\/#\/schema\/person\/8f04544e0bc40a1b68775b08360f87db","name":"Reda\u00e7\u00e3o CP","image":{"@type":"ImageObject","inLanguage":"pt-BR","@id":"https:\/\/cleitonpinheiro.com.br\/site\/#\/schema\/person\/image\/","url":"https:\/\/secure.gravatar.com\/avatar\/0bcf19cb29fdc8fc588c490c7ae1b3e174dac268586a63fbe1d1893a0f9020cd?s=96&r=g","contentUrl":"https:\/\/secure.gravatar.com\/avatar\/0bcf19cb29fdc8fc588c490c7ae1b3e174dac268586a63fbe1d1893a0f9020cd?s=96&r=g","caption":"Reda\u00e7\u00e3o CP"},"url":"https:\/\/cleitonpinheiro.com.br\/site\/author\/redacao\/"}]}},"views":109,"_links":{"self":[{"href":"https:\/\/cleitonpinheiro.com.br\/site\/wp-json\/wp\/v2\/posts\/73426","targetHints":{"allow":["GET"]}}],"collection":[{"href":"https:\/\/cleitonpinheiro.com.br\/site\/wp-json\/wp\/v2\/posts"}],"about":[{"href":"https:\/\/cleitonpinheiro.com.br\/site\/wp-json\/wp\/v2\/types\/post"}],"author":[{"embeddable":true,"href":"https:\/\/cleitonpinheiro.com.br\/site\/wp-json\/wp\/v2\/users\/13"}],"replies":[{"embeddable":true,"href":"https:\/\/cleitonpinheiro.com.br\/site\/wp-json\/wp\/v2\/comments?post=73426"}],"version-history":[{"count":1,"href":"https:\/\/cleitonpinheiro.com.br\/site\/wp-json\/wp\/v2\/posts\/73426\/revisions"}],"predecessor-version":[{"id":73428,"href":"https:\/\/cleitonpinheiro.com.br\/site\/wp-json\/wp\/v2\/posts\/73426\/revisions\/73428"}],"wp:attachment":[{"href":"https:\/\/cleitonpinheiro.com.br\/site\/wp-json\/wp\/v2\/media?parent=73426"}],"wp:term":[{"taxonomy":"category","embeddable":true,"href":"https:\/\/cleitonpinheiro.com.br\/site\/wp-json\/wp\/v2\/categories?post=73426"},{"taxonomy":"post_tag","embeddable":true,"href":"https:\/\/cleitonpinheiro.com.br\/site\/wp-json\/wp\/v2\/tags?post=73426"}],"curies":[{"name":"wp","href":"https:\/\/api.w.org\/{rel}","templated":true}]}}