{"id":73439,"date":"2023-08-14T10:19:36","date_gmt":"2023-08-14T13:19:36","guid":{"rendered":"https:\/\/cleitonpinheiro.com.br\/site\/?p=73439"},"modified":"2023-12-27T11:42:44","modified_gmt":"2023-12-27T14:42:44","slug":"van-gogh-entre-o-trigo-e-o-ceu-e-destaque-na-mostra-do-cine-cultura","status":"publish","type":"post","link":"https:\/\/cleitonpinheiro.com.br\/site\/van-gogh-entre-o-trigo-e-o-ceu-e-destaque-na-mostra-do-cine-cultura\/","title":{"rendered":"Van Gogh, entre o Trigo e o C\u00e9u \u00e9 destaque na mostra do Cine Cultura"},"content":{"rendered":"\n<figure class=\"wp-block-image size-full\"><img decoding=\"async\" src=\"https:\/\/cleitonpinheiro.com.br\/site\/wp-content\/uploads\/2023\/08\/2c2ebb6225c44d4098317e0646bcd400.jpg\" alt=\"\" class=\"wp-image-73440\"\/><figcaption class=\"wp-element-caption\">Em \u2018Van Gogh, entre o Trigo e o C\u00e9u\u2019 \u00e9 apresentado um novo olhar sobre o pintor Van Gogh atrav\u00e9s do legado da maior colecionadora do artista, Helene Kr\u00f6ller-M\u00fclle &#8211; Foto: Divulga\u00e7\u00e3o<\/figcaption><\/figure>\n\n\n\n<p class=\"wp-block-paragraph\">A Programa\u00e7\u00e3o do Cine Cultura para a semana de 10 a 16 de agosto destaca o longa Van Gogh, entre o Trigo e o C\u00e9u. O\u00a0filme comp\u00f5e a mostra \u2018A Grande Arte no Cinema\u2019, que exibe filmes sobre grandes artistas das artes visuais. \u00a0A programa\u00e7\u00e3o continua com a Sess\u00e3o Retratos do Brasil, que apresenta diferentes formas de pensar a vida em sociedade e suas diferentes realidades.\u00a0<\/p>\n\n\n\n<p class=\"wp-block-paragraph\">Na mostra, A Risi Film Brasil em colabora\u00e7\u00e3o com o 8 \u00bd Festa do Cinema Italiano e em parceria com a Funda\u00e7\u00e3o Cultural de Palmas apresentam um ciclo de cinema dedicado \u00e0s artes visuais e aos grandes artistas de todos os tempos.&nbsp;<\/p>\n\n\n\n<p class=\"wp-block-paragraph\">Em \u2018Van Gogh, entre o Trigo e o C\u00e9u\u2019 \u00e9 apresentado um novo olhar sobre o pintor Van Gogh atrav\u00e9s do legado da maior colecionadora do artista, Helene Kr\u00f6ller-M\u00fcller que, no in\u00edcio do s\u00e9culo XX, acabou por comprar quase 300 das suas obras, pinturas e desenhos. A oportunidade de contar o modo como a arte de Van Gogh evoluiu, e tamb\u00e9m sobre a cole\u00e7\u00e3o de Helene Kr\u00f6ller-M\u00fcller, foi poss\u00edvel gra\u00e7as \u00e0 grande exposi\u00e7\u00e3o, Van Gogh Entre o Trigo e o C\u00e9u, na Bas\u00edlica Palladiana em Vicenza.<\/p>\n\n\n\n<p class=\"wp-block-paragraph\"><strong>Retratos Fantasmas<\/strong><br>O Cine Cultura tamb\u00e9m iniciou a venda de ingressos para \u2018Retratos Fantasmas\u2019 de Kleber Mendon\u00e7a Filho, mesmo diretor de \u2018Bacurau\u2019, \u2018O Som ao Redor\u2019 e \u2018Aquarius\u2019. \u00a0Apresentado pela Vitrine Filmes e a Cinemasc\u00f3pio, o filme ter\u00e1 pr\u00e9-estreia no Cine Cultura no dia 18 de agosto. Exibido primeiro\u00a0no festival de Cannes, \u2018Retratos Fantasmas\u2019 ter\u00e1 sua estreia nacional na noite de abertura do 51\u00ba Festival de Gramado e pr\u00e9-estreias abertas ao p\u00fablico nos dias 18 e 19\/08.\u00a0<\/p>\n\n\n\n<p class=\"wp-block-paragraph\">Os ingressos est\u00e3o dispon\u00edveis no Cine Cultura Palmas, a partir desta quinta, 10 de agosto, no hor\u00e1rio das 16h30 \u00e0s 20 horas.<br><br><br><strong>Sess\u00e3o Retratos do Brasil<\/strong><br>Um ciclo de filmes com exibi\u00e7\u00e3o de variados retratos documentais do Brasil.<br>Diferentes formas de pensar sobre pol\u00edtica, cultura, seguran\u00e7a, educa\u00e7\u00e3o, sa\u00fade, meio ambiente, acessibilidade e territ\u00f3rios.&nbsp;<br>Sess\u00e3o direcionada a todas as pessoas que buscam conhecer os diferentes retratos documentais do Brasil.<br>Ingresso: R$ 7,50 para todos.<br><br><br><strong>Programa\u00e7\u00e3o&nbsp;<\/strong><br>O Cine Cultura Palmas reserva o direito de alterar a programa\u00e7\u00e3o sem aviso pr\u00e9vio.<\/p>\n\n\n\n<p class=\"wp-block-paragraph\"><strong>Quinta: 10\/08\/2023<br>16h10 -Terras Infinitas, Cau\u00ea Brand\u00e3o<\/strong><br>Drama|Brasil2023|112\u2019<br>Classifica\u00e7\u00e3o: 14 anos<\/p>\n\n\n\n<p class=\"wp-block-paragraph\"><strong>18h- Brichos 3 &#8211; Megavirus, Paulo Munhoz<\/strong><br>Anima\u00e7\u00e3o, aventura|Brasil|2023|74\u2019<br>Classifica\u00e7\u00e3o: Livre&nbsp;<\/p>\n\n\n\n<p class=\"wp-block-paragraph\"><strong>19h30- Brichos 3 &#8211; Megavirus, Paulo Munhoz<\/strong><br>Anima\u00e7\u00e3o, aventura|Brasil|2023|74\u2019<br>Classifica\u00e7\u00e3o: Livre<\/p>\n\n\n\n<p class=\"wp-block-paragraph\"><br><strong>Sexta: 11\/08\/2023<br>Mostra A Grande Arte no Cinema<br>16h30- Klimt &amp; Schiele &#8211; Eros e Psique, Michele Mall<\/strong>y<br>Document\u00e1rio |It\u00e1lia| 2018| 95&#8242;<br>Classifica\u00e7\u00e3o: 12 anos<\/p>\n\n\n\n<p class=\"wp-block-paragraph\"><strong>18h- Brichos 3 &#8211; Megavirus, Paulo Munhoz<\/strong><br>Anima\u00e7\u00e3o, aventura|Brasil|2023|74\u2019<br>Classifica\u00e7\u00e3o: Livre&nbsp;<\/p>\n\n\n\n<p class=\"wp-block-paragraph\"><strong>19h30- Brichos 3 &#8211; Megavirus, Paulo Munhoz<\/strong><br>Anima\u00e7\u00e3o, aventura|Brasil|2023|74\u2019<br>Classifica\u00e7\u00e3o: Livre<\/p>\n\n\n\n<p class=\"wp-block-paragraph\"><br><strong>S\u00e1bado: 12\/08\/2023<br>Mostra A Grande Arte no Cinema<br>16h30- Van Gogh &#8211; Entre o Trigo e o C\u00e9u, Giovanni Piscaglia<\/strong><br>Document\u00e1rio| It\u00e1lia| 2019| 95&#8242;<br>Classifica\u00e7\u00e3o: 12 anos&nbsp;<\/p>\n\n\n\n<p class=\"wp-block-paragraph\"><strong>Sess\u00e3o Retratos do Brasil<br>18h30 &#8211; M\u00f4a, Ra\u00edz Afro M\u00e3e, Gustavo McNair<\/strong><br>Document\u00e1rio| Brasil|2022|102\u2019<br>Classifica\u00e7\u00e3o: 14 anos&nbsp;<\/p>\n\n\n\n<p class=\"wp-block-paragraph\"><strong>20h30 -Terras Infinitas, Cau\u00ea Brand\u00e3o<\/strong><br>Drama|Brasil2023|112\u2019<br>Classifica\u00e7\u00e3o: 14 anos<\/p>\n\n\n\n<p class=\"wp-block-paragraph\"><br><strong>Domingo: 13\/08\/2023<br>16h30 -Sess\u00e3o Vitrine&nbsp;<\/strong><br>Can\u00e7\u00e3o Ao Longe, Clarissa Campolina<br>Drama| Brasil| 2022|75\u2019<br>Classifica\u00e7\u00e3o: 14 anos<\/p>\n\n\n\n<p class=\"wp-block-paragraph\"><strong>Sess\u00e3o Retratos do Brasil<br>18h30 &#8211; M\u00f4a, Ra\u00edz Afro M\u00e3e, Gustavo McNair<\/strong><br>Document\u00e1rio| Brasil|2022|102\u2019<br>Classifica\u00e7\u00e3o: 14 anos&nbsp;<\/p>\n\n\n\n<p class=\"wp-block-paragraph\"><strong>Mostra A Grande Arte no Cinema<br>20h30- Klimt &amp; Schiele &#8211; Eros e Psique, Michele Mally<\/strong><br>Document\u00e1rio |It\u00e1lia| 2018| 95&#8242;<br>Classifica\u00e7\u00e3o: 12 anos<\/p>\n\n\n\n<p class=\"wp-block-paragraph\"><br><strong>Quarta:15\/08\/2023<br>Mostra A Grande Arte no Cinema<\/strong><br>16h30- Tintoretto &#8211; Um rebelde em Veneza, Giuseppe Domingo Romano<br>Document\u00e1rio| It\u00e1lia|2019|96\u2019<br>Classifica\u00e7\u00e3o: 12 anos<\/p>\n\n\n\n<p class=\"wp-block-paragraph\"><strong>18h30 -Sess\u00e3o Vitrine&nbsp;<br>Can\u00e7\u00e3o Ao Longe, Clarissa Campolina<\/strong><br>Drama| Brasil| 2022|75\u2019<br>Classifica\u00e7\u00e3o: 14 anos<\/p>\n\n\n\n<p class=\"wp-block-paragraph\"><strong>20h30 -Terras Infinitas, Cau\u00ea Brand\u00e3o<br>Drama|Brasil2023|112\u2019<\/strong><br>Classifica\u00e7\u00e3o: 14 anos<\/p>\n","protected":false},"excerpt":{"rendered":"<p>A Programa\u00e7\u00e3o do Cine Cultura para a semana de 10 a 16 de agosto destaca o longa Van Gogh, entre o Trigo e o C\u00e9u. O\u00a0filme comp\u00f5e a mostra \u2018A Grande Arte no Cinema\u2019, que exibe filmes sobre grandes artistas das artes visuais. \u00a0A programa\u00e7\u00e3o continua com a Sess\u00e3o Retratos do Brasil, que apresenta diferentes [&hellip;]<\/p>\n","protected":false},"author":13,"featured_media":0,"comment_status":"open","ping_status":"open","sticky":false,"template":"","format":"standard","meta":{"_acf_changed":false,"footnotes":""},"categories":[22,21],"tags":[1144,720],"class_list":["post-73439","post","type-post","status-publish","format-standard","hentry","category-cidades","category-todas-noticias","tag-cine-cultura-palmas","tag-prefeitura-de-palmas"],"acf":[],"yoast_head":"<!-- This site is optimized with the Yoast SEO plugin v24.4 - https:\/\/yoast.com\/wordpress\/plugins\/seo\/ -->\n<title>Van Gogh, entre o Trigo e o C\u00e9u \u00e9 destaque na mostra do Cine Cultura - PORTAL DE NOT\u00cdCIAS CLEITON PINHEIRO<\/title>\n<meta name=\"robots\" content=\"index, follow, max-snippet:-1, max-image-preview:large, max-video-preview:-1\" \/>\n<link rel=\"canonical\" href=\"https:\/\/cleitonpinheiro.com.br\/site\/van-gogh-entre-o-trigo-e-o-ceu-e-destaque-na-mostra-do-cine-cultura\/\" \/>\n<meta property=\"og:locale\" content=\"pt_BR\" \/>\n<meta property=\"og:type\" content=\"article\" \/>\n<meta property=\"og:title\" content=\"Van Gogh, entre o Trigo e o C\u00e9u \u00e9 destaque na mostra do Cine Cultura - PORTAL DE NOT\u00cdCIAS CLEITON PINHEIRO\" \/>\n<meta property=\"og:description\" content=\"A Programa\u00e7\u00e3o do Cine Cultura para a semana de 10 a 16 de agosto destaca o longa Van Gogh, entre o Trigo e o C\u00e9u. O\u00a0filme comp\u00f5e a mostra \u2018A Grande Arte no Cinema\u2019, que exibe filmes sobre grandes artistas das artes visuais. \u00a0A programa\u00e7\u00e3o continua com a Sess\u00e3o Retratos do Brasil, que apresenta diferentes [&hellip;]\" \/>\n<meta property=\"og:url\" content=\"https:\/\/cleitonpinheiro.com.br\/site\/van-gogh-entre-o-trigo-e-o-ceu-e-destaque-na-mostra-do-cine-cultura\/\" \/>\n<meta property=\"og:site_name\" content=\"PORTAL DE NOT\u00cdCIAS CLEITON PINHEIRO\" \/>\n<meta property=\"article:publisher\" content=\"https:\/\/www.facebook.com\/portalcpnoticias\/\" \/>\n<meta property=\"article:published_time\" content=\"2023-08-14T13:19:36+00:00\" \/>\n<meta property=\"article:modified_time\" content=\"2023-12-27T14:42:44+00:00\" \/>\n<meta property=\"og:image\" content=\"https:\/\/cleitonpinheiro.com.br\/site\/wp-content\/uploads\/2023\/08\/2c2ebb6225c44d4098317e0646bcd400.jpg\" \/>\n\t<meta property=\"og:image:width\" content=\"800\" \/>\n\t<meta property=\"og:image:height\" content=\"449\" \/>\n\t<meta property=\"og:image:type\" content=\"image\/jpeg\" \/>\n<meta name=\"author\" content=\"Reda\u00e7\u00e3o CP\" \/>\n<meta name=\"twitter:card\" content=\"summary_large_image\" \/>\n<meta name=\"twitter:label1\" content=\"Escrito por\" \/>\n\t<meta name=\"twitter:data1\" content=\"Reda\u00e7\u00e3o CP\" \/>\n\t<meta name=\"twitter:label2\" content=\"Est. tempo de leitura\" \/>\n\t<meta name=\"twitter:data2\" content=\"4 minutos\" \/>\n<script type=\"application\/ld+json\" class=\"yoast-schema-graph\">{\"@context\":\"https:\/\/schema.org\",\"@graph\":[{\"@type\":\"Article\",\"@id\":\"https:\/\/cleitonpinheiro.com.br\/site\/van-gogh-entre-o-trigo-e-o-ceu-e-destaque-na-mostra-do-cine-cultura\/#article\",\"isPartOf\":{\"@id\":\"https:\/\/cleitonpinheiro.com.br\/site\/van-gogh-entre-o-trigo-e-o-ceu-e-destaque-na-mostra-do-cine-cultura\/\"},\"author\":{\"name\":\"Reda\u00e7\u00e3o CP\",\"@id\":\"https:\/\/cleitonpinheiro.com.br\/site\/#\/schema\/person\/8f04544e0bc40a1b68775b08360f87db\"},\"headline\":\"Van Gogh, entre o Trigo e o C\u00e9u \u00e9 destaque na mostra do Cine Cultura\",\"datePublished\":\"2023-08-14T13:19:36+00:00\",\"dateModified\":\"2023-12-27T14:42:44+00:00\",\"mainEntityOfPage\":{\"@id\":\"https:\/\/cleitonpinheiro.com.br\/site\/van-gogh-entre-o-trigo-e-o-ceu-e-destaque-na-mostra-do-cine-cultura\/\"},\"wordCount\":712,\"commentCount\":0,\"publisher\":{\"@id\":\"https:\/\/cleitonpinheiro.com.br\/site\/#organization\"},\"image\":{\"@id\":\"https:\/\/cleitonpinheiro.com.br\/site\/van-gogh-entre-o-trigo-e-o-ceu-e-destaque-na-mostra-do-cine-cultura\/#primaryimage\"},\"thumbnailUrl\":\"https:\/\/cleitonpinheiro.com.br\/site\/wp-content\/uploads\/2023\/08\/2c2ebb6225c44d4098317e0646bcd400.jpg\",\"keywords\":[\"Cine Cultura Palmas\",\"Prefeitura de Palmas\"],\"articleSection\":[\"CIDADES\",\"TODAS NOTICIAS\"],\"inLanguage\":\"pt-BR\",\"potentialAction\":[{\"@type\":\"CommentAction\",\"name\":\"Comment\",\"target\":[\"https:\/\/cleitonpinheiro.com.br\/site\/van-gogh-entre-o-trigo-e-o-ceu-e-destaque-na-mostra-do-cine-cultura\/#respond\"]}]},{\"@type\":\"WebPage\",\"@id\":\"https:\/\/cleitonpinheiro.com.br\/site\/van-gogh-entre-o-trigo-e-o-ceu-e-destaque-na-mostra-do-cine-cultura\/\",\"url\":\"https:\/\/cleitonpinheiro.com.br\/site\/van-gogh-entre-o-trigo-e-o-ceu-e-destaque-na-mostra-do-cine-cultura\/\",\"name\":\"Van Gogh, entre o Trigo e o C\u00e9u \u00e9 destaque na mostra do Cine Cultura - PORTAL DE NOT\u00cdCIAS CLEITON PINHEIRO\",\"isPartOf\":{\"@id\":\"https:\/\/cleitonpinheiro.com.br\/site\/#website\"},\"primaryImageOfPage\":{\"@id\":\"https:\/\/cleitonpinheiro.com.br\/site\/van-gogh-entre-o-trigo-e-o-ceu-e-destaque-na-mostra-do-cine-cultura\/#primaryimage\"},\"image\":{\"@id\":\"https:\/\/cleitonpinheiro.com.br\/site\/van-gogh-entre-o-trigo-e-o-ceu-e-destaque-na-mostra-do-cine-cultura\/#primaryimage\"},\"thumbnailUrl\":\"https:\/\/cleitonpinheiro.com.br\/site\/wp-content\/uploads\/2023\/08\/2c2ebb6225c44d4098317e0646bcd400.jpg\",\"datePublished\":\"2023-08-14T13:19:36+00:00\",\"dateModified\":\"2023-12-27T14:42:44+00:00\",\"breadcrumb\":{\"@id\":\"https:\/\/cleitonpinheiro.com.br\/site\/van-gogh-entre-o-trigo-e-o-ceu-e-destaque-na-mostra-do-cine-cultura\/#breadcrumb\"},\"inLanguage\":\"pt-BR\",\"potentialAction\":[{\"@type\":\"ReadAction\",\"target\":[\"https:\/\/cleitonpinheiro.com.br\/site\/van-gogh-entre-o-trigo-e-o-ceu-e-destaque-na-mostra-do-cine-cultura\/\"]}]},{\"@type\":\"ImageObject\",\"inLanguage\":\"pt-BR\",\"@id\":\"https:\/\/cleitonpinheiro.com.br\/site\/van-gogh-entre-o-trigo-e-o-ceu-e-destaque-na-mostra-do-cine-cultura\/#primaryimage\",\"url\":\"\",\"contentUrl\":\"\"},{\"@type\":\"BreadcrumbList\",\"@id\":\"https:\/\/cleitonpinheiro.com.br\/site\/van-gogh-entre-o-trigo-e-o-ceu-e-destaque-na-mostra-do-cine-cultura\/#breadcrumb\",\"itemListElement\":[{\"@type\":\"ListItem\",\"position\":1,\"name\":\"In\u00edcio\",\"item\":\"https:\/\/cleitonpinheiro.com.br\/site\/\"},{\"@type\":\"ListItem\",\"position\":2,\"name\":\"Van Gogh, entre o Trigo e o C\u00e9u \u00e9 destaque na mostra do Cine Cultura\"}]},{\"@type\":\"WebSite\",\"@id\":\"https:\/\/cleitonpinheiro.com.br\/site\/#website\",\"url\":\"https:\/\/cleitonpinheiro.com.br\/site\/\",\"name\":\"PORTAL DE NOT\u00cdCIAS CLEITON PINHEIRO\",\"description\":\"FALANDO A VERDADE\",\"publisher\":{\"@id\":\"https:\/\/cleitonpinheiro.com.br\/site\/#organization\"},\"potentialAction\":[{\"@type\":\"SearchAction\",\"target\":{\"@type\":\"EntryPoint\",\"urlTemplate\":\"https:\/\/cleitonpinheiro.com.br\/site\/?s={search_term_string}\"},\"query-input\":{\"@type\":\"PropertyValueSpecification\",\"valueRequired\":true,\"valueName\":\"search_term_string\"}}],\"inLanguage\":\"pt-BR\"},{\"@type\":\"Organization\",\"@id\":\"https:\/\/cleitonpinheiro.com.br\/site\/#organization\",\"name\":\"CPNOT\u00cdCIAS\",\"url\":\"https:\/\/cleitonpinheiro.com.br\/site\/\",\"logo\":{\"@type\":\"ImageObject\",\"inLanguage\":\"pt-BR\",\"@id\":\"https:\/\/cleitonpinheiro.com.br\/site\/#\/schema\/logo\/image\/\",\"url\":\"https:\/\/cleitonpinheiro.com.br\/site\/wp-content\/uploads\/2022\/08\/Logo-pequena-2.png\",\"contentUrl\":\"https:\/\/cleitonpinheiro.com.br\/site\/wp-content\/uploads\/2022\/08\/Logo-pequena-2.png\",\"width\":500,\"height\":500,\"caption\":\"CPNOT\u00cdCIAS\"},\"image\":{\"@id\":\"https:\/\/cleitonpinheiro.com.br\/site\/#\/schema\/logo\/image\/\"},\"sameAs\":[\"https:\/\/www.facebook.com\/portalcpnoticias\/\"]},{\"@type\":\"Person\",\"@id\":\"https:\/\/cleitonpinheiro.com.br\/site\/#\/schema\/person\/8f04544e0bc40a1b68775b08360f87db\",\"name\":\"Reda\u00e7\u00e3o CP\",\"image\":{\"@type\":\"ImageObject\",\"inLanguage\":\"pt-BR\",\"@id\":\"https:\/\/cleitonpinheiro.com.br\/site\/#\/schema\/person\/image\/\",\"url\":\"https:\/\/secure.gravatar.com\/avatar\/0bcf19cb29fdc8fc588c490c7ae1b3e174dac268586a63fbe1d1893a0f9020cd?s=96&r=g\",\"contentUrl\":\"https:\/\/secure.gravatar.com\/avatar\/0bcf19cb29fdc8fc588c490c7ae1b3e174dac268586a63fbe1d1893a0f9020cd?s=96&r=g\",\"caption\":\"Reda\u00e7\u00e3o CP\"},\"url\":\"https:\/\/cleitonpinheiro.com.br\/site\/author\/redacao\/\"}]}<\/script>\n<!-- \/ Yoast SEO plugin. -->","yoast_head_json":{"title":"Van Gogh, entre o Trigo e o C\u00e9u \u00e9 destaque na mostra do Cine Cultura - PORTAL DE NOT\u00cdCIAS CLEITON PINHEIRO","robots":{"index":"index","follow":"follow","max-snippet":"max-snippet:-1","max-image-preview":"max-image-preview:large","max-video-preview":"max-video-preview:-1"},"canonical":"https:\/\/cleitonpinheiro.com.br\/site\/van-gogh-entre-o-trigo-e-o-ceu-e-destaque-na-mostra-do-cine-cultura\/","og_locale":"pt_BR","og_type":"article","og_title":"Van Gogh, entre o Trigo e o C\u00e9u \u00e9 destaque na mostra do Cine Cultura - PORTAL DE NOT\u00cdCIAS CLEITON PINHEIRO","og_description":"A Programa\u00e7\u00e3o do Cine Cultura para a semana de 10 a 16 de agosto destaca o longa Van Gogh, entre o Trigo e o C\u00e9u. O\u00a0filme comp\u00f5e a mostra \u2018A Grande Arte no Cinema\u2019, que exibe filmes sobre grandes artistas das artes visuais. \u00a0A programa\u00e7\u00e3o continua com a Sess\u00e3o Retratos do Brasil, que apresenta diferentes [&hellip;]","og_url":"https:\/\/cleitonpinheiro.com.br\/site\/van-gogh-entre-o-trigo-e-o-ceu-e-destaque-na-mostra-do-cine-cultura\/","og_site_name":"PORTAL DE NOT\u00cdCIAS CLEITON PINHEIRO","article_publisher":"https:\/\/www.facebook.com\/portalcpnoticias\/","article_published_time":"2023-08-14T13:19:36+00:00","article_modified_time":"2023-12-27T14:42:44+00:00","og_image":[{"width":800,"height":449,"url":"https:\/\/cleitonpinheiro.com.br\/site\/wp-content\/uploads\/2023\/08\/2c2ebb6225c44d4098317e0646bcd400.jpg","type":"image\/jpeg"}],"author":"Reda\u00e7\u00e3o CP","twitter_card":"summary_large_image","twitter_misc":{"Escrito por":"Reda\u00e7\u00e3o CP","Est. tempo de leitura":"4 minutos"},"schema":{"@context":"https:\/\/schema.org","@graph":[{"@type":"Article","@id":"https:\/\/cleitonpinheiro.com.br\/site\/van-gogh-entre-o-trigo-e-o-ceu-e-destaque-na-mostra-do-cine-cultura\/#article","isPartOf":{"@id":"https:\/\/cleitonpinheiro.com.br\/site\/van-gogh-entre-o-trigo-e-o-ceu-e-destaque-na-mostra-do-cine-cultura\/"},"author":{"name":"Reda\u00e7\u00e3o CP","@id":"https:\/\/cleitonpinheiro.com.br\/site\/#\/schema\/person\/8f04544e0bc40a1b68775b08360f87db"},"headline":"Van Gogh, entre o Trigo e o C\u00e9u \u00e9 destaque na mostra do Cine Cultura","datePublished":"2023-08-14T13:19:36+00:00","dateModified":"2023-12-27T14:42:44+00:00","mainEntityOfPage":{"@id":"https:\/\/cleitonpinheiro.com.br\/site\/van-gogh-entre-o-trigo-e-o-ceu-e-destaque-na-mostra-do-cine-cultura\/"},"wordCount":712,"commentCount":0,"publisher":{"@id":"https:\/\/cleitonpinheiro.com.br\/site\/#organization"},"image":{"@id":"https:\/\/cleitonpinheiro.com.br\/site\/van-gogh-entre-o-trigo-e-o-ceu-e-destaque-na-mostra-do-cine-cultura\/#primaryimage"},"thumbnailUrl":"https:\/\/cleitonpinheiro.com.br\/site\/wp-content\/uploads\/2023\/08\/2c2ebb6225c44d4098317e0646bcd400.jpg","keywords":["Cine Cultura Palmas","Prefeitura de Palmas"],"articleSection":["CIDADES","TODAS NOTICIAS"],"inLanguage":"pt-BR","potentialAction":[{"@type":"CommentAction","name":"Comment","target":["https:\/\/cleitonpinheiro.com.br\/site\/van-gogh-entre-o-trigo-e-o-ceu-e-destaque-na-mostra-do-cine-cultura\/#respond"]}]},{"@type":"WebPage","@id":"https:\/\/cleitonpinheiro.com.br\/site\/van-gogh-entre-o-trigo-e-o-ceu-e-destaque-na-mostra-do-cine-cultura\/","url":"https:\/\/cleitonpinheiro.com.br\/site\/van-gogh-entre-o-trigo-e-o-ceu-e-destaque-na-mostra-do-cine-cultura\/","name":"Van Gogh, entre o Trigo e o C\u00e9u \u00e9 destaque na mostra do Cine Cultura - PORTAL DE NOT\u00cdCIAS CLEITON PINHEIRO","isPartOf":{"@id":"https:\/\/cleitonpinheiro.com.br\/site\/#website"},"primaryImageOfPage":{"@id":"https:\/\/cleitonpinheiro.com.br\/site\/van-gogh-entre-o-trigo-e-o-ceu-e-destaque-na-mostra-do-cine-cultura\/#primaryimage"},"image":{"@id":"https:\/\/cleitonpinheiro.com.br\/site\/van-gogh-entre-o-trigo-e-o-ceu-e-destaque-na-mostra-do-cine-cultura\/#primaryimage"},"thumbnailUrl":"https:\/\/cleitonpinheiro.com.br\/site\/wp-content\/uploads\/2023\/08\/2c2ebb6225c44d4098317e0646bcd400.jpg","datePublished":"2023-08-14T13:19:36+00:00","dateModified":"2023-12-27T14:42:44+00:00","breadcrumb":{"@id":"https:\/\/cleitonpinheiro.com.br\/site\/van-gogh-entre-o-trigo-e-o-ceu-e-destaque-na-mostra-do-cine-cultura\/#breadcrumb"},"inLanguage":"pt-BR","potentialAction":[{"@type":"ReadAction","target":["https:\/\/cleitonpinheiro.com.br\/site\/van-gogh-entre-o-trigo-e-o-ceu-e-destaque-na-mostra-do-cine-cultura\/"]}]},{"@type":"ImageObject","inLanguage":"pt-BR","@id":"https:\/\/cleitonpinheiro.com.br\/site\/van-gogh-entre-o-trigo-e-o-ceu-e-destaque-na-mostra-do-cine-cultura\/#primaryimage","url":"","contentUrl":""},{"@type":"BreadcrumbList","@id":"https:\/\/cleitonpinheiro.com.br\/site\/van-gogh-entre-o-trigo-e-o-ceu-e-destaque-na-mostra-do-cine-cultura\/#breadcrumb","itemListElement":[{"@type":"ListItem","position":1,"name":"In\u00edcio","item":"https:\/\/cleitonpinheiro.com.br\/site\/"},{"@type":"ListItem","position":2,"name":"Van Gogh, entre o Trigo e o C\u00e9u \u00e9 destaque na mostra do Cine Cultura"}]},{"@type":"WebSite","@id":"https:\/\/cleitonpinheiro.com.br\/site\/#website","url":"https:\/\/cleitonpinheiro.com.br\/site\/","name":"PORTAL DE NOT\u00cdCIAS CLEITON PINHEIRO","description":"FALANDO A VERDADE","publisher":{"@id":"https:\/\/cleitonpinheiro.com.br\/site\/#organization"},"potentialAction":[{"@type":"SearchAction","target":{"@type":"EntryPoint","urlTemplate":"https:\/\/cleitonpinheiro.com.br\/site\/?s={search_term_string}"},"query-input":{"@type":"PropertyValueSpecification","valueRequired":true,"valueName":"search_term_string"}}],"inLanguage":"pt-BR"},{"@type":"Organization","@id":"https:\/\/cleitonpinheiro.com.br\/site\/#organization","name":"CPNOT\u00cdCIAS","url":"https:\/\/cleitonpinheiro.com.br\/site\/","logo":{"@type":"ImageObject","inLanguage":"pt-BR","@id":"https:\/\/cleitonpinheiro.com.br\/site\/#\/schema\/logo\/image\/","url":"https:\/\/cleitonpinheiro.com.br\/site\/wp-content\/uploads\/2022\/08\/Logo-pequena-2.png","contentUrl":"https:\/\/cleitonpinheiro.com.br\/site\/wp-content\/uploads\/2022\/08\/Logo-pequena-2.png","width":500,"height":500,"caption":"CPNOT\u00cdCIAS"},"image":{"@id":"https:\/\/cleitonpinheiro.com.br\/site\/#\/schema\/logo\/image\/"},"sameAs":["https:\/\/www.facebook.com\/portalcpnoticias\/"]},{"@type":"Person","@id":"https:\/\/cleitonpinheiro.com.br\/site\/#\/schema\/person\/8f04544e0bc40a1b68775b08360f87db","name":"Reda\u00e7\u00e3o CP","image":{"@type":"ImageObject","inLanguage":"pt-BR","@id":"https:\/\/cleitonpinheiro.com.br\/site\/#\/schema\/person\/image\/","url":"https:\/\/secure.gravatar.com\/avatar\/0bcf19cb29fdc8fc588c490c7ae1b3e174dac268586a63fbe1d1893a0f9020cd?s=96&r=g","contentUrl":"https:\/\/secure.gravatar.com\/avatar\/0bcf19cb29fdc8fc588c490c7ae1b3e174dac268586a63fbe1d1893a0f9020cd?s=96&r=g","caption":"Reda\u00e7\u00e3o CP"},"url":"https:\/\/cleitonpinheiro.com.br\/site\/author\/redacao\/"}]}},"views":103,"_links":{"self":[{"href":"https:\/\/cleitonpinheiro.com.br\/site\/wp-json\/wp\/v2\/posts\/73439","targetHints":{"allow":["GET"]}}],"collection":[{"href":"https:\/\/cleitonpinheiro.com.br\/site\/wp-json\/wp\/v2\/posts"}],"about":[{"href":"https:\/\/cleitonpinheiro.com.br\/site\/wp-json\/wp\/v2\/types\/post"}],"author":[{"embeddable":true,"href":"https:\/\/cleitonpinheiro.com.br\/site\/wp-json\/wp\/v2\/users\/13"}],"replies":[{"embeddable":true,"href":"https:\/\/cleitonpinheiro.com.br\/site\/wp-json\/wp\/v2\/comments?post=73439"}],"version-history":[{"count":1,"href":"https:\/\/cleitonpinheiro.com.br\/site\/wp-json\/wp\/v2\/posts\/73439\/revisions"}],"predecessor-version":[{"id":73441,"href":"https:\/\/cleitonpinheiro.com.br\/site\/wp-json\/wp\/v2\/posts\/73439\/revisions\/73441"}],"wp:attachment":[{"href":"https:\/\/cleitonpinheiro.com.br\/site\/wp-json\/wp\/v2\/media?parent=73439"}],"wp:term":[{"taxonomy":"category","embeddable":true,"href":"https:\/\/cleitonpinheiro.com.br\/site\/wp-json\/wp\/v2\/categories?post=73439"},{"taxonomy":"post_tag","embeddable":true,"href":"https:\/\/cleitonpinheiro.com.br\/site\/wp-json\/wp\/v2\/tags?post=73439"}],"curies":[{"name":"wp","href":"https:\/\/api.w.org\/{rel}","templated":true}]}}