{"id":73442,"date":"2023-08-14T10:55:50","date_gmt":"2023-08-14T13:55:50","guid":{"rendered":"https:\/\/cleitonpinheiro.com.br\/site\/?p=73442"},"modified":"2023-12-27T11:42:27","modified_gmt":"2023-12-27T14:42:27","slug":"programa-de-hortas-da-seder-incentiva-comunidade-a-produzir-alimentos","status":"publish","type":"post","link":"https:\/\/cleitonpinheiro.com.br\/site\/programa-de-hortas-da-seder-incentiva-comunidade-a-produzir-alimentos\/","title":{"rendered":"Programa de hortas da Seder incentiva comunidade a produzir alimentos"},"content":{"rendered":"\n<figure class=\"wp-block-image size-full\"><img decoding=\"async\" src=\"https:\/\/cleitonpinheiro.com.br\/site\/wp-content\/uploads\/2023\/08\/55ccb4c6-61f0-4e7c-b553-5136b28e7c72.jpg\" alt=\"\" class=\"wp-image-73443\"\/><figcaption class=\"wp-element-caption\">Foto: Regiane Rocha\/Prefeitura de Palmas<\/figcaption><\/figure>\n\n\n\n<p class=\"wp-block-paragraph\">A Prefeitura de Palmas, juntamente a Secretaria Municipal de Desenvolvimento Rural (Seder), \u00a0tem se destacado por seu programa pioneiro Hortas Comunit\u00e1rias, que atualmente abrange 22 espa\u00e7os em toda a Capital. Com mais de 500 fam\u00edlias diretamente envolvidas e cerca de duas mil indiretamente beneficiadas, o projeto tem transformado \u00e1reas pr\u00f3ximas \u00e0s resid\u00eancias em locais de cultivo de alimentos frescos e saud\u00e1veis, promovendo renda, socializa\u00e7\u00e3o e uma alimenta\u00e7\u00e3o mais adequada.<\/p>\n\n\n\n<p class=\"wp-block-paragraph\">A iniciativa, coordenada pela Seder, oferece assist\u00eancia t\u00e9cnica aos produtores, fornecendo insumos como adubos, sementes e defensivos naturais. Essa abordagem tem gerado resultados not\u00e1veis, com hortali\u00e7as de qualidade como alface, cebolinha, coentro, r\u00facula, couve e diversas pimentas sendo cultivadas, al\u00e9m de plantas medicinais que complementam a produ\u00e7\u00e3o.<\/p>\n\n\n\n<p class=\"wp-block-paragraph\">As hortas comunit\u00e1rias, juntamente com as feiras livres, t\u00eam ra\u00edzes profundas na tradi\u00e7\u00e3o local, atendendo \u00e0 demanda por alimentos frescos e de qualidade. Al\u00e9m de contribu\u00edrem para a seguran\u00e7a alimentar, esses espa\u00e7os promovem o conv\u00edvio comunit\u00e1rio e a conex\u00e3o com a natureza, oferecendo benef\u00edcios tanto f\u00edsicos quanto mentais.<\/p>\n\n\n\n<p class=\"wp-block-paragraph\">O programa \u00e9 o mais antigo da prefeitura e opera ininterruptamente desde sua funda\u00e7\u00e3o em 1991, destacando-se como um pilar importante da cidade. Mariana Gomes Pereira, uma das participantes do projeto, compartilha que iniciou sua jornada na horta da Arse 122 (1206 Sul) h\u00e1 uma d\u00e9cada. Suas hortali\u00e7as, que variam de alface a pimentas diversas, n\u00e3o apenas s\u00e3o uma fonte de renda, mas tamb\u00e9m um exemplo do potencial de transforma\u00e7\u00e3o oferecido por essas hortas.<\/p>\n\n\n\n<p class=\"wp-block-paragraph\">As hortas comunit\u00e1rias da Capital representam uma abordagem sustent\u00e1vel para promover a seguran\u00e7a alimentar, estimular a economia local e fortalecer os la\u00e7os entre os membros da comunidade<\/p>\n","protected":false},"excerpt":{"rendered":"<p>A Prefeitura de Palmas, juntamente a Secretaria Municipal de Desenvolvimento Rural (Seder), \u00a0tem se destacado por seu programa pioneiro Hortas Comunit\u00e1rias, que atualmente abrange 22 espa\u00e7os em toda a Capital. Com mais de 500 fam\u00edlias diretamente envolvidas e cerca de duas mil indiretamente beneficiadas, o projeto tem transformado \u00e1reas pr\u00f3ximas \u00e0s resid\u00eancias em locais de [&hellip;]<\/p>\n","protected":false},"author":13,"featured_media":0,"comment_status":"open","ping_status":"open","sticky":false,"template":"","format":"standard","meta":{"_acf_changed":false,"footnotes":""},"categories":[22,21],"tags":[720],"class_list":["post-73442","post","type-post","status-publish","format-standard","hentry","category-cidades","category-todas-noticias","tag-prefeitura-de-palmas"],"acf":[],"yoast_head":"<!-- This site is optimized with the Yoast SEO plugin v24.4 - https:\/\/yoast.com\/wordpress\/plugins\/seo\/ -->\n<title>Programa de hortas da Seder incentiva comunidade a produzir alimentos - PORTAL DE NOT\u00cdCIAS CLEITON PINHEIRO<\/title>\n<meta name=\"robots\" content=\"index, follow, max-snippet:-1, max-image-preview:large, max-video-preview:-1\" \/>\n<link rel=\"canonical\" href=\"https:\/\/cleitonpinheiro.com.br\/site\/programa-de-hortas-da-seder-incentiva-comunidade-a-produzir-alimentos\/\" \/>\n<meta property=\"og:locale\" content=\"pt_BR\" \/>\n<meta property=\"og:type\" content=\"article\" \/>\n<meta property=\"og:title\" content=\"Programa de hortas da Seder incentiva comunidade a produzir alimentos - PORTAL DE NOT\u00cdCIAS CLEITON PINHEIRO\" \/>\n<meta property=\"og:description\" content=\"A Prefeitura de Palmas, juntamente a Secretaria Municipal de Desenvolvimento Rural (Seder), \u00a0tem se destacado por seu programa pioneiro Hortas Comunit\u00e1rias, que atualmente abrange 22 espa\u00e7os em toda a Capital. Com mais de 500 fam\u00edlias diretamente envolvidas e cerca de duas mil indiretamente beneficiadas, o projeto tem transformado \u00e1reas pr\u00f3ximas \u00e0s resid\u00eancias em locais de [&hellip;]\" \/>\n<meta property=\"og:url\" content=\"https:\/\/cleitonpinheiro.com.br\/site\/programa-de-hortas-da-seder-incentiva-comunidade-a-produzir-alimentos\/\" \/>\n<meta property=\"og:site_name\" content=\"PORTAL DE NOT\u00cdCIAS CLEITON PINHEIRO\" \/>\n<meta property=\"article:publisher\" content=\"https:\/\/www.facebook.com\/portalcpnoticias\/\" \/>\n<meta property=\"article:published_time\" content=\"2023-08-14T13:55:50+00:00\" \/>\n<meta property=\"article:modified_time\" content=\"2023-12-27T14:42:27+00:00\" \/>\n<meta property=\"og:image\" content=\"https:\/\/cleitonpinheiro.com.br\/site\/wp-content\/uploads\/2023\/08\/55ccb4c6-61f0-4e7c-b553-5136b28e7c72.jpg\" \/>\n\t<meta property=\"og:image:width\" content=\"800\" \/>\n\t<meta property=\"og:image:height\" content=\"533\" \/>\n\t<meta property=\"og:image:type\" content=\"image\/jpeg\" \/>\n<meta name=\"author\" content=\"Reda\u00e7\u00e3o CP\" \/>\n<meta name=\"twitter:card\" content=\"summary_large_image\" \/>\n<meta name=\"twitter:label1\" content=\"Escrito por\" \/>\n\t<meta name=\"twitter:data1\" content=\"Reda\u00e7\u00e3o CP\" \/>\n\t<meta name=\"twitter:label2\" content=\"Est. tempo de leitura\" \/>\n\t<meta name=\"twitter:data2\" content=\"2 minutos\" \/>\n<script type=\"application\/ld+json\" class=\"yoast-schema-graph\">{\"@context\":\"https:\/\/schema.org\",\"@graph\":[{\"@type\":\"Article\",\"@id\":\"https:\/\/cleitonpinheiro.com.br\/site\/programa-de-hortas-da-seder-incentiva-comunidade-a-produzir-alimentos\/#article\",\"isPartOf\":{\"@id\":\"https:\/\/cleitonpinheiro.com.br\/site\/programa-de-hortas-da-seder-incentiva-comunidade-a-produzir-alimentos\/\"},\"author\":{\"name\":\"Reda\u00e7\u00e3o CP\",\"@id\":\"https:\/\/cleitonpinheiro.com.br\/site\/#\/schema\/person\/8f04544e0bc40a1b68775b08360f87db\"},\"headline\":\"Programa de hortas da Seder incentiva comunidade a produzir alimentos\",\"datePublished\":\"2023-08-14T13:55:50+00:00\",\"dateModified\":\"2023-12-27T14:42:27+00:00\",\"mainEntityOfPage\":{\"@id\":\"https:\/\/cleitonpinheiro.com.br\/site\/programa-de-hortas-da-seder-incentiva-comunidade-a-produzir-alimentos\/\"},\"wordCount\":313,\"commentCount\":0,\"publisher\":{\"@id\":\"https:\/\/cleitonpinheiro.com.br\/site\/#organization\"},\"image\":{\"@id\":\"https:\/\/cleitonpinheiro.com.br\/site\/programa-de-hortas-da-seder-incentiva-comunidade-a-produzir-alimentos\/#primaryimage\"},\"thumbnailUrl\":\"https:\/\/cleitonpinheiro.com.br\/site\/wp-content\/uploads\/2023\/08\/55ccb4c6-61f0-4e7c-b553-5136b28e7c72.jpg\",\"keywords\":[\"Prefeitura de Palmas\"],\"articleSection\":[\"CIDADES\",\"TODAS NOTICIAS\"],\"inLanguage\":\"pt-BR\",\"potentialAction\":[{\"@type\":\"CommentAction\",\"name\":\"Comment\",\"target\":[\"https:\/\/cleitonpinheiro.com.br\/site\/programa-de-hortas-da-seder-incentiva-comunidade-a-produzir-alimentos\/#respond\"]}]},{\"@type\":\"WebPage\",\"@id\":\"https:\/\/cleitonpinheiro.com.br\/site\/programa-de-hortas-da-seder-incentiva-comunidade-a-produzir-alimentos\/\",\"url\":\"https:\/\/cleitonpinheiro.com.br\/site\/programa-de-hortas-da-seder-incentiva-comunidade-a-produzir-alimentos\/\",\"name\":\"Programa de hortas da Seder incentiva comunidade a produzir alimentos - PORTAL DE NOT\u00cdCIAS CLEITON PINHEIRO\",\"isPartOf\":{\"@id\":\"https:\/\/cleitonpinheiro.com.br\/site\/#website\"},\"primaryImageOfPage\":{\"@id\":\"https:\/\/cleitonpinheiro.com.br\/site\/programa-de-hortas-da-seder-incentiva-comunidade-a-produzir-alimentos\/#primaryimage\"},\"image\":{\"@id\":\"https:\/\/cleitonpinheiro.com.br\/site\/programa-de-hortas-da-seder-incentiva-comunidade-a-produzir-alimentos\/#primaryimage\"},\"thumbnailUrl\":\"https:\/\/cleitonpinheiro.com.br\/site\/wp-content\/uploads\/2023\/08\/55ccb4c6-61f0-4e7c-b553-5136b28e7c72.jpg\",\"datePublished\":\"2023-08-14T13:55:50+00:00\",\"dateModified\":\"2023-12-27T14:42:27+00:00\",\"breadcrumb\":{\"@id\":\"https:\/\/cleitonpinheiro.com.br\/site\/programa-de-hortas-da-seder-incentiva-comunidade-a-produzir-alimentos\/#breadcrumb\"},\"inLanguage\":\"pt-BR\",\"potentialAction\":[{\"@type\":\"ReadAction\",\"target\":[\"https:\/\/cleitonpinheiro.com.br\/site\/programa-de-hortas-da-seder-incentiva-comunidade-a-produzir-alimentos\/\"]}]},{\"@type\":\"ImageObject\",\"inLanguage\":\"pt-BR\",\"@id\":\"https:\/\/cleitonpinheiro.com.br\/site\/programa-de-hortas-da-seder-incentiva-comunidade-a-produzir-alimentos\/#primaryimage\",\"url\":\"\",\"contentUrl\":\"\"},{\"@type\":\"BreadcrumbList\",\"@id\":\"https:\/\/cleitonpinheiro.com.br\/site\/programa-de-hortas-da-seder-incentiva-comunidade-a-produzir-alimentos\/#breadcrumb\",\"itemListElement\":[{\"@type\":\"ListItem\",\"position\":1,\"name\":\"In\u00edcio\",\"item\":\"https:\/\/cleitonpinheiro.com.br\/site\/\"},{\"@type\":\"ListItem\",\"position\":2,\"name\":\"Programa de hortas da Seder incentiva comunidade a produzir alimentos\"}]},{\"@type\":\"WebSite\",\"@id\":\"https:\/\/cleitonpinheiro.com.br\/site\/#website\",\"url\":\"https:\/\/cleitonpinheiro.com.br\/site\/\",\"name\":\"PORTAL DE NOT\u00cdCIAS CLEITON PINHEIRO\",\"description\":\"FALANDO A VERDADE\",\"publisher\":{\"@id\":\"https:\/\/cleitonpinheiro.com.br\/site\/#organization\"},\"potentialAction\":[{\"@type\":\"SearchAction\",\"target\":{\"@type\":\"EntryPoint\",\"urlTemplate\":\"https:\/\/cleitonpinheiro.com.br\/site\/?s={search_term_string}\"},\"query-input\":{\"@type\":\"PropertyValueSpecification\",\"valueRequired\":true,\"valueName\":\"search_term_string\"}}],\"inLanguage\":\"pt-BR\"},{\"@type\":\"Organization\",\"@id\":\"https:\/\/cleitonpinheiro.com.br\/site\/#organization\",\"name\":\"CPNOT\u00cdCIAS\",\"url\":\"https:\/\/cleitonpinheiro.com.br\/site\/\",\"logo\":{\"@type\":\"ImageObject\",\"inLanguage\":\"pt-BR\",\"@id\":\"https:\/\/cleitonpinheiro.com.br\/site\/#\/schema\/logo\/image\/\",\"url\":\"https:\/\/cleitonpinheiro.com.br\/site\/wp-content\/uploads\/2022\/08\/Logo-pequena-2.png\",\"contentUrl\":\"https:\/\/cleitonpinheiro.com.br\/site\/wp-content\/uploads\/2022\/08\/Logo-pequena-2.png\",\"width\":500,\"height\":500,\"caption\":\"CPNOT\u00cdCIAS\"},\"image\":{\"@id\":\"https:\/\/cleitonpinheiro.com.br\/site\/#\/schema\/logo\/image\/\"},\"sameAs\":[\"https:\/\/www.facebook.com\/portalcpnoticias\/\"]},{\"@type\":\"Person\",\"@id\":\"https:\/\/cleitonpinheiro.com.br\/site\/#\/schema\/person\/8f04544e0bc40a1b68775b08360f87db\",\"name\":\"Reda\u00e7\u00e3o CP\",\"image\":{\"@type\":\"ImageObject\",\"inLanguage\":\"pt-BR\",\"@id\":\"https:\/\/cleitonpinheiro.com.br\/site\/#\/schema\/person\/image\/\",\"url\":\"https:\/\/secure.gravatar.com\/avatar\/0bcf19cb29fdc8fc588c490c7ae1b3e174dac268586a63fbe1d1893a0f9020cd?s=96&r=g\",\"contentUrl\":\"https:\/\/secure.gravatar.com\/avatar\/0bcf19cb29fdc8fc588c490c7ae1b3e174dac268586a63fbe1d1893a0f9020cd?s=96&r=g\",\"caption\":\"Reda\u00e7\u00e3o CP\"},\"url\":\"https:\/\/cleitonpinheiro.com.br\/site\/author\/redacao\/\"}]}<\/script>\n<!-- \/ Yoast SEO plugin. -->","yoast_head_json":{"title":"Programa de hortas da Seder incentiva comunidade a produzir alimentos - PORTAL DE NOT\u00cdCIAS CLEITON PINHEIRO","robots":{"index":"index","follow":"follow","max-snippet":"max-snippet:-1","max-image-preview":"max-image-preview:large","max-video-preview":"max-video-preview:-1"},"canonical":"https:\/\/cleitonpinheiro.com.br\/site\/programa-de-hortas-da-seder-incentiva-comunidade-a-produzir-alimentos\/","og_locale":"pt_BR","og_type":"article","og_title":"Programa de hortas da Seder incentiva comunidade a produzir alimentos - PORTAL DE NOT\u00cdCIAS CLEITON PINHEIRO","og_description":"A Prefeitura de Palmas, juntamente a Secretaria Municipal de Desenvolvimento Rural (Seder), \u00a0tem se destacado por seu programa pioneiro Hortas Comunit\u00e1rias, que atualmente abrange 22 espa\u00e7os em toda a Capital. Com mais de 500 fam\u00edlias diretamente envolvidas e cerca de duas mil indiretamente beneficiadas, o projeto tem transformado \u00e1reas pr\u00f3ximas \u00e0s resid\u00eancias em locais de [&hellip;]","og_url":"https:\/\/cleitonpinheiro.com.br\/site\/programa-de-hortas-da-seder-incentiva-comunidade-a-produzir-alimentos\/","og_site_name":"PORTAL DE NOT\u00cdCIAS CLEITON PINHEIRO","article_publisher":"https:\/\/www.facebook.com\/portalcpnoticias\/","article_published_time":"2023-08-14T13:55:50+00:00","article_modified_time":"2023-12-27T14:42:27+00:00","og_image":[{"width":800,"height":533,"url":"https:\/\/cleitonpinheiro.com.br\/site\/wp-content\/uploads\/2023\/08\/55ccb4c6-61f0-4e7c-b553-5136b28e7c72.jpg","type":"image\/jpeg"}],"author":"Reda\u00e7\u00e3o CP","twitter_card":"summary_large_image","twitter_misc":{"Escrito por":"Reda\u00e7\u00e3o CP","Est. tempo de leitura":"2 minutos"},"schema":{"@context":"https:\/\/schema.org","@graph":[{"@type":"Article","@id":"https:\/\/cleitonpinheiro.com.br\/site\/programa-de-hortas-da-seder-incentiva-comunidade-a-produzir-alimentos\/#article","isPartOf":{"@id":"https:\/\/cleitonpinheiro.com.br\/site\/programa-de-hortas-da-seder-incentiva-comunidade-a-produzir-alimentos\/"},"author":{"name":"Reda\u00e7\u00e3o CP","@id":"https:\/\/cleitonpinheiro.com.br\/site\/#\/schema\/person\/8f04544e0bc40a1b68775b08360f87db"},"headline":"Programa de hortas da Seder incentiva comunidade a produzir alimentos","datePublished":"2023-08-14T13:55:50+00:00","dateModified":"2023-12-27T14:42:27+00:00","mainEntityOfPage":{"@id":"https:\/\/cleitonpinheiro.com.br\/site\/programa-de-hortas-da-seder-incentiva-comunidade-a-produzir-alimentos\/"},"wordCount":313,"commentCount":0,"publisher":{"@id":"https:\/\/cleitonpinheiro.com.br\/site\/#organization"},"image":{"@id":"https:\/\/cleitonpinheiro.com.br\/site\/programa-de-hortas-da-seder-incentiva-comunidade-a-produzir-alimentos\/#primaryimage"},"thumbnailUrl":"https:\/\/cleitonpinheiro.com.br\/site\/wp-content\/uploads\/2023\/08\/55ccb4c6-61f0-4e7c-b553-5136b28e7c72.jpg","keywords":["Prefeitura de Palmas"],"articleSection":["CIDADES","TODAS NOTICIAS"],"inLanguage":"pt-BR","potentialAction":[{"@type":"CommentAction","name":"Comment","target":["https:\/\/cleitonpinheiro.com.br\/site\/programa-de-hortas-da-seder-incentiva-comunidade-a-produzir-alimentos\/#respond"]}]},{"@type":"WebPage","@id":"https:\/\/cleitonpinheiro.com.br\/site\/programa-de-hortas-da-seder-incentiva-comunidade-a-produzir-alimentos\/","url":"https:\/\/cleitonpinheiro.com.br\/site\/programa-de-hortas-da-seder-incentiva-comunidade-a-produzir-alimentos\/","name":"Programa de hortas da Seder incentiva comunidade a produzir alimentos - PORTAL DE NOT\u00cdCIAS CLEITON PINHEIRO","isPartOf":{"@id":"https:\/\/cleitonpinheiro.com.br\/site\/#website"},"primaryImageOfPage":{"@id":"https:\/\/cleitonpinheiro.com.br\/site\/programa-de-hortas-da-seder-incentiva-comunidade-a-produzir-alimentos\/#primaryimage"},"image":{"@id":"https:\/\/cleitonpinheiro.com.br\/site\/programa-de-hortas-da-seder-incentiva-comunidade-a-produzir-alimentos\/#primaryimage"},"thumbnailUrl":"https:\/\/cleitonpinheiro.com.br\/site\/wp-content\/uploads\/2023\/08\/55ccb4c6-61f0-4e7c-b553-5136b28e7c72.jpg","datePublished":"2023-08-14T13:55:50+00:00","dateModified":"2023-12-27T14:42:27+00:00","breadcrumb":{"@id":"https:\/\/cleitonpinheiro.com.br\/site\/programa-de-hortas-da-seder-incentiva-comunidade-a-produzir-alimentos\/#breadcrumb"},"inLanguage":"pt-BR","potentialAction":[{"@type":"ReadAction","target":["https:\/\/cleitonpinheiro.com.br\/site\/programa-de-hortas-da-seder-incentiva-comunidade-a-produzir-alimentos\/"]}]},{"@type":"ImageObject","inLanguage":"pt-BR","@id":"https:\/\/cleitonpinheiro.com.br\/site\/programa-de-hortas-da-seder-incentiva-comunidade-a-produzir-alimentos\/#primaryimage","url":"","contentUrl":""},{"@type":"BreadcrumbList","@id":"https:\/\/cleitonpinheiro.com.br\/site\/programa-de-hortas-da-seder-incentiva-comunidade-a-produzir-alimentos\/#breadcrumb","itemListElement":[{"@type":"ListItem","position":1,"name":"In\u00edcio","item":"https:\/\/cleitonpinheiro.com.br\/site\/"},{"@type":"ListItem","position":2,"name":"Programa de hortas da Seder incentiva comunidade a produzir alimentos"}]},{"@type":"WebSite","@id":"https:\/\/cleitonpinheiro.com.br\/site\/#website","url":"https:\/\/cleitonpinheiro.com.br\/site\/","name":"PORTAL DE NOT\u00cdCIAS CLEITON PINHEIRO","description":"FALANDO A VERDADE","publisher":{"@id":"https:\/\/cleitonpinheiro.com.br\/site\/#organization"},"potentialAction":[{"@type":"SearchAction","target":{"@type":"EntryPoint","urlTemplate":"https:\/\/cleitonpinheiro.com.br\/site\/?s={search_term_string}"},"query-input":{"@type":"PropertyValueSpecification","valueRequired":true,"valueName":"search_term_string"}}],"inLanguage":"pt-BR"},{"@type":"Organization","@id":"https:\/\/cleitonpinheiro.com.br\/site\/#organization","name":"CPNOT\u00cdCIAS","url":"https:\/\/cleitonpinheiro.com.br\/site\/","logo":{"@type":"ImageObject","inLanguage":"pt-BR","@id":"https:\/\/cleitonpinheiro.com.br\/site\/#\/schema\/logo\/image\/","url":"https:\/\/cleitonpinheiro.com.br\/site\/wp-content\/uploads\/2022\/08\/Logo-pequena-2.png","contentUrl":"https:\/\/cleitonpinheiro.com.br\/site\/wp-content\/uploads\/2022\/08\/Logo-pequena-2.png","width":500,"height":500,"caption":"CPNOT\u00cdCIAS"},"image":{"@id":"https:\/\/cleitonpinheiro.com.br\/site\/#\/schema\/logo\/image\/"},"sameAs":["https:\/\/www.facebook.com\/portalcpnoticias\/"]},{"@type":"Person","@id":"https:\/\/cleitonpinheiro.com.br\/site\/#\/schema\/person\/8f04544e0bc40a1b68775b08360f87db","name":"Reda\u00e7\u00e3o CP","image":{"@type":"ImageObject","inLanguage":"pt-BR","@id":"https:\/\/cleitonpinheiro.com.br\/site\/#\/schema\/person\/image\/","url":"https:\/\/secure.gravatar.com\/avatar\/0bcf19cb29fdc8fc588c490c7ae1b3e174dac268586a63fbe1d1893a0f9020cd?s=96&r=g","contentUrl":"https:\/\/secure.gravatar.com\/avatar\/0bcf19cb29fdc8fc588c490c7ae1b3e174dac268586a63fbe1d1893a0f9020cd?s=96&r=g","caption":"Reda\u00e7\u00e3o CP"},"url":"https:\/\/cleitonpinheiro.com.br\/site\/author\/redacao\/"}]}},"views":103,"_links":{"self":[{"href":"https:\/\/cleitonpinheiro.com.br\/site\/wp-json\/wp\/v2\/posts\/73442","targetHints":{"allow":["GET"]}}],"collection":[{"href":"https:\/\/cleitonpinheiro.com.br\/site\/wp-json\/wp\/v2\/posts"}],"about":[{"href":"https:\/\/cleitonpinheiro.com.br\/site\/wp-json\/wp\/v2\/types\/post"}],"author":[{"embeddable":true,"href":"https:\/\/cleitonpinheiro.com.br\/site\/wp-json\/wp\/v2\/users\/13"}],"replies":[{"embeddable":true,"href":"https:\/\/cleitonpinheiro.com.br\/site\/wp-json\/wp\/v2\/comments?post=73442"}],"version-history":[{"count":1,"href":"https:\/\/cleitonpinheiro.com.br\/site\/wp-json\/wp\/v2\/posts\/73442\/revisions"}],"predecessor-version":[{"id":73444,"href":"https:\/\/cleitonpinheiro.com.br\/site\/wp-json\/wp\/v2\/posts\/73442\/revisions\/73444"}],"wp:attachment":[{"href":"https:\/\/cleitonpinheiro.com.br\/site\/wp-json\/wp\/v2\/media?parent=73442"}],"wp:term":[{"taxonomy":"category","embeddable":true,"href":"https:\/\/cleitonpinheiro.com.br\/site\/wp-json\/wp\/v2\/categories?post=73442"},{"taxonomy":"post_tag","embeddable":true,"href":"https:\/\/cleitonpinheiro.com.br\/site\/wp-json\/wp\/v2\/tags?post=73442"}],"curies":[{"name":"wp","href":"https:\/\/api.w.org\/{rel}","templated":true}]}}