{"id":73445,"date":"2023-08-14T11:02:06","date_gmt":"2023-08-14T14:02:06","guid":{"rendered":"https:\/\/cleitonpinheiro.com.br\/site\/?p=73445"},"modified":"2023-12-27T11:42:12","modified_gmt":"2023-12-27T14:42:12","slug":"ministra-defende-volta-da-cota-para-filmes-brasileiros","status":"publish","type":"post","link":"https:\/\/cleitonpinheiro.com.br\/site\/ministra-defende-volta-da-cota-para-filmes-brasileiros\/","title":{"rendered":"Ministra defende volta da cota para filmes brasileiros"},"content":{"rendered":"\n<figure class=\"wp-block-image size-full\"><img decoding=\"async\" src=\"https:\/\/cleitonpinheiro.com.br\/site\/wp-content\/uploads\/2023\/08\/ja_6696.jpg\" alt=\"\" class=\"wp-image-73446\"\/><figcaption class=\"wp-element-caption\">\u201cO projeto sobre Cotas de Telas est\u00e1 no Senado. Na pr\u00f3xima semana, ele deve ir \u00e0 vota\u00e7\u00e3o e queremos dar boas not\u00edcias\u201d, disse a ministra da Cultura &#8211; Foto: Jo\u00e9dson Alves\/Ag\u00eancia Brasil<\/figcaption><\/figure>\n\n\n\n<p class=\"wp-block-paragraph\">A ministra da Cultura, Margareth Menezes, defende a import\u00e2ncia do restabelecimento da chamada Cota de Tela. Criado em 2001, o mecanismo busca promover a produ\u00e7\u00e3o audiovisual brasileira, obrigando os cinemas comerciais de todo o pa\u00eds a destinarem parte de sua programa\u00e7\u00e3o \u00e0 exibi\u00e7\u00e3o de filmes nacionais.<img decoding=\"async\" src=\"https:\/\/agenciabrasil.ebc.com.br\/ebc.png?id=1548616&amp;o=node\"><img decoding=\"async\" src=\"https:\/\/agenciabrasil.ebc.com.br\/ebc.gif?id=1548616&amp;o=node\"> \u201cO projeto sobre Cotas de Telas est\u00e1 no Senado. Na pr\u00f3xima semana, ele deve ir \u00e0 vota\u00e7\u00e3o e queremos dar boas not\u00edcias\u201d, disse a ministra, conforme divulgado pela Ag\u00eancia Brasil.<\/p>\n\n\n\n<p class=\"wp-block-paragraph\">Embora tenha sido criada por meio de uma Medida Provis\u00f3ria (MP n\u00ba 2.228) de 2001, a Cota de Tela tem origem em iniciativas adotadas ainda nos anos 1930, quando o governo brasileiro publicou um primeiro decreto de prote\u00e7\u00e3o do cinema brasileiro \u2013 tomando como exemplo iniciativas semelhantes de outros pa\u00edses.<\/p>\n\n\n\n<p class=\"wp-block-paragraph\">Como a MP foi editada antes da publica\u00e7\u00e3o da&nbsp;<a href=\"https:\/\/www.planalto.gov.br\/ccivil_03\/constituicao\/emendas\/emc\/emc32.htm#:~:text=%C3%89%20vedada%20a%20reedi%C3%A7%C3%A3o%2C%20na,efic%C3%A1cia%20por%20decurso%20de%20prazo.\" target=\"_blank\" rel=\"noreferrer noopener\">Emenda Constitucional<\/a>&nbsp;(EC) n\u00ba 32, de 2001, a qual estabelece que o Congresso Nacional tem at\u00e9 45 dias para apreciar as MPs sob risco delas paralisarem todas as demais delibera\u00e7\u00f5es, a cota de tela permaneceu em vigor at\u00e9 2020, mesmo jamais tendo sido votada pelo Congresso Nacional.<\/p>\n\n\n\n<p class=\"wp-block-paragraph\">Em 2021, o Plen\u00e1rio do Supremo Tribunal Federal (STF) julgou constitucional a norma que reserva um n\u00famero m\u00ednimo de dias para a exibi\u00e7\u00e3o de filmes nacionais nos cinemas brasileiros, bem como a regra que determina que 5% dos programas culturais, art\u00edsticos e jornal\u00edsticos sejam produzidos no munic\u00edpio para o qual foram outorgados os servi\u00e7os de transmiss\u00e3o de r\u00e1dio e TV.<\/p>\n\n\n\n<p class=\"wp-block-paragraph\">Segundo a ministra, o restabelecimento da Cota de Tela faz parte das a\u00e7\u00f5es que o governo federal vem propondo e executando para \u201co fortalecimento econ\u00f4mico do setor cultural\u201d. O que inclui tamb\u00e9m iniciativas para regulamentar os servi\u00e7os de v\u00eddeo sob demanda (VoD, na sigla em ingl\u00eas), que compreende o fornecimento de conte\u00fados audiovisuais por plataformas digitais (<em>streaming<\/em>).<\/p>\n\n\n\n<p class=\"wp-block-paragraph\">\u201cCompreendemos que a conquista dos&nbsp;<em>streamings<\/em>&nbsp;ser\u00e1 uma revolu\u00e7\u00e3o n\u00e3o s\u00f3 para o setor audiovisual e art\u00edstico, como fortalecer\u00e1 e ser\u00e1 crucial para a estabiliza\u00e7\u00e3o da independ\u00eancia financeira da produ\u00e7\u00e3o cinematogr\u00e1fica brasileira\u201d, acrescentou a ministra ao criticar o que classificou como \u201ca descontinuidade das pol\u00edticas p\u00fablicas para a cultura\u201d da gest\u00e3o federal anterior, quando o&nbsp;<a href=\"https:\/\/agenciabrasil.ebc.com.br\/politica\/noticia\/2022-12\/reconstrucao-do-ministerio-e-primeira-tarefa-na-area-da-cultura#:~:text=Durante%20o%20governo%20Bolsonaro%2C%20o,ao%20longo%20dos%20quatro%20anos\" target=\"_blank\" rel=\"noreferrer noopener\">Minist\u00e9rio da Cultura&nbsp;<\/a>foi rebaixado a uma mera secretaria nacional, vinculada ao Minist\u00e9rio do Turismo.<\/p>\n\n\n\n<p class=\"wp-block-paragraph\">\u201cA descontinuidade das pol\u00edticas p\u00fablicas de Cultura causou um preju\u00edzo imenso ao nosso setor. Muito se perdeu. As a\u00e7\u00f5es de censura, de persegui\u00e7\u00e3o e de criminaliza\u00e7\u00e3o dirigidas ao setor art\u00edstico, mas sobretudo ao setor audiovisual, foram uma temeridade\u201d, comentou Margareth, assegurando que a atual gest\u00e3o federal tem planos de retomar todas as pol\u00edticas p\u00fablicas para o setor audiovisual interrompidas nos \u00faltimos anos. \u201cQueremos fortalecer o setor de todas as maneiras que nos couber.\u201d<\/p>\n","protected":false},"excerpt":{"rendered":"<p>A ministra da Cultura, Margareth Menezes, defende a import\u00e2ncia do restabelecimento da chamada Cota de Tela. Criado em 2001, o mecanismo busca promover a produ\u00e7\u00e3o audiovisual brasileira, obrigando os cinemas comerciais de todo o pa\u00eds a destinarem parte de sua programa\u00e7\u00e3o \u00e0 exibi\u00e7\u00e3o de filmes nacionais. \u201cO projeto sobre Cotas de Telas est\u00e1 no Senado. [&hellip;]<\/p>\n","protected":false},"author":13,"featured_media":0,"comment_status":"open","ping_status":"open","sticky":false,"template":"","format":"standard","meta":{"_acf_changed":false,"footnotes":""},"categories":[19,21],"tags":[],"class_list":["post-73445","post","type-post","status-publish","format-standard","hentry","category-brasil-mundo","category-todas-noticias"],"acf":[],"yoast_head":"<!-- This site is optimized with the Yoast SEO plugin v24.4 - https:\/\/yoast.com\/wordpress\/plugins\/seo\/ -->\n<title>Ministra defende volta da cota para filmes brasileiros - PORTAL DE NOT\u00cdCIAS CLEITON PINHEIRO<\/title>\n<meta name=\"robots\" content=\"index, follow, max-snippet:-1, max-image-preview:large, max-video-preview:-1\" \/>\n<link rel=\"canonical\" href=\"https:\/\/cleitonpinheiro.com.br\/site\/ministra-defende-volta-da-cota-para-filmes-brasileiros\/\" \/>\n<meta property=\"og:locale\" content=\"pt_BR\" \/>\n<meta property=\"og:type\" content=\"article\" \/>\n<meta property=\"og:title\" content=\"Ministra defende volta da cota para filmes brasileiros - PORTAL DE NOT\u00cdCIAS CLEITON PINHEIRO\" \/>\n<meta property=\"og:description\" content=\"A ministra da Cultura, Margareth Menezes, defende a import\u00e2ncia do restabelecimento da chamada Cota de Tela. Criado em 2001, o mecanismo busca promover a produ\u00e7\u00e3o audiovisual brasileira, obrigando os cinemas comerciais de todo o pa\u00eds a destinarem parte de sua programa\u00e7\u00e3o \u00e0 exibi\u00e7\u00e3o de filmes nacionais. \u201cO projeto sobre Cotas de Telas est\u00e1 no Senado. [&hellip;]\" \/>\n<meta property=\"og:url\" content=\"https:\/\/cleitonpinheiro.com.br\/site\/ministra-defende-volta-da-cota-para-filmes-brasileiros\/\" \/>\n<meta property=\"og:site_name\" content=\"PORTAL DE NOT\u00cdCIAS CLEITON PINHEIRO\" \/>\n<meta property=\"article:publisher\" content=\"https:\/\/www.facebook.com\/portalcpnoticias\/\" \/>\n<meta property=\"article:published_time\" content=\"2023-08-14T14:02:06+00:00\" \/>\n<meta property=\"article:modified_time\" content=\"2023-12-27T14:42:12+00:00\" \/>\n<meta property=\"og:image\" content=\"https:\/\/cleitonpinheiro.com.br\/site\/wp-content\/uploads\/2023\/08\/ja_6696.jpg\" \/>\n\t<meta property=\"og:image:width\" content=\"1170\" \/>\n\t<meta property=\"og:image:height\" content=\"700\" \/>\n\t<meta property=\"og:image:type\" content=\"image\/jpeg\" \/>\n<meta name=\"author\" content=\"Reda\u00e7\u00e3o CP\" \/>\n<meta name=\"twitter:card\" content=\"summary_large_image\" \/>\n<meta name=\"twitter:label1\" content=\"Escrito por\" \/>\n\t<meta name=\"twitter:data1\" content=\"Reda\u00e7\u00e3o CP\" \/>\n\t<meta name=\"twitter:label2\" content=\"Est. tempo de leitura\" \/>\n\t<meta name=\"twitter:data2\" content=\"4 minutos\" \/>\n<script type=\"application\/ld+json\" class=\"yoast-schema-graph\">{\"@context\":\"https:\/\/schema.org\",\"@graph\":[{\"@type\":\"Article\",\"@id\":\"https:\/\/cleitonpinheiro.com.br\/site\/ministra-defende-volta-da-cota-para-filmes-brasileiros\/#article\",\"isPartOf\":{\"@id\":\"https:\/\/cleitonpinheiro.com.br\/site\/ministra-defende-volta-da-cota-para-filmes-brasileiros\/\"},\"author\":{\"name\":\"Reda\u00e7\u00e3o CP\",\"@id\":\"https:\/\/cleitonpinheiro.com.br\/site\/#\/schema\/person\/8f04544e0bc40a1b68775b08360f87db\"},\"headline\":\"Ministra defende volta da cota para filmes brasileiros\",\"datePublished\":\"2023-08-14T14:02:06+00:00\",\"dateModified\":\"2023-12-27T14:42:12+00:00\",\"mainEntityOfPage\":{\"@id\":\"https:\/\/cleitonpinheiro.com.br\/site\/ministra-defende-volta-da-cota-para-filmes-brasileiros\/\"},\"wordCount\":533,\"commentCount\":0,\"publisher\":{\"@id\":\"https:\/\/cleitonpinheiro.com.br\/site\/#organization\"},\"image\":{\"@id\":\"https:\/\/cleitonpinheiro.com.br\/site\/ministra-defende-volta-da-cota-para-filmes-brasileiros\/#primaryimage\"},\"thumbnailUrl\":\"https:\/\/cleitonpinheiro.com.br\/site\/wp-content\/uploads\/2023\/08\/ja_6696.jpg\",\"articleSection\":[\"BRASIL \/ MUNDO\",\"TODAS NOTICIAS\"],\"inLanguage\":\"pt-BR\",\"potentialAction\":[{\"@type\":\"CommentAction\",\"name\":\"Comment\",\"target\":[\"https:\/\/cleitonpinheiro.com.br\/site\/ministra-defende-volta-da-cota-para-filmes-brasileiros\/#respond\"]}]},{\"@type\":\"WebPage\",\"@id\":\"https:\/\/cleitonpinheiro.com.br\/site\/ministra-defende-volta-da-cota-para-filmes-brasileiros\/\",\"url\":\"https:\/\/cleitonpinheiro.com.br\/site\/ministra-defende-volta-da-cota-para-filmes-brasileiros\/\",\"name\":\"Ministra defende volta da cota para filmes brasileiros - PORTAL DE NOT\u00cdCIAS CLEITON PINHEIRO\",\"isPartOf\":{\"@id\":\"https:\/\/cleitonpinheiro.com.br\/site\/#website\"},\"primaryImageOfPage\":{\"@id\":\"https:\/\/cleitonpinheiro.com.br\/site\/ministra-defende-volta-da-cota-para-filmes-brasileiros\/#primaryimage\"},\"image\":{\"@id\":\"https:\/\/cleitonpinheiro.com.br\/site\/ministra-defende-volta-da-cota-para-filmes-brasileiros\/#primaryimage\"},\"thumbnailUrl\":\"https:\/\/cleitonpinheiro.com.br\/site\/wp-content\/uploads\/2023\/08\/ja_6696.jpg\",\"datePublished\":\"2023-08-14T14:02:06+00:00\",\"dateModified\":\"2023-12-27T14:42:12+00:00\",\"breadcrumb\":{\"@id\":\"https:\/\/cleitonpinheiro.com.br\/site\/ministra-defende-volta-da-cota-para-filmes-brasileiros\/#breadcrumb\"},\"inLanguage\":\"pt-BR\",\"potentialAction\":[{\"@type\":\"ReadAction\",\"target\":[\"https:\/\/cleitonpinheiro.com.br\/site\/ministra-defende-volta-da-cota-para-filmes-brasileiros\/\"]}]},{\"@type\":\"ImageObject\",\"inLanguage\":\"pt-BR\",\"@id\":\"https:\/\/cleitonpinheiro.com.br\/site\/ministra-defende-volta-da-cota-para-filmes-brasileiros\/#primaryimage\",\"url\":\"\",\"contentUrl\":\"\"},{\"@type\":\"BreadcrumbList\",\"@id\":\"https:\/\/cleitonpinheiro.com.br\/site\/ministra-defende-volta-da-cota-para-filmes-brasileiros\/#breadcrumb\",\"itemListElement\":[{\"@type\":\"ListItem\",\"position\":1,\"name\":\"In\u00edcio\",\"item\":\"https:\/\/cleitonpinheiro.com.br\/site\/\"},{\"@type\":\"ListItem\",\"position\":2,\"name\":\"Ministra defende volta da cota para filmes brasileiros\"}]},{\"@type\":\"WebSite\",\"@id\":\"https:\/\/cleitonpinheiro.com.br\/site\/#website\",\"url\":\"https:\/\/cleitonpinheiro.com.br\/site\/\",\"name\":\"PORTAL DE NOT\u00cdCIAS CLEITON PINHEIRO\",\"description\":\"FALANDO A VERDADE\",\"publisher\":{\"@id\":\"https:\/\/cleitonpinheiro.com.br\/site\/#organization\"},\"potentialAction\":[{\"@type\":\"SearchAction\",\"target\":{\"@type\":\"EntryPoint\",\"urlTemplate\":\"https:\/\/cleitonpinheiro.com.br\/site\/?s={search_term_string}\"},\"query-input\":{\"@type\":\"PropertyValueSpecification\",\"valueRequired\":true,\"valueName\":\"search_term_string\"}}],\"inLanguage\":\"pt-BR\"},{\"@type\":\"Organization\",\"@id\":\"https:\/\/cleitonpinheiro.com.br\/site\/#organization\",\"name\":\"CPNOT\u00cdCIAS\",\"url\":\"https:\/\/cleitonpinheiro.com.br\/site\/\",\"logo\":{\"@type\":\"ImageObject\",\"inLanguage\":\"pt-BR\",\"@id\":\"https:\/\/cleitonpinheiro.com.br\/site\/#\/schema\/logo\/image\/\",\"url\":\"https:\/\/cleitonpinheiro.com.br\/site\/wp-content\/uploads\/2022\/08\/Logo-pequena-2.png\",\"contentUrl\":\"https:\/\/cleitonpinheiro.com.br\/site\/wp-content\/uploads\/2022\/08\/Logo-pequena-2.png\",\"width\":500,\"height\":500,\"caption\":\"CPNOT\u00cdCIAS\"},\"image\":{\"@id\":\"https:\/\/cleitonpinheiro.com.br\/site\/#\/schema\/logo\/image\/\"},\"sameAs\":[\"https:\/\/www.facebook.com\/portalcpnoticias\/\"]},{\"@type\":\"Person\",\"@id\":\"https:\/\/cleitonpinheiro.com.br\/site\/#\/schema\/person\/8f04544e0bc40a1b68775b08360f87db\",\"name\":\"Reda\u00e7\u00e3o CP\",\"image\":{\"@type\":\"ImageObject\",\"inLanguage\":\"pt-BR\",\"@id\":\"https:\/\/cleitonpinheiro.com.br\/site\/#\/schema\/person\/image\/\",\"url\":\"https:\/\/secure.gravatar.com\/avatar\/0bcf19cb29fdc8fc588c490c7ae1b3e174dac268586a63fbe1d1893a0f9020cd?s=96&r=g\",\"contentUrl\":\"https:\/\/secure.gravatar.com\/avatar\/0bcf19cb29fdc8fc588c490c7ae1b3e174dac268586a63fbe1d1893a0f9020cd?s=96&r=g\",\"caption\":\"Reda\u00e7\u00e3o CP\"},\"url\":\"https:\/\/cleitonpinheiro.com.br\/site\/author\/redacao\/\"}]}<\/script>\n<!-- \/ Yoast SEO plugin. -->","yoast_head_json":{"title":"Ministra defende volta da cota para filmes brasileiros - PORTAL DE NOT\u00cdCIAS CLEITON PINHEIRO","robots":{"index":"index","follow":"follow","max-snippet":"max-snippet:-1","max-image-preview":"max-image-preview:large","max-video-preview":"max-video-preview:-1"},"canonical":"https:\/\/cleitonpinheiro.com.br\/site\/ministra-defende-volta-da-cota-para-filmes-brasileiros\/","og_locale":"pt_BR","og_type":"article","og_title":"Ministra defende volta da cota para filmes brasileiros - PORTAL DE NOT\u00cdCIAS CLEITON PINHEIRO","og_description":"A ministra da Cultura, Margareth Menezes, defende a import\u00e2ncia do restabelecimento da chamada Cota de Tela. Criado em 2001, o mecanismo busca promover a produ\u00e7\u00e3o audiovisual brasileira, obrigando os cinemas comerciais de todo o pa\u00eds a destinarem parte de sua programa\u00e7\u00e3o \u00e0 exibi\u00e7\u00e3o de filmes nacionais. \u201cO projeto sobre Cotas de Telas est\u00e1 no Senado. [&hellip;]","og_url":"https:\/\/cleitonpinheiro.com.br\/site\/ministra-defende-volta-da-cota-para-filmes-brasileiros\/","og_site_name":"PORTAL DE NOT\u00cdCIAS CLEITON PINHEIRO","article_publisher":"https:\/\/www.facebook.com\/portalcpnoticias\/","article_published_time":"2023-08-14T14:02:06+00:00","article_modified_time":"2023-12-27T14:42:12+00:00","og_image":[{"width":1170,"height":700,"url":"https:\/\/cleitonpinheiro.com.br\/site\/wp-content\/uploads\/2023\/08\/ja_6696.jpg","type":"image\/jpeg"}],"author":"Reda\u00e7\u00e3o CP","twitter_card":"summary_large_image","twitter_misc":{"Escrito por":"Reda\u00e7\u00e3o CP","Est. tempo de leitura":"4 minutos"},"schema":{"@context":"https:\/\/schema.org","@graph":[{"@type":"Article","@id":"https:\/\/cleitonpinheiro.com.br\/site\/ministra-defende-volta-da-cota-para-filmes-brasileiros\/#article","isPartOf":{"@id":"https:\/\/cleitonpinheiro.com.br\/site\/ministra-defende-volta-da-cota-para-filmes-brasileiros\/"},"author":{"name":"Reda\u00e7\u00e3o CP","@id":"https:\/\/cleitonpinheiro.com.br\/site\/#\/schema\/person\/8f04544e0bc40a1b68775b08360f87db"},"headline":"Ministra defende volta da cota para filmes brasileiros","datePublished":"2023-08-14T14:02:06+00:00","dateModified":"2023-12-27T14:42:12+00:00","mainEntityOfPage":{"@id":"https:\/\/cleitonpinheiro.com.br\/site\/ministra-defende-volta-da-cota-para-filmes-brasileiros\/"},"wordCount":533,"commentCount":0,"publisher":{"@id":"https:\/\/cleitonpinheiro.com.br\/site\/#organization"},"image":{"@id":"https:\/\/cleitonpinheiro.com.br\/site\/ministra-defende-volta-da-cota-para-filmes-brasileiros\/#primaryimage"},"thumbnailUrl":"https:\/\/cleitonpinheiro.com.br\/site\/wp-content\/uploads\/2023\/08\/ja_6696.jpg","articleSection":["BRASIL \/ MUNDO","TODAS NOTICIAS"],"inLanguage":"pt-BR","potentialAction":[{"@type":"CommentAction","name":"Comment","target":["https:\/\/cleitonpinheiro.com.br\/site\/ministra-defende-volta-da-cota-para-filmes-brasileiros\/#respond"]}]},{"@type":"WebPage","@id":"https:\/\/cleitonpinheiro.com.br\/site\/ministra-defende-volta-da-cota-para-filmes-brasileiros\/","url":"https:\/\/cleitonpinheiro.com.br\/site\/ministra-defende-volta-da-cota-para-filmes-brasileiros\/","name":"Ministra defende volta da cota para filmes brasileiros - PORTAL DE NOT\u00cdCIAS CLEITON PINHEIRO","isPartOf":{"@id":"https:\/\/cleitonpinheiro.com.br\/site\/#website"},"primaryImageOfPage":{"@id":"https:\/\/cleitonpinheiro.com.br\/site\/ministra-defende-volta-da-cota-para-filmes-brasileiros\/#primaryimage"},"image":{"@id":"https:\/\/cleitonpinheiro.com.br\/site\/ministra-defende-volta-da-cota-para-filmes-brasileiros\/#primaryimage"},"thumbnailUrl":"https:\/\/cleitonpinheiro.com.br\/site\/wp-content\/uploads\/2023\/08\/ja_6696.jpg","datePublished":"2023-08-14T14:02:06+00:00","dateModified":"2023-12-27T14:42:12+00:00","breadcrumb":{"@id":"https:\/\/cleitonpinheiro.com.br\/site\/ministra-defende-volta-da-cota-para-filmes-brasileiros\/#breadcrumb"},"inLanguage":"pt-BR","potentialAction":[{"@type":"ReadAction","target":["https:\/\/cleitonpinheiro.com.br\/site\/ministra-defende-volta-da-cota-para-filmes-brasileiros\/"]}]},{"@type":"ImageObject","inLanguage":"pt-BR","@id":"https:\/\/cleitonpinheiro.com.br\/site\/ministra-defende-volta-da-cota-para-filmes-brasileiros\/#primaryimage","url":"","contentUrl":""},{"@type":"BreadcrumbList","@id":"https:\/\/cleitonpinheiro.com.br\/site\/ministra-defende-volta-da-cota-para-filmes-brasileiros\/#breadcrumb","itemListElement":[{"@type":"ListItem","position":1,"name":"In\u00edcio","item":"https:\/\/cleitonpinheiro.com.br\/site\/"},{"@type":"ListItem","position":2,"name":"Ministra defende volta da cota para filmes brasileiros"}]},{"@type":"WebSite","@id":"https:\/\/cleitonpinheiro.com.br\/site\/#website","url":"https:\/\/cleitonpinheiro.com.br\/site\/","name":"PORTAL DE NOT\u00cdCIAS CLEITON PINHEIRO","description":"FALANDO A VERDADE","publisher":{"@id":"https:\/\/cleitonpinheiro.com.br\/site\/#organization"},"potentialAction":[{"@type":"SearchAction","target":{"@type":"EntryPoint","urlTemplate":"https:\/\/cleitonpinheiro.com.br\/site\/?s={search_term_string}"},"query-input":{"@type":"PropertyValueSpecification","valueRequired":true,"valueName":"search_term_string"}}],"inLanguage":"pt-BR"},{"@type":"Organization","@id":"https:\/\/cleitonpinheiro.com.br\/site\/#organization","name":"CPNOT\u00cdCIAS","url":"https:\/\/cleitonpinheiro.com.br\/site\/","logo":{"@type":"ImageObject","inLanguage":"pt-BR","@id":"https:\/\/cleitonpinheiro.com.br\/site\/#\/schema\/logo\/image\/","url":"https:\/\/cleitonpinheiro.com.br\/site\/wp-content\/uploads\/2022\/08\/Logo-pequena-2.png","contentUrl":"https:\/\/cleitonpinheiro.com.br\/site\/wp-content\/uploads\/2022\/08\/Logo-pequena-2.png","width":500,"height":500,"caption":"CPNOT\u00cdCIAS"},"image":{"@id":"https:\/\/cleitonpinheiro.com.br\/site\/#\/schema\/logo\/image\/"},"sameAs":["https:\/\/www.facebook.com\/portalcpnoticias\/"]},{"@type":"Person","@id":"https:\/\/cleitonpinheiro.com.br\/site\/#\/schema\/person\/8f04544e0bc40a1b68775b08360f87db","name":"Reda\u00e7\u00e3o CP","image":{"@type":"ImageObject","inLanguage":"pt-BR","@id":"https:\/\/cleitonpinheiro.com.br\/site\/#\/schema\/person\/image\/","url":"https:\/\/secure.gravatar.com\/avatar\/0bcf19cb29fdc8fc588c490c7ae1b3e174dac268586a63fbe1d1893a0f9020cd?s=96&r=g","contentUrl":"https:\/\/secure.gravatar.com\/avatar\/0bcf19cb29fdc8fc588c490c7ae1b3e174dac268586a63fbe1d1893a0f9020cd?s=96&r=g","caption":"Reda\u00e7\u00e3o CP"},"url":"https:\/\/cleitonpinheiro.com.br\/site\/author\/redacao\/"}]}},"views":161,"_links":{"self":[{"href":"https:\/\/cleitonpinheiro.com.br\/site\/wp-json\/wp\/v2\/posts\/73445","targetHints":{"allow":["GET"]}}],"collection":[{"href":"https:\/\/cleitonpinheiro.com.br\/site\/wp-json\/wp\/v2\/posts"}],"about":[{"href":"https:\/\/cleitonpinheiro.com.br\/site\/wp-json\/wp\/v2\/types\/post"}],"author":[{"embeddable":true,"href":"https:\/\/cleitonpinheiro.com.br\/site\/wp-json\/wp\/v2\/users\/13"}],"replies":[{"embeddable":true,"href":"https:\/\/cleitonpinheiro.com.br\/site\/wp-json\/wp\/v2\/comments?post=73445"}],"version-history":[{"count":1,"href":"https:\/\/cleitonpinheiro.com.br\/site\/wp-json\/wp\/v2\/posts\/73445\/revisions"}],"predecessor-version":[{"id":73447,"href":"https:\/\/cleitonpinheiro.com.br\/site\/wp-json\/wp\/v2\/posts\/73445\/revisions\/73447"}],"wp:attachment":[{"href":"https:\/\/cleitonpinheiro.com.br\/site\/wp-json\/wp\/v2\/media?parent=73445"}],"wp:term":[{"taxonomy":"category","embeddable":true,"href":"https:\/\/cleitonpinheiro.com.br\/site\/wp-json\/wp\/v2\/categories?post=73445"},{"taxonomy":"post_tag","embeddable":true,"href":"https:\/\/cleitonpinheiro.com.br\/site\/wp-json\/wp\/v2\/tags?post=73445"}],"curies":[{"name":"wp","href":"https:\/\/api.w.org\/{rel}","templated":true}]}}