{"id":73448,"date":"2023-08-14T11:04:28","date_gmt":"2023-08-14T14:04:28","guid":{"rendered":"https:\/\/cleitonpinheiro.com.br\/site\/?p=73448"},"modified":"2023-08-14T11:04:31","modified_gmt":"2023-08-14T14:04:31","slug":"reforma-da-unidade-de-saude-da-arno-71-segue-a-todo-vapor","status":"publish","type":"post","link":"https:\/\/cleitonpinheiro.com.br\/site\/reforma-da-unidade-de-saude-da-arno-71-segue-a-todo-vapor\/","title":{"rendered":"Reforma da unidade de sa\u00fade da Arno 71 segue a todo vapor"},"content":{"rendered":"\n<figure class=\"wp-block-image size-full\"><img decoding=\"async\" src=\"https:\/\/cleitonpinheiro.com.br\/site\/wp-content\/uploads\/2023\/08\/4c0017bc-514d-4b80-b54e-d0f6aef6f574.jpg\" alt=\"\" class=\"wp-image-73449\"\/><figcaption class=\"wp-element-caption\">Novo piso \u00e9 assentado na Unidade de Sa\u00fade da Fam\u00edlia da Arno 71 (603 Norte) &#8211; Foto Regiane Rocha\/Prefeitura de Palmas<\/figcaption><\/figure>\n\n\n\n<p class=\"wp-block-paragraph\">Ap\u00f3s quase 60 dias do in\u00edcio da obra, a reforma da Unidade de Sa\u00fade da Fam\u00edlia (USF) da Arno 71 (603 Norte) segue a todo vapor para concluir as atividades at\u00e9 o final de outubro. Mais de 60% da restaura\u00e7\u00e3o j\u00e1 foi conclu\u00edda. Dentre os servi\u00e7os realizados, est\u00e3o a troca da estrutura do telhado e telhas, nivelamento do assoalho, retirada de portas e janelas, refor\u00e7o estrutural da unidade, da parte el\u00e9trica e tamb\u00e9m do esgoto, al\u00e9m de cal\u00e7adas no entorno do im\u00f3vel.<\/p>\n\n\n\n<p class=\"wp-block-paragraph\">No momento, os servi\u00e7os est\u00e3o focados na finaliza\u00e7\u00e3o do assentamento do novo piso para dar in\u00edcio \u00e0 etapa de acabamentos da obra, como instala\u00e7\u00e3o de novas portas e janelas, reboco dos muros, pintura, ares condicionados e placas de identifica\u00e7\u00e3o. A reforma possibilitar\u00e1 uma estrutura mais adequada com consult\u00f3rios para atendimentos m\u00e9dicos, odontol\u00f3gicos e recep\u00e7\u00e3o climatizada para melhor conforto dos pacientes e da equipe multiprofissional.<\/p>\n\n\n\n<p class=\"wp-block-paragraph\"><strong>Atendimento<\/strong><\/p>\n\n\n\n<p class=\"wp-block-paragraph\">Para assistir \u00e0 comunidade at\u00e9 a finaliza\u00e7\u00e3o da obra, a Secretaria Municipal da Sa\u00fade (Semus) transferiu os atendimentos para unidades vizinhas. Os moradores das quadras ACSU-NE 70 (602 Norte), Arne 71 (604 Norte), incluindo moradores dos Residenciais North I e II, e do setor Santo Amaro e ch\u00e1caras do entorno est\u00e3o sendo atendidos na unidade da Arne 53 (406 Norte) e os moradores das quadras ACSU-NO 70 (601 Norte), Arno 71 (603 Norte) e do setor \u00c1gua Fria (loteamento e ch\u00e1caras) na USF da Arno 61 (503 Norte).<\/p>\n\n\n\n<p class=\"wp-block-paragraph\"><strong>Obras da Sa\u00fade&nbsp;<\/strong><br>Na rede municipal de sa\u00fade, atualmente, est\u00e3o em andamento as obras de reforma da Unidade de Pronto Atendimento Sul (UPA Sul), da USF da Arno 71 (603 Norte), da USF Laurides Milhomem, e da USF Aureny II. Outras unidades devem receber melhorias ainda este ano.<\/p>\n","protected":false},"excerpt":{"rendered":"<p>Ap\u00f3s quase 60 dias do in\u00edcio da obra, a reforma da Unidade de Sa\u00fade da Fam\u00edlia (USF) da Arno 71 (603 Norte) segue a todo vapor para concluir as atividades at\u00e9 o final de outubro. Mais de 60% da restaura\u00e7\u00e3o j\u00e1 foi conclu\u00edda. Dentre os servi\u00e7os realizados, est\u00e3o a troca da estrutura do telhado e [&hellip;]<\/p>\n","protected":false},"author":13,"featured_media":0,"comment_status":"open","ping_status":"open","sticky":false,"template":"","format":"standard","meta":{"_acf_changed":false,"footnotes":""},"categories":[22,898],"tags":[],"class_list":["post-73448","post","type-post","status-publish","format-standard","hentry","category-cidades","category-manchete-segundaria"],"acf":[],"yoast_head":"<!-- This site is optimized with the Yoast SEO plugin v24.4 - https:\/\/yoast.com\/wordpress\/plugins\/seo\/ -->\n<title>Reforma da unidade de sa\u00fade da Arno 71 segue a todo vapor - PORTAL DE NOT\u00cdCIAS CLEITON PINHEIRO<\/title>\n<meta name=\"robots\" content=\"index, follow, max-snippet:-1, max-image-preview:large, max-video-preview:-1\" \/>\n<link rel=\"canonical\" href=\"https:\/\/cleitonpinheiro.com.br\/site\/reforma-da-unidade-de-saude-da-arno-71-segue-a-todo-vapor\/\" \/>\n<meta property=\"og:locale\" content=\"pt_BR\" \/>\n<meta property=\"og:type\" content=\"article\" \/>\n<meta property=\"og:title\" content=\"Reforma da unidade de sa\u00fade da Arno 71 segue a todo vapor - PORTAL DE NOT\u00cdCIAS CLEITON PINHEIRO\" \/>\n<meta property=\"og:description\" content=\"Ap\u00f3s quase 60 dias do in\u00edcio da obra, a reforma da Unidade de Sa\u00fade da Fam\u00edlia (USF) da Arno 71 (603 Norte) segue a todo vapor para concluir as atividades at\u00e9 o final de outubro. Mais de 60% da restaura\u00e7\u00e3o j\u00e1 foi conclu\u00edda. Dentre os servi\u00e7os realizados, est\u00e3o a troca da estrutura do telhado e [&hellip;]\" \/>\n<meta property=\"og:url\" content=\"https:\/\/cleitonpinheiro.com.br\/site\/reforma-da-unidade-de-saude-da-arno-71-segue-a-todo-vapor\/\" \/>\n<meta property=\"og:site_name\" content=\"PORTAL DE NOT\u00cdCIAS CLEITON PINHEIRO\" \/>\n<meta property=\"article:publisher\" content=\"https:\/\/www.facebook.com\/portalcpnoticias\/\" \/>\n<meta property=\"article:published_time\" content=\"2023-08-14T14:04:28+00:00\" \/>\n<meta property=\"article:modified_time\" content=\"2023-08-14T14:04:31+00:00\" \/>\n<meta property=\"og:image\" content=\"https:\/\/cleitonpinheiro.com.br\/site\/wp-content\/uploads\/2023\/08\/4c0017bc-514d-4b80-b54e-d0f6aef6f574.jpg\" \/>\n\t<meta property=\"og:image:width\" content=\"800\" \/>\n\t<meta property=\"og:image:height\" content=\"533\" \/>\n\t<meta property=\"og:image:type\" content=\"image\/jpeg\" \/>\n<meta name=\"author\" content=\"Reda\u00e7\u00e3o CP\" \/>\n<meta name=\"twitter:card\" content=\"summary_large_image\" \/>\n<meta name=\"twitter:label1\" content=\"Escrito por\" \/>\n\t<meta name=\"twitter:data1\" content=\"Reda\u00e7\u00e3o CP\" \/>\n\t<meta name=\"twitter:label2\" content=\"Est. tempo de leitura\" \/>\n\t<meta name=\"twitter:data2\" content=\"2 minutos\" \/>\n<script type=\"application\/ld+json\" class=\"yoast-schema-graph\">{\"@context\":\"https:\/\/schema.org\",\"@graph\":[{\"@type\":\"Article\",\"@id\":\"https:\/\/cleitonpinheiro.com.br\/site\/reforma-da-unidade-de-saude-da-arno-71-segue-a-todo-vapor\/#article\",\"isPartOf\":{\"@id\":\"https:\/\/cleitonpinheiro.com.br\/site\/reforma-da-unidade-de-saude-da-arno-71-segue-a-todo-vapor\/\"},\"author\":{\"name\":\"Reda\u00e7\u00e3o CP\",\"@id\":\"https:\/\/cleitonpinheiro.com.br\/site\/#\/schema\/person\/8f04544e0bc40a1b68775b08360f87db\"},\"headline\":\"Reforma da unidade de sa\u00fade da Arno 71 segue a todo vapor\",\"datePublished\":\"2023-08-14T14:04:28+00:00\",\"dateModified\":\"2023-08-14T14:04:31+00:00\",\"mainEntityOfPage\":{\"@id\":\"https:\/\/cleitonpinheiro.com.br\/site\/reforma-da-unidade-de-saude-da-arno-71-segue-a-todo-vapor\/\"},\"wordCount\":329,\"commentCount\":0,\"publisher\":{\"@id\":\"https:\/\/cleitonpinheiro.com.br\/site\/#organization\"},\"image\":{\"@id\":\"https:\/\/cleitonpinheiro.com.br\/site\/reforma-da-unidade-de-saude-da-arno-71-segue-a-todo-vapor\/#primaryimage\"},\"thumbnailUrl\":\"https:\/\/cleitonpinheiro.com.br\/site\/wp-content\/uploads\/2023\/08\/4c0017bc-514d-4b80-b54e-d0f6aef6f574.jpg\",\"articleSection\":[\"CIDADES\",\"MANCHETE SEGUND\u00c1RIA\"],\"inLanguage\":\"pt-BR\",\"potentialAction\":[{\"@type\":\"CommentAction\",\"name\":\"Comment\",\"target\":[\"https:\/\/cleitonpinheiro.com.br\/site\/reforma-da-unidade-de-saude-da-arno-71-segue-a-todo-vapor\/#respond\"]}]},{\"@type\":\"WebPage\",\"@id\":\"https:\/\/cleitonpinheiro.com.br\/site\/reforma-da-unidade-de-saude-da-arno-71-segue-a-todo-vapor\/\",\"url\":\"https:\/\/cleitonpinheiro.com.br\/site\/reforma-da-unidade-de-saude-da-arno-71-segue-a-todo-vapor\/\",\"name\":\"Reforma da unidade de sa\u00fade da Arno 71 segue a todo vapor - PORTAL DE NOT\u00cdCIAS CLEITON PINHEIRO\",\"isPartOf\":{\"@id\":\"https:\/\/cleitonpinheiro.com.br\/site\/#website\"},\"primaryImageOfPage\":{\"@id\":\"https:\/\/cleitonpinheiro.com.br\/site\/reforma-da-unidade-de-saude-da-arno-71-segue-a-todo-vapor\/#primaryimage\"},\"image\":{\"@id\":\"https:\/\/cleitonpinheiro.com.br\/site\/reforma-da-unidade-de-saude-da-arno-71-segue-a-todo-vapor\/#primaryimage\"},\"thumbnailUrl\":\"https:\/\/cleitonpinheiro.com.br\/site\/wp-content\/uploads\/2023\/08\/4c0017bc-514d-4b80-b54e-d0f6aef6f574.jpg\",\"datePublished\":\"2023-08-14T14:04:28+00:00\",\"dateModified\":\"2023-08-14T14:04:31+00:00\",\"breadcrumb\":{\"@id\":\"https:\/\/cleitonpinheiro.com.br\/site\/reforma-da-unidade-de-saude-da-arno-71-segue-a-todo-vapor\/#breadcrumb\"},\"inLanguage\":\"pt-BR\",\"potentialAction\":[{\"@type\":\"ReadAction\",\"target\":[\"https:\/\/cleitonpinheiro.com.br\/site\/reforma-da-unidade-de-saude-da-arno-71-segue-a-todo-vapor\/\"]}]},{\"@type\":\"ImageObject\",\"inLanguage\":\"pt-BR\",\"@id\":\"https:\/\/cleitonpinheiro.com.br\/site\/reforma-da-unidade-de-saude-da-arno-71-segue-a-todo-vapor\/#primaryimage\",\"url\":\"\",\"contentUrl\":\"\"},{\"@type\":\"BreadcrumbList\",\"@id\":\"https:\/\/cleitonpinheiro.com.br\/site\/reforma-da-unidade-de-saude-da-arno-71-segue-a-todo-vapor\/#breadcrumb\",\"itemListElement\":[{\"@type\":\"ListItem\",\"position\":1,\"name\":\"In\u00edcio\",\"item\":\"https:\/\/cleitonpinheiro.com.br\/site\/\"},{\"@type\":\"ListItem\",\"position\":2,\"name\":\"Reforma da unidade de sa\u00fade da Arno 71 segue a todo vapor\"}]},{\"@type\":\"WebSite\",\"@id\":\"https:\/\/cleitonpinheiro.com.br\/site\/#website\",\"url\":\"https:\/\/cleitonpinheiro.com.br\/site\/\",\"name\":\"PORTAL DE NOT\u00cdCIAS CLEITON PINHEIRO\",\"description\":\"FALANDO A VERDADE\",\"publisher\":{\"@id\":\"https:\/\/cleitonpinheiro.com.br\/site\/#organization\"},\"potentialAction\":[{\"@type\":\"SearchAction\",\"target\":{\"@type\":\"EntryPoint\",\"urlTemplate\":\"https:\/\/cleitonpinheiro.com.br\/site\/?s={search_term_string}\"},\"query-input\":{\"@type\":\"PropertyValueSpecification\",\"valueRequired\":true,\"valueName\":\"search_term_string\"}}],\"inLanguage\":\"pt-BR\"},{\"@type\":\"Organization\",\"@id\":\"https:\/\/cleitonpinheiro.com.br\/site\/#organization\",\"name\":\"CPNOT\u00cdCIAS\",\"url\":\"https:\/\/cleitonpinheiro.com.br\/site\/\",\"logo\":{\"@type\":\"ImageObject\",\"inLanguage\":\"pt-BR\",\"@id\":\"https:\/\/cleitonpinheiro.com.br\/site\/#\/schema\/logo\/image\/\",\"url\":\"https:\/\/cleitonpinheiro.com.br\/site\/wp-content\/uploads\/2022\/08\/Logo-pequena-2.png\",\"contentUrl\":\"https:\/\/cleitonpinheiro.com.br\/site\/wp-content\/uploads\/2022\/08\/Logo-pequena-2.png\",\"width\":500,\"height\":500,\"caption\":\"CPNOT\u00cdCIAS\"},\"image\":{\"@id\":\"https:\/\/cleitonpinheiro.com.br\/site\/#\/schema\/logo\/image\/\"},\"sameAs\":[\"https:\/\/www.facebook.com\/portalcpnoticias\/\"]},{\"@type\":\"Person\",\"@id\":\"https:\/\/cleitonpinheiro.com.br\/site\/#\/schema\/person\/8f04544e0bc40a1b68775b08360f87db\",\"name\":\"Reda\u00e7\u00e3o CP\",\"image\":{\"@type\":\"ImageObject\",\"inLanguage\":\"pt-BR\",\"@id\":\"https:\/\/cleitonpinheiro.com.br\/site\/#\/schema\/person\/image\/\",\"url\":\"https:\/\/secure.gravatar.com\/avatar\/0bcf19cb29fdc8fc588c490c7ae1b3e174dac268586a63fbe1d1893a0f9020cd?s=96&r=g\",\"contentUrl\":\"https:\/\/secure.gravatar.com\/avatar\/0bcf19cb29fdc8fc588c490c7ae1b3e174dac268586a63fbe1d1893a0f9020cd?s=96&r=g\",\"caption\":\"Reda\u00e7\u00e3o CP\"},\"url\":\"https:\/\/cleitonpinheiro.com.br\/site\/author\/redacao\/\"}]}<\/script>\n<!-- \/ Yoast SEO plugin. -->","yoast_head_json":{"title":"Reforma da unidade de sa\u00fade da Arno 71 segue a todo vapor - PORTAL DE NOT\u00cdCIAS CLEITON PINHEIRO","robots":{"index":"index","follow":"follow","max-snippet":"max-snippet:-1","max-image-preview":"max-image-preview:large","max-video-preview":"max-video-preview:-1"},"canonical":"https:\/\/cleitonpinheiro.com.br\/site\/reforma-da-unidade-de-saude-da-arno-71-segue-a-todo-vapor\/","og_locale":"pt_BR","og_type":"article","og_title":"Reforma da unidade de sa\u00fade da Arno 71 segue a todo vapor - PORTAL DE NOT\u00cdCIAS CLEITON PINHEIRO","og_description":"Ap\u00f3s quase 60 dias do in\u00edcio da obra, a reforma da Unidade de Sa\u00fade da Fam\u00edlia (USF) da Arno 71 (603 Norte) segue a todo vapor para concluir as atividades at\u00e9 o final de outubro. Mais de 60% da restaura\u00e7\u00e3o j\u00e1 foi conclu\u00edda. Dentre os servi\u00e7os realizados, est\u00e3o a troca da estrutura do telhado e [&hellip;]","og_url":"https:\/\/cleitonpinheiro.com.br\/site\/reforma-da-unidade-de-saude-da-arno-71-segue-a-todo-vapor\/","og_site_name":"PORTAL DE NOT\u00cdCIAS CLEITON PINHEIRO","article_publisher":"https:\/\/www.facebook.com\/portalcpnoticias\/","article_published_time":"2023-08-14T14:04:28+00:00","article_modified_time":"2023-08-14T14:04:31+00:00","og_image":[{"width":800,"height":533,"url":"https:\/\/cleitonpinheiro.com.br\/site\/wp-content\/uploads\/2023\/08\/4c0017bc-514d-4b80-b54e-d0f6aef6f574.jpg","type":"image\/jpeg"}],"author":"Reda\u00e7\u00e3o CP","twitter_card":"summary_large_image","twitter_misc":{"Escrito por":"Reda\u00e7\u00e3o CP","Est. tempo de leitura":"2 minutos"},"schema":{"@context":"https:\/\/schema.org","@graph":[{"@type":"Article","@id":"https:\/\/cleitonpinheiro.com.br\/site\/reforma-da-unidade-de-saude-da-arno-71-segue-a-todo-vapor\/#article","isPartOf":{"@id":"https:\/\/cleitonpinheiro.com.br\/site\/reforma-da-unidade-de-saude-da-arno-71-segue-a-todo-vapor\/"},"author":{"name":"Reda\u00e7\u00e3o CP","@id":"https:\/\/cleitonpinheiro.com.br\/site\/#\/schema\/person\/8f04544e0bc40a1b68775b08360f87db"},"headline":"Reforma da unidade de sa\u00fade da Arno 71 segue a todo vapor","datePublished":"2023-08-14T14:04:28+00:00","dateModified":"2023-08-14T14:04:31+00:00","mainEntityOfPage":{"@id":"https:\/\/cleitonpinheiro.com.br\/site\/reforma-da-unidade-de-saude-da-arno-71-segue-a-todo-vapor\/"},"wordCount":329,"commentCount":0,"publisher":{"@id":"https:\/\/cleitonpinheiro.com.br\/site\/#organization"},"image":{"@id":"https:\/\/cleitonpinheiro.com.br\/site\/reforma-da-unidade-de-saude-da-arno-71-segue-a-todo-vapor\/#primaryimage"},"thumbnailUrl":"https:\/\/cleitonpinheiro.com.br\/site\/wp-content\/uploads\/2023\/08\/4c0017bc-514d-4b80-b54e-d0f6aef6f574.jpg","articleSection":["CIDADES","MANCHETE SEGUND\u00c1RIA"],"inLanguage":"pt-BR","potentialAction":[{"@type":"CommentAction","name":"Comment","target":["https:\/\/cleitonpinheiro.com.br\/site\/reforma-da-unidade-de-saude-da-arno-71-segue-a-todo-vapor\/#respond"]}]},{"@type":"WebPage","@id":"https:\/\/cleitonpinheiro.com.br\/site\/reforma-da-unidade-de-saude-da-arno-71-segue-a-todo-vapor\/","url":"https:\/\/cleitonpinheiro.com.br\/site\/reforma-da-unidade-de-saude-da-arno-71-segue-a-todo-vapor\/","name":"Reforma da unidade de sa\u00fade da Arno 71 segue a todo vapor - PORTAL DE NOT\u00cdCIAS CLEITON PINHEIRO","isPartOf":{"@id":"https:\/\/cleitonpinheiro.com.br\/site\/#website"},"primaryImageOfPage":{"@id":"https:\/\/cleitonpinheiro.com.br\/site\/reforma-da-unidade-de-saude-da-arno-71-segue-a-todo-vapor\/#primaryimage"},"image":{"@id":"https:\/\/cleitonpinheiro.com.br\/site\/reforma-da-unidade-de-saude-da-arno-71-segue-a-todo-vapor\/#primaryimage"},"thumbnailUrl":"https:\/\/cleitonpinheiro.com.br\/site\/wp-content\/uploads\/2023\/08\/4c0017bc-514d-4b80-b54e-d0f6aef6f574.jpg","datePublished":"2023-08-14T14:04:28+00:00","dateModified":"2023-08-14T14:04:31+00:00","breadcrumb":{"@id":"https:\/\/cleitonpinheiro.com.br\/site\/reforma-da-unidade-de-saude-da-arno-71-segue-a-todo-vapor\/#breadcrumb"},"inLanguage":"pt-BR","potentialAction":[{"@type":"ReadAction","target":["https:\/\/cleitonpinheiro.com.br\/site\/reforma-da-unidade-de-saude-da-arno-71-segue-a-todo-vapor\/"]}]},{"@type":"ImageObject","inLanguage":"pt-BR","@id":"https:\/\/cleitonpinheiro.com.br\/site\/reforma-da-unidade-de-saude-da-arno-71-segue-a-todo-vapor\/#primaryimage","url":"","contentUrl":""},{"@type":"BreadcrumbList","@id":"https:\/\/cleitonpinheiro.com.br\/site\/reforma-da-unidade-de-saude-da-arno-71-segue-a-todo-vapor\/#breadcrumb","itemListElement":[{"@type":"ListItem","position":1,"name":"In\u00edcio","item":"https:\/\/cleitonpinheiro.com.br\/site\/"},{"@type":"ListItem","position":2,"name":"Reforma da unidade de sa\u00fade da Arno 71 segue a todo vapor"}]},{"@type":"WebSite","@id":"https:\/\/cleitonpinheiro.com.br\/site\/#website","url":"https:\/\/cleitonpinheiro.com.br\/site\/","name":"PORTAL DE NOT\u00cdCIAS CLEITON PINHEIRO","description":"FALANDO A VERDADE","publisher":{"@id":"https:\/\/cleitonpinheiro.com.br\/site\/#organization"},"potentialAction":[{"@type":"SearchAction","target":{"@type":"EntryPoint","urlTemplate":"https:\/\/cleitonpinheiro.com.br\/site\/?s={search_term_string}"},"query-input":{"@type":"PropertyValueSpecification","valueRequired":true,"valueName":"search_term_string"}}],"inLanguage":"pt-BR"},{"@type":"Organization","@id":"https:\/\/cleitonpinheiro.com.br\/site\/#organization","name":"CPNOT\u00cdCIAS","url":"https:\/\/cleitonpinheiro.com.br\/site\/","logo":{"@type":"ImageObject","inLanguage":"pt-BR","@id":"https:\/\/cleitonpinheiro.com.br\/site\/#\/schema\/logo\/image\/","url":"https:\/\/cleitonpinheiro.com.br\/site\/wp-content\/uploads\/2022\/08\/Logo-pequena-2.png","contentUrl":"https:\/\/cleitonpinheiro.com.br\/site\/wp-content\/uploads\/2022\/08\/Logo-pequena-2.png","width":500,"height":500,"caption":"CPNOT\u00cdCIAS"},"image":{"@id":"https:\/\/cleitonpinheiro.com.br\/site\/#\/schema\/logo\/image\/"},"sameAs":["https:\/\/www.facebook.com\/portalcpnoticias\/"]},{"@type":"Person","@id":"https:\/\/cleitonpinheiro.com.br\/site\/#\/schema\/person\/8f04544e0bc40a1b68775b08360f87db","name":"Reda\u00e7\u00e3o CP","image":{"@type":"ImageObject","inLanguage":"pt-BR","@id":"https:\/\/cleitonpinheiro.com.br\/site\/#\/schema\/person\/image\/","url":"https:\/\/secure.gravatar.com\/avatar\/0bcf19cb29fdc8fc588c490c7ae1b3e174dac268586a63fbe1d1893a0f9020cd?s=96&r=g","contentUrl":"https:\/\/secure.gravatar.com\/avatar\/0bcf19cb29fdc8fc588c490c7ae1b3e174dac268586a63fbe1d1893a0f9020cd?s=96&r=g","caption":"Reda\u00e7\u00e3o CP"},"url":"https:\/\/cleitonpinheiro.com.br\/site\/author\/redacao\/"}]}},"views":119,"_links":{"self":[{"href":"https:\/\/cleitonpinheiro.com.br\/site\/wp-json\/wp\/v2\/posts\/73448","targetHints":{"allow":["GET"]}}],"collection":[{"href":"https:\/\/cleitonpinheiro.com.br\/site\/wp-json\/wp\/v2\/posts"}],"about":[{"href":"https:\/\/cleitonpinheiro.com.br\/site\/wp-json\/wp\/v2\/types\/post"}],"author":[{"embeddable":true,"href":"https:\/\/cleitonpinheiro.com.br\/site\/wp-json\/wp\/v2\/users\/13"}],"replies":[{"embeddable":true,"href":"https:\/\/cleitonpinheiro.com.br\/site\/wp-json\/wp\/v2\/comments?post=73448"}],"version-history":[{"count":1,"href":"https:\/\/cleitonpinheiro.com.br\/site\/wp-json\/wp\/v2\/posts\/73448\/revisions"}],"predecessor-version":[{"id":73450,"href":"https:\/\/cleitonpinheiro.com.br\/site\/wp-json\/wp\/v2\/posts\/73448\/revisions\/73450"}],"wp:attachment":[{"href":"https:\/\/cleitonpinheiro.com.br\/site\/wp-json\/wp\/v2\/media?parent=73448"}],"wp:term":[{"taxonomy":"category","embeddable":true,"href":"https:\/\/cleitonpinheiro.com.br\/site\/wp-json\/wp\/v2\/categories?post=73448"},{"taxonomy":"post_tag","embeddable":true,"href":"https:\/\/cleitonpinheiro.com.br\/site\/wp-json\/wp\/v2\/tags?post=73448"}],"curies":[{"name":"wp","href":"https:\/\/api.w.org\/{rel}","templated":true}]}}