{"id":73454,"date":"2023-08-15T11:09:01","date_gmt":"2023-08-15T14:09:01","guid":{"rendered":"https:\/\/cleitonpinheiro.com.br\/site\/?p=73454"},"modified":"2023-08-17T09:50:43","modified_gmt":"2023-08-17T12:50:43","slug":"apagao-eletrico-teria-atingido-todas-as-regioes-do-brasil","status":"publish","type":"post","link":"https:\/\/cleitonpinheiro.com.br\/site\/apagao-eletrico-teria-atingido-todas-as-regioes-do-brasil\/","title":{"rendered":"Apag\u00e3o el\u00e9trico teria atingido todas as regi\u00f5es do Brasil"},"content":{"rendered":"\n<figure class=\"wp-block-image size-full\"><img decoding=\"async\" src=\"https:\/\/cleitonpinheiro.com.br\/site\/wp-content\/uploads\/2023\/08\/1102699-belom9_1.jpg\" alt=\"\" class=\"wp-image-73455\"\/><figcaption class=\"wp-element-caption\"><em>Energisa: &#8220;fornecimento de energia no Tocantis j\u00e1 come\u00e7ou a ser restabelecido de forma gradativa&#8221; &#8211; Foto: Beth Santos\/Presid\u00eancia da Rep\u00fablica<\/em><\/figcaption><\/figure>\n\n\n\n<p class=\"wp-block-paragraph\">O Minist\u00e9iro de Minas e Energia (MME) informou que houve falta de luz nos estados S\u00e3o Paulo, Rio de Janeiro, Minas Gerais, Distrito Federal, Mato Grosso do Sul, Bahia, Piau\u00ed, Cear\u00e1, Rio Grande do Norte, Pernambuco, Para\u00edba, Maranh\u00e3o, Par\u00e1, Tocantins, , Amazonas, Rio Grande do Sul e Santa Catarina, atingindo todos as regi\u00f5es brasileiras. O motivo, uma ocorr\u00eancia na rede de opera\u00e7\u00e3o do Sistema Interligado Nacional (SIN) interrompeu 16 mil MW de carga em estados do Norte e Nordeste, prejudicando a distribui\u00e7\u00e3o para os demais estados do Brasil. <\/p>\n\n\n\n<p class=\"wp-block-paragraph\">O MME respondeu que a retomada do fornecimento est\u00e1 em andamento e 6 mil MW teriam sido recompostos por volta das 9h15. <\/p>\n\n\n\n<p class=\"wp-block-paragraph\">A Energisa, respons\u00e1vel pelo fornecimento de energia el\u00e9trica no Tocantins, respondeu que: &#8220;por determina\u00e7\u00e3o do Operador Nacional do Sistema (ONS), foi interrompido o fornecimento de energia el\u00e9trica em territ\u00f3rios de sua concess\u00e3o. O servi\u00e7o est\u00e1 sendo gradualmente reestabelecido conforme a libera\u00e7\u00e3o da ONS&#8221;. A empresa destacou entrou em contato para alertar e dar suporte \u00e0 hospitais e outras entidades que prestam servi\u00e7os essenciais no Tocantins. <\/p>\n\n\n\n<p class=\"wp-block-paragraph\">&#8220;A causa ainda ser\u00e1 apurada. O fornecimento de energia no Tocantis j\u00e1 come\u00e7ou a ser restabelecido de forma gradativa&#8221;, trecho final da nota.<\/p>\n","protected":false},"excerpt":{"rendered":"<p>O Minist\u00e9iro de Minas e Energia (MME) informou que houve falta de luz nos estados S\u00e3o Paulo, Rio de Janeiro, Minas Gerais, Distrito Federal, Mato Grosso do Sul, Bahia, Piau\u00ed, Cear\u00e1, Rio Grande do Norte, Pernambuco, Para\u00edba, Maranh\u00e3o, Par\u00e1, Tocantins, , Amazonas, Rio Grande do Sul e Santa Catarina, atingindo todos as regi\u00f5es brasileiras. O [&hellip;]<\/p>\n","protected":false},"author":13,"featured_media":0,"comment_status":"open","ping_status":"open","sticky":false,"template":"","format":"standard","meta":{"_acf_changed":false,"footnotes":""},"categories":[8,898],"tags":[],"class_list":["post-73454","post","type-post","status-publish","format-standard","hentry","category-estado","category-manchete-segundaria"],"acf":[],"yoast_head":"<!-- This site is optimized with the Yoast SEO plugin v24.4 - https:\/\/yoast.com\/wordpress\/plugins\/seo\/ -->\n<title>Apag\u00e3o el\u00e9trico teria atingido todas as regi\u00f5es do Brasil - PORTAL DE NOT\u00cdCIAS CLEITON PINHEIRO<\/title>\n<meta name=\"robots\" content=\"index, follow, max-snippet:-1, max-image-preview:large, max-video-preview:-1\" \/>\n<link rel=\"canonical\" href=\"https:\/\/cleitonpinheiro.com.br\/site\/apagao-eletrico-teria-atingido-todas-as-regioes-do-brasil\/\" \/>\n<meta property=\"og:locale\" content=\"pt_BR\" \/>\n<meta property=\"og:type\" content=\"article\" \/>\n<meta property=\"og:title\" content=\"Apag\u00e3o el\u00e9trico teria atingido todas as regi\u00f5es do Brasil - PORTAL DE NOT\u00cdCIAS CLEITON PINHEIRO\" \/>\n<meta property=\"og:description\" content=\"O Minist\u00e9iro de Minas e Energia (MME) informou que houve falta de luz nos estados S\u00e3o Paulo, Rio de Janeiro, Minas Gerais, Distrito Federal, Mato Grosso do Sul, Bahia, Piau\u00ed, Cear\u00e1, Rio Grande do Norte, Pernambuco, Para\u00edba, Maranh\u00e3o, Par\u00e1, Tocantins, , Amazonas, Rio Grande do Sul e Santa Catarina, atingindo todos as regi\u00f5es brasileiras. O [&hellip;]\" \/>\n<meta property=\"og:url\" content=\"https:\/\/cleitonpinheiro.com.br\/site\/apagao-eletrico-teria-atingido-todas-as-regioes-do-brasil\/\" \/>\n<meta property=\"og:site_name\" content=\"PORTAL DE NOT\u00cdCIAS CLEITON PINHEIRO\" \/>\n<meta property=\"article:publisher\" content=\"https:\/\/www.facebook.com\/portalcpnoticias\/\" \/>\n<meta property=\"article:published_time\" content=\"2023-08-15T14:09:01+00:00\" \/>\n<meta property=\"article:modified_time\" content=\"2023-08-17T12:50:43+00:00\" \/>\n<meta property=\"og:image\" content=\"https:\/\/cleitonpinheiro.com.br\/site\/wp-content\/uploads\/2023\/08\/1102699-belom9_1.jpg\" \/>\n\t<meta property=\"og:image:width\" content=\"1024\" \/>\n\t<meta property=\"og:image:height\" content=\"768\" \/>\n\t<meta property=\"og:image:type\" content=\"image\/jpeg\" \/>\n<meta name=\"author\" content=\"Reda\u00e7\u00e3o CP\" \/>\n<meta name=\"twitter:card\" content=\"summary_large_image\" \/>\n<meta name=\"twitter:label1\" content=\"Escrito por\" \/>\n\t<meta name=\"twitter:data1\" content=\"Reda\u00e7\u00e3o CP\" \/>\n\t<meta name=\"twitter:label2\" content=\"Est. tempo de leitura\" \/>\n\t<meta name=\"twitter:data2\" content=\"2 minutos\" \/>\n<script type=\"application\/ld+json\" class=\"yoast-schema-graph\">{\"@context\":\"https:\/\/schema.org\",\"@graph\":[{\"@type\":\"Article\",\"@id\":\"https:\/\/cleitonpinheiro.com.br\/site\/apagao-eletrico-teria-atingido-todas-as-regioes-do-brasil\/#article\",\"isPartOf\":{\"@id\":\"https:\/\/cleitonpinheiro.com.br\/site\/apagao-eletrico-teria-atingido-todas-as-regioes-do-brasil\/\"},\"author\":{\"name\":\"Reda\u00e7\u00e3o CP\",\"@id\":\"https:\/\/cleitonpinheiro.com.br\/site\/#\/schema\/person\/8f04544e0bc40a1b68775b08360f87db\"},\"headline\":\"Apag\u00e3o el\u00e9trico teria atingido todas as regi\u00f5es do Brasil\",\"datePublished\":\"2023-08-15T14:09:01+00:00\",\"dateModified\":\"2023-08-17T12:50:43+00:00\",\"mainEntityOfPage\":{\"@id\":\"https:\/\/cleitonpinheiro.com.br\/site\/apagao-eletrico-teria-atingido-todas-as-regioes-do-brasil\/\"},\"wordCount\":248,\"commentCount\":0,\"publisher\":{\"@id\":\"https:\/\/cleitonpinheiro.com.br\/site\/#organization\"},\"image\":{\"@id\":\"https:\/\/cleitonpinheiro.com.br\/site\/apagao-eletrico-teria-atingido-todas-as-regioes-do-brasil\/#primaryimage\"},\"thumbnailUrl\":\"https:\/\/cleitonpinheiro.com.br\/site\/wp-content\/uploads\/2023\/08\/1102699-belom9_1.jpg\",\"articleSection\":[\"ESTADO\",\"MANCHETE SEGUND\u00c1RIA\"],\"inLanguage\":\"pt-BR\",\"potentialAction\":[{\"@type\":\"CommentAction\",\"name\":\"Comment\",\"target\":[\"https:\/\/cleitonpinheiro.com.br\/site\/apagao-eletrico-teria-atingido-todas-as-regioes-do-brasil\/#respond\"]}]},{\"@type\":\"WebPage\",\"@id\":\"https:\/\/cleitonpinheiro.com.br\/site\/apagao-eletrico-teria-atingido-todas-as-regioes-do-brasil\/\",\"url\":\"https:\/\/cleitonpinheiro.com.br\/site\/apagao-eletrico-teria-atingido-todas-as-regioes-do-brasil\/\",\"name\":\"Apag\u00e3o el\u00e9trico teria atingido todas as regi\u00f5es do Brasil - PORTAL DE NOT\u00cdCIAS CLEITON PINHEIRO\",\"isPartOf\":{\"@id\":\"https:\/\/cleitonpinheiro.com.br\/site\/#website\"},\"primaryImageOfPage\":{\"@id\":\"https:\/\/cleitonpinheiro.com.br\/site\/apagao-eletrico-teria-atingido-todas-as-regioes-do-brasil\/#primaryimage\"},\"image\":{\"@id\":\"https:\/\/cleitonpinheiro.com.br\/site\/apagao-eletrico-teria-atingido-todas-as-regioes-do-brasil\/#primaryimage\"},\"thumbnailUrl\":\"https:\/\/cleitonpinheiro.com.br\/site\/wp-content\/uploads\/2023\/08\/1102699-belom9_1.jpg\",\"datePublished\":\"2023-08-15T14:09:01+00:00\",\"dateModified\":\"2023-08-17T12:50:43+00:00\",\"breadcrumb\":{\"@id\":\"https:\/\/cleitonpinheiro.com.br\/site\/apagao-eletrico-teria-atingido-todas-as-regioes-do-brasil\/#breadcrumb\"},\"inLanguage\":\"pt-BR\",\"potentialAction\":[{\"@type\":\"ReadAction\",\"target\":[\"https:\/\/cleitonpinheiro.com.br\/site\/apagao-eletrico-teria-atingido-todas-as-regioes-do-brasil\/\"]}]},{\"@type\":\"ImageObject\",\"inLanguage\":\"pt-BR\",\"@id\":\"https:\/\/cleitonpinheiro.com.br\/site\/apagao-eletrico-teria-atingido-todas-as-regioes-do-brasil\/#primaryimage\",\"url\":\"\",\"contentUrl\":\"\"},{\"@type\":\"BreadcrumbList\",\"@id\":\"https:\/\/cleitonpinheiro.com.br\/site\/apagao-eletrico-teria-atingido-todas-as-regioes-do-brasil\/#breadcrumb\",\"itemListElement\":[{\"@type\":\"ListItem\",\"position\":1,\"name\":\"In\u00edcio\",\"item\":\"https:\/\/cleitonpinheiro.com.br\/site\/\"},{\"@type\":\"ListItem\",\"position\":2,\"name\":\"Apag\u00e3o el\u00e9trico teria atingido todas as regi\u00f5es do Brasil\"}]},{\"@type\":\"WebSite\",\"@id\":\"https:\/\/cleitonpinheiro.com.br\/site\/#website\",\"url\":\"https:\/\/cleitonpinheiro.com.br\/site\/\",\"name\":\"PORTAL DE NOT\u00cdCIAS CLEITON PINHEIRO\",\"description\":\"FALANDO A VERDADE\",\"publisher\":{\"@id\":\"https:\/\/cleitonpinheiro.com.br\/site\/#organization\"},\"potentialAction\":[{\"@type\":\"SearchAction\",\"target\":{\"@type\":\"EntryPoint\",\"urlTemplate\":\"https:\/\/cleitonpinheiro.com.br\/site\/?s={search_term_string}\"},\"query-input\":{\"@type\":\"PropertyValueSpecification\",\"valueRequired\":true,\"valueName\":\"search_term_string\"}}],\"inLanguage\":\"pt-BR\"},{\"@type\":\"Organization\",\"@id\":\"https:\/\/cleitonpinheiro.com.br\/site\/#organization\",\"name\":\"CPNOT\u00cdCIAS\",\"url\":\"https:\/\/cleitonpinheiro.com.br\/site\/\",\"logo\":{\"@type\":\"ImageObject\",\"inLanguage\":\"pt-BR\",\"@id\":\"https:\/\/cleitonpinheiro.com.br\/site\/#\/schema\/logo\/image\/\",\"url\":\"https:\/\/cleitonpinheiro.com.br\/site\/wp-content\/uploads\/2022\/08\/Logo-pequena-2.png\",\"contentUrl\":\"https:\/\/cleitonpinheiro.com.br\/site\/wp-content\/uploads\/2022\/08\/Logo-pequena-2.png\",\"width\":500,\"height\":500,\"caption\":\"CPNOT\u00cdCIAS\"},\"image\":{\"@id\":\"https:\/\/cleitonpinheiro.com.br\/site\/#\/schema\/logo\/image\/\"},\"sameAs\":[\"https:\/\/www.facebook.com\/portalcpnoticias\/\"]},{\"@type\":\"Person\",\"@id\":\"https:\/\/cleitonpinheiro.com.br\/site\/#\/schema\/person\/8f04544e0bc40a1b68775b08360f87db\",\"name\":\"Reda\u00e7\u00e3o CP\",\"image\":{\"@type\":\"ImageObject\",\"inLanguage\":\"pt-BR\",\"@id\":\"https:\/\/cleitonpinheiro.com.br\/site\/#\/schema\/person\/image\/\",\"url\":\"https:\/\/secure.gravatar.com\/avatar\/0bcf19cb29fdc8fc588c490c7ae1b3e174dac268586a63fbe1d1893a0f9020cd?s=96&r=g\",\"contentUrl\":\"https:\/\/secure.gravatar.com\/avatar\/0bcf19cb29fdc8fc588c490c7ae1b3e174dac268586a63fbe1d1893a0f9020cd?s=96&r=g\",\"caption\":\"Reda\u00e7\u00e3o CP\"},\"url\":\"https:\/\/cleitonpinheiro.com.br\/site\/author\/redacao\/\"}]}<\/script>\n<!-- \/ Yoast SEO plugin. -->","yoast_head_json":{"title":"Apag\u00e3o el\u00e9trico teria atingido todas as regi\u00f5es do Brasil - PORTAL DE NOT\u00cdCIAS CLEITON PINHEIRO","robots":{"index":"index","follow":"follow","max-snippet":"max-snippet:-1","max-image-preview":"max-image-preview:large","max-video-preview":"max-video-preview:-1"},"canonical":"https:\/\/cleitonpinheiro.com.br\/site\/apagao-eletrico-teria-atingido-todas-as-regioes-do-brasil\/","og_locale":"pt_BR","og_type":"article","og_title":"Apag\u00e3o el\u00e9trico teria atingido todas as regi\u00f5es do Brasil - PORTAL DE NOT\u00cdCIAS CLEITON PINHEIRO","og_description":"O Minist\u00e9iro de Minas e Energia (MME) informou que houve falta de luz nos estados S\u00e3o Paulo, Rio de Janeiro, Minas Gerais, Distrito Federal, Mato Grosso do Sul, Bahia, Piau\u00ed, Cear\u00e1, Rio Grande do Norte, Pernambuco, Para\u00edba, Maranh\u00e3o, Par\u00e1, Tocantins, , Amazonas, Rio Grande do Sul e Santa Catarina, atingindo todos as regi\u00f5es brasileiras. O [&hellip;]","og_url":"https:\/\/cleitonpinheiro.com.br\/site\/apagao-eletrico-teria-atingido-todas-as-regioes-do-brasil\/","og_site_name":"PORTAL DE NOT\u00cdCIAS CLEITON PINHEIRO","article_publisher":"https:\/\/www.facebook.com\/portalcpnoticias\/","article_published_time":"2023-08-15T14:09:01+00:00","article_modified_time":"2023-08-17T12:50:43+00:00","og_image":[{"width":1024,"height":768,"url":"https:\/\/cleitonpinheiro.com.br\/site\/wp-content\/uploads\/2023\/08\/1102699-belom9_1.jpg","type":"image\/jpeg"}],"author":"Reda\u00e7\u00e3o CP","twitter_card":"summary_large_image","twitter_misc":{"Escrito por":"Reda\u00e7\u00e3o CP","Est. tempo de leitura":"2 minutos"},"schema":{"@context":"https:\/\/schema.org","@graph":[{"@type":"Article","@id":"https:\/\/cleitonpinheiro.com.br\/site\/apagao-eletrico-teria-atingido-todas-as-regioes-do-brasil\/#article","isPartOf":{"@id":"https:\/\/cleitonpinheiro.com.br\/site\/apagao-eletrico-teria-atingido-todas-as-regioes-do-brasil\/"},"author":{"name":"Reda\u00e7\u00e3o CP","@id":"https:\/\/cleitonpinheiro.com.br\/site\/#\/schema\/person\/8f04544e0bc40a1b68775b08360f87db"},"headline":"Apag\u00e3o el\u00e9trico teria atingido todas as regi\u00f5es do Brasil","datePublished":"2023-08-15T14:09:01+00:00","dateModified":"2023-08-17T12:50:43+00:00","mainEntityOfPage":{"@id":"https:\/\/cleitonpinheiro.com.br\/site\/apagao-eletrico-teria-atingido-todas-as-regioes-do-brasil\/"},"wordCount":248,"commentCount":0,"publisher":{"@id":"https:\/\/cleitonpinheiro.com.br\/site\/#organization"},"image":{"@id":"https:\/\/cleitonpinheiro.com.br\/site\/apagao-eletrico-teria-atingido-todas-as-regioes-do-brasil\/#primaryimage"},"thumbnailUrl":"https:\/\/cleitonpinheiro.com.br\/site\/wp-content\/uploads\/2023\/08\/1102699-belom9_1.jpg","articleSection":["ESTADO","MANCHETE SEGUND\u00c1RIA"],"inLanguage":"pt-BR","potentialAction":[{"@type":"CommentAction","name":"Comment","target":["https:\/\/cleitonpinheiro.com.br\/site\/apagao-eletrico-teria-atingido-todas-as-regioes-do-brasil\/#respond"]}]},{"@type":"WebPage","@id":"https:\/\/cleitonpinheiro.com.br\/site\/apagao-eletrico-teria-atingido-todas-as-regioes-do-brasil\/","url":"https:\/\/cleitonpinheiro.com.br\/site\/apagao-eletrico-teria-atingido-todas-as-regioes-do-brasil\/","name":"Apag\u00e3o el\u00e9trico teria atingido todas as regi\u00f5es do Brasil - PORTAL DE NOT\u00cdCIAS CLEITON PINHEIRO","isPartOf":{"@id":"https:\/\/cleitonpinheiro.com.br\/site\/#website"},"primaryImageOfPage":{"@id":"https:\/\/cleitonpinheiro.com.br\/site\/apagao-eletrico-teria-atingido-todas-as-regioes-do-brasil\/#primaryimage"},"image":{"@id":"https:\/\/cleitonpinheiro.com.br\/site\/apagao-eletrico-teria-atingido-todas-as-regioes-do-brasil\/#primaryimage"},"thumbnailUrl":"https:\/\/cleitonpinheiro.com.br\/site\/wp-content\/uploads\/2023\/08\/1102699-belom9_1.jpg","datePublished":"2023-08-15T14:09:01+00:00","dateModified":"2023-08-17T12:50:43+00:00","breadcrumb":{"@id":"https:\/\/cleitonpinheiro.com.br\/site\/apagao-eletrico-teria-atingido-todas-as-regioes-do-brasil\/#breadcrumb"},"inLanguage":"pt-BR","potentialAction":[{"@type":"ReadAction","target":["https:\/\/cleitonpinheiro.com.br\/site\/apagao-eletrico-teria-atingido-todas-as-regioes-do-brasil\/"]}]},{"@type":"ImageObject","inLanguage":"pt-BR","@id":"https:\/\/cleitonpinheiro.com.br\/site\/apagao-eletrico-teria-atingido-todas-as-regioes-do-brasil\/#primaryimage","url":"","contentUrl":""},{"@type":"BreadcrumbList","@id":"https:\/\/cleitonpinheiro.com.br\/site\/apagao-eletrico-teria-atingido-todas-as-regioes-do-brasil\/#breadcrumb","itemListElement":[{"@type":"ListItem","position":1,"name":"In\u00edcio","item":"https:\/\/cleitonpinheiro.com.br\/site\/"},{"@type":"ListItem","position":2,"name":"Apag\u00e3o el\u00e9trico teria atingido todas as regi\u00f5es do Brasil"}]},{"@type":"WebSite","@id":"https:\/\/cleitonpinheiro.com.br\/site\/#website","url":"https:\/\/cleitonpinheiro.com.br\/site\/","name":"PORTAL DE NOT\u00cdCIAS CLEITON PINHEIRO","description":"FALANDO A VERDADE","publisher":{"@id":"https:\/\/cleitonpinheiro.com.br\/site\/#organization"},"potentialAction":[{"@type":"SearchAction","target":{"@type":"EntryPoint","urlTemplate":"https:\/\/cleitonpinheiro.com.br\/site\/?s={search_term_string}"},"query-input":{"@type":"PropertyValueSpecification","valueRequired":true,"valueName":"search_term_string"}}],"inLanguage":"pt-BR"},{"@type":"Organization","@id":"https:\/\/cleitonpinheiro.com.br\/site\/#organization","name":"CPNOT\u00cdCIAS","url":"https:\/\/cleitonpinheiro.com.br\/site\/","logo":{"@type":"ImageObject","inLanguage":"pt-BR","@id":"https:\/\/cleitonpinheiro.com.br\/site\/#\/schema\/logo\/image\/","url":"https:\/\/cleitonpinheiro.com.br\/site\/wp-content\/uploads\/2022\/08\/Logo-pequena-2.png","contentUrl":"https:\/\/cleitonpinheiro.com.br\/site\/wp-content\/uploads\/2022\/08\/Logo-pequena-2.png","width":500,"height":500,"caption":"CPNOT\u00cdCIAS"},"image":{"@id":"https:\/\/cleitonpinheiro.com.br\/site\/#\/schema\/logo\/image\/"},"sameAs":["https:\/\/www.facebook.com\/portalcpnoticias\/"]},{"@type":"Person","@id":"https:\/\/cleitonpinheiro.com.br\/site\/#\/schema\/person\/8f04544e0bc40a1b68775b08360f87db","name":"Reda\u00e7\u00e3o CP","image":{"@type":"ImageObject","inLanguage":"pt-BR","@id":"https:\/\/cleitonpinheiro.com.br\/site\/#\/schema\/person\/image\/","url":"https:\/\/secure.gravatar.com\/avatar\/0bcf19cb29fdc8fc588c490c7ae1b3e174dac268586a63fbe1d1893a0f9020cd?s=96&r=g","contentUrl":"https:\/\/secure.gravatar.com\/avatar\/0bcf19cb29fdc8fc588c490c7ae1b3e174dac268586a63fbe1d1893a0f9020cd?s=96&r=g","caption":"Reda\u00e7\u00e3o CP"},"url":"https:\/\/cleitonpinheiro.com.br\/site\/author\/redacao\/"}]}},"views":123,"_links":{"self":[{"href":"https:\/\/cleitonpinheiro.com.br\/site\/wp-json\/wp\/v2\/posts\/73454","targetHints":{"allow":["GET"]}}],"collection":[{"href":"https:\/\/cleitonpinheiro.com.br\/site\/wp-json\/wp\/v2\/posts"}],"about":[{"href":"https:\/\/cleitonpinheiro.com.br\/site\/wp-json\/wp\/v2\/types\/post"}],"author":[{"embeddable":true,"href":"https:\/\/cleitonpinheiro.com.br\/site\/wp-json\/wp\/v2\/users\/13"}],"replies":[{"embeddable":true,"href":"https:\/\/cleitonpinheiro.com.br\/site\/wp-json\/wp\/v2\/comments?post=73454"}],"version-history":[{"count":1,"href":"https:\/\/cleitonpinheiro.com.br\/site\/wp-json\/wp\/v2\/posts\/73454\/revisions"}],"predecessor-version":[{"id":73456,"href":"https:\/\/cleitonpinheiro.com.br\/site\/wp-json\/wp\/v2\/posts\/73454\/revisions\/73456"}],"wp:attachment":[{"href":"https:\/\/cleitonpinheiro.com.br\/site\/wp-json\/wp\/v2\/media?parent=73454"}],"wp:term":[{"taxonomy":"category","embeddable":true,"href":"https:\/\/cleitonpinheiro.com.br\/site\/wp-json\/wp\/v2\/categories?post=73454"},{"taxonomy":"post_tag","embeddable":true,"href":"https:\/\/cleitonpinheiro.com.br\/site\/wp-json\/wp\/v2\/tags?post=73454"}],"curies":[{"name":"wp","href":"https:\/\/api.w.org\/{rel}","templated":true}]}}