{"id":73457,"date":"2023-08-15T11:45:11","date_gmt":"2023-08-15T14:45:11","guid":{"rendered":"https:\/\/cleitonpinheiro.com.br\/site\/?p=73457"},"modified":"2023-08-15T11:45:14","modified_gmt":"2023-08-15T14:45:14","slug":"prefeita-cinthia-faz-reforma-administrativa-trocas-no-comando-da-educacao-e-da-saude","status":"publish","type":"post","link":"https:\/\/cleitonpinheiro.com.br\/site\/prefeita-cinthia-faz-reforma-administrativa-trocas-no-comando-da-educacao-e-da-saude\/","title":{"rendered":"Prefeita Cinthia faz reforma administrativa; trocas no comando da Educa\u00e7\u00e3o e da Sa\u00fade"},"content":{"rendered":"\n<figure class=\"wp-block-image size-full\"><img decoding=\"async\" src=\"https:\/\/cleitonpinheiro.com.br\/site\/wp-content\/uploads\/2023\/08\/56b7ce6d-c9e3-46b6-9d34-62d46003edda.jpg\" alt=\"\" class=\"wp-image-73459\"\/><figcaption class=\"wp-element-caption\">Prefeita Cinthia: &#8220;estou apostando muito neste novo formato&#8221; &#8211; Foto: Edu Fortes\/Prefeitura de Palmas<\/figcaption><\/figure>\n\n\n\n<p class=\"wp-block-paragraph\">O <a href=\"http:\/\/diariooficial.palmas.to.gov.br\/media\/diario\/3282-suplemento-1-15-8-2023-2-0-9.pdf\">Di\u00e1rio Oficial do Munic\u00edpio, edi\u00e7\u00e3o suplementar n\u00ba 3.282<\/a>, j\u00e1 publicado na madrugada desta ter\u00e7a-feira, 15, traz uma reforma administrativa no comando de parte das secretarias da Prefeitura de Palmas. O secret\u00e1rio F\u00e1bio Chaves, que comandava a Secretaria Municipal de Assuntos Fundi\u00e1rios, passa a comandar a Educa\u00e7\u00e3o. E a secret\u00e1ria executiva da Sa\u00fade, Ana Crystina Mota Brito Bezerra, assume o comando no lugar do Thiago de Paulo Marconi.<\/p>\n\n\n\n<p class=\"wp-block-paragraph\">A prefeita Cinthia Ribeiro informou que as mudan\u00e7as visam arejar a administra\u00e7\u00e3o p\u00fablica e melhorar os servi\u00e7os prestados pelas pastas. \u201cEstou apostando muito neste novo formato. Desejo um excelente trabalho aos novos nomeados, o nosso desafio di\u00e1rio \u00e9 tornar Palmas uma cidade cada vez melhor para se viver.&#8221; <\/p>\n\n\n\n<h2 class=\"wp-block-heading\">Mudan\u00e7as<\/h2>\n\n\n\n<p class=\"wp-block-paragraph\"><strong>F\u00e1bio Barbosa Chaves<\/strong> assume a Secretaria Municipal da Educa\u00e7\u00e3o (antes estava no comando da Secretaria Municipal de Assuntos Fundi\u00e1rios);<\/p>\n\n\n\n<p class=\"wp-block-paragraph\"><strong>Anna Crystina Mota Brito Bezerra<\/strong> assume a Secretaria Municipal de Sa\u00fade (antes estava como secret\u00e1ria executivo da mesma pasta)<\/p>\n\n\n\n<p class=\"wp-block-paragraph\"><strong>Fabricio Rodrigues Braga<\/strong> assume a Secretaria Municipal de Assuntos Fundi\u00e1rios (antes estava como secret\u00e1rio executivo da mesma pasta);<\/p>\n\n\n\n<p class=\"wp-block-paragraph\"><strong>Thiago de Paulo Marconi<\/strong> assume a Ag\u00eancia de Regula\u00e7\u00e3o, Controle e Fiscaliza\u00e7\u00e3o de Servi\u00e7os P\u00fablicos de Palmas (antes estava no comando da Secretaria Municipal da Sa\u00fade);<\/p>\n\n\n\n<p class=\"wp-block-paragraph\"><strong>Carlos Jos\u00e9 de Assis J\u00fanior<\/strong> assume a Secretaria Municipal de Finan\u00e7as;<\/p>\n\n\n\n<p class=\"wp-block-paragraph\"><strong>Vera L\u00facia Thoma Isomura<\/strong> assume a Secretaria Municipal de Transpar\u00eancia e Controle Interno (antes estava no comando da Secretaria Municipal de Finan\u00e7as);<\/p>\n\n\n\n<p class=\"wp-block-paragraph\"><strong>Andre Pugliese da Silva<\/strong> assume a Funda\u00e7\u00e3o Escola de Sa\u00fade P\u00fablica (antes comandava o Instituto 20 de Maio);<\/p>\n\n\n\n<p class=\"wp-block-paragraph\"><strong>Ivonete Pereira Motta<\/strong> assume o Instituto 20 de Maio de Ensino, Ci\u00eancia e Tecnologia do Munic\u00edpio de Palmas (antes estava como secret\u00e1ria executiva do Gabinete da Prefeita);<\/p>\n\n\n\n<p class=\"wp-block-paragraph\"><strong>Daniel Borini Zemumer<\/strong> assume como secret\u00e1rio executivo da Sa\u00fade (antes estava no comando da Funda\u00e7\u00e3o Escola de Sa\u00fade P\u00fablica de Palmas);<\/p>\n\n\n\n<p class=\"wp-block-paragraph\"><strong>Magvan Gomes Botelho Sousa <\/strong>assume como secret\u00e1rio executivo do Gabinete da Prefeita;<\/p>\n\n\n\n<p class=\"wp-block-paragraph\"><strong>Marcos Miranda<\/strong> assume como secret\u00e1rio executivo da Ag\u00eancia Municipal de Turismo.<\/p>\n\n\n\n<h2 class=\"wp-block-heading\">Exonerados<\/h2>\n\n\n\n<p class=\"wp-block-paragraph\">O DOM tamb\u00e9m traz as seguintes exonera\u00e7\u00f5es sem nomea\u00e7\u00f5es em outros locais:<\/p>\n\n\n\n<ul class=\"wp-block-list\">\n<li>Talitha Cristina Tozzi Zemuner &#8211; da presid\u00eancia da Ag\u00eancia de Regula\u00e7\u00e3o, Controle e Fiscaliza\u00e7\u00e3o de Servi\u00e7os P\u00fablicos de Palmas;<\/li>\n\n\n\n<li>Newton Andrade Soares &#8211; secret\u00e1rio executivo da Secretaria Municipal da Habita\u00e7\u00e3o;<\/li>\n\n\n\n<li>Willian Ribeiro Brito &#8211; secret\u00e1rio executivo da Secretaria Municipal de Desenvolvimetno Econ\u00f4mico e Emprego;<\/li>\n\n\n\n<li>Glayson Alves Soares &#8211; secret\u00e1rio executivo da Ag\u00eancia Municipal de Turismo.<\/li>\n<\/ul>\n","protected":false},"excerpt":{"rendered":"<p>O Di\u00e1rio Oficial do Munic\u00edpio, edi\u00e7\u00e3o suplementar n\u00ba 3.282, j\u00e1 publicado na madrugada desta ter\u00e7a-feira, 15, traz uma reforma administrativa no comando de parte das secretarias da Prefeitura de Palmas. O secret\u00e1rio F\u00e1bio Chaves, que comandava a Secretaria Municipal de Assuntos Fundi\u00e1rios, passa a comandar a Educa\u00e7\u00e3o. E a secret\u00e1ria executiva da Sa\u00fade, Ana Crystina [&hellip;]<\/p>\n","protected":false},"author":13,"featured_media":0,"comment_status":"open","ping_status":"open","sticky":false,"template":"","format":"standard","meta":{"_acf_changed":false,"footnotes":""},"categories":[22,898],"tags":[720],"class_list":["post-73457","post","type-post","status-publish","format-standard","hentry","category-cidades","category-manchete-segundaria","tag-prefeitura-de-palmas"],"acf":[],"yoast_head":"<!-- This site is optimized with the Yoast SEO plugin v24.4 - https:\/\/yoast.com\/wordpress\/plugins\/seo\/ -->\n<title>Prefeita Cinthia faz reforma administrativa; trocas no comando da Educa\u00e7\u00e3o e da Sa\u00fade - PORTAL DE NOT\u00cdCIAS CLEITON PINHEIRO<\/title>\n<meta name=\"robots\" content=\"index, follow, max-snippet:-1, max-image-preview:large, max-video-preview:-1\" \/>\n<link rel=\"canonical\" href=\"https:\/\/cleitonpinheiro.com.br\/site\/prefeita-cinthia-faz-reforma-administrativa-trocas-no-comando-da-educacao-e-da-saude\/\" \/>\n<meta property=\"og:locale\" content=\"pt_BR\" \/>\n<meta property=\"og:type\" content=\"article\" \/>\n<meta property=\"og:title\" content=\"Prefeita Cinthia faz reforma administrativa; trocas no comando da Educa\u00e7\u00e3o e da Sa\u00fade - PORTAL DE NOT\u00cdCIAS CLEITON PINHEIRO\" \/>\n<meta property=\"og:description\" content=\"O Di\u00e1rio Oficial do Munic\u00edpio, edi\u00e7\u00e3o suplementar n\u00ba 3.282, j\u00e1 publicado na madrugada desta ter\u00e7a-feira, 15, traz uma reforma administrativa no comando de parte das secretarias da Prefeitura de Palmas. O secret\u00e1rio F\u00e1bio Chaves, que comandava a Secretaria Municipal de Assuntos Fundi\u00e1rios, passa a comandar a Educa\u00e7\u00e3o. E a secret\u00e1ria executiva da Sa\u00fade, Ana Crystina [&hellip;]\" \/>\n<meta property=\"og:url\" content=\"https:\/\/cleitonpinheiro.com.br\/site\/prefeita-cinthia-faz-reforma-administrativa-trocas-no-comando-da-educacao-e-da-saude\/\" \/>\n<meta property=\"og:site_name\" content=\"PORTAL DE NOT\u00cdCIAS CLEITON PINHEIRO\" \/>\n<meta property=\"article:publisher\" content=\"https:\/\/www.facebook.com\/portalcpnoticias\/\" \/>\n<meta property=\"article:published_time\" content=\"2023-08-15T14:45:11+00:00\" \/>\n<meta property=\"article:modified_time\" content=\"2023-08-15T14:45:14+00:00\" \/>\n<meta property=\"og:image\" content=\"https:\/\/cleitonpinheiro.com.br\/site\/wp-content\/uploads\/2023\/08\/Foto-site.png\" \/>\n\t<meta property=\"og:image:width\" content=\"900\" \/>\n\t<meta property=\"og:image:height\" content=\"600\" \/>\n\t<meta property=\"og:image:type\" content=\"image\/png\" \/>\n<meta name=\"author\" content=\"Reda\u00e7\u00e3o CP\" \/>\n<meta name=\"twitter:card\" content=\"summary_large_image\" \/>\n<meta name=\"twitter:label1\" content=\"Escrito por\" \/>\n\t<meta name=\"twitter:data1\" content=\"Reda\u00e7\u00e3o CP\" \/>\n\t<meta name=\"twitter:label2\" content=\"Est. tempo de leitura\" \/>\n\t<meta name=\"twitter:data2\" content=\"3 minutos\" \/>\n<script type=\"application\/ld+json\" class=\"yoast-schema-graph\">{\"@context\":\"https:\/\/schema.org\",\"@graph\":[{\"@type\":\"Article\",\"@id\":\"https:\/\/cleitonpinheiro.com.br\/site\/prefeita-cinthia-faz-reforma-administrativa-trocas-no-comando-da-educacao-e-da-saude\/#article\",\"isPartOf\":{\"@id\":\"https:\/\/cleitonpinheiro.com.br\/site\/prefeita-cinthia-faz-reforma-administrativa-trocas-no-comando-da-educacao-e-da-saude\/\"},\"author\":{\"name\":\"Reda\u00e7\u00e3o CP\",\"@id\":\"https:\/\/cleitonpinheiro.com.br\/site\/#\/schema\/person\/8f04544e0bc40a1b68775b08360f87db\"},\"headline\":\"Prefeita Cinthia faz reforma administrativa; trocas no comando da Educa\u00e7\u00e3o e da Sa\u00fade\",\"datePublished\":\"2023-08-15T14:45:11+00:00\",\"dateModified\":\"2023-08-15T14:45:14+00:00\",\"mainEntityOfPage\":{\"@id\":\"https:\/\/cleitonpinheiro.com.br\/site\/prefeita-cinthia-faz-reforma-administrativa-trocas-no-comando-da-educacao-e-da-saude\/\"},\"wordCount\":477,\"commentCount\":0,\"publisher\":{\"@id\":\"https:\/\/cleitonpinheiro.com.br\/site\/#organization\"},\"image\":{\"@id\":\"https:\/\/cleitonpinheiro.com.br\/site\/prefeita-cinthia-faz-reforma-administrativa-trocas-no-comando-da-educacao-e-da-saude\/#primaryimage\"},\"thumbnailUrl\":\"https:\/\/cleitonpinheiro.com.br\/site\/wp-content\/uploads\/2023\/08\/56b7ce6d-c9e3-46b6-9d34-62d46003edda.jpg\",\"keywords\":[\"Prefeitura de Palmas\"],\"articleSection\":[\"CIDADES\",\"MANCHETE SEGUND\u00c1RIA\"],\"inLanguage\":\"pt-BR\",\"potentialAction\":[{\"@type\":\"CommentAction\",\"name\":\"Comment\",\"target\":[\"https:\/\/cleitonpinheiro.com.br\/site\/prefeita-cinthia-faz-reforma-administrativa-trocas-no-comando-da-educacao-e-da-saude\/#respond\"]}]},{\"@type\":\"WebPage\",\"@id\":\"https:\/\/cleitonpinheiro.com.br\/site\/prefeita-cinthia-faz-reforma-administrativa-trocas-no-comando-da-educacao-e-da-saude\/\",\"url\":\"https:\/\/cleitonpinheiro.com.br\/site\/prefeita-cinthia-faz-reforma-administrativa-trocas-no-comando-da-educacao-e-da-saude\/\",\"name\":\"Prefeita Cinthia faz reforma administrativa; trocas no comando da Educa\u00e7\u00e3o e da Sa\u00fade - PORTAL DE NOT\u00cdCIAS CLEITON PINHEIRO\",\"isPartOf\":{\"@id\":\"https:\/\/cleitonpinheiro.com.br\/site\/#website\"},\"primaryImageOfPage\":{\"@id\":\"https:\/\/cleitonpinheiro.com.br\/site\/prefeita-cinthia-faz-reforma-administrativa-trocas-no-comando-da-educacao-e-da-saude\/#primaryimage\"},\"image\":{\"@id\":\"https:\/\/cleitonpinheiro.com.br\/site\/prefeita-cinthia-faz-reforma-administrativa-trocas-no-comando-da-educacao-e-da-saude\/#primaryimage\"},\"thumbnailUrl\":\"https:\/\/cleitonpinheiro.com.br\/site\/wp-content\/uploads\/2023\/08\/56b7ce6d-c9e3-46b6-9d34-62d46003edda.jpg\",\"datePublished\":\"2023-08-15T14:45:11+00:00\",\"dateModified\":\"2023-08-15T14:45:14+00:00\",\"breadcrumb\":{\"@id\":\"https:\/\/cleitonpinheiro.com.br\/site\/prefeita-cinthia-faz-reforma-administrativa-trocas-no-comando-da-educacao-e-da-saude\/#breadcrumb\"},\"inLanguage\":\"pt-BR\",\"potentialAction\":[{\"@type\":\"ReadAction\",\"target\":[\"https:\/\/cleitonpinheiro.com.br\/site\/prefeita-cinthia-faz-reforma-administrativa-trocas-no-comando-da-educacao-e-da-saude\/\"]}]},{\"@type\":\"ImageObject\",\"inLanguage\":\"pt-BR\",\"@id\":\"https:\/\/cleitonpinheiro.com.br\/site\/prefeita-cinthia-faz-reforma-administrativa-trocas-no-comando-da-educacao-e-da-saude\/#primaryimage\",\"url\":\"\",\"contentUrl\":\"\"},{\"@type\":\"BreadcrumbList\",\"@id\":\"https:\/\/cleitonpinheiro.com.br\/site\/prefeita-cinthia-faz-reforma-administrativa-trocas-no-comando-da-educacao-e-da-saude\/#breadcrumb\",\"itemListElement\":[{\"@type\":\"ListItem\",\"position\":1,\"name\":\"In\u00edcio\",\"item\":\"https:\/\/cleitonpinheiro.com.br\/site\/\"},{\"@type\":\"ListItem\",\"position\":2,\"name\":\"Prefeita Cinthia faz reforma administrativa; trocas no comando da Educa\u00e7\u00e3o e da Sa\u00fade\"}]},{\"@type\":\"WebSite\",\"@id\":\"https:\/\/cleitonpinheiro.com.br\/site\/#website\",\"url\":\"https:\/\/cleitonpinheiro.com.br\/site\/\",\"name\":\"PORTAL DE NOT\u00cdCIAS CLEITON PINHEIRO\",\"description\":\"FALANDO A VERDADE\",\"publisher\":{\"@id\":\"https:\/\/cleitonpinheiro.com.br\/site\/#organization\"},\"potentialAction\":[{\"@type\":\"SearchAction\",\"target\":{\"@type\":\"EntryPoint\",\"urlTemplate\":\"https:\/\/cleitonpinheiro.com.br\/site\/?s={search_term_string}\"},\"query-input\":{\"@type\":\"PropertyValueSpecification\",\"valueRequired\":true,\"valueName\":\"search_term_string\"}}],\"inLanguage\":\"pt-BR\"},{\"@type\":\"Organization\",\"@id\":\"https:\/\/cleitonpinheiro.com.br\/site\/#organization\",\"name\":\"CPNOT\u00cdCIAS\",\"url\":\"https:\/\/cleitonpinheiro.com.br\/site\/\",\"logo\":{\"@type\":\"ImageObject\",\"inLanguage\":\"pt-BR\",\"@id\":\"https:\/\/cleitonpinheiro.com.br\/site\/#\/schema\/logo\/image\/\",\"url\":\"https:\/\/cleitonpinheiro.com.br\/site\/wp-content\/uploads\/2022\/08\/Logo-pequena-2.png\",\"contentUrl\":\"https:\/\/cleitonpinheiro.com.br\/site\/wp-content\/uploads\/2022\/08\/Logo-pequena-2.png\",\"width\":500,\"height\":500,\"caption\":\"CPNOT\u00cdCIAS\"},\"image\":{\"@id\":\"https:\/\/cleitonpinheiro.com.br\/site\/#\/schema\/logo\/image\/\"},\"sameAs\":[\"https:\/\/www.facebook.com\/portalcpnoticias\/\"]},{\"@type\":\"Person\",\"@id\":\"https:\/\/cleitonpinheiro.com.br\/site\/#\/schema\/person\/8f04544e0bc40a1b68775b08360f87db\",\"name\":\"Reda\u00e7\u00e3o CP\",\"image\":{\"@type\":\"ImageObject\",\"inLanguage\":\"pt-BR\",\"@id\":\"https:\/\/cleitonpinheiro.com.br\/site\/#\/schema\/person\/image\/\",\"url\":\"https:\/\/secure.gravatar.com\/avatar\/0bcf19cb29fdc8fc588c490c7ae1b3e174dac268586a63fbe1d1893a0f9020cd?s=96&r=g\",\"contentUrl\":\"https:\/\/secure.gravatar.com\/avatar\/0bcf19cb29fdc8fc588c490c7ae1b3e174dac268586a63fbe1d1893a0f9020cd?s=96&r=g\",\"caption\":\"Reda\u00e7\u00e3o CP\"},\"url\":\"https:\/\/cleitonpinheiro.com.br\/site\/author\/redacao\/\"}]}<\/script>\n<!-- \/ Yoast SEO plugin. -->","yoast_head_json":{"title":"Prefeita Cinthia faz reforma administrativa; trocas no comando da Educa\u00e7\u00e3o e da Sa\u00fade - PORTAL DE NOT\u00cdCIAS CLEITON PINHEIRO","robots":{"index":"index","follow":"follow","max-snippet":"max-snippet:-1","max-image-preview":"max-image-preview:large","max-video-preview":"max-video-preview:-1"},"canonical":"https:\/\/cleitonpinheiro.com.br\/site\/prefeita-cinthia-faz-reforma-administrativa-trocas-no-comando-da-educacao-e-da-saude\/","og_locale":"pt_BR","og_type":"article","og_title":"Prefeita Cinthia faz reforma administrativa; trocas no comando da Educa\u00e7\u00e3o e da Sa\u00fade - PORTAL DE NOT\u00cdCIAS CLEITON PINHEIRO","og_description":"O Di\u00e1rio Oficial do Munic\u00edpio, edi\u00e7\u00e3o suplementar n\u00ba 3.282, j\u00e1 publicado na madrugada desta ter\u00e7a-feira, 15, traz uma reforma administrativa no comando de parte das secretarias da Prefeitura de Palmas. O secret\u00e1rio F\u00e1bio Chaves, que comandava a Secretaria Municipal de Assuntos Fundi\u00e1rios, passa a comandar a Educa\u00e7\u00e3o. E a secret\u00e1ria executiva da Sa\u00fade, Ana Crystina [&hellip;]","og_url":"https:\/\/cleitonpinheiro.com.br\/site\/prefeita-cinthia-faz-reforma-administrativa-trocas-no-comando-da-educacao-e-da-saude\/","og_site_name":"PORTAL DE NOT\u00cdCIAS CLEITON PINHEIRO","article_publisher":"https:\/\/www.facebook.com\/portalcpnoticias\/","article_published_time":"2023-08-15T14:45:11+00:00","article_modified_time":"2023-08-15T14:45:14+00:00","og_image":[{"width":900,"height":600,"url":"https:\/\/cleitonpinheiro.com.br\/site\/wp-content\/uploads\/2023\/08\/Foto-site.png","type":"image\/png"}],"author":"Reda\u00e7\u00e3o CP","twitter_card":"summary_large_image","twitter_misc":{"Escrito por":"Reda\u00e7\u00e3o CP","Est. tempo de leitura":"3 minutos"},"schema":{"@context":"https:\/\/schema.org","@graph":[{"@type":"Article","@id":"https:\/\/cleitonpinheiro.com.br\/site\/prefeita-cinthia-faz-reforma-administrativa-trocas-no-comando-da-educacao-e-da-saude\/#article","isPartOf":{"@id":"https:\/\/cleitonpinheiro.com.br\/site\/prefeita-cinthia-faz-reforma-administrativa-trocas-no-comando-da-educacao-e-da-saude\/"},"author":{"name":"Reda\u00e7\u00e3o CP","@id":"https:\/\/cleitonpinheiro.com.br\/site\/#\/schema\/person\/8f04544e0bc40a1b68775b08360f87db"},"headline":"Prefeita Cinthia faz reforma administrativa; trocas no comando da Educa\u00e7\u00e3o e da Sa\u00fade","datePublished":"2023-08-15T14:45:11+00:00","dateModified":"2023-08-15T14:45:14+00:00","mainEntityOfPage":{"@id":"https:\/\/cleitonpinheiro.com.br\/site\/prefeita-cinthia-faz-reforma-administrativa-trocas-no-comando-da-educacao-e-da-saude\/"},"wordCount":477,"commentCount":0,"publisher":{"@id":"https:\/\/cleitonpinheiro.com.br\/site\/#organization"},"image":{"@id":"https:\/\/cleitonpinheiro.com.br\/site\/prefeita-cinthia-faz-reforma-administrativa-trocas-no-comando-da-educacao-e-da-saude\/#primaryimage"},"thumbnailUrl":"https:\/\/cleitonpinheiro.com.br\/site\/wp-content\/uploads\/2023\/08\/56b7ce6d-c9e3-46b6-9d34-62d46003edda.jpg","keywords":["Prefeitura de Palmas"],"articleSection":["CIDADES","MANCHETE SEGUND\u00c1RIA"],"inLanguage":"pt-BR","potentialAction":[{"@type":"CommentAction","name":"Comment","target":["https:\/\/cleitonpinheiro.com.br\/site\/prefeita-cinthia-faz-reforma-administrativa-trocas-no-comando-da-educacao-e-da-saude\/#respond"]}]},{"@type":"WebPage","@id":"https:\/\/cleitonpinheiro.com.br\/site\/prefeita-cinthia-faz-reforma-administrativa-trocas-no-comando-da-educacao-e-da-saude\/","url":"https:\/\/cleitonpinheiro.com.br\/site\/prefeita-cinthia-faz-reforma-administrativa-trocas-no-comando-da-educacao-e-da-saude\/","name":"Prefeita Cinthia faz reforma administrativa; trocas no comando da Educa\u00e7\u00e3o e da Sa\u00fade - PORTAL DE NOT\u00cdCIAS CLEITON PINHEIRO","isPartOf":{"@id":"https:\/\/cleitonpinheiro.com.br\/site\/#website"},"primaryImageOfPage":{"@id":"https:\/\/cleitonpinheiro.com.br\/site\/prefeita-cinthia-faz-reforma-administrativa-trocas-no-comando-da-educacao-e-da-saude\/#primaryimage"},"image":{"@id":"https:\/\/cleitonpinheiro.com.br\/site\/prefeita-cinthia-faz-reforma-administrativa-trocas-no-comando-da-educacao-e-da-saude\/#primaryimage"},"thumbnailUrl":"https:\/\/cleitonpinheiro.com.br\/site\/wp-content\/uploads\/2023\/08\/56b7ce6d-c9e3-46b6-9d34-62d46003edda.jpg","datePublished":"2023-08-15T14:45:11+00:00","dateModified":"2023-08-15T14:45:14+00:00","breadcrumb":{"@id":"https:\/\/cleitonpinheiro.com.br\/site\/prefeita-cinthia-faz-reforma-administrativa-trocas-no-comando-da-educacao-e-da-saude\/#breadcrumb"},"inLanguage":"pt-BR","potentialAction":[{"@type":"ReadAction","target":["https:\/\/cleitonpinheiro.com.br\/site\/prefeita-cinthia-faz-reforma-administrativa-trocas-no-comando-da-educacao-e-da-saude\/"]}]},{"@type":"ImageObject","inLanguage":"pt-BR","@id":"https:\/\/cleitonpinheiro.com.br\/site\/prefeita-cinthia-faz-reforma-administrativa-trocas-no-comando-da-educacao-e-da-saude\/#primaryimage","url":"","contentUrl":""},{"@type":"BreadcrumbList","@id":"https:\/\/cleitonpinheiro.com.br\/site\/prefeita-cinthia-faz-reforma-administrativa-trocas-no-comando-da-educacao-e-da-saude\/#breadcrumb","itemListElement":[{"@type":"ListItem","position":1,"name":"In\u00edcio","item":"https:\/\/cleitonpinheiro.com.br\/site\/"},{"@type":"ListItem","position":2,"name":"Prefeita Cinthia faz reforma administrativa; trocas no comando da Educa\u00e7\u00e3o e da Sa\u00fade"}]},{"@type":"WebSite","@id":"https:\/\/cleitonpinheiro.com.br\/site\/#website","url":"https:\/\/cleitonpinheiro.com.br\/site\/","name":"PORTAL DE NOT\u00cdCIAS CLEITON PINHEIRO","description":"FALANDO A VERDADE","publisher":{"@id":"https:\/\/cleitonpinheiro.com.br\/site\/#organization"},"potentialAction":[{"@type":"SearchAction","target":{"@type":"EntryPoint","urlTemplate":"https:\/\/cleitonpinheiro.com.br\/site\/?s={search_term_string}"},"query-input":{"@type":"PropertyValueSpecification","valueRequired":true,"valueName":"search_term_string"}}],"inLanguage":"pt-BR"},{"@type":"Organization","@id":"https:\/\/cleitonpinheiro.com.br\/site\/#organization","name":"CPNOT\u00cdCIAS","url":"https:\/\/cleitonpinheiro.com.br\/site\/","logo":{"@type":"ImageObject","inLanguage":"pt-BR","@id":"https:\/\/cleitonpinheiro.com.br\/site\/#\/schema\/logo\/image\/","url":"https:\/\/cleitonpinheiro.com.br\/site\/wp-content\/uploads\/2022\/08\/Logo-pequena-2.png","contentUrl":"https:\/\/cleitonpinheiro.com.br\/site\/wp-content\/uploads\/2022\/08\/Logo-pequena-2.png","width":500,"height":500,"caption":"CPNOT\u00cdCIAS"},"image":{"@id":"https:\/\/cleitonpinheiro.com.br\/site\/#\/schema\/logo\/image\/"},"sameAs":["https:\/\/www.facebook.com\/portalcpnoticias\/"]},{"@type":"Person","@id":"https:\/\/cleitonpinheiro.com.br\/site\/#\/schema\/person\/8f04544e0bc40a1b68775b08360f87db","name":"Reda\u00e7\u00e3o CP","image":{"@type":"ImageObject","inLanguage":"pt-BR","@id":"https:\/\/cleitonpinheiro.com.br\/site\/#\/schema\/person\/image\/","url":"https:\/\/secure.gravatar.com\/avatar\/0bcf19cb29fdc8fc588c490c7ae1b3e174dac268586a63fbe1d1893a0f9020cd?s=96&r=g","contentUrl":"https:\/\/secure.gravatar.com\/avatar\/0bcf19cb29fdc8fc588c490c7ae1b3e174dac268586a63fbe1d1893a0f9020cd?s=96&r=g","caption":"Reda\u00e7\u00e3o CP"},"url":"https:\/\/cleitonpinheiro.com.br\/site\/author\/redacao\/"}]}},"views":177,"_links":{"self":[{"href":"https:\/\/cleitonpinheiro.com.br\/site\/wp-json\/wp\/v2\/posts\/73457","targetHints":{"allow":["GET"]}}],"collection":[{"href":"https:\/\/cleitonpinheiro.com.br\/site\/wp-json\/wp\/v2\/posts"}],"about":[{"href":"https:\/\/cleitonpinheiro.com.br\/site\/wp-json\/wp\/v2\/types\/post"}],"author":[{"embeddable":true,"href":"https:\/\/cleitonpinheiro.com.br\/site\/wp-json\/wp\/v2\/users\/13"}],"replies":[{"embeddable":true,"href":"https:\/\/cleitonpinheiro.com.br\/site\/wp-json\/wp\/v2\/comments?post=73457"}],"version-history":[{"count":1,"href":"https:\/\/cleitonpinheiro.com.br\/site\/wp-json\/wp\/v2\/posts\/73457\/revisions"}],"predecessor-version":[{"id":73460,"href":"https:\/\/cleitonpinheiro.com.br\/site\/wp-json\/wp\/v2\/posts\/73457\/revisions\/73460"}],"wp:attachment":[{"href":"https:\/\/cleitonpinheiro.com.br\/site\/wp-json\/wp\/v2\/media?parent=73457"}],"wp:term":[{"taxonomy":"category","embeddable":true,"href":"https:\/\/cleitonpinheiro.com.br\/site\/wp-json\/wp\/v2\/categories?post=73457"},{"taxonomy":"post_tag","embeddable":true,"href":"https:\/\/cleitonpinheiro.com.br\/site\/wp-json\/wp\/v2\/tags?post=73457"}],"curies":[{"name":"wp","href":"https:\/\/api.w.org\/{rel}","templated":true}]}}