{"id":73467,"date":"2023-08-15T18:37:23","date_gmt":"2023-08-15T21:37:23","guid":{"rendered":"https:\/\/cleitonpinheiro.com.br\/site\/?p=73467"},"modified":"2023-08-15T18:37:26","modified_gmt":"2023-08-15T21:37:26","slug":"prefeitura-de-palmas-recolhe-mais-de-oito-mil-caminhoes-de-lixo-em-locais-irregulares","status":"publish","type":"post","link":"https:\/\/cleitonpinheiro.com.br\/site\/prefeitura-de-palmas-recolhe-mais-de-oito-mil-caminhoes-de-lixo-em-locais-irregulares\/","title":{"rendered":"Prefeitura de Palmas recolhe mais de oito mil caminh\u00f5es de lixo em locais irregulares"},"content":{"rendered":"\n<p class=\"wp-block-paragraph\"><\/p>\n\n\n\n<figure class=\"wp-block-image size-full\"><img decoding=\"async\" src=\"https:\/\/cleitonpinheiro.com.br\/site\/wp-content\/uploads\/2023\/08\/1431e7af64ca4509b015ec3ceb4cd2b4.jpeg\" alt=\"\" class=\"wp-image-73468\"\/><\/figure>\n\n\n\n<p class=\"wp-block-paragraph\">A Secretaria de Infraestrutura e Servi\u00e7os P\u00fablicos (Seisp) est\u00e1 realizando nesta ter\u00e7a-feira, 15, limpeza de \u00e1reas verdes e vias no Jardim Aureny III, Morada do Sol, Lago Norte e nas quadras Arse 13 (108 Sul), Arso 61 (603 Sul) e ACSE-SE 100 (1002 Sul). Al\u00e9m da coleta de lixo dom\u00e9stico, a Secretaria de Infraestrutura e Servi\u00e7os P\u00fablicos possui fluxos j\u00e1 bem definidos para destina\u00e7\u00e3o de diversos res\u00edduos, como pneus e galhadas. No entanto, ainda \u00e9 grande o volume de lixo jogado em \u00e1reas p\u00fablicas e vias na Capital. De janeiro a julho deste ano, a Superintend\u00eancia de Servi\u00e7os P\u00fablicos contabilizou o recolhimento de 96.864 metros c\u00fabicos. Esse volume corresponde ao equivalente a oito mil viagens de caminh\u00e3o-ca\u00e7amba cheio.<\/p>\n\n\n\n<p class=\"wp-block-paragraph\">Grande parte desse imenso volume de lixo poderia ter sido encaminhado para reaproveitamento. Nos registros feitos por funcion\u00e1rios da Seisp de pontos onde houve limpeza somente na \u00faltima semana, \u00e9 poss\u00edvel ver pneus, restos de poda, pilares de concreto, MDF, m\u00f3veis e lixo comum. Alguns dos pontos usados para esse descarte clandestino s\u00e3o acessos a praias da Capital.<\/p>\n\n\n\n<p class=\"wp-block-paragraph\">Quem descarta lixo no meio ambiente est\u00e1 cometendo crime ambiental e pode ser responsabilizado. Para isso acontecer \u00e9 necess\u00e1ria den\u00fancia \u00e0 Guarda Ambiental pelo 153 ou \u00e0 Pol\u00edcia Militar pelo 190. Segundo a Secretaria de Desenvolvimento Urbano e Servi\u00e7os Regionais (Sedurs), quem for autuado como respons\u00e1vel pode receber multa de at\u00e9 R$ 2 mil.<\/p>\n\n\n\n<p class=\"wp-block-paragraph\"><strong>Para onde direcionar<\/strong><\/p>\n\n\n\n<p class=\"wp-block-paragraph\">Segundo a Seisp, os res\u00edduos gerados em obra deveriam ter sido encaminhados a um disque-entulho da prefer\u00eancia do respons\u00e1vel pela obra, que leva restos de obra ao aterro de res\u00edduos de constru\u00e7\u00e3o civil. No caso dos restos de poda, \u00e9 poss\u00edvel realizar descarte adequado ligando para (63) 3212-7425 e 3212-7426 para solicitar recolhimento gratuito at\u00e9 o ecoponto de galhadas. Todos os pneus encaminhados ao ecoponto de pneus da Capital s\u00e3o devolvidos \u00e0 ind\u00fastria pneum\u00e1tica para reaproveitamento.<\/p>\n\n\n\n<p class=\"wp-block-paragraph\"><strong>Consulta p\u00fablica<\/strong><\/p>\n\n\n\n<p class=\"wp-block-paragraph\">Coleta, armazenamento e destina\u00e7\u00e3o adequada de res\u00edduos s\u00f3lidos s\u00e3o alguns dos pontos tratados na consulta p\u00fablica para revis\u00e3o do Plano Municipal de Gest\u00e3o Integrada de Res\u00edduos S\u00f3lidos (PMGIRS) de Palmas. A consulta permanece aberta a contribui\u00e7\u00f5es do cidad\u00e3o at\u00e9 7 de setembro de 2023. Basta o cidad\u00e3o acessar o link&nbsp;<a href=\"http:\/\/bit.ly\/consultaresiduospalmas\" target=\"_blank\" rel=\"noreferrer noopener\">bit.ly\/consultaresiduospalmas<\/a>. Nele&nbsp;\u00e9 poss\u00edvel baixar a vers\u00e3o preliminar do plano para se inteirar sobre a revis\u00e3o antes de deixar sua contribui\u00e7\u00e3o.<\/p>\n","protected":false},"excerpt":{"rendered":"<p>A Secretaria de Infraestrutura e Servi\u00e7os P\u00fablicos (Seisp) est\u00e1 realizando nesta ter\u00e7a-feira, 15, limpeza de \u00e1reas verdes e vias no Jardim Aureny III, Morada do Sol, Lago Norte e nas quadras Arse 13 (108 Sul), Arso 61 (603 Sul) e ACSE-SE 100 (1002 Sul). Al\u00e9m da coleta de lixo dom\u00e9stico, a Secretaria de Infraestrutura e [&hellip;]<\/p>\n","protected":false},"author":13,"featured_media":0,"comment_status":"open","ping_status":"open","sticky":false,"template":"","format":"standard","meta":{"_acf_changed":false,"footnotes":""},"categories":[22,898],"tags":[],"class_list":["post-73467","post","type-post","status-publish","format-standard","hentry","category-cidades","category-manchete-segundaria"],"acf":[],"yoast_head":"<!-- This site is optimized with the Yoast SEO plugin v24.4 - https:\/\/yoast.com\/wordpress\/plugins\/seo\/ -->\n<title>Prefeitura de Palmas recolhe mais de oito mil caminh\u00f5es de lixo em locais irregulares - PORTAL DE NOT\u00cdCIAS CLEITON PINHEIRO<\/title>\n<meta name=\"robots\" content=\"index, follow, max-snippet:-1, max-image-preview:large, max-video-preview:-1\" \/>\n<link rel=\"canonical\" href=\"https:\/\/cleitonpinheiro.com.br\/site\/prefeitura-de-palmas-recolhe-mais-de-oito-mil-caminhoes-de-lixo-em-locais-irregulares\/\" \/>\n<meta property=\"og:locale\" content=\"pt_BR\" \/>\n<meta property=\"og:type\" content=\"article\" \/>\n<meta property=\"og:title\" content=\"Prefeitura de Palmas recolhe mais de oito mil caminh\u00f5es de lixo em locais irregulares - PORTAL DE NOT\u00cdCIAS CLEITON PINHEIRO\" \/>\n<meta property=\"og:description\" content=\"A Secretaria de Infraestrutura e Servi\u00e7os P\u00fablicos (Seisp) est\u00e1 realizando nesta ter\u00e7a-feira, 15, limpeza de \u00e1reas verdes e vias no Jardim Aureny III, Morada do Sol, Lago Norte e nas quadras Arse 13 (108 Sul), Arso 61 (603 Sul) e ACSE-SE 100 (1002 Sul). Al\u00e9m da coleta de lixo dom\u00e9stico, a Secretaria de Infraestrutura e [&hellip;]\" \/>\n<meta property=\"og:url\" content=\"https:\/\/cleitonpinheiro.com.br\/site\/prefeitura-de-palmas-recolhe-mais-de-oito-mil-caminhoes-de-lixo-em-locais-irregulares\/\" \/>\n<meta property=\"og:site_name\" content=\"PORTAL DE NOT\u00cdCIAS CLEITON PINHEIRO\" \/>\n<meta property=\"article:publisher\" content=\"https:\/\/www.facebook.com\/portalcpnoticias\/\" \/>\n<meta property=\"article:published_time\" content=\"2023-08-15T21:37:23+00:00\" \/>\n<meta property=\"article:modified_time\" content=\"2023-08-15T21:37:26+00:00\" \/>\n<meta property=\"og:image\" content=\"https:\/\/cleitonpinheiro.com.br\/site\/wp-content\/uploads\/2023\/08\/1431e7af64ca4509b015ec3ceb4cd2b4.jpeg\" \/>\n\t<meta property=\"og:image:width\" content=\"800\" \/>\n\t<meta property=\"og:image:height\" content=\"600\" \/>\n\t<meta property=\"og:image:type\" content=\"image\/jpeg\" \/>\n<meta name=\"author\" content=\"Reda\u00e7\u00e3o CP\" \/>\n<meta name=\"twitter:card\" content=\"summary_large_image\" \/>\n<meta name=\"twitter:label1\" content=\"Escrito por\" \/>\n\t<meta name=\"twitter:data1\" content=\"Reda\u00e7\u00e3o CP\" \/>\n\t<meta name=\"twitter:label2\" content=\"Est. tempo de leitura\" \/>\n\t<meta name=\"twitter:data2\" content=\"3 minutos\" \/>\n<script type=\"application\/ld+json\" class=\"yoast-schema-graph\">{\"@context\":\"https:\/\/schema.org\",\"@graph\":[{\"@type\":\"Article\",\"@id\":\"https:\/\/cleitonpinheiro.com.br\/site\/prefeitura-de-palmas-recolhe-mais-de-oito-mil-caminhoes-de-lixo-em-locais-irregulares\/#article\",\"isPartOf\":{\"@id\":\"https:\/\/cleitonpinheiro.com.br\/site\/prefeitura-de-palmas-recolhe-mais-de-oito-mil-caminhoes-de-lixo-em-locais-irregulares\/\"},\"author\":{\"name\":\"Reda\u00e7\u00e3o CP\",\"@id\":\"https:\/\/cleitonpinheiro.com.br\/site\/#\/schema\/person\/8f04544e0bc40a1b68775b08360f87db\"},\"headline\":\"Prefeitura de Palmas recolhe mais de oito mil caminh\u00f5es de lixo em locais irregulares\",\"datePublished\":\"2023-08-15T21:37:23+00:00\",\"dateModified\":\"2023-08-15T21:37:26+00:00\",\"mainEntityOfPage\":{\"@id\":\"https:\/\/cleitonpinheiro.com.br\/site\/prefeitura-de-palmas-recolhe-mais-de-oito-mil-caminhoes-de-lixo-em-locais-irregulares\/\"},\"wordCount\":430,\"commentCount\":0,\"publisher\":{\"@id\":\"https:\/\/cleitonpinheiro.com.br\/site\/#organization\"},\"image\":{\"@id\":\"https:\/\/cleitonpinheiro.com.br\/site\/prefeitura-de-palmas-recolhe-mais-de-oito-mil-caminhoes-de-lixo-em-locais-irregulares\/#primaryimage\"},\"thumbnailUrl\":\"https:\/\/cleitonpinheiro.com.br\/site\/wp-content\/uploads\/2023\/08\/1431e7af64ca4509b015ec3ceb4cd2b4.jpeg\",\"articleSection\":[\"CIDADES\",\"MANCHETE SEGUND\u00c1RIA\"],\"inLanguage\":\"pt-BR\",\"potentialAction\":[{\"@type\":\"CommentAction\",\"name\":\"Comment\",\"target\":[\"https:\/\/cleitonpinheiro.com.br\/site\/prefeitura-de-palmas-recolhe-mais-de-oito-mil-caminhoes-de-lixo-em-locais-irregulares\/#respond\"]}]},{\"@type\":\"WebPage\",\"@id\":\"https:\/\/cleitonpinheiro.com.br\/site\/prefeitura-de-palmas-recolhe-mais-de-oito-mil-caminhoes-de-lixo-em-locais-irregulares\/\",\"url\":\"https:\/\/cleitonpinheiro.com.br\/site\/prefeitura-de-palmas-recolhe-mais-de-oito-mil-caminhoes-de-lixo-em-locais-irregulares\/\",\"name\":\"Prefeitura de Palmas recolhe mais de oito mil caminh\u00f5es de lixo em locais irregulares - PORTAL DE NOT\u00cdCIAS CLEITON PINHEIRO\",\"isPartOf\":{\"@id\":\"https:\/\/cleitonpinheiro.com.br\/site\/#website\"},\"primaryImageOfPage\":{\"@id\":\"https:\/\/cleitonpinheiro.com.br\/site\/prefeitura-de-palmas-recolhe-mais-de-oito-mil-caminhoes-de-lixo-em-locais-irregulares\/#primaryimage\"},\"image\":{\"@id\":\"https:\/\/cleitonpinheiro.com.br\/site\/prefeitura-de-palmas-recolhe-mais-de-oito-mil-caminhoes-de-lixo-em-locais-irregulares\/#primaryimage\"},\"thumbnailUrl\":\"https:\/\/cleitonpinheiro.com.br\/site\/wp-content\/uploads\/2023\/08\/1431e7af64ca4509b015ec3ceb4cd2b4.jpeg\",\"datePublished\":\"2023-08-15T21:37:23+00:00\",\"dateModified\":\"2023-08-15T21:37:26+00:00\",\"breadcrumb\":{\"@id\":\"https:\/\/cleitonpinheiro.com.br\/site\/prefeitura-de-palmas-recolhe-mais-de-oito-mil-caminhoes-de-lixo-em-locais-irregulares\/#breadcrumb\"},\"inLanguage\":\"pt-BR\",\"potentialAction\":[{\"@type\":\"ReadAction\",\"target\":[\"https:\/\/cleitonpinheiro.com.br\/site\/prefeitura-de-palmas-recolhe-mais-de-oito-mil-caminhoes-de-lixo-em-locais-irregulares\/\"]}]},{\"@type\":\"ImageObject\",\"inLanguage\":\"pt-BR\",\"@id\":\"https:\/\/cleitonpinheiro.com.br\/site\/prefeitura-de-palmas-recolhe-mais-de-oito-mil-caminhoes-de-lixo-em-locais-irregulares\/#primaryimage\",\"url\":\"\",\"contentUrl\":\"\"},{\"@type\":\"BreadcrumbList\",\"@id\":\"https:\/\/cleitonpinheiro.com.br\/site\/prefeitura-de-palmas-recolhe-mais-de-oito-mil-caminhoes-de-lixo-em-locais-irregulares\/#breadcrumb\",\"itemListElement\":[{\"@type\":\"ListItem\",\"position\":1,\"name\":\"In\u00edcio\",\"item\":\"https:\/\/cleitonpinheiro.com.br\/site\/\"},{\"@type\":\"ListItem\",\"position\":2,\"name\":\"Prefeitura de Palmas recolhe mais de oito mil caminh\u00f5es de lixo em locais irregulares\"}]},{\"@type\":\"WebSite\",\"@id\":\"https:\/\/cleitonpinheiro.com.br\/site\/#website\",\"url\":\"https:\/\/cleitonpinheiro.com.br\/site\/\",\"name\":\"PORTAL DE NOT\u00cdCIAS CLEITON PINHEIRO\",\"description\":\"FALANDO A VERDADE\",\"publisher\":{\"@id\":\"https:\/\/cleitonpinheiro.com.br\/site\/#organization\"},\"potentialAction\":[{\"@type\":\"SearchAction\",\"target\":{\"@type\":\"EntryPoint\",\"urlTemplate\":\"https:\/\/cleitonpinheiro.com.br\/site\/?s={search_term_string}\"},\"query-input\":{\"@type\":\"PropertyValueSpecification\",\"valueRequired\":true,\"valueName\":\"search_term_string\"}}],\"inLanguage\":\"pt-BR\"},{\"@type\":\"Organization\",\"@id\":\"https:\/\/cleitonpinheiro.com.br\/site\/#organization\",\"name\":\"CPNOT\u00cdCIAS\",\"url\":\"https:\/\/cleitonpinheiro.com.br\/site\/\",\"logo\":{\"@type\":\"ImageObject\",\"inLanguage\":\"pt-BR\",\"@id\":\"https:\/\/cleitonpinheiro.com.br\/site\/#\/schema\/logo\/image\/\",\"url\":\"https:\/\/cleitonpinheiro.com.br\/site\/wp-content\/uploads\/2022\/08\/Logo-pequena-2.png\",\"contentUrl\":\"https:\/\/cleitonpinheiro.com.br\/site\/wp-content\/uploads\/2022\/08\/Logo-pequena-2.png\",\"width\":500,\"height\":500,\"caption\":\"CPNOT\u00cdCIAS\"},\"image\":{\"@id\":\"https:\/\/cleitonpinheiro.com.br\/site\/#\/schema\/logo\/image\/\"},\"sameAs\":[\"https:\/\/www.facebook.com\/portalcpnoticias\/\"]},{\"@type\":\"Person\",\"@id\":\"https:\/\/cleitonpinheiro.com.br\/site\/#\/schema\/person\/8f04544e0bc40a1b68775b08360f87db\",\"name\":\"Reda\u00e7\u00e3o CP\",\"image\":{\"@type\":\"ImageObject\",\"inLanguage\":\"pt-BR\",\"@id\":\"https:\/\/cleitonpinheiro.com.br\/site\/#\/schema\/person\/image\/\",\"url\":\"https:\/\/secure.gravatar.com\/avatar\/0bcf19cb29fdc8fc588c490c7ae1b3e174dac268586a63fbe1d1893a0f9020cd?s=96&r=g\",\"contentUrl\":\"https:\/\/secure.gravatar.com\/avatar\/0bcf19cb29fdc8fc588c490c7ae1b3e174dac268586a63fbe1d1893a0f9020cd?s=96&r=g\",\"caption\":\"Reda\u00e7\u00e3o CP\"},\"url\":\"https:\/\/cleitonpinheiro.com.br\/site\/author\/redacao\/\"}]}<\/script>\n<!-- \/ Yoast SEO plugin. -->","yoast_head_json":{"title":"Prefeitura de Palmas recolhe mais de oito mil caminh\u00f5es de lixo em locais irregulares - PORTAL DE NOT\u00cdCIAS CLEITON PINHEIRO","robots":{"index":"index","follow":"follow","max-snippet":"max-snippet:-1","max-image-preview":"max-image-preview:large","max-video-preview":"max-video-preview:-1"},"canonical":"https:\/\/cleitonpinheiro.com.br\/site\/prefeitura-de-palmas-recolhe-mais-de-oito-mil-caminhoes-de-lixo-em-locais-irregulares\/","og_locale":"pt_BR","og_type":"article","og_title":"Prefeitura de Palmas recolhe mais de oito mil caminh\u00f5es de lixo em locais irregulares - PORTAL DE NOT\u00cdCIAS CLEITON PINHEIRO","og_description":"A Secretaria de Infraestrutura e Servi\u00e7os P\u00fablicos (Seisp) est\u00e1 realizando nesta ter\u00e7a-feira, 15, limpeza de \u00e1reas verdes e vias no Jardim Aureny III, Morada do Sol, Lago Norte e nas quadras Arse 13 (108 Sul), Arso 61 (603 Sul) e ACSE-SE 100 (1002 Sul). Al\u00e9m da coleta de lixo dom\u00e9stico, a Secretaria de Infraestrutura e [&hellip;]","og_url":"https:\/\/cleitonpinheiro.com.br\/site\/prefeitura-de-palmas-recolhe-mais-de-oito-mil-caminhoes-de-lixo-em-locais-irregulares\/","og_site_name":"PORTAL DE NOT\u00cdCIAS CLEITON PINHEIRO","article_publisher":"https:\/\/www.facebook.com\/portalcpnoticias\/","article_published_time":"2023-08-15T21:37:23+00:00","article_modified_time":"2023-08-15T21:37:26+00:00","og_image":[{"width":800,"height":600,"url":"https:\/\/cleitonpinheiro.com.br\/site\/wp-content\/uploads\/2023\/08\/1431e7af64ca4509b015ec3ceb4cd2b4.jpeg","type":"image\/jpeg"}],"author":"Reda\u00e7\u00e3o CP","twitter_card":"summary_large_image","twitter_misc":{"Escrito por":"Reda\u00e7\u00e3o CP","Est. tempo de leitura":"3 minutos"},"schema":{"@context":"https:\/\/schema.org","@graph":[{"@type":"Article","@id":"https:\/\/cleitonpinheiro.com.br\/site\/prefeitura-de-palmas-recolhe-mais-de-oito-mil-caminhoes-de-lixo-em-locais-irregulares\/#article","isPartOf":{"@id":"https:\/\/cleitonpinheiro.com.br\/site\/prefeitura-de-palmas-recolhe-mais-de-oito-mil-caminhoes-de-lixo-em-locais-irregulares\/"},"author":{"name":"Reda\u00e7\u00e3o CP","@id":"https:\/\/cleitonpinheiro.com.br\/site\/#\/schema\/person\/8f04544e0bc40a1b68775b08360f87db"},"headline":"Prefeitura de Palmas recolhe mais de oito mil caminh\u00f5es de lixo em locais irregulares","datePublished":"2023-08-15T21:37:23+00:00","dateModified":"2023-08-15T21:37:26+00:00","mainEntityOfPage":{"@id":"https:\/\/cleitonpinheiro.com.br\/site\/prefeitura-de-palmas-recolhe-mais-de-oito-mil-caminhoes-de-lixo-em-locais-irregulares\/"},"wordCount":430,"commentCount":0,"publisher":{"@id":"https:\/\/cleitonpinheiro.com.br\/site\/#organization"},"image":{"@id":"https:\/\/cleitonpinheiro.com.br\/site\/prefeitura-de-palmas-recolhe-mais-de-oito-mil-caminhoes-de-lixo-em-locais-irregulares\/#primaryimage"},"thumbnailUrl":"https:\/\/cleitonpinheiro.com.br\/site\/wp-content\/uploads\/2023\/08\/1431e7af64ca4509b015ec3ceb4cd2b4.jpeg","articleSection":["CIDADES","MANCHETE SEGUND\u00c1RIA"],"inLanguage":"pt-BR","potentialAction":[{"@type":"CommentAction","name":"Comment","target":["https:\/\/cleitonpinheiro.com.br\/site\/prefeitura-de-palmas-recolhe-mais-de-oito-mil-caminhoes-de-lixo-em-locais-irregulares\/#respond"]}]},{"@type":"WebPage","@id":"https:\/\/cleitonpinheiro.com.br\/site\/prefeitura-de-palmas-recolhe-mais-de-oito-mil-caminhoes-de-lixo-em-locais-irregulares\/","url":"https:\/\/cleitonpinheiro.com.br\/site\/prefeitura-de-palmas-recolhe-mais-de-oito-mil-caminhoes-de-lixo-em-locais-irregulares\/","name":"Prefeitura de Palmas recolhe mais de oito mil caminh\u00f5es de lixo em locais irregulares - PORTAL DE NOT\u00cdCIAS CLEITON PINHEIRO","isPartOf":{"@id":"https:\/\/cleitonpinheiro.com.br\/site\/#website"},"primaryImageOfPage":{"@id":"https:\/\/cleitonpinheiro.com.br\/site\/prefeitura-de-palmas-recolhe-mais-de-oito-mil-caminhoes-de-lixo-em-locais-irregulares\/#primaryimage"},"image":{"@id":"https:\/\/cleitonpinheiro.com.br\/site\/prefeitura-de-palmas-recolhe-mais-de-oito-mil-caminhoes-de-lixo-em-locais-irregulares\/#primaryimage"},"thumbnailUrl":"https:\/\/cleitonpinheiro.com.br\/site\/wp-content\/uploads\/2023\/08\/1431e7af64ca4509b015ec3ceb4cd2b4.jpeg","datePublished":"2023-08-15T21:37:23+00:00","dateModified":"2023-08-15T21:37:26+00:00","breadcrumb":{"@id":"https:\/\/cleitonpinheiro.com.br\/site\/prefeitura-de-palmas-recolhe-mais-de-oito-mil-caminhoes-de-lixo-em-locais-irregulares\/#breadcrumb"},"inLanguage":"pt-BR","potentialAction":[{"@type":"ReadAction","target":["https:\/\/cleitonpinheiro.com.br\/site\/prefeitura-de-palmas-recolhe-mais-de-oito-mil-caminhoes-de-lixo-em-locais-irregulares\/"]}]},{"@type":"ImageObject","inLanguage":"pt-BR","@id":"https:\/\/cleitonpinheiro.com.br\/site\/prefeitura-de-palmas-recolhe-mais-de-oito-mil-caminhoes-de-lixo-em-locais-irregulares\/#primaryimage","url":"","contentUrl":""},{"@type":"BreadcrumbList","@id":"https:\/\/cleitonpinheiro.com.br\/site\/prefeitura-de-palmas-recolhe-mais-de-oito-mil-caminhoes-de-lixo-em-locais-irregulares\/#breadcrumb","itemListElement":[{"@type":"ListItem","position":1,"name":"In\u00edcio","item":"https:\/\/cleitonpinheiro.com.br\/site\/"},{"@type":"ListItem","position":2,"name":"Prefeitura de Palmas recolhe mais de oito mil caminh\u00f5es de lixo em locais irregulares"}]},{"@type":"WebSite","@id":"https:\/\/cleitonpinheiro.com.br\/site\/#website","url":"https:\/\/cleitonpinheiro.com.br\/site\/","name":"PORTAL DE NOT\u00cdCIAS CLEITON PINHEIRO","description":"FALANDO A VERDADE","publisher":{"@id":"https:\/\/cleitonpinheiro.com.br\/site\/#organization"},"potentialAction":[{"@type":"SearchAction","target":{"@type":"EntryPoint","urlTemplate":"https:\/\/cleitonpinheiro.com.br\/site\/?s={search_term_string}"},"query-input":{"@type":"PropertyValueSpecification","valueRequired":true,"valueName":"search_term_string"}}],"inLanguage":"pt-BR"},{"@type":"Organization","@id":"https:\/\/cleitonpinheiro.com.br\/site\/#organization","name":"CPNOT\u00cdCIAS","url":"https:\/\/cleitonpinheiro.com.br\/site\/","logo":{"@type":"ImageObject","inLanguage":"pt-BR","@id":"https:\/\/cleitonpinheiro.com.br\/site\/#\/schema\/logo\/image\/","url":"https:\/\/cleitonpinheiro.com.br\/site\/wp-content\/uploads\/2022\/08\/Logo-pequena-2.png","contentUrl":"https:\/\/cleitonpinheiro.com.br\/site\/wp-content\/uploads\/2022\/08\/Logo-pequena-2.png","width":500,"height":500,"caption":"CPNOT\u00cdCIAS"},"image":{"@id":"https:\/\/cleitonpinheiro.com.br\/site\/#\/schema\/logo\/image\/"},"sameAs":["https:\/\/www.facebook.com\/portalcpnoticias\/"]},{"@type":"Person","@id":"https:\/\/cleitonpinheiro.com.br\/site\/#\/schema\/person\/8f04544e0bc40a1b68775b08360f87db","name":"Reda\u00e7\u00e3o CP","image":{"@type":"ImageObject","inLanguage":"pt-BR","@id":"https:\/\/cleitonpinheiro.com.br\/site\/#\/schema\/person\/image\/","url":"https:\/\/secure.gravatar.com\/avatar\/0bcf19cb29fdc8fc588c490c7ae1b3e174dac268586a63fbe1d1893a0f9020cd?s=96&r=g","contentUrl":"https:\/\/secure.gravatar.com\/avatar\/0bcf19cb29fdc8fc588c490c7ae1b3e174dac268586a63fbe1d1893a0f9020cd?s=96&r=g","caption":"Reda\u00e7\u00e3o CP"},"url":"https:\/\/cleitonpinheiro.com.br\/site\/author\/redacao\/"}]}},"views":143,"_links":{"self":[{"href":"https:\/\/cleitonpinheiro.com.br\/site\/wp-json\/wp\/v2\/posts\/73467","targetHints":{"allow":["GET"]}}],"collection":[{"href":"https:\/\/cleitonpinheiro.com.br\/site\/wp-json\/wp\/v2\/posts"}],"about":[{"href":"https:\/\/cleitonpinheiro.com.br\/site\/wp-json\/wp\/v2\/types\/post"}],"author":[{"embeddable":true,"href":"https:\/\/cleitonpinheiro.com.br\/site\/wp-json\/wp\/v2\/users\/13"}],"replies":[{"embeddable":true,"href":"https:\/\/cleitonpinheiro.com.br\/site\/wp-json\/wp\/v2\/comments?post=73467"}],"version-history":[{"count":1,"href":"https:\/\/cleitonpinheiro.com.br\/site\/wp-json\/wp\/v2\/posts\/73467\/revisions"}],"predecessor-version":[{"id":73469,"href":"https:\/\/cleitonpinheiro.com.br\/site\/wp-json\/wp\/v2\/posts\/73467\/revisions\/73469"}],"wp:attachment":[{"href":"https:\/\/cleitonpinheiro.com.br\/site\/wp-json\/wp\/v2\/media?parent=73467"}],"wp:term":[{"taxonomy":"category","embeddable":true,"href":"https:\/\/cleitonpinheiro.com.br\/site\/wp-json\/wp\/v2\/categories?post=73467"},{"taxonomy":"post_tag","embeddable":true,"href":"https:\/\/cleitonpinheiro.com.br\/site\/wp-json\/wp\/v2\/tags?post=73467"}],"curies":[{"name":"wp","href":"https:\/\/api.w.org\/{rel}","templated":true}]}}