{"id":73470,"date":"2023-08-15T18:39:28","date_gmt":"2023-08-15T21:39:28","guid":{"rendered":"https:\/\/cleitonpinheiro.com.br\/site\/?p=73470"},"modified":"2023-12-27T11:41:13","modified_gmt":"2023-12-27T14:41:13","slug":"atletas-da-rede-municipal-de-ensino-se-destacam-na-32a-edicao-dos-jogos-escolares-do-tocantins","status":"publish","type":"post","link":"https:\/\/cleitonpinheiro.com.br\/site\/atletas-da-rede-municipal-de-ensino-se-destacam-na-32a-edicao-dos-jogos-escolares-do-tocantins\/","title":{"rendered":"Atletas da rede municipal de ensino se destacam na 32\u00aa edi\u00e7\u00e3o dos Jogos Escolares do Tocantins"},"content":{"rendered":"\n<figure class=\"wp-block-image size-full\"><img decoding=\"async\" src=\"https:\/\/cleitonpinheiro.com.br\/site\/wp-content\/uploads\/2023\/08\/159ed6b892db4204bb38cc92b9110b25.jpg\" alt=\"\" class=\"wp-image-73471\"\/><figcaption class=\"wp-element-caption\">Basquete foi destaque com bons desempenhos das equipes masculina e feminina &#8211; Foto: Prefeitura de Palmas<\/figcaption><\/figure>\n\n\n\n<p class=\"wp-block-paragraph\">A delega\u00e7\u00e3o de alunos atletas da rede municipal de ensino que participaram da 32\u00aa edi\u00e7\u00e3o dos Jogos Escolares do Tocantins (Jets) realizados em Aragua\u00edna retorna a Palmas trazendo boas coloca\u00e7\u00f5es e muita motiva\u00e7\u00e3o na bagagem, ap\u00f3s o final das competi\u00e7\u00f5es nas modalidades coletivas.<\/p>\n\n\n\n<p class=\"wp-block-paragraph\">O grande destaque de toda a delega\u00e7\u00e3o foi para o basquete feminino, que teve os tr\u00eas primeiros lugares conquistados por equipes da rede municipal de ensino. Na primeira coloca\u00e7\u00e3o, Escola Municipal (EM) Anne Frank, na segunda Escola Municipal (EM) Maria J\u00falia e em terceiro lugar Escola de Tempo Integral (ETI) Padre Josimo.<\/p>\n\n\n\n<p class=\"wp-block-paragraph\">Outros bons resultados foram obtidos. No futsal feminino, a EM Darcy Ribeiro conquistou um honroso terceiro lugar competindo com escolas de todo o estado. O handebol tamb\u00e9m trouxe muitas alegrias, com a conquista do segundo lugar feminino e do primeiro lugar masculino pelas equipes da ETI Margarida Lemos. Assim tamb\u00e9m aconteceu com o basquete masculino que teve no primeiro lugar a equipe da EM Anne Frank e no segundo a equipe da ETI Padre Josimo.<\/p>\n","protected":false},"excerpt":{"rendered":"<p>A delega\u00e7\u00e3o de alunos atletas da rede municipal de ensino que participaram da 32\u00aa edi\u00e7\u00e3o dos Jogos Escolares do Tocantins (Jets) realizados em Aragua\u00edna retorna a Palmas trazendo boas coloca\u00e7\u00f5es e muita motiva\u00e7\u00e3o na bagagem, ap\u00f3s o final das competi\u00e7\u00f5es nas modalidades coletivas. O grande destaque de toda a delega\u00e7\u00e3o foi para o basquete feminino, [&hellip;]<\/p>\n","protected":false},"author":13,"featured_media":0,"comment_status":"open","ping_status":"open","sticky":false,"template":"","format":"standard","meta":{"_acf_changed":false,"footnotes":""},"categories":[1,21],"tags":[],"class_list":["post-73470","post","type-post","status-publish","format-standard","hentry","category-esporte","category-todas-noticias"],"acf":[],"yoast_head":"<!-- This site is optimized with the Yoast SEO plugin v24.4 - https:\/\/yoast.com\/wordpress\/plugins\/seo\/ -->\n<title>Atletas da rede municipal de ensino se destacam na 32\u00aa edi\u00e7\u00e3o dos Jogos Escolares do Tocantins - PORTAL DE NOT\u00cdCIAS CLEITON PINHEIRO<\/title>\n<meta name=\"robots\" content=\"index, follow, max-snippet:-1, max-image-preview:large, max-video-preview:-1\" \/>\n<link rel=\"canonical\" href=\"https:\/\/cleitonpinheiro.com.br\/site\/atletas-da-rede-municipal-de-ensino-se-destacam-na-32a-edicao-dos-jogos-escolares-do-tocantins\/\" \/>\n<meta property=\"og:locale\" content=\"pt_BR\" \/>\n<meta property=\"og:type\" content=\"article\" \/>\n<meta property=\"og:title\" content=\"Atletas da rede municipal de ensino se destacam na 32\u00aa edi\u00e7\u00e3o dos Jogos Escolares do Tocantins - PORTAL DE NOT\u00cdCIAS CLEITON PINHEIRO\" \/>\n<meta property=\"og:description\" content=\"A delega\u00e7\u00e3o de alunos atletas da rede municipal de ensino que participaram da 32\u00aa edi\u00e7\u00e3o dos Jogos Escolares do Tocantins (Jets) realizados em Aragua\u00edna retorna a Palmas trazendo boas coloca\u00e7\u00f5es e muita motiva\u00e7\u00e3o na bagagem, ap\u00f3s o final das competi\u00e7\u00f5es nas modalidades coletivas. O grande destaque de toda a delega\u00e7\u00e3o foi para o basquete feminino, [&hellip;]\" \/>\n<meta property=\"og:url\" content=\"https:\/\/cleitonpinheiro.com.br\/site\/atletas-da-rede-municipal-de-ensino-se-destacam-na-32a-edicao-dos-jogos-escolares-do-tocantins\/\" \/>\n<meta property=\"og:site_name\" content=\"PORTAL DE NOT\u00cdCIAS CLEITON PINHEIRO\" \/>\n<meta property=\"article:publisher\" content=\"https:\/\/www.facebook.com\/portalcpnoticias\/\" \/>\n<meta property=\"article:published_time\" content=\"2023-08-15T21:39:28+00:00\" \/>\n<meta property=\"article:modified_time\" content=\"2023-12-27T14:41:13+00:00\" \/>\n<meta property=\"og:image\" content=\"https:\/\/cleitonpinheiro.com.br\/site\/wp-content\/uploads\/2023\/08\/159ed6b892db4204bb38cc92b9110b25.jpg\" \/>\n\t<meta property=\"og:image:width\" content=\"800\" \/>\n\t<meta property=\"og:image:height\" content=\"533\" \/>\n\t<meta property=\"og:image:type\" content=\"image\/jpeg\" \/>\n<meta name=\"author\" content=\"Reda\u00e7\u00e3o CP\" \/>\n<meta name=\"twitter:card\" content=\"summary_large_image\" \/>\n<meta name=\"twitter:label1\" content=\"Escrito por\" \/>\n\t<meta name=\"twitter:data1\" content=\"Reda\u00e7\u00e3o CP\" \/>\n\t<meta name=\"twitter:label2\" content=\"Est. tempo de leitura\" \/>\n\t<meta name=\"twitter:data2\" content=\"2 minutos\" \/>\n<script type=\"application\/ld+json\" class=\"yoast-schema-graph\">{\"@context\":\"https:\/\/schema.org\",\"@graph\":[{\"@type\":\"Article\",\"@id\":\"https:\/\/cleitonpinheiro.com.br\/site\/atletas-da-rede-municipal-de-ensino-se-destacam-na-32a-edicao-dos-jogos-escolares-do-tocantins\/#article\",\"isPartOf\":{\"@id\":\"https:\/\/cleitonpinheiro.com.br\/site\/atletas-da-rede-municipal-de-ensino-se-destacam-na-32a-edicao-dos-jogos-escolares-do-tocantins\/\"},\"author\":{\"name\":\"Reda\u00e7\u00e3o CP\",\"@id\":\"https:\/\/cleitonpinheiro.com.br\/site\/#\/schema\/person\/8f04544e0bc40a1b68775b08360f87db\"},\"headline\":\"Atletas da rede municipal de ensino se destacam na 32\u00aa edi\u00e7\u00e3o dos Jogos Escolares do Tocantins\",\"datePublished\":\"2023-08-15T21:39:28+00:00\",\"dateModified\":\"2023-12-27T14:41:13+00:00\",\"mainEntityOfPage\":{\"@id\":\"https:\/\/cleitonpinheiro.com.br\/site\/atletas-da-rede-municipal-de-ensino-se-destacam-na-32a-edicao-dos-jogos-escolares-do-tocantins\/\"},\"wordCount\":214,\"commentCount\":0,\"publisher\":{\"@id\":\"https:\/\/cleitonpinheiro.com.br\/site\/#organization\"},\"image\":{\"@id\":\"https:\/\/cleitonpinheiro.com.br\/site\/atletas-da-rede-municipal-de-ensino-se-destacam-na-32a-edicao-dos-jogos-escolares-do-tocantins\/#primaryimage\"},\"thumbnailUrl\":\"https:\/\/cleitonpinheiro.com.br\/site\/wp-content\/uploads\/2023\/08\/159ed6b892db4204bb38cc92b9110b25.jpg\",\"articleSection\":[\"ESPORTE\",\"TODAS NOTICIAS\"],\"inLanguage\":\"pt-BR\",\"potentialAction\":[{\"@type\":\"CommentAction\",\"name\":\"Comment\",\"target\":[\"https:\/\/cleitonpinheiro.com.br\/site\/atletas-da-rede-municipal-de-ensino-se-destacam-na-32a-edicao-dos-jogos-escolares-do-tocantins\/#respond\"]}]},{\"@type\":\"WebPage\",\"@id\":\"https:\/\/cleitonpinheiro.com.br\/site\/atletas-da-rede-municipal-de-ensino-se-destacam-na-32a-edicao-dos-jogos-escolares-do-tocantins\/\",\"url\":\"https:\/\/cleitonpinheiro.com.br\/site\/atletas-da-rede-municipal-de-ensino-se-destacam-na-32a-edicao-dos-jogos-escolares-do-tocantins\/\",\"name\":\"Atletas da rede municipal de ensino se destacam na 32\u00aa edi\u00e7\u00e3o dos Jogos Escolares do Tocantins - PORTAL DE NOT\u00cdCIAS CLEITON PINHEIRO\",\"isPartOf\":{\"@id\":\"https:\/\/cleitonpinheiro.com.br\/site\/#website\"},\"primaryImageOfPage\":{\"@id\":\"https:\/\/cleitonpinheiro.com.br\/site\/atletas-da-rede-municipal-de-ensino-se-destacam-na-32a-edicao-dos-jogos-escolares-do-tocantins\/#primaryimage\"},\"image\":{\"@id\":\"https:\/\/cleitonpinheiro.com.br\/site\/atletas-da-rede-municipal-de-ensino-se-destacam-na-32a-edicao-dos-jogos-escolares-do-tocantins\/#primaryimage\"},\"thumbnailUrl\":\"https:\/\/cleitonpinheiro.com.br\/site\/wp-content\/uploads\/2023\/08\/159ed6b892db4204bb38cc92b9110b25.jpg\",\"datePublished\":\"2023-08-15T21:39:28+00:00\",\"dateModified\":\"2023-12-27T14:41:13+00:00\",\"breadcrumb\":{\"@id\":\"https:\/\/cleitonpinheiro.com.br\/site\/atletas-da-rede-municipal-de-ensino-se-destacam-na-32a-edicao-dos-jogos-escolares-do-tocantins\/#breadcrumb\"},\"inLanguage\":\"pt-BR\",\"potentialAction\":[{\"@type\":\"ReadAction\",\"target\":[\"https:\/\/cleitonpinheiro.com.br\/site\/atletas-da-rede-municipal-de-ensino-se-destacam-na-32a-edicao-dos-jogos-escolares-do-tocantins\/\"]}]},{\"@type\":\"ImageObject\",\"inLanguage\":\"pt-BR\",\"@id\":\"https:\/\/cleitonpinheiro.com.br\/site\/atletas-da-rede-municipal-de-ensino-se-destacam-na-32a-edicao-dos-jogos-escolares-do-tocantins\/#primaryimage\",\"url\":\"\",\"contentUrl\":\"\"},{\"@type\":\"BreadcrumbList\",\"@id\":\"https:\/\/cleitonpinheiro.com.br\/site\/atletas-da-rede-municipal-de-ensino-se-destacam-na-32a-edicao-dos-jogos-escolares-do-tocantins\/#breadcrumb\",\"itemListElement\":[{\"@type\":\"ListItem\",\"position\":1,\"name\":\"In\u00edcio\",\"item\":\"https:\/\/cleitonpinheiro.com.br\/site\/\"},{\"@type\":\"ListItem\",\"position\":2,\"name\":\"Atletas da rede municipal de ensino se destacam na 32\u00aa edi\u00e7\u00e3o dos Jogos Escolares do Tocantins\"}]},{\"@type\":\"WebSite\",\"@id\":\"https:\/\/cleitonpinheiro.com.br\/site\/#website\",\"url\":\"https:\/\/cleitonpinheiro.com.br\/site\/\",\"name\":\"PORTAL DE NOT\u00cdCIAS CLEITON PINHEIRO\",\"description\":\"FALANDO A VERDADE\",\"publisher\":{\"@id\":\"https:\/\/cleitonpinheiro.com.br\/site\/#organization\"},\"potentialAction\":[{\"@type\":\"SearchAction\",\"target\":{\"@type\":\"EntryPoint\",\"urlTemplate\":\"https:\/\/cleitonpinheiro.com.br\/site\/?s={search_term_string}\"},\"query-input\":{\"@type\":\"PropertyValueSpecification\",\"valueRequired\":true,\"valueName\":\"search_term_string\"}}],\"inLanguage\":\"pt-BR\"},{\"@type\":\"Organization\",\"@id\":\"https:\/\/cleitonpinheiro.com.br\/site\/#organization\",\"name\":\"CPNOT\u00cdCIAS\",\"url\":\"https:\/\/cleitonpinheiro.com.br\/site\/\",\"logo\":{\"@type\":\"ImageObject\",\"inLanguage\":\"pt-BR\",\"@id\":\"https:\/\/cleitonpinheiro.com.br\/site\/#\/schema\/logo\/image\/\",\"url\":\"https:\/\/cleitonpinheiro.com.br\/site\/wp-content\/uploads\/2022\/08\/Logo-pequena-2.png\",\"contentUrl\":\"https:\/\/cleitonpinheiro.com.br\/site\/wp-content\/uploads\/2022\/08\/Logo-pequena-2.png\",\"width\":500,\"height\":500,\"caption\":\"CPNOT\u00cdCIAS\"},\"image\":{\"@id\":\"https:\/\/cleitonpinheiro.com.br\/site\/#\/schema\/logo\/image\/\"},\"sameAs\":[\"https:\/\/www.facebook.com\/portalcpnoticias\/\"]},{\"@type\":\"Person\",\"@id\":\"https:\/\/cleitonpinheiro.com.br\/site\/#\/schema\/person\/8f04544e0bc40a1b68775b08360f87db\",\"name\":\"Reda\u00e7\u00e3o CP\",\"image\":{\"@type\":\"ImageObject\",\"inLanguage\":\"pt-BR\",\"@id\":\"https:\/\/cleitonpinheiro.com.br\/site\/#\/schema\/person\/image\/\",\"url\":\"https:\/\/secure.gravatar.com\/avatar\/0bcf19cb29fdc8fc588c490c7ae1b3e174dac268586a63fbe1d1893a0f9020cd?s=96&r=g\",\"contentUrl\":\"https:\/\/secure.gravatar.com\/avatar\/0bcf19cb29fdc8fc588c490c7ae1b3e174dac268586a63fbe1d1893a0f9020cd?s=96&r=g\",\"caption\":\"Reda\u00e7\u00e3o CP\"},\"url\":\"https:\/\/cleitonpinheiro.com.br\/site\/author\/redacao\/\"}]}<\/script>\n<!-- \/ Yoast SEO plugin. -->","yoast_head_json":{"title":"Atletas da rede municipal de ensino se destacam na 32\u00aa edi\u00e7\u00e3o dos Jogos Escolares do Tocantins - PORTAL DE NOT\u00cdCIAS CLEITON PINHEIRO","robots":{"index":"index","follow":"follow","max-snippet":"max-snippet:-1","max-image-preview":"max-image-preview:large","max-video-preview":"max-video-preview:-1"},"canonical":"https:\/\/cleitonpinheiro.com.br\/site\/atletas-da-rede-municipal-de-ensino-se-destacam-na-32a-edicao-dos-jogos-escolares-do-tocantins\/","og_locale":"pt_BR","og_type":"article","og_title":"Atletas da rede municipal de ensino se destacam na 32\u00aa edi\u00e7\u00e3o dos Jogos Escolares do Tocantins - PORTAL DE NOT\u00cdCIAS CLEITON PINHEIRO","og_description":"A delega\u00e7\u00e3o de alunos atletas da rede municipal de ensino que participaram da 32\u00aa edi\u00e7\u00e3o dos Jogos Escolares do Tocantins (Jets) realizados em Aragua\u00edna retorna a Palmas trazendo boas coloca\u00e7\u00f5es e muita motiva\u00e7\u00e3o na bagagem, ap\u00f3s o final das competi\u00e7\u00f5es nas modalidades coletivas. O grande destaque de toda a delega\u00e7\u00e3o foi para o basquete feminino, [&hellip;]","og_url":"https:\/\/cleitonpinheiro.com.br\/site\/atletas-da-rede-municipal-de-ensino-se-destacam-na-32a-edicao-dos-jogos-escolares-do-tocantins\/","og_site_name":"PORTAL DE NOT\u00cdCIAS CLEITON PINHEIRO","article_publisher":"https:\/\/www.facebook.com\/portalcpnoticias\/","article_published_time":"2023-08-15T21:39:28+00:00","article_modified_time":"2023-12-27T14:41:13+00:00","og_image":[{"width":800,"height":533,"url":"https:\/\/cleitonpinheiro.com.br\/site\/wp-content\/uploads\/2023\/08\/159ed6b892db4204bb38cc92b9110b25.jpg","type":"image\/jpeg"}],"author":"Reda\u00e7\u00e3o CP","twitter_card":"summary_large_image","twitter_misc":{"Escrito por":"Reda\u00e7\u00e3o CP","Est. tempo de leitura":"2 minutos"},"schema":{"@context":"https:\/\/schema.org","@graph":[{"@type":"Article","@id":"https:\/\/cleitonpinheiro.com.br\/site\/atletas-da-rede-municipal-de-ensino-se-destacam-na-32a-edicao-dos-jogos-escolares-do-tocantins\/#article","isPartOf":{"@id":"https:\/\/cleitonpinheiro.com.br\/site\/atletas-da-rede-municipal-de-ensino-se-destacam-na-32a-edicao-dos-jogos-escolares-do-tocantins\/"},"author":{"name":"Reda\u00e7\u00e3o CP","@id":"https:\/\/cleitonpinheiro.com.br\/site\/#\/schema\/person\/8f04544e0bc40a1b68775b08360f87db"},"headline":"Atletas da rede municipal de ensino se destacam na 32\u00aa edi\u00e7\u00e3o dos Jogos Escolares do Tocantins","datePublished":"2023-08-15T21:39:28+00:00","dateModified":"2023-12-27T14:41:13+00:00","mainEntityOfPage":{"@id":"https:\/\/cleitonpinheiro.com.br\/site\/atletas-da-rede-municipal-de-ensino-se-destacam-na-32a-edicao-dos-jogos-escolares-do-tocantins\/"},"wordCount":214,"commentCount":0,"publisher":{"@id":"https:\/\/cleitonpinheiro.com.br\/site\/#organization"},"image":{"@id":"https:\/\/cleitonpinheiro.com.br\/site\/atletas-da-rede-municipal-de-ensino-se-destacam-na-32a-edicao-dos-jogos-escolares-do-tocantins\/#primaryimage"},"thumbnailUrl":"https:\/\/cleitonpinheiro.com.br\/site\/wp-content\/uploads\/2023\/08\/159ed6b892db4204bb38cc92b9110b25.jpg","articleSection":["ESPORTE","TODAS NOTICIAS"],"inLanguage":"pt-BR","potentialAction":[{"@type":"CommentAction","name":"Comment","target":["https:\/\/cleitonpinheiro.com.br\/site\/atletas-da-rede-municipal-de-ensino-se-destacam-na-32a-edicao-dos-jogos-escolares-do-tocantins\/#respond"]}]},{"@type":"WebPage","@id":"https:\/\/cleitonpinheiro.com.br\/site\/atletas-da-rede-municipal-de-ensino-se-destacam-na-32a-edicao-dos-jogos-escolares-do-tocantins\/","url":"https:\/\/cleitonpinheiro.com.br\/site\/atletas-da-rede-municipal-de-ensino-se-destacam-na-32a-edicao-dos-jogos-escolares-do-tocantins\/","name":"Atletas da rede municipal de ensino se destacam na 32\u00aa edi\u00e7\u00e3o dos Jogos Escolares do Tocantins - PORTAL DE NOT\u00cdCIAS CLEITON PINHEIRO","isPartOf":{"@id":"https:\/\/cleitonpinheiro.com.br\/site\/#website"},"primaryImageOfPage":{"@id":"https:\/\/cleitonpinheiro.com.br\/site\/atletas-da-rede-municipal-de-ensino-se-destacam-na-32a-edicao-dos-jogos-escolares-do-tocantins\/#primaryimage"},"image":{"@id":"https:\/\/cleitonpinheiro.com.br\/site\/atletas-da-rede-municipal-de-ensino-se-destacam-na-32a-edicao-dos-jogos-escolares-do-tocantins\/#primaryimage"},"thumbnailUrl":"https:\/\/cleitonpinheiro.com.br\/site\/wp-content\/uploads\/2023\/08\/159ed6b892db4204bb38cc92b9110b25.jpg","datePublished":"2023-08-15T21:39:28+00:00","dateModified":"2023-12-27T14:41:13+00:00","breadcrumb":{"@id":"https:\/\/cleitonpinheiro.com.br\/site\/atletas-da-rede-municipal-de-ensino-se-destacam-na-32a-edicao-dos-jogos-escolares-do-tocantins\/#breadcrumb"},"inLanguage":"pt-BR","potentialAction":[{"@type":"ReadAction","target":["https:\/\/cleitonpinheiro.com.br\/site\/atletas-da-rede-municipal-de-ensino-se-destacam-na-32a-edicao-dos-jogos-escolares-do-tocantins\/"]}]},{"@type":"ImageObject","inLanguage":"pt-BR","@id":"https:\/\/cleitonpinheiro.com.br\/site\/atletas-da-rede-municipal-de-ensino-se-destacam-na-32a-edicao-dos-jogos-escolares-do-tocantins\/#primaryimage","url":"","contentUrl":""},{"@type":"BreadcrumbList","@id":"https:\/\/cleitonpinheiro.com.br\/site\/atletas-da-rede-municipal-de-ensino-se-destacam-na-32a-edicao-dos-jogos-escolares-do-tocantins\/#breadcrumb","itemListElement":[{"@type":"ListItem","position":1,"name":"In\u00edcio","item":"https:\/\/cleitonpinheiro.com.br\/site\/"},{"@type":"ListItem","position":2,"name":"Atletas da rede municipal de ensino se destacam na 32\u00aa edi\u00e7\u00e3o dos Jogos Escolares do Tocantins"}]},{"@type":"WebSite","@id":"https:\/\/cleitonpinheiro.com.br\/site\/#website","url":"https:\/\/cleitonpinheiro.com.br\/site\/","name":"PORTAL DE NOT\u00cdCIAS CLEITON PINHEIRO","description":"FALANDO A VERDADE","publisher":{"@id":"https:\/\/cleitonpinheiro.com.br\/site\/#organization"},"potentialAction":[{"@type":"SearchAction","target":{"@type":"EntryPoint","urlTemplate":"https:\/\/cleitonpinheiro.com.br\/site\/?s={search_term_string}"},"query-input":{"@type":"PropertyValueSpecification","valueRequired":true,"valueName":"search_term_string"}}],"inLanguage":"pt-BR"},{"@type":"Organization","@id":"https:\/\/cleitonpinheiro.com.br\/site\/#organization","name":"CPNOT\u00cdCIAS","url":"https:\/\/cleitonpinheiro.com.br\/site\/","logo":{"@type":"ImageObject","inLanguage":"pt-BR","@id":"https:\/\/cleitonpinheiro.com.br\/site\/#\/schema\/logo\/image\/","url":"https:\/\/cleitonpinheiro.com.br\/site\/wp-content\/uploads\/2022\/08\/Logo-pequena-2.png","contentUrl":"https:\/\/cleitonpinheiro.com.br\/site\/wp-content\/uploads\/2022\/08\/Logo-pequena-2.png","width":500,"height":500,"caption":"CPNOT\u00cdCIAS"},"image":{"@id":"https:\/\/cleitonpinheiro.com.br\/site\/#\/schema\/logo\/image\/"},"sameAs":["https:\/\/www.facebook.com\/portalcpnoticias\/"]},{"@type":"Person","@id":"https:\/\/cleitonpinheiro.com.br\/site\/#\/schema\/person\/8f04544e0bc40a1b68775b08360f87db","name":"Reda\u00e7\u00e3o CP","image":{"@type":"ImageObject","inLanguage":"pt-BR","@id":"https:\/\/cleitonpinheiro.com.br\/site\/#\/schema\/person\/image\/","url":"https:\/\/secure.gravatar.com\/avatar\/0bcf19cb29fdc8fc588c490c7ae1b3e174dac268586a63fbe1d1893a0f9020cd?s=96&r=g","contentUrl":"https:\/\/secure.gravatar.com\/avatar\/0bcf19cb29fdc8fc588c490c7ae1b3e174dac268586a63fbe1d1893a0f9020cd?s=96&r=g","caption":"Reda\u00e7\u00e3o CP"},"url":"https:\/\/cleitonpinheiro.com.br\/site\/author\/redacao\/"}]}},"views":112,"_links":{"self":[{"href":"https:\/\/cleitonpinheiro.com.br\/site\/wp-json\/wp\/v2\/posts\/73470","targetHints":{"allow":["GET"]}}],"collection":[{"href":"https:\/\/cleitonpinheiro.com.br\/site\/wp-json\/wp\/v2\/posts"}],"about":[{"href":"https:\/\/cleitonpinheiro.com.br\/site\/wp-json\/wp\/v2\/types\/post"}],"author":[{"embeddable":true,"href":"https:\/\/cleitonpinheiro.com.br\/site\/wp-json\/wp\/v2\/users\/13"}],"replies":[{"embeddable":true,"href":"https:\/\/cleitonpinheiro.com.br\/site\/wp-json\/wp\/v2\/comments?post=73470"}],"version-history":[{"count":1,"href":"https:\/\/cleitonpinheiro.com.br\/site\/wp-json\/wp\/v2\/posts\/73470\/revisions"}],"predecessor-version":[{"id":73472,"href":"https:\/\/cleitonpinheiro.com.br\/site\/wp-json\/wp\/v2\/posts\/73470\/revisions\/73472"}],"wp:attachment":[{"href":"https:\/\/cleitonpinheiro.com.br\/site\/wp-json\/wp\/v2\/media?parent=73470"}],"wp:term":[{"taxonomy":"category","embeddable":true,"href":"https:\/\/cleitonpinheiro.com.br\/site\/wp-json\/wp\/v2\/categories?post=73470"},{"taxonomy":"post_tag","embeddable":true,"href":"https:\/\/cleitonpinheiro.com.br\/site\/wp-json\/wp\/v2\/tags?post=73470"}],"curies":[{"name":"wp","href":"https:\/\/api.w.org\/{rel}","templated":true}]}}