{"id":73478,"date":"2023-08-16T11:28:45","date_gmt":"2023-08-16T14:28:45","guid":{"rendered":"https:\/\/cleitonpinheiro.com.br\/site\/?p=73478"},"modified":"2023-08-16T11:30:30","modified_gmt":"2023-08-16T14:30:30","slug":"governo-federal-autoriza-contratacao-de-257-servidores-para-o-ibama","status":"publish","type":"post","link":"https:\/\/cleitonpinheiro.com.br\/site\/governo-federal-autoriza-contratacao-de-257-servidores-para-o-ibama\/","title":{"rendered":"Governo Federal autoriza contrata\u00e7\u00e3o de 257 servidores para o Ibama"},"content":{"rendered":"\n<figure class=\"wp-block-image size-full\"><img decoding=\"async\" src=\"https:\/\/cleitonpinheiro.com.br\/site\/wp-content\/uploads\/2023\/08\/ibama_ipe_3.jpg\" alt=\"\" class=\"wp-image-73479\"\/><figcaption class=\"wp-element-caption\">Ser\u00e3o nomeados 24 analistas administrativos, 100 analistas ambientais e 133 t\u00e9cnicos ambientais &#8211; Foto: Vin\u00edcius Mendon\u00e7a\/Ibama<\/figcaption><\/figure>\n\n\n\n<p class=\"wp-block-paragraph\">O presidente em exer\u00edcio Geraldo Alckmin publicou o <a href=\"https:\/\/in.gov.br\/web\/dou\/-\/decreto-n-11.633-de-14-de-agosto-de-2023-502995211\">Decreto n\u00ba 11.633 no Di\u00e1rio Oficial da Uni\u00e3o<\/a>, que autoriza a nomea\u00e7\u00e3o de candidato aprovados e n\u00e3o classificados dentro do quantitativo de vagas originalmente previsto no concurso p\u00fablico do Instituto Brasileiro do Meio Ambiente e dos Recursos Naturais Renov\u00e1veis (Ibama). O pedido \u00e9 do Minist\u00e9rio do Meio Ambiente e e Mudan\u00e7a do Clima (MMA) e autorizado pelo Minist\u00e9rio da Gest\u00e3o e da Inova\u00e7\u00e3o em Servi\u00e7os P\u00fablicos (MGISP) em junho deste ano.<\/p>\n\n\n\n<p class=\"wp-block-paragraph\">Ser\u00e3o nomeados 24 analistas administrativos, 100 analistas ambientais e 133 t\u00e9cnicos ambientais. Os novos servidores refor\u00e7am a institui\u00e7\u00e3o que atua nas a\u00e7\u00f5es de prote\u00e7\u00e3o ambiental, al\u00e9m de articular e desenvolver pol\u00edticas de gest\u00e3o do meio ambiente, com atribui\u00e7\u00f5es como a concess\u00e3o de licen\u00e7as ambientais. <em>(Com informa\u00e7\u00f5es da Ag\u00eancia Brasil)<\/em><\/p>\n","protected":false},"excerpt":{"rendered":"<p>Ser\u00e3o nomeados 24 analistas administrativos, 100 analistas ambientais e 133 t\u00e9cnicos ambientais. Os novos servidores refor\u00e7am a institui\u00e7\u00e3o que atua nas a\u00e7\u00f5es de prote\u00e7\u00e3o ambiental, al\u00e9m de articular e desenvolver pol\u00edticas de gest\u00e3o do meio ambiente.<\/p>\n","protected":false},"author":13,"featured_media":0,"comment_status":"open","ping_status":"open","sticky":false,"template":"","format":"standard","meta":{"_acf_changed":false,"footnotes":""},"categories":[25,898],"tags":[457,1154,806],"class_list":["post-73478","post","type-post","status-publish","format-standard","hentry","category-funcionalismo","category-manchete-segundaria","tag-concurso","tag-ibama","tag-meio-ambiente"],"acf":[],"yoast_head":"<!-- This site is optimized with the Yoast SEO plugin v24.4 - https:\/\/yoast.com\/wordpress\/plugins\/seo\/ -->\n<title>Governo Federal autoriza contrata\u00e7\u00e3o de 257 servidores para o Ibama - PORTAL DE NOT\u00cdCIAS CLEITON PINHEIRO<\/title>\n<meta name=\"robots\" content=\"index, follow, max-snippet:-1, max-image-preview:large, max-video-preview:-1\" \/>\n<link rel=\"canonical\" href=\"https:\/\/cleitonpinheiro.com.br\/site\/governo-federal-autoriza-contratacao-de-257-servidores-para-o-ibama\/\" \/>\n<meta property=\"og:locale\" content=\"pt_BR\" \/>\n<meta property=\"og:type\" content=\"article\" \/>\n<meta property=\"og:title\" content=\"Governo Federal autoriza contrata\u00e7\u00e3o de 257 servidores para o Ibama - PORTAL DE NOT\u00cdCIAS CLEITON PINHEIRO\" \/>\n<meta property=\"og:description\" content=\"Ser\u00e3o nomeados 24 analistas administrativos, 100 analistas ambientais e 133 t\u00e9cnicos ambientais. Os novos servidores refor\u00e7am a institui\u00e7\u00e3o que atua nas a\u00e7\u00f5es de prote\u00e7\u00e3o ambiental, al\u00e9m de articular e desenvolver pol\u00edticas de gest\u00e3o do meio ambiente.\" \/>\n<meta property=\"og:url\" content=\"https:\/\/cleitonpinheiro.com.br\/site\/governo-federal-autoriza-contratacao-de-257-servidores-para-o-ibama\/\" \/>\n<meta property=\"og:site_name\" content=\"PORTAL DE NOT\u00cdCIAS CLEITON PINHEIRO\" \/>\n<meta property=\"article:publisher\" content=\"https:\/\/www.facebook.com\/portalcpnoticias\/\" \/>\n<meta property=\"article:published_time\" content=\"2023-08-16T14:28:45+00:00\" \/>\n<meta property=\"article:modified_time\" content=\"2023-08-16T14:30:30+00:00\" \/>\n<meta property=\"og:image\" content=\"https:\/\/cleitonpinheiro.com.br\/site\/wp-content\/uploads\/2023\/08\/ibama_ipe_3.jpg\" \/>\n\t<meta property=\"og:image:width\" content=\"1170\" \/>\n\t<meta property=\"og:image:height\" content=\"700\" \/>\n\t<meta property=\"og:image:type\" content=\"image\/jpeg\" \/>\n<meta name=\"author\" content=\"Reda\u00e7\u00e3o CP\" \/>\n<meta name=\"twitter:card\" content=\"summary_large_image\" \/>\n<meta name=\"twitter:label1\" content=\"Escrito por\" \/>\n\t<meta name=\"twitter:data1\" content=\"Reda\u00e7\u00e3o CP\" \/>\n\t<meta name=\"twitter:label2\" content=\"Est. tempo de leitura\" \/>\n\t<meta name=\"twitter:data2\" content=\"1 minuto\" \/>\n<script type=\"application\/ld+json\" class=\"yoast-schema-graph\">{\"@context\":\"https:\/\/schema.org\",\"@graph\":[{\"@type\":\"Article\",\"@id\":\"https:\/\/cleitonpinheiro.com.br\/site\/governo-federal-autoriza-contratacao-de-257-servidores-para-o-ibama\/#article\",\"isPartOf\":{\"@id\":\"https:\/\/cleitonpinheiro.com.br\/site\/governo-federal-autoriza-contratacao-de-257-servidores-para-o-ibama\/\"},\"author\":{\"name\":\"Reda\u00e7\u00e3o CP\",\"@id\":\"https:\/\/cleitonpinheiro.com.br\/site\/#\/schema\/person\/8f04544e0bc40a1b68775b08360f87db\"},\"headline\":\"Governo Federal autoriza contrata\u00e7\u00e3o de 257 servidores para o Ibama\",\"datePublished\":\"2023-08-16T14:28:45+00:00\",\"dateModified\":\"2023-08-16T14:30:30+00:00\",\"mainEntityOfPage\":{\"@id\":\"https:\/\/cleitonpinheiro.com.br\/site\/governo-federal-autoriza-contratacao-de-257-servidores-para-o-ibama\/\"},\"wordCount\":179,\"commentCount\":0,\"publisher\":{\"@id\":\"https:\/\/cleitonpinheiro.com.br\/site\/#organization\"},\"image\":{\"@id\":\"https:\/\/cleitonpinheiro.com.br\/site\/governo-federal-autoriza-contratacao-de-257-servidores-para-o-ibama\/#primaryimage\"},\"thumbnailUrl\":\"https:\/\/cleitonpinheiro.com.br\/site\/wp-content\/uploads\/2023\/08\/ibama_ipe_3.jpg\",\"keywords\":[\"concurso\",\"Ibama\",\"meio ambiente\"],\"articleSection\":[\"FUNCIONALISMO\",\"MANCHETE SEGUND\u00c1RIA\"],\"inLanguage\":\"pt-BR\",\"potentialAction\":[{\"@type\":\"CommentAction\",\"name\":\"Comment\",\"target\":[\"https:\/\/cleitonpinheiro.com.br\/site\/governo-federal-autoriza-contratacao-de-257-servidores-para-o-ibama\/#respond\"]}]},{\"@type\":\"WebPage\",\"@id\":\"https:\/\/cleitonpinheiro.com.br\/site\/governo-federal-autoriza-contratacao-de-257-servidores-para-o-ibama\/\",\"url\":\"https:\/\/cleitonpinheiro.com.br\/site\/governo-federal-autoriza-contratacao-de-257-servidores-para-o-ibama\/\",\"name\":\"Governo Federal autoriza contrata\u00e7\u00e3o de 257 servidores para o Ibama - PORTAL DE NOT\u00cdCIAS CLEITON PINHEIRO\",\"isPartOf\":{\"@id\":\"https:\/\/cleitonpinheiro.com.br\/site\/#website\"},\"primaryImageOfPage\":{\"@id\":\"https:\/\/cleitonpinheiro.com.br\/site\/governo-federal-autoriza-contratacao-de-257-servidores-para-o-ibama\/#primaryimage\"},\"image\":{\"@id\":\"https:\/\/cleitonpinheiro.com.br\/site\/governo-federal-autoriza-contratacao-de-257-servidores-para-o-ibama\/#primaryimage\"},\"thumbnailUrl\":\"https:\/\/cleitonpinheiro.com.br\/site\/wp-content\/uploads\/2023\/08\/ibama_ipe_3.jpg\",\"datePublished\":\"2023-08-16T14:28:45+00:00\",\"dateModified\":\"2023-08-16T14:30:30+00:00\",\"breadcrumb\":{\"@id\":\"https:\/\/cleitonpinheiro.com.br\/site\/governo-federal-autoriza-contratacao-de-257-servidores-para-o-ibama\/#breadcrumb\"},\"inLanguage\":\"pt-BR\",\"potentialAction\":[{\"@type\":\"ReadAction\",\"target\":[\"https:\/\/cleitonpinheiro.com.br\/site\/governo-federal-autoriza-contratacao-de-257-servidores-para-o-ibama\/\"]}]},{\"@type\":\"ImageObject\",\"inLanguage\":\"pt-BR\",\"@id\":\"https:\/\/cleitonpinheiro.com.br\/site\/governo-federal-autoriza-contratacao-de-257-servidores-para-o-ibama\/#primaryimage\",\"url\":\"\",\"contentUrl\":\"\"},{\"@type\":\"BreadcrumbList\",\"@id\":\"https:\/\/cleitonpinheiro.com.br\/site\/governo-federal-autoriza-contratacao-de-257-servidores-para-o-ibama\/#breadcrumb\",\"itemListElement\":[{\"@type\":\"ListItem\",\"position\":1,\"name\":\"In\u00edcio\",\"item\":\"https:\/\/cleitonpinheiro.com.br\/site\/\"},{\"@type\":\"ListItem\",\"position\":2,\"name\":\"Governo Federal autoriza contrata\u00e7\u00e3o de 257 servidores para o Ibama\"}]},{\"@type\":\"WebSite\",\"@id\":\"https:\/\/cleitonpinheiro.com.br\/site\/#website\",\"url\":\"https:\/\/cleitonpinheiro.com.br\/site\/\",\"name\":\"PORTAL DE NOT\u00cdCIAS CLEITON PINHEIRO\",\"description\":\"FALANDO A VERDADE\",\"publisher\":{\"@id\":\"https:\/\/cleitonpinheiro.com.br\/site\/#organization\"},\"potentialAction\":[{\"@type\":\"SearchAction\",\"target\":{\"@type\":\"EntryPoint\",\"urlTemplate\":\"https:\/\/cleitonpinheiro.com.br\/site\/?s={search_term_string}\"},\"query-input\":{\"@type\":\"PropertyValueSpecification\",\"valueRequired\":true,\"valueName\":\"search_term_string\"}}],\"inLanguage\":\"pt-BR\"},{\"@type\":\"Organization\",\"@id\":\"https:\/\/cleitonpinheiro.com.br\/site\/#organization\",\"name\":\"CPNOT\u00cdCIAS\",\"url\":\"https:\/\/cleitonpinheiro.com.br\/site\/\",\"logo\":{\"@type\":\"ImageObject\",\"inLanguage\":\"pt-BR\",\"@id\":\"https:\/\/cleitonpinheiro.com.br\/site\/#\/schema\/logo\/image\/\",\"url\":\"https:\/\/cleitonpinheiro.com.br\/site\/wp-content\/uploads\/2022\/08\/Logo-pequena-2.png\",\"contentUrl\":\"https:\/\/cleitonpinheiro.com.br\/site\/wp-content\/uploads\/2022\/08\/Logo-pequena-2.png\",\"width\":500,\"height\":500,\"caption\":\"CPNOT\u00cdCIAS\"},\"image\":{\"@id\":\"https:\/\/cleitonpinheiro.com.br\/site\/#\/schema\/logo\/image\/\"},\"sameAs\":[\"https:\/\/www.facebook.com\/portalcpnoticias\/\"]},{\"@type\":\"Person\",\"@id\":\"https:\/\/cleitonpinheiro.com.br\/site\/#\/schema\/person\/8f04544e0bc40a1b68775b08360f87db\",\"name\":\"Reda\u00e7\u00e3o CP\",\"image\":{\"@type\":\"ImageObject\",\"inLanguage\":\"pt-BR\",\"@id\":\"https:\/\/cleitonpinheiro.com.br\/site\/#\/schema\/person\/image\/\",\"url\":\"https:\/\/secure.gravatar.com\/avatar\/0bcf19cb29fdc8fc588c490c7ae1b3e174dac268586a63fbe1d1893a0f9020cd?s=96&r=g\",\"contentUrl\":\"https:\/\/secure.gravatar.com\/avatar\/0bcf19cb29fdc8fc588c490c7ae1b3e174dac268586a63fbe1d1893a0f9020cd?s=96&r=g\",\"caption\":\"Reda\u00e7\u00e3o CP\"},\"url\":\"https:\/\/cleitonpinheiro.com.br\/site\/author\/redacao\/\"}]}<\/script>\n<!-- \/ Yoast SEO plugin. -->","yoast_head_json":{"title":"Governo Federal autoriza contrata\u00e7\u00e3o de 257 servidores para o Ibama - PORTAL DE NOT\u00cdCIAS CLEITON PINHEIRO","robots":{"index":"index","follow":"follow","max-snippet":"max-snippet:-1","max-image-preview":"max-image-preview:large","max-video-preview":"max-video-preview:-1"},"canonical":"https:\/\/cleitonpinheiro.com.br\/site\/governo-federal-autoriza-contratacao-de-257-servidores-para-o-ibama\/","og_locale":"pt_BR","og_type":"article","og_title":"Governo Federal autoriza contrata\u00e7\u00e3o de 257 servidores para o Ibama - PORTAL DE NOT\u00cdCIAS CLEITON PINHEIRO","og_description":"Ser\u00e3o nomeados 24 analistas administrativos, 100 analistas ambientais e 133 t\u00e9cnicos ambientais. Os novos servidores refor\u00e7am a institui\u00e7\u00e3o que atua nas a\u00e7\u00f5es de prote\u00e7\u00e3o ambiental, al\u00e9m de articular e desenvolver pol\u00edticas de gest\u00e3o do meio ambiente.","og_url":"https:\/\/cleitonpinheiro.com.br\/site\/governo-federal-autoriza-contratacao-de-257-servidores-para-o-ibama\/","og_site_name":"PORTAL DE NOT\u00cdCIAS CLEITON PINHEIRO","article_publisher":"https:\/\/www.facebook.com\/portalcpnoticias\/","article_published_time":"2023-08-16T14:28:45+00:00","article_modified_time":"2023-08-16T14:30:30+00:00","og_image":[{"width":1170,"height":700,"url":"https:\/\/cleitonpinheiro.com.br\/site\/wp-content\/uploads\/2023\/08\/ibama_ipe_3.jpg","type":"image\/jpeg"}],"author":"Reda\u00e7\u00e3o CP","twitter_card":"summary_large_image","twitter_misc":{"Escrito por":"Reda\u00e7\u00e3o CP","Est. tempo de leitura":"1 minuto"},"schema":{"@context":"https:\/\/schema.org","@graph":[{"@type":"Article","@id":"https:\/\/cleitonpinheiro.com.br\/site\/governo-federal-autoriza-contratacao-de-257-servidores-para-o-ibama\/#article","isPartOf":{"@id":"https:\/\/cleitonpinheiro.com.br\/site\/governo-federal-autoriza-contratacao-de-257-servidores-para-o-ibama\/"},"author":{"name":"Reda\u00e7\u00e3o CP","@id":"https:\/\/cleitonpinheiro.com.br\/site\/#\/schema\/person\/8f04544e0bc40a1b68775b08360f87db"},"headline":"Governo Federal autoriza contrata\u00e7\u00e3o de 257 servidores para o Ibama","datePublished":"2023-08-16T14:28:45+00:00","dateModified":"2023-08-16T14:30:30+00:00","mainEntityOfPage":{"@id":"https:\/\/cleitonpinheiro.com.br\/site\/governo-federal-autoriza-contratacao-de-257-servidores-para-o-ibama\/"},"wordCount":179,"commentCount":0,"publisher":{"@id":"https:\/\/cleitonpinheiro.com.br\/site\/#organization"},"image":{"@id":"https:\/\/cleitonpinheiro.com.br\/site\/governo-federal-autoriza-contratacao-de-257-servidores-para-o-ibama\/#primaryimage"},"thumbnailUrl":"https:\/\/cleitonpinheiro.com.br\/site\/wp-content\/uploads\/2023\/08\/ibama_ipe_3.jpg","keywords":["concurso","Ibama","meio ambiente"],"articleSection":["FUNCIONALISMO","MANCHETE SEGUND\u00c1RIA"],"inLanguage":"pt-BR","potentialAction":[{"@type":"CommentAction","name":"Comment","target":["https:\/\/cleitonpinheiro.com.br\/site\/governo-federal-autoriza-contratacao-de-257-servidores-para-o-ibama\/#respond"]}]},{"@type":"WebPage","@id":"https:\/\/cleitonpinheiro.com.br\/site\/governo-federal-autoriza-contratacao-de-257-servidores-para-o-ibama\/","url":"https:\/\/cleitonpinheiro.com.br\/site\/governo-federal-autoriza-contratacao-de-257-servidores-para-o-ibama\/","name":"Governo Federal autoriza contrata\u00e7\u00e3o de 257 servidores para o Ibama - PORTAL DE NOT\u00cdCIAS CLEITON PINHEIRO","isPartOf":{"@id":"https:\/\/cleitonpinheiro.com.br\/site\/#website"},"primaryImageOfPage":{"@id":"https:\/\/cleitonpinheiro.com.br\/site\/governo-federal-autoriza-contratacao-de-257-servidores-para-o-ibama\/#primaryimage"},"image":{"@id":"https:\/\/cleitonpinheiro.com.br\/site\/governo-federal-autoriza-contratacao-de-257-servidores-para-o-ibama\/#primaryimage"},"thumbnailUrl":"https:\/\/cleitonpinheiro.com.br\/site\/wp-content\/uploads\/2023\/08\/ibama_ipe_3.jpg","datePublished":"2023-08-16T14:28:45+00:00","dateModified":"2023-08-16T14:30:30+00:00","breadcrumb":{"@id":"https:\/\/cleitonpinheiro.com.br\/site\/governo-federal-autoriza-contratacao-de-257-servidores-para-o-ibama\/#breadcrumb"},"inLanguage":"pt-BR","potentialAction":[{"@type":"ReadAction","target":["https:\/\/cleitonpinheiro.com.br\/site\/governo-federal-autoriza-contratacao-de-257-servidores-para-o-ibama\/"]}]},{"@type":"ImageObject","inLanguage":"pt-BR","@id":"https:\/\/cleitonpinheiro.com.br\/site\/governo-federal-autoriza-contratacao-de-257-servidores-para-o-ibama\/#primaryimage","url":"","contentUrl":""},{"@type":"BreadcrumbList","@id":"https:\/\/cleitonpinheiro.com.br\/site\/governo-federal-autoriza-contratacao-de-257-servidores-para-o-ibama\/#breadcrumb","itemListElement":[{"@type":"ListItem","position":1,"name":"In\u00edcio","item":"https:\/\/cleitonpinheiro.com.br\/site\/"},{"@type":"ListItem","position":2,"name":"Governo Federal autoriza contrata\u00e7\u00e3o de 257 servidores para o Ibama"}]},{"@type":"WebSite","@id":"https:\/\/cleitonpinheiro.com.br\/site\/#website","url":"https:\/\/cleitonpinheiro.com.br\/site\/","name":"PORTAL DE NOT\u00cdCIAS CLEITON PINHEIRO","description":"FALANDO A VERDADE","publisher":{"@id":"https:\/\/cleitonpinheiro.com.br\/site\/#organization"},"potentialAction":[{"@type":"SearchAction","target":{"@type":"EntryPoint","urlTemplate":"https:\/\/cleitonpinheiro.com.br\/site\/?s={search_term_string}"},"query-input":{"@type":"PropertyValueSpecification","valueRequired":true,"valueName":"search_term_string"}}],"inLanguage":"pt-BR"},{"@type":"Organization","@id":"https:\/\/cleitonpinheiro.com.br\/site\/#organization","name":"CPNOT\u00cdCIAS","url":"https:\/\/cleitonpinheiro.com.br\/site\/","logo":{"@type":"ImageObject","inLanguage":"pt-BR","@id":"https:\/\/cleitonpinheiro.com.br\/site\/#\/schema\/logo\/image\/","url":"https:\/\/cleitonpinheiro.com.br\/site\/wp-content\/uploads\/2022\/08\/Logo-pequena-2.png","contentUrl":"https:\/\/cleitonpinheiro.com.br\/site\/wp-content\/uploads\/2022\/08\/Logo-pequena-2.png","width":500,"height":500,"caption":"CPNOT\u00cdCIAS"},"image":{"@id":"https:\/\/cleitonpinheiro.com.br\/site\/#\/schema\/logo\/image\/"},"sameAs":["https:\/\/www.facebook.com\/portalcpnoticias\/"]},{"@type":"Person","@id":"https:\/\/cleitonpinheiro.com.br\/site\/#\/schema\/person\/8f04544e0bc40a1b68775b08360f87db","name":"Reda\u00e7\u00e3o CP","image":{"@type":"ImageObject","inLanguage":"pt-BR","@id":"https:\/\/cleitonpinheiro.com.br\/site\/#\/schema\/person\/image\/","url":"https:\/\/secure.gravatar.com\/avatar\/0bcf19cb29fdc8fc588c490c7ae1b3e174dac268586a63fbe1d1893a0f9020cd?s=96&r=g","contentUrl":"https:\/\/secure.gravatar.com\/avatar\/0bcf19cb29fdc8fc588c490c7ae1b3e174dac268586a63fbe1d1893a0f9020cd?s=96&r=g","caption":"Reda\u00e7\u00e3o CP"},"url":"https:\/\/cleitonpinheiro.com.br\/site\/author\/redacao\/"}]}},"views":154,"_links":{"self":[{"href":"https:\/\/cleitonpinheiro.com.br\/site\/wp-json\/wp\/v2\/posts\/73478","targetHints":{"allow":["GET"]}}],"collection":[{"href":"https:\/\/cleitonpinheiro.com.br\/site\/wp-json\/wp\/v2\/posts"}],"about":[{"href":"https:\/\/cleitonpinheiro.com.br\/site\/wp-json\/wp\/v2\/types\/post"}],"author":[{"embeddable":true,"href":"https:\/\/cleitonpinheiro.com.br\/site\/wp-json\/wp\/v2\/users\/13"}],"replies":[{"embeddable":true,"href":"https:\/\/cleitonpinheiro.com.br\/site\/wp-json\/wp\/v2\/comments?post=73478"}],"version-history":[{"count":4,"href":"https:\/\/cleitonpinheiro.com.br\/site\/wp-json\/wp\/v2\/posts\/73478\/revisions"}],"predecessor-version":[{"id":73489,"href":"https:\/\/cleitonpinheiro.com.br\/site\/wp-json\/wp\/v2\/posts\/73478\/revisions\/73489"}],"wp:attachment":[{"href":"https:\/\/cleitonpinheiro.com.br\/site\/wp-json\/wp\/v2\/media?parent=73478"}],"wp:term":[{"taxonomy":"category","embeddable":true,"href":"https:\/\/cleitonpinheiro.com.br\/site\/wp-json\/wp\/v2\/categories?post=73478"},{"taxonomy":"post_tag","embeddable":true,"href":"https:\/\/cleitonpinheiro.com.br\/site\/wp-json\/wp\/v2\/tags?post=73478"}],"curies":[{"name":"wp","href":"https:\/\/api.w.org\/{rel}","templated":true}]}}