{"id":73481,"date":"2023-08-15T19:58:29","date_gmt":"2023-08-15T22:58:29","guid":{"rendered":"https:\/\/cleitonpinheiro.com.br\/site\/?p=73481"},"modified":"2023-08-15T19:58:32","modified_gmt":"2023-08-15T22:58:32","slug":"cpmi-pede-que-moraes-determine-ao-mj-entrega-de-imagens-do-8-de-janeiro","status":"publish","type":"post","link":"https:\/\/cleitonpinheiro.com.br\/site\/cpmi-pede-que-moraes-determine-ao-mj-entrega-de-imagens-do-8-de-janeiro\/","title":{"rendered":"CPMI pede que Moraes determine ao MJ entrega de imagens do 8 de janeiro"},"content":{"rendered":"\n<figure class=\"wp-block-image size-full\"><img decoding=\"async\" src=\"https:\/\/cleitonpinheiro.com.br\/site\/wp-content\/uploads\/2023\/08\/manifestacao1_mcamgo_abr_080120231818-4.jpg\" alt=\"\" class=\"wp-image-73482\"\/><figcaption class=\"wp-element-caption\">Comiss\u00e3o ouve fot\u00f3grafo Adriano Machado, que registrou atos golpistas &#8211; Foto: Marcelo Camargo\/Ag\u00eancia Brasil<\/figcaption><\/figure>\n\n\n\n<p class=\"wp-block-paragraph\"><strong>Da Ag\u00eancia Brasil<\/strong><\/p>\n\n\n\n<p class=\"wp-block-paragraph\">A Comiss\u00e3o Parlamentar Mista de Inqu\u00e9rito (CPMI) do 8 de janeiro pediu ao ministro do Supremo Tribunal Federal (STF)&nbsp;Alexandre de Moraes&nbsp;que esclare\u00e7a o teor de sua decis\u00e3o de 7 de agosto deste ano. Na ocasi\u00e3o, o magistrado autorizou o Minist\u00e9rio da Justi\u00e7a e Seguran\u00e7a P\u00fablica a entregar \u00e0 comiss\u00e3o as imagens que as c\u00e2meras de seguran\u00e7a do minist\u00e9rio registraram no dia em que v\u00e2ndalos e golpistas invadiram o Pal\u00e1cio do Planalto, o Congresso Nacional e a sede do STF.<img decoding=\"async\" src=\"https:\/\/agenciabrasil.ebc.com.br\/ebc.png?id=1548870&amp;o=node\"><img decoding=\"async\" src=\"https:\/\/agenciabrasil.ebc.com.br\/ebc.gif?id=1548870&amp;o=node\"><\/p>\n\n\n\n<p class=\"wp-block-paragraph\">\u201cEncaminhamos, ontem, ao Supremo Tribunal Federal, um requerimento ao ministro Alexandre de Moraes solicitando um esclarecimento sobre a natureza de sua decis\u00e3o, que determina a entrega das fitas a esta CPMI\u201d, disse o presidente da CPMI, Arthur Oliveira Maia (Uni\u00e3o-BA), no in\u00edcio da sess\u00e3o desta ter\u00e7a-feira (15). Os parlamentares est\u00e3o ouvindo o depoimento do rep\u00f3rter fotogr\u00e1fico Adriano Machado, que documentou os invasores do Pal\u00e1cio do Planalto em a\u00e7\u00e3o.<\/p>\n\n\n\n<p class=\"wp-block-paragraph\">Ao responder propostas de parlamentares da oposi\u00e7\u00e3o, que cobram uma provid\u00eancia que force o minist\u00e9rio a fornecer para a comiss\u00e3o todas as imagens captadas pelos circuitos interno e externo do Pal\u00e1cio da Justi\u00e7a, Maia disse que tamb\u00e9m j\u00e1 requisitou \u00e0 pasta que entregue todas as fitas dispon\u00edveis.<\/p>\n\n\n\n<p class=\"wp-block-paragraph\">Ele assegurou que, no requerimento enviado a Moraes, apontou que o Minist\u00e9rio da Justi\u00e7a e Seguran\u00e7a P\u00fablica n\u00e3o atendeu integralmente solicita\u00e7\u00e3o inicial da comiss\u00e3o, apresentando as grava\u00e7\u00f5es de apenas duas c\u00e2meras de seguran\u00e7a.<\/p>\n\n\n\n<p class=\"wp-block-paragraph\">\u201cApesar de eu n\u00e3o poder afirmar peremptoriamente quantas c\u00e2meras de filmagem existem no pr\u00e9dio do minist\u00e9rio, sabemos que n\u00e3o existem apenas duas c\u00e2meras. Quem j\u00e1 foi l\u00e1 sabe que existem c\u00e2meras nos corredores, em todos os andares. E o pedido da comiss\u00e3o foi muito al\u00e9m daquilo que o minist\u00e9rio nos enviou\u201d, acrescentou Maia.<\/p>\n\n\n\n<h2 class=\"wp-block-heading\">Compartilhamento de imagens<\/h2>\n\n\n\n<p class=\"wp-block-paragraph\">A decis\u00e3o de Moraes, de 7 de agosto, foi uma resposta a um of\u00edcio protocolado pelo ministro da Justi\u00e7a e Seguran\u00e7a P\u00fablica, Fl\u00e1vio Dino, que pediu autoriza\u00e7\u00e3o da Corte para compartilhar as imagens das c\u00e2meras ministeriais. O acesso integral aos registros tinha sido requerido por deputados e senadores de oposi\u00e7\u00e3o ao atual governo federal que integram a CPMI.<\/p>\n\n\n\n<p class=\"wp-block-paragraph\">Em sua decis\u00e3o, Alexandre de Moraes indicou que o Estado tem obriga\u00e7\u00e3o de fornecer informa\u00e7\u00f5es necess\u00e1rias \u00e0 sociedade. Para o ministro, n\u00e3o h\u00e1 nenhum impedimento ao compartilhamento de imagens que ajudem a identificar e responsabilizar os participantes pelo ataque aos Tr\u00eas Poderes, em 8 de janeiro, em Bras\u00edlia.<\/p>\n\n\n\n<p class=\"wp-block-paragraph\">\u201cOs pedidos feitos pelos parlamentares n\u00e3o foram atendidos em sua integralidade\u201d, comentou Maia. \u201cLamento que as imagens tenham chegado a menor. Espero que o ministro Fl\u00e1vio [Dino] tome consci\u00eancia do papel que ele representa, da obriga\u00e7\u00e3o que tem de contribuir com os trabalhos desta CPMI. E que ele envie a totalidade destas imagens\u201d, concluiu o deputado.<\/p>\n\n\n\n<p class=\"wp-block-paragraph\">Consultado pela&nbsp;<strong>Ag\u00eancia Brasil<\/strong>, o Minist\u00e9rio da Justi\u00e7a e Seguran\u00e7a P\u00fablica informou que a&nbsp;Pol\u00edcia Federal j\u00e1 recolheu as imagens que considerou pertinentes para a investiga\u00e7\u00e3o, colocando-as \u00e0 disposi\u00e7\u00e3o da CPMI. &#8220;As imagens [recolhidas]&nbsp;foram juntadas ao inqu\u00e9rito policial no dia 8 de fevereiro. O Minist\u00e9rio da Justi\u00e7a n\u00e3o tem conhecimento espec\u00edfico sobre tais imagens recolhidas, juntadas ao inqu\u00e9rito e entregues \u00e0 CPMI pela PF, em face de autoriza\u00e7\u00e3o judicial [do STF]&#8221;, acrescentou o minist\u00e9rio.<\/p>\n","protected":false},"excerpt":{"rendered":"<p>Da Ag\u00eancia Brasil A Comiss\u00e3o Parlamentar Mista de Inqu\u00e9rito (CPMI) do 8 de janeiro pediu ao ministro do Supremo Tribunal Federal (STF)&nbsp;Alexandre de Moraes&nbsp;que esclare\u00e7a o teor de sua decis\u00e3o de 7 de agosto deste ano. Na ocasi\u00e3o, o magistrado autorizou o Minist\u00e9rio da Justi\u00e7a e Seguran\u00e7a P\u00fablica a entregar \u00e0 comiss\u00e3o as imagens que [&hellip;]<\/p>\n","protected":false},"author":13,"featured_media":0,"comment_status":"open","ping_status":"open","sticky":false,"template":"","format":"standard","meta":{"_acf_changed":false,"footnotes":""},"categories":[19],"tags":[1136,1155,142],"class_list":["post-73481","post","type-post","status-publish","format-standard","hentry","category-brasil-mundo","tag-8-de-janeiro","tag-cpmi","tag-stf"],"acf":[],"yoast_head":"<!-- This site is optimized with the Yoast SEO plugin v24.4 - https:\/\/yoast.com\/wordpress\/plugins\/seo\/ -->\n<title>CPMI pede que Moraes determine ao MJ entrega de imagens do 8 de janeiro - PORTAL DE NOT\u00cdCIAS CLEITON PINHEIRO<\/title>\n<meta name=\"robots\" content=\"index, follow, max-snippet:-1, max-image-preview:large, max-video-preview:-1\" \/>\n<link rel=\"canonical\" href=\"https:\/\/cleitonpinheiro.com.br\/site\/cpmi-pede-que-moraes-determine-ao-mj-entrega-de-imagens-do-8-de-janeiro\/\" \/>\n<meta property=\"og:locale\" content=\"pt_BR\" \/>\n<meta property=\"og:type\" content=\"article\" \/>\n<meta property=\"og:title\" content=\"CPMI pede que Moraes determine ao MJ entrega de imagens do 8 de janeiro - PORTAL DE NOT\u00cdCIAS CLEITON PINHEIRO\" \/>\n<meta property=\"og:description\" content=\"Da Ag\u00eancia Brasil A Comiss\u00e3o Parlamentar Mista de Inqu\u00e9rito (CPMI) do 8 de janeiro pediu ao ministro do Supremo Tribunal Federal (STF)&nbsp;Alexandre de Moraes&nbsp;que esclare\u00e7a o teor de sua decis\u00e3o de 7 de agosto deste ano. Na ocasi\u00e3o, o magistrado autorizou o Minist\u00e9rio da Justi\u00e7a e Seguran\u00e7a P\u00fablica a entregar \u00e0 comiss\u00e3o as imagens que [&hellip;]\" \/>\n<meta property=\"og:url\" content=\"https:\/\/cleitonpinheiro.com.br\/site\/cpmi-pede-que-moraes-determine-ao-mj-entrega-de-imagens-do-8-de-janeiro\/\" \/>\n<meta property=\"og:site_name\" content=\"PORTAL DE NOT\u00cdCIAS CLEITON PINHEIRO\" \/>\n<meta property=\"article:publisher\" content=\"https:\/\/www.facebook.com\/portalcpnoticias\/\" \/>\n<meta property=\"article:published_time\" content=\"2023-08-15T22:58:29+00:00\" \/>\n<meta property=\"article:modified_time\" content=\"2023-08-15T22:58:32+00:00\" \/>\n<meta property=\"og:image\" content=\"https:\/\/cleitonpinheiro.com.br\/site\/wp-content\/uploads\/2023\/08\/manifestacao1_mcamgo_abr_080120231818-4.jpg\" \/>\n\t<meta property=\"og:image:width\" content=\"1170\" \/>\n\t<meta property=\"og:image:height\" content=\"700\" \/>\n\t<meta property=\"og:image:type\" content=\"image\/jpeg\" \/>\n<meta name=\"author\" content=\"Reda\u00e7\u00e3o CP\" \/>\n<meta name=\"twitter:card\" content=\"summary_large_image\" \/>\n<meta name=\"twitter:label1\" content=\"Escrito por\" \/>\n\t<meta name=\"twitter:data1\" content=\"Reda\u00e7\u00e3o CP\" \/>\n\t<meta name=\"twitter:label2\" content=\"Est. tempo de leitura\" \/>\n\t<meta name=\"twitter:data2\" content=\"4 minutos\" \/>\n<script type=\"application\/ld+json\" class=\"yoast-schema-graph\">{\"@context\":\"https:\/\/schema.org\",\"@graph\":[{\"@type\":\"Article\",\"@id\":\"https:\/\/cleitonpinheiro.com.br\/site\/cpmi-pede-que-moraes-determine-ao-mj-entrega-de-imagens-do-8-de-janeiro\/#article\",\"isPartOf\":{\"@id\":\"https:\/\/cleitonpinheiro.com.br\/site\/cpmi-pede-que-moraes-determine-ao-mj-entrega-de-imagens-do-8-de-janeiro\/\"},\"author\":{\"name\":\"Reda\u00e7\u00e3o CP\",\"@id\":\"https:\/\/cleitonpinheiro.com.br\/site\/#\/schema\/person\/8f04544e0bc40a1b68775b08360f87db\"},\"headline\":\"CPMI pede que Moraes determine ao MJ entrega de imagens do 8 de janeiro\",\"datePublished\":\"2023-08-15T22:58:29+00:00\",\"dateModified\":\"2023-08-15T22:58:32+00:00\",\"mainEntityOfPage\":{\"@id\":\"https:\/\/cleitonpinheiro.com.br\/site\/cpmi-pede-que-moraes-determine-ao-mj-entrega-de-imagens-do-8-de-janeiro\/\"},\"wordCount\":640,\"commentCount\":0,\"publisher\":{\"@id\":\"https:\/\/cleitonpinheiro.com.br\/site\/#organization\"},\"image\":{\"@id\":\"https:\/\/cleitonpinheiro.com.br\/site\/cpmi-pede-que-moraes-determine-ao-mj-entrega-de-imagens-do-8-de-janeiro\/#primaryimage\"},\"thumbnailUrl\":\"https:\/\/cleitonpinheiro.com.br\/site\/wp-content\/uploads\/2023\/08\/manifestacao1_mcamgo_abr_080120231818-4.jpg\",\"keywords\":[\"8 de janeiro\",\"CPMI\",\"STF\"],\"articleSection\":[\"BRASIL \/ MUNDO\"],\"inLanguage\":\"pt-BR\",\"potentialAction\":[{\"@type\":\"CommentAction\",\"name\":\"Comment\",\"target\":[\"https:\/\/cleitonpinheiro.com.br\/site\/cpmi-pede-que-moraes-determine-ao-mj-entrega-de-imagens-do-8-de-janeiro\/#respond\"]}]},{\"@type\":\"WebPage\",\"@id\":\"https:\/\/cleitonpinheiro.com.br\/site\/cpmi-pede-que-moraes-determine-ao-mj-entrega-de-imagens-do-8-de-janeiro\/\",\"url\":\"https:\/\/cleitonpinheiro.com.br\/site\/cpmi-pede-que-moraes-determine-ao-mj-entrega-de-imagens-do-8-de-janeiro\/\",\"name\":\"CPMI pede que Moraes determine ao MJ entrega de imagens do 8 de janeiro - PORTAL DE NOT\u00cdCIAS CLEITON PINHEIRO\",\"isPartOf\":{\"@id\":\"https:\/\/cleitonpinheiro.com.br\/site\/#website\"},\"primaryImageOfPage\":{\"@id\":\"https:\/\/cleitonpinheiro.com.br\/site\/cpmi-pede-que-moraes-determine-ao-mj-entrega-de-imagens-do-8-de-janeiro\/#primaryimage\"},\"image\":{\"@id\":\"https:\/\/cleitonpinheiro.com.br\/site\/cpmi-pede-que-moraes-determine-ao-mj-entrega-de-imagens-do-8-de-janeiro\/#primaryimage\"},\"thumbnailUrl\":\"https:\/\/cleitonpinheiro.com.br\/site\/wp-content\/uploads\/2023\/08\/manifestacao1_mcamgo_abr_080120231818-4.jpg\",\"datePublished\":\"2023-08-15T22:58:29+00:00\",\"dateModified\":\"2023-08-15T22:58:32+00:00\",\"breadcrumb\":{\"@id\":\"https:\/\/cleitonpinheiro.com.br\/site\/cpmi-pede-que-moraes-determine-ao-mj-entrega-de-imagens-do-8-de-janeiro\/#breadcrumb\"},\"inLanguage\":\"pt-BR\",\"potentialAction\":[{\"@type\":\"ReadAction\",\"target\":[\"https:\/\/cleitonpinheiro.com.br\/site\/cpmi-pede-que-moraes-determine-ao-mj-entrega-de-imagens-do-8-de-janeiro\/\"]}]},{\"@type\":\"ImageObject\",\"inLanguage\":\"pt-BR\",\"@id\":\"https:\/\/cleitonpinheiro.com.br\/site\/cpmi-pede-que-moraes-determine-ao-mj-entrega-de-imagens-do-8-de-janeiro\/#primaryimage\",\"url\":\"\",\"contentUrl\":\"\"},{\"@type\":\"BreadcrumbList\",\"@id\":\"https:\/\/cleitonpinheiro.com.br\/site\/cpmi-pede-que-moraes-determine-ao-mj-entrega-de-imagens-do-8-de-janeiro\/#breadcrumb\",\"itemListElement\":[{\"@type\":\"ListItem\",\"position\":1,\"name\":\"In\u00edcio\",\"item\":\"https:\/\/cleitonpinheiro.com.br\/site\/\"},{\"@type\":\"ListItem\",\"position\":2,\"name\":\"CPMI pede que Moraes determine ao MJ entrega de imagens do 8 de janeiro\"}]},{\"@type\":\"WebSite\",\"@id\":\"https:\/\/cleitonpinheiro.com.br\/site\/#website\",\"url\":\"https:\/\/cleitonpinheiro.com.br\/site\/\",\"name\":\"PORTAL DE NOT\u00cdCIAS CLEITON PINHEIRO\",\"description\":\"FALANDO A VERDADE\",\"publisher\":{\"@id\":\"https:\/\/cleitonpinheiro.com.br\/site\/#organization\"},\"potentialAction\":[{\"@type\":\"SearchAction\",\"target\":{\"@type\":\"EntryPoint\",\"urlTemplate\":\"https:\/\/cleitonpinheiro.com.br\/site\/?s={search_term_string}\"},\"query-input\":{\"@type\":\"PropertyValueSpecification\",\"valueRequired\":true,\"valueName\":\"search_term_string\"}}],\"inLanguage\":\"pt-BR\"},{\"@type\":\"Organization\",\"@id\":\"https:\/\/cleitonpinheiro.com.br\/site\/#organization\",\"name\":\"CPNOT\u00cdCIAS\",\"url\":\"https:\/\/cleitonpinheiro.com.br\/site\/\",\"logo\":{\"@type\":\"ImageObject\",\"inLanguage\":\"pt-BR\",\"@id\":\"https:\/\/cleitonpinheiro.com.br\/site\/#\/schema\/logo\/image\/\",\"url\":\"https:\/\/cleitonpinheiro.com.br\/site\/wp-content\/uploads\/2022\/08\/Logo-pequena-2.png\",\"contentUrl\":\"https:\/\/cleitonpinheiro.com.br\/site\/wp-content\/uploads\/2022\/08\/Logo-pequena-2.png\",\"width\":500,\"height\":500,\"caption\":\"CPNOT\u00cdCIAS\"},\"image\":{\"@id\":\"https:\/\/cleitonpinheiro.com.br\/site\/#\/schema\/logo\/image\/\"},\"sameAs\":[\"https:\/\/www.facebook.com\/portalcpnoticias\/\"]},{\"@type\":\"Person\",\"@id\":\"https:\/\/cleitonpinheiro.com.br\/site\/#\/schema\/person\/8f04544e0bc40a1b68775b08360f87db\",\"name\":\"Reda\u00e7\u00e3o CP\",\"image\":{\"@type\":\"ImageObject\",\"inLanguage\":\"pt-BR\",\"@id\":\"https:\/\/cleitonpinheiro.com.br\/site\/#\/schema\/person\/image\/\",\"url\":\"https:\/\/secure.gravatar.com\/avatar\/0bcf19cb29fdc8fc588c490c7ae1b3e174dac268586a63fbe1d1893a0f9020cd?s=96&r=g\",\"contentUrl\":\"https:\/\/secure.gravatar.com\/avatar\/0bcf19cb29fdc8fc588c490c7ae1b3e174dac268586a63fbe1d1893a0f9020cd?s=96&r=g\",\"caption\":\"Reda\u00e7\u00e3o CP\"},\"url\":\"https:\/\/cleitonpinheiro.com.br\/site\/author\/redacao\/\"}]}<\/script>\n<!-- \/ Yoast SEO plugin. -->","yoast_head_json":{"title":"CPMI pede que Moraes determine ao MJ entrega de imagens do 8 de janeiro - PORTAL DE NOT\u00cdCIAS CLEITON PINHEIRO","robots":{"index":"index","follow":"follow","max-snippet":"max-snippet:-1","max-image-preview":"max-image-preview:large","max-video-preview":"max-video-preview:-1"},"canonical":"https:\/\/cleitonpinheiro.com.br\/site\/cpmi-pede-que-moraes-determine-ao-mj-entrega-de-imagens-do-8-de-janeiro\/","og_locale":"pt_BR","og_type":"article","og_title":"CPMI pede que Moraes determine ao MJ entrega de imagens do 8 de janeiro - PORTAL DE NOT\u00cdCIAS CLEITON PINHEIRO","og_description":"Da Ag\u00eancia Brasil A Comiss\u00e3o Parlamentar Mista de Inqu\u00e9rito (CPMI) do 8 de janeiro pediu ao ministro do Supremo Tribunal Federal (STF)&nbsp;Alexandre de Moraes&nbsp;que esclare\u00e7a o teor de sua decis\u00e3o de 7 de agosto deste ano. Na ocasi\u00e3o, o magistrado autorizou o Minist\u00e9rio da Justi\u00e7a e Seguran\u00e7a P\u00fablica a entregar \u00e0 comiss\u00e3o as imagens que [&hellip;]","og_url":"https:\/\/cleitonpinheiro.com.br\/site\/cpmi-pede-que-moraes-determine-ao-mj-entrega-de-imagens-do-8-de-janeiro\/","og_site_name":"PORTAL DE NOT\u00cdCIAS CLEITON PINHEIRO","article_publisher":"https:\/\/www.facebook.com\/portalcpnoticias\/","article_published_time":"2023-08-15T22:58:29+00:00","article_modified_time":"2023-08-15T22:58:32+00:00","og_image":[{"width":1170,"height":700,"url":"https:\/\/cleitonpinheiro.com.br\/site\/wp-content\/uploads\/2023\/08\/manifestacao1_mcamgo_abr_080120231818-4.jpg","type":"image\/jpeg"}],"author":"Reda\u00e7\u00e3o CP","twitter_card":"summary_large_image","twitter_misc":{"Escrito por":"Reda\u00e7\u00e3o CP","Est. tempo de leitura":"4 minutos"},"schema":{"@context":"https:\/\/schema.org","@graph":[{"@type":"Article","@id":"https:\/\/cleitonpinheiro.com.br\/site\/cpmi-pede-que-moraes-determine-ao-mj-entrega-de-imagens-do-8-de-janeiro\/#article","isPartOf":{"@id":"https:\/\/cleitonpinheiro.com.br\/site\/cpmi-pede-que-moraes-determine-ao-mj-entrega-de-imagens-do-8-de-janeiro\/"},"author":{"name":"Reda\u00e7\u00e3o CP","@id":"https:\/\/cleitonpinheiro.com.br\/site\/#\/schema\/person\/8f04544e0bc40a1b68775b08360f87db"},"headline":"CPMI pede que Moraes determine ao MJ entrega de imagens do 8 de janeiro","datePublished":"2023-08-15T22:58:29+00:00","dateModified":"2023-08-15T22:58:32+00:00","mainEntityOfPage":{"@id":"https:\/\/cleitonpinheiro.com.br\/site\/cpmi-pede-que-moraes-determine-ao-mj-entrega-de-imagens-do-8-de-janeiro\/"},"wordCount":640,"commentCount":0,"publisher":{"@id":"https:\/\/cleitonpinheiro.com.br\/site\/#organization"},"image":{"@id":"https:\/\/cleitonpinheiro.com.br\/site\/cpmi-pede-que-moraes-determine-ao-mj-entrega-de-imagens-do-8-de-janeiro\/#primaryimage"},"thumbnailUrl":"https:\/\/cleitonpinheiro.com.br\/site\/wp-content\/uploads\/2023\/08\/manifestacao1_mcamgo_abr_080120231818-4.jpg","keywords":["8 de janeiro","CPMI","STF"],"articleSection":["BRASIL \/ MUNDO"],"inLanguage":"pt-BR","potentialAction":[{"@type":"CommentAction","name":"Comment","target":["https:\/\/cleitonpinheiro.com.br\/site\/cpmi-pede-que-moraes-determine-ao-mj-entrega-de-imagens-do-8-de-janeiro\/#respond"]}]},{"@type":"WebPage","@id":"https:\/\/cleitonpinheiro.com.br\/site\/cpmi-pede-que-moraes-determine-ao-mj-entrega-de-imagens-do-8-de-janeiro\/","url":"https:\/\/cleitonpinheiro.com.br\/site\/cpmi-pede-que-moraes-determine-ao-mj-entrega-de-imagens-do-8-de-janeiro\/","name":"CPMI pede que Moraes determine ao MJ entrega de imagens do 8 de janeiro - PORTAL DE NOT\u00cdCIAS CLEITON PINHEIRO","isPartOf":{"@id":"https:\/\/cleitonpinheiro.com.br\/site\/#website"},"primaryImageOfPage":{"@id":"https:\/\/cleitonpinheiro.com.br\/site\/cpmi-pede-que-moraes-determine-ao-mj-entrega-de-imagens-do-8-de-janeiro\/#primaryimage"},"image":{"@id":"https:\/\/cleitonpinheiro.com.br\/site\/cpmi-pede-que-moraes-determine-ao-mj-entrega-de-imagens-do-8-de-janeiro\/#primaryimage"},"thumbnailUrl":"https:\/\/cleitonpinheiro.com.br\/site\/wp-content\/uploads\/2023\/08\/manifestacao1_mcamgo_abr_080120231818-4.jpg","datePublished":"2023-08-15T22:58:29+00:00","dateModified":"2023-08-15T22:58:32+00:00","breadcrumb":{"@id":"https:\/\/cleitonpinheiro.com.br\/site\/cpmi-pede-que-moraes-determine-ao-mj-entrega-de-imagens-do-8-de-janeiro\/#breadcrumb"},"inLanguage":"pt-BR","potentialAction":[{"@type":"ReadAction","target":["https:\/\/cleitonpinheiro.com.br\/site\/cpmi-pede-que-moraes-determine-ao-mj-entrega-de-imagens-do-8-de-janeiro\/"]}]},{"@type":"ImageObject","inLanguage":"pt-BR","@id":"https:\/\/cleitonpinheiro.com.br\/site\/cpmi-pede-que-moraes-determine-ao-mj-entrega-de-imagens-do-8-de-janeiro\/#primaryimage","url":"","contentUrl":""},{"@type":"BreadcrumbList","@id":"https:\/\/cleitonpinheiro.com.br\/site\/cpmi-pede-que-moraes-determine-ao-mj-entrega-de-imagens-do-8-de-janeiro\/#breadcrumb","itemListElement":[{"@type":"ListItem","position":1,"name":"In\u00edcio","item":"https:\/\/cleitonpinheiro.com.br\/site\/"},{"@type":"ListItem","position":2,"name":"CPMI pede que Moraes determine ao MJ entrega de imagens do 8 de janeiro"}]},{"@type":"WebSite","@id":"https:\/\/cleitonpinheiro.com.br\/site\/#website","url":"https:\/\/cleitonpinheiro.com.br\/site\/","name":"PORTAL DE NOT\u00cdCIAS CLEITON PINHEIRO","description":"FALANDO A VERDADE","publisher":{"@id":"https:\/\/cleitonpinheiro.com.br\/site\/#organization"},"potentialAction":[{"@type":"SearchAction","target":{"@type":"EntryPoint","urlTemplate":"https:\/\/cleitonpinheiro.com.br\/site\/?s={search_term_string}"},"query-input":{"@type":"PropertyValueSpecification","valueRequired":true,"valueName":"search_term_string"}}],"inLanguage":"pt-BR"},{"@type":"Organization","@id":"https:\/\/cleitonpinheiro.com.br\/site\/#organization","name":"CPNOT\u00cdCIAS","url":"https:\/\/cleitonpinheiro.com.br\/site\/","logo":{"@type":"ImageObject","inLanguage":"pt-BR","@id":"https:\/\/cleitonpinheiro.com.br\/site\/#\/schema\/logo\/image\/","url":"https:\/\/cleitonpinheiro.com.br\/site\/wp-content\/uploads\/2022\/08\/Logo-pequena-2.png","contentUrl":"https:\/\/cleitonpinheiro.com.br\/site\/wp-content\/uploads\/2022\/08\/Logo-pequena-2.png","width":500,"height":500,"caption":"CPNOT\u00cdCIAS"},"image":{"@id":"https:\/\/cleitonpinheiro.com.br\/site\/#\/schema\/logo\/image\/"},"sameAs":["https:\/\/www.facebook.com\/portalcpnoticias\/"]},{"@type":"Person","@id":"https:\/\/cleitonpinheiro.com.br\/site\/#\/schema\/person\/8f04544e0bc40a1b68775b08360f87db","name":"Reda\u00e7\u00e3o CP","image":{"@type":"ImageObject","inLanguage":"pt-BR","@id":"https:\/\/cleitonpinheiro.com.br\/site\/#\/schema\/person\/image\/","url":"https:\/\/secure.gravatar.com\/avatar\/0bcf19cb29fdc8fc588c490c7ae1b3e174dac268586a63fbe1d1893a0f9020cd?s=96&r=g","contentUrl":"https:\/\/secure.gravatar.com\/avatar\/0bcf19cb29fdc8fc588c490c7ae1b3e174dac268586a63fbe1d1893a0f9020cd?s=96&r=g","caption":"Reda\u00e7\u00e3o CP"},"url":"https:\/\/cleitonpinheiro.com.br\/site\/author\/redacao\/"}]}},"views":101,"_links":{"self":[{"href":"https:\/\/cleitonpinheiro.com.br\/site\/wp-json\/wp\/v2\/posts\/73481","targetHints":{"allow":["GET"]}}],"collection":[{"href":"https:\/\/cleitonpinheiro.com.br\/site\/wp-json\/wp\/v2\/posts"}],"about":[{"href":"https:\/\/cleitonpinheiro.com.br\/site\/wp-json\/wp\/v2\/types\/post"}],"author":[{"embeddable":true,"href":"https:\/\/cleitonpinheiro.com.br\/site\/wp-json\/wp\/v2\/users\/13"}],"replies":[{"embeddable":true,"href":"https:\/\/cleitonpinheiro.com.br\/site\/wp-json\/wp\/v2\/comments?post=73481"}],"version-history":[{"count":1,"href":"https:\/\/cleitonpinheiro.com.br\/site\/wp-json\/wp\/v2\/posts\/73481\/revisions"}],"predecessor-version":[{"id":73483,"href":"https:\/\/cleitonpinheiro.com.br\/site\/wp-json\/wp\/v2\/posts\/73481\/revisions\/73483"}],"wp:attachment":[{"href":"https:\/\/cleitonpinheiro.com.br\/site\/wp-json\/wp\/v2\/media?parent=73481"}],"wp:term":[{"taxonomy":"category","embeddable":true,"href":"https:\/\/cleitonpinheiro.com.br\/site\/wp-json\/wp\/v2\/categories?post=73481"},{"taxonomy":"post_tag","embeddable":true,"href":"https:\/\/cleitonpinheiro.com.br\/site\/wp-json\/wp\/v2\/tags?post=73481"}],"curies":[{"name":"wp","href":"https:\/\/api.w.org\/{rel}","templated":true}]}}