{"id":73484,"date":"2023-08-15T20:04:10","date_gmt":"2023-08-15T23:04:10","guid":{"rendered":"https:\/\/cleitonpinheiro.com.br\/site\/?p=73484"},"modified":"2023-08-16T11:27:40","modified_gmt":"2023-08-16T14:27:40","slug":"tse-mantem-decisao-que-multou-bolsonaro-pelo-7-de-setembro-em-r-50-mil","status":"publish","type":"post","link":"https:\/\/cleitonpinheiro.com.br\/site\/tse-mantem-decisao-que-multou-bolsonaro-pelo-7-de-setembro-em-r-50-mil\/","title":{"rendered":"TSE mant\u00e9m decis\u00e3o que multou Bolsonaro pelo 7 de setembro em R$ 50 mil"},"content":{"rendered":"\n<figure class=\"wp-block-image size-full\"><img decoding=\"async\" src=\"https:\/\/cleitonpinheiro.com.br\/site\/wp-content\/uploads\/2023\/08\/trbr3478.jpg\" alt=\"\" class=\"wp-image-73485\"\/><figcaption class=\"wp-element-caption\">Al\u00e9m de Bolsonaro, Braga Netto tamb\u00e9m ter\u00e1 que pagar, total de R$ 110 mil para os dois pol\u00edticos &#8211; Foto: T\u00e2nia R\u00eago\/Ag\u00eancia Brasil<\/figcaption><\/figure>\n\n\n\n<p class=\"wp-block-paragraph\"><strong>Da Ag\u00eancia Brasil<\/strong><\/p>\n\n\n\n<p class=\"wp-block-paragraph\">O ministro Benedito Gon\u00e7alves, do Tribunal Superior Eleitoral (TSE), decidiu, nesta ter\u00e7a-feira (15), manter a decis\u00e3o que multou o ex-presidente Jair Bolsonaro e o ex-ministro Walter Braga Netto em R$ 110 mil por descumprimento de decis\u00e3o e litig\u00e2ncia de m\u00e1-f\u00e9.<img decoding=\"async\" src=\"https:\/\/agenciabrasil.ebc.com.br\/ebc.png?id=1549137&amp;o=node\"><img decoding=\"async\" src=\"https:\/\/agenciabrasil.ebc.com.br\/ebc.gif?id=1549137&amp;o=node\"><\/p>\n\n\n\n<p class=\"wp-block-paragraph\">Em julho, o ministro entendeu que a campanha da chapa Bolsonaro-Braga Netto deixou de retirar das redes sociais imagens das comemora\u00e7\u00f5es do 7 de setembro que tinham sido consideradas como propaganda eleitoral irregular no pleito do ano passado.<\/p>\n\n\n\n<p class=\"wp-block-paragraph\">Conforme a decis\u00e3o, ambos receberam multas individuais de R$ 50 mil pelo descumprimento, al\u00e9m do acr\u00e9scimo de R$ 5 mil por terem garantido que os conte\u00fados foram apagados.<\/p>\n\n\n\n<p class=\"wp-block-paragraph\">A decis\u00e3o do ministro foi motivada por um recurso apresentado pelas defesas de Bolsonaro e Braga Netto. Os advogados sustentaram que n\u00e3o houve descumprimento da decis\u00e3o e defenderam a reuni\u00e3o de diversas a\u00e7\u00f5es sobre a mesma acusa\u00e7\u00e3o contra a campanha. &#8220;N\u00e3o h\u00e1 raz\u00e3o leg\u00edtima para que se acelere o julgamento de uma ou outra a\u00e7\u00e3o em detrimento das demais&#8221;, argumentou a defesa.<\/p>\n","protected":false},"excerpt":{"rendered":"<p>O ministro Benedito Gon\u00e7alves, do Tribunal Superior Eleitoral (TSE), decidiu, nesta ter\u00e7a-feira (15), manter a decis\u00e3o que multou o ex-presidente Jair Bolsonaro e o ex-ministro Walter Braga Netto em R$ 110 mil por descumprimento de decis\u00e3o e litig\u00e2ncia de m\u00e1-f\u00e9.<\/p>\n","protected":false},"author":13,"featured_media":0,"comment_status":"open","ping_status":"open","sticky":false,"template":"","format":"standard","meta":{"_acf_changed":false,"footnotes":""},"categories":[898,23],"tags":[195,1157,1156,785],"class_list":["post-73484","post","type-post","status-publish","format-standard","hentry","category-manchete-segundaria","category-politica","tag-bolsonaro","tag-braga-netto","tag-multa-individual","tag-tse"],"acf":[],"yoast_head":"<!-- This site is optimized with the Yoast SEO plugin v24.4 - https:\/\/yoast.com\/wordpress\/plugins\/seo\/ -->\n<title>TSE mant\u00e9m decis\u00e3o que multou Bolsonaro pelo 7 de setembro em R$ 50 mil - PORTAL DE NOT\u00cdCIAS CLEITON PINHEIRO<\/title>\n<meta name=\"robots\" content=\"index, follow, max-snippet:-1, max-image-preview:large, max-video-preview:-1\" \/>\n<link rel=\"canonical\" href=\"https:\/\/cleitonpinheiro.com.br\/site\/tse-mantem-decisao-que-multou-bolsonaro-pelo-7-de-setembro-em-r-50-mil\/\" \/>\n<meta property=\"og:locale\" content=\"pt_BR\" \/>\n<meta property=\"og:type\" content=\"article\" \/>\n<meta property=\"og:title\" content=\"TSE mant\u00e9m decis\u00e3o que multou Bolsonaro pelo 7 de setembro em R$ 50 mil - PORTAL DE NOT\u00cdCIAS CLEITON PINHEIRO\" \/>\n<meta property=\"og:description\" content=\"O ministro Benedito Gon\u00e7alves, do Tribunal Superior Eleitoral (TSE), decidiu, nesta ter\u00e7a-feira (15), manter a decis\u00e3o que multou o ex-presidente Jair Bolsonaro e o ex-ministro Walter Braga Netto em R$ 110 mil por descumprimento de decis\u00e3o e litig\u00e2ncia de m\u00e1-f\u00e9.\" \/>\n<meta property=\"og:url\" content=\"https:\/\/cleitonpinheiro.com.br\/site\/tse-mantem-decisao-que-multou-bolsonaro-pelo-7-de-setembro-em-r-50-mil\/\" \/>\n<meta property=\"og:site_name\" content=\"PORTAL DE NOT\u00cdCIAS CLEITON PINHEIRO\" \/>\n<meta property=\"article:publisher\" content=\"https:\/\/www.facebook.com\/portalcpnoticias\/\" \/>\n<meta property=\"article:published_time\" content=\"2023-08-15T23:04:10+00:00\" \/>\n<meta property=\"article:modified_time\" content=\"2023-08-16T14:27:40+00:00\" \/>\n<meta property=\"og:image\" content=\"https:\/\/cleitonpinheiro.com.br\/site\/wp-content\/uploads\/2023\/08\/trbr3478.jpg\" \/>\n\t<meta property=\"og:image:width\" content=\"1170\" \/>\n\t<meta property=\"og:image:height\" content=\"700\" \/>\n\t<meta property=\"og:image:type\" content=\"image\/jpeg\" \/>\n<meta name=\"author\" content=\"Reda\u00e7\u00e3o CP\" \/>\n<meta name=\"twitter:card\" content=\"summary_large_image\" \/>\n<meta name=\"twitter:label1\" content=\"Escrito por\" \/>\n\t<meta name=\"twitter:data1\" content=\"Reda\u00e7\u00e3o CP\" \/>\n\t<meta name=\"twitter:label2\" content=\"Est. tempo de leitura\" \/>\n\t<meta name=\"twitter:data2\" content=\"2 minutos\" \/>\n<script type=\"application\/ld+json\" class=\"yoast-schema-graph\">{\"@context\":\"https:\/\/schema.org\",\"@graph\":[{\"@type\":\"Article\",\"@id\":\"https:\/\/cleitonpinheiro.com.br\/site\/tse-mantem-decisao-que-multou-bolsonaro-pelo-7-de-setembro-em-r-50-mil\/#article\",\"isPartOf\":{\"@id\":\"https:\/\/cleitonpinheiro.com.br\/site\/tse-mantem-decisao-que-multou-bolsonaro-pelo-7-de-setembro-em-r-50-mil\/\"},\"author\":{\"name\":\"Reda\u00e7\u00e3o CP\",\"@id\":\"https:\/\/cleitonpinheiro.com.br\/site\/#\/schema\/person\/8f04544e0bc40a1b68775b08360f87db\"},\"headline\":\"TSE mant\u00e9m decis\u00e3o que multou Bolsonaro pelo 7 de setembro em R$ 50 mil\",\"datePublished\":\"2023-08-15T23:04:10+00:00\",\"dateModified\":\"2023-08-16T14:27:40+00:00\",\"mainEntityOfPage\":{\"@id\":\"https:\/\/cleitonpinheiro.com.br\/site\/tse-mantem-decisao-que-multou-bolsonaro-pelo-7-de-setembro-em-r-50-mil\/\"},\"wordCount\":231,\"commentCount\":0,\"publisher\":{\"@id\":\"https:\/\/cleitonpinheiro.com.br\/site\/#organization\"},\"image\":{\"@id\":\"https:\/\/cleitonpinheiro.com.br\/site\/tse-mantem-decisao-que-multou-bolsonaro-pelo-7-de-setembro-em-r-50-mil\/#primaryimage\"},\"thumbnailUrl\":\"https:\/\/cleitonpinheiro.com.br\/site\/wp-content\/uploads\/2023\/08\/trbr3478.jpg\",\"keywords\":[\"Bolsonaro\",\"Braga Netto\",\"multa individual\",\"TSE\"],\"articleSection\":[\"MANCHETE SEGUND\u00c1RIA\",\"POL\u00cdTICA\"],\"inLanguage\":\"pt-BR\",\"potentialAction\":[{\"@type\":\"CommentAction\",\"name\":\"Comment\",\"target\":[\"https:\/\/cleitonpinheiro.com.br\/site\/tse-mantem-decisao-que-multou-bolsonaro-pelo-7-de-setembro-em-r-50-mil\/#respond\"]}]},{\"@type\":\"WebPage\",\"@id\":\"https:\/\/cleitonpinheiro.com.br\/site\/tse-mantem-decisao-que-multou-bolsonaro-pelo-7-de-setembro-em-r-50-mil\/\",\"url\":\"https:\/\/cleitonpinheiro.com.br\/site\/tse-mantem-decisao-que-multou-bolsonaro-pelo-7-de-setembro-em-r-50-mil\/\",\"name\":\"TSE mant\u00e9m decis\u00e3o que multou Bolsonaro pelo 7 de setembro em R$ 50 mil - PORTAL DE NOT\u00cdCIAS CLEITON PINHEIRO\",\"isPartOf\":{\"@id\":\"https:\/\/cleitonpinheiro.com.br\/site\/#website\"},\"primaryImageOfPage\":{\"@id\":\"https:\/\/cleitonpinheiro.com.br\/site\/tse-mantem-decisao-que-multou-bolsonaro-pelo-7-de-setembro-em-r-50-mil\/#primaryimage\"},\"image\":{\"@id\":\"https:\/\/cleitonpinheiro.com.br\/site\/tse-mantem-decisao-que-multou-bolsonaro-pelo-7-de-setembro-em-r-50-mil\/#primaryimage\"},\"thumbnailUrl\":\"https:\/\/cleitonpinheiro.com.br\/site\/wp-content\/uploads\/2023\/08\/trbr3478.jpg\",\"datePublished\":\"2023-08-15T23:04:10+00:00\",\"dateModified\":\"2023-08-16T14:27:40+00:00\",\"breadcrumb\":{\"@id\":\"https:\/\/cleitonpinheiro.com.br\/site\/tse-mantem-decisao-que-multou-bolsonaro-pelo-7-de-setembro-em-r-50-mil\/#breadcrumb\"},\"inLanguage\":\"pt-BR\",\"potentialAction\":[{\"@type\":\"ReadAction\",\"target\":[\"https:\/\/cleitonpinheiro.com.br\/site\/tse-mantem-decisao-que-multou-bolsonaro-pelo-7-de-setembro-em-r-50-mil\/\"]}]},{\"@type\":\"ImageObject\",\"inLanguage\":\"pt-BR\",\"@id\":\"https:\/\/cleitonpinheiro.com.br\/site\/tse-mantem-decisao-que-multou-bolsonaro-pelo-7-de-setembro-em-r-50-mil\/#primaryimage\",\"url\":\"\",\"contentUrl\":\"\"},{\"@type\":\"BreadcrumbList\",\"@id\":\"https:\/\/cleitonpinheiro.com.br\/site\/tse-mantem-decisao-que-multou-bolsonaro-pelo-7-de-setembro-em-r-50-mil\/#breadcrumb\",\"itemListElement\":[{\"@type\":\"ListItem\",\"position\":1,\"name\":\"In\u00edcio\",\"item\":\"https:\/\/cleitonpinheiro.com.br\/site\/\"},{\"@type\":\"ListItem\",\"position\":2,\"name\":\"TSE mant\u00e9m decis\u00e3o que multou Bolsonaro pelo 7 de setembro em R$ 50 mil\"}]},{\"@type\":\"WebSite\",\"@id\":\"https:\/\/cleitonpinheiro.com.br\/site\/#website\",\"url\":\"https:\/\/cleitonpinheiro.com.br\/site\/\",\"name\":\"PORTAL DE NOT\u00cdCIAS CLEITON PINHEIRO\",\"description\":\"FALANDO A VERDADE\",\"publisher\":{\"@id\":\"https:\/\/cleitonpinheiro.com.br\/site\/#organization\"},\"potentialAction\":[{\"@type\":\"SearchAction\",\"target\":{\"@type\":\"EntryPoint\",\"urlTemplate\":\"https:\/\/cleitonpinheiro.com.br\/site\/?s={search_term_string}\"},\"query-input\":{\"@type\":\"PropertyValueSpecification\",\"valueRequired\":true,\"valueName\":\"search_term_string\"}}],\"inLanguage\":\"pt-BR\"},{\"@type\":\"Organization\",\"@id\":\"https:\/\/cleitonpinheiro.com.br\/site\/#organization\",\"name\":\"CPNOT\u00cdCIAS\",\"url\":\"https:\/\/cleitonpinheiro.com.br\/site\/\",\"logo\":{\"@type\":\"ImageObject\",\"inLanguage\":\"pt-BR\",\"@id\":\"https:\/\/cleitonpinheiro.com.br\/site\/#\/schema\/logo\/image\/\",\"url\":\"https:\/\/cleitonpinheiro.com.br\/site\/wp-content\/uploads\/2022\/08\/Logo-pequena-2.png\",\"contentUrl\":\"https:\/\/cleitonpinheiro.com.br\/site\/wp-content\/uploads\/2022\/08\/Logo-pequena-2.png\",\"width\":500,\"height\":500,\"caption\":\"CPNOT\u00cdCIAS\"},\"image\":{\"@id\":\"https:\/\/cleitonpinheiro.com.br\/site\/#\/schema\/logo\/image\/\"},\"sameAs\":[\"https:\/\/www.facebook.com\/portalcpnoticias\/\"]},{\"@type\":\"Person\",\"@id\":\"https:\/\/cleitonpinheiro.com.br\/site\/#\/schema\/person\/8f04544e0bc40a1b68775b08360f87db\",\"name\":\"Reda\u00e7\u00e3o CP\",\"image\":{\"@type\":\"ImageObject\",\"inLanguage\":\"pt-BR\",\"@id\":\"https:\/\/cleitonpinheiro.com.br\/site\/#\/schema\/person\/image\/\",\"url\":\"https:\/\/secure.gravatar.com\/avatar\/0bcf19cb29fdc8fc588c490c7ae1b3e174dac268586a63fbe1d1893a0f9020cd?s=96&r=g\",\"contentUrl\":\"https:\/\/secure.gravatar.com\/avatar\/0bcf19cb29fdc8fc588c490c7ae1b3e174dac268586a63fbe1d1893a0f9020cd?s=96&r=g\",\"caption\":\"Reda\u00e7\u00e3o CP\"},\"url\":\"https:\/\/cleitonpinheiro.com.br\/site\/author\/redacao\/\"}]}<\/script>\n<!-- \/ Yoast SEO plugin. -->","yoast_head_json":{"title":"TSE mant\u00e9m decis\u00e3o que multou Bolsonaro pelo 7 de setembro em R$ 50 mil - PORTAL DE NOT\u00cdCIAS CLEITON PINHEIRO","robots":{"index":"index","follow":"follow","max-snippet":"max-snippet:-1","max-image-preview":"max-image-preview:large","max-video-preview":"max-video-preview:-1"},"canonical":"https:\/\/cleitonpinheiro.com.br\/site\/tse-mantem-decisao-que-multou-bolsonaro-pelo-7-de-setembro-em-r-50-mil\/","og_locale":"pt_BR","og_type":"article","og_title":"TSE mant\u00e9m decis\u00e3o que multou Bolsonaro pelo 7 de setembro em R$ 50 mil - PORTAL DE NOT\u00cdCIAS CLEITON PINHEIRO","og_description":"O ministro Benedito Gon\u00e7alves, do Tribunal Superior Eleitoral (TSE), decidiu, nesta ter\u00e7a-feira (15), manter a decis\u00e3o que multou o ex-presidente Jair Bolsonaro e o ex-ministro Walter Braga Netto em R$ 110 mil por descumprimento de decis\u00e3o e litig\u00e2ncia de m\u00e1-f\u00e9.","og_url":"https:\/\/cleitonpinheiro.com.br\/site\/tse-mantem-decisao-que-multou-bolsonaro-pelo-7-de-setembro-em-r-50-mil\/","og_site_name":"PORTAL DE NOT\u00cdCIAS CLEITON PINHEIRO","article_publisher":"https:\/\/www.facebook.com\/portalcpnoticias\/","article_published_time":"2023-08-15T23:04:10+00:00","article_modified_time":"2023-08-16T14:27:40+00:00","og_image":[{"width":1170,"height":700,"url":"https:\/\/cleitonpinheiro.com.br\/site\/wp-content\/uploads\/2023\/08\/trbr3478.jpg","type":"image\/jpeg"}],"author":"Reda\u00e7\u00e3o CP","twitter_card":"summary_large_image","twitter_misc":{"Escrito por":"Reda\u00e7\u00e3o CP","Est. tempo de leitura":"2 minutos"},"schema":{"@context":"https:\/\/schema.org","@graph":[{"@type":"Article","@id":"https:\/\/cleitonpinheiro.com.br\/site\/tse-mantem-decisao-que-multou-bolsonaro-pelo-7-de-setembro-em-r-50-mil\/#article","isPartOf":{"@id":"https:\/\/cleitonpinheiro.com.br\/site\/tse-mantem-decisao-que-multou-bolsonaro-pelo-7-de-setembro-em-r-50-mil\/"},"author":{"name":"Reda\u00e7\u00e3o CP","@id":"https:\/\/cleitonpinheiro.com.br\/site\/#\/schema\/person\/8f04544e0bc40a1b68775b08360f87db"},"headline":"TSE mant\u00e9m decis\u00e3o que multou Bolsonaro pelo 7 de setembro em R$ 50 mil","datePublished":"2023-08-15T23:04:10+00:00","dateModified":"2023-08-16T14:27:40+00:00","mainEntityOfPage":{"@id":"https:\/\/cleitonpinheiro.com.br\/site\/tse-mantem-decisao-que-multou-bolsonaro-pelo-7-de-setembro-em-r-50-mil\/"},"wordCount":231,"commentCount":0,"publisher":{"@id":"https:\/\/cleitonpinheiro.com.br\/site\/#organization"},"image":{"@id":"https:\/\/cleitonpinheiro.com.br\/site\/tse-mantem-decisao-que-multou-bolsonaro-pelo-7-de-setembro-em-r-50-mil\/#primaryimage"},"thumbnailUrl":"https:\/\/cleitonpinheiro.com.br\/site\/wp-content\/uploads\/2023\/08\/trbr3478.jpg","keywords":["Bolsonaro","Braga Netto","multa individual","TSE"],"articleSection":["MANCHETE SEGUND\u00c1RIA","POL\u00cdTICA"],"inLanguage":"pt-BR","potentialAction":[{"@type":"CommentAction","name":"Comment","target":["https:\/\/cleitonpinheiro.com.br\/site\/tse-mantem-decisao-que-multou-bolsonaro-pelo-7-de-setembro-em-r-50-mil\/#respond"]}]},{"@type":"WebPage","@id":"https:\/\/cleitonpinheiro.com.br\/site\/tse-mantem-decisao-que-multou-bolsonaro-pelo-7-de-setembro-em-r-50-mil\/","url":"https:\/\/cleitonpinheiro.com.br\/site\/tse-mantem-decisao-que-multou-bolsonaro-pelo-7-de-setembro-em-r-50-mil\/","name":"TSE mant\u00e9m decis\u00e3o que multou Bolsonaro pelo 7 de setembro em R$ 50 mil - PORTAL DE NOT\u00cdCIAS CLEITON PINHEIRO","isPartOf":{"@id":"https:\/\/cleitonpinheiro.com.br\/site\/#website"},"primaryImageOfPage":{"@id":"https:\/\/cleitonpinheiro.com.br\/site\/tse-mantem-decisao-que-multou-bolsonaro-pelo-7-de-setembro-em-r-50-mil\/#primaryimage"},"image":{"@id":"https:\/\/cleitonpinheiro.com.br\/site\/tse-mantem-decisao-que-multou-bolsonaro-pelo-7-de-setembro-em-r-50-mil\/#primaryimage"},"thumbnailUrl":"https:\/\/cleitonpinheiro.com.br\/site\/wp-content\/uploads\/2023\/08\/trbr3478.jpg","datePublished":"2023-08-15T23:04:10+00:00","dateModified":"2023-08-16T14:27:40+00:00","breadcrumb":{"@id":"https:\/\/cleitonpinheiro.com.br\/site\/tse-mantem-decisao-que-multou-bolsonaro-pelo-7-de-setembro-em-r-50-mil\/#breadcrumb"},"inLanguage":"pt-BR","potentialAction":[{"@type":"ReadAction","target":["https:\/\/cleitonpinheiro.com.br\/site\/tse-mantem-decisao-que-multou-bolsonaro-pelo-7-de-setembro-em-r-50-mil\/"]}]},{"@type":"ImageObject","inLanguage":"pt-BR","@id":"https:\/\/cleitonpinheiro.com.br\/site\/tse-mantem-decisao-que-multou-bolsonaro-pelo-7-de-setembro-em-r-50-mil\/#primaryimage","url":"","contentUrl":""},{"@type":"BreadcrumbList","@id":"https:\/\/cleitonpinheiro.com.br\/site\/tse-mantem-decisao-que-multou-bolsonaro-pelo-7-de-setembro-em-r-50-mil\/#breadcrumb","itemListElement":[{"@type":"ListItem","position":1,"name":"In\u00edcio","item":"https:\/\/cleitonpinheiro.com.br\/site\/"},{"@type":"ListItem","position":2,"name":"TSE mant\u00e9m decis\u00e3o que multou Bolsonaro pelo 7 de setembro em R$ 50 mil"}]},{"@type":"WebSite","@id":"https:\/\/cleitonpinheiro.com.br\/site\/#website","url":"https:\/\/cleitonpinheiro.com.br\/site\/","name":"PORTAL DE NOT\u00cdCIAS CLEITON PINHEIRO","description":"FALANDO A VERDADE","publisher":{"@id":"https:\/\/cleitonpinheiro.com.br\/site\/#organization"},"potentialAction":[{"@type":"SearchAction","target":{"@type":"EntryPoint","urlTemplate":"https:\/\/cleitonpinheiro.com.br\/site\/?s={search_term_string}"},"query-input":{"@type":"PropertyValueSpecification","valueRequired":true,"valueName":"search_term_string"}}],"inLanguage":"pt-BR"},{"@type":"Organization","@id":"https:\/\/cleitonpinheiro.com.br\/site\/#organization","name":"CPNOT\u00cdCIAS","url":"https:\/\/cleitonpinheiro.com.br\/site\/","logo":{"@type":"ImageObject","inLanguage":"pt-BR","@id":"https:\/\/cleitonpinheiro.com.br\/site\/#\/schema\/logo\/image\/","url":"https:\/\/cleitonpinheiro.com.br\/site\/wp-content\/uploads\/2022\/08\/Logo-pequena-2.png","contentUrl":"https:\/\/cleitonpinheiro.com.br\/site\/wp-content\/uploads\/2022\/08\/Logo-pequena-2.png","width":500,"height":500,"caption":"CPNOT\u00cdCIAS"},"image":{"@id":"https:\/\/cleitonpinheiro.com.br\/site\/#\/schema\/logo\/image\/"},"sameAs":["https:\/\/www.facebook.com\/portalcpnoticias\/"]},{"@type":"Person","@id":"https:\/\/cleitonpinheiro.com.br\/site\/#\/schema\/person\/8f04544e0bc40a1b68775b08360f87db","name":"Reda\u00e7\u00e3o CP","image":{"@type":"ImageObject","inLanguage":"pt-BR","@id":"https:\/\/cleitonpinheiro.com.br\/site\/#\/schema\/person\/image\/","url":"https:\/\/secure.gravatar.com\/avatar\/0bcf19cb29fdc8fc588c490c7ae1b3e174dac268586a63fbe1d1893a0f9020cd?s=96&r=g","contentUrl":"https:\/\/secure.gravatar.com\/avatar\/0bcf19cb29fdc8fc588c490c7ae1b3e174dac268586a63fbe1d1893a0f9020cd?s=96&r=g","caption":"Reda\u00e7\u00e3o CP"},"url":"https:\/\/cleitonpinheiro.com.br\/site\/author\/redacao\/"}]}},"views":145,"_links":{"self":[{"href":"https:\/\/cleitonpinheiro.com.br\/site\/wp-json\/wp\/v2\/posts\/73484","targetHints":{"allow":["GET"]}}],"collection":[{"href":"https:\/\/cleitonpinheiro.com.br\/site\/wp-json\/wp\/v2\/posts"}],"about":[{"href":"https:\/\/cleitonpinheiro.com.br\/site\/wp-json\/wp\/v2\/types\/post"}],"author":[{"embeddable":true,"href":"https:\/\/cleitonpinheiro.com.br\/site\/wp-json\/wp\/v2\/users\/13"}],"replies":[{"embeddable":true,"href":"https:\/\/cleitonpinheiro.com.br\/site\/wp-json\/wp\/v2\/comments?post=73484"}],"version-history":[{"count":1,"href":"https:\/\/cleitonpinheiro.com.br\/site\/wp-json\/wp\/v2\/posts\/73484\/revisions"}],"predecessor-version":[{"id":73486,"href":"https:\/\/cleitonpinheiro.com.br\/site\/wp-json\/wp\/v2\/posts\/73484\/revisions\/73486"}],"wp:attachment":[{"href":"https:\/\/cleitonpinheiro.com.br\/site\/wp-json\/wp\/v2\/media?parent=73484"}],"wp:term":[{"taxonomy":"category","embeddable":true,"href":"https:\/\/cleitonpinheiro.com.br\/site\/wp-json\/wp\/v2\/categories?post=73484"},{"taxonomy":"post_tag","embeddable":true,"href":"https:\/\/cleitonpinheiro.com.br\/site\/wp-json\/wp\/v2\/tags?post=73484"}],"curies":[{"name":"wp","href":"https:\/\/api.w.org\/{rel}","templated":true}]}}