{"id":73512,"date":"2023-08-16T11:44:36","date_gmt":"2023-08-16T14:44:36","guid":{"rendered":"https:\/\/cleitonpinheiro.com.br\/site\/?p=73512"},"modified":"2023-12-27T11:40:35","modified_gmt":"2023-12-27T14:40:35","slug":"73512-2","status":"publish","type":"post","link":"https:\/\/cleitonpinheiro.com.br\/site\/73512-2\/","title":{"rendered":"Ex-preso volta a DOI-Codi para fazer relatos do que viveu na ditadura"},"content":{"rendered":"\n<figure class=\"wp-block-image size-full\"><img decoding=\"async\" src=\"https:\/\/cleitonpinheiro.com.br\/site\/wp-content\/uploads\/2023\/08\/img_4484.jpg\" alt=\"\" class=\"wp-image-73513\"\/><figcaption class=\"wp-element-caption\">Por muitos anos, Em\u00edlio Ivo Ulrich (foto de destaque) n\u00e3o conseguiu compartilhar em palavras a hediondez que viveu &#8211; Foto: Rovena Rosa\/Ag\u00eancia Brasil<\/figcaption><\/figure>\n\n\n\n<p class=\"wp-block-paragraph\"><strong>Por Letycia Bond &#8211; Ag\u00eancia Brasil<\/strong><\/p>\n\n\n\n<p class=\"wp-block-paragraph\">Por muitos anos, Em\u00edlio Ivo Ulrich (foto de destaque) n\u00e3o conseguiu compartilhar em palavras a hediondez que viveu no Destacamento de Opera\u00e7\u00f5es de Informa\u00e7\u00e3o &#8211; Centro de Opera\u00e7\u00f5es de Defesa Interna (DOI-Codi), durante a ditadura iniciada com o golpe de Estado consolidado em 1964. Ele integrou a Vanguarda Popular Revolucion\u00e1ria (VPR) e teve militares em seu encal\u00e7o at\u00e9 que foi finalmente capturado.<img decoding=\"async\" src=\"https:\/\/agenciabrasil.ebc.com.br\/ebc.png?id=1549134&amp;o=node\"><img decoding=\"async\" src=\"https:\/\/agenciabrasil.ebc.com.br\/ebc.gif?id=1549134&amp;o=node\"><\/p>\n\n\n\n<p class=\"wp-block-paragraph\">Radicada em Porto Alegre, sua fam\u00edlia n\u00e3o fazia ideia de seu paradeiro. Seus algozes decidiram que ficaria um ano preso, tendo passagem tamb\u00e9m pelo Departamento de Ordem Pol\u00edtica e Social (Dops), onde foram interrogadas e ficaram detidas figuras famosas. &#8220;E depois eu fiquei em liberdade vigiada. Eu tinha que assinar um livro na auditoria militar&nbsp;toda semana. Eu estava preso, s\u00f3 que estava na rua&#8221;, rememora.<\/p>\n\n\n\n<p class=\"wp-block-paragraph\">Por diversos dias de sua vida, a vis\u00e3o que tinha diante de si, se n\u00e3o eram os soldados ou superiores com patente, era a do coronel Carlos Alberto Brilhante Ustra, do Ex\u00e9rcito, perambulando pelo complexo do que foi, na ditadura, um endere\u00e7o para o qual se conflu\u00eda um sem-n\u00famero de v\u00edtimas cujos direitos eram sistematicamente violados. Os acontecimentos do local&nbsp;agora s\u00e3o&nbsp;<a href=\"https:\/\/agenciabrasil.ebc.com.br\/direitos-humanos\/noticia\/2023-08\/escritos-de-presos-politicos-podem-surgir-em-escavacoes-no-doi-codi\" target=\"_blank\" rel=\"noreferrer noopener\">objeto de estudo<\/a>&nbsp;de pesquisadores da Universidade Estadual de Campinas (Unicamp), Universidade Federal de Minas Gerais (UFMG) e Universidade Federal de S\u00e3o Paulo (Unifesp).<\/p>\n\n\n\n<p class=\"wp-block-paragraph\">A VPR era composta, em sua maioria, por estudantes e ex-militares e foi um dos grupos criados -, no caso, em 1968 -, como rea\u00e7\u00e3o \u00e0 ditadura. O perfil dos membros era, em geral, de dissidentes da Pol\u00edtica Oper\u00e1ria (Polop) e ex-integrantes do Movimento Nacionalista Revolucion\u00e1rio (MNR).<\/p>\n\n\n\n<p class=\"wp-block-paragraph\">Ulrich n\u00e3o era comunista, mas assim se assumiu para tentar se livrar da brutalidade que golpeava sua mente e seu corpo. Estrat\u00e9gia de sobreviv\u00eancia. &#8220;Claro que eu disse que eu era comunista. Apanhei muito por dizer que n\u00e3o era comunista. Depois apanhei por dizer que era. Disse isso para poder me livrar do pau-de-arara&#8221;, explica ele, que, nesse contexto de acusa\u00e7\u00f5es falsas, processou, h\u00e1 oito anos, o Estado, a quem responsabilizou por danos morais, sendo um dos \u00fanicos ex-presos pol\u00edticos que ganharam o processo na Justi\u00e7a.&nbsp;<\/p>\n\n\n\n<h2 class=\"wp-block-heading\">Pesquisa<\/h2>\n\n\n\n<p class=\"wp-block-paragraph\">O ex-preso pol\u00edtico n\u00e3o pisava no DOI-Codi h\u00e1 anos, mas resolveu retornar ao local&nbsp;quando soube do projeto dos pesquisadores, finalmente colocado em pr\u00e1tica ap\u00f3s obterem financiamento&nbsp;da Unicamp e do Conselho Nacional de Desenvolvimento Cient\u00edfico e Tecnol\u00f3gico (CNPq). Em\u00edlio Ivo Ulrich \u00e9 uma das v\u00edtimas da mais recente ditadura militar do Brasil e pretende colaborar com a iniciativa a partir de sua mem\u00f3ria, j\u00e1 que os pesquisadores dependem das lembran\u00e7as de quem ficou detido no DOI-Codi para conferir sentido aos objetos e vest\u00edgios que encontraram na primeira etapa do projeto.<\/p>\n\n\n\n<p class=\"wp-block-paragraph\">O projeto tem, entre diversos objetivos, preservar a mem\u00f3ria do espa\u00e7o do DOI-Codi&nbsp;como registro da hist\u00f3ria e alerta para o futuro. Como ressalta a coordenadora do Grupo de Trabalho Memorial Doi-Codi, Deborah Neves, n\u00e3o se tornava alvo de persegui\u00e7\u00e3o somente quem estava na luta armada,&nbsp;&#8220;mas qualquer pessoa que contestasse as arbitrariedades de quem estava no poder&#8221;, observa.<\/p>\n\n\n\n<h2 class=\"wp-block-heading\">Mulheres v\u00edtimas<\/h2>\n\n\n\n<p class=\"wp-block-paragraph\">Ulrich conta que, na \u00e9poca em que foi pego, dividia sua casa com outros dois jovens e que os militares, al\u00e9m de o terem levado embora, saquearam a resid\u00eancia. Segundo ele, esse era um h\u00e1bito dos agressores, o de roubar todos os pertences das v\u00edtimas, assim como era costume que empres\u00e1rios da capital paulista presenteassem os militares com dinheiro, que o usavam em festas nas quais comemoravam o assassinato de advers\u00e1rios. Seus dois amigos tamb\u00e9m foram presos, pelo simples fato de morarem com ele. Os tr\u00eas&nbsp;mant\u00eam contato at\u00e9 hoje.<\/p>\n\n\n\n<p class=\"wp-block-paragraph\">O ex-preso relata&nbsp;ainda&nbsp;que&nbsp;na principal unidade de torturas da capital paulista&nbsp;as mulheres eram v\u00edtimas duas vezes. Primeiro, por serem submetidas a torturas, e, em segundo lugar, por serem, em muitos casos, tamb\u00e9m estupradas pelos militares, algo que os registros sobre esse tempo no Brasil documentam amplamente.<\/p>\n\n\n\n<p class=\"wp-block-paragraph\">No caso do DOI-Codi, por\u00e9m, havia uma particularidade que transformava a experi\u00eancia em algo ainda mais macabro: o fato de que a esposa de Ustra, Maria Jose\u00edta Silva Brilhante Ustra, conversava com as presas pol\u00edticas, argumentando que deveriam ter tido uma postura diferente, que se aproximasse mais do que ela acreditava ser o papel das mulheres no mundo. Esse fato, que eleva o n\u00edvel de crueldade desse fragmento da ditadura, foi comentado pelos pesquisadores que conduzem o estudo de arqueologia no local, em coletiva de imprensa realizada nesta segunda-feira (14).<\/p>\n\n\n\n<h2 class=\"wp-block-heading\">Grupo de apoio<\/h2>\n\n\n\n<p class=\"wp-block-paragraph\">A principal coisa que ajudou Ulrich a desfazer o n\u00f3 que o impedia de falar sobre os epis\u00f3dios que experimentou na ditadura foi a participa\u00e7\u00e3o em um grupo de apoio a v\u00edtimas desse per\u00edodo. Ele se refere \u00e0s&nbsp;<a href=\"https:\/\/www.gov.br\/mj\/pt-br\/central-de-conteudo_legado1\/anistia\/anexos\/livro-clinicas-do-testemunho.pdf\" target=\"_blank\" rel=\"noreferrer noopener\">Cl\u00ednicas do Testemunho<\/a>, viabilizadas pelo governo Dilma Rousseff, ex-presidenta da Rep\u00fablica que tamb\u00e9m foi presa e torturada durante a ditadura militar. &#8220;Me ajudou muito a falar sobre o assunto, porque eu n\u00e3o falava sobre isso, eu s\u00f3 chorava&#8221;, conta Ulrich, que deve lan\u00e7ar, no pr\u00f3ximo m\u00eas, um livro que recupera detalhes de sua trajet\u00f3ria tem como&nbsp;t\u00edtulo&nbsp;<em>Tortura sem Fim<\/em>.<\/p>\n\n\n\n<p class=\"wp-block-paragraph\">&#8220;Claro que o sofrimento era muito maior naquela \u00e9poca, depois que eu sa\u00ed. Acontece que eu sempre disse, na minha vida, que a pris\u00e3o passa. Agora, a tortura n\u00e3o acaba nunca&#8221;.<\/p>\n\n\n\n<p class=\"wp-block-paragraph\">Ulrich tamb\u00e9m escreve poemas. Um deles se chama&nbsp;Elogio de pra\u00e7a&nbsp;e foi escrito em dezembro de 1970:<\/p>\n\n\n\n<p class=\"wp-block-paragraph\">Hoje est\u00e1 chovendo.<\/p>\n\n\n\n<p class=\"wp-block-paragraph\">O tempo em S\u00e3o Paulo continua ruim.<\/p>\n\n\n\n<p class=\"wp-block-paragraph\">O Major Ustra n\u00e3o olha para os lados.<\/p>\n\n\n\n<p class=\"wp-block-paragraph\">Vai em frente.<\/p>\n\n\n\n<p class=\"wp-block-paragraph\">Atravessa o p\u00e1tio do Doi-Codi na Rua Tutoia.<\/p>\n\n\n\n<p class=\"wp-block-paragraph\">Ereto, disciplinado e determinado.<\/p>\n\n\n\n<p class=\"wp-block-paragraph\">Sobe as escadas que o levam<\/p>\n\n\n\n<p class=\"wp-block-paragraph\">At\u00e9 as salas superiores do pr\u00e9dio,<\/p>\n\n\n\n<p class=\"wp-block-paragraph\">Onde vai torturar os prisioneiros pol\u00edticos<\/p>\n\n\n\n<p class=\"wp-block-paragraph\">Que est\u00e3o sendo seviciados.<\/p>\n\n\n\n<p class=\"wp-block-paragraph\">E o ex\u00e9rcito brasileiro<\/p>\n\n\n\n<p class=\"wp-block-paragraph\">N\u00e3o quer que existam falhas<\/p>\n\n\n\n<p class=\"wp-block-paragraph\">Na execu\u00e7\u00e3o do servi\u00e7o.<\/p>\n","protected":false},"excerpt":{"rendered":"<p>Por Letycia Bond &#8211; Ag\u00eancia Brasil Por muitos anos, Em\u00edlio Ivo Ulrich (foto de destaque) n\u00e3o conseguiu compartilhar em palavras a hediondez que viveu no Destacamento de Opera\u00e7\u00f5es de Informa\u00e7\u00e3o &#8211; Centro de Opera\u00e7\u00f5es de Defesa Interna (DOI-Codi), durante a ditadura iniciada com o golpe de Estado consolidado em 1964. Ele integrou a Vanguarda Popular [&hellip;]<\/p>\n","protected":false},"author":13,"featured_media":0,"comment_status":"open","ping_status":"open","sticky":false,"template":"","format":"standard","meta":{"_acf_changed":false,"footnotes":""},"categories":[19,21],"tags":[],"class_list":["post-73512","post","type-post","status-publish","format-standard","hentry","category-brasil-mundo","category-todas-noticias"],"acf":[],"yoast_head":"<!-- This site is optimized with the Yoast SEO plugin v24.4 - https:\/\/yoast.com\/wordpress\/plugins\/seo\/ -->\n<title>Ex-preso volta a DOI-Codi para fazer relatos do que viveu na ditadura - PORTAL DE NOT\u00cdCIAS CLEITON PINHEIRO<\/title>\n<meta name=\"robots\" content=\"index, follow, max-snippet:-1, max-image-preview:large, max-video-preview:-1\" \/>\n<link rel=\"canonical\" href=\"https:\/\/cleitonpinheiro.com.br\/site\/73512-2\/\" \/>\n<meta property=\"og:locale\" content=\"pt_BR\" \/>\n<meta property=\"og:type\" content=\"article\" \/>\n<meta property=\"og:title\" content=\"Ex-preso volta a DOI-Codi para fazer relatos do que viveu na ditadura - PORTAL DE NOT\u00cdCIAS CLEITON PINHEIRO\" \/>\n<meta property=\"og:description\" content=\"Por Letycia Bond &#8211; Ag\u00eancia Brasil Por muitos anos, Em\u00edlio Ivo Ulrich (foto de destaque) n\u00e3o conseguiu compartilhar em palavras a hediondez que viveu no Destacamento de Opera\u00e7\u00f5es de Informa\u00e7\u00e3o &#8211; Centro de Opera\u00e7\u00f5es de Defesa Interna (DOI-Codi), durante a ditadura iniciada com o golpe de Estado consolidado em 1964. Ele integrou a Vanguarda Popular [&hellip;]\" \/>\n<meta property=\"og:url\" content=\"https:\/\/cleitonpinheiro.com.br\/site\/73512-2\/\" \/>\n<meta property=\"og:site_name\" content=\"PORTAL DE NOT\u00cdCIAS CLEITON PINHEIRO\" \/>\n<meta property=\"article:publisher\" content=\"https:\/\/www.facebook.com\/portalcpnoticias\/\" \/>\n<meta property=\"article:published_time\" content=\"2023-08-16T14:44:36+00:00\" \/>\n<meta property=\"article:modified_time\" content=\"2023-12-27T14:40:35+00:00\" \/>\n<meta property=\"og:image\" content=\"https:\/\/cleitonpinheiro.com.br\/site\/wp-content\/uploads\/2023\/08\/img_4484.jpg\" \/>\n\t<meta property=\"og:image:width\" content=\"1170\" \/>\n\t<meta property=\"og:image:height\" content=\"700\" \/>\n\t<meta property=\"og:image:type\" content=\"image\/jpeg\" \/>\n<meta name=\"author\" content=\"Reda\u00e7\u00e3o CP\" \/>\n<meta name=\"twitter:card\" content=\"summary_large_image\" \/>\n<meta name=\"twitter:label1\" content=\"Escrito por\" \/>\n\t<meta name=\"twitter:data1\" content=\"Reda\u00e7\u00e3o CP\" \/>\n\t<meta name=\"twitter:label2\" content=\"Est. tempo de leitura\" \/>\n\t<meta name=\"twitter:data2\" content=\"6 minutos\" \/>\n<script type=\"application\/ld+json\" class=\"yoast-schema-graph\">{\"@context\":\"https:\/\/schema.org\",\"@graph\":[{\"@type\":\"Article\",\"@id\":\"https:\/\/cleitonpinheiro.com.br\/site\/73512-2\/#article\",\"isPartOf\":{\"@id\":\"https:\/\/cleitonpinheiro.com.br\/site\/73512-2\/\"},\"author\":{\"name\":\"Reda\u00e7\u00e3o CP\",\"@id\":\"https:\/\/cleitonpinheiro.com.br\/site\/#\/schema\/person\/8f04544e0bc40a1b68775b08360f87db\"},\"headline\":\"Ex-preso volta a DOI-Codi para fazer relatos do que viveu na ditadura\",\"datePublished\":\"2023-08-16T14:44:36+00:00\",\"dateModified\":\"2023-12-27T14:40:35+00:00\",\"mainEntityOfPage\":{\"@id\":\"https:\/\/cleitonpinheiro.com.br\/site\/73512-2\/\"},\"wordCount\":1097,\"commentCount\":0,\"publisher\":{\"@id\":\"https:\/\/cleitonpinheiro.com.br\/site\/#organization\"},\"image\":{\"@id\":\"https:\/\/cleitonpinheiro.com.br\/site\/73512-2\/#primaryimage\"},\"thumbnailUrl\":\"https:\/\/cleitonpinheiro.com.br\/site\/wp-content\/uploads\/2023\/08\/img_4484.jpg\",\"articleSection\":[\"BRASIL \/ MUNDO\",\"TODAS NOTICIAS\"],\"inLanguage\":\"pt-BR\",\"potentialAction\":[{\"@type\":\"CommentAction\",\"name\":\"Comment\",\"target\":[\"https:\/\/cleitonpinheiro.com.br\/site\/73512-2\/#respond\"]}]},{\"@type\":\"WebPage\",\"@id\":\"https:\/\/cleitonpinheiro.com.br\/site\/73512-2\/\",\"url\":\"https:\/\/cleitonpinheiro.com.br\/site\/73512-2\/\",\"name\":\"Ex-preso volta a DOI-Codi para fazer relatos do que viveu na ditadura - PORTAL DE NOT\u00cdCIAS CLEITON PINHEIRO\",\"isPartOf\":{\"@id\":\"https:\/\/cleitonpinheiro.com.br\/site\/#website\"},\"primaryImageOfPage\":{\"@id\":\"https:\/\/cleitonpinheiro.com.br\/site\/73512-2\/#primaryimage\"},\"image\":{\"@id\":\"https:\/\/cleitonpinheiro.com.br\/site\/73512-2\/#primaryimage\"},\"thumbnailUrl\":\"https:\/\/cleitonpinheiro.com.br\/site\/wp-content\/uploads\/2023\/08\/img_4484.jpg\",\"datePublished\":\"2023-08-16T14:44:36+00:00\",\"dateModified\":\"2023-12-27T14:40:35+00:00\",\"breadcrumb\":{\"@id\":\"https:\/\/cleitonpinheiro.com.br\/site\/73512-2\/#breadcrumb\"},\"inLanguage\":\"pt-BR\",\"potentialAction\":[{\"@type\":\"ReadAction\",\"target\":[\"https:\/\/cleitonpinheiro.com.br\/site\/73512-2\/\"]}]},{\"@type\":\"ImageObject\",\"inLanguage\":\"pt-BR\",\"@id\":\"https:\/\/cleitonpinheiro.com.br\/site\/73512-2\/#primaryimage\",\"url\":\"\",\"contentUrl\":\"\"},{\"@type\":\"BreadcrumbList\",\"@id\":\"https:\/\/cleitonpinheiro.com.br\/site\/73512-2\/#breadcrumb\",\"itemListElement\":[{\"@type\":\"ListItem\",\"position\":1,\"name\":\"In\u00edcio\",\"item\":\"https:\/\/cleitonpinheiro.com.br\/site\/\"},{\"@type\":\"ListItem\",\"position\":2,\"name\":\"Ex-preso volta a DOI-Codi para fazer relatos do que viveu na ditadura\"}]},{\"@type\":\"WebSite\",\"@id\":\"https:\/\/cleitonpinheiro.com.br\/site\/#website\",\"url\":\"https:\/\/cleitonpinheiro.com.br\/site\/\",\"name\":\"PORTAL DE NOT\u00cdCIAS CLEITON PINHEIRO\",\"description\":\"FALANDO A VERDADE\",\"publisher\":{\"@id\":\"https:\/\/cleitonpinheiro.com.br\/site\/#organization\"},\"potentialAction\":[{\"@type\":\"SearchAction\",\"target\":{\"@type\":\"EntryPoint\",\"urlTemplate\":\"https:\/\/cleitonpinheiro.com.br\/site\/?s={search_term_string}\"},\"query-input\":{\"@type\":\"PropertyValueSpecification\",\"valueRequired\":true,\"valueName\":\"search_term_string\"}}],\"inLanguage\":\"pt-BR\"},{\"@type\":\"Organization\",\"@id\":\"https:\/\/cleitonpinheiro.com.br\/site\/#organization\",\"name\":\"CPNOT\u00cdCIAS\",\"url\":\"https:\/\/cleitonpinheiro.com.br\/site\/\",\"logo\":{\"@type\":\"ImageObject\",\"inLanguage\":\"pt-BR\",\"@id\":\"https:\/\/cleitonpinheiro.com.br\/site\/#\/schema\/logo\/image\/\",\"url\":\"https:\/\/cleitonpinheiro.com.br\/site\/wp-content\/uploads\/2022\/08\/Logo-pequena-2.png\",\"contentUrl\":\"https:\/\/cleitonpinheiro.com.br\/site\/wp-content\/uploads\/2022\/08\/Logo-pequena-2.png\",\"width\":500,\"height\":500,\"caption\":\"CPNOT\u00cdCIAS\"},\"image\":{\"@id\":\"https:\/\/cleitonpinheiro.com.br\/site\/#\/schema\/logo\/image\/\"},\"sameAs\":[\"https:\/\/www.facebook.com\/portalcpnoticias\/\"]},{\"@type\":\"Person\",\"@id\":\"https:\/\/cleitonpinheiro.com.br\/site\/#\/schema\/person\/8f04544e0bc40a1b68775b08360f87db\",\"name\":\"Reda\u00e7\u00e3o CP\",\"image\":{\"@type\":\"ImageObject\",\"inLanguage\":\"pt-BR\",\"@id\":\"https:\/\/cleitonpinheiro.com.br\/site\/#\/schema\/person\/image\/\",\"url\":\"https:\/\/secure.gravatar.com\/avatar\/0bcf19cb29fdc8fc588c490c7ae1b3e174dac268586a63fbe1d1893a0f9020cd?s=96&r=g\",\"contentUrl\":\"https:\/\/secure.gravatar.com\/avatar\/0bcf19cb29fdc8fc588c490c7ae1b3e174dac268586a63fbe1d1893a0f9020cd?s=96&r=g\",\"caption\":\"Reda\u00e7\u00e3o CP\"},\"url\":\"https:\/\/cleitonpinheiro.com.br\/site\/author\/redacao\/\"}]}<\/script>\n<!-- \/ Yoast SEO plugin. -->","yoast_head_json":{"title":"Ex-preso volta a DOI-Codi para fazer relatos do que viveu na ditadura - PORTAL DE NOT\u00cdCIAS CLEITON PINHEIRO","robots":{"index":"index","follow":"follow","max-snippet":"max-snippet:-1","max-image-preview":"max-image-preview:large","max-video-preview":"max-video-preview:-1"},"canonical":"https:\/\/cleitonpinheiro.com.br\/site\/73512-2\/","og_locale":"pt_BR","og_type":"article","og_title":"Ex-preso volta a DOI-Codi para fazer relatos do que viveu na ditadura - PORTAL DE NOT\u00cdCIAS CLEITON PINHEIRO","og_description":"Por Letycia Bond &#8211; Ag\u00eancia Brasil Por muitos anos, Em\u00edlio Ivo Ulrich (foto de destaque) n\u00e3o conseguiu compartilhar em palavras a hediondez que viveu no Destacamento de Opera\u00e7\u00f5es de Informa\u00e7\u00e3o &#8211; Centro de Opera\u00e7\u00f5es de Defesa Interna (DOI-Codi), durante a ditadura iniciada com o golpe de Estado consolidado em 1964. Ele integrou a Vanguarda Popular [&hellip;]","og_url":"https:\/\/cleitonpinheiro.com.br\/site\/73512-2\/","og_site_name":"PORTAL DE NOT\u00cdCIAS CLEITON PINHEIRO","article_publisher":"https:\/\/www.facebook.com\/portalcpnoticias\/","article_published_time":"2023-08-16T14:44:36+00:00","article_modified_time":"2023-12-27T14:40:35+00:00","og_image":[{"width":1170,"height":700,"url":"https:\/\/cleitonpinheiro.com.br\/site\/wp-content\/uploads\/2023\/08\/img_4484.jpg","type":"image\/jpeg"}],"author":"Reda\u00e7\u00e3o CP","twitter_card":"summary_large_image","twitter_misc":{"Escrito por":"Reda\u00e7\u00e3o CP","Est. tempo de leitura":"6 minutos"},"schema":{"@context":"https:\/\/schema.org","@graph":[{"@type":"Article","@id":"https:\/\/cleitonpinheiro.com.br\/site\/73512-2\/#article","isPartOf":{"@id":"https:\/\/cleitonpinheiro.com.br\/site\/73512-2\/"},"author":{"name":"Reda\u00e7\u00e3o CP","@id":"https:\/\/cleitonpinheiro.com.br\/site\/#\/schema\/person\/8f04544e0bc40a1b68775b08360f87db"},"headline":"Ex-preso volta a DOI-Codi para fazer relatos do que viveu na ditadura","datePublished":"2023-08-16T14:44:36+00:00","dateModified":"2023-12-27T14:40:35+00:00","mainEntityOfPage":{"@id":"https:\/\/cleitonpinheiro.com.br\/site\/73512-2\/"},"wordCount":1097,"commentCount":0,"publisher":{"@id":"https:\/\/cleitonpinheiro.com.br\/site\/#organization"},"image":{"@id":"https:\/\/cleitonpinheiro.com.br\/site\/73512-2\/#primaryimage"},"thumbnailUrl":"https:\/\/cleitonpinheiro.com.br\/site\/wp-content\/uploads\/2023\/08\/img_4484.jpg","articleSection":["BRASIL \/ MUNDO","TODAS NOTICIAS"],"inLanguage":"pt-BR","potentialAction":[{"@type":"CommentAction","name":"Comment","target":["https:\/\/cleitonpinheiro.com.br\/site\/73512-2\/#respond"]}]},{"@type":"WebPage","@id":"https:\/\/cleitonpinheiro.com.br\/site\/73512-2\/","url":"https:\/\/cleitonpinheiro.com.br\/site\/73512-2\/","name":"Ex-preso volta a DOI-Codi para fazer relatos do que viveu na ditadura - PORTAL DE NOT\u00cdCIAS CLEITON PINHEIRO","isPartOf":{"@id":"https:\/\/cleitonpinheiro.com.br\/site\/#website"},"primaryImageOfPage":{"@id":"https:\/\/cleitonpinheiro.com.br\/site\/73512-2\/#primaryimage"},"image":{"@id":"https:\/\/cleitonpinheiro.com.br\/site\/73512-2\/#primaryimage"},"thumbnailUrl":"https:\/\/cleitonpinheiro.com.br\/site\/wp-content\/uploads\/2023\/08\/img_4484.jpg","datePublished":"2023-08-16T14:44:36+00:00","dateModified":"2023-12-27T14:40:35+00:00","breadcrumb":{"@id":"https:\/\/cleitonpinheiro.com.br\/site\/73512-2\/#breadcrumb"},"inLanguage":"pt-BR","potentialAction":[{"@type":"ReadAction","target":["https:\/\/cleitonpinheiro.com.br\/site\/73512-2\/"]}]},{"@type":"ImageObject","inLanguage":"pt-BR","@id":"https:\/\/cleitonpinheiro.com.br\/site\/73512-2\/#primaryimage","url":"","contentUrl":""},{"@type":"BreadcrumbList","@id":"https:\/\/cleitonpinheiro.com.br\/site\/73512-2\/#breadcrumb","itemListElement":[{"@type":"ListItem","position":1,"name":"In\u00edcio","item":"https:\/\/cleitonpinheiro.com.br\/site\/"},{"@type":"ListItem","position":2,"name":"Ex-preso volta a DOI-Codi para fazer relatos do que viveu na ditadura"}]},{"@type":"WebSite","@id":"https:\/\/cleitonpinheiro.com.br\/site\/#website","url":"https:\/\/cleitonpinheiro.com.br\/site\/","name":"PORTAL DE NOT\u00cdCIAS CLEITON PINHEIRO","description":"FALANDO A VERDADE","publisher":{"@id":"https:\/\/cleitonpinheiro.com.br\/site\/#organization"},"potentialAction":[{"@type":"SearchAction","target":{"@type":"EntryPoint","urlTemplate":"https:\/\/cleitonpinheiro.com.br\/site\/?s={search_term_string}"},"query-input":{"@type":"PropertyValueSpecification","valueRequired":true,"valueName":"search_term_string"}}],"inLanguage":"pt-BR"},{"@type":"Organization","@id":"https:\/\/cleitonpinheiro.com.br\/site\/#organization","name":"CPNOT\u00cdCIAS","url":"https:\/\/cleitonpinheiro.com.br\/site\/","logo":{"@type":"ImageObject","inLanguage":"pt-BR","@id":"https:\/\/cleitonpinheiro.com.br\/site\/#\/schema\/logo\/image\/","url":"https:\/\/cleitonpinheiro.com.br\/site\/wp-content\/uploads\/2022\/08\/Logo-pequena-2.png","contentUrl":"https:\/\/cleitonpinheiro.com.br\/site\/wp-content\/uploads\/2022\/08\/Logo-pequena-2.png","width":500,"height":500,"caption":"CPNOT\u00cdCIAS"},"image":{"@id":"https:\/\/cleitonpinheiro.com.br\/site\/#\/schema\/logo\/image\/"},"sameAs":["https:\/\/www.facebook.com\/portalcpnoticias\/"]},{"@type":"Person","@id":"https:\/\/cleitonpinheiro.com.br\/site\/#\/schema\/person\/8f04544e0bc40a1b68775b08360f87db","name":"Reda\u00e7\u00e3o CP","image":{"@type":"ImageObject","inLanguage":"pt-BR","@id":"https:\/\/cleitonpinheiro.com.br\/site\/#\/schema\/person\/image\/","url":"https:\/\/secure.gravatar.com\/avatar\/0bcf19cb29fdc8fc588c490c7ae1b3e174dac268586a63fbe1d1893a0f9020cd?s=96&r=g","contentUrl":"https:\/\/secure.gravatar.com\/avatar\/0bcf19cb29fdc8fc588c490c7ae1b3e174dac268586a63fbe1d1893a0f9020cd?s=96&r=g","caption":"Reda\u00e7\u00e3o CP"},"url":"https:\/\/cleitonpinheiro.com.br\/site\/author\/redacao\/"}]}},"views":96,"_links":{"self":[{"href":"https:\/\/cleitonpinheiro.com.br\/site\/wp-json\/wp\/v2\/posts\/73512","targetHints":{"allow":["GET"]}}],"collection":[{"href":"https:\/\/cleitonpinheiro.com.br\/site\/wp-json\/wp\/v2\/posts"}],"about":[{"href":"https:\/\/cleitonpinheiro.com.br\/site\/wp-json\/wp\/v2\/types\/post"}],"author":[{"embeddable":true,"href":"https:\/\/cleitonpinheiro.com.br\/site\/wp-json\/wp\/v2\/users\/13"}],"replies":[{"embeddable":true,"href":"https:\/\/cleitonpinheiro.com.br\/site\/wp-json\/wp\/v2\/comments?post=73512"}],"version-history":[{"count":2,"href":"https:\/\/cleitonpinheiro.com.br\/site\/wp-json\/wp\/v2\/posts\/73512\/revisions"}],"predecessor-version":[{"id":73515,"href":"https:\/\/cleitonpinheiro.com.br\/site\/wp-json\/wp\/v2\/posts\/73512\/revisions\/73515"}],"wp:attachment":[{"href":"https:\/\/cleitonpinheiro.com.br\/site\/wp-json\/wp\/v2\/media?parent=73512"}],"wp:term":[{"taxonomy":"category","embeddable":true,"href":"https:\/\/cleitonpinheiro.com.br\/site\/wp-json\/wp\/v2\/categories?post=73512"},{"taxonomy":"post_tag","embeddable":true,"href":"https:\/\/cleitonpinheiro.com.br\/site\/wp-json\/wp\/v2\/tags?post=73512"}],"curies":[{"name":"wp","href":"https:\/\/api.w.org\/{rel}","templated":true}]}}