{"id":73524,"date":"2023-08-17T09:25:15","date_gmt":"2023-08-17T12:25:15","guid":{"rendered":"https:\/\/cleitonpinheiro.com.br\/site\/?p=73524"},"modified":"2023-12-27T11:40:19","modified_gmt":"2023-12-27T14:40:19","slug":"cursos-populares-para-concurso-publico-podem-despertar-para-politica","status":"publish","type":"post","link":"https:\/\/cleitonpinheiro.com.br\/site\/cursos-populares-para-concurso-publico-podem-despertar-para-politica\/","title":{"rendered":"Cursos populares para concurso p\u00fablico podem despertar para pol\u00edtica"},"content":{"rendered":"\n<figure class=\"wp-block-image size-full\"><img decoding=\"async\" src=\"https:\/\/cleitonpinheiro.com.br\/site\/wp-content\/uploads\/2023\/08\/sala_de_aula.jpg\" alt=\"\" class=\"wp-image-73525\"\/><figcaption class=\"wp-element-caption\">Est\u00e3o sendo cumpridos dez mandados de pris\u00e3o preventiva &#8211; Foto: Ag\u00eancia Brasil<\/figcaption><\/figure>\n\n\n\n<p class=\"wp-block-paragraph\"><strong>Por Letycia Bond &#8211; Ag\u00eancia Brasil<\/strong><\/p>\n\n\n\n<p class=\"wp-block-paragraph\">Com a retomada da aposta do governo federal no funcionalismo p\u00fablico, houve melhora no \u00e2nimo dos concurseiros, termo cunhado para designar quem persegue o sonho de se tornar servidor p\u00fablico. Nos \u00faltimos meses, foram anunciadas diversas oportunidades, o que faz com que as pessoas que desejam a aprova\u00e7\u00e3o comecem a planejar os estudos ou reforcem a memoriza\u00e7\u00e3o dos conte\u00fados que precisam ter na ponta da l\u00edngua.<img decoding=\"async\" src=\"https:\/\/agenciabrasil.ebc.com.br\/ebc.png?id=1549533&amp;o=node\"><img decoding=\"async\" src=\"https:\/\/agenciabrasil.ebc.com.br\/ebc.gif?id=1549533&amp;o=node\"><\/p>\n\n\n\n<p class=\"wp-block-paragraph\">Dar conta de conte\u00fado e ter controle sobre as emo\u00e7\u00f5es significam um caminho que parte dos concurseiros prefere encarar na companhia de outras pessoas que passam pela mesma etapa e compreendem as press\u00f5es que vivenciam.<\/p>\n\n\n\n<p class=\"wp-block-paragraph\">Em alguns casos, quando se entende que se est\u00e1 em desvantagem quanto aos demais candidatos e n\u00e3o se tem condi\u00e7\u00f5es de pagar um cursinho preparat\u00f3rio, o jeito \u00e9 procurar um cursinho popular. E, embora o prop\u00f3sito seja absorver conte\u00fados, a experi\u00eancia pode ir al\u00e9m e adentrar o campo da pol\u00edtica.<\/p>\n\n\n\n<p class=\"wp-block-paragraph\">O cursinho popular Ivone Lara, em Itaquera, em S\u00e3o Paulo, \u00e9 pensado para atender candidatas que prestam concurso nas \u00e1reas de servi\u00e7o social e psicologia. &nbsp;Alline Evelyn Santos, que integra o grupo de professores, d\u00e1 aulas l\u00e1 e comenta que migrou para o cursinho voltado a concursos depois de lecionar em outro, que tinha como alunos pessoas que se preparavam para o Exame Nacional do Ensino M\u00e9dio (Enem). &#8220;N\u00f3s vamos receber tamb\u00e9m pessoas da Pedagogia nesse segundo semestre&#8221;, ressalta Alline.<\/p>\n\n\n\n<h2 class=\"wp-block-heading\">Rotina de estudos<\/h2>\n\n\n\n<p class=\"wp-block-paragraph\">Em geral, os concurseiros adotam uma rotina de horas de estudo, virando at\u00e9 a madrugada lendo livros, apostilas, anota\u00e7\u00f5es e esquemas de memoriza\u00e7\u00e3o. H\u00e1 quem abandone o emprego para se dedicar exclusivamente aos estudos.<\/p>\n\n\n\n<p class=\"wp-block-paragraph\">Embora existam concursos que exijam mais, como o do Instituto Rio Branco, de ingresso na carreira diplom\u00e1tica do Minist\u00e9rio das Rela\u00e7\u00f5es Exteriores, &nbsp;decorar e assimilar conte\u00fado \u00e9 um desafio. Para muitas pessoas, uma prova pode ser a \u00fanica chance que tem em um bom tempo para progredir na vida e envolve, muitas vezes, at\u00e9 viagem ao local do teste, j\u00e1 que se mora em outra localidade, o que indica todo um planejamento, inclusive com gastos.<\/p>\n\n\n\n<p class=\"wp-block-paragraph\">Aluna do Ivone Lara, a assistente social Raquel Fernandes mora no Itaim Paulista, na zona leste da capital paulista, e se formou em 2016. Atualmente, trabalha em sua \u00e1rea, em uma institui\u00e7\u00e3o que tem conv\u00eanio com a prefeitura municipal. Ela entrou no cursinho h\u00e1 um ano e meio por indica\u00e7\u00e3o de um amigo.<\/p>\n\n\n\n<p class=\"wp-block-paragraph\">Duas vezes por semana, ela vai \u00e0s aulas no cursinho. Um dos dias \u00e9 reservado para aulas de matem\u00e1tica e l\u00edngua portuguesa e o outro para conhecimentos espec\u00edficos de sua \u00e1rea de atua\u00e7\u00e3o. &#8220;Eventualmente, o cursinho tamb\u00e9m tem os ciclos formativos, que s\u00e3o aulas abertas para a popula\u00e7\u00e3o que queira participar. S\u00e3o temas tamb\u00e9m voltados \u00e0 \u00e1rea de servi\u00e7o social, que s\u00e3o tamb\u00e9m importantes para a gente debater enquanto coletivo, sociedade&#8221;, ressalta.<\/p>\n\n\n\n<p class=\"wp-block-paragraph\">Devido \u00e0 carga de trabalho de seu expediente, Raquel busca se organizar e conciliar a vida pessoal e profissional com os estudos para concurso. Por isso, tenta guardar, no m\u00ednimo, tr\u00eas horas semanais para colocar o conte\u00fado em dia, pelas manh\u00e3s ou nos fins de semana, quando tamb\u00e9m descansa do trabalho.<\/p>\n\n\n\n<p class=\"wp-block-paragraph\">&#8220;Entrei no cursinho com o pensamento de que eu iria s\u00f3 estudar para concurso p\u00fablico. Hoje tenho uma outra vis\u00e3o do que ele \u00e9. L\u00e1, al\u00e9m da forma\u00e7\u00e3o continuada, a gente tem a troca de conhecimentos, tenta levar \u00e0 popula\u00e7\u00e3o temas importantes, como o combate ao racismo, o combate \u00e0 LGBTQIfobia. A gente busca ocupar espa\u00e7os para levar o nome do nosso cursinho e o que a gente realiza l\u00e1&#8221;, afirma. &#8220;Toda a constru\u00e7\u00e3o [do cursinho] \u00e9 feita no coletivo&#8221;, finaliza.<\/p>\n","protected":false},"excerpt":{"rendered":"<p>Com a retomada da aposta do governo federal no funcionalismo p\u00fablico, houve melhora no \u00e2nimo dos concurseiros, termo cunhado para designar quem persegue o sonho de se tornar servidor p\u00fablico. Nos \u00faltimos meses, foram anunciadas diversas oportunidades, o que faz com que as pessoas que desejam a aprova\u00e7\u00e3o comecem a planejar os estudos ou reforcem a memoriza\u00e7\u00e3o dos conte\u00fados que precisam ter na ponta da l\u00edngua.<\/p>\n","protected":false},"author":13,"featured_media":0,"comment_status":"open","ping_status":"open","sticky":false,"template":"","format":"standard","meta":{"_acf_changed":false,"footnotes":""},"categories":[25,21],"tags":[],"class_list":["post-73524","post","type-post","status-publish","format-standard","hentry","category-funcionalismo","category-todas-noticias"],"acf":[],"yoast_head":"<!-- This site is optimized with the Yoast SEO plugin v24.4 - https:\/\/yoast.com\/wordpress\/plugins\/seo\/ -->\n<title>Cursos populares para concurso p\u00fablico podem despertar para pol\u00edtica - PORTAL DE NOT\u00cdCIAS CLEITON PINHEIRO<\/title>\n<meta name=\"robots\" content=\"index, follow, max-snippet:-1, max-image-preview:large, max-video-preview:-1\" \/>\n<link rel=\"canonical\" href=\"https:\/\/cleitonpinheiro.com.br\/site\/cursos-populares-para-concurso-publico-podem-despertar-para-politica\/\" \/>\n<meta property=\"og:locale\" content=\"pt_BR\" \/>\n<meta property=\"og:type\" content=\"article\" \/>\n<meta property=\"og:title\" content=\"Cursos populares para concurso p\u00fablico podem despertar para pol\u00edtica - PORTAL DE NOT\u00cdCIAS CLEITON PINHEIRO\" \/>\n<meta property=\"og:description\" content=\"Com a retomada da aposta do governo federal no funcionalismo p\u00fablico, houve melhora no \u00e2nimo dos concurseiros, termo cunhado para designar quem persegue o sonho de se tornar servidor p\u00fablico. Nos \u00faltimos meses, foram anunciadas diversas oportunidades, o que faz com que as pessoas que desejam a aprova\u00e7\u00e3o comecem a planejar os estudos ou reforcem a memoriza\u00e7\u00e3o dos conte\u00fados que precisam ter na ponta da l\u00edngua.\" \/>\n<meta property=\"og:url\" content=\"https:\/\/cleitonpinheiro.com.br\/site\/cursos-populares-para-concurso-publico-podem-despertar-para-politica\/\" \/>\n<meta property=\"og:site_name\" content=\"PORTAL DE NOT\u00cdCIAS CLEITON PINHEIRO\" \/>\n<meta property=\"article:publisher\" content=\"https:\/\/www.facebook.com\/portalcpnoticias\/\" \/>\n<meta property=\"article:published_time\" content=\"2023-08-17T12:25:15+00:00\" \/>\n<meta property=\"article:modified_time\" content=\"2023-12-27T14:40:19+00:00\" \/>\n<meta property=\"og:image\" content=\"https:\/\/cleitonpinheiro.com.br\/site\/wp-content\/uploads\/2023\/08\/sala_de_aula.jpg\" \/>\n\t<meta property=\"og:image:width\" content=\"1170\" \/>\n\t<meta property=\"og:image:height\" content=\"700\" \/>\n\t<meta property=\"og:image:type\" content=\"image\/jpeg\" \/>\n<meta name=\"author\" content=\"Reda\u00e7\u00e3o CP\" \/>\n<meta name=\"twitter:card\" content=\"summary_large_image\" \/>\n<meta name=\"twitter:label1\" content=\"Escrito por\" \/>\n\t<meta name=\"twitter:data1\" content=\"Reda\u00e7\u00e3o CP\" \/>\n\t<meta name=\"twitter:label2\" content=\"Est. tempo de leitura\" \/>\n\t<meta name=\"twitter:data2\" content=\"5 minutos\" \/>\n<script type=\"application\/ld+json\" class=\"yoast-schema-graph\">{\"@context\":\"https:\/\/schema.org\",\"@graph\":[{\"@type\":\"Article\",\"@id\":\"https:\/\/cleitonpinheiro.com.br\/site\/cursos-populares-para-concurso-publico-podem-despertar-para-politica\/#article\",\"isPartOf\":{\"@id\":\"https:\/\/cleitonpinheiro.com.br\/site\/cursos-populares-para-concurso-publico-podem-despertar-para-politica\/\"},\"author\":{\"name\":\"Reda\u00e7\u00e3o CP\",\"@id\":\"https:\/\/cleitonpinheiro.com.br\/site\/#\/schema\/person\/8f04544e0bc40a1b68775b08360f87db\"},\"headline\":\"Cursos populares para concurso p\u00fablico podem despertar para pol\u00edtica\",\"datePublished\":\"2023-08-17T12:25:15+00:00\",\"dateModified\":\"2023-12-27T14:40:19+00:00\",\"mainEntityOfPage\":{\"@id\":\"https:\/\/cleitonpinheiro.com.br\/site\/cursos-populares-para-concurso-publico-podem-despertar-para-politica\/\"},\"wordCount\":679,\"commentCount\":0,\"publisher\":{\"@id\":\"https:\/\/cleitonpinheiro.com.br\/site\/#organization\"},\"image\":{\"@id\":\"https:\/\/cleitonpinheiro.com.br\/site\/cursos-populares-para-concurso-publico-podem-despertar-para-politica\/#primaryimage\"},\"thumbnailUrl\":\"https:\/\/cleitonpinheiro.com.br\/site\/wp-content\/uploads\/2023\/08\/sala_de_aula.jpg\",\"articleSection\":[\"FUNCIONALISMO\",\"TODAS NOTICIAS\"],\"inLanguage\":\"pt-BR\",\"potentialAction\":[{\"@type\":\"CommentAction\",\"name\":\"Comment\",\"target\":[\"https:\/\/cleitonpinheiro.com.br\/site\/cursos-populares-para-concurso-publico-podem-despertar-para-politica\/#respond\"]}]},{\"@type\":\"WebPage\",\"@id\":\"https:\/\/cleitonpinheiro.com.br\/site\/cursos-populares-para-concurso-publico-podem-despertar-para-politica\/\",\"url\":\"https:\/\/cleitonpinheiro.com.br\/site\/cursos-populares-para-concurso-publico-podem-despertar-para-politica\/\",\"name\":\"Cursos populares para concurso p\u00fablico podem despertar para pol\u00edtica - PORTAL DE NOT\u00cdCIAS CLEITON PINHEIRO\",\"isPartOf\":{\"@id\":\"https:\/\/cleitonpinheiro.com.br\/site\/#website\"},\"primaryImageOfPage\":{\"@id\":\"https:\/\/cleitonpinheiro.com.br\/site\/cursos-populares-para-concurso-publico-podem-despertar-para-politica\/#primaryimage\"},\"image\":{\"@id\":\"https:\/\/cleitonpinheiro.com.br\/site\/cursos-populares-para-concurso-publico-podem-despertar-para-politica\/#primaryimage\"},\"thumbnailUrl\":\"https:\/\/cleitonpinheiro.com.br\/site\/wp-content\/uploads\/2023\/08\/sala_de_aula.jpg\",\"datePublished\":\"2023-08-17T12:25:15+00:00\",\"dateModified\":\"2023-12-27T14:40:19+00:00\",\"breadcrumb\":{\"@id\":\"https:\/\/cleitonpinheiro.com.br\/site\/cursos-populares-para-concurso-publico-podem-despertar-para-politica\/#breadcrumb\"},\"inLanguage\":\"pt-BR\",\"potentialAction\":[{\"@type\":\"ReadAction\",\"target\":[\"https:\/\/cleitonpinheiro.com.br\/site\/cursos-populares-para-concurso-publico-podem-despertar-para-politica\/\"]}]},{\"@type\":\"ImageObject\",\"inLanguage\":\"pt-BR\",\"@id\":\"https:\/\/cleitonpinheiro.com.br\/site\/cursos-populares-para-concurso-publico-podem-despertar-para-politica\/#primaryimage\",\"url\":\"\",\"contentUrl\":\"\"},{\"@type\":\"BreadcrumbList\",\"@id\":\"https:\/\/cleitonpinheiro.com.br\/site\/cursos-populares-para-concurso-publico-podem-despertar-para-politica\/#breadcrumb\",\"itemListElement\":[{\"@type\":\"ListItem\",\"position\":1,\"name\":\"In\u00edcio\",\"item\":\"https:\/\/cleitonpinheiro.com.br\/site\/\"},{\"@type\":\"ListItem\",\"position\":2,\"name\":\"Cursos populares para concurso p\u00fablico podem despertar para pol\u00edtica\"}]},{\"@type\":\"WebSite\",\"@id\":\"https:\/\/cleitonpinheiro.com.br\/site\/#website\",\"url\":\"https:\/\/cleitonpinheiro.com.br\/site\/\",\"name\":\"PORTAL DE NOT\u00cdCIAS CLEITON PINHEIRO\",\"description\":\"FALANDO A VERDADE\",\"publisher\":{\"@id\":\"https:\/\/cleitonpinheiro.com.br\/site\/#organization\"},\"potentialAction\":[{\"@type\":\"SearchAction\",\"target\":{\"@type\":\"EntryPoint\",\"urlTemplate\":\"https:\/\/cleitonpinheiro.com.br\/site\/?s={search_term_string}\"},\"query-input\":{\"@type\":\"PropertyValueSpecification\",\"valueRequired\":true,\"valueName\":\"search_term_string\"}}],\"inLanguage\":\"pt-BR\"},{\"@type\":\"Organization\",\"@id\":\"https:\/\/cleitonpinheiro.com.br\/site\/#organization\",\"name\":\"CPNOT\u00cdCIAS\",\"url\":\"https:\/\/cleitonpinheiro.com.br\/site\/\",\"logo\":{\"@type\":\"ImageObject\",\"inLanguage\":\"pt-BR\",\"@id\":\"https:\/\/cleitonpinheiro.com.br\/site\/#\/schema\/logo\/image\/\",\"url\":\"https:\/\/cleitonpinheiro.com.br\/site\/wp-content\/uploads\/2022\/08\/Logo-pequena-2.png\",\"contentUrl\":\"https:\/\/cleitonpinheiro.com.br\/site\/wp-content\/uploads\/2022\/08\/Logo-pequena-2.png\",\"width\":500,\"height\":500,\"caption\":\"CPNOT\u00cdCIAS\"},\"image\":{\"@id\":\"https:\/\/cleitonpinheiro.com.br\/site\/#\/schema\/logo\/image\/\"},\"sameAs\":[\"https:\/\/www.facebook.com\/portalcpnoticias\/\"]},{\"@type\":\"Person\",\"@id\":\"https:\/\/cleitonpinheiro.com.br\/site\/#\/schema\/person\/8f04544e0bc40a1b68775b08360f87db\",\"name\":\"Reda\u00e7\u00e3o CP\",\"image\":{\"@type\":\"ImageObject\",\"inLanguage\":\"pt-BR\",\"@id\":\"https:\/\/cleitonpinheiro.com.br\/site\/#\/schema\/person\/image\/\",\"url\":\"https:\/\/secure.gravatar.com\/avatar\/0bcf19cb29fdc8fc588c490c7ae1b3e174dac268586a63fbe1d1893a0f9020cd?s=96&r=g\",\"contentUrl\":\"https:\/\/secure.gravatar.com\/avatar\/0bcf19cb29fdc8fc588c490c7ae1b3e174dac268586a63fbe1d1893a0f9020cd?s=96&r=g\",\"caption\":\"Reda\u00e7\u00e3o CP\"},\"url\":\"https:\/\/cleitonpinheiro.com.br\/site\/author\/redacao\/\"}]}<\/script>\n<!-- \/ Yoast SEO plugin. -->","yoast_head_json":{"title":"Cursos populares para concurso p\u00fablico podem despertar para pol\u00edtica - PORTAL DE NOT\u00cdCIAS CLEITON PINHEIRO","robots":{"index":"index","follow":"follow","max-snippet":"max-snippet:-1","max-image-preview":"max-image-preview:large","max-video-preview":"max-video-preview:-1"},"canonical":"https:\/\/cleitonpinheiro.com.br\/site\/cursos-populares-para-concurso-publico-podem-despertar-para-politica\/","og_locale":"pt_BR","og_type":"article","og_title":"Cursos populares para concurso p\u00fablico podem despertar para pol\u00edtica - PORTAL DE NOT\u00cdCIAS CLEITON PINHEIRO","og_description":"Com a retomada da aposta do governo federal no funcionalismo p\u00fablico, houve melhora no \u00e2nimo dos concurseiros, termo cunhado para designar quem persegue o sonho de se tornar servidor p\u00fablico. Nos \u00faltimos meses, foram anunciadas diversas oportunidades, o que faz com que as pessoas que desejam a aprova\u00e7\u00e3o comecem a planejar os estudos ou reforcem a memoriza\u00e7\u00e3o dos conte\u00fados que precisam ter na ponta da l\u00edngua.","og_url":"https:\/\/cleitonpinheiro.com.br\/site\/cursos-populares-para-concurso-publico-podem-despertar-para-politica\/","og_site_name":"PORTAL DE NOT\u00cdCIAS CLEITON PINHEIRO","article_publisher":"https:\/\/www.facebook.com\/portalcpnoticias\/","article_published_time":"2023-08-17T12:25:15+00:00","article_modified_time":"2023-12-27T14:40:19+00:00","og_image":[{"width":1170,"height":700,"url":"https:\/\/cleitonpinheiro.com.br\/site\/wp-content\/uploads\/2023\/08\/sala_de_aula.jpg","type":"image\/jpeg"}],"author":"Reda\u00e7\u00e3o CP","twitter_card":"summary_large_image","twitter_misc":{"Escrito por":"Reda\u00e7\u00e3o CP","Est. tempo de leitura":"5 minutos"},"schema":{"@context":"https:\/\/schema.org","@graph":[{"@type":"Article","@id":"https:\/\/cleitonpinheiro.com.br\/site\/cursos-populares-para-concurso-publico-podem-despertar-para-politica\/#article","isPartOf":{"@id":"https:\/\/cleitonpinheiro.com.br\/site\/cursos-populares-para-concurso-publico-podem-despertar-para-politica\/"},"author":{"name":"Reda\u00e7\u00e3o CP","@id":"https:\/\/cleitonpinheiro.com.br\/site\/#\/schema\/person\/8f04544e0bc40a1b68775b08360f87db"},"headline":"Cursos populares para concurso p\u00fablico podem despertar para pol\u00edtica","datePublished":"2023-08-17T12:25:15+00:00","dateModified":"2023-12-27T14:40:19+00:00","mainEntityOfPage":{"@id":"https:\/\/cleitonpinheiro.com.br\/site\/cursos-populares-para-concurso-publico-podem-despertar-para-politica\/"},"wordCount":679,"commentCount":0,"publisher":{"@id":"https:\/\/cleitonpinheiro.com.br\/site\/#organization"},"image":{"@id":"https:\/\/cleitonpinheiro.com.br\/site\/cursos-populares-para-concurso-publico-podem-despertar-para-politica\/#primaryimage"},"thumbnailUrl":"https:\/\/cleitonpinheiro.com.br\/site\/wp-content\/uploads\/2023\/08\/sala_de_aula.jpg","articleSection":["FUNCIONALISMO","TODAS NOTICIAS"],"inLanguage":"pt-BR","potentialAction":[{"@type":"CommentAction","name":"Comment","target":["https:\/\/cleitonpinheiro.com.br\/site\/cursos-populares-para-concurso-publico-podem-despertar-para-politica\/#respond"]}]},{"@type":"WebPage","@id":"https:\/\/cleitonpinheiro.com.br\/site\/cursos-populares-para-concurso-publico-podem-despertar-para-politica\/","url":"https:\/\/cleitonpinheiro.com.br\/site\/cursos-populares-para-concurso-publico-podem-despertar-para-politica\/","name":"Cursos populares para concurso p\u00fablico podem despertar para pol\u00edtica - PORTAL DE NOT\u00cdCIAS CLEITON PINHEIRO","isPartOf":{"@id":"https:\/\/cleitonpinheiro.com.br\/site\/#website"},"primaryImageOfPage":{"@id":"https:\/\/cleitonpinheiro.com.br\/site\/cursos-populares-para-concurso-publico-podem-despertar-para-politica\/#primaryimage"},"image":{"@id":"https:\/\/cleitonpinheiro.com.br\/site\/cursos-populares-para-concurso-publico-podem-despertar-para-politica\/#primaryimage"},"thumbnailUrl":"https:\/\/cleitonpinheiro.com.br\/site\/wp-content\/uploads\/2023\/08\/sala_de_aula.jpg","datePublished":"2023-08-17T12:25:15+00:00","dateModified":"2023-12-27T14:40:19+00:00","breadcrumb":{"@id":"https:\/\/cleitonpinheiro.com.br\/site\/cursos-populares-para-concurso-publico-podem-despertar-para-politica\/#breadcrumb"},"inLanguage":"pt-BR","potentialAction":[{"@type":"ReadAction","target":["https:\/\/cleitonpinheiro.com.br\/site\/cursos-populares-para-concurso-publico-podem-despertar-para-politica\/"]}]},{"@type":"ImageObject","inLanguage":"pt-BR","@id":"https:\/\/cleitonpinheiro.com.br\/site\/cursos-populares-para-concurso-publico-podem-despertar-para-politica\/#primaryimage","url":"","contentUrl":""},{"@type":"BreadcrumbList","@id":"https:\/\/cleitonpinheiro.com.br\/site\/cursos-populares-para-concurso-publico-podem-despertar-para-politica\/#breadcrumb","itemListElement":[{"@type":"ListItem","position":1,"name":"In\u00edcio","item":"https:\/\/cleitonpinheiro.com.br\/site\/"},{"@type":"ListItem","position":2,"name":"Cursos populares para concurso p\u00fablico podem despertar para pol\u00edtica"}]},{"@type":"WebSite","@id":"https:\/\/cleitonpinheiro.com.br\/site\/#website","url":"https:\/\/cleitonpinheiro.com.br\/site\/","name":"PORTAL DE NOT\u00cdCIAS CLEITON PINHEIRO","description":"FALANDO A VERDADE","publisher":{"@id":"https:\/\/cleitonpinheiro.com.br\/site\/#organization"},"potentialAction":[{"@type":"SearchAction","target":{"@type":"EntryPoint","urlTemplate":"https:\/\/cleitonpinheiro.com.br\/site\/?s={search_term_string}"},"query-input":{"@type":"PropertyValueSpecification","valueRequired":true,"valueName":"search_term_string"}}],"inLanguage":"pt-BR"},{"@type":"Organization","@id":"https:\/\/cleitonpinheiro.com.br\/site\/#organization","name":"CPNOT\u00cdCIAS","url":"https:\/\/cleitonpinheiro.com.br\/site\/","logo":{"@type":"ImageObject","inLanguage":"pt-BR","@id":"https:\/\/cleitonpinheiro.com.br\/site\/#\/schema\/logo\/image\/","url":"https:\/\/cleitonpinheiro.com.br\/site\/wp-content\/uploads\/2022\/08\/Logo-pequena-2.png","contentUrl":"https:\/\/cleitonpinheiro.com.br\/site\/wp-content\/uploads\/2022\/08\/Logo-pequena-2.png","width":500,"height":500,"caption":"CPNOT\u00cdCIAS"},"image":{"@id":"https:\/\/cleitonpinheiro.com.br\/site\/#\/schema\/logo\/image\/"},"sameAs":["https:\/\/www.facebook.com\/portalcpnoticias\/"]},{"@type":"Person","@id":"https:\/\/cleitonpinheiro.com.br\/site\/#\/schema\/person\/8f04544e0bc40a1b68775b08360f87db","name":"Reda\u00e7\u00e3o CP","image":{"@type":"ImageObject","inLanguage":"pt-BR","@id":"https:\/\/cleitonpinheiro.com.br\/site\/#\/schema\/person\/image\/","url":"https:\/\/secure.gravatar.com\/avatar\/0bcf19cb29fdc8fc588c490c7ae1b3e174dac268586a63fbe1d1893a0f9020cd?s=96&r=g","contentUrl":"https:\/\/secure.gravatar.com\/avatar\/0bcf19cb29fdc8fc588c490c7ae1b3e174dac268586a63fbe1d1893a0f9020cd?s=96&r=g","caption":"Reda\u00e7\u00e3o CP"},"url":"https:\/\/cleitonpinheiro.com.br\/site\/author\/redacao\/"}]}},"views":106,"_links":{"self":[{"href":"https:\/\/cleitonpinheiro.com.br\/site\/wp-json\/wp\/v2\/posts\/73524","targetHints":{"allow":["GET"]}}],"collection":[{"href":"https:\/\/cleitonpinheiro.com.br\/site\/wp-json\/wp\/v2\/posts"}],"about":[{"href":"https:\/\/cleitonpinheiro.com.br\/site\/wp-json\/wp\/v2\/types\/post"}],"author":[{"embeddable":true,"href":"https:\/\/cleitonpinheiro.com.br\/site\/wp-json\/wp\/v2\/users\/13"}],"replies":[{"embeddable":true,"href":"https:\/\/cleitonpinheiro.com.br\/site\/wp-json\/wp\/v2\/comments?post=73524"}],"version-history":[{"count":1,"href":"https:\/\/cleitonpinheiro.com.br\/site\/wp-json\/wp\/v2\/posts\/73524\/revisions"}],"predecessor-version":[{"id":73526,"href":"https:\/\/cleitonpinheiro.com.br\/site\/wp-json\/wp\/v2\/posts\/73524\/revisions\/73526"}],"wp:attachment":[{"href":"https:\/\/cleitonpinheiro.com.br\/site\/wp-json\/wp\/v2\/media?parent=73524"}],"wp:term":[{"taxonomy":"category","embeddable":true,"href":"https:\/\/cleitonpinheiro.com.br\/site\/wp-json\/wp\/v2\/categories?post=73524"},{"taxonomy":"post_tag","embeddable":true,"href":"https:\/\/cleitonpinheiro.com.br\/site\/wp-json\/wp\/v2\/tags?post=73524"}],"curies":[{"name":"wp","href":"https:\/\/api.w.org\/{rel}","templated":true}]}}