{"id":73536,"date":"2023-08-17T15:42:08","date_gmt":"2023-08-17T18:42:08","guid":{"rendered":"https:\/\/cleitonpinheiro.com.br\/site\/?p=73536"},"modified":"2023-08-31T10:10:54","modified_gmt":"2023-08-31T13:10:54","slug":"taxa-de-desocupacao-fica-em-65-no-to-recuo-de-04-ponto-percentual-ate-junho-de-2023","status":"publish","type":"post","link":"https:\/\/cleitonpinheiro.com.br\/site\/taxa-de-desocupacao-fica-em-65-no-to-recuo-de-04-ponto-percentual-ate-junho-de-2023\/","title":{"rendered":"Taxa de desocupa\u00e7\u00e3o fica em 6,5% no TO, recuo de 0,4 ponto percentual at\u00e9 junho de 2023"},"content":{"rendered":"\n<figure class=\"wp-block-image size-full\"><img decoding=\"async\" src=\"https:\/\/cleitonpinheiro.com.br\/site\/wp-content\/uploads\/2023\/08\/342713.jpg\" alt=\"\" class=\"wp-image-73537\"\/><figcaption class=\"wp-element-caption\">Dados s\u00e3o da Pesquisa Nacional por Amostra de Domic\u00edlios Cont\u00ednua (Pnad Cont\u00ednua), referentes ao segundo trimestre de 2023.<\/figcaption><\/figure>\n\n\n\n<p class=\"wp-block-paragraph\">A taxa de desocupa\u00e7\u00e3o no Tocantins foi de 6,5% no trimestre encerrado em junho, uma redu\u00e7\u00e3o de 0,4 ponto percentual (p.p.) frente ao trimestre anterior (6,9%), de janeiro a mar\u00e7o. Os dados s\u00e3o da Pesquisa Nacional por Amostra de Domic\u00edlios Cont\u00ednua (Pnad Cont\u00ednua), referentes ao segundo trimestre de 2023.<\/p>\n\n\n\n<p class=\"wp-block-paragraph\">No segundo trimestre de 2023, s\u00e3o cerca de 52 mil pessoas desocupadas no Tocantins, uma queda de 7% em rela\u00e7\u00e3o ao trimestre anterior. O n\u00famero de pessoas ocupadas, por sua vez, foi de 742 mil, queda de 1,2% na compara\u00e7\u00e3o trimestral e um aumento de 0,3% na anual.<\/p>\n\n\n\n<p class=\"wp-block-paragraph\">&#8220;O segundo trimestre registrou recuo da taxa de desocupa\u00e7\u00e3o, ap\u00f3s crescimento no primeiro trimestre do ano. Esse movimento aponta para a recupera\u00e7\u00e3o de padr\u00e3o sazonal desse indicador. O Governo do Tocantins est\u00e1 trabalhando para isso, aumentar a empregabilidade no Estado e o resultado tem se mostrado bastante satisfat\u00f3rio, nossa taxa de desocupa\u00e7\u00e3o ficou bem abaixo da m\u00e9dia nacional, que foi de 8%&#8221;, destacou o secret\u00e1rio de Estado da Ind\u00fastria, Com\u00e9rcio e Servi\u00e7os, Carlos Humberto Lima.<\/p>\n\n\n\n<p class=\"wp-block-paragraph\">Os trabalhadores por conta pr\u00f3pria representam 21%, cerca de 154 mil trabalhadores. Empregados no setor p\u00fablico (estadual, municipal e federal), inclusive militar, constituem 23%, ou seja 172 mil. Trabalhadores no setor privado com carteira correspondem a 23%, somando 170 mil trabalhadores, e sem carteira assinada somam 20%, com 148 mil trabalhadores. Trabalhadores dom\u00e9sticos representam 8%, ou seja 56 mil trabalhadores. Empregador representa 4%, com 33 mil trabalhadores, e o trabalhador familiar constitui 1%, 9 mil pessoas.<\/p>\n\n\n\n<p class=\"wp-block-paragraph\">No Tocantins, a taxa de desocupa\u00e7\u00e3o de 6,5% representa cerca de 52 mil trabalhadores sem emprego ou procurando por emprego. No munic\u00edpio de Palmas, a taxa de desocupa\u00e7\u00e3o foi de 5,1%, o que significa que cerca de 10 mil trabalhadores est\u00e3o desempregados ou procurando emprego.&nbsp;<\/p>\n\n\n\n<p class=\"wp-block-paragraph\"><strong>Pnad Cont\u00ednua&nbsp;<\/strong><\/p>\n\n\n\n<p class=\"wp-block-paragraph\">A Pnad Cont\u00ednua \u00e9 o principal instrumento para monitoramento da for\u00e7a de trabalho no pa\u00eds. A amostra da pesquisa por trimestre no Brasil corresponde a 211 mil domic\u00edlios pesquisados. Cerca de 2 mil entrevistadores trabalham na pesquisa, em 26 estados e no Distrito Federal, integrados \u00e0 rede de coleta de mais de 500 ag\u00eancias do Instituto Brasileiro de Geografia e Estat\u00edstica (IBGE).<\/p>\n\n\n\n<p class=\"wp-block-paragraph\">Em raz\u00e3o da pandemia da Covid-19, o IBGE implementou a coleta de informa\u00e7\u00f5es da pesquisa por telefone, a partir de 17 de mar\u00e7o de 2020. Em julho de 2021, houve a volta da coleta de forma presencial.<\/p>\n","protected":false},"excerpt":{"rendered":"<p>A taxa de desocupa\u00e7\u00e3o no Tocantins foi de 6,5% no trimestre encerrado em junho, uma redu\u00e7\u00e3o de 0,4 ponto percentual (p.p.) frente ao trimestre anterior (6,9%), de janeiro a mar\u00e7o. Os dados s\u00e3o da Pesquisa Nacional por Amostra de Domic\u00edlios Cont\u00ednua (Pnad Cont\u00ednua), referentes ao segundo trimestre de 2023. No segundo trimestre de 2023, s\u00e3o [&hellip;]<\/p>\n","protected":false},"author":13,"featured_media":0,"comment_status":"open","ping_status":"open","sticky":false,"template":"","format":"standard","meta":{"_acf_changed":false,"footnotes":""},"categories":[8,21],"tags":[475,1063,1158,1042],"class_list":["post-73536","post","type-post","status-publish","format-standard","hentry","category-estado","category-todas-noticias","tag-emprego","tag-ibge","tag-pnad","tag-trabalho"],"acf":[],"yoast_head":"<!-- This site is optimized with the Yoast SEO plugin v24.4 - https:\/\/yoast.com\/wordpress\/plugins\/seo\/ -->\n<title>Taxa de desocupa\u00e7\u00e3o fica em 6,5% no TO, recuo de 0,4 ponto percentual at\u00e9 junho de 2023 - PORTAL DE NOT\u00cdCIAS CLEITON PINHEIRO<\/title>\n<meta name=\"robots\" content=\"index, follow, max-snippet:-1, max-image-preview:large, max-video-preview:-1\" \/>\n<link rel=\"canonical\" href=\"https:\/\/cleitonpinheiro.com.br\/site\/taxa-de-desocupacao-fica-em-65-no-to-recuo-de-04-ponto-percentual-ate-junho-de-2023\/\" \/>\n<meta property=\"og:locale\" content=\"pt_BR\" \/>\n<meta property=\"og:type\" content=\"article\" \/>\n<meta property=\"og:title\" content=\"Taxa de desocupa\u00e7\u00e3o fica em 6,5% no TO, recuo de 0,4 ponto percentual at\u00e9 junho de 2023 - PORTAL DE NOT\u00cdCIAS CLEITON PINHEIRO\" \/>\n<meta property=\"og:description\" content=\"A taxa de desocupa\u00e7\u00e3o no Tocantins foi de 6,5% no trimestre encerrado em junho, uma redu\u00e7\u00e3o de 0,4 ponto percentual (p.p.) frente ao trimestre anterior (6,9%), de janeiro a mar\u00e7o. Os dados s\u00e3o da Pesquisa Nacional por Amostra de Domic\u00edlios Cont\u00ednua (Pnad Cont\u00ednua), referentes ao segundo trimestre de 2023. No segundo trimestre de 2023, s\u00e3o [&hellip;]\" \/>\n<meta property=\"og:url\" content=\"https:\/\/cleitonpinheiro.com.br\/site\/taxa-de-desocupacao-fica-em-65-no-to-recuo-de-04-ponto-percentual-ate-junho-de-2023\/\" \/>\n<meta property=\"og:site_name\" content=\"PORTAL DE NOT\u00cdCIAS CLEITON PINHEIRO\" \/>\n<meta property=\"article:publisher\" content=\"https:\/\/www.facebook.com\/portalcpnoticias\/\" \/>\n<meta property=\"article:published_time\" content=\"2023-08-17T18:42:08+00:00\" \/>\n<meta property=\"article:modified_time\" content=\"2023-08-31T13:10:54+00:00\" \/>\n<meta property=\"og:image\" content=\"https:\/\/cleitonpinheiro.com.br\/site\/wp-content\/uploads\/2023\/08\/342713.jpg\" \/>\n\t<meta property=\"og:image:width\" content=\"883\" \/>\n\t<meta property=\"og:image:height\" content=\"505\" \/>\n\t<meta property=\"og:image:type\" content=\"image\/jpeg\" \/>\n<meta name=\"author\" content=\"Reda\u00e7\u00e3o CP\" \/>\n<meta name=\"twitter:card\" content=\"summary_large_image\" \/>\n<meta name=\"twitter:label1\" content=\"Escrito por\" \/>\n\t<meta name=\"twitter:data1\" content=\"Reda\u00e7\u00e3o CP\" \/>\n\t<meta name=\"twitter:label2\" content=\"Est. tempo de leitura\" \/>\n\t<meta name=\"twitter:data2\" content=\"3 minutos\" \/>\n<script type=\"application\/ld+json\" class=\"yoast-schema-graph\">{\"@context\":\"https:\/\/schema.org\",\"@graph\":[{\"@type\":\"Article\",\"@id\":\"https:\/\/cleitonpinheiro.com.br\/site\/taxa-de-desocupacao-fica-em-65-no-to-recuo-de-04-ponto-percentual-ate-junho-de-2023\/#article\",\"isPartOf\":{\"@id\":\"https:\/\/cleitonpinheiro.com.br\/site\/taxa-de-desocupacao-fica-em-65-no-to-recuo-de-04-ponto-percentual-ate-junho-de-2023\/\"},\"author\":{\"name\":\"Reda\u00e7\u00e3o CP\",\"@id\":\"https:\/\/cleitonpinheiro.com.br\/site\/#\/schema\/person\/8f04544e0bc40a1b68775b08360f87db\"},\"headline\":\"Taxa de desocupa\u00e7\u00e3o fica em 6,5% no TO, recuo de 0,4 ponto percentual at\u00e9 junho de 2023\",\"datePublished\":\"2023-08-17T18:42:08+00:00\",\"dateModified\":\"2023-08-31T13:10:54+00:00\",\"mainEntityOfPage\":{\"@id\":\"https:\/\/cleitonpinheiro.com.br\/site\/taxa-de-desocupacao-fica-em-65-no-to-recuo-de-04-ponto-percentual-ate-junho-de-2023\/\"},\"wordCount\":434,\"commentCount\":0,\"publisher\":{\"@id\":\"https:\/\/cleitonpinheiro.com.br\/site\/#organization\"},\"image\":{\"@id\":\"https:\/\/cleitonpinheiro.com.br\/site\/taxa-de-desocupacao-fica-em-65-no-to-recuo-de-04-ponto-percentual-ate-junho-de-2023\/#primaryimage\"},\"thumbnailUrl\":\"https:\/\/cleitonpinheiro.com.br\/site\/wp-content\/uploads\/2023\/08\/342713.jpg\",\"keywords\":[\"Emprego\",\"IBGE\",\"Pnad\",\"trabalho\"],\"articleSection\":[\"ESTADO\",\"TODAS NOTICIAS\"],\"inLanguage\":\"pt-BR\",\"potentialAction\":[{\"@type\":\"CommentAction\",\"name\":\"Comment\",\"target\":[\"https:\/\/cleitonpinheiro.com.br\/site\/taxa-de-desocupacao-fica-em-65-no-to-recuo-de-04-ponto-percentual-ate-junho-de-2023\/#respond\"]}]},{\"@type\":\"WebPage\",\"@id\":\"https:\/\/cleitonpinheiro.com.br\/site\/taxa-de-desocupacao-fica-em-65-no-to-recuo-de-04-ponto-percentual-ate-junho-de-2023\/\",\"url\":\"https:\/\/cleitonpinheiro.com.br\/site\/taxa-de-desocupacao-fica-em-65-no-to-recuo-de-04-ponto-percentual-ate-junho-de-2023\/\",\"name\":\"Taxa de desocupa\u00e7\u00e3o fica em 6,5% no TO, recuo de 0,4 ponto percentual at\u00e9 junho de 2023 - PORTAL DE NOT\u00cdCIAS CLEITON PINHEIRO\",\"isPartOf\":{\"@id\":\"https:\/\/cleitonpinheiro.com.br\/site\/#website\"},\"primaryImageOfPage\":{\"@id\":\"https:\/\/cleitonpinheiro.com.br\/site\/taxa-de-desocupacao-fica-em-65-no-to-recuo-de-04-ponto-percentual-ate-junho-de-2023\/#primaryimage\"},\"image\":{\"@id\":\"https:\/\/cleitonpinheiro.com.br\/site\/taxa-de-desocupacao-fica-em-65-no-to-recuo-de-04-ponto-percentual-ate-junho-de-2023\/#primaryimage\"},\"thumbnailUrl\":\"https:\/\/cleitonpinheiro.com.br\/site\/wp-content\/uploads\/2023\/08\/342713.jpg\",\"datePublished\":\"2023-08-17T18:42:08+00:00\",\"dateModified\":\"2023-08-31T13:10:54+00:00\",\"breadcrumb\":{\"@id\":\"https:\/\/cleitonpinheiro.com.br\/site\/taxa-de-desocupacao-fica-em-65-no-to-recuo-de-04-ponto-percentual-ate-junho-de-2023\/#breadcrumb\"},\"inLanguage\":\"pt-BR\",\"potentialAction\":[{\"@type\":\"ReadAction\",\"target\":[\"https:\/\/cleitonpinheiro.com.br\/site\/taxa-de-desocupacao-fica-em-65-no-to-recuo-de-04-ponto-percentual-ate-junho-de-2023\/\"]}]},{\"@type\":\"ImageObject\",\"inLanguage\":\"pt-BR\",\"@id\":\"https:\/\/cleitonpinheiro.com.br\/site\/taxa-de-desocupacao-fica-em-65-no-to-recuo-de-04-ponto-percentual-ate-junho-de-2023\/#primaryimage\",\"url\":\"\",\"contentUrl\":\"\"},{\"@type\":\"BreadcrumbList\",\"@id\":\"https:\/\/cleitonpinheiro.com.br\/site\/taxa-de-desocupacao-fica-em-65-no-to-recuo-de-04-ponto-percentual-ate-junho-de-2023\/#breadcrumb\",\"itemListElement\":[{\"@type\":\"ListItem\",\"position\":1,\"name\":\"In\u00edcio\",\"item\":\"https:\/\/cleitonpinheiro.com.br\/site\/\"},{\"@type\":\"ListItem\",\"position\":2,\"name\":\"Taxa de desocupa\u00e7\u00e3o fica em 6,5% no TO, recuo de 0,4 ponto percentual at\u00e9 junho de 2023\"}]},{\"@type\":\"WebSite\",\"@id\":\"https:\/\/cleitonpinheiro.com.br\/site\/#website\",\"url\":\"https:\/\/cleitonpinheiro.com.br\/site\/\",\"name\":\"PORTAL DE NOT\u00cdCIAS CLEITON PINHEIRO\",\"description\":\"FALANDO A VERDADE\",\"publisher\":{\"@id\":\"https:\/\/cleitonpinheiro.com.br\/site\/#organization\"},\"potentialAction\":[{\"@type\":\"SearchAction\",\"target\":{\"@type\":\"EntryPoint\",\"urlTemplate\":\"https:\/\/cleitonpinheiro.com.br\/site\/?s={search_term_string}\"},\"query-input\":{\"@type\":\"PropertyValueSpecification\",\"valueRequired\":true,\"valueName\":\"search_term_string\"}}],\"inLanguage\":\"pt-BR\"},{\"@type\":\"Organization\",\"@id\":\"https:\/\/cleitonpinheiro.com.br\/site\/#organization\",\"name\":\"CPNOT\u00cdCIAS\",\"url\":\"https:\/\/cleitonpinheiro.com.br\/site\/\",\"logo\":{\"@type\":\"ImageObject\",\"inLanguage\":\"pt-BR\",\"@id\":\"https:\/\/cleitonpinheiro.com.br\/site\/#\/schema\/logo\/image\/\",\"url\":\"https:\/\/cleitonpinheiro.com.br\/site\/wp-content\/uploads\/2022\/08\/Logo-pequena-2.png\",\"contentUrl\":\"https:\/\/cleitonpinheiro.com.br\/site\/wp-content\/uploads\/2022\/08\/Logo-pequena-2.png\",\"width\":500,\"height\":500,\"caption\":\"CPNOT\u00cdCIAS\"},\"image\":{\"@id\":\"https:\/\/cleitonpinheiro.com.br\/site\/#\/schema\/logo\/image\/\"},\"sameAs\":[\"https:\/\/www.facebook.com\/portalcpnoticias\/\"]},{\"@type\":\"Person\",\"@id\":\"https:\/\/cleitonpinheiro.com.br\/site\/#\/schema\/person\/8f04544e0bc40a1b68775b08360f87db\",\"name\":\"Reda\u00e7\u00e3o CP\",\"image\":{\"@type\":\"ImageObject\",\"inLanguage\":\"pt-BR\",\"@id\":\"https:\/\/cleitonpinheiro.com.br\/site\/#\/schema\/person\/image\/\",\"url\":\"https:\/\/secure.gravatar.com\/avatar\/0bcf19cb29fdc8fc588c490c7ae1b3e174dac268586a63fbe1d1893a0f9020cd?s=96&r=g\",\"contentUrl\":\"https:\/\/secure.gravatar.com\/avatar\/0bcf19cb29fdc8fc588c490c7ae1b3e174dac268586a63fbe1d1893a0f9020cd?s=96&r=g\",\"caption\":\"Reda\u00e7\u00e3o CP\"},\"url\":\"https:\/\/cleitonpinheiro.com.br\/site\/author\/redacao\/\"}]}<\/script>\n<!-- \/ Yoast SEO plugin. -->","yoast_head_json":{"title":"Taxa de desocupa\u00e7\u00e3o fica em 6,5% no TO, recuo de 0,4 ponto percentual at\u00e9 junho de 2023 - PORTAL DE NOT\u00cdCIAS CLEITON PINHEIRO","robots":{"index":"index","follow":"follow","max-snippet":"max-snippet:-1","max-image-preview":"max-image-preview:large","max-video-preview":"max-video-preview:-1"},"canonical":"https:\/\/cleitonpinheiro.com.br\/site\/taxa-de-desocupacao-fica-em-65-no-to-recuo-de-04-ponto-percentual-ate-junho-de-2023\/","og_locale":"pt_BR","og_type":"article","og_title":"Taxa de desocupa\u00e7\u00e3o fica em 6,5% no TO, recuo de 0,4 ponto percentual at\u00e9 junho de 2023 - PORTAL DE NOT\u00cdCIAS CLEITON PINHEIRO","og_description":"A taxa de desocupa\u00e7\u00e3o no Tocantins foi de 6,5% no trimestre encerrado em junho, uma redu\u00e7\u00e3o de 0,4 ponto percentual (p.p.) frente ao trimestre anterior (6,9%), de janeiro a mar\u00e7o. Os dados s\u00e3o da Pesquisa Nacional por Amostra de Domic\u00edlios Cont\u00ednua (Pnad Cont\u00ednua), referentes ao segundo trimestre de 2023. No segundo trimestre de 2023, s\u00e3o [&hellip;]","og_url":"https:\/\/cleitonpinheiro.com.br\/site\/taxa-de-desocupacao-fica-em-65-no-to-recuo-de-04-ponto-percentual-ate-junho-de-2023\/","og_site_name":"PORTAL DE NOT\u00cdCIAS CLEITON PINHEIRO","article_publisher":"https:\/\/www.facebook.com\/portalcpnoticias\/","article_published_time":"2023-08-17T18:42:08+00:00","article_modified_time":"2023-08-31T13:10:54+00:00","og_image":[{"width":883,"height":505,"url":"https:\/\/cleitonpinheiro.com.br\/site\/wp-content\/uploads\/2023\/08\/342713.jpg","type":"image\/jpeg"}],"author":"Reda\u00e7\u00e3o CP","twitter_card":"summary_large_image","twitter_misc":{"Escrito por":"Reda\u00e7\u00e3o CP","Est. tempo de leitura":"3 minutos"},"schema":{"@context":"https:\/\/schema.org","@graph":[{"@type":"Article","@id":"https:\/\/cleitonpinheiro.com.br\/site\/taxa-de-desocupacao-fica-em-65-no-to-recuo-de-04-ponto-percentual-ate-junho-de-2023\/#article","isPartOf":{"@id":"https:\/\/cleitonpinheiro.com.br\/site\/taxa-de-desocupacao-fica-em-65-no-to-recuo-de-04-ponto-percentual-ate-junho-de-2023\/"},"author":{"name":"Reda\u00e7\u00e3o CP","@id":"https:\/\/cleitonpinheiro.com.br\/site\/#\/schema\/person\/8f04544e0bc40a1b68775b08360f87db"},"headline":"Taxa de desocupa\u00e7\u00e3o fica em 6,5% no TO, recuo de 0,4 ponto percentual at\u00e9 junho de 2023","datePublished":"2023-08-17T18:42:08+00:00","dateModified":"2023-08-31T13:10:54+00:00","mainEntityOfPage":{"@id":"https:\/\/cleitonpinheiro.com.br\/site\/taxa-de-desocupacao-fica-em-65-no-to-recuo-de-04-ponto-percentual-ate-junho-de-2023\/"},"wordCount":434,"commentCount":0,"publisher":{"@id":"https:\/\/cleitonpinheiro.com.br\/site\/#organization"},"image":{"@id":"https:\/\/cleitonpinheiro.com.br\/site\/taxa-de-desocupacao-fica-em-65-no-to-recuo-de-04-ponto-percentual-ate-junho-de-2023\/#primaryimage"},"thumbnailUrl":"https:\/\/cleitonpinheiro.com.br\/site\/wp-content\/uploads\/2023\/08\/342713.jpg","keywords":["Emprego","IBGE","Pnad","trabalho"],"articleSection":["ESTADO","TODAS NOTICIAS"],"inLanguage":"pt-BR","potentialAction":[{"@type":"CommentAction","name":"Comment","target":["https:\/\/cleitonpinheiro.com.br\/site\/taxa-de-desocupacao-fica-em-65-no-to-recuo-de-04-ponto-percentual-ate-junho-de-2023\/#respond"]}]},{"@type":"WebPage","@id":"https:\/\/cleitonpinheiro.com.br\/site\/taxa-de-desocupacao-fica-em-65-no-to-recuo-de-04-ponto-percentual-ate-junho-de-2023\/","url":"https:\/\/cleitonpinheiro.com.br\/site\/taxa-de-desocupacao-fica-em-65-no-to-recuo-de-04-ponto-percentual-ate-junho-de-2023\/","name":"Taxa de desocupa\u00e7\u00e3o fica em 6,5% no TO, recuo de 0,4 ponto percentual at\u00e9 junho de 2023 - PORTAL DE NOT\u00cdCIAS CLEITON PINHEIRO","isPartOf":{"@id":"https:\/\/cleitonpinheiro.com.br\/site\/#website"},"primaryImageOfPage":{"@id":"https:\/\/cleitonpinheiro.com.br\/site\/taxa-de-desocupacao-fica-em-65-no-to-recuo-de-04-ponto-percentual-ate-junho-de-2023\/#primaryimage"},"image":{"@id":"https:\/\/cleitonpinheiro.com.br\/site\/taxa-de-desocupacao-fica-em-65-no-to-recuo-de-04-ponto-percentual-ate-junho-de-2023\/#primaryimage"},"thumbnailUrl":"https:\/\/cleitonpinheiro.com.br\/site\/wp-content\/uploads\/2023\/08\/342713.jpg","datePublished":"2023-08-17T18:42:08+00:00","dateModified":"2023-08-31T13:10:54+00:00","breadcrumb":{"@id":"https:\/\/cleitonpinheiro.com.br\/site\/taxa-de-desocupacao-fica-em-65-no-to-recuo-de-04-ponto-percentual-ate-junho-de-2023\/#breadcrumb"},"inLanguage":"pt-BR","potentialAction":[{"@type":"ReadAction","target":["https:\/\/cleitonpinheiro.com.br\/site\/taxa-de-desocupacao-fica-em-65-no-to-recuo-de-04-ponto-percentual-ate-junho-de-2023\/"]}]},{"@type":"ImageObject","inLanguage":"pt-BR","@id":"https:\/\/cleitonpinheiro.com.br\/site\/taxa-de-desocupacao-fica-em-65-no-to-recuo-de-04-ponto-percentual-ate-junho-de-2023\/#primaryimage","url":"","contentUrl":""},{"@type":"BreadcrumbList","@id":"https:\/\/cleitonpinheiro.com.br\/site\/taxa-de-desocupacao-fica-em-65-no-to-recuo-de-04-ponto-percentual-ate-junho-de-2023\/#breadcrumb","itemListElement":[{"@type":"ListItem","position":1,"name":"In\u00edcio","item":"https:\/\/cleitonpinheiro.com.br\/site\/"},{"@type":"ListItem","position":2,"name":"Taxa de desocupa\u00e7\u00e3o fica em 6,5% no TO, recuo de 0,4 ponto percentual at\u00e9 junho de 2023"}]},{"@type":"WebSite","@id":"https:\/\/cleitonpinheiro.com.br\/site\/#website","url":"https:\/\/cleitonpinheiro.com.br\/site\/","name":"PORTAL DE NOT\u00cdCIAS CLEITON PINHEIRO","description":"FALANDO A VERDADE","publisher":{"@id":"https:\/\/cleitonpinheiro.com.br\/site\/#organization"},"potentialAction":[{"@type":"SearchAction","target":{"@type":"EntryPoint","urlTemplate":"https:\/\/cleitonpinheiro.com.br\/site\/?s={search_term_string}"},"query-input":{"@type":"PropertyValueSpecification","valueRequired":true,"valueName":"search_term_string"}}],"inLanguage":"pt-BR"},{"@type":"Organization","@id":"https:\/\/cleitonpinheiro.com.br\/site\/#organization","name":"CPNOT\u00cdCIAS","url":"https:\/\/cleitonpinheiro.com.br\/site\/","logo":{"@type":"ImageObject","inLanguage":"pt-BR","@id":"https:\/\/cleitonpinheiro.com.br\/site\/#\/schema\/logo\/image\/","url":"https:\/\/cleitonpinheiro.com.br\/site\/wp-content\/uploads\/2022\/08\/Logo-pequena-2.png","contentUrl":"https:\/\/cleitonpinheiro.com.br\/site\/wp-content\/uploads\/2022\/08\/Logo-pequena-2.png","width":500,"height":500,"caption":"CPNOT\u00cdCIAS"},"image":{"@id":"https:\/\/cleitonpinheiro.com.br\/site\/#\/schema\/logo\/image\/"},"sameAs":["https:\/\/www.facebook.com\/portalcpnoticias\/"]},{"@type":"Person","@id":"https:\/\/cleitonpinheiro.com.br\/site\/#\/schema\/person\/8f04544e0bc40a1b68775b08360f87db","name":"Reda\u00e7\u00e3o CP","image":{"@type":"ImageObject","inLanguage":"pt-BR","@id":"https:\/\/cleitonpinheiro.com.br\/site\/#\/schema\/person\/image\/","url":"https:\/\/secure.gravatar.com\/avatar\/0bcf19cb29fdc8fc588c490c7ae1b3e174dac268586a63fbe1d1893a0f9020cd?s=96&r=g","contentUrl":"https:\/\/secure.gravatar.com\/avatar\/0bcf19cb29fdc8fc588c490c7ae1b3e174dac268586a63fbe1d1893a0f9020cd?s=96&r=g","caption":"Reda\u00e7\u00e3o CP"},"url":"https:\/\/cleitonpinheiro.com.br\/site\/author\/redacao\/"}]}},"views":133,"_links":{"self":[{"href":"https:\/\/cleitonpinheiro.com.br\/site\/wp-json\/wp\/v2\/posts\/73536","targetHints":{"allow":["GET"]}}],"collection":[{"href":"https:\/\/cleitonpinheiro.com.br\/site\/wp-json\/wp\/v2\/posts"}],"about":[{"href":"https:\/\/cleitonpinheiro.com.br\/site\/wp-json\/wp\/v2\/types\/post"}],"author":[{"embeddable":true,"href":"https:\/\/cleitonpinheiro.com.br\/site\/wp-json\/wp\/v2\/users\/13"}],"replies":[{"embeddable":true,"href":"https:\/\/cleitonpinheiro.com.br\/site\/wp-json\/wp\/v2\/comments?post=73536"}],"version-history":[{"count":1,"href":"https:\/\/cleitonpinheiro.com.br\/site\/wp-json\/wp\/v2\/posts\/73536\/revisions"}],"predecessor-version":[{"id":73538,"href":"https:\/\/cleitonpinheiro.com.br\/site\/wp-json\/wp\/v2\/posts\/73536\/revisions\/73538"}],"wp:attachment":[{"href":"https:\/\/cleitonpinheiro.com.br\/site\/wp-json\/wp\/v2\/media?parent=73536"}],"wp:term":[{"taxonomy":"category","embeddable":true,"href":"https:\/\/cleitonpinheiro.com.br\/site\/wp-json\/wp\/v2\/categories?post=73536"},{"taxonomy":"post_tag","embeddable":true,"href":"https:\/\/cleitonpinheiro.com.br\/site\/wp-json\/wp\/v2\/tags?post=73536"}],"curies":[{"name":"wp","href":"https:\/\/api.w.org\/{rel}","templated":true}]}}