{"id":73542,"date":"2023-08-17T16:09:22","date_gmt":"2023-08-17T19:09:22","guid":{"rendered":"https:\/\/cleitonpinheiro.com.br\/site\/?p=73542"},"modified":"2023-08-17T16:09:25","modified_gmt":"2023-08-17T19:09:25","slug":"nutricionista-da-semed-orienta-alunos-da-rede-municipal-sobre-alimentacao-em-dias-mais-quentes","status":"publish","type":"post","link":"https:\/\/cleitonpinheiro.com.br\/site\/nutricionista-da-semed-orienta-alunos-da-rede-municipal-sobre-alimentacao-em-dias-mais-quentes\/","title":{"rendered":"Nutricionista da Semed orienta alunos da rede municipal sobre alimenta\u00e7\u00e3o em dias mais quentes"},"content":{"rendered":"\n<figure class=\"wp-block-image size-full\"><img decoding=\"async\" src=\"https:\/\/cleitonpinheiro.com.br\/site\/wp-content\/uploads\/2023\/08\/a159e4bc360f42aca969cb681b03ce88.jpg\" alt=\"\" class=\"wp-image-73543\"\/><figcaption class=\"wp-element-caption\">Alimenta\u00e7\u00e3o escolar da rede municipal de Palmas \u00e9 composta por alimentos in natura ou minimamente processados &#8211; Prefeitura de Palmas<\/figcaption><\/figure>\n\n\n\n<p class=\"wp-block-paragraph\">Muito se houve falar que em dias mais quentes \u00e9 necess\u00e1rio fazer uma alimenta\u00e7\u00e3o mais leve. Mas como seria fazer isto? O chefe da divis\u00e3o de alimenta\u00e7\u00e3o escolar, da Secretaria Municipal da Educa\u00e7\u00e3o de Palmas (Semed), nutricionista Rodrigo Miranda, destaca que, em primeiro lugar, \u00e9 necess\u00e1rio desfazer alguns mitos e, segundo ele, o mais comum \u00e9 o de preferir alimentos mais leves. Nesse contexto, ele lembra que \u201cn\u00e3o existe um conceito do que \u00e9 um alimento mais leve e uma orienta\u00e7\u00e3o inadequada pode levar a pessoa a fazer, involuntariamente, restri\u00e7\u00f5es desnecess\u00e1rias.\u201d<\/p>\n\n\n\n<p class=\"wp-block-paragraph\">De acordo com Miranda, o que \u00e9 importante em rela\u00e7\u00e3o \u00e0 alimenta\u00e7\u00e3o, nesse per\u00edodo mais quente do ano, \u00e9 optar por uma alimenta\u00e7\u00e3o saud\u00e1vel, dando prefer\u00eancia aos alimentos&nbsp;<em>in natura<\/em>&nbsp;ou minimamente processados, o que \u00e9 recomendado pelo Minist\u00e9rio da Sa\u00fade. \u201cAlimentos como verduras, legumes, frutas, carnes, leites e derivados, possuem bastante \u00e1gua em sua composi\u00e7\u00e3o e essa \u00e1gua tamb\u00e9m hidrata nosso corpo\u201d afirma o nutricionista. Ele assegura que cerca de metade da quantidade de \u00e1gua que o corpo precisa, diariamente,&nbsp;vem dos alimentos. &#8220;E&nbsp;esses tipos de alimentos s\u00e3o os que mais contribuem para a quest\u00e3o da hidrata\u00e7\u00e3o.&#8221;<\/p>\n\n\n\n<p class=\"wp-block-paragraph\"><br><strong>Alimentos a serem evitados<\/strong><br>Conforme o nutricionista, o que precisa ser evitado em dias de muito calor s\u00e3o os alimentos ultraprocessados como porque esses alimentos como salgadinhos, doces\/guloseimas, biscoitos recheados, barras de cereais e embutidos como salsichas, mortadelas e lingui\u00e7as, al\u00e9m de bebidas l\u00e1cteas a\u00e7ucaradas e outros. \u201cO ideal \u00e9 evitar alimentos que passam por diversas fases de processamento, j\u00e1 que todo esse processo, necess\u00e1rio para ter maior durabilidade, retira toda a \u00e1gua deles, deixando-os pobres em \u00e1gua ou com baixo teor de \u00e1gua\u201d, declara.<br><br><br><strong>\u00c1gua \u00e9 importante<\/strong><br>Miranda diz que a ingest\u00e3o de \u00e1gua tamb\u00e9m \u00e9 muito importante. &#8220;A&nbsp;estrat\u00e9gia de manter uma garrafinha individual facilita, uma vez que o utens\u00edlio est\u00e1 sempre ao alcance das m\u00e3os, podendo ser utilizado na escola como um aliado para ficar constantemente bebendo \u00e1gua, especialmente depois de uma brincadeira ou uma atividade f\u00edsica rigorosa.\u201d&nbsp;O profissional alerta que os alunos sejam orientados a tomar \u00e1gua j\u00e1 nos primeiros sinais de sede para n\u00e3o correr o risco de desidrata\u00e7\u00e3o.<\/p>\n\n\n\n<p class=\"wp-block-paragraph\">Sobre outras bebidas, a orienta\u00e7\u00e3o \u00e9 sempre preferir as que seja a base de frutas, como sucos da pr\u00f3pria fruta ou de polpa, preferencialmente sem adi\u00e7\u00e3o de a\u00e7\u00facar ou com pouco a\u00e7\u00facar, evitando as&nbsp;ultraprocessadas, como sucos de caixinha ou refrigerantes. &#8220;Por mais que essas bebidas tenham l\u00edquidos, tamb\u00e9m cont\u00e9m diversos aditivos e alto teor de s\u00f3dio que podem ajudar numa poss\u00edvel desidrata\u00e7\u00e3o&#8221;, explica.<br><br><br><strong>Card\u00e1pio da escola<\/strong><br>Para os alunos da rede municipal de ensino de Palmas a alimenta\u00e7\u00e3o \u00e9 sempre variada e de acordo com card\u00e1pios elaborados com orienta\u00e7\u00e3o de nutricionistas, conforme o Programa Nacional de Alimenta\u00e7\u00e3o Escolar, com&nbsp;uma das diretrizes de uma alimenta\u00e7\u00e3o adequada e saud\u00e1vel. &#8220;A&nbsp;alimenta\u00e7\u00e3o escolar ofertada nas escolas da Capital \u00e9 basicamente composta por alimentos in natura ou minimamente processados, e dessa forma, no ambiente escolar, os alunos s\u00e3o alimentados com o alimento que \u00e9 servido na escola, n\u00e3o sendo necess\u00e1rio levar nenhuma outra de casa\u201d, conclui.<\/p>\n","protected":false},"excerpt":{"rendered":"<p>Muito se houve falar que em dias mais quentes \u00e9 necess\u00e1rio fazer uma alimenta\u00e7\u00e3o mais leve. Mas como seria fazer isto? O chefe da divis\u00e3o de alimenta\u00e7\u00e3o escolar, da Secretaria Municipal da Educa\u00e7\u00e3o de Palmas (Semed), nutricionista Rodrigo Miranda, destaca que, em primeiro lugar, \u00e9 necess\u00e1rio desfazer alguns mitos e, segundo ele, o mais comum [&hellip;]<\/p>\n","protected":false},"author":13,"featured_media":0,"comment_status":"open","ping_status":"open","sticky":false,"template":"","format":"standard","meta":{"_acf_changed":false,"footnotes":""},"categories":[22,898],"tags":[],"class_list":["post-73542","post","type-post","status-publish","format-standard","hentry","category-cidades","category-manchete-segundaria"],"acf":[],"yoast_head":"<!-- This site is optimized with the Yoast SEO plugin v24.4 - https:\/\/yoast.com\/wordpress\/plugins\/seo\/ -->\n<title>Nutricionista da Semed orienta alunos da rede municipal sobre alimenta\u00e7\u00e3o em dias mais quentes - PORTAL DE NOT\u00cdCIAS CLEITON PINHEIRO<\/title>\n<meta name=\"robots\" content=\"index, follow, max-snippet:-1, max-image-preview:large, max-video-preview:-1\" \/>\n<link rel=\"canonical\" href=\"https:\/\/cleitonpinheiro.com.br\/site\/nutricionista-da-semed-orienta-alunos-da-rede-municipal-sobre-alimentacao-em-dias-mais-quentes\/\" \/>\n<meta property=\"og:locale\" content=\"pt_BR\" \/>\n<meta property=\"og:type\" content=\"article\" \/>\n<meta property=\"og:title\" content=\"Nutricionista da Semed orienta alunos da rede municipal sobre alimenta\u00e7\u00e3o em dias mais quentes - PORTAL DE NOT\u00cdCIAS CLEITON PINHEIRO\" \/>\n<meta property=\"og:description\" content=\"Muito se houve falar que em dias mais quentes \u00e9 necess\u00e1rio fazer uma alimenta\u00e7\u00e3o mais leve. Mas como seria fazer isto? O chefe da divis\u00e3o de alimenta\u00e7\u00e3o escolar, da Secretaria Municipal da Educa\u00e7\u00e3o de Palmas (Semed), nutricionista Rodrigo Miranda, destaca que, em primeiro lugar, \u00e9 necess\u00e1rio desfazer alguns mitos e, segundo ele, o mais comum [&hellip;]\" \/>\n<meta property=\"og:url\" content=\"https:\/\/cleitonpinheiro.com.br\/site\/nutricionista-da-semed-orienta-alunos-da-rede-municipal-sobre-alimentacao-em-dias-mais-quentes\/\" \/>\n<meta property=\"og:site_name\" content=\"PORTAL DE NOT\u00cdCIAS CLEITON PINHEIRO\" \/>\n<meta property=\"article:publisher\" content=\"https:\/\/www.facebook.com\/portalcpnoticias\/\" \/>\n<meta property=\"article:published_time\" content=\"2023-08-17T19:09:22+00:00\" \/>\n<meta property=\"article:modified_time\" content=\"2023-08-17T19:09:25+00:00\" \/>\n<meta property=\"og:image\" content=\"https:\/\/cleitonpinheiro.com.br\/site\/wp-content\/uploads\/2023\/08\/a159e4bc360f42aca969cb681b03ce88.jpg\" \/>\n\t<meta property=\"og:image:width\" content=\"800\" \/>\n\t<meta property=\"og:image:height\" content=\"533\" \/>\n\t<meta property=\"og:image:type\" content=\"image\/jpeg\" \/>\n<meta name=\"author\" content=\"Reda\u00e7\u00e3o CP\" \/>\n<meta name=\"twitter:card\" content=\"summary_large_image\" \/>\n<meta name=\"twitter:label1\" content=\"Escrito por\" \/>\n\t<meta name=\"twitter:data1\" content=\"Reda\u00e7\u00e3o CP\" \/>\n\t<meta name=\"twitter:label2\" content=\"Est. tempo de leitura\" \/>\n\t<meta name=\"twitter:data2\" content=\"4 minutos\" \/>\n<script type=\"application\/ld+json\" class=\"yoast-schema-graph\">{\"@context\":\"https:\/\/schema.org\",\"@graph\":[{\"@type\":\"Article\",\"@id\":\"https:\/\/cleitonpinheiro.com.br\/site\/nutricionista-da-semed-orienta-alunos-da-rede-municipal-sobre-alimentacao-em-dias-mais-quentes\/#article\",\"isPartOf\":{\"@id\":\"https:\/\/cleitonpinheiro.com.br\/site\/nutricionista-da-semed-orienta-alunos-da-rede-municipal-sobre-alimentacao-em-dias-mais-quentes\/\"},\"author\":{\"name\":\"Reda\u00e7\u00e3o CP\",\"@id\":\"https:\/\/cleitonpinheiro.com.br\/site\/#\/schema\/person\/8f04544e0bc40a1b68775b08360f87db\"},\"headline\":\"Nutricionista da Semed orienta alunos da rede municipal sobre alimenta\u00e7\u00e3o em dias mais quentes\",\"datePublished\":\"2023-08-17T19:09:22+00:00\",\"dateModified\":\"2023-08-17T19:09:25+00:00\",\"mainEntityOfPage\":{\"@id\":\"https:\/\/cleitonpinheiro.com.br\/site\/nutricionista-da-semed-orienta-alunos-da-rede-municipal-sobre-alimentacao-em-dias-mais-quentes\/\"},\"wordCount\":598,\"commentCount\":0,\"publisher\":{\"@id\":\"https:\/\/cleitonpinheiro.com.br\/site\/#organization\"},\"image\":{\"@id\":\"https:\/\/cleitonpinheiro.com.br\/site\/nutricionista-da-semed-orienta-alunos-da-rede-municipal-sobre-alimentacao-em-dias-mais-quentes\/#primaryimage\"},\"thumbnailUrl\":\"https:\/\/cleitonpinheiro.com.br\/site\/wp-content\/uploads\/2023\/08\/a159e4bc360f42aca969cb681b03ce88.jpg\",\"articleSection\":[\"CIDADES\",\"MANCHETE SEGUND\u00c1RIA\"],\"inLanguage\":\"pt-BR\",\"potentialAction\":[{\"@type\":\"CommentAction\",\"name\":\"Comment\",\"target\":[\"https:\/\/cleitonpinheiro.com.br\/site\/nutricionista-da-semed-orienta-alunos-da-rede-municipal-sobre-alimentacao-em-dias-mais-quentes\/#respond\"]}]},{\"@type\":\"WebPage\",\"@id\":\"https:\/\/cleitonpinheiro.com.br\/site\/nutricionista-da-semed-orienta-alunos-da-rede-municipal-sobre-alimentacao-em-dias-mais-quentes\/\",\"url\":\"https:\/\/cleitonpinheiro.com.br\/site\/nutricionista-da-semed-orienta-alunos-da-rede-municipal-sobre-alimentacao-em-dias-mais-quentes\/\",\"name\":\"Nutricionista da Semed orienta alunos da rede municipal sobre alimenta\u00e7\u00e3o em dias mais quentes - PORTAL DE NOT\u00cdCIAS CLEITON PINHEIRO\",\"isPartOf\":{\"@id\":\"https:\/\/cleitonpinheiro.com.br\/site\/#website\"},\"primaryImageOfPage\":{\"@id\":\"https:\/\/cleitonpinheiro.com.br\/site\/nutricionista-da-semed-orienta-alunos-da-rede-municipal-sobre-alimentacao-em-dias-mais-quentes\/#primaryimage\"},\"image\":{\"@id\":\"https:\/\/cleitonpinheiro.com.br\/site\/nutricionista-da-semed-orienta-alunos-da-rede-municipal-sobre-alimentacao-em-dias-mais-quentes\/#primaryimage\"},\"thumbnailUrl\":\"https:\/\/cleitonpinheiro.com.br\/site\/wp-content\/uploads\/2023\/08\/a159e4bc360f42aca969cb681b03ce88.jpg\",\"datePublished\":\"2023-08-17T19:09:22+00:00\",\"dateModified\":\"2023-08-17T19:09:25+00:00\",\"breadcrumb\":{\"@id\":\"https:\/\/cleitonpinheiro.com.br\/site\/nutricionista-da-semed-orienta-alunos-da-rede-municipal-sobre-alimentacao-em-dias-mais-quentes\/#breadcrumb\"},\"inLanguage\":\"pt-BR\",\"potentialAction\":[{\"@type\":\"ReadAction\",\"target\":[\"https:\/\/cleitonpinheiro.com.br\/site\/nutricionista-da-semed-orienta-alunos-da-rede-municipal-sobre-alimentacao-em-dias-mais-quentes\/\"]}]},{\"@type\":\"ImageObject\",\"inLanguage\":\"pt-BR\",\"@id\":\"https:\/\/cleitonpinheiro.com.br\/site\/nutricionista-da-semed-orienta-alunos-da-rede-municipal-sobre-alimentacao-em-dias-mais-quentes\/#primaryimage\",\"url\":\"\",\"contentUrl\":\"\"},{\"@type\":\"BreadcrumbList\",\"@id\":\"https:\/\/cleitonpinheiro.com.br\/site\/nutricionista-da-semed-orienta-alunos-da-rede-municipal-sobre-alimentacao-em-dias-mais-quentes\/#breadcrumb\",\"itemListElement\":[{\"@type\":\"ListItem\",\"position\":1,\"name\":\"In\u00edcio\",\"item\":\"https:\/\/cleitonpinheiro.com.br\/site\/\"},{\"@type\":\"ListItem\",\"position\":2,\"name\":\"Nutricionista da Semed orienta alunos da rede municipal sobre alimenta\u00e7\u00e3o em dias mais quentes\"}]},{\"@type\":\"WebSite\",\"@id\":\"https:\/\/cleitonpinheiro.com.br\/site\/#website\",\"url\":\"https:\/\/cleitonpinheiro.com.br\/site\/\",\"name\":\"PORTAL DE NOT\u00cdCIAS CLEITON PINHEIRO\",\"description\":\"FALANDO A VERDADE\",\"publisher\":{\"@id\":\"https:\/\/cleitonpinheiro.com.br\/site\/#organization\"},\"potentialAction\":[{\"@type\":\"SearchAction\",\"target\":{\"@type\":\"EntryPoint\",\"urlTemplate\":\"https:\/\/cleitonpinheiro.com.br\/site\/?s={search_term_string}\"},\"query-input\":{\"@type\":\"PropertyValueSpecification\",\"valueRequired\":true,\"valueName\":\"search_term_string\"}}],\"inLanguage\":\"pt-BR\"},{\"@type\":\"Organization\",\"@id\":\"https:\/\/cleitonpinheiro.com.br\/site\/#organization\",\"name\":\"CPNOT\u00cdCIAS\",\"url\":\"https:\/\/cleitonpinheiro.com.br\/site\/\",\"logo\":{\"@type\":\"ImageObject\",\"inLanguage\":\"pt-BR\",\"@id\":\"https:\/\/cleitonpinheiro.com.br\/site\/#\/schema\/logo\/image\/\",\"url\":\"https:\/\/cleitonpinheiro.com.br\/site\/wp-content\/uploads\/2022\/08\/Logo-pequena-2.png\",\"contentUrl\":\"https:\/\/cleitonpinheiro.com.br\/site\/wp-content\/uploads\/2022\/08\/Logo-pequena-2.png\",\"width\":500,\"height\":500,\"caption\":\"CPNOT\u00cdCIAS\"},\"image\":{\"@id\":\"https:\/\/cleitonpinheiro.com.br\/site\/#\/schema\/logo\/image\/\"},\"sameAs\":[\"https:\/\/www.facebook.com\/portalcpnoticias\/\"]},{\"@type\":\"Person\",\"@id\":\"https:\/\/cleitonpinheiro.com.br\/site\/#\/schema\/person\/8f04544e0bc40a1b68775b08360f87db\",\"name\":\"Reda\u00e7\u00e3o CP\",\"image\":{\"@type\":\"ImageObject\",\"inLanguage\":\"pt-BR\",\"@id\":\"https:\/\/cleitonpinheiro.com.br\/site\/#\/schema\/person\/image\/\",\"url\":\"https:\/\/secure.gravatar.com\/avatar\/0bcf19cb29fdc8fc588c490c7ae1b3e174dac268586a63fbe1d1893a0f9020cd?s=96&r=g\",\"contentUrl\":\"https:\/\/secure.gravatar.com\/avatar\/0bcf19cb29fdc8fc588c490c7ae1b3e174dac268586a63fbe1d1893a0f9020cd?s=96&r=g\",\"caption\":\"Reda\u00e7\u00e3o CP\"},\"url\":\"https:\/\/cleitonpinheiro.com.br\/site\/author\/redacao\/\"}]}<\/script>\n<!-- \/ Yoast SEO plugin. -->","yoast_head_json":{"title":"Nutricionista da Semed orienta alunos da rede municipal sobre alimenta\u00e7\u00e3o em dias mais quentes - PORTAL DE NOT\u00cdCIAS CLEITON PINHEIRO","robots":{"index":"index","follow":"follow","max-snippet":"max-snippet:-1","max-image-preview":"max-image-preview:large","max-video-preview":"max-video-preview:-1"},"canonical":"https:\/\/cleitonpinheiro.com.br\/site\/nutricionista-da-semed-orienta-alunos-da-rede-municipal-sobre-alimentacao-em-dias-mais-quentes\/","og_locale":"pt_BR","og_type":"article","og_title":"Nutricionista da Semed orienta alunos da rede municipal sobre alimenta\u00e7\u00e3o em dias mais quentes - PORTAL DE NOT\u00cdCIAS CLEITON PINHEIRO","og_description":"Muito se houve falar que em dias mais quentes \u00e9 necess\u00e1rio fazer uma alimenta\u00e7\u00e3o mais leve. Mas como seria fazer isto? O chefe da divis\u00e3o de alimenta\u00e7\u00e3o escolar, da Secretaria Municipal da Educa\u00e7\u00e3o de Palmas (Semed), nutricionista Rodrigo Miranda, destaca que, em primeiro lugar, \u00e9 necess\u00e1rio desfazer alguns mitos e, segundo ele, o mais comum [&hellip;]","og_url":"https:\/\/cleitonpinheiro.com.br\/site\/nutricionista-da-semed-orienta-alunos-da-rede-municipal-sobre-alimentacao-em-dias-mais-quentes\/","og_site_name":"PORTAL DE NOT\u00cdCIAS CLEITON PINHEIRO","article_publisher":"https:\/\/www.facebook.com\/portalcpnoticias\/","article_published_time":"2023-08-17T19:09:22+00:00","article_modified_time":"2023-08-17T19:09:25+00:00","og_image":[{"width":800,"height":533,"url":"https:\/\/cleitonpinheiro.com.br\/site\/wp-content\/uploads\/2023\/08\/a159e4bc360f42aca969cb681b03ce88.jpg","type":"image\/jpeg"}],"author":"Reda\u00e7\u00e3o CP","twitter_card":"summary_large_image","twitter_misc":{"Escrito por":"Reda\u00e7\u00e3o CP","Est. tempo de leitura":"4 minutos"},"schema":{"@context":"https:\/\/schema.org","@graph":[{"@type":"Article","@id":"https:\/\/cleitonpinheiro.com.br\/site\/nutricionista-da-semed-orienta-alunos-da-rede-municipal-sobre-alimentacao-em-dias-mais-quentes\/#article","isPartOf":{"@id":"https:\/\/cleitonpinheiro.com.br\/site\/nutricionista-da-semed-orienta-alunos-da-rede-municipal-sobre-alimentacao-em-dias-mais-quentes\/"},"author":{"name":"Reda\u00e7\u00e3o CP","@id":"https:\/\/cleitonpinheiro.com.br\/site\/#\/schema\/person\/8f04544e0bc40a1b68775b08360f87db"},"headline":"Nutricionista da Semed orienta alunos da rede municipal sobre alimenta\u00e7\u00e3o em dias mais quentes","datePublished":"2023-08-17T19:09:22+00:00","dateModified":"2023-08-17T19:09:25+00:00","mainEntityOfPage":{"@id":"https:\/\/cleitonpinheiro.com.br\/site\/nutricionista-da-semed-orienta-alunos-da-rede-municipal-sobre-alimentacao-em-dias-mais-quentes\/"},"wordCount":598,"commentCount":0,"publisher":{"@id":"https:\/\/cleitonpinheiro.com.br\/site\/#organization"},"image":{"@id":"https:\/\/cleitonpinheiro.com.br\/site\/nutricionista-da-semed-orienta-alunos-da-rede-municipal-sobre-alimentacao-em-dias-mais-quentes\/#primaryimage"},"thumbnailUrl":"https:\/\/cleitonpinheiro.com.br\/site\/wp-content\/uploads\/2023\/08\/a159e4bc360f42aca969cb681b03ce88.jpg","articleSection":["CIDADES","MANCHETE SEGUND\u00c1RIA"],"inLanguage":"pt-BR","potentialAction":[{"@type":"CommentAction","name":"Comment","target":["https:\/\/cleitonpinheiro.com.br\/site\/nutricionista-da-semed-orienta-alunos-da-rede-municipal-sobre-alimentacao-em-dias-mais-quentes\/#respond"]}]},{"@type":"WebPage","@id":"https:\/\/cleitonpinheiro.com.br\/site\/nutricionista-da-semed-orienta-alunos-da-rede-municipal-sobre-alimentacao-em-dias-mais-quentes\/","url":"https:\/\/cleitonpinheiro.com.br\/site\/nutricionista-da-semed-orienta-alunos-da-rede-municipal-sobre-alimentacao-em-dias-mais-quentes\/","name":"Nutricionista da Semed orienta alunos da rede municipal sobre alimenta\u00e7\u00e3o em dias mais quentes - PORTAL DE NOT\u00cdCIAS CLEITON PINHEIRO","isPartOf":{"@id":"https:\/\/cleitonpinheiro.com.br\/site\/#website"},"primaryImageOfPage":{"@id":"https:\/\/cleitonpinheiro.com.br\/site\/nutricionista-da-semed-orienta-alunos-da-rede-municipal-sobre-alimentacao-em-dias-mais-quentes\/#primaryimage"},"image":{"@id":"https:\/\/cleitonpinheiro.com.br\/site\/nutricionista-da-semed-orienta-alunos-da-rede-municipal-sobre-alimentacao-em-dias-mais-quentes\/#primaryimage"},"thumbnailUrl":"https:\/\/cleitonpinheiro.com.br\/site\/wp-content\/uploads\/2023\/08\/a159e4bc360f42aca969cb681b03ce88.jpg","datePublished":"2023-08-17T19:09:22+00:00","dateModified":"2023-08-17T19:09:25+00:00","breadcrumb":{"@id":"https:\/\/cleitonpinheiro.com.br\/site\/nutricionista-da-semed-orienta-alunos-da-rede-municipal-sobre-alimentacao-em-dias-mais-quentes\/#breadcrumb"},"inLanguage":"pt-BR","potentialAction":[{"@type":"ReadAction","target":["https:\/\/cleitonpinheiro.com.br\/site\/nutricionista-da-semed-orienta-alunos-da-rede-municipal-sobre-alimentacao-em-dias-mais-quentes\/"]}]},{"@type":"ImageObject","inLanguage":"pt-BR","@id":"https:\/\/cleitonpinheiro.com.br\/site\/nutricionista-da-semed-orienta-alunos-da-rede-municipal-sobre-alimentacao-em-dias-mais-quentes\/#primaryimage","url":"","contentUrl":""},{"@type":"BreadcrumbList","@id":"https:\/\/cleitonpinheiro.com.br\/site\/nutricionista-da-semed-orienta-alunos-da-rede-municipal-sobre-alimentacao-em-dias-mais-quentes\/#breadcrumb","itemListElement":[{"@type":"ListItem","position":1,"name":"In\u00edcio","item":"https:\/\/cleitonpinheiro.com.br\/site\/"},{"@type":"ListItem","position":2,"name":"Nutricionista da Semed orienta alunos da rede municipal sobre alimenta\u00e7\u00e3o em dias mais quentes"}]},{"@type":"WebSite","@id":"https:\/\/cleitonpinheiro.com.br\/site\/#website","url":"https:\/\/cleitonpinheiro.com.br\/site\/","name":"PORTAL DE NOT\u00cdCIAS CLEITON PINHEIRO","description":"FALANDO A VERDADE","publisher":{"@id":"https:\/\/cleitonpinheiro.com.br\/site\/#organization"},"potentialAction":[{"@type":"SearchAction","target":{"@type":"EntryPoint","urlTemplate":"https:\/\/cleitonpinheiro.com.br\/site\/?s={search_term_string}"},"query-input":{"@type":"PropertyValueSpecification","valueRequired":true,"valueName":"search_term_string"}}],"inLanguage":"pt-BR"},{"@type":"Organization","@id":"https:\/\/cleitonpinheiro.com.br\/site\/#organization","name":"CPNOT\u00cdCIAS","url":"https:\/\/cleitonpinheiro.com.br\/site\/","logo":{"@type":"ImageObject","inLanguage":"pt-BR","@id":"https:\/\/cleitonpinheiro.com.br\/site\/#\/schema\/logo\/image\/","url":"https:\/\/cleitonpinheiro.com.br\/site\/wp-content\/uploads\/2022\/08\/Logo-pequena-2.png","contentUrl":"https:\/\/cleitonpinheiro.com.br\/site\/wp-content\/uploads\/2022\/08\/Logo-pequena-2.png","width":500,"height":500,"caption":"CPNOT\u00cdCIAS"},"image":{"@id":"https:\/\/cleitonpinheiro.com.br\/site\/#\/schema\/logo\/image\/"},"sameAs":["https:\/\/www.facebook.com\/portalcpnoticias\/"]},{"@type":"Person","@id":"https:\/\/cleitonpinheiro.com.br\/site\/#\/schema\/person\/8f04544e0bc40a1b68775b08360f87db","name":"Reda\u00e7\u00e3o CP","image":{"@type":"ImageObject","inLanguage":"pt-BR","@id":"https:\/\/cleitonpinheiro.com.br\/site\/#\/schema\/person\/image\/","url":"https:\/\/secure.gravatar.com\/avatar\/0bcf19cb29fdc8fc588c490c7ae1b3e174dac268586a63fbe1d1893a0f9020cd?s=96&r=g","contentUrl":"https:\/\/secure.gravatar.com\/avatar\/0bcf19cb29fdc8fc588c490c7ae1b3e174dac268586a63fbe1d1893a0f9020cd?s=96&r=g","caption":"Reda\u00e7\u00e3o CP"},"url":"https:\/\/cleitonpinheiro.com.br\/site\/author\/redacao\/"}]}},"views":90,"_links":{"self":[{"href":"https:\/\/cleitonpinheiro.com.br\/site\/wp-json\/wp\/v2\/posts\/73542","targetHints":{"allow":["GET"]}}],"collection":[{"href":"https:\/\/cleitonpinheiro.com.br\/site\/wp-json\/wp\/v2\/posts"}],"about":[{"href":"https:\/\/cleitonpinheiro.com.br\/site\/wp-json\/wp\/v2\/types\/post"}],"author":[{"embeddable":true,"href":"https:\/\/cleitonpinheiro.com.br\/site\/wp-json\/wp\/v2\/users\/13"}],"replies":[{"embeddable":true,"href":"https:\/\/cleitonpinheiro.com.br\/site\/wp-json\/wp\/v2\/comments?post=73542"}],"version-history":[{"count":1,"href":"https:\/\/cleitonpinheiro.com.br\/site\/wp-json\/wp\/v2\/posts\/73542\/revisions"}],"predecessor-version":[{"id":73544,"href":"https:\/\/cleitonpinheiro.com.br\/site\/wp-json\/wp\/v2\/posts\/73542\/revisions\/73544"}],"wp:attachment":[{"href":"https:\/\/cleitonpinheiro.com.br\/site\/wp-json\/wp\/v2\/media?parent=73542"}],"wp:term":[{"taxonomy":"category","embeddable":true,"href":"https:\/\/cleitonpinheiro.com.br\/site\/wp-json\/wp\/v2\/categories?post=73542"},{"taxonomy":"post_tag","embeddable":true,"href":"https:\/\/cleitonpinheiro.com.br\/site\/wp-json\/wp\/v2\/tags?post=73542"}],"curies":[{"name":"wp","href":"https:\/\/api.w.org\/{rel}","templated":true}]}}