{"id":73579,"date":"2023-08-19T13:17:28","date_gmt":"2023-08-19T16:17:28","guid":{"rendered":"https:\/\/cleitonpinheiro.com.br\/site\/?p=73579"},"modified":"2023-12-27T11:39:39","modified_gmt":"2023-12-27T14:39:39","slug":"estudante-da-rede-estadual-disputa-campeonato-mundial-escolar-de-atletismo-no-rio-de-janeiro","status":"publish","type":"post","link":"https:\/\/cleitonpinheiro.com.br\/site\/estudante-da-rede-estadual-disputa-campeonato-mundial-escolar-de-atletismo-no-rio-de-janeiro\/","title":{"rendered":"Estudante da rede estadual disputa Campeonato Mundial Escolar de Atletismo no Rio de Janeiro"},"content":{"rendered":"\n<figure class=\"wp-block-image size-full\"><img decoding=\"async\" src=\"https:\/\/cleitonpinheiro.com.br\/site\/wp-content\/uploads\/2023\/08\/343154.jpg\" alt=\"\" class=\"wp-image-73580\"\/><figcaption class=\"wp-element-caption\">De Combinado, Paulo Henrique se destacou nos Jogos Estudantis do Tocantins (Jets) &#8211; Foto: Mari Rios\/Governo do Tocantins<\/figcaption><\/figure>\n\n\n\n<p class=\"wp-block-paragraph\">O estudante Paulo Henrique Oliveira Silva, do Col\u00e9gio Estadual Joaquim de Sena e Silva, no munic\u00edpio de Combinado, vai representar o Brasil no Campeonato Mundial Escolar de Atletismo, na prova de salto em dist\u00e2ncia. O campeonato come\u00e7a neste s\u00e1bado, 19, e segue at\u00e9 o domingo, 27, no Rio de Janeiro (RJ). O atleta garantiu a vaga ao conquistar medalha de ouro no salto em dist\u00e2ncia no Campeonato Brasileiro Escolar de Atletismo, realizado em Bras\u00edlia (DF), em mar\u00e7o deste ano.<\/p>\n\n\n\n<p class=\"wp-block-paragraph\">Antes de seguir para disputar o mundial, Paulo Henrique treinou durante uma semana na pista de atletismo da Universidade Federal do Tocantins (UFT), C\u00e2mpus Palmas, uma oportunidade proporcionada pela Secretaria de Estado da Educa\u00e7\u00e3o (Seduc).<\/p>\n\n\n\n<p class=\"wp-block-paragraph\">O talento do estudante foi revelado pelas disputas nos Jogos Estudantis do Tocantins (Jets). Em 2019, conquistou o primeiro lugar na etapa estadual e a oportunidade de participar da etapa nacional, nos Jogos Escolares Brasileiros (Jebs), quando ficou em quinto lugar. Em 2022, foi novamente campe\u00e3o dos Jets, mas sofreu uma les\u00e3o na disputa do nacional, os Jogos da Juventude, o que o impediu de completar a prova.<\/p>\n\n\n\n<p class=\"wp-block-paragraph\">Paulo Henrique relata que, ap\u00f3s se recuperar da les\u00e3o, voltou a treinar forte e focado no seu objetivo: ser campe\u00e3o mundial. \u201cEste ano, fui convocado para a seletiva do brasileiro, gra\u00e7as a Deus ganhei l\u00e1 e, agora, vou disputar o mundial. Estou bem ansioso, nervoso, mas quero dar o meu melhor\u201d, afirmou. O atleta ressaltou ainda a import\u00e2ncia de incentivos e apoio. \u201cTenho muito a agradecer pelo apoio de todos, sou grato ao esporte na escola, porque \u00e9, por meio dele, que estou conquistando medalhas, disciplina, determina\u00e7\u00e3o e postura\u201d, finaliza.<\/p>\n\n\n\n<p class=\"wp-block-paragraph\">Para o t\u00e9cnico e professor Rone Jonanthan Pereira de Melo, ap\u00f3s as vit\u00f3rias de Paulo Henrique, outros estudantes est\u00e3o se interessando pelo atletismo. \u201cOs Jets t\u00eam revelado muitos talentos e ele despertou o interesse de outros alunos na modalidade, estou treinando mais dois que v\u00e3o disputar o nacional, um \u00e9 o irm\u00e3o dele. Treinamos bastante l\u00e1 em Combinado e, na pista oficial da UFT, estamos fazendo os ajustes finais, acertar a passada e o pulo, antes da competi\u00e7\u00e3o. \u00c9 de grande valia para o atleta vivenciar o que vai enfrentar nas disputas. Faremos o melhor, ele \u00e9 um estudante focado, disciplinado e est\u00e1 confiante\u201d, completa.<\/p>\n","protected":false},"excerpt":{"rendered":"<p>O estudante Paulo Henrique Oliveira Silva, do Col\u00e9gio Estadual Joaquim de Sena e Silva, no munic\u00edpio de Combinado, vai representar o Brasil no Campeonato Mundial Escolar de Atletismo, na prova de salto em dist\u00e2ncia. O campeonato come\u00e7a neste s\u00e1bado, 19, e segue at\u00e9 o domingo, 27, no Rio de Janeiro (RJ). O atleta garantiu a [&hellip;]<\/p>\n","protected":false},"author":13,"featured_media":0,"comment_status":"open","ping_status":"open","sticky":false,"template":"","format":"standard","meta":{"_acf_changed":false,"footnotes":""},"categories":[1,21],"tags":[94],"class_list":["post-73579","post","type-post","status-publish","format-standard","hentry","category-esporte","category-todas-noticias","tag-governo-do-tocantins"],"acf":[],"yoast_head":"<!-- This site is optimized with the Yoast SEO plugin v24.4 - https:\/\/yoast.com\/wordpress\/plugins\/seo\/ -->\n<title>Estudante da rede estadual disputa Campeonato Mundial Escolar de Atletismo no Rio de Janeiro - PORTAL DE NOT\u00cdCIAS CLEITON PINHEIRO<\/title>\n<meta name=\"robots\" content=\"index, follow, max-snippet:-1, max-image-preview:large, max-video-preview:-1\" \/>\n<link rel=\"canonical\" href=\"https:\/\/cleitonpinheiro.com.br\/site\/estudante-da-rede-estadual-disputa-campeonato-mundial-escolar-de-atletismo-no-rio-de-janeiro\/\" \/>\n<meta property=\"og:locale\" content=\"pt_BR\" \/>\n<meta property=\"og:type\" content=\"article\" \/>\n<meta property=\"og:title\" content=\"Estudante da rede estadual disputa Campeonato Mundial Escolar de Atletismo no Rio de Janeiro - PORTAL DE NOT\u00cdCIAS CLEITON PINHEIRO\" \/>\n<meta property=\"og:description\" content=\"O estudante Paulo Henrique Oliveira Silva, do Col\u00e9gio Estadual Joaquim de Sena e Silva, no munic\u00edpio de Combinado, vai representar o Brasil no Campeonato Mundial Escolar de Atletismo, na prova de salto em dist\u00e2ncia. O campeonato come\u00e7a neste s\u00e1bado, 19, e segue at\u00e9 o domingo, 27, no Rio de Janeiro (RJ). O atleta garantiu a [&hellip;]\" \/>\n<meta property=\"og:url\" content=\"https:\/\/cleitonpinheiro.com.br\/site\/estudante-da-rede-estadual-disputa-campeonato-mundial-escolar-de-atletismo-no-rio-de-janeiro\/\" \/>\n<meta property=\"og:site_name\" content=\"PORTAL DE NOT\u00cdCIAS CLEITON PINHEIRO\" \/>\n<meta property=\"article:publisher\" content=\"https:\/\/www.facebook.com\/portalcpnoticias\/\" \/>\n<meta property=\"article:published_time\" content=\"2023-08-19T16:17:28+00:00\" \/>\n<meta property=\"article:modified_time\" content=\"2023-12-27T14:39:39+00:00\" \/>\n<meta property=\"og:image\" content=\"https:\/\/cleitonpinheiro.com.br\/site\/wp-content\/uploads\/2023\/08\/343154.jpg\" \/>\n\t<meta property=\"og:image:width\" content=\"883\" \/>\n\t<meta property=\"og:image:height\" content=\"505\" \/>\n\t<meta property=\"og:image:type\" content=\"image\/jpeg\" \/>\n<meta name=\"author\" content=\"Reda\u00e7\u00e3o CP\" \/>\n<meta name=\"twitter:card\" content=\"summary_large_image\" \/>\n<meta name=\"twitter:label1\" content=\"Escrito por\" \/>\n\t<meta name=\"twitter:data1\" content=\"Reda\u00e7\u00e3o CP\" \/>\n\t<meta name=\"twitter:label2\" content=\"Est. tempo de leitura\" \/>\n\t<meta name=\"twitter:data2\" content=\"3 minutos\" \/>\n<script type=\"application\/ld+json\" class=\"yoast-schema-graph\">{\"@context\":\"https:\/\/schema.org\",\"@graph\":[{\"@type\":\"Article\",\"@id\":\"https:\/\/cleitonpinheiro.com.br\/site\/estudante-da-rede-estadual-disputa-campeonato-mundial-escolar-de-atletismo-no-rio-de-janeiro\/#article\",\"isPartOf\":{\"@id\":\"https:\/\/cleitonpinheiro.com.br\/site\/estudante-da-rede-estadual-disputa-campeonato-mundial-escolar-de-atletismo-no-rio-de-janeiro\/\"},\"author\":{\"name\":\"Reda\u00e7\u00e3o CP\",\"@id\":\"https:\/\/cleitonpinheiro.com.br\/site\/#\/schema\/person\/8f04544e0bc40a1b68775b08360f87db\"},\"headline\":\"Estudante da rede estadual disputa Campeonato Mundial Escolar de Atletismo no Rio de Janeiro\",\"datePublished\":\"2023-08-19T16:17:28+00:00\",\"dateModified\":\"2023-12-27T14:39:39+00:00\",\"mainEntityOfPage\":{\"@id\":\"https:\/\/cleitonpinheiro.com.br\/site\/estudante-da-rede-estadual-disputa-campeonato-mundial-escolar-de-atletismo-no-rio-de-janeiro\/\"},\"wordCount\":428,\"commentCount\":0,\"publisher\":{\"@id\":\"https:\/\/cleitonpinheiro.com.br\/site\/#organization\"},\"image\":{\"@id\":\"https:\/\/cleitonpinheiro.com.br\/site\/estudante-da-rede-estadual-disputa-campeonato-mundial-escolar-de-atletismo-no-rio-de-janeiro\/#primaryimage\"},\"thumbnailUrl\":\"https:\/\/cleitonpinheiro.com.br\/site\/wp-content\/uploads\/2023\/08\/343154.jpg\",\"keywords\":[\"governo do tocantins\"],\"articleSection\":[\"ESPORTE\",\"TODAS NOTICIAS\"],\"inLanguage\":\"pt-BR\",\"potentialAction\":[{\"@type\":\"CommentAction\",\"name\":\"Comment\",\"target\":[\"https:\/\/cleitonpinheiro.com.br\/site\/estudante-da-rede-estadual-disputa-campeonato-mundial-escolar-de-atletismo-no-rio-de-janeiro\/#respond\"]}]},{\"@type\":\"WebPage\",\"@id\":\"https:\/\/cleitonpinheiro.com.br\/site\/estudante-da-rede-estadual-disputa-campeonato-mundial-escolar-de-atletismo-no-rio-de-janeiro\/\",\"url\":\"https:\/\/cleitonpinheiro.com.br\/site\/estudante-da-rede-estadual-disputa-campeonato-mundial-escolar-de-atletismo-no-rio-de-janeiro\/\",\"name\":\"Estudante da rede estadual disputa Campeonato Mundial Escolar de Atletismo no Rio de Janeiro - PORTAL DE NOT\u00cdCIAS CLEITON PINHEIRO\",\"isPartOf\":{\"@id\":\"https:\/\/cleitonpinheiro.com.br\/site\/#website\"},\"primaryImageOfPage\":{\"@id\":\"https:\/\/cleitonpinheiro.com.br\/site\/estudante-da-rede-estadual-disputa-campeonato-mundial-escolar-de-atletismo-no-rio-de-janeiro\/#primaryimage\"},\"image\":{\"@id\":\"https:\/\/cleitonpinheiro.com.br\/site\/estudante-da-rede-estadual-disputa-campeonato-mundial-escolar-de-atletismo-no-rio-de-janeiro\/#primaryimage\"},\"thumbnailUrl\":\"https:\/\/cleitonpinheiro.com.br\/site\/wp-content\/uploads\/2023\/08\/343154.jpg\",\"datePublished\":\"2023-08-19T16:17:28+00:00\",\"dateModified\":\"2023-12-27T14:39:39+00:00\",\"breadcrumb\":{\"@id\":\"https:\/\/cleitonpinheiro.com.br\/site\/estudante-da-rede-estadual-disputa-campeonato-mundial-escolar-de-atletismo-no-rio-de-janeiro\/#breadcrumb\"},\"inLanguage\":\"pt-BR\",\"potentialAction\":[{\"@type\":\"ReadAction\",\"target\":[\"https:\/\/cleitonpinheiro.com.br\/site\/estudante-da-rede-estadual-disputa-campeonato-mundial-escolar-de-atletismo-no-rio-de-janeiro\/\"]}]},{\"@type\":\"ImageObject\",\"inLanguage\":\"pt-BR\",\"@id\":\"https:\/\/cleitonpinheiro.com.br\/site\/estudante-da-rede-estadual-disputa-campeonato-mundial-escolar-de-atletismo-no-rio-de-janeiro\/#primaryimage\",\"url\":\"\",\"contentUrl\":\"\"},{\"@type\":\"BreadcrumbList\",\"@id\":\"https:\/\/cleitonpinheiro.com.br\/site\/estudante-da-rede-estadual-disputa-campeonato-mundial-escolar-de-atletismo-no-rio-de-janeiro\/#breadcrumb\",\"itemListElement\":[{\"@type\":\"ListItem\",\"position\":1,\"name\":\"In\u00edcio\",\"item\":\"https:\/\/cleitonpinheiro.com.br\/site\/\"},{\"@type\":\"ListItem\",\"position\":2,\"name\":\"Estudante da rede estadual disputa Campeonato Mundial Escolar de Atletismo no Rio de Janeiro\"}]},{\"@type\":\"WebSite\",\"@id\":\"https:\/\/cleitonpinheiro.com.br\/site\/#website\",\"url\":\"https:\/\/cleitonpinheiro.com.br\/site\/\",\"name\":\"PORTAL DE NOT\u00cdCIAS CLEITON PINHEIRO\",\"description\":\"FALANDO A VERDADE\",\"publisher\":{\"@id\":\"https:\/\/cleitonpinheiro.com.br\/site\/#organization\"},\"potentialAction\":[{\"@type\":\"SearchAction\",\"target\":{\"@type\":\"EntryPoint\",\"urlTemplate\":\"https:\/\/cleitonpinheiro.com.br\/site\/?s={search_term_string}\"},\"query-input\":{\"@type\":\"PropertyValueSpecification\",\"valueRequired\":true,\"valueName\":\"search_term_string\"}}],\"inLanguage\":\"pt-BR\"},{\"@type\":\"Organization\",\"@id\":\"https:\/\/cleitonpinheiro.com.br\/site\/#organization\",\"name\":\"CPNOT\u00cdCIAS\",\"url\":\"https:\/\/cleitonpinheiro.com.br\/site\/\",\"logo\":{\"@type\":\"ImageObject\",\"inLanguage\":\"pt-BR\",\"@id\":\"https:\/\/cleitonpinheiro.com.br\/site\/#\/schema\/logo\/image\/\",\"url\":\"https:\/\/cleitonpinheiro.com.br\/site\/wp-content\/uploads\/2022\/08\/Logo-pequena-2.png\",\"contentUrl\":\"https:\/\/cleitonpinheiro.com.br\/site\/wp-content\/uploads\/2022\/08\/Logo-pequena-2.png\",\"width\":500,\"height\":500,\"caption\":\"CPNOT\u00cdCIAS\"},\"image\":{\"@id\":\"https:\/\/cleitonpinheiro.com.br\/site\/#\/schema\/logo\/image\/\"},\"sameAs\":[\"https:\/\/www.facebook.com\/portalcpnoticias\/\"]},{\"@type\":\"Person\",\"@id\":\"https:\/\/cleitonpinheiro.com.br\/site\/#\/schema\/person\/8f04544e0bc40a1b68775b08360f87db\",\"name\":\"Reda\u00e7\u00e3o CP\",\"image\":{\"@type\":\"ImageObject\",\"inLanguage\":\"pt-BR\",\"@id\":\"https:\/\/cleitonpinheiro.com.br\/site\/#\/schema\/person\/image\/\",\"url\":\"https:\/\/secure.gravatar.com\/avatar\/0bcf19cb29fdc8fc588c490c7ae1b3e174dac268586a63fbe1d1893a0f9020cd?s=96&r=g\",\"contentUrl\":\"https:\/\/secure.gravatar.com\/avatar\/0bcf19cb29fdc8fc588c490c7ae1b3e174dac268586a63fbe1d1893a0f9020cd?s=96&r=g\",\"caption\":\"Reda\u00e7\u00e3o CP\"},\"url\":\"https:\/\/cleitonpinheiro.com.br\/site\/author\/redacao\/\"}]}<\/script>\n<!-- \/ Yoast SEO plugin. -->","yoast_head_json":{"title":"Estudante da rede estadual disputa Campeonato Mundial Escolar de Atletismo no Rio de Janeiro - PORTAL DE NOT\u00cdCIAS CLEITON PINHEIRO","robots":{"index":"index","follow":"follow","max-snippet":"max-snippet:-1","max-image-preview":"max-image-preview:large","max-video-preview":"max-video-preview:-1"},"canonical":"https:\/\/cleitonpinheiro.com.br\/site\/estudante-da-rede-estadual-disputa-campeonato-mundial-escolar-de-atletismo-no-rio-de-janeiro\/","og_locale":"pt_BR","og_type":"article","og_title":"Estudante da rede estadual disputa Campeonato Mundial Escolar de Atletismo no Rio de Janeiro - PORTAL DE NOT\u00cdCIAS CLEITON PINHEIRO","og_description":"O estudante Paulo Henrique Oliveira Silva, do Col\u00e9gio Estadual Joaquim de Sena e Silva, no munic\u00edpio de Combinado, vai representar o Brasil no Campeonato Mundial Escolar de Atletismo, na prova de salto em dist\u00e2ncia. O campeonato come\u00e7a neste s\u00e1bado, 19, e segue at\u00e9 o domingo, 27, no Rio de Janeiro (RJ). O atleta garantiu a [&hellip;]","og_url":"https:\/\/cleitonpinheiro.com.br\/site\/estudante-da-rede-estadual-disputa-campeonato-mundial-escolar-de-atletismo-no-rio-de-janeiro\/","og_site_name":"PORTAL DE NOT\u00cdCIAS CLEITON PINHEIRO","article_publisher":"https:\/\/www.facebook.com\/portalcpnoticias\/","article_published_time":"2023-08-19T16:17:28+00:00","article_modified_time":"2023-12-27T14:39:39+00:00","og_image":[{"width":883,"height":505,"url":"https:\/\/cleitonpinheiro.com.br\/site\/wp-content\/uploads\/2023\/08\/343154.jpg","type":"image\/jpeg"}],"author":"Reda\u00e7\u00e3o CP","twitter_card":"summary_large_image","twitter_misc":{"Escrito por":"Reda\u00e7\u00e3o CP","Est. tempo de leitura":"3 minutos"},"schema":{"@context":"https:\/\/schema.org","@graph":[{"@type":"Article","@id":"https:\/\/cleitonpinheiro.com.br\/site\/estudante-da-rede-estadual-disputa-campeonato-mundial-escolar-de-atletismo-no-rio-de-janeiro\/#article","isPartOf":{"@id":"https:\/\/cleitonpinheiro.com.br\/site\/estudante-da-rede-estadual-disputa-campeonato-mundial-escolar-de-atletismo-no-rio-de-janeiro\/"},"author":{"name":"Reda\u00e7\u00e3o CP","@id":"https:\/\/cleitonpinheiro.com.br\/site\/#\/schema\/person\/8f04544e0bc40a1b68775b08360f87db"},"headline":"Estudante da rede estadual disputa Campeonato Mundial Escolar de Atletismo no Rio de Janeiro","datePublished":"2023-08-19T16:17:28+00:00","dateModified":"2023-12-27T14:39:39+00:00","mainEntityOfPage":{"@id":"https:\/\/cleitonpinheiro.com.br\/site\/estudante-da-rede-estadual-disputa-campeonato-mundial-escolar-de-atletismo-no-rio-de-janeiro\/"},"wordCount":428,"commentCount":0,"publisher":{"@id":"https:\/\/cleitonpinheiro.com.br\/site\/#organization"},"image":{"@id":"https:\/\/cleitonpinheiro.com.br\/site\/estudante-da-rede-estadual-disputa-campeonato-mundial-escolar-de-atletismo-no-rio-de-janeiro\/#primaryimage"},"thumbnailUrl":"https:\/\/cleitonpinheiro.com.br\/site\/wp-content\/uploads\/2023\/08\/343154.jpg","keywords":["governo do tocantins"],"articleSection":["ESPORTE","TODAS NOTICIAS"],"inLanguage":"pt-BR","potentialAction":[{"@type":"CommentAction","name":"Comment","target":["https:\/\/cleitonpinheiro.com.br\/site\/estudante-da-rede-estadual-disputa-campeonato-mundial-escolar-de-atletismo-no-rio-de-janeiro\/#respond"]}]},{"@type":"WebPage","@id":"https:\/\/cleitonpinheiro.com.br\/site\/estudante-da-rede-estadual-disputa-campeonato-mundial-escolar-de-atletismo-no-rio-de-janeiro\/","url":"https:\/\/cleitonpinheiro.com.br\/site\/estudante-da-rede-estadual-disputa-campeonato-mundial-escolar-de-atletismo-no-rio-de-janeiro\/","name":"Estudante da rede estadual disputa Campeonato Mundial Escolar de Atletismo no Rio de Janeiro - PORTAL DE NOT\u00cdCIAS CLEITON PINHEIRO","isPartOf":{"@id":"https:\/\/cleitonpinheiro.com.br\/site\/#website"},"primaryImageOfPage":{"@id":"https:\/\/cleitonpinheiro.com.br\/site\/estudante-da-rede-estadual-disputa-campeonato-mundial-escolar-de-atletismo-no-rio-de-janeiro\/#primaryimage"},"image":{"@id":"https:\/\/cleitonpinheiro.com.br\/site\/estudante-da-rede-estadual-disputa-campeonato-mundial-escolar-de-atletismo-no-rio-de-janeiro\/#primaryimage"},"thumbnailUrl":"https:\/\/cleitonpinheiro.com.br\/site\/wp-content\/uploads\/2023\/08\/343154.jpg","datePublished":"2023-08-19T16:17:28+00:00","dateModified":"2023-12-27T14:39:39+00:00","breadcrumb":{"@id":"https:\/\/cleitonpinheiro.com.br\/site\/estudante-da-rede-estadual-disputa-campeonato-mundial-escolar-de-atletismo-no-rio-de-janeiro\/#breadcrumb"},"inLanguage":"pt-BR","potentialAction":[{"@type":"ReadAction","target":["https:\/\/cleitonpinheiro.com.br\/site\/estudante-da-rede-estadual-disputa-campeonato-mundial-escolar-de-atletismo-no-rio-de-janeiro\/"]}]},{"@type":"ImageObject","inLanguage":"pt-BR","@id":"https:\/\/cleitonpinheiro.com.br\/site\/estudante-da-rede-estadual-disputa-campeonato-mundial-escolar-de-atletismo-no-rio-de-janeiro\/#primaryimage","url":"","contentUrl":""},{"@type":"BreadcrumbList","@id":"https:\/\/cleitonpinheiro.com.br\/site\/estudante-da-rede-estadual-disputa-campeonato-mundial-escolar-de-atletismo-no-rio-de-janeiro\/#breadcrumb","itemListElement":[{"@type":"ListItem","position":1,"name":"In\u00edcio","item":"https:\/\/cleitonpinheiro.com.br\/site\/"},{"@type":"ListItem","position":2,"name":"Estudante da rede estadual disputa Campeonato Mundial Escolar de Atletismo no Rio de Janeiro"}]},{"@type":"WebSite","@id":"https:\/\/cleitonpinheiro.com.br\/site\/#website","url":"https:\/\/cleitonpinheiro.com.br\/site\/","name":"PORTAL DE NOT\u00cdCIAS CLEITON PINHEIRO","description":"FALANDO A VERDADE","publisher":{"@id":"https:\/\/cleitonpinheiro.com.br\/site\/#organization"},"potentialAction":[{"@type":"SearchAction","target":{"@type":"EntryPoint","urlTemplate":"https:\/\/cleitonpinheiro.com.br\/site\/?s={search_term_string}"},"query-input":{"@type":"PropertyValueSpecification","valueRequired":true,"valueName":"search_term_string"}}],"inLanguage":"pt-BR"},{"@type":"Organization","@id":"https:\/\/cleitonpinheiro.com.br\/site\/#organization","name":"CPNOT\u00cdCIAS","url":"https:\/\/cleitonpinheiro.com.br\/site\/","logo":{"@type":"ImageObject","inLanguage":"pt-BR","@id":"https:\/\/cleitonpinheiro.com.br\/site\/#\/schema\/logo\/image\/","url":"https:\/\/cleitonpinheiro.com.br\/site\/wp-content\/uploads\/2022\/08\/Logo-pequena-2.png","contentUrl":"https:\/\/cleitonpinheiro.com.br\/site\/wp-content\/uploads\/2022\/08\/Logo-pequena-2.png","width":500,"height":500,"caption":"CPNOT\u00cdCIAS"},"image":{"@id":"https:\/\/cleitonpinheiro.com.br\/site\/#\/schema\/logo\/image\/"},"sameAs":["https:\/\/www.facebook.com\/portalcpnoticias\/"]},{"@type":"Person","@id":"https:\/\/cleitonpinheiro.com.br\/site\/#\/schema\/person\/8f04544e0bc40a1b68775b08360f87db","name":"Reda\u00e7\u00e3o CP","image":{"@type":"ImageObject","inLanguage":"pt-BR","@id":"https:\/\/cleitonpinheiro.com.br\/site\/#\/schema\/person\/image\/","url":"https:\/\/secure.gravatar.com\/avatar\/0bcf19cb29fdc8fc588c490c7ae1b3e174dac268586a63fbe1d1893a0f9020cd?s=96&r=g","contentUrl":"https:\/\/secure.gravatar.com\/avatar\/0bcf19cb29fdc8fc588c490c7ae1b3e174dac268586a63fbe1d1893a0f9020cd?s=96&r=g","caption":"Reda\u00e7\u00e3o CP"},"url":"https:\/\/cleitonpinheiro.com.br\/site\/author\/redacao\/"}]}},"views":131,"_links":{"self":[{"href":"https:\/\/cleitonpinheiro.com.br\/site\/wp-json\/wp\/v2\/posts\/73579","targetHints":{"allow":["GET"]}}],"collection":[{"href":"https:\/\/cleitonpinheiro.com.br\/site\/wp-json\/wp\/v2\/posts"}],"about":[{"href":"https:\/\/cleitonpinheiro.com.br\/site\/wp-json\/wp\/v2\/types\/post"}],"author":[{"embeddable":true,"href":"https:\/\/cleitonpinheiro.com.br\/site\/wp-json\/wp\/v2\/users\/13"}],"replies":[{"embeddable":true,"href":"https:\/\/cleitonpinheiro.com.br\/site\/wp-json\/wp\/v2\/comments?post=73579"}],"version-history":[{"count":1,"href":"https:\/\/cleitonpinheiro.com.br\/site\/wp-json\/wp\/v2\/posts\/73579\/revisions"}],"predecessor-version":[{"id":73581,"href":"https:\/\/cleitonpinheiro.com.br\/site\/wp-json\/wp\/v2\/posts\/73579\/revisions\/73581"}],"wp:attachment":[{"href":"https:\/\/cleitonpinheiro.com.br\/site\/wp-json\/wp\/v2\/media?parent=73579"}],"wp:term":[{"taxonomy":"category","embeddable":true,"href":"https:\/\/cleitonpinheiro.com.br\/site\/wp-json\/wp\/v2\/categories?post=73579"},{"taxonomy":"post_tag","embeddable":true,"href":"https:\/\/cleitonpinheiro.com.br\/site\/wp-json\/wp\/v2\/tags?post=73579"}],"curies":[{"name":"wp","href":"https:\/\/api.w.org\/{rel}","templated":true}]}}