{"id":73593,"date":"2023-08-21T11:13:22","date_gmt":"2023-08-21T14:13:22","guid":{"rendered":"https:\/\/cleitonpinheiro.com.br\/site\/?p=73593"},"modified":"2023-08-21T11:13:24","modified_gmt":"2023-08-21T14:13:24","slug":"agtur-convoca-quatro-novos-participantes-para-17o-festival-gastronomico-de-taquarucu","status":"publish","type":"post","link":"https:\/\/cleitonpinheiro.com.br\/site\/agtur-convoca-quatro-novos-participantes-para-17o-festival-gastronomico-de-taquarucu\/","title":{"rendered":"Agtur convoca quatro novos participantes para 17\u00ba Festival Gastron\u00f4mico de Taquaru\u00e7u"},"content":{"rendered":"\n<figure class=\"wp-block-image size-full\"><img decoding=\"async\" src=\"https:\/\/cleitonpinheiro.com.br\/site\/wp-content\/uploads\/2023\/08\/b69ace83-f1b9-4e4a-9374-2abb6627f862.jpg\" alt=\"\" class=\"wp-image-73274\"\/><figcaption class=\"wp-element-caption\">17\u00ba FGT acontece nos dias 6 a 10 de setembro &#8211; Foto: Regiane Rocha\/Prefeitura de Palmas<\/figcaption><\/figure>\n\n\n\n<p class=\"wp-block-paragraph\">A Prefeitura Municipal de Palmas, por meio da Ag\u00eancia de Turismo (Agtur), convocou na noite desta sexta-feira, 18, no Di\u00e1rio Oficial do Munic\u00edpio (DOM), quatro novos candidatos classificados para participarem do 17\u00ba Festival Gastron\u00f4mico de Taquaru\u00e7u (FGT) que acontecer\u00e1 nos dias 6 a 10 de setembro, no distrito de Taquaru\u00e7u. Confira a publica\u00e7\u00e3o\u00a0<a href=\"http:\/\/diariooficial.palmas.to.gov.br\/media\/diario\/3286-18-8-2023-20-30-56.pdf\" target=\"_blank\" rel=\"noreferrer noopener\">aqui<\/a>.<\/p>\n\n\n\n<p class=\"wp-block-paragraph\">Ap\u00f3s an\u00e1lise t\u00e9cnica, obedecendo \u00e0s normas contidas no edital do concurso, no item 4.2.3, &nbsp;a comiss\u00e3o organizadora convocou quatro novos candidatos para preenchimento das vagas remanescentes devido a n\u00e3o classifica\u00e7\u00e3o de concorrentes das categorias: Prato Sa\u00fade e Bem-Estar, as tr\u00eas vagas ser\u00e3o destinadas para as demais categorias, sendo uma para Comidinha Salgada, uma para Prato Salgado e uma para Prato Doce. Totalizando 41 participantes na disputa do concurso gastron\u00f4mico, passando as seis categorias a serem divididas da seguinte forma: dez &#8220;Comidinha Salgada&#8221;; dez &#8220;Prato Salgado&#8221;; dez &#8220;Prato Doce&#8221;; seis &#8220;Traller Food Truck&#8221;; tr\u00eas &#8220;Prato Sa\u00fade e Bem-Estar&#8221; e quatro &#8220;Rota Gastron\u00f4mica&#8221;.<\/p>\n\n\n\n<p class=\"wp-block-paragraph\">A diretora de Promo\u00e7\u00e3o e Eventos da Agtur, M\u00f4nica Hardman, explica que em busca de manter a equidade do processo, tamb\u00e9m ser\u00e1 convocado mais uma vaga para a Categoria Traller\/Food Truck. &#8220;Chamamos mais uma vaga para a categoria food trucks, pois sabemos que estes possuem uma capacidade de atendimento compat\u00edvel com a demanda do festival, e para que possamos atender melhor os frequentadores&#8221;, explicou a diretora.<\/p>\n\n\n\n<p class=\"wp-block-paragraph\">Quanto a categoria Rota Gastron\u00f4mica, a diretora ressalta que infelizmente o n\u00famero de inscritos n\u00e3o supriram o n\u00famero de vagas, e que por se tratar de uma categoria que funciona nos pr\u00f3prios estabelecimentos, impossibilita a convoca\u00e7\u00e3o de novos candidatos.&nbsp;<\/p>\n\n\n\n<p class=\"wp-block-paragraph\">A Agtur destaca que todos os convocados devem obrigatoriamente passar pelos treinamentos de qualifica\u00e7\u00e3o. Os cursos de Higiene Pessoal e Manipula\u00e7\u00e3o de Alimentos e Empreendedorismo acontecer\u00e3o nos pr\u00f3ximos dias 22 e 23 de agosto, no Centro de Conven\u00e7\u00f5es Arnaud Rodrigues, conforme publicado no Di\u00e1rio Oficial do Munic\u00edpio. Os concorrentes devem apresentar o certificado de conclus\u00e3o dos cursos, sob pena de desclassifica\u00e7\u00e3o. A lista final de participantes ser\u00e1 divulgada ap\u00f3s estes cursos.<\/p>\n\n\n\n<p class=\"wp-block-paragraph\"><strong>17\u00ba FGT<\/strong><\/p>\n\n\n\n<p class=\"wp-block-paragraph\">O evento ser\u00e1 realizado de 6 a 10 de setembro, em Taquaru\u00e7u, com participa\u00e7\u00e3o de 44&nbsp;concorrentes. Este ano, dentre as novidades anunciadas pela Prefeitura de Palmas h\u00e1 a amplia\u00e7\u00e3o da categoria vegetariana, para Sa\u00fade e Bem-estar, que estende as op\u00e7\u00f5es de prepara\u00e7\u00f5es para intolerantes a lactose e para o p\u00fablico que busca por op\u00e7\u00f5es light e diet.&nbsp;E, por fim, o aumento no valor das premia\u00e7\u00f5es, passando de R$ 72 mil para R$ 114 mil. Agora ser\u00e3o R$ 10 mil para os primeiros lugares, R$ 6 mil para os segundos lugares, e R$ 3 mil para os terceiros, em cada categoria.<\/p>\n\n\n\n<p class=\"wp-block-paragraph\"><strong>Novos Convocados para 17\u00ba FGT<\/strong><\/p>\n\n\n\n<p class=\"wp-block-paragraph\"><strong>Categoria Comidinha Salgada<\/strong><br><strong>Participante:<\/strong>&nbsp;Ilana Borges de Fran\u00e7a &nbsp;&nbsp;<br><strong>Nome do Prato:<\/strong>&nbsp;Oxe My Dog no Palito<\/p>\n\n\n\n<p class=\"wp-block-paragraph\"><strong>Categoria Prato Salgado&nbsp;<\/strong><br><strong>Participante:<\/strong>&nbsp;Marcos Vinicius B. da Silva<br><strong>Nome do Prato:<\/strong>&nbsp;Carne na Chapa<\/p>\n\n\n\n<p class=\"wp-block-paragraph\"><strong>Categoria Prato Doce&nbsp;<\/strong><br><strong>Participante:<\/strong>&nbsp;Ilzani de Sousa Carvalho<br><strong>Nome do Prato:<\/strong>&nbsp;&nbsp;Flan de Mangaba e Baba\u00e7u<\/p>\n\n\n\n<p class=\"wp-block-paragraph\"><strong>Categoria Trailler\/Food Truck<\/strong><br><strong>Participante:<\/strong>&nbsp;Rog\u00e9rio Soares Melo &nbsp;<br><strong>Nome do Prato:<\/strong>&nbsp;Churrasco no P\u00e3o Graciosa<\/p>\n","protected":false},"excerpt":{"rendered":"<p>A Prefeitura Municipal de Palmas, por meio da Ag\u00eancia de Turismo (Agtur), convocou na noite desta sexta-feira, 18, no Di\u00e1rio Oficial do Munic\u00edpio (DOM), quatro novos candidatos classificados para participarem do 17\u00ba Festival Gastron\u00f4mico de Taquaru\u00e7u (FGT) que acontecer\u00e1 nos dias 6 a 10 de setembro, no distrito de Taquaru\u00e7u. Confira a publica\u00e7\u00e3o\u00a0aqui. Ap\u00f3s an\u00e1lise [&hellip;]<\/p>\n","protected":false},"author":13,"featured_media":0,"comment_status":"open","ping_status":"open","sticky":false,"template":"","format":"standard","meta":{"_acf_changed":false,"footnotes":""},"categories":[22],"tags":[1024,720,956],"class_list":["post-73593","post","type-post","status-publish","format-standard","hentry","category-cidades","tag-17-fgt","tag-prefeitura-de-palmas","tag-taquarucu"],"acf":[],"yoast_head":"<!-- This site is optimized with the Yoast SEO plugin v24.4 - https:\/\/yoast.com\/wordpress\/plugins\/seo\/ -->\n<title>Agtur convoca quatro novos participantes para 17\u00ba Festival Gastron\u00f4mico de Taquaru\u00e7u - PORTAL DE NOT\u00cdCIAS CLEITON PINHEIRO<\/title>\n<meta name=\"robots\" content=\"index, follow, max-snippet:-1, max-image-preview:large, max-video-preview:-1\" \/>\n<link rel=\"canonical\" href=\"https:\/\/cleitonpinheiro.com.br\/site\/agtur-convoca-quatro-novos-participantes-para-17o-festival-gastronomico-de-taquarucu\/\" \/>\n<meta property=\"og:locale\" content=\"pt_BR\" \/>\n<meta property=\"og:type\" content=\"article\" \/>\n<meta property=\"og:title\" content=\"Agtur convoca quatro novos participantes para 17\u00ba Festival Gastron\u00f4mico de Taquaru\u00e7u - PORTAL DE NOT\u00cdCIAS CLEITON PINHEIRO\" \/>\n<meta property=\"og:description\" content=\"A Prefeitura Municipal de Palmas, por meio da Ag\u00eancia de Turismo (Agtur), convocou na noite desta sexta-feira, 18, no Di\u00e1rio Oficial do Munic\u00edpio (DOM), quatro novos candidatos classificados para participarem do 17\u00ba Festival Gastron\u00f4mico de Taquaru\u00e7u (FGT) que acontecer\u00e1 nos dias 6 a 10 de setembro, no distrito de Taquaru\u00e7u. Confira a publica\u00e7\u00e3o\u00a0aqui. Ap\u00f3s an\u00e1lise [&hellip;]\" \/>\n<meta property=\"og:url\" content=\"https:\/\/cleitonpinheiro.com.br\/site\/agtur-convoca-quatro-novos-participantes-para-17o-festival-gastronomico-de-taquarucu\/\" \/>\n<meta property=\"og:site_name\" content=\"PORTAL DE NOT\u00cdCIAS CLEITON PINHEIRO\" \/>\n<meta property=\"article:publisher\" content=\"https:\/\/www.facebook.com\/portalcpnoticias\/\" \/>\n<meta property=\"article:published_time\" content=\"2023-08-21T14:13:22+00:00\" \/>\n<meta property=\"article:modified_time\" content=\"2023-08-21T14:13:24+00:00\" \/>\n<meta property=\"og:image\" content=\"https:\/\/cleitonpinheiro.com.br\/site\/wp-content\/uploads\/2023\/08\/b69ace83-f1b9-4e4a-9374-2abb6627f862.jpg\" \/>\n\t<meta property=\"og:image:width\" content=\"2957\" \/>\n\t<meta property=\"og:image:height\" content=\"1971\" \/>\n\t<meta property=\"og:image:type\" content=\"image\/jpeg\" \/>\n<meta name=\"author\" content=\"Reda\u00e7\u00e3o CP\" \/>\n<meta name=\"twitter:card\" content=\"summary_large_image\" \/>\n<meta name=\"twitter:label1\" content=\"Escrito por\" \/>\n\t<meta name=\"twitter:data1\" content=\"Reda\u00e7\u00e3o CP\" \/>\n\t<meta name=\"twitter:label2\" content=\"Est. tempo de leitura\" \/>\n\t<meta name=\"twitter:data2\" content=\"4 minutos\" \/>\n<script type=\"application\/ld+json\" class=\"yoast-schema-graph\">{\"@context\":\"https:\/\/schema.org\",\"@graph\":[{\"@type\":\"Article\",\"@id\":\"https:\/\/cleitonpinheiro.com.br\/site\/agtur-convoca-quatro-novos-participantes-para-17o-festival-gastronomico-de-taquarucu\/#article\",\"isPartOf\":{\"@id\":\"https:\/\/cleitonpinheiro.com.br\/site\/agtur-convoca-quatro-novos-participantes-para-17o-festival-gastronomico-de-taquarucu\/\"},\"author\":{\"name\":\"Reda\u00e7\u00e3o CP\",\"@id\":\"https:\/\/cleitonpinheiro.com.br\/site\/#\/schema\/person\/8f04544e0bc40a1b68775b08360f87db\"},\"headline\":\"Agtur convoca quatro novos participantes para 17\u00ba Festival Gastron\u00f4mico de Taquaru\u00e7u\",\"datePublished\":\"2023-08-21T14:13:22+00:00\",\"dateModified\":\"2023-08-21T14:13:24+00:00\",\"mainEntityOfPage\":{\"@id\":\"https:\/\/cleitonpinheiro.com.br\/site\/agtur-convoca-quatro-novos-participantes-para-17o-festival-gastronomico-de-taquarucu\/\"},\"wordCount\":583,\"commentCount\":0,\"publisher\":{\"@id\":\"https:\/\/cleitonpinheiro.com.br\/site\/#organization\"},\"image\":{\"@id\":\"https:\/\/cleitonpinheiro.com.br\/site\/agtur-convoca-quatro-novos-participantes-para-17o-festival-gastronomico-de-taquarucu\/#primaryimage\"},\"thumbnailUrl\":\"https:\/\/cleitonpinheiro.com.br\/site\/wp-content\/uploads\/2023\/08\/b69ace83-f1b9-4e4a-9374-2abb6627f862.jpg\",\"keywords\":[\"17 FGT\",\"Prefeitura de Palmas\",\"Taquaru\u00e7u\"],\"articleSection\":[\"CIDADES\"],\"inLanguage\":\"pt-BR\",\"potentialAction\":[{\"@type\":\"CommentAction\",\"name\":\"Comment\",\"target\":[\"https:\/\/cleitonpinheiro.com.br\/site\/agtur-convoca-quatro-novos-participantes-para-17o-festival-gastronomico-de-taquarucu\/#respond\"]}]},{\"@type\":\"WebPage\",\"@id\":\"https:\/\/cleitonpinheiro.com.br\/site\/agtur-convoca-quatro-novos-participantes-para-17o-festival-gastronomico-de-taquarucu\/\",\"url\":\"https:\/\/cleitonpinheiro.com.br\/site\/agtur-convoca-quatro-novos-participantes-para-17o-festival-gastronomico-de-taquarucu\/\",\"name\":\"Agtur convoca quatro novos participantes para 17\u00ba Festival Gastron\u00f4mico de Taquaru\u00e7u - PORTAL DE NOT\u00cdCIAS CLEITON PINHEIRO\",\"isPartOf\":{\"@id\":\"https:\/\/cleitonpinheiro.com.br\/site\/#website\"},\"primaryImageOfPage\":{\"@id\":\"https:\/\/cleitonpinheiro.com.br\/site\/agtur-convoca-quatro-novos-participantes-para-17o-festival-gastronomico-de-taquarucu\/#primaryimage\"},\"image\":{\"@id\":\"https:\/\/cleitonpinheiro.com.br\/site\/agtur-convoca-quatro-novos-participantes-para-17o-festival-gastronomico-de-taquarucu\/#primaryimage\"},\"thumbnailUrl\":\"https:\/\/cleitonpinheiro.com.br\/site\/wp-content\/uploads\/2023\/08\/b69ace83-f1b9-4e4a-9374-2abb6627f862.jpg\",\"datePublished\":\"2023-08-21T14:13:22+00:00\",\"dateModified\":\"2023-08-21T14:13:24+00:00\",\"breadcrumb\":{\"@id\":\"https:\/\/cleitonpinheiro.com.br\/site\/agtur-convoca-quatro-novos-participantes-para-17o-festival-gastronomico-de-taquarucu\/#breadcrumb\"},\"inLanguage\":\"pt-BR\",\"potentialAction\":[{\"@type\":\"ReadAction\",\"target\":[\"https:\/\/cleitonpinheiro.com.br\/site\/agtur-convoca-quatro-novos-participantes-para-17o-festival-gastronomico-de-taquarucu\/\"]}]},{\"@type\":\"ImageObject\",\"inLanguage\":\"pt-BR\",\"@id\":\"https:\/\/cleitonpinheiro.com.br\/site\/agtur-convoca-quatro-novos-participantes-para-17o-festival-gastronomico-de-taquarucu\/#primaryimage\",\"url\":\"\",\"contentUrl\":\"\"},{\"@type\":\"BreadcrumbList\",\"@id\":\"https:\/\/cleitonpinheiro.com.br\/site\/agtur-convoca-quatro-novos-participantes-para-17o-festival-gastronomico-de-taquarucu\/#breadcrumb\",\"itemListElement\":[{\"@type\":\"ListItem\",\"position\":1,\"name\":\"In\u00edcio\",\"item\":\"https:\/\/cleitonpinheiro.com.br\/site\/\"},{\"@type\":\"ListItem\",\"position\":2,\"name\":\"Agtur convoca quatro novos participantes para 17\u00ba Festival Gastron\u00f4mico de Taquaru\u00e7u\"}]},{\"@type\":\"WebSite\",\"@id\":\"https:\/\/cleitonpinheiro.com.br\/site\/#website\",\"url\":\"https:\/\/cleitonpinheiro.com.br\/site\/\",\"name\":\"PORTAL DE NOT\u00cdCIAS CLEITON PINHEIRO\",\"description\":\"FALANDO A VERDADE\",\"publisher\":{\"@id\":\"https:\/\/cleitonpinheiro.com.br\/site\/#organization\"},\"potentialAction\":[{\"@type\":\"SearchAction\",\"target\":{\"@type\":\"EntryPoint\",\"urlTemplate\":\"https:\/\/cleitonpinheiro.com.br\/site\/?s={search_term_string}\"},\"query-input\":{\"@type\":\"PropertyValueSpecification\",\"valueRequired\":true,\"valueName\":\"search_term_string\"}}],\"inLanguage\":\"pt-BR\"},{\"@type\":\"Organization\",\"@id\":\"https:\/\/cleitonpinheiro.com.br\/site\/#organization\",\"name\":\"CPNOT\u00cdCIAS\",\"url\":\"https:\/\/cleitonpinheiro.com.br\/site\/\",\"logo\":{\"@type\":\"ImageObject\",\"inLanguage\":\"pt-BR\",\"@id\":\"https:\/\/cleitonpinheiro.com.br\/site\/#\/schema\/logo\/image\/\",\"url\":\"https:\/\/cleitonpinheiro.com.br\/site\/wp-content\/uploads\/2022\/08\/Logo-pequena-2.png\",\"contentUrl\":\"https:\/\/cleitonpinheiro.com.br\/site\/wp-content\/uploads\/2022\/08\/Logo-pequena-2.png\",\"width\":500,\"height\":500,\"caption\":\"CPNOT\u00cdCIAS\"},\"image\":{\"@id\":\"https:\/\/cleitonpinheiro.com.br\/site\/#\/schema\/logo\/image\/\"},\"sameAs\":[\"https:\/\/www.facebook.com\/portalcpnoticias\/\"]},{\"@type\":\"Person\",\"@id\":\"https:\/\/cleitonpinheiro.com.br\/site\/#\/schema\/person\/8f04544e0bc40a1b68775b08360f87db\",\"name\":\"Reda\u00e7\u00e3o CP\",\"image\":{\"@type\":\"ImageObject\",\"inLanguage\":\"pt-BR\",\"@id\":\"https:\/\/cleitonpinheiro.com.br\/site\/#\/schema\/person\/image\/\",\"url\":\"https:\/\/secure.gravatar.com\/avatar\/0bcf19cb29fdc8fc588c490c7ae1b3e174dac268586a63fbe1d1893a0f9020cd?s=96&r=g\",\"contentUrl\":\"https:\/\/secure.gravatar.com\/avatar\/0bcf19cb29fdc8fc588c490c7ae1b3e174dac268586a63fbe1d1893a0f9020cd?s=96&r=g\",\"caption\":\"Reda\u00e7\u00e3o CP\"},\"url\":\"https:\/\/cleitonpinheiro.com.br\/site\/author\/redacao\/\"}]}<\/script>\n<!-- \/ Yoast SEO plugin. -->","yoast_head_json":{"title":"Agtur convoca quatro novos participantes para 17\u00ba Festival Gastron\u00f4mico de Taquaru\u00e7u - PORTAL DE NOT\u00cdCIAS CLEITON PINHEIRO","robots":{"index":"index","follow":"follow","max-snippet":"max-snippet:-1","max-image-preview":"max-image-preview:large","max-video-preview":"max-video-preview:-1"},"canonical":"https:\/\/cleitonpinheiro.com.br\/site\/agtur-convoca-quatro-novos-participantes-para-17o-festival-gastronomico-de-taquarucu\/","og_locale":"pt_BR","og_type":"article","og_title":"Agtur convoca quatro novos participantes para 17\u00ba Festival Gastron\u00f4mico de Taquaru\u00e7u - PORTAL DE NOT\u00cdCIAS CLEITON PINHEIRO","og_description":"A Prefeitura Municipal de Palmas, por meio da Ag\u00eancia de Turismo (Agtur), convocou na noite desta sexta-feira, 18, no Di\u00e1rio Oficial do Munic\u00edpio (DOM), quatro novos candidatos classificados para participarem do 17\u00ba Festival Gastron\u00f4mico de Taquaru\u00e7u (FGT) que acontecer\u00e1 nos dias 6 a 10 de setembro, no distrito de Taquaru\u00e7u. Confira a publica\u00e7\u00e3o\u00a0aqui. Ap\u00f3s an\u00e1lise [&hellip;]","og_url":"https:\/\/cleitonpinheiro.com.br\/site\/agtur-convoca-quatro-novos-participantes-para-17o-festival-gastronomico-de-taquarucu\/","og_site_name":"PORTAL DE NOT\u00cdCIAS CLEITON PINHEIRO","article_publisher":"https:\/\/www.facebook.com\/portalcpnoticias\/","article_published_time":"2023-08-21T14:13:22+00:00","article_modified_time":"2023-08-21T14:13:24+00:00","og_image":[{"width":2957,"height":1971,"url":"https:\/\/cleitonpinheiro.com.br\/site\/wp-content\/uploads\/2023\/08\/b69ace83-f1b9-4e4a-9374-2abb6627f862.jpg","type":"image\/jpeg"}],"author":"Reda\u00e7\u00e3o CP","twitter_card":"summary_large_image","twitter_misc":{"Escrito por":"Reda\u00e7\u00e3o CP","Est. tempo de leitura":"4 minutos"},"schema":{"@context":"https:\/\/schema.org","@graph":[{"@type":"Article","@id":"https:\/\/cleitonpinheiro.com.br\/site\/agtur-convoca-quatro-novos-participantes-para-17o-festival-gastronomico-de-taquarucu\/#article","isPartOf":{"@id":"https:\/\/cleitonpinheiro.com.br\/site\/agtur-convoca-quatro-novos-participantes-para-17o-festival-gastronomico-de-taquarucu\/"},"author":{"name":"Reda\u00e7\u00e3o CP","@id":"https:\/\/cleitonpinheiro.com.br\/site\/#\/schema\/person\/8f04544e0bc40a1b68775b08360f87db"},"headline":"Agtur convoca quatro novos participantes para 17\u00ba Festival Gastron\u00f4mico de Taquaru\u00e7u","datePublished":"2023-08-21T14:13:22+00:00","dateModified":"2023-08-21T14:13:24+00:00","mainEntityOfPage":{"@id":"https:\/\/cleitonpinheiro.com.br\/site\/agtur-convoca-quatro-novos-participantes-para-17o-festival-gastronomico-de-taquarucu\/"},"wordCount":583,"commentCount":0,"publisher":{"@id":"https:\/\/cleitonpinheiro.com.br\/site\/#organization"},"image":{"@id":"https:\/\/cleitonpinheiro.com.br\/site\/agtur-convoca-quatro-novos-participantes-para-17o-festival-gastronomico-de-taquarucu\/#primaryimage"},"thumbnailUrl":"https:\/\/cleitonpinheiro.com.br\/site\/wp-content\/uploads\/2023\/08\/b69ace83-f1b9-4e4a-9374-2abb6627f862.jpg","keywords":["17 FGT","Prefeitura de Palmas","Taquaru\u00e7u"],"articleSection":["CIDADES"],"inLanguage":"pt-BR","potentialAction":[{"@type":"CommentAction","name":"Comment","target":["https:\/\/cleitonpinheiro.com.br\/site\/agtur-convoca-quatro-novos-participantes-para-17o-festival-gastronomico-de-taquarucu\/#respond"]}]},{"@type":"WebPage","@id":"https:\/\/cleitonpinheiro.com.br\/site\/agtur-convoca-quatro-novos-participantes-para-17o-festival-gastronomico-de-taquarucu\/","url":"https:\/\/cleitonpinheiro.com.br\/site\/agtur-convoca-quatro-novos-participantes-para-17o-festival-gastronomico-de-taquarucu\/","name":"Agtur convoca quatro novos participantes para 17\u00ba Festival Gastron\u00f4mico de Taquaru\u00e7u - PORTAL DE NOT\u00cdCIAS CLEITON PINHEIRO","isPartOf":{"@id":"https:\/\/cleitonpinheiro.com.br\/site\/#website"},"primaryImageOfPage":{"@id":"https:\/\/cleitonpinheiro.com.br\/site\/agtur-convoca-quatro-novos-participantes-para-17o-festival-gastronomico-de-taquarucu\/#primaryimage"},"image":{"@id":"https:\/\/cleitonpinheiro.com.br\/site\/agtur-convoca-quatro-novos-participantes-para-17o-festival-gastronomico-de-taquarucu\/#primaryimage"},"thumbnailUrl":"https:\/\/cleitonpinheiro.com.br\/site\/wp-content\/uploads\/2023\/08\/b69ace83-f1b9-4e4a-9374-2abb6627f862.jpg","datePublished":"2023-08-21T14:13:22+00:00","dateModified":"2023-08-21T14:13:24+00:00","breadcrumb":{"@id":"https:\/\/cleitonpinheiro.com.br\/site\/agtur-convoca-quatro-novos-participantes-para-17o-festival-gastronomico-de-taquarucu\/#breadcrumb"},"inLanguage":"pt-BR","potentialAction":[{"@type":"ReadAction","target":["https:\/\/cleitonpinheiro.com.br\/site\/agtur-convoca-quatro-novos-participantes-para-17o-festival-gastronomico-de-taquarucu\/"]}]},{"@type":"ImageObject","inLanguage":"pt-BR","@id":"https:\/\/cleitonpinheiro.com.br\/site\/agtur-convoca-quatro-novos-participantes-para-17o-festival-gastronomico-de-taquarucu\/#primaryimage","url":"","contentUrl":""},{"@type":"BreadcrumbList","@id":"https:\/\/cleitonpinheiro.com.br\/site\/agtur-convoca-quatro-novos-participantes-para-17o-festival-gastronomico-de-taquarucu\/#breadcrumb","itemListElement":[{"@type":"ListItem","position":1,"name":"In\u00edcio","item":"https:\/\/cleitonpinheiro.com.br\/site\/"},{"@type":"ListItem","position":2,"name":"Agtur convoca quatro novos participantes para 17\u00ba Festival Gastron\u00f4mico de Taquaru\u00e7u"}]},{"@type":"WebSite","@id":"https:\/\/cleitonpinheiro.com.br\/site\/#website","url":"https:\/\/cleitonpinheiro.com.br\/site\/","name":"PORTAL DE NOT\u00cdCIAS CLEITON PINHEIRO","description":"FALANDO A VERDADE","publisher":{"@id":"https:\/\/cleitonpinheiro.com.br\/site\/#organization"},"potentialAction":[{"@type":"SearchAction","target":{"@type":"EntryPoint","urlTemplate":"https:\/\/cleitonpinheiro.com.br\/site\/?s={search_term_string}"},"query-input":{"@type":"PropertyValueSpecification","valueRequired":true,"valueName":"search_term_string"}}],"inLanguage":"pt-BR"},{"@type":"Organization","@id":"https:\/\/cleitonpinheiro.com.br\/site\/#organization","name":"CPNOT\u00cdCIAS","url":"https:\/\/cleitonpinheiro.com.br\/site\/","logo":{"@type":"ImageObject","inLanguage":"pt-BR","@id":"https:\/\/cleitonpinheiro.com.br\/site\/#\/schema\/logo\/image\/","url":"https:\/\/cleitonpinheiro.com.br\/site\/wp-content\/uploads\/2022\/08\/Logo-pequena-2.png","contentUrl":"https:\/\/cleitonpinheiro.com.br\/site\/wp-content\/uploads\/2022\/08\/Logo-pequena-2.png","width":500,"height":500,"caption":"CPNOT\u00cdCIAS"},"image":{"@id":"https:\/\/cleitonpinheiro.com.br\/site\/#\/schema\/logo\/image\/"},"sameAs":["https:\/\/www.facebook.com\/portalcpnoticias\/"]},{"@type":"Person","@id":"https:\/\/cleitonpinheiro.com.br\/site\/#\/schema\/person\/8f04544e0bc40a1b68775b08360f87db","name":"Reda\u00e7\u00e3o CP","image":{"@type":"ImageObject","inLanguage":"pt-BR","@id":"https:\/\/cleitonpinheiro.com.br\/site\/#\/schema\/person\/image\/","url":"https:\/\/secure.gravatar.com\/avatar\/0bcf19cb29fdc8fc588c490c7ae1b3e174dac268586a63fbe1d1893a0f9020cd?s=96&r=g","contentUrl":"https:\/\/secure.gravatar.com\/avatar\/0bcf19cb29fdc8fc588c490c7ae1b3e174dac268586a63fbe1d1893a0f9020cd?s=96&r=g","caption":"Reda\u00e7\u00e3o CP"},"url":"https:\/\/cleitonpinheiro.com.br\/site\/author\/redacao\/"}]}},"views":98,"_links":{"self":[{"href":"https:\/\/cleitonpinheiro.com.br\/site\/wp-json\/wp\/v2\/posts\/73593","targetHints":{"allow":["GET"]}}],"collection":[{"href":"https:\/\/cleitonpinheiro.com.br\/site\/wp-json\/wp\/v2\/posts"}],"about":[{"href":"https:\/\/cleitonpinheiro.com.br\/site\/wp-json\/wp\/v2\/types\/post"}],"author":[{"embeddable":true,"href":"https:\/\/cleitonpinheiro.com.br\/site\/wp-json\/wp\/v2\/users\/13"}],"replies":[{"embeddable":true,"href":"https:\/\/cleitonpinheiro.com.br\/site\/wp-json\/wp\/v2\/comments?post=73593"}],"version-history":[{"count":1,"href":"https:\/\/cleitonpinheiro.com.br\/site\/wp-json\/wp\/v2\/posts\/73593\/revisions"}],"predecessor-version":[{"id":73594,"href":"https:\/\/cleitonpinheiro.com.br\/site\/wp-json\/wp\/v2\/posts\/73593\/revisions\/73594"}],"wp:attachment":[{"href":"https:\/\/cleitonpinheiro.com.br\/site\/wp-json\/wp\/v2\/media?parent=73593"}],"wp:term":[{"taxonomy":"category","embeddable":true,"href":"https:\/\/cleitonpinheiro.com.br\/site\/wp-json\/wp\/v2\/categories?post=73593"},{"taxonomy":"post_tag","embeddable":true,"href":"https:\/\/cleitonpinheiro.com.br\/site\/wp-json\/wp\/v2\/tags?post=73593"}],"curies":[{"name":"wp","href":"https:\/\/api.w.org\/{rel}","templated":true}]}}