{"id":73595,"date":"2023-08-21T11:39:40","date_gmt":"2023-08-21T14:39:40","guid":{"rendered":"https:\/\/cleitonpinheiro.com.br\/site\/?p=73595"},"modified":"2023-08-21T11:41:48","modified_gmt":"2023-08-21T14:41:48","slug":"fieto-ela-faz-industria-finaliza-imersao-e-prepara-para-etapa-de-exposicao","status":"publish","type":"post","link":"https:\/\/cleitonpinheiro.com.br\/site\/fieto-ela-faz-industria-finaliza-imersao-e-prepara-para-etapa-de-exposicao\/","title":{"rendered":"Fieto: &#8220;Ela Faz Ind\u00fastria&#8221; finaliza imers\u00e3o e prepara para etapa de exposi\u00e7\u00e3o"},"content":{"rendered":"\n<figure class=\"wp-block-image size-full\"><img decoding=\"async\" src=\"https:\/\/cleitonpinheiro.com.br\/site\/wp-content\/uploads\/2023\/08\/Ela-Faz-Industria.jpeg\" alt=\"\" class=\"wp-image-73596\"\/><figcaption class=\"wp-element-caption\">Empreendedoras participar\u00e3o de exposi\u00e7\u00e3o nos dias 31 de agotos a 3 de setembro no Capim Dourado Shopping &#8211; Foto: Vitor Hiroshi\/Fieto<\/figcaption><\/figure>\n\n\n\n<p class=\"wp-block-paragraph\">A imers\u00e3o da 3\u00aa edi\u00e7\u00e3o do projeto &#8220;Ela Faz Ind\u00fastria&#8221;, uma iniciativa da Federa\u00e7\u00e3o das Ind\u00fastrias do Estado do Tocantins (Fieto), chegou ao fim no \u00faltimo s\u00e1bado, 19, ap\u00f3s tr\u00eas dias. Com um novo formato de capacita\u00e7\u00e3o, o evento reuniu mulheres empreendedoras ansiosas para aprender e se desenvolver no mundo dos neg\u00f3cios.<\/p>\n\n\n\n<p class=\"wp-block-paragraph\">Entre os dias 31 de agosto e 3 de setembro, no Capim Dourado Shopping, as empreendedoras ter\u00e3o a oportunidade de transformar todo o aprendizado e ideias adquiridos em a\u00e7\u00e3o. Durante esses dias, ser\u00e1 montada uma exposi\u00e7\u00e3o onde as participantes poder\u00e3o apresentar seus pr\u00f3prios empreendimentos ao p\u00fablico. Essa vitrine proporcionar\u00e1 visibilidade aos neg\u00f3cios, fortalecendo ainda mais sua presen\u00e7a no cen\u00e1rio do empreendedorismo feminino.<\/p>\n\n\n\n<p class=\"wp-block-paragraph\">Durante tr\u00eas dias, as participantes mergulharam em uma s\u00e9rie de t\u00f3picos essenciais para o sucesso nos neg\u00f3cios. Desde Vendas e Gera\u00e7\u00e3o de Receita at\u00e9 Gest\u00e3o e Lideran\u00e7a, Planejamento Estrat\u00e9gico, Feedback e Delega\u00e7\u00e3o, Recrutamento e Sele\u00e7\u00e3o, Modelagem de Neg\u00f3cios, Solu\u00e7\u00e3o de Problemas, Comunica\u00e7\u00e3o Eficaz, Perfil Comportamental, Criatividade e Inova\u00e7\u00e3o, Produtividade e Gest\u00e3o do Tempo, at\u00e9 Engajamento dos Colaboradores e Constru\u00e7\u00e3o Consciente da Cultura Empresarial, todas essas \u00e1reas foram abordadas.<\/p>\n\n\n\n<p class=\"wp-block-paragraph\">O mentor e master coach internacionalmente reconhecido, F\u00e1bio Scannavino, guiou as participantes por uma jornada enriquecedora durante o evento. \u201cN\u00f3s trabalhamos tr\u00eas dias de imers\u00e3o, dentro do tema lideran\u00e7a, humanizada, estrat\u00e9gica e vendas. A receitinha de bolo para voc\u00ea trabalhar dentro do seu neg\u00f3cio, tudo come\u00e7a com vender, aumentar a receita e falamos muito de estrat\u00e9gias para gerar demanda, converter essa demanda e fidelizar a carteira e cada vez mais ter rentabilidade e lucratividade no seu neg\u00f3cio. Conforme a gente vai vendendo, precisa de mais gente, ent\u00e3o n\u00f3s falamos tamb\u00e9m sobre como contratar, recrutar, desenvolver, treinar pessoas, acompanhar o resultado. \u00c9 sempre fazer a gest\u00e3o disso, com indicadores, com processos bem desenhados. Com objetivos e com metas. Estas etapas s\u00e3o a base para uma gest\u00e3o empresarial muito bem feita e estas 30 empres\u00e1rias que sa\u00edram com muitos planos de a\u00e7\u00e3o para colocar tudo em pr\u00e1tica e seus neg\u00f3cios consigam crescer e prosperar\u201d, relatou Scannavino.<\/p>\n\n\n\n<p class=\"wp-block-paragraph\">A empres\u00e1ria da Carne de Jaca Palmas, Maria Edivangela, afirmou que a imers\u00e3o trazida pela Federa\u00e7\u00e3o com F\u00e1bio Scannavino foi surpreendente. \u201cA cada minuto, a cada conte\u00fado trazido, tem sido muito proveitoso, algo que j\u00e1 vem praticamente para gente executar no nosso plano de a\u00e7\u00e3o. E nos fazendo refletir muito sobre como queremos estar, onde queremos chegar. Ent\u00e3o, se for para classificar com uma palavra, eu digo que tem sido surpreendente, mas n\u00e3o d\u00e1 para ser s\u00f3 com a palavra surpreendente, tamb\u00e9m \u00e9 relevante e incompar\u00e1vel\u201d, contou a empreendedora palmense.<\/p>\n\n\n\n<p class=\"wp-block-paragraph\">Edivangela tamb\u00e9m comentou sobre o terceiro ano de sua empresa no mercado. \u201cN\u00f3s estamos come\u00e7ando a temporada de produ\u00e7\u00e3o de 2023. Ano passado foi muito importante em rela\u00e7\u00e3o ao nosso crescimento, principalmente porque tamb\u00e9m ganhamos o Pr\u00eamio FIETO de Inova\u00e7\u00e3o como produto inovador. Queremos nos manter nesse setor da inova\u00e7\u00e3o e ampliar o nosso mercado. Ent\u00e3o a exposi\u00e7\u00e3o e o in\u00edcio da temporada se juntam e fazem esse momento ser muito especial\u201d, destacou.<\/p>\n\n\n\n<h2 class=\"wp-block-heading\"><strong>Pr\u00f3ximo desafio<\/strong><\/h2>\n\n\n\n<p class=\"wp-block-paragraph\">O conselheiro da FIETO, S\u00e9rgio Tavares, representou o presidente da Federa\u00e7\u00e3o, Roberto Pires, na imers\u00e3o e falou sobre a proposta e a etapa seguinte do projeto. \u201cO Ela Faz Ind\u00fastria \u00e9 um projeto que apoia e incentiva a lideran\u00e7a feminina reconhecendo sua importante contribui\u00e7\u00e3o para o desenvolvimento industrial. Toda a expertise e troca de conhecimentos gerados neste encontro ser\u00e3o de grande valia para a pr\u00f3xima etapa de exposi\u00e7\u00e3o dos produtos e servi\u00e7os das empresas de cada participante no capim dourado shopping, a partir do dia 31 de agosto, encerrando com chave de ouro a edi\u00e7\u00e3o de 2023\u201d, disse Tavares.<\/p>\n\n\n\n<p class=\"wp-block-paragraph\">O projeto &#8220;Ela Faz Ind\u00fastria&#8221; celebra e fomenta o empreendedorismo feminino, ampliando oportunidades e impulsionando hist\u00f3rias de sucesso. Por meio de sua abordagem inovadora e do apoio cont\u00ednuo, ele est\u00e1 construindo uma comunidade de mulheres inspiradoras e bem-sucedidas no mundo dos neg\u00f3cios.<\/p>\n","protected":false},"excerpt":{"rendered":"<p>A imers\u00e3o da 3\u00aa edi\u00e7\u00e3o do projeto &#8220;Ela Faz Ind\u00fastria&#8221;, uma iniciativa da Federa\u00e7\u00e3o das Ind\u00fastrias do Estado do Tocantins (Fieto), chegou ao fim no \u00faltimo s\u00e1bado, 19, ap\u00f3s tr\u00eas dias. Com um novo formato de capacita\u00e7\u00e3o, o evento reuniu mulheres empreendedoras ansiosas para aprender e se desenvolver no mundo dos neg\u00f3cios. Entre os dias [&hellip;]<\/p>\n","protected":false},"author":13,"featured_media":0,"comment_status":"open","ping_status":"open","sticky":false,"template":"","format":"standard","meta":{"_acf_changed":false,"footnotes":""},"categories":[22,898],"tags":[],"class_list":["post-73595","post","type-post","status-publish","format-standard","hentry","category-cidades","category-manchete-segundaria"],"acf":[],"yoast_head":"<!-- This site is optimized with the Yoast SEO plugin v24.4 - https:\/\/yoast.com\/wordpress\/plugins\/seo\/ -->\n<title>Fieto: &quot;Ela Faz Ind\u00fastria&quot; finaliza imers\u00e3o e prepara para etapa de exposi\u00e7\u00e3o - PORTAL DE NOT\u00cdCIAS CLEITON PINHEIRO<\/title>\n<meta name=\"robots\" content=\"index, follow, max-snippet:-1, max-image-preview:large, max-video-preview:-1\" \/>\n<link rel=\"canonical\" href=\"https:\/\/cleitonpinheiro.com.br\/site\/fieto-ela-faz-industria-finaliza-imersao-e-prepara-para-etapa-de-exposicao\/\" \/>\n<meta property=\"og:locale\" content=\"pt_BR\" \/>\n<meta property=\"og:type\" content=\"article\" \/>\n<meta property=\"og:title\" content=\"Fieto: &quot;Ela Faz Ind\u00fastria&quot; finaliza imers\u00e3o e prepara para etapa de exposi\u00e7\u00e3o - PORTAL DE NOT\u00cdCIAS CLEITON PINHEIRO\" \/>\n<meta property=\"og:description\" content=\"A imers\u00e3o da 3\u00aa edi\u00e7\u00e3o do projeto &#8220;Ela Faz Ind\u00fastria&#8221;, uma iniciativa da Federa\u00e7\u00e3o das Ind\u00fastrias do Estado do Tocantins (Fieto), chegou ao fim no \u00faltimo s\u00e1bado, 19, ap\u00f3s tr\u00eas dias. Com um novo formato de capacita\u00e7\u00e3o, o evento reuniu mulheres empreendedoras ansiosas para aprender e se desenvolver no mundo dos neg\u00f3cios. Entre os dias [&hellip;]\" \/>\n<meta property=\"og:url\" content=\"https:\/\/cleitonpinheiro.com.br\/site\/fieto-ela-faz-industria-finaliza-imersao-e-prepara-para-etapa-de-exposicao\/\" \/>\n<meta property=\"og:site_name\" content=\"PORTAL DE NOT\u00cdCIAS CLEITON PINHEIRO\" \/>\n<meta property=\"article:publisher\" content=\"https:\/\/www.facebook.com\/portalcpnoticias\/\" \/>\n<meta property=\"article:published_time\" content=\"2023-08-21T14:39:40+00:00\" \/>\n<meta property=\"article:modified_time\" content=\"2023-08-21T14:41:48+00:00\" \/>\n<meta property=\"og:image\" content=\"https:\/\/cleitonpinheiro.com.br\/site\/wp-content\/uploads\/2023\/08\/Ela-Faz-Industria.jpeg\" \/>\n\t<meta property=\"og:image:width\" content=\"1600\" \/>\n\t<meta property=\"og:image:height\" content=\"1066\" \/>\n\t<meta property=\"og:image:type\" content=\"image\/jpeg\" \/>\n<meta name=\"author\" content=\"Reda\u00e7\u00e3o CP\" \/>\n<meta name=\"twitter:card\" content=\"summary_large_image\" \/>\n<meta name=\"twitter:label1\" content=\"Escrito por\" \/>\n\t<meta name=\"twitter:data1\" content=\"Reda\u00e7\u00e3o CP\" \/>\n\t<meta name=\"twitter:label2\" content=\"Est. tempo de leitura\" \/>\n\t<meta name=\"twitter:data2\" content=\"4 minutos\" \/>\n<script type=\"application\/ld+json\" class=\"yoast-schema-graph\">{\"@context\":\"https:\/\/schema.org\",\"@graph\":[{\"@type\":\"Article\",\"@id\":\"https:\/\/cleitonpinheiro.com.br\/site\/fieto-ela-faz-industria-finaliza-imersao-e-prepara-para-etapa-de-exposicao\/#article\",\"isPartOf\":{\"@id\":\"https:\/\/cleitonpinheiro.com.br\/site\/fieto-ela-faz-industria-finaliza-imersao-e-prepara-para-etapa-de-exposicao\/\"},\"author\":{\"name\":\"Reda\u00e7\u00e3o CP\",\"@id\":\"https:\/\/cleitonpinheiro.com.br\/site\/#\/schema\/person\/8f04544e0bc40a1b68775b08360f87db\"},\"headline\":\"Fieto: &#8220;Ela Faz Ind\u00fastria&#8221; finaliza imers\u00e3o e prepara para etapa de exposi\u00e7\u00e3o\",\"datePublished\":\"2023-08-21T14:39:40+00:00\",\"dateModified\":\"2023-08-21T14:41:48+00:00\",\"mainEntityOfPage\":{\"@id\":\"https:\/\/cleitonpinheiro.com.br\/site\/fieto-ela-faz-industria-finaliza-imersao-e-prepara-para-etapa-de-exposicao\/\"},\"wordCount\":762,\"commentCount\":0,\"publisher\":{\"@id\":\"https:\/\/cleitonpinheiro.com.br\/site\/#organization\"},\"image\":{\"@id\":\"https:\/\/cleitonpinheiro.com.br\/site\/fieto-ela-faz-industria-finaliza-imersao-e-prepara-para-etapa-de-exposicao\/#primaryimage\"},\"thumbnailUrl\":\"https:\/\/cleitonpinheiro.com.br\/site\/wp-content\/uploads\/2023\/08\/Ela-Faz-Industria.jpeg\",\"articleSection\":[\"CIDADES\",\"MANCHETE SEGUND\u00c1RIA\"],\"inLanguage\":\"pt-BR\",\"potentialAction\":[{\"@type\":\"CommentAction\",\"name\":\"Comment\",\"target\":[\"https:\/\/cleitonpinheiro.com.br\/site\/fieto-ela-faz-industria-finaliza-imersao-e-prepara-para-etapa-de-exposicao\/#respond\"]}]},{\"@type\":\"WebPage\",\"@id\":\"https:\/\/cleitonpinheiro.com.br\/site\/fieto-ela-faz-industria-finaliza-imersao-e-prepara-para-etapa-de-exposicao\/\",\"url\":\"https:\/\/cleitonpinheiro.com.br\/site\/fieto-ela-faz-industria-finaliza-imersao-e-prepara-para-etapa-de-exposicao\/\",\"name\":\"Fieto: \\\"Ela Faz Ind\u00fastria\\\" finaliza imers\u00e3o e prepara para etapa de exposi\u00e7\u00e3o - PORTAL DE NOT\u00cdCIAS CLEITON PINHEIRO\",\"isPartOf\":{\"@id\":\"https:\/\/cleitonpinheiro.com.br\/site\/#website\"},\"primaryImageOfPage\":{\"@id\":\"https:\/\/cleitonpinheiro.com.br\/site\/fieto-ela-faz-industria-finaliza-imersao-e-prepara-para-etapa-de-exposicao\/#primaryimage\"},\"image\":{\"@id\":\"https:\/\/cleitonpinheiro.com.br\/site\/fieto-ela-faz-industria-finaliza-imersao-e-prepara-para-etapa-de-exposicao\/#primaryimage\"},\"thumbnailUrl\":\"https:\/\/cleitonpinheiro.com.br\/site\/wp-content\/uploads\/2023\/08\/Ela-Faz-Industria.jpeg\",\"datePublished\":\"2023-08-21T14:39:40+00:00\",\"dateModified\":\"2023-08-21T14:41:48+00:00\",\"breadcrumb\":{\"@id\":\"https:\/\/cleitonpinheiro.com.br\/site\/fieto-ela-faz-industria-finaliza-imersao-e-prepara-para-etapa-de-exposicao\/#breadcrumb\"},\"inLanguage\":\"pt-BR\",\"potentialAction\":[{\"@type\":\"ReadAction\",\"target\":[\"https:\/\/cleitonpinheiro.com.br\/site\/fieto-ela-faz-industria-finaliza-imersao-e-prepara-para-etapa-de-exposicao\/\"]}]},{\"@type\":\"ImageObject\",\"inLanguage\":\"pt-BR\",\"@id\":\"https:\/\/cleitonpinheiro.com.br\/site\/fieto-ela-faz-industria-finaliza-imersao-e-prepara-para-etapa-de-exposicao\/#primaryimage\",\"url\":\"\",\"contentUrl\":\"\"},{\"@type\":\"BreadcrumbList\",\"@id\":\"https:\/\/cleitonpinheiro.com.br\/site\/fieto-ela-faz-industria-finaliza-imersao-e-prepara-para-etapa-de-exposicao\/#breadcrumb\",\"itemListElement\":[{\"@type\":\"ListItem\",\"position\":1,\"name\":\"In\u00edcio\",\"item\":\"https:\/\/cleitonpinheiro.com.br\/site\/\"},{\"@type\":\"ListItem\",\"position\":2,\"name\":\"Fieto: &#8220;Ela Faz Ind\u00fastria&#8221; finaliza imers\u00e3o e prepara para etapa de exposi\u00e7\u00e3o\"}]},{\"@type\":\"WebSite\",\"@id\":\"https:\/\/cleitonpinheiro.com.br\/site\/#website\",\"url\":\"https:\/\/cleitonpinheiro.com.br\/site\/\",\"name\":\"PORTAL DE NOT\u00cdCIAS CLEITON PINHEIRO\",\"description\":\"FALANDO A VERDADE\",\"publisher\":{\"@id\":\"https:\/\/cleitonpinheiro.com.br\/site\/#organization\"},\"potentialAction\":[{\"@type\":\"SearchAction\",\"target\":{\"@type\":\"EntryPoint\",\"urlTemplate\":\"https:\/\/cleitonpinheiro.com.br\/site\/?s={search_term_string}\"},\"query-input\":{\"@type\":\"PropertyValueSpecification\",\"valueRequired\":true,\"valueName\":\"search_term_string\"}}],\"inLanguage\":\"pt-BR\"},{\"@type\":\"Organization\",\"@id\":\"https:\/\/cleitonpinheiro.com.br\/site\/#organization\",\"name\":\"CPNOT\u00cdCIAS\",\"url\":\"https:\/\/cleitonpinheiro.com.br\/site\/\",\"logo\":{\"@type\":\"ImageObject\",\"inLanguage\":\"pt-BR\",\"@id\":\"https:\/\/cleitonpinheiro.com.br\/site\/#\/schema\/logo\/image\/\",\"url\":\"https:\/\/cleitonpinheiro.com.br\/site\/wp-content\/uploads\/2022\/08\/Logo-pequena-2.png\",\"contentUrl\":\"https:\/\/cleitonpinheiro.com.br\/site\/wp-content\/uploads\/2022\/08\/Logo-pequena-2.png\",\"width\":500,\"height\":500,\"caption\":\"CPNOT\u00cdCIAS\"},\"image\":{\"@id\":\"https:\/\/cleitonpinheiro.com.br\/site\/#\/schema\/logo\/image\/\"},\"sameAs\":[\"https:\/\/www.facebook.com\/portalcpnoticias\/\"]},{\"@type\":\"Person\",\"@id\":\"https:\/\/cleitonpinheiro.com.br\/site\/#\/schema\/person\/8f04544e0bc40a1b68775b08360f87db\",\"name\":\"Reda\u00e7\u00e3o CP\",\"image\":{\"@type\":\"ImageObject\",\"inLanguage\":\"pt-BR\",\"@id\":\"https:\/\/cleitonpinheiro.com.br\/site\/#\/schema\/person\/image\/\",\"url\":\"https:\/\/secure.gravatar.com\/avatar\/0bcf19cb29fdc8fc588c490c7ae1b3e174dac268586a63fbe1d1893a0f9020cd?s=96&r=g\",\"contentUrl\":\"https:\/\/secure.gravatar.com\/avatar\/0bcf19cb29fdc8fc588c490c7ae1b3e174dac268586a63fbe1d1893a0f9020cd?s=96&r=g\",\"caption\":\"Reda\u00e7\u00e3o CP\"},\"url\":\"https:\/\/cleitonpinheiro.com.br\/site\/author\/redacao\/\"}]}<\/script>\n<!-- \/ Yoast SEO plugin. -->","yoast_head_json":{"title":"Fieto: \"Ela Faz Ind\u00fastria\" finaliza imers\u00e3o e prepara para etapa de exposi\u00e7\u00e3o - PORTAL DE NOT\u00cdCIAS CLEITON PINHEIRO","robots":{"index":"index","follow":"follow","max-snippet":"max-snippet:-1","max-image-preview":"max-image-preview:large","max-video-preview":"max-video-preview:-1"},"canonical":"https:\/\/cleitonpinheiro.com.br\/site\/fieto-ela-faz-industria-finaliza-imersao-e-prepara-para-etapa-de-exposicao\/","og_locale":"pt_BR","og_type":"article","og_title":"Fieto: \"Ela Faz Ind\u00fastria\" finaliza imers\u00e3o e prepara para etapa de exposi\u00e7\u00e3o - PORTAL DE NOT\u00cdCIAS CLEITON PINHEIRO","og_description":"A imers\u00e3o da 3\u00aa edi\u00e7\u00e3o do projeto &#8220;Ela Faz Ind\u00fastria&#8221;, uma iniciativa da Federa\u00e7\u00e3o das Ind\u00fastrias do Estado do Tocantins (Fieto), chegou ao fim no \u00faltimo s\u00e1bado, 19, ap\u00f3s tr\u00eas dias. Com um novo formato de capacita\u00e7\u00e3o, o evento reuniu mulheres empreendedoras ansiosas para aprender e se desenvolver no mundo dos neg\u00f3cios. Entre os dias [&hellip;]","og_url":"https:\/\/cleitonpinheiro.com.br\/site\/fieto-ela-faz-industria-finaliza-imersao-e-prepara-para-etapa-de-exposicao\/","og_site_name":"PORTAL DE NOT\u00cdCIAS CLEITON PINHEIRO","article_publisher":"https:\/\/www.facebook.com\/portalcpnoticias\/","article_published_time":"2023-08-21T14:39:40+00:00","article_modified_time":"2023-08-21T14:41:48+00:00","og_image":[{"width":1600,"height":1066,"url":"https:\/\/cleitonpinheiro.com.br\/site\/wp-content\/uploads\/2023\/08\/Ela-Faz-Industria.jpeg","type":"image\/jpeg"}],"author":"Reda\u00e7\u00e3o CP","twitter_card":"summary_large_image","twitter_misc":{"Escrito por":"Reda\u00e7\u00e3o CP","Est. tempo de leitura":"4 minutos"},"schema":{"@context":"https:\/\/schema.org","@graph":[{"@type":"Article","@id":"https:\/\/cleitonpinheiro.com.br\/site\/fieto-ela-faz-industria-finaliza-imersao-e-prepara-para-etapa-de-exposicao\/#article","isPartOf":{"@id":"https:\/\/cleitonpinheiro.com.br\/site\/fieto-ela-faz-industria-finaliza-imersao-e-prepara-para-etapa-de-exposicao\/"},"author":{"name":"Reda\u00e7\u00e3o CP","@id":"https:\/\/cleitonpinheiro.com.br\/site\/#\/schema\/person\/8f04544e0bc40a1b68775b08360f87db"},"headline":"Fieto: &#8220;Ela Faz Ind\u00fastria&#8221; finaliza imers\u00e3o e prepara para etapa de exposi\u00e7\u00e3o","datePublished":"2023-08-21T14:39:40+00:00","dateModified":"2023-08-21T14:41:48+00:00","mainEntityOfPage":{"@id":"https:\/\/cleitonpinheiro.com.br\/site\/fieto-ela-faz-industria-finaliza-imersao-e-prepara-para-etapa-de-exposicao\/"},"wordCount":762,"commentCount":0,"publisher":{"@id":"https:\/\/cleitonpinheiro.com.br\/site\/#organization"},"image":{"@id":"https:\/\/cleitonpinheiro.com.br\/site\/fieto-ela-faz-industria-finaliza-imersao-e-prepara-para-etapa-de-exposicao\/#primaryimage"},"thumbnailUrl":"https:\/\/cleitonpinheiro.com.br\/site\/wp-content\/uploads\/2023\/08\/Ela-Faz-Industria.jpeg","articleSection":["CIDADES","MANCHETE SEGUND\u00c1RIA"],"inLanguage":"pt-BR","potentialAction":[{"@type":"CommentAction","name":"Comment","target":["https:\/\/cleitonpinheiro.com.br\/site\/fieto-ela-faz-industria-finaliza-imersao-e-prepara-para-etapa-de-exposicao\/#respond"]}]},{"@type":"WebPage","@id":"https:\/\/cleitonpinheiro.com.br\/site\/fieto-ela-faz-industria-finaliza-imersao-e-prepara-para-etapa-de-exposicao\/","url":"https:\/\/cleitonpinheiro.com.br\/site\/fieto-ela-faz-industria-finaliza-imersao-e-prepara-para-etapa-de-exposicao\/","name":"Fieto: \"Ela Faz Ind\u00fastria\" finaliza imers\u00e3o e prepara para etapa de exposi\u00e7\u00e3o - PORTAL DE NOT\u00cdCIAS CLEITON PINHEIRO","isPartOf":{"@id":"https:\/\/cleitonpinheiro.com.br\/site\/#website"},"primaryImageOfPage":{"@id":"https:\/\/cleitonpinheiro.com.br\/site\/fieto-ela-faz-industria-finaliza-imersao-e-prepara-para-etapa-de-exposicao\/#primaryimage"},"image":{"@id":"https:\/\/cleitonpinheiro.com.br\/site\/fieto-ela-faz-industria-finaliza-imersao-e-prepara-para-etapa-de-exposicao\/#primaryimage"},"thumbnailUrl":"https:\/\/cleitonpinheiro.com.br\/site\/wp-content\/uploads\/2023\/08\/Ela-Faz-Industria.jpeg","datePublished":"2023-08-21T14:39:40+00:00","dateModified":"2023-08-21T14:41:48+00:00","breadcrumb":{"@id":"https:\/\/cleitonpinheiro.com.br\/site\/fieto-ela-faz-industria-finaliza-imersao-e-prepara-para-etapa-de-exposicao\/#breadcrumb"},"inLanguage":"pt-BR","potentialAction":[{"@type":"ReadAction","target":["https:\/\/cleitonpinheiro.com.br\/site\/fieto-ela-faz-industria-finaliza-imersao-e-prepara-para-etapa-de-exposicao\/"]}]},{"@type":"ImageObject","inLanguage":"pt-BR","@id":"https:\/\/cleitonpinheiro.com.br\/site\/fieto-ela-faz-industria-finaliza-imersao-e-prepara-para-etapa-de-exposicao\/#primaryimage","url":"","contentUrl":""},{"@type":"BreadcrumbList","@id":"https:\/\/cleitonpinheiro.com.br\/site\/fieto-ela-faz-industria-finaliza-imersao-e-prepara-para-etapa-de-exposicao\/#breadcrumb","itemListElement":[{"@type":"ListItem","position":1,"name":"In\u00edcio","item":"https:\/\/cleitonpinheiro.com.br\/site\/"},{"@type":"ListItem","position":2,"name":"Fieto: &#8220;Ela Faz Ind\u00fastria&#8221; finaliza imers\u00e3o e prepara para etapa de exposi\u00e7\u00e3o"}]},{"@type":"WebSite","@id":"https:\/\/cleitonpinheiro.com.br\/site\/#website","url":"https:\/\/cleitonpinheiro.com.br\/site\/","name":"PORTAL DE NOT\u00cdCIAS CLEITON PINHEIRO","description":"FALANDO A VERDADE","publisher":{"@id":"https:\/\/cleitonpinheiro.com.br\/site\/#organization"},"potentialAction":[{"@type":"SearchAction","target":{"@type":"EntryPoint","urlTemplate":"https:\/\/cleitonpinheiro.com.br\/site\/?s={search_term_string}"},"query-input":{"@type":"PropertyValueSpecification","valueRequired":true,"valueName":"search_term_string"}}],"inLanguage":"pt-BR"},{"@type":"Organization","@id":"https:\/\/cleitonpinheiro.com.br\/site\/#organization","name":"CPNOT\u00cdCIAS","url":"https:\/\/cleitonpinheiro.com.br\/site\/","logo":{"@type":"ImageObject","inLanguage":"pt-BR","@id":"https:\/\/cleitonpinheiro.com.br\/site\/#\/schema\/logo\/image\/","url":"https:\/\/cleitonpinheiro.com.br\/site\/wp-content\/uploads\/2022\/08\/Logo-pequena-2.png","contentUrl":"https:\/\/cleitonpinheiro.com.br\/site\/wp-content\/uploads\/2022\/08\/Logo-pequena-2.png","width":500,"height":500,"caption":"CPNOT\u00cdCIAS"},"image":{"@id":"https:\/\/cleitonpinheiro.com.br\/site\/#\/schema\/logo\/image\/"},"sameAs":["https:\/\/www.facebook.com\/portalcpnoticias\/"]},{"@type":"Person","@id":"https:\/\/cleitonpinheiro.com.br\/site\/#\/schema\/person\/8f04544e0bc40a1b68775b08360f87db","name":"Reda\u00e7\u00e3o CP","image":{"@type":"ImageObject","inLanguage":"pt-BR","@id":"https:\/\/cleitonpinheiro.com.br\/site\/#\/schema\/person\/image\/","url":"https:\/\/secure.gravatar.com\/avatar\/0bcf19cb29fdc8fc588c490c7ae1b3e174dac268586a63fbe1d1893a0f9020cd?s=96&r=g","contentUrl":"https:\/\/secure.gravatar.com\/avatar\/0bcf19cb29fdc8fc588c490c7ae1b3e174dac268586a63fbe1d1893a0f9020cd?s=96&r=g","caption":"Reda\u00e7\u00e3o CP"},"url":"https:\/\/cleitonpinheiro.com.br\/site\/author\/redacao\/"}]}},"views":105,"_links":{"self":[{"href":"https:\/\/cleitonpinheiro.com.br\/site\/wp-json\/wp\/v2\/posts\/73595","targetHints":{"allow":["GET"]}}],"collection":[{"href":"https:\/\/cleitonpinheiro.com.br\/site\/wp-json\/wp\/v2\/posts"}],"about":[{"href":"https:\/\/cleitonpinheiro.com.br\/site\/wp-json\/wp\/v2\/types\/post"}],"author":[{"embeddable":true,"href":"https:\/\/cleitonpinheiro.com.br\/site\/wp-json\/wp\/v2\/users\/13"}],"replies":[{"embeddable":true,"href":"https:\/\/cleitonpinheiro.com.br\/site\/wp-json\/wp\/v2\/comments?post=73595"}],"version-history":[{"count":1,"href":"https:\/\/cleitonpinheiro.com.br\/site\/wp-json\/wp\/v2\/posts\/73595\/revisions"}],"predecessor-version":[{"id":73598,"href":"https:\/\/cleitonpinheiro.com.br\/site\/wp-json\/wp\/v2\/posts\/73595\/revisions\/73598"}],"wp:attachment":[{"href":"https:\/\/cleitonpinheiro.com.br\/site\/wp-json\/wp\/v2\/media?parent=73595"}],"wp:term":[{"taxonomy":"category","embeddable":true,"href":"https:\/\/cleitonpinheiro.com.br\/site\/wp-json\/wp\/v2\/categories?post=73595"},{"taxonomy":"post_tag","embeddable":true,"href":"https:\/\/cleitonpinheiro.com.br\/site\/wp-json\/wp\/v2\/tags?post=73595"}],"curies":[{"name":"wp","href":"https:\/\/api.w.org\/{rel}","templated":true}]}}