{"id":73604,"date":"2023-08-21T13:40:41","date_gmt":"2023-08-21T16:40:41","guid":{"rendered":"https:\/\/cleitonpinheiro.com.br\/site\/?p=73604"},"modified":"2023-08-21T13:40:44","modified_gmt":"2023-08-21T16:40:44","slug":"maioria-do-stf-vota-para-tornar-zambelli-re-por-porte-ilegal-de-armas","status":"publish","type":"post","link":"https:\/\/cleitonpinheiro.com.br\/site\/maioria-do-stf-vota-para-tornar-zambelli-re-por-porte-ilegal-de-armas\/","title":{"rendered":"Maioria do STF vota para tornar Zambelli r\u00e9 por porte ilegal de armas"},"content":{"rendered":"\n<figure class=\"wp-block-image size-full\"><img decoding=\"async\" src=\"https:\/\/cleitonpinheiro.com.br\/site\/wp-content\/uploads\/2023\/08\/02082023-lula7886.jpg\" alt=\"\" class=\"wp-image-73605\"\/><figcaption class=\"wp-element-caption\">Armada, a deputada Carla Zambelli perseguiu um jornalista pouco antes das elei\u00e7\u00f5es em outubro do ano passado &#8211; Foto: Lula Marques\/EBC<\/figcaption><\/figure>\n\n\n\n<p class=\"wp-block-paragraph\"><strong>Da Ag\u00eancia Brasil<\/strong><\/p>\n\n\n\n<p class=\"wp-block-paragraph\">A maioria dos ministros do Supremo Tribunal Federal (STF) votou nessa sexta-feira\u00a0(18) para tornar r\u00e9 a deputada federal Carla Zambelli (PL-SP) pelos crimes de porte ilegal de arma de fogo e constrangimento ilegal com emprego de arma de fogo.<img decoding=\"async\" src=\"https:\/\/agenciabrasil.ebc.com.br\/ebc.png?id=1549915&amp;o=node\"><img decoding=\"async\" src=\"https:\/\/agenciabrasil.ebc.com.br\/ebc.gif?id=1549915&amp;o=node\"><\/p>\n\n\n\n<p class=\"wp-block-paragraph\">At\u00e9 o momento, por 6 votos a 1, o tribunal vota para aceitar den\u00fancia apresentada pela Procuradoria-Geral da Rep\u00fablica (PGR) contra a parlamentar ap\u00f3s o epis\u00f3dio em que ela sacou uma arma de fogo e perseguiu o jornalista Luan Ara\u00fajo \u00e0s v\u00e9speras do segundo turno das elei\u00e7\u00f5es de 2022. A persegui\u00e7\u00e3o come\u00e7ou ap\u00f3s Zambelli e Luan trocarem provoca\u00e7\u00f5es durante um ato pol\u00edtico no bairro dos Jardins, em S\u00e3o Paulo.<\/p>\n\n\n\n<p class=\"wp-block-paragraph\">O julgamento continua para a tomada dos demais votos. A an\u00e1lise do caso&nbsp;ocorre no plen\u00e1rio virtual do STF, modalidade na qual os ministros inserem os votos em um sistema eletr\u00f4nico e n\u00e3o h\u00e1 delibera\u00e7\u00e3o presencial. A sess\u00e3o virtual vai at\u00e9 21 de agosto. O tribunal \u00e9 composto por onze ministros.&nbsp;<\/p>\n\n\n\n<p class=\"wp-block-paragraph\">Votaram pela aceita\u00e7\u00e3o da den\u00fancia o relator, Gilmar Mendes, e os ministros Alexandre de Moraes, C\u00e1rmen L\u00facia, Edson Fachin, Cristiano Zanin e Lu\u00eds Roberto e Barroso. Andr\u00e9 Mendon\u00e7a votou pelo envio das acusa\u00e7\u00f5es para a primeira inst\u00e2ncia da Justi\u00e7a.<\/p>\n\n\n\n<p class=\"wp-block-paragraph\">A maioria segue voto proferido por Gilmar Mendes. O relator entendeu que h\u00e1 ind\u00edcios suficientes para a abertura da a\u00e7\u00e3o penal contra Carla Zambelli. \u201cAinda que a arguida tenha porte de arma, o uso fora dos limites da defesa pessoal, em contexto p\u00fablico e ostensivo, ainda mais \u00e0s v\u00e9speras das elei\u00e7\u00f5es, em tese, pode significar responsabilidade penal\u201d, escreveu Mendes.<\/p>\n\n\n\n<p class=\"wp-block-paragraph\">A defesa de Carla Zambelli declarou \u00e0&nbsp;<strong>Ag\u00eancia Brasil<\/strong>&nbsp;que vai aguardar a finaliza\u00e7\u00e3o do julgamento para se pronunciar.&nbsp;<\/p>\n","protected":false},"excerpt":{"rendered":"<p>Da Ag\u00eancia Brasil A maioria dos ministros do Supremo Tribunal Federal (STF) votou nessa sexta-feira\u00a0(18) para tornar r\u00e9 a deputada federal Carla Zambelli (PL-SP) pelos crimes de porte ilegal de arma de fogo e constrangimento ilegal com emprego de arma de fogo. At\u00e9 o momento, por 6 votos a 1, o tribunal vota para aceitar [&hellip;]<\/p>\n","protected":false},"author":13,"featured_media":0,"comment_status":"open","ping_status":"open","sticky":false,"template":"","format":"standard","meta":{"_acf_changed":false,"footnotes":""},"categories":[898,23],"tags":[1086,142],"class_list":["post-73604","post","type-post","status-publish","format-standard","hentry","category-manchete-segundaria","category-politica","tag-carla-zambelli","tag-stf"],"acf":[],"yoast_head":"<!-- This site is optimized with the Yoast SEO plugin v24.4 - https:\/\/yoast.com\/wordpress\/plugins\/seo\/ -->\n<title>Maioria do STF vota para tornar Zambelli r\u00e9 por porte ilegal de armas - PORTAL DE NOT\u00cdCIAS CLEITON PINHEIRO<\/title>\n<meta name=\"robots\" content=\"index, follow, max-snippet:-1, max-image-preview:large, max-video-preview:-1\" \/>\n<link rel=\"canonical\" href=\"https:\/\/cleitonpinheiro.com.br\/site\/maioria-do-stf-vota-para-tornar-zambelli-re-por-porte-ilegal-de-armas\/\" \/>\n<meta property=\"og:locale\" content=\"pt_BR\" \/>\n<meta property=\"og:type\" content=\"article\" \/>\n<meta property=\"og:title\" content=\"Maioria do STF vota para tornar Zambelli r\u00e9 por porte ilegal de armas - PORTAL DE NOT\u00cdCIAS CLEITON PINHEIRO\" \/>\n<meta property=\"og:description\" content=\"Da Ag\u00eancia Brasil A maioria dos ministros do Supremo Tribunal Federal (STF) votou nessa sexta-feira\u00a0(18) para tornar r\u00e9 a deputada federal Carla Zambelli (PL-SP) pelos crimes de porte ilegal de arma de fogo e constrangimento ilegal com emprego de arma de fogo. At\u00e9 o momento, por 6 votos a 1, o tribunal vota para aceitar [&hellip;]\" \/>\n<meta property=\"og:url\" content=\"https:\/\/cleitonpinheiro.com.br\/site\/maioria-do-stf-vota-para-tornar-zambelli-re-por-porte-ilegal-de-armas\/\" \/>\n<meta property=\"og:site_name\" content=\"PORTAL DE NOT\u00cdCIAS CLEITON PINHEIRO\" \/>\n<meta property=\"article:publisher\" content=\"https:\/\/www.facebook.com\/portalcpnoticias\/\" \/>\n<meta property=\"article:published_time\" content=\"2023-08-21T16:40:41+00:00\" \/>\n<meta property=\"article:modified_time\" content=\"2023-08-21T16:40:44+00:00\" \/>\n<meta property=\"og:image\" content=\"https:\/\/cleitonpinheiro.com.br\/site\/wp-content\/uploads\/2023\/08\/02082023-lula7886.jpg\" \/>\n\t<meta property=\"og:image:width\" content=\"1170\" \/>\n\t<meta property=\"og:image:height\" content=\"700\" \/>\n\t<meta property=\"og:image:type\" content=\"image\/jpeg\" \/>\n<meta name=\"author\" content=\"Reda\u00e7\u00e3o CP\" \/>\n<meta name=\"twitter:card\" content=\"summary_large_image\" \/>\n<meta name=\"twitter:label1\" content=\"Escrito por\" \/>\n\t<meta name=\"twitter:data1\" content=\"Reda\u00e7\u00e3o CP\" \/>\n\t<meta name=\"twitter:label2\" content=\"Est. tempo de leitura\" \/>\n\t<meta name=\"twitter:data2\" content=\"3 minutos\" \/>\n<script type=\"application\/ld+json\" class=\"yoast-schema-graph\">{\"@context\":\"https:\/\/schema.org\",\"@graph\":[{\"@type\":\"Article\",\"@id\":\"https:\/\/cleitonpinheiro.com.br\/site\/maioria-do-stf-vota-para-tornar-zambelli-re-por-porte-ilegal-de-armas\/#article\",\"isPartOf\":{\"@id\":\"https:\/\/cleitonpinheiro.com.br\/site\/maioria-do-stf-vota-para-tornar-zambelli-re-por-porte-ilegal-de-armas\/\"},\"author\":{\"name\":\"Reda\u00e7\u00e3o CP\",\"@id\":\"https:\/\/cleitonpinheiro.com.br\/site\/#\/schema\/person\/8f04544e0bc40a1b68775b08360f87db\"},\"headline\":\"Maioria do STF vota para tornar Zambelli r\u00e9 por porte ilegal de armas\",\"datePublished\":\"2023-08-21T16:40:41+00:00\",\"dateModified\":\"2023-08-21T16:40:44+00:00\",\"mainEntityOfPage\":{\"@id\":\"https:\/\/cleitonpinheiro.com.br\/site\/maioria-do-stf-vota-para-tornar-zambelli-re-por-porte-ilegal-de-armas\/\"},\"wordCount\":350,\"commentCount\":0,\"publisher\":{\"@id\":\"https:\/\/cleitonpinheiro.com.br\/site\/#organization\"},\"image\":{\"@id\":\"https:\/\/cleitonpinheiro.com.br\/site\/maioria-do-stf-vota-para-tornar-zambelli-re-por-porte-ilegal-de-armas\/#primaryimage\"},\"thumbnailUrl\":\"https:\/\/cleitonpinheiro.com.br\/site\/wp-content\/uploads\/2023\/08\/02082023-lula7886.jpg\",\"keywords\":[\"Carla Zambelli\",\"STF\"],\"articleSection\":[\"MANCHETE SEGUND\u00c1RIA\",\"POL\u00cdTICA\"],\"inLanguage\":\"pt-BR\",\"potentialAction\":[{\"@type\":\"CommentAction\",\"name\":\"Comment\",\"target\":[\"https:\/\/cleitonpinheiro.com.br\/site\/maioria-do-stf-vota-para-tornar-zambelli-re-por-porte-ilegal-de-armas\/#respond\"]}]},{\"@type\":\"WebPage\",\"@id\":\"https:\/\/cleitonpinheiro.com.br\/site\/maioria-do-stf-vota-para-tornar-zambelli-re-por-porte-ilegal-de-armas\/\",\"url\":\"https:\/\/cleitonpinheiro.com.br\/site\/maioria-do-stf-vota-para-tornar-zambelli-re-por-porte-ilegal-de-armas\/\",\"name\":\"Maioria do STF vota para tornar Zambelli r\u00e9 por porte ilegal de armas - PORTAL DE NOT\u00cdCIAS CLEITON PINHEIRO\",\"isPartOf\":{\"@id\":\"https:\/\/cleitonpinheiro.com.br\/site\/#website\"},\"primaryImageOfPage\":{\"@id\":\"https:\/\/cleitonpinheiro.com.br\/site\/maioria-do-stf-vota-para-tornar-zambelli-re-por-porte-ilegal-de-armas\/#primaryimage\"},\"image\":{\"@id\":\"https:\/\/cleitonpinheiro.com.br\/site\/maioria-do-stf-vota-para-tornar-zambelli-re-por-porte-ilegal-de-armas\/#primaryimage\"},\"thumbnailUrl\":\"https:\/\/cleitonpinheiro.com.br\/site\/wp-content\/uploads\/2023\/08\/02082023-lula7886.jpg\",\"datePublished\":\"2023-08-21T16:40:41+00:00\",\"dateModified\":\"2023-08-21T16:40:44+00:00\",\"breadcrumb\":{\"@id\":\"https:\/\/cleitonpinheiro.com.br\/site\/maioria-do-stf-vota-para-tornar-zambelli-re-por-porte-ilegal-de-armas\/#breadcrumb\"},\"inLanguage\":\"pt-BR\",\"potentialAction\":[{\"@type\":\"ReadAction\",\"target\":[\"https:\/\/cleitonpinheiro.com.br\/site\/maioria-do-stf-vota-para-tornar-zambelli-re-por-porte-ilegal-de-armas\/\"]}]},{\"@type\":\"ImageObject\",\"inLanguage\":\"pt-BR\",\"@id\":\"https:\/\/cleitonpinheiro.com.br\/site\/maioria-do-stf-vota-para-tornar-zambelli-re-por-porte-ilegal-de-armas\/#primaryimage\",\"url\":\"\",\"contentUrl\":\"\"},{\"@type\":\"BreadcrumbList\",\"@id\":\"https:\/\/cleitonpinheiro.com.br\/site\/maioria-do-stf-vota-para-tornar-zambelli-re-por-porte-ilegal-de-armas\/#breadcrumb\",\"itemListElement\":[{\"@type\":\"ListItem\",\"position\":1,\"name\":\"In\u00edcio\",\"item\":\"https:\/\/cleitonpinheiro.com.br\/site\/\"},{\"@type\":\"ListItem\",\"position\":2,\"name\":\"Maioria do STF vota para tornar Zambelli r\u00e9 por porte ilegal de armas\"}]},{\"@type\":\"WebSite\",\"@id\":\"https:\/\/cleitonpinheiro.com.br\/site\/#website\",\"url\":\"https:\/\/cleitonpinheiro.com.br\/site\/\",\"name\":\"PORTAL DE NOT\u00cdCIAS CLEITON PINHEIRO\",\"description\":\"FALANDO A VERDADE\",\"publisher\":{\"@id\":\"https:\/\/cleitonpinheiro.com.br\/site\/#organization\"},\"potentialAction\":[{\"@type\":\"SearchAction\",\"target\":{\"@type\":\"EntryPoint\",\"urlTemplate\":\"https:\/\/cleitonpinheiro.com.br\/site\/?s={search_term_string}\"},\"query-input\":{\"@type\":\"PropertyValueSpecification\",\"valueRequired\":true,\"valueName\":\"search_term_string\"}}],\"inLanguage\":\"pt-BR\"},{\"@type\":\"Organization\",\"@id\":\"https:\/\/cleitonpinheiro.com.br\/site\/#organization\",\"name\":\"CPNOT\u00cdCIAS\",\"url\":\"https:\/\/cleitonpinheiro.com.br\/site\/\",\"logo\":{\"@type\":\"ImageObject\",\"inLanguage\":\"pt-BR\",\"@id\":\"https:\/\/cleitonpinheiro.com.br\/site\/#\/schema\/logo\/image\/\",\"url\":\"https:\/\/cleitonpinheiro.com.br\/site\/wp-content\/uploads\/2022\/08\/Logo-pequena-2.png\",\"contentUrl\":\"https:\/\/cleitonpinheiro.com.br\/site\/wp-content\/uploads\/2022\/08\/Logo-pequena-2.png\",\"width\":500,\"height\":500,\"caption\":\"CPNOT\u00cdCIAS\"},\"image\":{\"@id\":\"https:\/\/cleitonpinheiro.com.br\/site\/#\/schema\/logo\/image\/\"},\"sameAs\":[\"https:\/\/www.facebook.com\/portalcpnoticias\/\"]},{\"@type\":\"Person\",\"@id\":\"https:\/\/cleitonpinheiro.com.br\/site\/#\/schema\/person\/8f04544e0bc40a1b68775b08360f87db\",\"name\":\"Reda\u00e7\u00e3o CP\",\"image\":{\"@type\":\"ImageObject\",\"inLanguage\":\"pt-BR\",\"@id\":\"https:\/\/cleitonpinheiro.com.br\/site\/#\/schema\/person\/image\/\",\"url\":\"https:\/\/secure.gravatar.com\/avatar\/0bcf19cb29fdc8fc588c490c7ae1b3e174dac268586a63fbe1d1893a0f9020cd?s=96&r=g\",\"contentUrl\":\"https:\/\/secure.gravatar.com\/avatar\/0bcf19cb29fdc8fc588c490c7ae1b3e174dac268586a63fbe1d1893a0f9020cd?s=96&r=g\",\"caption\":\"Reda\u00e7\u00e3o CP\"},\"url\":\"https:\/\/cleitonpinheiro.com.br\/site\/author\/redacao\/\"}]}<\/script>\n<!-- \/ Yoast SEO plugin. -->","yoast_head_json":{"title":"Maioria do STF vota para tornar Zambelli r\u00e9 por porte ilegal de armas - PORTAL DE NOT\u00cdCIAS CLEITON PINHEIRO","robots":{"index":"index","follow":"follow","max-snippet":"max-snippet:-1","max-image-preview":"max-image-preview:large","max-video-preview":"max-video-preview:-1"},"canonical":"https:\/\/cleitonpinheiro.com.br\/site\/maioria-do-stf-vota-para-tornar-zambelli-re-por-porte-ilegal-de-armas\/","og_locale":"pt_BR","og_type":"article","og_title":"Maioria do STF vota para tornar Zambelli r\u00e9 por porte ilegal de armas - PORTAL DE NOT\u00cdCIAS CLEITON PINHEIRO","og_description":"Da Ag\u00eancia Brasil A maioria dos ministros do Supremo Tribunal Federal (STF) votou nessa sexta-feira\u00a0(18) para tornar r\u00e9 a deputada federal Carla Zambelli (PL-SP) pelos crimes de porte ilegal de arma de fogo e constrangimento ilegal com emprego de arma de fogo. At\u00e9 o momento, por 6 votos a 1, o tribunal vota para aceitar [&hellip;]","og_url":"https:\/\/cleitonpinheiro.com.br\/site\/maioria-do-stf-vota-para-tornar-zambelli-re-por-porte-ilegal-de-armas\/","og_site_name":"PORTAL DE NOT\u00cdCIAS CLEITON PINHEIRO","article_publisher":"https:\/\/www.facebook.com\/portalcpnoticias\/","article_published_time":"2023-08-21T16:40:41+00:00","article_modified_time":"2023-08-21T16:40:44+00:00","og_image":[{"width":1170,"height":700,"url":"https:\/\/cleitonpinheiro.com.br\/site\/wp-content\/uploads\/2023\/08\/02082023-lula7886.jpg","type":"image\/jpeg"}],"author":"Reda\u00e7\u00e3o CP","twitter_card":"summary_large_image","twitter_misc":{"Escrito por":"Reda\u00e7\u00e3o CP","Est. tempo de leitura":"3 minutos"},"schema":{"@context":"https:\/\/schema.org","@graph":[{"@type":"Article","@id":"https:\/\/cleitonpinheiro.com.br\/site\/maioria-do-stf-vota-para-tornar-zambelli-re-por-porte-ilegal-de-armas\/#article","isPartOf":{"@id":"https:\/\/cleitonpinheiro.com.br\/site\/maioria-do-stf-vota-para-tornar-zambelli-re-por-porte-ilegal-de-armas\/"},"author":{"name":"Reda\u00e7\u00e3o CP","@id":"https:\/\/cleitonpinheiro.com.br\/site\/#\/schema\/person\/8f04544e0bc40a1b68775b08360f87db"},"headline":"Maioria do STF vota para tornar Zambelli r\u00e9 por porte ilegal de armas","datePublished":"2023-08-21T16:40:41+00:00","dateModified":"2023-08-21T16:40:44+00:00","mainEntityOfPage":{"@id":"https:\/\/cleitonpinheiro.com.br\/site\/maioria-do-stf-vota-para-tornar-zambelli-re-por-porte-ilegal-de-armas\/"},"wordCount":350,"commentCount":0,"publisher":{"@id":"https:\/\/cleitonpinheiro.com.br\/site\/#organization"},"image":{"@id":"https:\/\/cleitonpinheiro.com.br\/site\/maioria-do-stf-vota-para-tornar-zambelli-re-por-porte-ilegal-de-armas\/#primaryimage"},"thumbnailUrl":"https:\/\/cleitonpinheiro.com.br\/site\/wp-content\/uploads\/2023\/08\/02082023-lula7886.jpg","keywords":["Carla Zambelli","STF"],"articleSection":["MANCHETE SEGUND\u00c1RIA","POL\u00cdTICA"],"inLanguage":"pt-BR","potentialAction":[{"@type":"CommentAction","name":"Comment","target":["https:\/\/cleitonpinheiro.com.br\/site\/maioria-do-stf-vota-para-tornar-zambelli-re-por-porte-ilegal-de-armas\/#respond"]}]},{"@type":"WebPage","@id":"https:\/\/cleitonpinheiro.com.br\/site\/maioria-do-stf-vota-para-tornar-zambelli-re-por-porte-ilegal-de-armas\/","url":"https:\/\/cleitonpinheiro.com.br\/site\/maioria-do-stf-vota-para-tornar-zambelli-re-por-porte-ilegal-de-armas\/","name":"Maioria do STF vota para tornar Zambelli r\u00e9 por porte ilegal de armas - PORTAL DE NOT\u00cdCIAS CLEITON PINHEIRO","isPartOf":{"@id":"https:\/\/cleitonpinheiro.com.br\/site\/#website"},"primaryImageOfPage":{"@id":"https:\/\/cleitonpinheiro.com.br\/site\/maioria-do-stf-vota-para-tornar-zambelli-re-por-porte-ilegal-de-armas\/#primaryimage"},"image":{"@id":"https:\/\/cleitonpinheiro.com.br\/site\/maioria-do-stf-vota-para-tornar-zambelli-re-por-porte-ilegal-de-armas\/#primaryimage"},"thumbnailUrl":"https:\/\/cleitonpinheiro.com.br\/site\/wp-content\/uploads\/2023\/08\/02082023-lula7886.jpg","datePublished":"2023-08-21T16:40:41+00:00","dateModified":"2023-08-21T16:40:44+00:00","breadcrumb":{"@id":"https:\/\/cleitonpinheiro.com.br\/site\/maioria-do-stf-vota-para-tornar-zambelli-re-por-porte-ilegal-de-armas\/#breadcrumb"},"inLanguage":"pt-BR","potentialAction":[{"@type":"ReadAction","target":["https:\/\/cleitonpinheiro.com.br\/site\/maioria-do-stf-vota-para-tornar-zambelli-re-por-porte-ilegal-de-armas\/"]}]},{"@type":"ImageObject","inLanguage":"pt-BR","@id":"https:\/\/cleitonpinheiro.com.br\/site\/maioria-do-stf-vota-para-tornar-zambelli-re-por-porte-ilegal-de-armas\/#primaryimage","url":"","contentUrl":""},{"@type":"BreadcrumbList","@id":"https:\/\/cleitonpinheiro.com.br\/site\/maioria-do-stf-vota-para-tornar-zambelli-re-por-porte-ilegal-de-armas\/#breadcrumb","itemListElement":[{"@type":"ListItem","position":1,"name":"In\u00edcio","item":"https:\/\/cleitonpinheiro.com.br\/site\/"},{"@type":"ListItem","position":2,"name":"Maioria do STF vota para tornar Zambelli r\u00e9 por porte ilegal de armas"}]},{"@type":"WebSite","@id":"https:\/\/cleitonpinheiro.com.br\/site\/#website","url":"https:\/\/cleitonpinheiro.com.br\/site\/","name":"PORTAL DE NOT\u00cdCIAS CLEITON PINHEIRO","description":"FALANDO A VERDADE","publisher":{"@id":"https:\/\/cleitonpinheiro.com.br\/site\/#organization"},"potentialAction":[{"@type":"SearchAction","target":{"@type":"EntryPoint","urlTemplate":"https:\/\/cleitonpinheiro.com.br\/site\/?s={search_term_string}"},"query-input":{"@type":"PropertyValueSpecification","valueRequired":true,"valueName":"search_term_string"}}],"inLanguage":"pt-BR"},{"@type":"Organization","@id":"https:\/\/cleitonpinheiro.com.br\/site\/#organization","name":"CPNOT\u00cdCIAS","url":"https:\/\/cleitonpinheiro.com.br\/site\/","logo":{"@type":"ImageObject","inLanguage":"pt-BR","@id":"https:\/\/cleitonpinheiro.com.br\/site\/#\/schema\/logo\/image\/","url":"https:\/\/cleitonpinheiro.com.br\/site\/wp-content\/uploads\/2022\/08\/Logo-pequena-2.png","contentUrl":"https:\/\/cleitonpinheiro.com.br\/site\/wp-content\/uploads\/2022\/08\/Logo-pequena-2.png","width":500,"height":500,"caption":"CPNOT\u00cdCIAS"},"image":{"@id":"https:\/\/cleitonpinheiro.com.br\/site\/#\/schema\/logo\/image\/"},"sameAs":["https:\/\/www.facebook.com\/portalcpnoticias\/"]},{"@type":"Person","@id":"https:\/\/cleitonpinheiro.com.br\/site\/#\/schema\/person\/8f04544e0bc40a1b68775b08360f87db","name":"Reda\u00e7\u00e3o CP","image":{"@type":"ImageObject","inLanguage":"pt-BR","@id":"https:\/\/cleitonpinheiro.com.br\/site\/#\/schema\/person\/image\/","url":"https:\/\/secure.gravatar.com\/avatar\/0bcf19cb29fdc8fc588c490c7ae1b3e174dac268586a63fbe1d1893a0f9020cd?s=96&r=g","contentUrl":"https:\/\/secure.gravatar.com\/avatar\/0bcf19cb29fdc8fc588c490c7ae1b3e174dac268586a63fbe1d1893a0f9020cd?s=96&r=g","caption":"Reda\u00e7\u00e3o CP"},"url":"https:\/\/cleitonpinheiro.com.br\/site\/author\/redacao\/"}]}},"views":154,"_links":{"self":[{"href":"https:\/\/cleitonpinheiro.com.br\/site\/wp-json\/wp\/v2\/posts\/73604","targetHints":{"allow":["GET"]}}],"collection":[{"href":"https:\/\/cleitonpinheiro.com.br\/site\/wp-json\/wp\/v2\/posts"}],"about":[{"href":"https:\/\/cleitonpinheiro.com.br\/site\/wp-json\/wp\/v2\/types\/post"}],"author":[{"embeddable":true,"href":"https:\/\/cleitonpinheiro.com.br\/site\/wp-json\/wp\/v2\/users\/13"}],"replies":[{"embeddable":true,"href":"https:\/\/cleitonpinheiro.com.br\/site\/wp-json\/wp\/v2\/comments?post=73604"}],"version-history":[{"count":1,"href":"https:\/\/cleitonpinheiro.com.br\/site\/wp-json\/wp\/v2\/posts\/73604\/revisions"}],"predecessor-version":[{"id":73606,"href":"https:\/\/cleitonpinheiro.com.br\/site\/wp-json\/wp\/v2\/posts\/73604\/revisions\/73606"}],"wp:attachment":[{"href":"https:\/\/cleitonpinheiro.com.br\/site\/wp-json\/wp\/v2\/media?parent=73604"}],"wp:term":[{"taxonomy":"category","embeddable":true,"href":"https:\/\/cleitonpinheiro.com.br\/site\/wp-json\/wp\/v2\/categories?post=73604"},{"taxonomy":"post_tag","embeddable":true,"href":"https:\/\/cleitonpinheiro.com.br\/site\/wp-json\/wp\/v2\/tags?post=73604"}],"curies":[{"name":"wp","href":"https:\/\/api.w.org\/{rel}","templated":true}]}}