{"id":73614,"date":"2023-08-22T08:36:31","date_gmt":"2023-08-22T11:36:31","guid":{"rendered":"https:\/\/cleitonpinheiro.com.br\/site\/?p=73614"},"modified":"2023-08-31T10:10:31","modified_gmt":"2023-08-31T13:10:31","slug":"saiba-as-novas-regras-de-alteracao-dos-hospitais-nos-planos-de-saude","status":"publish","type":"post","link":"https:\/\/cleitonpinheiro.com.br\/site\/saiba-as-novas-regras-de-alteracao-dos-hospitais-nos-planos-de-saude\/","title":{"rendered":"Saiba as novas regras de altera\u00e7\u00e3o dos hospitais nos planos de sa\u00fade"},"content":{"rendered":"\n<figure class=\"wp-block-image size-full\"><img decoding=\"async\" src=\"https:\/\/cleitonpinheiro.com.br\/site\/wp-content\/uploads\/2023\/08\/plano_de_saude_1703221439.jpg\" alt=\"\" class=\"wp-image-73615\"\/><figcaption class=\"wp-element-caption\">ANS amplia portabilidade de car\u00eancias; novas regras entram em vigor 180 dias ap\u00f3s publica\u00e7\u00e3o &#8211; Foto: Marcello Casal Jr\/Ag\u00eancia Brasil<\/figcaption><\/figure>\n\n\n\n<p class=\"wp-block-paragraph\"><strong>Da Ag\u00eancia Brasil<\/strong><\/p>\n\n\n\n<p class=\"wp-block-paragraph\">A Ag\u00eancia Nacional de Sa\u00fade Suplementar (ANS) aprovou novas regras para a altera\u00e7\u00e3o de rede hospitalar das operadoras de planos de sa\u00fade. As mudan\u00e7as est\u00e3o relacionadas com a Consulta P\u00fablica n\u00ba 82\/2021, que recebeu contribui\u00e7\u00f5es sobre quais deveriam ser os crit\u00e9rios para altera\u00e7\u00e3o da rede assistencial das operadoras.&nbsp;<img decoding=\"async\" src=\"https:\/\/agenciabrasil.ebc.com.br\/ebc.png?id=1549933&amp;o=node\"><img decoding=\"async\" src=\"https:\/\/agenciabrasil.ebc.com.br\/ebc.gif?id=1549933&amp;o=node\"><\/p>\n\n\n\n<p class=\"wp-block-paragraph\">Novas regras entram em vigor 180 dias ap\u00f3s&nbsp;publica\u00e7\u00e3o no Di\u00e1rio Oficial da Uni\u00e3o.&nbsp;<\/p>\n\n\n\n<p class=\"wp-block-paragraph\">As mudan\u00e7as valem tanto para a retirada de um hospital da rede, como para a troca de um hospital por outro. O objetivo \u00e9 dar maior transpar\u00eancia e seguran\u00e7a aos benefici\u00e1rios.&nbsp;<\/p>\n\n\n\n<h2 class=\"wp-block-heading\">Portabilidade&nbsp;<\/h2>\n\n\n\n<p class=\"wp-block-paragraph\">Nos casos em que os benefici\u00e1rios ficarem insatisfeitos com a exclus\u00e3o de um hospital ou&nbsp;servi\u00e7o de urg\u00eancia e emerg\u00eancia do prestador hospitalar da rede de sua operadora, ocorrida no munic\u00edpio de resid\u00eancia do benefici\u00e1rio ou no munic\u00edpio de contrata\u00e7\u00e3o do plano, o benefici\u00e1rio passa&nbsp;a ter direito de portabilidade sem prazo de perman\u00eancia no plano. Com isso, n\u00e3o precisar\u00e1 cumprir os prazos m\u00ednimos de perman\u00eancia no plano (1 a 3 anos). &nbsp;<\/p>\n\n\n\n<p class=\"wp-block-paragraph\">Tamb\u00e9m n\u00e3o ser\u00e1 exigido que o plano&nbsp;de origem e o&nbsp;de destino sejam da mesma faixa de pre\u00e7o, como acontece atualmente nos outros casos de portabilidade de car\u00eancias.&nbsp;<\/p>\n\n\n\n<h2 class=\"wp-block-heading\">Comunica\u00e7\u00e3o&nbsp;<\/h2>\n\n\n\n<p class=\"wp-block-paragraph\">Pelas novas regras, as operadoras tamb\u00e9m ser\u00e3o obrigadas a comunicar os consumidores, individualmente, sobre exclus\u00f5es ou mudan\u00e7as de hospitais e servi\u00e7os de urg\u00eancia e emerg\u00eancia na rede credenciada no munic\u00edpio de resid\u00eancia do benefici\u00e1rio. A comunica\u00e7\u00e3o individualizada deve ser feita com 30 dias de anteced\u00eancia, contados do t\u00e9rmino da presta\u00e7\u00e3o de servi\u00e7o.&nbsp;<\/p>\n\n\n\n<p class=\"wp-block-paragraph\">O diretor-presidente da ANS, Paulo Rebello, ressalta&nbsp;as vantagens ao consumidor do plano de sa\u00fade. \u201cAl\u00e9m de ser informado oficialmente sobre qualquer mudan\u00e7a na rede hospitalar da sua operadora, o consumidor ter\u00e1 maior mobilidade, pois ficar\u00e1 mais f\u00e1cil fazer a portabilidade de car\u00eancias caso o hospital de sua prefer\u00eancia saia da rede da sua operadora\u201d.&nbsp;<\/p>\n\n\n\n<h2 class=\"wp-block-heading\">Redu\u00e7\u00e3o da rede<\/h2>\n\n\n\n<p class=\"wp-block-paragraph\">Em rela\u00e7\u00e3o \u00e0 redu\u00e7\u00e3o de rede hospitalar, uma das principais mudan\u00e7as est\u00e1 relacionada \u00e0 an\u00e1lise do impacto da retirada do hospital sobre os consumidores atendidos pela operadora. &nbsp;<\/p>\n\n\n\n<p class=\"wp-block-paragraph\">Desta forma, caso a unidade a ser exclu\u00edda seja respons\u00e1vel por at\u00e9 80% das interna\u00e7\u00f5es em sua regi\u00e3o de atendimento, a ANS determina que a operadora n\u00e3o poder\u00e1 apenas retirar o hospital da rede, mas dever\u00e1 substitu\u00ed-lo por um novo.&nbsp;<\/p>\n\n\n\n<h2 class=\"wp-block-heading\">Substitui\u00e7\u00e3o de hospitais&nbsp;<\/h2>\n\n\n\n<p class=\"wp-block-paragraph\">A avalia\u00e7\u00e3o de equival\u00eancia de hospitais para substitui\u00e7\u00e3o tamb\u00e9m dever\u00e1 ser realizada a partir do uso de servi\u00e7os hospitalares e do atendimento de urg\u00eancia e emerg\u00eancia, nos \u00faltimos 12 meses. Assim, se, no per\u00edodo analisado, os servi\u00e7os tiverem sido utilizados no prestador exclu\u00eddo, eles precisar\u00e3o ser oferecidos no prestador substituto.&nbsp;<\/p>\n\n\n\n<p class=\"wp-block-paragraph\">E se o hospital a ser retirado pertencer ao grupo de hospitais que concentram at\u00e9 80% das interna\u00e7\u00f5es do plano, n\u00e3o ser\u00e1 permitida a exclus\u00e3o parcial de servi\u00e7os hospitalares. &nbsp;<\/p>\n\n\n\n<p class=\"wp-block-paragraph\">A norma aprovada tamb\u00e9m obriga o hospital substituto a estar localizado no mesmo munic\u00edpio do exclu\u00eddo, exceto quando n\u00e3o houver prestador dispon\u00edvel. Neste caso, poder\u00e1 ser indicado hospital em outro munic\u00edpio pr\u00f3ximo.&nbsp;<\/p>\n\n\n\n<p class=\"wp-block-paragraph\">O diretor de Normas e Opera\u00e7\u00f5es de Produtos da ANS, Alexandre Fioranelli, destacou que o foco da ANS, com a ado\u00e7\u00e3o dos novos crit\u00e9rios, est\u00e1 na seguran\u00e7a do consumidor com plano de sa\u00fade contratado. \u201cA proposta \u00e9 que o benefici\u00e1rio seja menos afetado em raz\u00e3o da rela\u00e7\u00e3o desfeita entre a operadora e o prestador. Esta proposta de normativo \u00e9 fruto de cuidadoso trabalho de elabora\u00e7\u00e3o, que contou com intensa participa\u00e7\u00e3o social e amplo debate\u201d, afirmou o diretor.&nbsp;<\/p>\n","protected":false},"excerpt":{"rendered":"<p>Da Ag\u00eancia Brasil A Ag\u00eancia Nacional de Sa\u00fade Suplementar (ANS) aprovou novas regras para a altera\u00e7\u00e3o de rede hospitalar das operadoras de planos de sa\u00fade. As mudan\u00e7as est\u00e3o relacionadas com a Consulta P\u00fablica n\u00ba 82\/2021, que recebeu contribui\u00e7\u00f5es sobre quais deveriam ser os crit\u00e9rios para altera\u00e7\u00e3o da rede assistencial das operadoras.&nbsp; Novas regras entram em [&hellip;]<\/p>\n","protected":false},"author":13,"featured_media":0,"comment_status":"open","ping_status":"open","sticky":false,"template":"","format":"standard","meta":{"_acf_changed":false,"footnotes":""},"categories":[19,21],"tags":[],"class_list":["post-73614","post","type-post","status-publish","format-standard","hentry","category-brasil-mundo","category-todas-noticias"],"acf":[],"yoast_head":"<!-- This site is optimized with the Yoast SEO plugin v24.4 - https:\/\/yoast.com\/wordpress\/plugins\/seo\/ -->\n<title>Saiba as novas regras de altera\u00e7\u00e3o dos hospitais nos planos de sa\u00fade - PORTAL DE NOT\u00cdCIAS CLEITON PINHEIRO<\/title>\n<meta name=\"robots\" content=\"index, follow, max-snippet:-1, max-image-preview:large, max-video-preview:-1\" \/>\n<link rel=\"canonical\" href=\"https:\/\/cleitonpinheiro.com.br\/site\/saiba-as-novas-regras-de-alteracao-dos-hospitais-nos-planos-de-saude\/\" \/>\n<meta property=\"og:locale\" content=\"pt_BR\" \/>\n<meta property=\"og:type\" content=\"article\" \/>\n<meta property=\"og:title\" content=\"Saiba as novas regras de altera\u00e7\u00e3o dos hospitais nos planos de sa\u00fade - PORTAL DE NOT\u00cdCIAS CLEITON PINHEIRO\" \/>\n<meta property=\"og:description\" content=\"Da Ag\u00eancia Brasil A Ag\u00eancia Nacional de Sa\u00fade Suplementar (ANS) aprovou novas regras para a altera\u00e7\u00e3o de rede hospitalar das operadoras de planos de sa\u00fade. As mudan\u00e7as est\u00e3o relacionadas com a Consulta P\u00fablica n\u00ba 82\/2021, que recebeu contribui\u00e7\u00f5es sobre quais deveriam ser os crit\u00e9rios para altera\u00e7\u00e3o da rede assistencial das operadoras.&nbsp; Novas regras entram em [&hellip;]\" \/>\n<meta property=\"og:url\" content=\"https:\/\/cleitonpinheiro.com.br\/site\/saiba-as-novas-regras-de-alteracao-dos-hospitais-nos-planos-de-saude\/\" \/>\n<meta property=\"og:site_name\" content=\"PORTAL DE NOT\u00cdCIAS CLEITON PINHEIRO\" \/>\n<meta property=\"article:publisher\" content=\"https:\/\/www.facebook.com\/portalcpnoticias\/\" \/>\n<meta property=\"article:published_time\" content=\"2023-08-22T11:36:31+00:00\" \/>\n<meta property=\"article:modified_time\" content=\"2023-08-31T13:10:31+00:00\" \/>\n<meta property=\"og:image\" content=\"https:\/\/cleitonpinheiro.com.br\/site\/wp-content\/uploads\/2023\/08\/plano_de_saude_1703221439.jpg\" \/>\n\t<meta property=\"og:image:width\" content=\"1170\" \/>\n\t<meta property=\"og:image:height\" content=\"700\" \/>\n\t<meta property=\"og:image:type\" content=\"image\/jpeg\" \/>\n<meta name=\"author\" content=\"Reda\u00e7\u00e3o CP\" \/>\n<meta name=\"twitter:card\" content=\"summary_large_image\" \/>\n<meta name=\"twitter:label1\" content=\"Escrito por\" \/>\n\t<meta name=\"twitter:data1\" content=\"Reda\u00e7\u00e3o CP\" \/>\n\t<meta name=\"twitter:label2\" content=\"Est. tempo de leitura\" \/>\n\t<meta name=\"twitter:data2\" content=\"4 minutos\" \/>\n<script type=\"application\/ld+json\" class=\"yoast-schema-graph\">{\"@context\":\"https:\/\/schema.org\",\"@graph\":[{\"@type\":\"Article\",\"@id\":\"https:\/\/cleitonpinheiro.com.br\/site\/saiba-as-novas-regras-de-alteracao-dos-hospitais-nos-planos-de-saude\/#article\",\"isPartOf\":{\"@id\":\"https:\/\/cleitonpinheiro.com.br\/site\/saiba-as-novas-regras-de-alteracao-dos-hospitais-nos-planos-de-saude\/\"},\"author\":{\"name\":\"Reda\u00e7\u00e3o CP\",\"@id\":\"https:\/\/cleitonpinheiro.com.br\/site\/#\/schema\/person\/8f04544e0bc40a1b68775b08360f87db\"},\"headline\":\"Saiba as novas regras de altera\u00e7\u00e3o dos hospitais nos planos de sa\u00fade\",\"datePublished\":\"2023-08-22T11:36:31+00:00\",\"dateModified\":\"2023-08-31T13:10:31+00:00\",\"mainEntityOfPage\":{\"@id\":\"https:\/\/cleitonpinheiro.com.br\/site\/saiba-as-novas-regras-de-alteracao-dos-hospitais-nos-planos-de-saude\/\"},\"wordCount\":718,\"commentCount\":0,\"publisher\":{\"@id\":\"https:\/\/cleitonpinheiro.com.br\/site\/#organization\"},\"image\":{\"@id\":\"https:\/\/cleitonpinheiro.com.br\/site\/saiba-as-novas-regras-de-alteracao-dos-hospitais-nos-planos-de-saude\/#primaryimage\"},\"thumbnailUrl\":\"https:\/\/cleitonpinheiro.com.br\/site\/wp-content\/uploads\/2023\/08\/plano_de_saude_1703221439.jpg\",\"articleSection\":[\"BRASIL \/ MUNDO\",\"TODAS NOTICIAS\"],\"inLanguage\":\"pt-BR\",\"potentialAction\":[{\"@type\":\"CommentAction\",\"name\":\"Comment\",\"target\":[\"https:\/\/cleitonpinheiro.com.br\/site\/saiba-as-novas-regras-de-alteracao-dos-hospitais-nos-planos-de-saude\/#respond\"]}]},{\"@type\":\"WebPage\",\"@id\":\"https:\/\/cleitonpinheiro.com.br\/site\/saiba-as-novas-regras-de-alteracao-dos-hospitais-nos-planos-de-saude\/\",\"url\":\"https:\/\/cleitonpinheiro.com.br\/site\/saiba-as-novas-regras-de-alteracao-dos-hospitais-nos-planos-de-saude\/\",\"name\":\"Saiba as novas regras de altera\u00e7\u00e3o dos hospitais nos planos de sa\u00fade - PORTAL DE NOT\u00cdCIAS CLEITON PINHEIRO\",\"isPartOf\":{\"@id\":\"https:\/\/cleitonpinheiro.com.br\/site\/#website\"},\"primaryImageOfPage\":{\"@id\":\"https:\/\/cleitonpinheiro.com.br\/site\/saiba-as-novas-regras-de-alteracao-dos-hospitais-nos-planos-de-saude\/#primaryimage\"},\"image\":{\"@id\":\"https:\/\/cleitonpinheiro.com.br\/site\/saiba-as-novas-regras-de-alteracao-dos-hospitais-nos-planos-de-saude\/#primaryimage\"},\"thumbnailUrl\":\"https:\/\/cleitonpinheiro.com.br\/site\/wp-content\/uploads\/2023\/08\/plano_de_saude_1703221439.jpg\",\"datePublished\":\"2023-08-22T11:36:31+00:00\",\"dateModified\":\"2023-08-31T13:10:31+00:00\",\"breadcrumb\":{\"@id\":\"https:\/\/cleitonpinheiro.com.br\/site\/saiba-as-novas-regras-de-alteracao-dos-hospitais-nos-planos-de-saude\/#breadcrumb\"},\"inLanguage\":\"pt-BR\",\"potentialAction\":[{\"@type\":\"ReadAction\",\"target\":[\"https:\/\/cleitonpinheiro.com.br\/site\/saiba-as-novas-regras-de-alteracao-dos-hospitais-nos-planos-de-saude\/\"]}]},{\"@type\":\"ImageObject\",\"inLanguage\":\"pt-BR\",\"@id\":\"https:\/\/cleitonpinheiro.com.br\/site\/saiba-as-novas-regras-de-alteracao-dos-hospitais-nos-planos-de-saude\/#primaryimage\",\"url\":\"\",\"contentUrl\":\"\"},{\"@type\":\"BreadcrumbList\",\"@id\":\"https:\/\/cleitonpinheiro.com.br\/site\/saiba-as-novas-regras-de-alteracao-dos-hospitais-nos-planos-de-saude\/#breadcrumb\",\"itemListElement\":[{\"@type\":\"ListItem\",\"position\":1,\"name\":\"In\u00edcio\",\"item\":\"https:\/\/cleitonpinheiro.com.br\/site\/\"},{\"@type\":\"ListItem\",\"position\":2,\"name\":\"Saiba as novas regras de altera\u00e7\u00e3o dos hospitais nos planos de sa\u00fade\"}]},{\"@type\":\"WebSite\",\"@id\":\"https:\/\/cleitonpinheiro.com.br\/site\/#website\",\"url\":\"https:\/\/cleitonpinheiro.com.br\/site\/\",\"name\":\"PORTAL DE NOT\u00cdCIAS CLEITON PINHEIRO\",\"description\":\"FALANDO A VERDADE\",\"publisher\":{\"@id\":\"https:\/\/cleitonpinheiro.com.br\/site\/#organization\"},\"potentialAction\":[{\"@type\":\"SearchAction\",\"target\":{\"@type\":\"EntryPoint\",\"urlTemplate\":\"https:\/\/cleitonpinheiro.com.br\/site\/?s={search_term_string}\"},\"query-input\":{\"@type\":\"PropertyValueSpecification\",\"valueRequired\":true,\"valueName\":\"search_term_string\"}}],\"inLanguage\":\"pt-BR\"},{\"@type\":\"Organization\",\"@id\":\"https:\/\/cleitonpinheiro.com.br\/site\/#organization\",\"name\":\"CPNOT\u00cdCIAS\",\"url\":\"https:\/\/cleitonpinheiro.com.br\/site\/\",\"logo\":{\"@type\":\"ImageObject\",\"inLanguage\":\"pt-BR\",\"@id\":\"https:\/\/cleitonpinheiro.com.br\/site\/#\/schema\/logo\/image\/\",\"url\":\"https:\/\/cleitonpinheiro.com.br\/site\/wp-content\/uploads\/2022\/08\/Logo-pequena-2.png\",\"contentUrl\":\"https:\/\/cleitonpinheiro.com.br\/site\/wp-content\/uploads\/2022\/08\/Logo-pequena-2.png\",\"width\":500,\"height\":500,\"caption\":\"CPNOT\u00cdCIAS\"},\"image\":{\"@id\":\"https:\/\/cleitonpinheiro.com.br\/site\/#\/schema\/logo\/image\/\"},\"sameAs\":[\"https:\/\/www.facebook.com\/portalcpnoticias\/\"]},{\"@type\":\"Person\",\"@id\":\"https:\/\/cleitonpinheiro.com.br\/site\/#\/schema\/person\/8f04544e0bc40a1b68775b08360f87db\",\"name\":\"Reda\u00e7\u00e3o CP\",\"image\":{\"@type\":\"ImageObject\",\"inLanguage\":\"pt-BR\",\"@id\":\"https:\/\/cleitonpinheiro.com.br\/site\/#\/schema\/person\/image\/\",\"url\":\"https:\/\/secure.gravatar.com\/avatar\/0bcf19cb29fdc8fc588c490c7ae1b3e174dac268586a63fbe1d1893a0f9020cd?s=96&r=g\",\"contentUrl\":\"https:\/\/secure.gravatar.com\/avatar\/0bcf19cb29fdc8fc588c490c7ae1b3e174dac268586a63fbe1d1893a0f9020cd?s=96&r=g\",\"caption\":\"Reda\u00e7\u00e3o CP\"},\"url\":\"https:\/\/cleitonpinheiro.com.br\/site\/author\/redacao\/\"}]}<\/script>\n<!-- \/ Yoast SEO plugin. -->","yoast_head_json":{"title":"Saiba as novas regras de altera\u00e7\u00e3o dos hospitais nos planos de sa\u00fade - PORTAL DE NOT\u00cdCIAS CLEITON PINHEIRO","robots":{"index":"index","follow":"follow","max-snippet":"max-snippet:-1","max-image-preview":"max-image-preview:large","max-video-preview":"max-video-preview:-1"},"canonical":"https:\/\/cleitonpinheiro.com.br\/site\/saiba-as-novas-regras-de-alteracao-dos-hospitais-nos-planos-de-saude\/","og_locale":"pt_BR","og_type":"article","og_title":"Saiba as novas regras de altera\u00e7\u00e3o dos hospitais nos planos de sa\u00fade - PORTAL DE NOT\u00cdCIAS CLEITON PINHEIRO","og_description":"Da Ag\u00eancia Brasil A Ag\u00eancia Nacional de Sa\u00fade Suplementar (ANS) aprovou novas regras para a altera\u00e7\u00e3o de rede hospitalar das operadoras de planos de sa\u00fade. As mudan\u00e7as est\u00e3o relacionadas com a Consulta P\u00fablica n\u00ba 82\/2021, que recebeu contribui\u00e7\u00f5es sobre quais deveriam ser os crit\u00e9rios para altera\u00e7\u00e3o da rede assistencial das operadoras.&nbsp; Novas regras entram em [&hellip;]","og_url":"https:\/\/cleitonpinheiro.com.br\/site\/saiba-as-novas-regras-de-alteracao-dos-hospitais-nos-planos-de-saude\/","og_site_name":"PORTAL DE NOT\u00cdCIAS CLEITON PINHEIRO","article_publisher":"https:\/\/www.facebook.com\/portalcpnoticias\/","article_published_time":"2023-08-22T11:36:31+00:00","article_modified_time":"2023-08-31T13:10:31+00:00","og_image":[{"width":1170,"height":700,"url":"https:\/\/cleitonpinheiro.com.br\/site\/wp-content\/uploads\/2023\/08\/plano_de_saude_1703221439.jpg","type":"image\/jpeg"}],"author":"Reda\u00e7\u00e3o CP","twitter_card":"summary_large_image","twitter_misc":{"Escrito por":"Reda\u00e7\u00e3o CP","Est. tempo de leitura":"4 minutos"},"schema":{"@context":"https:\/\/schema.org","@graph":[{"@type":"Article","@id":"https:\/\/cleitonpinheiro.com.br\/site\/saiba-as-novas-regras-de-alteracao-dos-hospitais-nos-planos-de-saude\/#article","isPartOf":{"@id":"https:\/\/cleitonpinheiro.com.br\/site\/saiba-as-novas-regras-de-alteracao-dos-hospitais-nos-planos-de-saude\/"},"author":{"name":"Reda\u00e7\u00e3o CP","@id":"https:\/\/cleitonpinheiro.com.br\/site\/#\/schema\/person\/8f04544e0bc40a1b68775b08360f87db"},"headline":"Saiba as novas regras de altera\u00e7\u00e3o dos hospitais nos planos de sa\u00fade","datePublished":"2023-08-22T11:36:31+00:00","dateModified":"2023-08-31T13:10:31+00:00","mainEntityOfPage":{"@id":"https:\/\/cleitonpinheiro.com.br\/site\/saiba-as-novas-regras-de-alteracao-dos-hospitais-nos-planos-de-saude\/"},"wordCount":718,"commentCount":0,"publisher":{"@id":"https:\/\/cleitonpinheiro.com.br\/site\/#organization"},"image":{"@id":"https:\/\/cleitonpinheiro.com.br\/site\/saiba-as-novas-regras-de-alteracao-dos-hospitais-nos-planos-de-saude\/#primaryimage"},"thumbnailUrl":"https:\/\/cleitonpinheiro.com.br\/site\/wp-content\/uploads\/2023\/08\/plano_de_saude_1703221439.jpg","articleSection":["BRASIL \/ MUNDO","TODAS NOTICIAS"],"inLanguage":"pt-BR","potentialAction":[{"@type":"CommentAction","name":"Comment","target":["https:\/\/cleitonpinheiro.com.br\/site\/saiba-as-novas-regras-de-alteracao-dos-hospitais-nos-planos-de-saude\/#respond"]}]},{"@type":"WebPage","@id":"https:\/\/cleitonpinheiro.com.br\/site\/saiba-as-novas-regras-de-alteracao-dos-hospitais-nos-planos-de-saude\/","url":"https:\/\/cleitonpinheiro.com.br\/site\/saiba-as-novas-regras-de-alteracao-dos-hospitais-nos-planos-de-saude\/","name":"Saiba as novas regras de altera\u00e7\u00e3o dos hospitais nos planos de sa\u00fade - PORTAL DE NOT\u00cdCIAS CLEITON PINHEIRO","isPartOf":{"@id":"https:\/\/cleitonpinheiro.com.br\/site\/#website"},"primaryImageOfPage":{"@id":"https:\/\/cleitonpinheiro.com.br\/site\/saiba-as-novas-regras-de-alteracao-dos-hospitais-nos-planos-de-saude\/#primaryimage"},"image":{"@id":"https:\/\/cleitonpinheiro.com.br\/site\/saiba-as-novas-regras-de-alteracao-dos-hospitais-nos-planos-de-saude\/#primaryimage"},"thumbnailUrl":"https:\/\/cleitonpinheiro.com.br\/site\/wp-content\/uploads\/2023\/08\/plano_de_saude_1703221439.jpg","datePublished":"2023-08-22T11:36:31+00:00","dateModified":"2023-08-31T13:10:31+00:00","breadcrumb":{"@id":"https:\/\/cleitonpinheiro.com.br\/site\/saiba-as-novas-regras-de-alteracao-dos-hospitais-nos-planos-de-saude\/#breadcrumb"},"inLanguage":"pt-BR","potentialAction":[{"@type":"ReadAction","target":["https:\/\/cleitonpinheiro.com.br\/site\/saiba-as-novas-regras-de-alteracao-dos-hospitais-nos-planos-de-saude\/"]}]},{"@type":"ImageObject","inLanguage":"pt-BR","@id":"https:\/\/cleitonpinheiro.com.br\/site\/saiba-as-novas-regras-de-alteracao-dos-hospitais-nos-planos-de-saude\/#primaryimage","url":"","contentUrl":""},{"@type":"BreadcrumbList","@id":"https:\/\/cleitonpinheiro.com.br\/site\/saiba-as-novas-regras-de-alteracao-dos-hospitais-nos-planos-de-saude\/#breadcrumb","itemListElement":[{"@type":"ListItem","position":1,"name":"In\u00edcio","item":"https:\/\/cleitonpinheiro.com.br\/site\/"},{"@type":"ListItem","position":2,"name":"Saiba as novas regras de altera\u00e7\u00e3o dos hospitais nos planos de sa\u00fade"}]},{"@type":"WebSite","@id":"https:\/\/cleitonpinheiro.com.br\/site\/#website","url":"https:\/\/cleitonpinheiro.com.br\/site\/","name":"PORTAL DE NOT\u00cdCIAS CLEITON PINHEIRO","description":"FALANDO A VERDADE","publisher":{"@id":"https:\/\/cleitonpinheiro.com.br\/site\/#organization"},"potentialAction":[{"@type":"SearchAction","target":{"@type":"EntryPoint","urlTemplate":"https:\/\/cleitonpinheiro.com.br\/site\/?s={search_term_string}"},"query-input":{"@type":"PropertyValueSpecification","valueRequired":true,"valueName":"search_term_string"}}],"inLanguage":"pt-BR"},{"@type":"Organization","@id":"https:\/\/cleitonpinheiro.com.br\/site\/#organization","name":"CPNOT\u00cdCIAS","url":"https:\/\/cleitonpinheiro.com.br\/site\/","logo":{"@type":"ImageObject","inLanguage":"pt-BR","@id":"https:\/\/cleitonpinheiro.com.br\/site\/#\/schema\/logo\/image\/","url":"https:\/\/cleitonpinheiro.com.br\/site\/wp-content\/uploads\/2022\/08\/Logo-pequena-2.png","contentUrl":"https:\/\/cleitonpinheiro.com.br\/site\/wp-content\/uploads\/2022\/08\/Logo-pequena-2.png","width":500,"height":500,"caption":"CPNOT\u00cdCIAS"},"image":{"@id":"https:\/\/cleitonpinheiro.com.br\/site\/#\/schema\/logo\/image\/"},"sameAs":["https:\/\/www.facebook.com\/portalcpnoticias\/"]},{"@type":"Person","@id":"https:\/\/cleitonpinheiro.com.br\/site\/#\/schema\/person\/8f04544e0bc40a1b68775b08360f87db","name":"Reda\u00e7\u00e3o CP","image":{"@type":"ImageObject","inLanguage":"pt-BR","@id":"https:\/\/cleitonpinheiro.com.br\/site\/#\/schema\/person\/image\/","url":"https:\/\/secure.gravatar.com\/avatar\/0bcf19cb29fdc8fc588c490c7ae1b3e174dac268586a63fbe1d1893a0f9020cd?s=96&r=g","contentUrl":"https:\/\/secure.gravatar.com\/avatar\/0bcf19cb29fdc8fc588c490c7ae1b3e174dac268586a63fbe1d1893a0f9020cd?s=96&r=g","caption":"Reda\u00e7\u00e3o CP"},"url":"https:\/\/cleitonpinheiro.com.br\/site\/author\/redacao\/"}]}},"views":144,"_links":{"self":[{"href":"https:\/\/cleitonpinheiro.com.br\/site\/wp-json\/wp\/v2\/posts\/73614","targetHints":{"allow":["GET"]}}],"collection":[{"href":"https:\/\/cleitonpinheiro.com.br\/site\/wp-json\/wp\/v2\/posts"}],"about":[{"href":"https:\/\/cleitonpinheiro.com.br\/site\/wp-json\/wp\/v2\/types\/post"}],"author":[{"embeddable":true,"href":"https:\/\/cleitonpinheiro.com.br\/site\/wp-json\/wp\/v2\/users\/13"}],"replies":[{"embeddable":true,"href":"https:\/\/cleitonpinheiro.com.br\/site\/wp-json\/wp\/v2\/comments?post=73614"}],"version-history":[{"count":2,"href":"https:\/\/cleitonpinheiro.com.br\/site\/wp-json\/wp\/v2\/posts\/73614\/revisions"}],"predecessor-version":[{"id":73648,"href":"https:\/\/cleitonpinheiro.com.br\/site\/wp-json\/wp\/v2\/posts\/73614\/revisions\/73648"}],"wp:attachment":[{"href":"https:\/\/cleitonpinheiro.com.br\/site\/wp-json\/wp\/v2\/media?parent=73614"}],"wp:term":[{"taxonomy":"category","embeddable":true,"href":"https:\/\/cleitonpinheiro.com.br\/site\/wp-json\/wp\/v2\/categories?post=73614"},{"taxonomy":"post_tag","embeddable":true,"href":"https:\/\/cleitonpinheiro.com.br\/site\/wp-json\/wp\/v2\/tags?post=73614"}],"curies":[{"name":"wp","href":"https:\/\/api.w.org\/{rel}","templated":true}]}}