{"id":73617,"date":"2023-08-22T08:40:52","date_gmt":"2023-08-22T11:40:52","guid":{"rendered":"https:\/\/cleitonpinheiro.com.br\/site\/?p=73617"},"modified":"2023-08-22T08:40:53","modified_gmt":"2023-08-22T11:40:53","slug":"senai-abre-vagas-para-instrutores-e-assistente-administrativo-em-tres-cidades","status":"publish","type":"post","link":"https:\/\/cleitonpinheiro.com.br\/site\/senai-abre-vagas-para-instrutores-e-assistente-administrativo-em-tres-cidades\/","title":{"rendered":"Senai abre vagas para instrutores e assistente administrativo em tr\u00eas cidades"},"content":{"rendered":"\n<figure class=\"wp-block-image size-full\"><img decoding=\"async\" src=\"https:\/\/cleitonpinheiro.com.br\/site\/wp-content\/uploads\/2023\/08\/SENAI-CETEC-Palmas.png\" alt=\"\" class=\"wp-image-73618\"\/><figcaption class=\"wp-element-caption\">Oportunidades s\u00e3o as cidades de Aragua\u00edna, Para\u00edso do Tocantins e Palmas &#8211; Foto: Fieto<\/figcaption><\/figure>\n\n\n\n<p class=\"wp-block-paragraph\">O Servi\u00e7o Nacional de Aprendizagem Industrial (SENAI) encontra-se atualmente com inscri\u00e7\u00f5es em aberto para processos seletivos nas cidades de Aragua\u00edna, Para\u00edso do Tocantins e Palmas. As oportunidades incluem duas vagas para a posi\u00e7\u00e3o de Instrutor Automotivo, bem como uma vaga destinada ao cargo de Assistente Administrativo.<\/p>\n\n\n\n<p class=\"wp-block-paragraph\"><strong>Assistente Administrativo 1 \u2013 Para\u00edso do Tocantins<\/strong><\/p>\n\n\n\n<p class=\"wp-block-paragraph\">Para a vaga, o candidato deve ter Ensino M\u00e9dio Completo. Desej\u00e1vel estar cursando ensino superior em Administra\u00e7\u00e3o ou Ci\u00eancias Cont\u00e1beis. No m\u00ednimo seis meses de experi\u00eancia em rotinas administrativas.<\/p>\n\n\n\n<p class=\"wp-block-paragraph\">O prazo para inscri\u00e7\u00f5es \u00e9 at\u00e9 25\/08.<\/p>\n\n\n\n<p class=\"wp-block-paragraph\"><strong>Instrutor 3 \u2013 Automotiva \u2013 Palmas<\/strong><\/p>\n\n\n\n<p class=\"wp-block-paragraph\">O interessado deve possuir Ensino Superior Completo em Engenharia Mec\u00e2nica ou forma\u00e7\u00e3o superior em qualquer \u00e1rea com Curso T\u00e9cnico em Mec\u00e2nica Veicular, T\u00e9cnico em Manuten\u00e7\u00e3o Automotiva e\/ou \u00e1reas afins.<\/p>\n\n\n\n<p class=\"wp-block-paragraph\">Experi\u00eancia de no m\u00ednimo seis meses em funilaria, pintura, manuten\u00e7\u00e3o de ve\u00edculos leves e pesados, com conhecimento em mec\u00e2nica, hidr\u00e1ulica, pneum\u00e1tica, el\u00e9trica automotiva e eletr\u00f4nica embarcada.<\/p>\n\n\n\n<p class=\"wp-block-paragraph\"><strong>Instrutor 3 \u2013 Automotiva \u2013 Aragua\u00edna<\/strong><\/p>\n\n\n\n<p class=\"wp-block-paragraph\">O candidato deve ter Ensino Superior Completo em Engenharia Mec\u00e2nica ou forma\u00e7\u00e3o superior em qualquer \u00e1rea com curso t\u00e9cnico em Mec\u00e2nica Veicular, T\u00e9cnico em Manuten\u00e7\u00e3o Automotiva e\/ou \u00e1reas afins. No m\u00ednimo seis meses de experi\u00eancia na \u00e1rea de atua\u00e7\u00e3o.<\/p>\n\n\n\n<p class=\"wp-block-paragraph\">O prazo para ambos os processos seletivos \u00e9 at\u00e9 27\/08.<\/p>\n\n\n\n<p class=\"wp-block-paragraph\"><strong>Como se inscrever<\/strong><\/p>\n\n\n\n<p class=\"wp-block-paragraph\">Para as vagas do SENAI, os interessados devem acessar o site (<a href=\"http:\/\/senai-to.com.br\/\" target=\"_blank\" rel=\"noreferrer noopener\">www.senai-to.com.br<\/a>) e conferir o cronograma e requisitos no link<a href=\"http:\/\/senai-to.com.br\/ProcessosPessoas.aspx\" target=\"_blank\" rel=\"noreferrer noopener\">&nbsp;Trabalhe Conosco<\/a>, ou se candidatar pelo<a href=\"https:\/\/senai-to.empregare.com\/pt-br\/vagas\" target=\"_blank\" rel=\"noreferrer noopener\">&nbsp;Empregare.<\/a><\/p>\n\n\n\n<p class=\"wp-block-paragraph\"><strong>Confira os editais<\/strong><\/p>\n\n\n\n<p class=\"wp-block-paragraph\"><a href=\"http:\/\/senai-to.com.br\/ProcessoPessoa.aspx?c=5081c018-907a-4cb9-b650-2bda233ea173\" target=\"_blank\" rel=\"noreferrer noopener\">Instrutor 3 \u2013 Automotiva \u2013 Aragua\u00edna<\/a><\/p>\n\n\n\n<p class=\"wp-block-paragraph\"><a href=\"http:\/\/senai-to.com.br\/ProcessoPessoa.aspx?c=c40d7e6a-6481-4e1e-bd52-a661cf8c836a\" target=\"_blank\" rel=\"noreferrer noopener\">Instrutor 3 \u2013 Automotiva \u2013 Palmas<\/a><\/p>\n\n\n\n<p class=\"wp-block-paragraph\"><a href=\"http:\/\/senai-to.com.br\/ProcessoPessoa.aspx?c=0810c39d-a749-4ad1-8371-4dd044eb3010\" target=\"_blank\" rel=\"noreferrer noopener\">Assistente Administrativo 1 \u2013 Para\u00edso do Tocantins<\/a><\/p>\n","protected":false},"excerpt":{"rendered":"<p>O Servi\u00e7o Nacional de Aprendizagem Industrial (SENAI) encontra-se atualmente com inscri\u00e7\u00f5es em aberto para processos seletivos nas cidades de Aragua\u00edna, Para\u00edso do Tocantins e Palmas. As oportunidades incluem duas vagas para a posi\u00e7\u00e3o de Instrutor Automotivo, bem como uma vaga destinada ao cargo de Assistente Administrativo. Assistente Administrativo 1 \u2013 Para\u00edso do Tocantins Para a [&hellip;]<\/p>\n","protected":false},"author":13,"featured_media":0,"comment_status":"open","ping_status":"open","sticky":false,"template":"","format":"standard","meta":{"_acf_changed":false,"footnotes":""},"categories":[22,898],"tags":[729,1007],"class_list":["post-73617","post","type-post","status-publish","format-standard","hentry","category-cidades","category-manchete-segundaria","tag-fieto","tag-senai"],"acf":[],"yoast_head":"<!-- This site is optimized with the Yoast SEO plugin v24.4 - https:\/\/yoast.com\/wordpress\/plugins\/seo\/ -->\n<title>Senai abre vagas para instrutores e assistente administrativo em tr\u00eas cidades - PORTAL DE NOT\u00cdCIAS CLEITON PINHEIRO<\/title>\n<meta name=\"robots\" content=\"index, follow, max-snippet:-1, max-image-preview:large, max-video-preview:-1\" \/>\n<link rel=\"canonical\" href=\"https:\/\/cleitonpinheiro.com.br\/site\/senai-abre-vagas-para-instrutores-e-assistente-administrativo-em-tres-cidades\/\" \/>\n<meta property=\"og:locale\" content=\"pt_BR\" \/>\n<meta property=\"og:type\" content=\"article\" \/>\n<meta property=\"og:title\" content=\"Senai abre vagas para instrutores e assistente administrativo em tr\u00eas cidades - PORTAL DE NOT\u00cdCIAS CLEITON PINHEIRO\" \/>\n<meta property=\"og:description\" content=\"O Servi\u00e7o Nacional de Aprendizagem Industrial (SENAI) encontra-se atualmente com inscri\u00e7\u00f5es em aberto para processos seletivos nas cidades de Aragua\u00edna, Para\u00edso do Tocantins e Palmas. As oportunidades incluem duas vagas para a posi\u00e7\u00e3o de Instrutor Automotivo, bem como uma vaga destinada ao cargo de Assistente Administrativo. Assistente Administrativo 1 \u2013 Para\u00edso do Tocantins Para a [&hellip;]\" \/>\n<meta property=\"og:url\" content=\"https:\/\/cleitonpinheiro.com.br\/site\/senai-abre-vagas-para-instrutores-e-assistente-administrativo-em-tres-cidades\/\" \/>\n<meta property=\"og:site_name\" content=\"PORTAL DE NOT\u00cdCIAS CLEITON PINHEIRO\" \/>\n<meta property=\"article:publisher\" content=\"https:\/\/www.facebook.com\/portalcpnoticias\/\" \/>\n<meta property=\"article:published_time\" content=\"2023-08-22T11:40:52+00:00\" \/>\n<meta property=\"article:modified_time\" content=\"2023-08-22T11:40:53+00:00\" \/>\n<meta property=\"og:image\" content=\"https:\/\/cleitonpinheiro.com.br\/site\/wp-content\/uploads\/2023\/08\/SENAI-CETEC-Palmas.png\" \/>\n\t<meta property=\"og:image:width\" content=\"1000\" \/>\n\t<meta property=\"og:image:height\" content=\"666\" \/>\n\t<meta property=\"og:image:type\" content=\"image\/png\" \/>\n<meta name=\"author\" content=\"Reda\u00e7\u00e3o CP\" \/>\n<meta name=\"twitter:card\" content=\"summary_large_image\" \/>\n<meta name=\"twitter:label1\" content=\"Escrito por\" \/>\n\t<meta name=\"twitter:data1\" content=\"Reda\u00e7\u00e3o CP\" \/>\n\t<meta name=\"twitter:label2\" content=\"Est. tempo de leitura\" \/>\n\t<meta name=\"twitter:data2\" content=\"2 minutos\" \/>\n<script type=\"application\/ld+json\" class=\"yoast-schema-graph\">{\"@context\":\"https:\/\/schema.org\",\"@graph\":[{\"@type\":\"Article\",\"@id\":\"https:\/\/cleitonpinheiro.com.br\/site\/senai-abre-vagas-para-instrutores-e-assistente-administrativo-em-tres-cidades\/#article\",\"isPartOf\":{\"@id\":\"https:\/\/cleitonpinheiro.com.br\/site\/senai-abre-vagas-para-instrutores-e-assistente-administrativo-em-tres-cidades\/\"},\"author\":{\"name\":\"Reda\u00e7\u00e3o CP\",\"@id\":\"https:\/\/cleitonpinheiro.com.br\/site\/#\/schema\/person\/8f04544e0bc40a1b68775b08360f87db\"},\"headline\":\"Senai abre vagas para instrutores e assistente administrativo em tr\u00eas cidades\",\"datePublished\":\"2023-08-22T11:40:52+00:00\",\"dateModified\":\"2023-08-22T11:40:53+00:00\",\"mainEntityOfPage\":{\"@id\":\"https:\/\/cleitonpinheiro.com.br\/site\/senai-abre-vagas-para-instrutores-e-assistente-administrativo-em-tres-cidades\/\"},\"wordCount\":314,\"commentCount\":0,\"publisher\":{\"@id\":\"https:\/\/cleitonpinheiro.com.br\/site\/#organization\"},\"image\":{\"@id\":\"https:\/\/cleitonpinheiro.com.br\/site\/senai-abre-vagas-para-instrutores-e-assistente-administrativo-em-tres-cidades\/#primaryimage\"},\"thumbnailUrl\":\"https:\/\/cleitonpinheiro.com.br\/site\/wp-content\/uploads\/2023\/08\/SENAI-CETEC-Palmas.png\",\"keywords\":[\"Fieto\",\"SENAI\"],\"articleSection\":[\"CIDADES\",\"MANCHETE SEGUND\u00c1RIA\"],\"inLanguage\":\"pt-BR\",\"potentialAction\":[{\"@type\":\"CommentAction\",\"name\":\"Comment\",\"target\":[\"https:\/\/cleitonpinheiro.com.br\/site\/senai-abre-vagas-para-instrutores-e-assistente-administrativo-em-tres-cidades\/#respond\"]}]},{\"@type\":\"WebPage\",\"@id\":\"https:\/\/cleitonpinheiro.com.br\/site\/senai-abre-vagas-para-instrutores-e-assistente-administrativo-em-tres-cidades\/\",\"url\":\"https:\/\/cleitonpinheiro.com.br\/site\/senai-abre-vagas-para-instrutores-e-assistente-administrativo-em-tres-cidades\/\",\"name\":\"Senai abre vagas para instrutores e assistente administrativo em tr\u00eas cidades - PORTAL DE NOT\u00cdCIAS CLEITON PINHEIRO\",\"isPartOf\":{\"@id\":\"https:\/\/cleitonpinheiro.com.br\/site\/#website\"},\"primaryImageOfPage\":{\"@id\":\"https:\/\/cleitonpinheiro.com.br\/site\/senai-abre-vagas-para-instrutores-e-assistente-administrativo-em-tres-cidades\/#primaryimage\"},\"image\":{\"@id\":\"https:\/\/cleitonpinheiro.com.br\/site\/senai-abre-vagas-para-instrutores-e-assistente-administrativo-em-tres-cidades\/#primaryimage\"},\"thumbnailUrl\":\"https:\/\/cleitonpinheiro.com.br\/site\/wp-content\/uploads\/2023\/08\/SENAI-CETEC-Palmas.png\",\"datePublished\":\"2023-08-22T11:40:52+00:00\",\"dateModified\":\"2023-08-22T11:40:53+00:00\",\"breadcrumb\":{\"@id\":\"https:\/\/cleitonpinheiro.com.br\/site\/senai-abre-vagas-para-instrutores-e-assistente-administrativo-em-tres-cidades\/#breadcrumb\"},\"inLanguage\":\"pt-BR\",\"potentialAction\":[{\"@type\":\"ReadAction\",\"target\":[\"https:\/\/cleitonpinheiro.com.br\/site\/senai-abre-vagas-para-instrutores-e-assistente-administrativo-em-tres-cidades\/\"]}]},{\"@type\":\"ImageObject\",\"inLanguage\":\"pt-BR\",\"@id\":\"https:\/\/cleitonpinheiro.com.br\/site\/senai-abre-vagas-para-instrutores-e-assistente-administrativo-em-tres-cidades\/#primaryimage\",\"url\":\"\",\"contentUrl\":\"\"},{\"@type\":\"BreadcrumbList\",\"@id\":\"https:\/\/cleitonpinheiro.com.br\/site\/senai-abre-vagas-para-instrutores-e-assistente-administrativo-em-tres-cidades\/#breadcrumb\",\"itemListElement\":[{\"@type\":\"ListItem\",\"position\":1,\"name\":\"In\u00edcio\",\"item\":\"https:\/\/cleitonpinheiro.com.br\/site\/\"},{\"@type\":\"ListItem\",\"position\":2,\"name\":\"Senai abre vagas para instrutores e assistente administrativo em tr\u00eas cidades\"}]},{\"@type\":\"WebSite\",\"@id\":\"https:\/\/cleitonpinheiro.com.br\/site\/#website\",\"url\":\"https:\/\/cleitonpinheiro.com.br\/site\/\",\"name\":\"PORTAL DE NOT\u00cdCIAS CLEITON PINHEIRO\",\"description\":\"FALANDO A VERDADE\",\"publisher\":{\"@id\":\"https:\/\/cleitonpinheiro.com.br\/site\/#organization\"},\"potentialAction\":[{\"@type\":\"SearchAction\",\"target\":{\"@type\":\"EntryPoint\",\"urlTemplate\":\"https:\/\/cleitonpinheiro.com.br\/site\/?s={search_term_string}\"},\"query-input\":{\"@type\":\"PropertyValueSpecification\",\"valueRequired\":true,\"valueName\":\"search_term_string\"}}],\"inLanguage\":\"pt-BR\"},{\"@type\":\"Organization\",\"@id\":\"https:\/\/cleitonpinheiro.com.br\/site\/#organization\",\"name\":\"CPNOT\u00cdCIAS\",\"url\":\"https:\/\/cleitonpinheiro.com.br\/site\/\",\"logo\":{\"@type\":\"ImageObject\",\"inLanguage\":\"pt-BR\",\"@id\":\"https:\/\/cleitonpinheiro.com.br\/site\/#\/schema\/logo\/image\/\",\"url\":\"https:\/\/cleitonpinheiro.com.br\/site\/wp-content\/uploads\/2022\/08\/Logo-pequena-2.png\",\"contentUrl\":\"https:\/\/cleitonpinheiro.com.br\/site\/wp-content\/uploads\/2022\/08\/Logo-pequena-2.png\",\"width\":500,\"height\":500,\"caption\":\"CPNOT\u00cdCIAS\"},\"image\":{\"@id\":\"https:\/\/cleitonpinheiro.com.br\/site\/#\/schema\/logo\/image\/\"},\"sameAs\":[\"https:\/\/www.facebook.com\/portalcpnoticias\/\"]},{\"@type\":\"Person\",\"@id\":\"https:\/\/cleitonpinheiro.com.br\/site\/#\/schema\/person\/8f04544e0bc40a1b68775b08360f87db\",\"name\":\"Reda\u00e7\u00e3o CP\",\"image\":{\"@type\":\"ImageObject\",\"inLanguage\":\"pt-BR\",\"@id\":\"https:\/\/cleitonpinheiro.com.br\/site\/#\/schema\/person\/image\/\",\"url\":\"https:\/\/secure.gravatar.com\/avatar\/0bcf19cb29fdc8fc588c490c7ae1b3e174dac268586a63fbe1d1893a0f9020cd?s=96&r=g\",\"contentUrl\":\"https:\/\/secure.gravatar.com\/avatar\/0bcf19cb29fdc8fc588c490c7ae1b3e174dac268586a63fbe1d1893a0f9020cd?s=96&r=g\",\"caption\":\"Reda\u00e7\u00e3o CP\"},\"url\":\"https:\/\/cleitonpinheiro.com.br\/site\/author\/redacao\/\"}]}<\/script>\n<!-- \/ Yoast SEO plugin. -->","yoast_head_json":{"title":"Senai abre vagas para instrutores e assistente administrativo em tr\u00eas cidades - PORTAL DE NOT\u00cdCIAS CLEITON PINHEIRO","robots":{"index":"index","follow":"follow","max-snippet":"max-snippet:-1","max-image-preview":"max-image-preview:large","max-video-preview":"max-video-preview:-1"},"canonical":"https:\/\/cleitonpinheiro.com.br\/site\/senai-abre-vagas-para-instrutores-e-assistente-administrativo-em-tres-cidades\/","og_locale":"pt_BR","og_type":"article","og_title":"Senai abre vagas para instrutores e assistente administrativo em tr\u00eas cidades - PORTAL DE NOT\u00cdCIAS CLEITON PINHEIRO","og_description":"O Servi\u00e7o Nacional de Aprendizagem Industrial (SENAI) encontra-se atualmente com inscri\u00e7\u00f5es em aberto para processos seletivos nas cidades de Aragua\u00edna, Para\u00edso do Tocantins e Palmas. As oportunidades incluem duas vagas para a posi\u00e7\u00e3o de Instrutor Automotivo, bem como uma vaga destinada ao cargo de Assistente Administrativo. Assistente Administrativo 1 \u2013 Para\u00edso do Tocantins Para a [&hellip;]","og_url":"https:\/\/cleitonpinheiro.com.br\/site\/senai-abre-vagas-para-instrutores-e-assistente-administrativo-em-tres-cidades\/","og_site_name":"PORTAL DE NOT\u00cdCIAS CLEITON PINHEIRO","article_publisher":"https:\/\/www.facebook.com\/portalcpnoticias\/","article_published_time":"2023-08-22T11:40:52+00:00","article_modified_time":"2023-08-22T11:40:53+00:00","og_image":[{"width":1000,"height":666,"url":"https:\/\/cleitonpinheiro.com.br\/site\/wp-content\/uploads\/2023\/08\/SENAI-CETEC-Palmas.png","type":"image\/png"}],"author":"Reda\u00e7\u00e3o CP","twitter_card":"summary_large_image","twitter_misc":{"Escrito por":"Reda\u00e7\u00e3o CP","Est. tempo de leitura":"2 minutos"},"schema":{"@context":"https:\/\/schema.org","@graph":[{"@type":"Article","@id":"https:\/\/cleitonpinheiro.com.br\/site\/senai-abre-vagas-para-instrutores-e-assistente-administrativo-em-tres-cidades\/#article","isPartOf":{"@id":"https:\/\/cleitonpinheiro.com.br\/site\/senai-abre-vagas-para-instrutores-e-assistente-administrativo-em-tres-cidades\/"},"author":{"name":"Reda\u00e7\u00e3o CP","@id":"https:\/\/cleitonpinheiro.com.br\/site\/#\/schema\/person\/8f04544e0bc40a1b68775b08360f87db"},"headline":"Senai abre vagas para instrutores e assistente administrativo em tr\u00eas cidades","datePublished":"2023-08-22T11:40:52+00:00","dateModified":"2023-08-22T11:40:53+00:00","mainEntityOfPage":{"@id":"https:\/\/cleitonpinheiro.com.br\/site\/senai-abre-vagas-para-instrutores-e-assistente-administrativo-em-tres-cidades\/"},"wordCount":314,"commentCount":0,"publisher":{"@id":"https:\/\/cleitonpinheiro.com.br\/site\/#organization"},"image":{"@id":"https:\/\/cleitonpinheiro.com.br\/site\/senai-abre-vagas-para-instrutores-e-assistente-administrativo-em-tres-cidades\/#primaryimage"},"thumbnailUrl":"https:\/\/cleitonpinheiro.com.br\/site\/wp-content\/uploads\/2023\/08\/SENAI-CETEC-Palmas.png","keywords":["Fieto","SENAI"],"articleSection":["CIDADES","MANCHETE SEGUND\u00c1RIA"],"inLanguage":"pt-BR","potentialAction":[{"@type":"CommentAction","name":"Comment","target":["https:\/\/cleitonpinheiro.com.br\/site\/senai-abre-vagas-para-instrutores-e-assistente-administrativo-em-tres-cidades\/#respond"]}]},{"@type":"WebPage","@id":"https:\/\/cleitonpinheiro.com.br\/site\/senai-abre-vagas-para-instrutores-e-assistente-administrativo-em-tres-cidades\/","url":"https:\/\/cleitonpinheiro.com.br\/site\/senai-abre-vagas-para-instrutores-e-assistente-administrativo-em-tres-cidades\/","name":"Senai abre vagas para instrutores e assistente administrativo em tr\u00eas cidades - PORTAL DE NOT\u00cdCIAS CLEITON PINHEIRO","isPartOf":{"@id":"https:\/\/cleitonpinheiro.com.br\/site\/#website"},"primaryImageOfPage":{"@id":"https:\/\/cleitonpinheiro.com.br\/site\/senai-abre-vagas-para-instrutores-e-assistente-administrativo-em-tres-cidades\/#primaryimage"},"image":{"@id":"https:\/\/cleitonpinheiro.com.br\/site\/senai-abre-vagas-para-instrutores-e-assistente-administrativo-em-tres-cidades\/#primaryimage"},"thumbnailUrl":"https:\/\/cleitonpinheiro.com.br\/site\/wp-content\/uploads\/2023\/08\/SENAI-CETEC-Palmas.png","datePublished":"2023-08-22T11:40:52+00:00","dateModified":"2023-08-22T11:40:53+00:00","breadcrumb":{"@id":"https:\/\/cleitonpinheiro.com.br\/site\/senai-abre-vagas-para-instrutores-e-assistente-administrativo-em-tres-cidades\/#breadcrumb"},"inLanguage":"pt-BR","potentialAction":[{"@type":"ReadAction","target":["https:\/\/cleitonpinheiro.com.br\/site\/senai-abre-vagas-para-instrutores-e-assistente-administrativo-em-tres-cidades\/"]}]},{"@type":"ImageObject","inLanguage":"pt-BR","@id":"https:\/\/cleitonpinheiro.com.br\/site\/senai-abre-vagas-para-instrutores-e-assistente-administrativo-em-tres-cidades\/#primaryimage","url":"","contentUrl":""},{"@type":"BreadcrumbList","@id":"https:\/\/cleitonpinheiro.com.br\/site\/senai-abre-vagas-para-instrutores-e-assistente-administrativo-em-tres-cidades\/#breadcrumb","itemListElement":[{"@type":"ListItem","position":1,"name":"In\u00edcio","item":"https:\/\/cleitonpinheiro.com.br\/site\/"},{"@type":"ListItem","position":2,"name":"Senai abre vagas para instrutores e assistente administrativo em tr\u00eas cidades"}]},{"@type":"WebSite","@id":"https:\/\/cleitonpinheiro.com.br\/site\/#website","url":"https:\/\/cleitonpinheiro.com.br\/site\/","name":"PORTAL DE NOT\u00cdCIAS CLEITON PINHEIRO","description":"FALANDO A VERDADE","publisher":{"@id":"https:\/\/cleitonpinheiro.com.br\/site\/#organization"},"potentialAction":[{"@type":"SearchAction","target":{"@type":"EntryPoint","urlTemplate":"https:\/\/cleitonpinheiro.com.br\/site\/?s={search_term_string}"},"query-input":{"@type":"PropertyValueSpecification","valueRequired":true,"valueName":"search_term_string"}}],"inLanguage":"pt-BR"},{"@type":"Organization","@id":"https:\/\/cleitonpinheiro.com.br\/site\/#organization","name":"CPNOT\u00cdCIAS","url":"https:\/\/cleitonpinheiro.com.br\/site\/","logo":{"@type":"ImageObject","inLanguage":"pt-BR","@id":"https:\/\/cleitonpinheiro.com.br\/site\/#\/schema\/logo\/image\/","url":"https:\/\/cleitonpinheiro.com.br\/site\/wp-content\/uploads\/2022\/08\/Logo-pequena-2.png","contentUrl":"https:\/\/cleitonpinheiro.com.br\/site\/wp-content\/uploads\/2022\/08\/Logo-pequena-2.png","width":500,"height":500,"caption":"CPNOT\u00cdCIAS"},"image":{"@id":"https:\/\/cleitonpinheiro.com.br\/site\/#\/schema\/logo\/image\/"},"sameAs":["https:\/\/www.facebook.com\/portalcpnoticias\/"]},{"@type":"Person","@id":"https:\/\/cleitonpinheiro.com.br\/site\/#\/schema\/person\/8f04544e0bc40a1b68775b08360f87db","name":"Reda\u00e7\u00e3o CP","image":{"@type":"ImageObject","inLanguage":"pt-BR","@id":"https:\/\/cleitonpinheiro.com.br\/site\/#\/schema\/person\/image\/","url":"https:\/\/secure.gravatar.com\/avatar\/0bcf19cb29fdc8fc588c490c7ae1b3e174dac268586a63fbe1d1893a0f9020cd?s=96&r=g","contentUrl":"https:\/\/secure.gravatar.com\/avatar\/0bcf19cb29fdc8fc588c490c7ae1b3e174dac268586a63fbe1d1893a0f9020cd?s=96&r=g","caption":"Reda\u00e7\u00e3o CP"},"url":"https:\/\/cleitonpinheiro.com.br\/site\/author\/redacao\/"}]}},"views":120,"_links":{"self":[{"href":"https:\/\/cleitonpinheiro.com.br\/site\/wp-json\/wp\/v2\/posts\/73617","targetHints":{"allow":["GET"]}}],"collection":[{"href":"https:\/\/cleitonpinheiro.com.br\/site\/wp-json\/wp\/v2\/posts"}],"about":[{"href":"https:\/\/cleitonpinheiro.com.br\/site\/wp-json\/wp\/v2\/types\/post"}],"author":[{"embeddable":true,"href":"https:\/\/cleitonpinheiro.com.br\/site\/wp-json\/wp\/v2\/users\/13"}],"replies":[{"embeddable":true,"href":"https:\/\/cleitonpinheiro.com.br\/site\/wp-json\/wp\/v2\/comments?post=73617"}],"version-history":[{"count":1,"href":"https:\/\/cleitonpinheiro.com.br\/site\/wp-json\/wp\/v2\/posts\/73617\/revisions"}],"predecessor-version":[{"id":73619,"href":"https:\/\/cleitonpinheiro.com.br\/site\/wp-json\/wp\/v2\/posts\/73617\/revisions\/73619"}],"wp:attachment":[{"href":"https:\/\/cleitonpinheiro.com.br\/site\/wp-json\/wp\/v2\/media?parent=73617"}],"wp:term":[{"taxonomy":"category","embeddable":true,"href":"https:\/\/cleitonpinheiro.com.br\/site\/wp-json\/wp\/v2\/categories?post=73617"},{"taxonomy":"post_tag","embeddable":true,"href":"https:\/\/cleitonpinheiro.com.br\/site\/wp-json\/wp\/v2\/tags?post=73617"}],"curies":[{"name":"wp","href":"https:\/\/api.w.org\/{rel}","templated":true}]}}