{"id":73638,"date":"2023-08-21T18:44:43","date_gmt":"2023-08-21T21:44:43","guid":{"rendered":"https:\/\/cleitonpinheiro.com.br\/site\/?p=73638"},"modified":"2023-08-22T08:54:51","modified_gmt":"2023-08-22T11:54:51","slug":"stf-garante-proibicao-de-remocao-de-pessoas-em-situacao-de-rua","status":"publish","type":"post","link":"https:\/\/cleitonpinheiro.com.br\/site\/stf-garante-proibicao-de-remocao-de-pessoas-em-situacao-de-rua\/","title":{"rendered":"STF garante proibi\u00e7\u00e3o de remo\u00e7\u00e3o de pessoas em situa\u00e7\u00e3o de rua"},"content":{"rendered":"\n<figure class=\"wp-block-image size-full\"><img decoding=\"async\" src=\"https:\/\/cleitonpinheiro.com.br\/site\/wp-content\/uploads\/2023\/08\/trbr5275_0.jpg\" alt=\"\" class=\"wp-image-73639\"\/><figcaption class=\"wp-element-caption\">Governo federal tem 120 dias para elaborar plano de a\u00e7\u00e3o &#8211; Foto: T\u00e2nia R\u00eago\/Ag\u00eancia Brasil<\/figcaption><\/figure>\n\n\n\n<p class=\"wp-block-paragraph\"><strong>Da Ag\u00eancia Brasil<\/strong><\/p>\n\n\n\n<p class=\"wp-block-paragraph\">O Supremo Tribunal Federal (STF) formou maioria para confirmar a decis\u00e3o do ministro Alexandre de Moraes que\u00a0<a href=\"https:\/\/agenciabrasil.ebc.com.br\/justica\/noticia\/2023-07\/moraes-da-120-dias-para-elaboracao-de-plano-para-moradores-de-rua\" target=\"_blank\" rel=\"noreferrer noopener\">proibiu em liminar<\/a>, em 25 de julho, que os estados, o Distrito Federal e os munic\u00edpios fa\u00e7am a remo\u00e7\u00e3o e o transporte compuls\u00f3rio de pessoas em situa\u00e7\u00e3o de rua \u00e0s zeladorias urbanas e aos abrigos.<img decoding=\"async\" src=\"https:\/\/agenciabrasil.ebc.com.br\/ebc.png?id=1550133&amp;o=node\"><img decoding=\"async\" src=\"https:\/\/agenciabrasil.ebc.com.br\/ebc.gif?id=1550133&amp;o=node\"><\/p>\n\n\n\n<p class=\"wp-block-paragraph\">A decis\u00e3o tamb\u00e9m veda o recolhimento for\u00e7ado de bens e pertences desse p\u00fablico, bem como o emprego de t\u00e9cnicas de arquitetura hostil, com o objetivo de impedir a perman\u00eancia dessas pessoas, por exemplo, com a instala\u00e7\u00e3o de barras em bancos de pra\u00e7as, pedras pontiagudas e espetos em espa\u00e7os p\u00fablicos livres, como em viadutos, pontes e marquises de pr\u00e9dios.<\/p>\n\n\n\n<p class=\"wp-block-paragraph\">No julgamento virtual, at\u00e9 o in\u00edcio da tarde desta segunda-feira (21), acompanharam o voto do relator a presidente do STF, Rosa Weber, e os ministros Cristiano Zanin, Dias Toffoli, Nunes Marques e C\u00e1rmen L\u00facia.<\/p>\n\n\n\n<p class=\"wp-block-paragraph\">A a\u00e7\u00e3o foi apresentada pelos partidos pol\u00edticos Rede Sustentabilidade e PSOL e pelo Movimento dos Trabalhadores Sem Teto (MTST), que argumentam que a popula\u00e7\u00e3o em situa\u00e7\u00e3o de rua, no Brasil, est\u00e1 submetida a condi\u00e7\u00f5es desumanas de vida devido a omiss\u00f5es estruturais dos tr\u00eas n\u00edveis federativos dos poderes Executivo e Legislativo.<\/p>\n\n\n\n<h2 class=\"wp-block-heading\">Repercuss\u00e3o<\/h2>\n\n\n\n<p class=\"wp-block-paragraph\">O padre J\u00falio Lancellotti, que h\u00e1 quase quatro d\u00e9cadas defende os direitos de pessoas em situa\u00e7\u00e3o de rua na cidade de S\u00e3o Paulo e acolhe socialmente outros grupos marginalizados, disse \u00e0 reportagem da Ag\u00eancia Brasil que apoia a decis\u00e3o dos ministros da corte suprema. \u201c\u00c9 muito importante que a decis\u00e3o do ministro Alexandre de Moraes tenha obtido, agora, a maioria dos votos no Supremo Tribunal Federal e passe a ser uma medida incontest\u00e1vel da mais alta corte de justi\u00e7a do pa\u00eds\u201d.<\/p>\n\n\n\n<p class=\"wp-block-paragraph\">O religioso tamb\u00e9m d\u00e1 nome \u00e0<a href=\"http:\/\/www.planalto.gov.br\/ccivil_03\/_ato2019-2022\/2022\/lei\/L14489.htm#:~:text=LEI%20N%C2%BA%2014.489%2C%20DE%2021,p%C3%BAblico%20%E2%80%93%20Lei%20Padre%20J%C3%BAlio%20Lancelotti\" target=\"_blank\" rel=\"noreferrer noopener\">&nbsp;lei federal&nbsp;<\/a>que veda o uso de t\u00e9cnicas construtivas hostis em espa\u00e7os livres de uso p\u00fablico.<\/p>\n\n\n\n<p class=\"wp-block-paragraph\">A fundadora e diretora executiva da organiza\u00e7\u00e3o sem fins lucrativos BSB Invis\u00edvel, Maria&nbsp;Baqui, em entrevista \u00e0&nbsp;<strong>Ag\u00eancia Brasil<\/strong>, comentou as situa\u00e7\u00f5es que o grupo encontra nas ruas do Distrito Federal.<\/p>\n\n\n\n<p class=\"wp-block-paragraph\">\u201cO que falta \u00e0 popula\u00e7\u00e3o em situa\u00e7\u00e3o de rua s\u00e3o as quest\u00f5es de amparo, da assist\u00eancia e do acolhimento. A partir do momento em que o Estado, seja ele federal, os munic\u00edpios e o pr\u00f3prio DF, faz a\u00e7\u00f5es como a de retirada dos barracos e tudo mais, isso faz que as pessoas tenham cada vez menor o sentimento de pertencimento na sociedade. Isso \u00e9 uma viola\u00e7\u00e3o dos direitos\u201d, disse.<\/p>\n\n\n\n<h2 class=\"wp-block-heading\">Decis\u00e3o<\/h2>\n\n\n\n<p class=\"wp-block-paragraph\">Na decis\u00e3o, o ministro Alexandre de Moraes ressaltou que an\u00e1lise efetuada pelo Instituto de Pesquisa Econ\u00f4mica Aplicada (Ipea) constatou que, entre 2012 e 2020, ocorreu um aumento de 211% na popula\u00e7\u00e3o em situa\u00e7\u00e3o de rua em todo o pa\u00eds, percentagem desproporcional ao aumento de 11% da popula\u00e7\u00e3o brasileira no mesmo per\u00edodo.<\/p>\n\n\n\n<p class=\"wp-block-paragraph\">A decis\u00e3o de julho ainda estabeleceu que, no prazo de 120 dias, o governo federal elabore um plano de a\u00e7\u00e3o e monitoramento para a efetiva implementa\u00e7\u00e3o da Pol\u00edtica Nacional para Popula\u00e7\u00e3o de Rua, com medidas que respeitem as especificidades dos diferentes grupos familiares e evitem sua separa\u00e7\u00e3o.<\/p>\n\n\n\n<p class=\"wp-block-paragraph\">De acordo com STF, o plano dever\u00e1 conter um diagn\u00f3stico atual da popula\u00e7\u00e3o em situa\u00e7\u00e3o de rua, com identifica\u00e7\u00e3o de perfil, proced\u00eancia e principais necessidades. Dever\u00e1 prever, tamb\u00e9m, meios de fiscaliza\u00e7\u00e3o de processos de despejo e de reintegra\u00e7\u00e3o de posse no pa\u00eds, e a elabora\u00e7\u00e3o de medidas para garantir padr\u00f5es m\u00ednimos de qualidade de higiene e seguran\u00e7a nos centros de acolhimento.<\/p>\n\n\n\n<p class=\"wp-block-paragraph\">O Minist\u00e9rio&nbsp;do Desenvolvimento e Assist\u00eancia Social, Fam\u00edlia e Combate \u00e0 Fome disse, em nota enviada \u00e0&nbsp;<strong>Ag\u00eancia Brasil<\/strong>, que associado ao Minist\u00e9rio dos Direitos Humanos e da Cidadania (MDHC) est\u00e1 definindo a\u00e7\u00f5es conjuntas pelos direitos da popula\u00e7\u00e3o em situa\u00e7\u00e3o de rua. \u201cA proposta conjunta est\u00e1 sendo elaborada pelos minist\u00e9rios e ser\u00e1 apresentada ao presidente Luiz In\u00e1cio Lula da Silva, seguindo pol\u00edticas do governo federal, que est\u00e1 empenhado em dar andamento \u00e0s a\u00e7\u00f5es voltadas a essa popula\u00e7\u00e3o, em cumprimento \u00e0 decis\u00e3o do ministro Alexandre de Moraes sobre o tema\u201d.<\/p>\n","protected":false},"excerpt":{"rendered":"<p>Da Ag\u00eancia Brasil O Supremo Tribunal Federal (STF) formou maioria para confirmar a decis\u00e3o do ministro Alexandre de Moraes que\u00a0proibiu em liminar, em 25 de julho, que os estados, o Distrito Federal e os munic\u00edpios fa\u00e7am a remo\u00e7\u00e3o e o transporte compuls\u00f3rio de pessoas em situa\u00e7\u00e3o de rua \u00e0s zeladorias urbanas e aos abrigos. A [&hellip;]<\/p>\n","protected":false},"author":13,"featured_media":0,"comment_status":"open","ping_status":"open","sticky":false,"template":"","format":"standard","meta":{"_acf_changed":false,"footnotes":""},"categories":[19,898],"tags":[],"class_list":["post-73638","post","type-post","status-publish","format-standard","hentry","category-brasil-mundo","category-manchete-segundaria"],"acf":[],"yoast_head":"<!-- This site is optimized with the Yoast SEO plugin v24.4 - https:\/\/yoast.com\/wordpress\/plugins\/seo\/ -->\n<title>STF garante proibi\u00e7\u00e3o de remo\u00e7\u00e3o de pessoas em situa\u00e7\u00e3o de rua - PORTAL DE NOT\u00cdCIAS CLEITON PINHEIRO<\/title>\n<meta name=\"robots\" content=\"index, follow, max-snippet:-1, max-image-preview:large, max-video-preview:-1\" \/>\n<link rel=\"canonical\" href=\"https:\/\/cleitonpinheiro.com.br\/site\/stf-garante-proibicao-de-remocao-de-pessoas-em-situacao-de-rua\/\" \/>\n<meta property=\"og:locale\" content=\"pt_BR\" \/>\n<meta property=\"og:type\" content=\"article\" \/>\n<meta property=\"og:title\" content=\"STF garante proibi\u00e7\u00e3o de remo\u00e7\u00e3o de pessoas em situa\u00e7\u00e3o de rua - PORTAL DE NOT\u00cdCIAS CLEITON PINHEIRO\" \/>\n<meta property=\"og:description\" content=\"Da Ag\u00eancia Brasil O Supremo Tribunal Federal (STF) formou maioria para confirmar a decis\u00e3o do ministro Alexandre de Moraes que\u00a0proibiu em liminar, em 25 de julho, que os estados, o Distrito Federal e os munic\u00edpios fa\u00e7am a remo\u00e7\u00e3o e o transporte compuls\u00f3rio de pessoas em situa\u00e7\u00e3o de rua \u00e0s zeladorias urbanas e aos abrigos. A [&hellip;]\" \/>\n<meta property=\"og:url\" content=\"https:\/\/cleitonpinheiro.com.br\/site\/stf-garante-proibicao-de-remocao-de-pessoas-em-situacao-de-rua\/\" \/>\n<meta property=\"og:site_name\" content=\"PORTAL DE NOT\u00cdCIAS CLEITON PINHEIRO\" \/>\n<meta property=\"article:publisher\" content=\"https:\/\/www.facebook.com\/portalcpnoticias\/\" \/>\n<meta property=\"article:published_time\" content=\"2023-08-21T21:44:43+00:00\" \/>\n<meta property=\"article:modified_time\" content=\"2023-08-22T11:54:51+00:00\" \/>\n<meta property=\"og:image\" content=\"https:\/\/cleitonpinheiro.com.br\/site\/wp-content\/uploads\/2023\/08\/trbr5275_0.jpg\" \/>\n\t<meta property=\"og:image:width\" content=\"1170\" \/>\n\t<meta property=\"og:image:height\" content=\"700\" \/>\n\t<meta property=\"og:image:type\" content=\"image\/jpeg\" \/>\n<meta name=\"author\" content=\"Reda\u00e7\u00e3o CP\" \/>\n<meta name=\"twitter:card\" content=\"summary_large_image\" \/>\n<meta name=\"twitter:label1\" content=\"Escrito por\" \/>\n\t<meta name=\"twitter:data1\" content=\"Reda\u00e7\u00e3o CP\" \/>\n\t<meta name=\"twitter:label2\" content=\"Est. tempo de leitura\" \/>\n\t<meta name=\"twitter:data2\" content=\"5 minutos\" \/>\n<script type=\"application\/ld+json\" class=\"yoast-schema-graph\">{\"@context\":\"https:\/\/schema.org\",\"@graph\":[{\"@type\":\"Article\",\"@id\":\"https:\/\/cleitonpinheiro.com.br\/site\/stf-garante-proibicao-de-remocao-de-pessoas-em-situacao-de-rua\/#article\",\"isPartOf\":{\"@id\":\"https:\/\/cleitonpinheiro.com.br\/site\/stf-garante-proibicao-de-remocao-de-pessoas-em-situacao-de-rua\/\"},\"author\":{\"name\":\"Reda\u00e7\u00e3o CP\",\"@id\":\"https:\/\/cleitonpinheiro.com.br\/site\/#\/schema\/person\/8f04544e0bc40a1b68775b08360f87db\"},\"headline\":\"STF garante proibi\u00e7\u00e3o de remo\u00e7\u00e3o de pessoas em situa\u00e7\u00e3o de rua\",\"datePublished\":\"2023-08-21T21:44:43+00:00\",\"dateModified\":\"2023-08-22T11:54:51+00:00\",\"mainEntityOfPage\":{\"@id\":\"https:\/\/cleitonpinheiro.com.br\/site\/stf-garante-proibicao-de-remocao-de-pessoas-em-situacao-de-rua\/\"},\"wordCount\":772,\"commentCount\":0,\"publisher\":{\"@id\":\"https:\/\/cleitonpinheiro.com.br\/site\/#organization\"},\"image\":{\"@id\":\"https:\/\/cleitonpinheiro.com.br\/site\/stf-garante-proibicao-de-remocao-de-pessoas-em-situacao-de-rua\/#primaryimage\"},\"thumbnailUrl\":\"https:\/\/cleitonpinheiro.com.br\/site\/wp-content\/uploads\/2023\/08\/trbr5275_0.jpg\",\"articleSection\":[\"BRASIL \/ MUNDO\",\"MANCHETE SEGUND\u00c1RIA\"],\"inLanguage\":\"pt-BR\",\"potentialAction\":[{\"@type\":\"CommentAction\",\"name\":\"Comment\",\"target\":[\"https:\/\/cleitonpinheiro.com.br\/site\/stf-garante-proibicao-de-remocao-de-pessoas-em-situacao-de-rua\/#respond\"]}]},{\"@type\":\"WebPage\",\"@id\":\"https:\/\/cleitonpinheiro.com.br\/site\/stf-garante-proibicao-de-remocao-de-pessoas-em-situacao-de-rua\/\",\"url\":\"https:\/\/cleitonpinheiro.com.br\/site\/stf-garante-proibicao-de-remocao-de-pessoas-em-situacao-de-rua\/\",\"name\":\"STF garante proibi\u00e7\u00e3o de remo\u00e7\u00e3o de pessoas em situa\u00e7\u00e3o de rua - PORTAL DE NOT\u00cdCIAS CLEITON PINHEIRO\",\"isPartOf\":{\"@id\":\"https:\/\/cleitonpinheiro.com.br\/site\/#website\"},\"primaryImageOfPage\":{\"@id\":\"https:\/\/cleitonpinheiro.com.br\/site\/stf-garante-proibicao-de-remocao-de-pessoas-em-situacao-de-rua\/#primaryimage\"},\"image\":{\"@id\":\"https:\/\/cleitonpinheiro.com.br\/site\/stf-garante-proibicao-de-remocao-de-pessoas-em-situacao-de-rua\/#primaryimage\"},\"thumbnailUrl\":\"https:\/\/cleitonpinheiro.com.br\/site\/wp-content\/uploads\/2023\/08\/trbr5275_0.jpg\",\"datePublished\":\"2023-08-21T21:44:43+00:00\",\"dateModified\":\"2023-08-22T11:54:51+00:00\",\"breadcrumb\":{\"@id\":\"https:\/\/cleitonpinheiro.com.br\/site\/stf-garante-proibicao-de-remocao-de-pessoas-em-situacao-de-rua\/#breadcrumb\"},\"inLanguage\":\"pt-BR\",\"potentialAction\":[{\"@type\":\"ReadAction\",\"target\":[\"https:\/\/cleitonpinheiro.com.br\/site\/stf-garante-proibicao-de-remocao-de-pessoas-em-situacao-de-rua\/\"]}]},{\"@type\":\"ImageObject\",\"inLanguage\":\"pt-BR\",\"@id\":\"https:\/\/cleitonpinheiro.com.br\/site\/stf-garante-proibicao-de-remocao-de-pessoas-em-situacao-de-rua\/#primaryimage\",\"url\":\"\",\"contentUrl\":\"\"},{\"@type\":\"BreadcrumbList\",\"@id\":\"https:\/\/cleitonpinheiro.com.br\/site\/stf-garante-proibicao-de-remocao-de-pessoas-em-situacao-de-rua\/#breadcrumb\",\"itemListElement\":[{\"@type\":\"ListItem\",\"position\":1,\"name\":\"In\u00edcio\",\"item\":\"https:\/\/cleitonpinheiro.com.br\/site\/\"},{\"@type\":\"ListItem\",\"position\":2,\"name\":\"STF garante proibi\u00e7\u00e3o de remo\u00e7\u00e3o de pessoas em situa\u00e7\u00e3o de rua\"}]},{\"@type\":\"WebSite\",\"@id\":\"https:\/\/cleitonpinheiro.com.br\/site\/#website\",\"url\":\"https:\/\/cleitonpinheiro.com.br\/site\/\",\"name\":\"PORTAL DE NOT\u00cdCIAS CLEITON PINHEIRO\",\"description\":\"FALANDO A VERDADE\",\"publisher\":{\"@id\":\"https:\/\/cleitonpinheiro.com.br\/site\/#organization\"},\"potentialAction\":[{\"@type\":\"SearchAction\",\"target\":{\"@type\":\"EntryPoint\",\"urlTemplate\":\"https:\/\/cleitonpinheiro.com.br\/site\/?s={search_term_string}\"},\"query-input\":{\"@type\":\"PropertyValueSpecification\",\"valueRequired\":true,\"valueName\":\"search_term_string\"}}],\"inLanguage\":\"pt-BR\"},{\"@type\":\"Organization\",\"@id\":\"https:\/\/cleitonpinheiro.com.br\/site\/#organization\",\"name\":\"CPNOT\u00cdCIAS\",\"url\":\"https:\/\/cleitonpinheiro.com.br\/site\/\",\"logo\":{\"@type\":\"ImageObject\",\"inLanguage\":\"pt-BR\",\"@id\":\"https:\/\/cleitonpinheiro.com.br\/site\/#\/schema\/logo\/image\/\",\"url\":\"https:\/\/cleitonpinheiro.com.br\/site\/wp-content\/uploads\/2022\/08\/Logo-pequena-2.png\",\"contentUrl\":\"https:\/\/cleitonpinheiro.com.br\/site\/wp-content\/uploads\/2022\/08\/Logo-pequena-2.png\",\"width\":500,\"height\":500,\"caption\":\"CPNOT\u00cdCIAS\"},\"image\":{\"@id\":\"https:\/\/cleitonpinheiro.com.br\/site\/#\/schema\/logo\/image\/\"},\"sameAs\":[\"https:\/\/www.facebook.com\/portalcpnoticias\/\"]},{\"@type\":\"Person\",\"@id\":\"https:\/\/cleitonpinheiro.com.br\/site\/#\/schema\/person\/8f04544e0bc40a1b68775b08360f87db\",\"name\":\"Reda\u00e7\u00e3o CP\",\"image\":{\"@type\":\"ImageObject\",\"inLanguage\":\"pt-BR\",\"@id\":\"https:\/\/cleitonpinheiro.com.br\/site\/#\/schema\/person\/image\/\",\"url\":\"https:\/\/secure.gravatar.com\/avatar\/0bcf19cb29fdc8fc588c490c7ae1b3e174dac268586a63fbe1d1893a0f9020cd?s=96&r=g\",\"contentUrl\":\"https:\/\/secure.gravatar.com\/avatar\/0bcf19cb29fdc8fc588c490c7ae1b3e174dac268586a63fbe1d1893a0f9020cd?s=96&r=g\",\"caption\":\"Reda\u00e7\u00e3o CP\"},\"url\":\"https:\/\/cleitonpinheiro.com.br\/site\/author\/redacao\/\"}]}<\/script>\n<!-- \/ Yoast SEO plugin. -->","yoast_head_json":{"title":"STF garante proibi\u00e7\u00e3o de remo\u00e7\u00e3o de pessoas em situa\u00e7\u00e3o de rua - PORTAL DE NOT\u00cdCIAS CLEITON PINHEIRO","robots":{"index":"index","follow":"follow","max-snippet":"max-snippet:-1","max-image-preview":"max-image-preview:large","max-video-preview":"max-video-preview:-1"},"canonical":"https:\/\/cleitonpinheiro.com.br\/site\/stf-garante-proibicao-de-remocao-de-pessoas-em-situacao-de-rua\/","og_locale":"pt_BR","og_type":"article","og_title":"STF garante proibi\u00e7\u00e3o de remo\u00e7\u00e3o de pessoas em situa\u00e7\u00e3o de rua - PORTAL DE NOT\u00cdCIAS CLEITON PINHEIRO","og_description":"Da Ag\u00eancia Brasil O Supremo Tribunal Federal (STF) formou maioria para confirmar a decis\u00e3o do ministro Alexandre de Moraes que\u00a0proibiu em liminar, em 25 de julho, que os estados, o Distrito Federal e os munic\u00edpios fa\u00e7am a remo\u00e7\u00e3o e o transporte compuls\u00f3rio de pessoas em situa\u00e7\u00e3o de rua \u00e0s zeladorias urbanas e aos abrigos. A [&hellip;]","og_url":"https:\/\/cleitonpinheiro.com.br\/site\/stf-garante-proibicao-de-remocao-de-pessoas-em-situacao-de-rua\/","og_site_name":"PORTAL DE NOT\u00cdCIAS CLEITON PINHEIRO","article_publisher":"https:\/\/www.facebook.com\/portalcpnoticias\/","article_published_time":"2023-08-21T21:44:43+00:00","article_modified_time":"2023-08-22T11:54:51+00:00","og_image":[{"width":1170,"height":700,"url":"https:\/\/cleitonpinheiro.com.br\/site\/wp-content\/uploads\/2023\/08\/trbr5275_0.jpg","type":"image\/jpeg"}],"author":"Reda\u00e7\u00e3o CP","twitter_card":"summary_large_image","twitter_misc":{"Escrito por":"Reda\u00e7\u00e3o CP","Est. tempo de leitura":"5 minutos"},"schema":{"@context":"https:\/\/schema.org","@graph":[{"@type":"Article","@id":"https:\/\/cleitonpinheiro.com.br\/site\/stf-garante-proibicao-de-remocao-de-pessoas-em-situacao-de-rua\/#article","isPartOf":{"@id":"https:\/\/cleitonpinheiro.com.br\/site\/stf-garante-proibicao-de-remocao-de-pessoas-em-situacao-de-rua\/"},"author":{"name":"Reda\u00e7\u00e3o CP","@id":"https:\/\/cleitonpinheiro.com.br\/site\/#\/schema\/person\/8f04544e0bc40a1b68775b08360f87db"},"headline":"STF garante proibi\u00e7\u00e3o de remo\u00e7\u00e3o de pessoas em situa\u00e7\u00e3o de rua","datePublished":"2023-08-21T21:44:43+00:00","dateModified":"2023-08-22T11:54:51+00:00","mainEntityOfPage":{"@id":"https:\/\/cleitonpinheiro.com.br\/site\/stf-garante-proibicao-de-remocao-de-pessoas-em-situacao-de-rua\/"},"wordCount":772,"commentCount":0,"publisher":{"@id":"https:\/\/cleitonpinheiro.com.br\/site\/#organization"},"image":{"@id":"https:\/\/cleitonpinheiro.com.br\/site\/stf-garante-proibicao-de-remocao-de-pessoas-em-situacao-de-rua\/#primaryimage"},"thumbnailUrl":"https:\/\/cleitonpinheiro.com.br\/site\/wp-content\/uploads\/2023\/08\/trbr5275_0.jpg","articleSection":["BRASIL \/ MUNDO","MANCHETE SEGUND\u00c1RIA"],"inLanguage":"pt-BR","potentialAction":[{"@type":"CommentAction","name":"Comment","target":["https:\/\/cleitonpinheiro.com.br\/site\/stf-garante-proibicao-de-remocao-de-pessoas-em-situacao-de-rua\/#respond"]}]},{"@type":"WebPage","@id":"https:\/\/cleitonpinheiro.com.br\/site\/stf-garante-proibicao-de-remocao-de-pessoas-em-situacao-de-rua\/","url":"https:\/\/cleitonpinheiro.com.br\/site\/stf-garante-proibicao-de-remocao-de-pessoas-em-situacao-de-rua\/","name":"STF garante proibi\u00e7\u00e3o de remo\u00e7\u00e3o de pessoas em situa\u00e7\u00e3o de rua - PORTAL DE NOT\u00cdCIAS CLEITON PINHEIRO","isPartOf":{"@id":"https:\/\/cleitonpinheiro.com.br\/site\/#website"},"primaryImageOfPage":{"@id":"https:\/\/cleitonpinheiro.com.br\/site\/stf-garante-proibicao-de-remocao-de-pessoas-em-situacao-de-rua\/#primaryimage"},"image":{"@id":"https:\/\/cleitonpinheiro.com.br\/site\/stf-garante-proibicao-de-remocao-de-pessoas-em-situacao-de-rua\/#primaryimage"},"thumbnailUrl":"https:\/\/cleitonpinheiro.com.br\/site\/wp-content\/uploads\/2023\/08\/trbr5275_0.jpg","datePublished":"2023-08-21T21:44:43+00:00","dateModified":"2023-08-22T11:54:51+00:00","breadcrumb":{"@id":"https:\/\/cleitonpinheiro.com.br\/site\/stf-garante-proibicao-de-remocao-de-pessoas-em-situacao-de-rua\/#breadcrumb"},"inLanguage":"pt-BR","potentialAction":[{"@type":"ReadAction","target":["https:\/\/cleitonpinheiro.com.br\/site\/stf-garante-proibicao-de-remocao-de-pessoas-em-situacao-de-rua\/"]}]},{"@type":"ImageObject","inLanguage":"pt-BR","@id":"https:\/\/cleitonpinheiro.com.br\/site\/stf-garante-proibicao-de-remocao-de-pessoas-em-situacao-de-rua\/#primaryimage","url":"","contentUrl":""},{"@type":"BreadcrumbList","@id":"https:\/\/cleitonpinheiro.com.br\/site\/stf-garante-proibicao-de-remocao-de-pessoas-em-situacao-de-rua\/#breadcrumb","itemListElement":[{"@type":"ListItem","position":1,"name":"In\u00edcio","item":"https:\/\/cleitonpinheiro.com.br\/site\/"},{"@type":"ListItem","position":2,"name":"STF garante proibi\u00e7\u00e3o de remo\u00e7\u00e3o de pessoas em situa\u00e7\u00e3o de rua"}]},{"@type":"WebSite","@id":"https:\/\/cleitonpinheiro.com.br\/site\/#website","url":"https:\/\/cleitonpinheiro.com.br\/site\/","name":"PORTAL DE NOT\u00cdCIAS CLEITON PINHEIRO","description":"FALANDO A VERDADE","publisher":{"@id":"https:\/\/cleitonpinheiro.com.br\/site\/#organization"},"potentialAction":[{"@type":"SearchAction","target":{"@type":"EntryPoint","urlTemplate":"https:\/\/cleitonpinheiro.com.br\/site\/?s={search_term_string}"},"query-input":{"@type":"PropertyValueSpecification","valueRequired":true,"valueName":"search_term_string"}}],"inLanguage":"pt-BR"},{"@type":"Organization","@id":"https:\/\/cleitonpinheiro.com.br\/site\/#organization","name":"CPNOT\u00cdCIAS","url":"https:\/\/cleitonpinheiro.com.br\/site\/","logo":{"@type":"ImageObject","inLanguage":"pt-BR","@id":"https:\/\/cleitonpinheiro.com.br\/site\/#\/schema\/logo\/image\/","url":"https:\/\/cleitonpinheiro.com.br\/site\/wp-content\/uploads\/2022\/08\/Logo-pequena-2.png","contentUrl":"https:\/\/cleitonpinheiro.com.br\/site\/wp-content\/uploads\/2022\/08\/Logo-pequena-2.png","width":500,"height":500,"caption":"CPNOT\u00cdCIAS"},"image":{"@id":"https:\/\/cleitonpinheiro.com.br\/site\/#\/schema\/logo\/image\/"},"sameAs":["https:\/\/www.facebook.com\/portalcpnoticias\/"]},{"@type":"Person","@id":"https:\/\/cleitonpinheiro.com.br\/site\/#\/schema\/person\/8f04544e0bc40a1b68775b08360f87db","name":"Reda\u00e7\u00e3o CP","image":{"@type":"ImageObject","inLanguage":"pt-BR","@id":"https:\/\/cleitonpinheiro.com.br\/site\/#\/schema\/person\/image\/","url":"https:\/\/secure.gravatar.com\/avatar\/0bcf19cb29fdc8fc588c490c7ae1b3e174dac268586a63fbe1d1893a0f9020cd?s=96&r=g","contentUrl":"https:\/\/secure.gravatar.com\/avatar\/0bcf19cb29fdc8fc588c490c7ae1b3e174dac268586a63fbe1d1893a0f9020cd?s=96&r=g","caption":"Reda\u00e7\u00e3o CP"},"url":"https:\/\/cleitonpinheiro.com.br\/site\/author\/redacao\/"}]}},"views":97,"_links":{"self":[{"href":"https:\/\/cleitonpinheiro.com.br\/site\/wp-json\/wp\/v2\/posts\/73638","targetHints":{"allow":["GET"]}}],"collection":[{"href":"https:\/\/cleitonpinheiro.com.br\/site\/wp-json\/wp\/v2\/posts"}],"about":[{"href":"https:\/\/cleitonpinheiro.com.br\/site\/wp-json\/wp\/v2\/types\/post"}],"author":[{"embeddable":true,"href":"https:\/\/cleitonpinheiro.com.br\/site\/wp-json\/wp\/v2\/users\/13"}],"replies":[{"embeddable":true,"href":"https:\/\/cleitonpinheiro.com.br\/site\/wp-json\/wp\/v2\/comments?post=73638"}],"version-history":[{"count":1,"href":"https:\/\/cleitonpinheiro.com.br\/site\/wp-json\/wp\/v2\/posts\/73638\/revisions"}],"predecessor-version":[{"id":73640,"href":"https:\/\/cleitonpinheiro.com.br\/site\/wp-json\/wp\/v2\/posts\/73638\/revisions\/73640"}],"wp:attachment":[{"href":"https:\/\/cleitonpinheiro.com.br\/site\/wp-json\/wp\/v2\/media?parent=73638"}],"wp:term":[{"taxonomy":"category","embeddable":true,"href":"https:\/\/cleitonpinheiro.com.br\/site\/wp-json\/wp\/v2\/categories?post=73638"},{"taxonomy":"post_tag","embeddable":true,"href":"https:\/\/cleitonpinheiro.com.br\/site\/wp-json\/wp\/v2\/tags?post=73638"}],"curies":[{"name":"wp","href":"https:\/\/api.w.org\/{rel}","templated":true}]}}