{"id":73642,"date":"2023-08-21T18:58:16","date_gmt":"2023-08-21T21:58:16","guid":{"rendered":"https:\/\/cleitonpinheiro.com.br\/site\/?p=73642"},"modified":"2023-12-27T11:37:39","modified_gmt":"2023-12-27T14:37:39","slug":"justica-federal-condena-delgatti-a-20-anos-de-prisao","status":"publish","type":"post","link":"https:\/\/cleitonpinheiro.com.br\/site\/justica-federal-condena-delgatti-a-20-anos-de-prisao\/","title":{"rendered":"Justi\u00e7a Federal condena Delgatti a 20 anos de pris\u00e3o"},"content":{"rendered":"\n<figure class=\"wp-block-image size-full\"><img decoding=\"async\" src=\"https:\/\/cleitonpinheiro.com.br\/site\/wp-content\/uploads\/2023\/08\/17082023-lula1944.jpg\" alt=\"\" class=\"wp-image-73643\"\/><figcaption class=\"wp-element-caption\">Senten\u00e7a foi proferida pelo juiz Ricardo Leite, da 10\u00aa Vara Federal em Bras\u00edlia &#8211; Foto: Lula Marques\/Ag\u00eancia Brasil<\/figcaption><\/figure>\n\n\n\n<p class=\"wp-block-paragraph\"><strong>Da Ag\u00eancia Brasil<\/strong><\/p>\n\n\n\n<p class=\"wp-block-paragraph\">A Justi\u00e7a Federal condenou hoje (21) o hacker Walter Delgatti a 20 anos de pris\u00e3o no processo da Opera\u00e7\u00e3o Spoofing, deflagrada pela\u00a0Pol\u00edcia Federal em 2019. A senten\u00e7a foi proferida pelo juiz Ricardo Leite, da 10\u00aa Vara Federal em Bras\u00edlia.\u00a0Cabe recurso contra a decis\u00e3o.<img decoding=\"async\" src=\"https:\/\/agenciabrasil.ebc.com.br\/ebc.png?id=1550163&amp;o=node\"><img decoding=\"async\" src=\"https:\/\/agenciabrasil.ebc.com.br\/ebc.gif?id=1550163&amp;o=node\"><\/p>\n\n\n\n<p class=\"wp-block-paragraph\">Delgatti foi preso em 2019 por suspeita de invadir contas de autoridades no Telegram, entre elas, de integrantes da for\u00e7a-tarefa da Lava Jato, como o&nbsp;ex-procurador Deltan Dallagnol.<\/p>\n\n\n\n<p class=\"wp-block-paragraph\">A<strong>&nbsp;Ag\u00eancia Brasil&nbsp;<\/strong>busca contato com a defesa do hacker.<\/p>\n\n\n\n<h2 class=\"wp-block-heading\">Senten\u00e7a<\/h2>\n\n\n\n<p class=\"wp-block-paragraph\">Al\u00e9m de Delgatti, mais seis acusados tamb\u00e9m foram condenados pelas invas\u00f5es de celulares. Al\u00e9m dos ex-procuradores da Lava Jato, o ex-ministro da Justi\u00e7a Sergio Moro, o ex-ministro da Economia Paulo Guedes e conselheiros do Conselho Nacional do Minist\u00e9rio P\u00fablico (CNMP) tamb\u00e9m tiveram mensagens acessadas ilegalmente.<\/p>\n\n\n\n<p class=\"wp-block-paragraph\">Na decis\u00e3o, o juiz disse que Delgatti tinha a inten\u00e7\u00e3o de vender as conversas hackeadas da Lava Jato por R$ 200 mil \u00e0 imprensa e rebateu declara\u00e7\u00f5es do hacker, que, durante as investiga\u00e7\u00f5es, declarou que violou as conversas para &#8220;combater injusti\u00e7as&#8221; que teriam sido cometidas durante a opera\u00e7\u00e3o.<\/p>\n\n\n\n<p class=\"wp-block-paragraph\">&#8220;S\u00f3 ap\u00f3s perceber a resist\u00eancia de jornalistas a pagarem para ter acesso a este material \u00e9 que houve um esfriamento inicial no \u00e2nimo de Walter de obter numer\u00e1rio pela troca do material&#8221;, escreveu o juiz.<\/p>\n\n\n\n<p class=\"wp-block-paragraph\">Al\u00e9m da participa\u00e7\u00e3o no hackeamento de autoridades, a senten\u00e7a diz que Walter Delgatti obtinha dados banc\u00e1rios de diversas v\u00edtimas&nbsp;e comercializava as informa\u00e7\u00f5es obtidas em chats especializados em crimes.<\/p>\n\n\n\n<p class=\"wp-block-paragraph\">&#8220;Para melhor compreens\u00e3o das t\u00e9cnicas de fraudes empreendidas por Walter, houve a degrava\u00e7\u00e3o de um di\u00e1logo em que Walter se apresenta como respons\u00e1vel pela \u00e1rea t\u00e9cnica e seguran\u00e7a de uma institui\u00e7\u00e3o financeira e orienta um cliente de entidade banc\u00e1ria a realizar uma atualiza\u00e7\u00e3o em seu computador de forma a instaurar um programa malicioso&#8221;, concluiu o juiz.&nbsp;<\/p>\n\n\n\n<h2 class=\"wp-block-heading\">Pris\u00e3o<\/h2>\n\n\n\n<p class=\"wp-block-paragraph\">No in\u00edcio deste m\u00eas, Delgatti foi preso pela Pol\u00edcia Federal (PF) em fun\u00e7\u00e3o de outra investiga\u00e7\u00e3o, a invas\u00e3o aos sistemas eletr\u00f4nicos do Conselho Nacional de Justi\u00e7a (CNJ).<\/p>\n\n\n\n<p class=\"wp-block-paragraph\">Os policiais investigam se o ato foi promovido por Delgatti a mando da deputada federal Carla Zambelli (PL-SP). De acordo com as investiga\u00e7\u00f5es, o hacker teria emitido falso mandado de pris\u00e3o contra o ministro Alexandre de Moraes.<\/p>\n","protected":false},"excerpt":{"rendered":"<p>Da Ag\u00eancia Brasil A Justi\u00e7a Federal condenou hoje (21) o hacker Walter Delgatti a 20 anos de pris\u00e3o no processo da Opera\u00e7\u00e3o Spoofing, deflagrada pela\u00a0Pol\u00edcia Federal em 2019. A senten\u00e7a foi proferida pelo juiz Ricardo Leite, da 10\u00aa Vara Federal em Bras\u00edlia.\u00a0Cabe recurso contra a decis\u00e3o. Delgatti foi preso em 2019 por suspeita de invadir [&hellip;]<\/p>\n","protected":false},"author":13,"featured_media":0,"comment_status":"open","ping_status":"open","sticky":false,"template":"","format":"standard","meta":{"_acf_changed":false,"footnotes":""},"categories":[19,21],"tags":[1172,1084],"class_list":["post-73642","post","type-post","status-publish","format-standard","hentry","category-brasil-mundo","category-todas-noticias","tag-hacker","tag-walter-delgatti"],"acf":[],"yoast_head":"<!-- This site is optimized with the Yoast SEO plugin v24.4 - https:\/\/yoast.com\/wordpress\/plugins\/seo\/ -->\n<title>Justi\u00e7a Federal condena Delgatti a 20 anos de pris\u00e3o - PORTAL DE NOT\u00cdCIAS CLEITON PINHEIRO<\/title>\n<meta name=\"robots\" content=\"index, follow, max-snippet:-1, max-image-preview:large, max-video-preview:-1\" \/>\n<link rel=\"canonical\" href=\"https:\/\/cleitonpinheiro.com.br\/site\/justica-federal-condena-delgatti-a-20-anos-de-prisao\/\" \/>\n<meta property=\"og:locale\" content=\"pt_BR\" \/>\n<meta property=\"og:type\" content=\"article\" \/>\n<meta property=\"og:title\" content=\"Justi\u00e7a Federal condena Delgatti a 20 anos de pris\u00e3o - PORTAL DE NOT\u00cdCIAS CLEITON PINHEIRO\" \/>\n<meta property=\"og:description\" content=\"Da Ag\u00eancia Brasil A Justi\u00e7a Federal condenou hoje (21) o hacker Walter Delgatti a 20 anos de pris\u00e3o no processo da Opera\u00e7\u00e3o Spoofing, deflagrada pela\u00a0Pol\u00edcia Federal em 2019. A senten\u00e7a foi proferida pelo juiz Ricardo Leite, da 10\u00aa Vara Federal em Bras\u00edlia.\u00a0Cabe recurso contra a decis\u00e3o. Delgatti foi preso em 2019 por suspeita de invadir [&hellip;]\" \/>\n<meta property=\"og:url\" content=\"https:\/\/cleitonpinheiro.com.br\/site\/justica-federal-condena-delgatti-a-20-anos-de-prisao\/\" \/>\n<meta property=\"og:site_name\" content=\"PORTAL DE NOT\u00cdCIAS CLEITON PINHEIRO\" \/>\n<meta property=\"article:publisher\" content=\"https:\/\/www.facebook.com\/portalcpnoticias\/\" \/>\n<meta property=\"article:published_time\" content=\"2023-08-21T21:58:16+00:00\" \/>\n<meta property=\"article:modified_time\" content=\"2023-12-27T14:37:39+00:00\" \/>\n<meta property=\"og:image\" content=\"https:\/\/cleitonpinheiro.com.br\/site\/wp-content\/uploads\/2023\/08\/17082023-lula1944.jpg\" \/>\n\t<meta property=\"og:image:width\" content=\"1170\" \/>\n\t<meta property=\"og:image:height\" content=\"700\" \/>\n\t<meta property=\"og:image:type\" content=\"image\/jpeg\" \/>\n<meta name=\"author\" content=\"Reda\u00e7\u00e3o CP\" \/>\n<meta name=\"twitter:card\" content=\"summary_large_image\" \/>\n<meta name=\"twitter:label1\" content=\"Escrito por\" \/>\n\t<meta name=\"twitter:data1\" content=\"Reda\u00e7\u00e3o CP\" \/>\n\t<meta name=\"twitter:label2\" content=\"Est. tempo de leitura\" \/>\n\t<meta name=\"twitter:data2\" content=\"3 minutos\" \/>\n<script type=\"application\/ld+json\" class=\"yoast-schema-graph\">{\"@context\":\"https:\/\/schema.org\",\"@graph\":[{\"@type\":\"Article\",\"@id\":\"https:\/\/cleitonpinheiro.com.br\/site\/justica-federal-condena-delgatti-a-20-anos-de-prisao\/#article\",\"isPartOf\":{\"@id\":\"https:\/\/cleitonpinheiro.com.br\/site\/justica-federal-condena-delgatti-a-20-anos-de-prisao\/\"},\"author\":{\"name\":\"Reda\u00e7\u00e3o CP\",\"@id\":\"https:\/\/cleitonpinheiro.com.br\/site\/#\/schema\/person\/8f04544e0bc40a1b68775b08360f87db\"},\"headline\":\"Justi\u00e7a Federal condena Delgatti a 20 anos de pris\u00e3o\",\"datePublished\":\"2023-08-21T21:58:16+00:00\",\"dateModified\":\"2023-12-27T14:37:39+00:00\",\"mainEntityOfPage\":{\"@id\":\"https:\/\/cleitonpinheiro.com.br\/site\/justica-federal-condena-delgatti-a-20-anos-de-prisao\/\"},\"wordCount\":448,\"commentCount\":0,\"publisher\":{\"@id\":\"https:\/\/cleitonpinheiro.com.br\/site\/#organization\"},\"image\":{\"@id\":\"https:\/\/cleitonpinheiro.com.br\/site\/justica-federal-condena-delgatti-a-20-anos-de-prisao\/#primaryimage\"},\"thumbnailUrl\":\"https:\/\/cleitonpinheiro.com.br\/site\/wp-content\/uploads\/2023\/08\/17082023-lula1944.jpg\",\"keywords\":[\"hacker\",\"Walter Delgatti\"],\"articleSection\":[\"BRASIL \/ MUNDO\",\"TODAS NOTICIAS\"],\"inLanguage\":\"pt-BR\",\"potentialAction\":[{\"@type\":\"CommentAction\",\"name\":\"Comment\",\"target\":[\"https:\/\/cleitonpinheiro.com.br\/site\/justica-federal-condena-delgatti-a-20-anos-de-prisao\/#respond\"]}]},{\"@type\":\"WebPage\",\"@id\":\"https:\/\/cleitonpinheiro.com.br\/site\/justica-federal-condena-delgatti-a-20-anos-de-prisao\/\",\"url\":\"https:\/\/cleitonpinheiro.com.br\/site\/justica-federal-condena-delgatti-a-20-anos-de-prisao\/\",\"name\":\"Justi\u00e7a Federal condena Delgatti a 20 anos de pris\u00e3o - PORTAL DE NOT\u00cdCIAS CLEITON PINHEIRO\",\"isPartOf\":{\"@id\":\"https:\/\/cleitonpinheiro.com.br\/site\/#website\"},\"primaryImageOfPage\":{\"@id\":\"https:\/\/cleitonpinheiro.com.br\/site\/justica-federal-condena-delgatti-a-20-anos-de-prisao\/#primaryimage\"},\"image\":{\"@id\":\"https:\/\/cleitonpinheiro.com.br\/site\/justica-federal-condena-delgatti-a-20-anos-de-prisao\/#primaryimage\"},\"thumbnailUrl\":\"https:\/\/cleitonpinheiro.com.br\/site\/wp-content\/uploads\/2023\/08\/17082023-lula1944.jpg\",\"datePublished\":\"2023-08-21T21:58:16+00:00\",\"dateModified\":\"2023-12-27T14:37:39+00:00\",\"breadcrumb\":{\"@id\":\"https:\/\/cleitonpinheiro.com.br\/site\/justica-federal-condena-delgatti-a-20-anos-de-prisao\/#breadcrumb\"},\"inLanguage\":\"pt-BR\",\"potentialAction\":[{\"@type\":\"ReadAction\",\"target\":[\"https:\/\/cleitonpinheiro.com.br\/site\/justica-federal-condena-delgatti-a-20-anos-de-prisao\/\"]}]},{\"@type\":\"ImageObject\",\"inLanguage\":\"pt-BR\",\"@id\":\"https:\/\/cleitonpinheiro.com.br\/site\/justica-federal-condena-delgatti-a-20-anos-de-prisao\/#primaryimage\",\"url\":\"\",\"contentUrl\":\"\"},{\"@type\":\"BreadcrumbList\",\"@id\":\"https:\/\/cleitonpinheiro.com.br\/site\/justica-federal-condena-delgatti-a-20-anos-de-prisao\/#breadcrumb\",\"itemListElement\":[{\"@type\":\"ListItem\",\"position\":1,\"name\":\"In\u00edcio\",\"item\":\"https:\/\/cleitonpinheiro.com.br\/site\/\"},{\"@type\":\"ListItem\",\"position\":2,\"name\":\"Justi\u00e7a Federal condena Delgatti a 20 anos de pris\u00e3o\"}]},{\"@type\":\"WebSite\",\"@id\":\"https:\/\/cleitonpinheiro.com.br\/site\/#website\",\"url\":\"https:\/\/cleitonpinheiro.com.br\/site\/\",\"name\":\"PORTAL DE NOT\u00cdCIAS CLEITON PINHEIRO\",\"description\":\"FALANDO A VERDADE\",\"publisher\":{\"@id\":\"https:\/\/cleitonpinheiro.com.br\/site\/#organization\"},\"potentialAction\":[{\"@type\":\"SearchAction\",\"target\":{\"@type\":\"EntryPoint\",\"urlTemplate\":\"https:\/\/cleitonpinheiro.com.br\/site\/?s={search_term_string}\"},\"query-input\":{\"@type\":\"PropertyValueSpecification\",\"valueRequired\":true,\"valueName\":\"search_term_string\"}}],\"inLanguage\":\"pt-BR\"},{\"@type\":\"Organization\",\"@id\":\"https:\/\/cleitonpinheiro.com.br\/site\/#organization\",\"name\":\"CPNOT\u00cdCIAS\",\"url\":\"https:\/\/cleitonpinheiro.com.br\/site\/\",\"logo\":{\"@type\":\"ImageObject\",\"inLanguage\":\"pt-BR\",\"@id\":\"https:\/\/cleitonpinheiro.com.br\/site\/#\/schema\/logo\/image\/\",\"url\":\"https:\/\/cleitonpinheiro.com.br\/site\/wp-content\/uploads\/2022\/08\/Logo-pequena-2.png\",\"contentUrl\":\"https:\/\/cleitonpinheiro.com.br\/site\/wp-content\/uploads\/2022\/08\/Logo-pequena-2.png\",\"width\":500,\"height\":500,\"caption\":\"CPNOT\u00cdCIAS\"},\"image\":{\"@id\":\"https:\/\/cleitonpinheiro.com.br\/site\/#\/schema\/logo\/image\/\"},\"sameAs\":[\"https:\/\/www.facebook.com\/portalcpnoticias\/\"]},{\"@type\":\"Person\",\"@id\":\"https:\/\/cleitonpinheiro.com.br\/site\/#\/schema\/person\/8f04544e0bc40a1b68775b08360f87db\",\"name\":\"Reda\u00e7\u00e3o CP\",\"image\":{\"@type\":\"ImageObject\",\"inLanguage\":\"pt-BR\",\"@id\":\"https:\/\/cleitonpinheiro.com.br\/site\/#\/schema\/person\/image\/\",\"url\":\"https:\/\/secure.gravatar.com\/avatar\/0bcf19cb29fdc8fc588c490c7ae1b3e174dac268586a63fbe1d1893a0f9020cd?s=96&r=g\",\"contentUrl\":\"https:\/\/secure.gravatar.com\/avatar\/0bcf19cb29fdc8fc588c490c7ae1b3e174dac268586a63fbe1d1893a0f9020cd?s=96&r=g\",\"caption\":\"Reda\u00e7\u00e3o CP\"},\"url\":\"https:\/\/cleitonpinheiro.com.br\/site\/author\/redacao\/\"}]}<\/script>\n<!-- \/ Yoast SEO plugin. -->","yoast_head_json":{"title":"Justi\u00e7a Federal condena Delgatti a 20 anos de pris\u00e3o - PORTAL DE NOT\u00cdCIAS CLEITON PINHEIRO","robots":{"index":"index","follow":"follow","max-snippet":"max-snippet:-1","max-image-preview":"max-image-preview:large","max-video-preview":"max-video-preview:-1"},"canonical":"https:\/\/cleitonpinheiro.com.br\/site\/justica-federal-condena-delgatti-a-20-anos-de-prisao\/","og_locale":"pt_BR","og_type":"article","og_title":"Justi\u00e7a Federal condena Delgatti a 20 anos de pris\u00e3o - PORTAL DE NOT\u00cdCIAS CLEITON PINHEIRO","og_description":"Da Ag\u00eancia Brasil A Justi\u00e7a Federal condenou hoje (21) o hacker Walter Delgatti a 20 anos de pris\u00e3o no processo da Opera\u00e7\u00e3o Spoofing, deflagrada pela\u00a0Pol\u00edcia Federal em 2019. A senten\u00e7a foi proferida pelo juiz Ricardo Leite, da 10\u00aa Vara Federal em Bras\u00edlia.\u00a0Cabe recurso contra a decis\u00e3o. Delgatti foi preso em 2019 por suspeita de invadir [&hellip;]","og_url":"https:\/\/cleitonpinheiro.com.br\/site\/justica-federal-condena-delgatti-a-20-anos-de-prisao\/","og_site_name":"PORTAL DE NOT\u00cdCIAS CLEITON PINHEIRO","article_publisher":"https:\/\/www.facebook.com\/portalcpnoticias\/","article_published_time":"2023-08-21T21:58:16+00:00","article_modified_time":"2023-12-27T14:37:39+00:00","og_image":[{"width":1170,"height":700,"url":"https:\/\/cleitonpinheiro.com.br\/site\/wp-content\/uploads\/2023\/08\/17082023-lula1944.jpg","type":"image\/jpeg"}],"author":"Reda\u00e7\u00e3o CP","twitter_card":"summary_large_image","twitter_misc":{"Escrito por":"Reda\u00e7\u00e3o CP","Est. tempo de leitura":"3 minutos"},"schema":{"@context":"https:\/\/schema.org","@graph":[{"@type":"Article","@id":"https:\/\/cleitonpinheiro.com.br\/site\/justica-federal-condena-delgatti-a-20-anos-de-prisao\/#article","isPartOf":{"@id":"https:\/\/cleitonpinheiro.com.br\/site\/justica-federal-condena-delgatti-a-20-anos-de-prisao\/"},"author":{"name":"Reda\u00e7\u00e3o CP","@id":"https:\/\/cleitonpinheiro.com.br\/site\/#\/schema\/person\/8f04544e0bc40a1b68775b08360f87db"},"headline":"Justi\u00e7a Federal condena Delgatti a 20 anos de pris\u00e3o","datePublished":"2023-08-21T21:58:16+00:00","dateModified":"2023-12-27T14:37:39+00:00","mainEntityOfPage":{"@id":"https:\/\/cleitonpinheiro.com.br\/site\/justica-federal-condena-delgatti-a-20-anos-de-prisao\/"},"wordCount":448,"commentCount":0,"publisher":{"@id":"https:\/\/cleitonpinheiro.com.br\/site\/#organization"},"image":{"@id":"https:\/\/cleitonpinheiro.com.br\/site\/justica-federal-condena-delgatti-a-20-anos-de-prisao\/#primaryimage"},"thumbnailUrl":"https:\/\/cleitonpinheiro.com.br\/site\/wp-content\/uploads\/2023\/08\/17082023-lula1944.jpg","keywords":["hacker","Walter Delgatti"],"articleSection":["BRASIL \/ MUNDO","TODAS NOTICIAS"],"inLanguage":"pt-BR","potentialAction":[{"@type":"CommentAction","name":"Comment","target":["https:\/\/cleitonpinheiro.com.br\/site\/justica-federal-condena-delgatti-a-20-anos-de-prisao\/#respond"]}]},{"@type":"WebPage","@id":"https:\/\/cleitonpinheiro.com.br\/site\/justica-federal-condena-delgatti-a-20-anos-de-prisao\/","url":"https:\/\/cleitonpinheiro.com.br\/site\/justica-federal-condena-delgatti-a-20-anos-de-prisao\/","name":"Justi\u00e7a Federal condena Delgatti a 20 anos de pris\u00e3o - PORTAL DE NOT\u00cdCIAS CLEITON PINHEIRO","isPartOf":{"@id":"https:\/\/cleitonpinheiro.com.br\/site\/#website"},"primaryImageOfPage":{"@id":"https:\/\/cleitonpinheiro.com.br\/site\/justica-federal-condena-delgatti-a-20-anos-de-prisao\/#primaryimage"},"image":{"@id":"https:\/\/cleitonpinheiro.com.br\/site\/justica-federal-condena-delgatti-a-20-anos-de-prisao\/#primaryimage"},"thumbnailUrl":"https:\/\/cleitonpinheiro.com.br\/site\/wp-content\/uploads\/2023\/08\/17082023-lula1944.jpg","datePublished":"2023-08-21T21:58:16+00:00","dateModified":"2023-12-27T14:37:39+00:00","breadcrumb":{"@id":"https:\/\/cleitonpinheiro.com.br\/site\/justica-federal-condena-delgatti-a-20-anos-de-prisao\/#breadcrumb"},"inLanguage":"pt-BR","potentialAction":[{"@type":"ReadAction","target":["https:\/\/cleitonpinheiro.com.br\/site\/justica-federal-condena-delgatti-a-20-anos-de-prisao\/"]}]},{"@type":"ImageObject","inLanguage":"pt-BR","@id":"https:\/\/cleitonpinheiro.com.br\/site\/justica-federal-condena-delgatti-a-20-anos-de-prisao\/#primaryimage","url":"","contentUrl":""},{"@type":"BreadcrumbList","@id":"https:\/\/cleitonpinheiro.com.br\/site\/justica-federal-condena-delgatti-a-20-anos-de-prisao\/#breadcrumb","itemListElement":[{"@type":"ListItem","position":1,"name":"In\u00edcio","item":"https:\/\/cleitonpinheiro.com.br\/site\/"},{"@type":"ListItem","position":2,"name":"Justi\u00e7a Federal condena Delgatti a 20 anos de pris\u00e3o"}]},{"@type":"WebSite","@id":"https:\/\/cleitonpinheiro.com.br\/site\/#website","url":"https:\/\/cleitonpinheiro.com.br\/site\/","name":"PORTAL DE NOT\u00cdCIAS CLEITON PINHEIRO","description":"FALANDO A VERDADE","publisher":{"@id":"https:\/\/cleitonpinheiro.com.br\/site\/#organization"},"potentialAction":[{"@type":"SearchAction","target":{"@type":"EntryPoint","urlTemplate":"https:\/\/cleitonpinheiro.com.br\/site\/?s={search_term_string}"},"query-input":{"@type":"PropertyValueSpecification","valueRequired":true,"valueName":"search_term_string"}}],"inLanguage":"pt-BR"},{"@type":"Organization","@id":"https:\/\/cleitonpinheiro.com.br\/site\/#organization","name":"CPNOT\u00cdCIAS","url":"https:\/\/cleitonpinheiro.com.br\/site\/","logo":{"@type":"ImageObject","inLanguage":"pt-BR","@id":"https:\/\/cleitonpinheiro.com.br\/site\/#\/schema\/logo\/image\/","url":"https:\/\/cleitonpinheiro.com.br\/site\/wp-content\/uploads\/2022\/08\/Logo-pequena-2.png","contentUrl":"https:\/\/cleitonpinheiro.com.br\/site\/wp-content\/uploads\/2022\/08\/Logo-pequena-2.png","width":500,"height":500,"caption":"CPNOT\u00cdCIAS"},"image":{"@id":"https:\/\/cleitonpinheiro.com.br\/site\/#\/schema\/logo\/image\/"},"sameAs":["https:\/\/www.facebook.com\/portalcpnoticias\/"]},{"@type":"Person","@id":"https:\/\/cleitonpinheiro.com.br\/site\/#\/schema\/person\/8f04544e0bc40a1b68775b08360f87db","name":"Reda\u00e7\u00e3o CP","image":{"@type":"ImageObject","inLanguage":"pt-BR","@id":"https:\/\/cleitonpinheiro.com.br\/site\/#\/schema\/person\/image\/","url":"https:\/\/secure.gravatar.com\/avatar\/0bcf19cb29fdc8fc588c490c7ae1b3e174dac268586a63fbe1d1893a0f9020cd?s=96&r=g","contentUrl":"https:\/\/secure.gravatar.com\/avatar\/0bcf19cb29fdc8fc588c490c7ae1b3e174dac268586a63fbe1d1893a0f9020cd?s=96&r=g","caption":"Reda\u00e7\u00e3o CP"},"url":"https:\/\/cleitonpinheiro.com.br\/site\/author\/redacao\/"}]}},"views":103,"_links":{"self":[{"href":"https:\/\/cleitonpinheiro.com.br\/site\/wp-json\/wp\/v2\/posts\/73642","targetHints":{"allow":["GET"]}}],"collection":[{"href":"https:\/\/cleitonpinheiro.com.br\/site\/wp-json\/wp\/v2\/posts"}],"about":[{"href":"https:\/\/cleitonpinheiro.com.br\/site\/wp-json\/wp\/v2\/types\/post"}],"author":[{"embeddable":true,"href":"https:\/\/cleitonpinheiro.com.br\/site\/wp-json\/wp\/v2\/users\/13"}],"replies":[{"embeddable":true,"href":"https:\/\/cleitonpinheiro.com.br\/site\/wp-json\/wp\/v2\/comments?post=73642"}],"version-history":[{"count":1,"href":"https:\/\/cleitonpinheiro.com.br\/site\/wp-json\/wp\/v2\/posts\/73642\/revisions"}],"predecessor-version":[{"id":73644,"href":"https:\/\/cleitonpinheiro.com.br\/site\/wp-json\/wp\/v2\/posts\/73642\/revisions\/73644"}],"wp:attachment":[{"href":"https:\/\/cleitonpinheiro.com.br\/site\/wp-json\/wp\/v2\/media?parent=73642"}],"wp:term":[{"taxonomy":"category","embeddable":true,"href":"https:\/\/cleitonpinheiro.com.br\/site\/wp-json\/wp\/v2\/categories?post=73642"},{"taxonomy":"post_tag","embeddable":true,"href":"https:\/\/cleitonpinheiro.com.br\/site\/wp-json\/wp\/v2\/tags?post=73642"}],"curies":[{"name":"wp","href":"https:\/\/api.w.org\/{rel}","templated":true}]}}