{"id":73645,"date":"2023-08-22T08:53:11","date_gmt":"2023-08-22T11:53:11","guid":{"rendered":"https:\/\/cleitonpinheiro.com.br\/site\/?p=73645"},"modified":"2023-12-27T11:37:22","modified_gmt":"2023-12-27T14:37:22","slug":"semana-de-design-de-palmas-celebra-a-identidade-criativa-e-cultural","status":"publish","type":"post","link":"https:\/\/cleitonpinheiro.com.br\/site\/semana-de-design-de-palmas-celebra-a-identidade-criativa-e-cultural\/","title":{"rendered":"Semana de Design de Palmas celebra a identidade criativa e cultural"},"content":{"rendered":"\n<figure class=\"wp-block-image size-full\"><img decoding=\"async\" src=\"https:\/\/cleitonpinheiro.com.br\/site\/wp-content\/uploads\/2023\/08\/295d48a7b1b74c11a552bc1adc2001c7.jpg\" alt=\"\" class=\"wp-image-73649\"\/><\/figure>\n\n\n\n<p class=\"wp-block-paragraph\">Palmas se prepara para vivenciar um evento pioneiro voltado para a valoriza\u00e7\u00e3o do design regional e a promo\u00e7\u00e3o da economia criativa. A I Semana de Design de Palmas traz consigo uma colabora\u00e7\u00e3o inovadora entre novos profissionais de arquitetura e design de interiores e talentosos artes\u00e3os, gerados na cocria\u00e7\u00e3o de pe\u00e7as de design e instala\u00e7\u00f5es que distinguem a rica identidade art\u00edstica local.<\/p>\n\n\n\n<p class=\"wp-block-paragraph\">A exposi\u00e7\u00e3o das cria\u00e7\u00f5es marcar\u00e1 a reabertura da Casa Su\u00e7uapara, localizada no Parque Cesamar. O evento acontecer\u00e1 de 25 de agosto a 6 de setembro, das 17 \u00e0s 21 horas, e a entrada \u00e9 gratuita. Al\u00e9m de apreciar a exposi\u00e7\u00e3o, os visitantes poder\u00e3o desfrutar de um caf\u00e9 montado no local e participar de oficinas e palestras, cuja programa\u00e7\u00e3o ser\u00e1 divulgada em breve.<\/p>\n\n\n\n<p class=\"wp-block-paragraph\">O evento \u00e9 uma iniciativa conjunta dos arquitetos Thamise Bezerra e M\u00e1rcio Colauto, do escrit\u00f3rio Bezerra e Colauto, em colabora\u00e7\u00e3o com a designer de interiores e jornalista p\u00f3s-graduada em artes visuais, Renata Brum, e a fot\u00f3grafa Maria J\u00falia Daniel, s\u00f3cias da To Home Comunica\u00e7\u00e3o e Design. O evento conta tamb\u00e9m com o apoio da Prefeitura de Palmas, atrav\u00e9s da Funda\u00e7\u00e3o Cultural de Palmas, do Sebrae TO, do Conselho de Arquitetura e Urbanismo do Tocantins (CAU-TO) e de empresas locais.<\/p>\n\n\n\n<p class=\"wp-block-paragraph\">O objetivo principal \u00e9 real\u00e7ar o potencial criativo e autoral do design, fortalecendo a conex\u00e3o entre os conhecimentos dos arquitetos e designers com a expertise dos artes\u00e3os e profissionais como serralheiros e marceneiros. A colabora\u00e7\u00e3o busca dinamizar a economia criativa da cidade e do estado. \u201cA ideia \u00e9 apresentar o potencial criativo na produ\u00e7\u00e3o de um design autoral e de qualidade, unindo o conhecimento dos nossos arquitetos e designers com o saber dos artes\u00e3os e profissionais como serralheiros, marceneiros. E, com isso, movimentar a economia criativa da cidade e do estado\u201d, explicou Thamise.<\/p>\n\n\n\n<p class=\"wp-block-paragraph\">Essa colabora\u00e7\u00e3o entre arquitetos, designers e artes\u00e3os cria um cen\u00e1rio novo e enriquecedor para uma exposi\u00e7\u00e3o de arte e cultura estadual. A \u00eanfase recai sobre as in\u00fameras possibilidades surgidas a partir da abordagem na produ\u00e7\u00e3o artesanal e na celebra\u00e7\u00e3o da identidade regional, conforme afirmou M\u00e1rcio Colauto.<\/p>\n\n\n\n<p class=\"wp-block-paragraph\">O evento conta com a contribui\u00e7\u00e3o de cinco outros profissionais: os arquitetos Fernanda Prado, Kaio Vilanova, Lana Edla, Raphael Santos, e a designer Renata Brum. Al\u00e9m disso, a artista visual Gab Agostini apresentar\u00e1 uma instala\u00e7\u00e3o inspirada no cerrado, enquanto o arquiteto Tom Reis integrar\u00e1 a natureza do Cesamar ao caf\u00e9 e \u00e0 arte da cer\u00e2mica milenar.<\/p>\n\n\n\n<p class=\"wp-block-paragraph\">Dentre os artes\u00e3os envolvidos na cocria\u00e7\u00e3o dos projetos est\u00e3o a ceramista Maria Elza Oliveira, Wanderley Batista (Pote de Ouro), Senhor Ben\u00e9 (Casa do Oleiro), Durvalina Ribeiro e M\u00f4nica Ribeiro, que trabalham com capim dourado, bem como os serralheiros Dami\u00e3o Leite e Weliton Souza, o marceneiro Sebasti\u00e3o Ferreira da Silva, e os criativos Henrique Castro e Ariadne Caroline (AC Ateli\u00ea Criativo). O evento promete ser um encontro inspirador e marcante para a cena art\u00edstica e criativa da regi\u00e3o.<\/p>\n","protected":false},"excerpt":{"rendered":"<p>Palmas se prepara para vivenciar um evento pioneiro voltado para a valoriza\u00e7\u00e3o do design regional e a promo\u00e7\u00e3o da economia criativa. A I Semana de Design de Palmas traz consigo uma colabora\u00e7\u00e3o inovadora entre novos profissionais de arquitetura e design de interiores e talentosos artes\u00e3os, gerados na cocria\u00e7\u00e3o de pe\u00e7as de design e instala\u00e7\u00f5es que [&hellip;]<\/p>\n","protected":false},"author":13,"featured_media":0,"comment_status":"open","ping_status":"open","sticky":false,"template":"","format":"standard","meta":{"_acf_changed":false,"footnotes":""},"categories":[22,21],"tags":[],"class_list":["post-73645","post","type-post","status-publish","format-standard","hentry","category-cidades","category-todas-noticias"],"acf":[],"yoast_head":"<!-- This site is optimized with the Yoast SEO plugin v24.4 - https:\/\/yoast.com\/wordpress\/plugins\/seo\/ -->\n<title>Semana de Design de Palmas celebra a identidade criativa e cultural - PORTAL DE NOT\u00cdCIAS CLEITON PINHEIRO<\/title>\n<meta name=\"robots\" content=\"index, follow, max-snippet:-1, max-image-preview:large, max-video-preview:-1\" \/>\n<link rel=\"canonical\" href=\"https:\/\/cleitonpinheiro.com.br\/site\/semana-de-design-de-palmas-celebra-a-identidade-criativa-e-cultural\/\" \/>\n<meta property=\"og:locale\" content=\"pt_BR\" \/>\n<meta property=\"og:type\" content=\"article\" \/>\n<meta property=\"og:title\" content=\"Semana de Design de Palmas celebra a identidade criativa e cultural - PORTAL DE NOT\u00cdCIAS CLEITON PINHEIRO\" \/>\n<meta property=\"og:description\" content=\"Palmas se prepara para vivenciar um evento pioneiro voltado para a valoriza\u00e7\u00e3o do design regional e a promo\u00e7\u00e3o da economia criativa. A I Semana de Design de Palmas traz consigo uma colabora\u00e7\u00e3o inovadora entre novos profissionais de arquitetura e design de interiores e talentosos artes\u00e3os, gerados na cocria\u00e7\u00e3o de pe\u00e7as de design e instala\u00e7\u00f5es que [&hellip;]\" \/>\n<meta property=\"og:url\" content=\"https:\/\/cleitonpinheiro.com.br\/site\/semana-de-design-de-palmas-celebra-a-identidade-criativa-e-cultural\/\" \/>\n<meta property=\"og:site_name\" content=\"PORTAL DE NOT\u00cdCIAS CLEITON PINHEIRO\" \/>\n<meta property=\"article:publisher\" content=\"https:\/\/www.facebook.com\/portalcpnoticias\/\" \/>\n<meta property=\"article:published_time\" content=\"2023-08-22T11:53:11+00:00\" \/>\n<meta property=\"article:modified_time\" content=\"2023-12-27T14:37:22+00:00\" \/>\n<meta property=\"og:image\" content=\"https:\/\/cleitonpinheiro.com.br\/site\/wp-content\/uploads\/2023\/08\/295d48a7b1b74c11a552bc1adc2001c7.jpg\" \/>\n\t<meta property=\"og:image:width\" content=\"800\" \/>\n\t<meta property=\"og:image:height\" content=\"533\" \/>\n\t<meta property=\"og:image:type\" content=\"image\/jpeg\" \/>\n<meta name=\"author\" content=\"Reda\u00e7\u00e3o CP\" \/>\n<meta name=\"twitter:card\" content=\"summary_large_image\" \/>\n<meta name=\"twitter:label1\" content=\"Escrito por\" \/>\n\t<meta name=\"twitter:data1\" content=\"Reda\u00e7\u00e3o CP\" \/>\n\t<meta name=\"twitter:label2\" content=\"Est. tempo de leitura\" \/>\n\t<meta name=\"twitter:data2\" content=\"3 minutos\" \/>\n<script type=\"application\/ld+json\" class=\"yoast-schema-graph\">{\"@context\":\"https:\/\/schema.org\",\"@graph\":[{\"@type\":\"Article\",\"@id\":\"https:\/\/cleitonpinheiro.com.br\/site\/semana-de-design-de-palmas-celebra-a-identidade-criativa-e-cultural\/#article\",\"isPartOf\":{\"@id\":\"https:\/\/cleitonpinheiro.com.br\/site\/semana-de-design-de-palmas-celebra-a-identidade-criativa-e-cultural\/\"},\"author\":{\"name\":\"Reda\u00e7\u00e3o CP\",\"@id\":\"https:\/\/cleitonpinheiro.com.br\/site\/#\/schema\/person\/8f04544e0bc40a1b68775b08360f87db\"},\"headline\":\"Semana de Design de Palmas celebra a identidade criativa e cultural\",\"datePublished\":\"2023-08-22T11:53:11+00:00\",\"dateModified\":\"2023-12-27T14:37:22+00:00\",\"mainEntityOfPage\":{\"@id\":\"https:\/\/cleitonpinheiro.com.br\/site\/semana-de-design-de-palmas-celebra-a-identidade-criativa-e-cultural\/\"},\"wordCount\":528,\"commentCount\":0,\"publisher\":{\"@id\":\"https:\/\/cleitonpinheiro.com.br\/site\/#organization\"},\"image\":{\"@id\":\"https:\/\/cleitonpinheiro.com.br\/site\/semana-de-design-de-palmas-celebra-a-identidade-criativa-e-cultural\/#primaryimage\"},\"thumbnailUrl\":\"https:\/\/cleitonpinheiro.com.br\/site\/wp-content\/uploads\/2023\/08\/295d48a7b1b74c11a552bc1adc2001c7.jpg\",\"articleSection\":[\"CIDADES\",\"TODAS NOTICIAS\"],\"inLanguage\":\"pt-BR\",\"potentialAction\":[{\"@type\":\"CommentAction\",\"name\":\"Comment\",\"target\":[\"https:\/\/cleitonpinheiro.com.br\/site\/semana-de-design-de-palmas-celebra-a-identidade-criativa-e-cultural\/#respond\"]}]},{\"@type\":\"WebPage\",\"@id\":\"https:\/\/cleitonpinheiro.com.br\/site\/semana-de-design-de-palmas-celebra-a-identidade-criativa-e-cultural\/\",\"url\":\"https:\/\/cleitonpinheiro.com.br\/site\/semana-de-design-de-palmas-celebra-a-identidade-criativa-e-cultural\/\",\"name\":\"Semana de Design de Palmas celebra a identidade criativa e cultural - PORTAL DE NOT\u00cdCIAS CLEITON PINHEIRO\",\"isPartOf\":{\"@id\":\"https:\/\/cleitonpinheiro.com.br\/site\/#website\"},\"primaryImageOfPage\":{\"@id\":\"https:\/\/cleitonpinheiro.com.br\/site\/semana-de-design-de-palmas-celebra-a-identidade-criativa-e-cultural\/#primaryimage\"},\"image\":{\"@id\":\"https:\/\/cleitonpinheiro.com.br\/site\/semana-de-design-de-palmas-celebra-a-identidade-criativa-e-cultural\/#primaryimage\"},\"thumbnailUrl\":\"https:\/\/cleitonpinheiro.com.br\/site\/wp-content\/uploads\/2023\/08\/295d48a7b1b74c11a552bc1adc2001c7.jpg\",\"datePublished\":\"2023-08-22T11:53:11+00:00\",\"dateModified\":\"2023-12-27T14:37:22+00:00\",\"breadcrumb\":{\"@id\":\"https:\/\/cleitonpinheiro.com.br\/site\/semana-de-design-de-palmas-celebra-a-identidade-criativa-e-cultural\/#breadcrumb\"},\"inLanguage\":\"pt-BR\",\"potentialAction\":[{\"@type\":\"ReadAction\",\"target\":[\"https:\/\/cleitonpinheiro.com.br\/site\/semana-de-design-de-palmas-celebra-a-identidade-criativa-e-cultural\/\"]}]},{\"@type\":\"ImageObject\",\"inLanguage\":\"pt-BR\",\"@id\":\"https:\/\/cleitonpinheiro.com.br\/site\/semana-de-design-de-palmas-celebra-a-identidade-criativa-e-cultural\/#primaryimage\",\"url\":\"\",\"contentUrl\":\"\"},{\"@type\":\"BreadcrumbList\",\"@id\":\"https:\/\/cleitonpinheiro.com.br\/site\/semana-de-design-de-palmas-celebra-a-identidade-criativa-e-cultural\/#breadcrumb\",\"itemListElement\":[{\"@type\":\"ListItem\",\"position\":1,\"name\":\"In\u00edcio\",\"item\":\"https:\/\/cleitonpinheiro.com.br\/site\/\"},{\"@type\":\"ListItem\",\"position\":2,\"name\":\"Semana de Design de Palmas celebra a identidade criativa e cultural\"}]},{\"@type\":\"WebSite\",\"@id\":\"https:\/\/cleitonpinheiro.com.br\/site\/#website\",\"url\":\"https:\/\/cleitonpinheiro.com.br\/site\/\",\"name\":\"PORTAL DE NOT\u00cdCIAS CLEITON PINHEIRO\",\"description\":\"FALANDO A VERDADE\",\"publisher\":{\"@id\":\"https:\/\/cleitonpinheiro.com.br\/site\/#organization\"},\"potentialAction\":[{\"@type\":\"SearchAction\",\"target\":{\"@type\":\"EntryPoint\",\"urlTemplate\":\"https:\/\/cleitonpinheiro.com.br\/site\/?s={search_term_string}\"},\"query-input\":{\"@type\":\"PropertyValueSpecification\",\"valueRequired\":true,\"valueName\":\"search_term_string\"}}],\"inLanguage\":\"pt-BR\"},{\"@type\":\"Organization\",\"@id\":\"https:\/\/cleitonpinheiro.com.br\/site\/#organization\",\"name\":\"CPNOT\u00cdCIAS\",\"url\":\"https:\/\/cleitonpinheiro.com.br\/site\/\",\"logo\":{\"@type\":\"ImageObject\",\"inLanguage\":\"pt-BR\",\"@id\":\"https:\/\/cleitonpinheiro.com.br\/site\/#\/schema\/logo\/image\/\",\"url\":\"https:\/\/cleitonpinheiro.com.br\/site\/wp-content\/uploads\/2022\/08\/Logo-pequena-2.png\",\"contentUrl\":\"https:\/\/cleitonpinheiro.com.br\/site\/wp-content\/uploads\/2022\/08\/Logo-pequena-2.png\",\"width\":500,\"height\":500,\"caption\":\"CPNOT\u00cdCIAS\"},\"image\":{\"@id\":\"https:\/\/cleitonpinheiro.com.br\/site\/#\/schema\/logo\/image\/\"},\"sameAs\":[\"https:\/\/www.facebook.com\/portalcpnoticias\/\"]},{\"@type\":\"Person\",\"@id\":\"https:\/\/cleitonpinheiro.com.br\/site\/#\/schema\/person\/8f04544e0bc40a1b68775b08360f87db\",\"name\":\"Reda\u00e7\u00e3o CP\",\"image\":{\"@type\":\"ImageObject\",\"inLanguage\":\"pt-BR\",\"@id\":\"https:\/\/cleitonpinheiro.com.br\/site\/#\/schema\/person\/image\/\",\"url\":\"https:\/\/secure.gravatar.com\/avatar\/0bcf19cb29fdc8fc588c490c7ae1b3e174dac268586a63fbe1d1893a0f9020cd?s=96&r=g\",\"contentUrl\":\"https:\/\/secure.gravatar.com\/avatar\/0bcf19cb29fdc8fc588c490c7ae1b3e174dac268586a63fbe1d1893a0f9020cd?s=96&r=g\",\"caption\":\"Reda\u00e7\u00e3o CP\"},\"url\":\"https:\/\/cleitonpinheiro.com.br\/site\/author\/redacao\/\"}]}<\/script>\n<!-- \/ Yoast SEO plugin. -->","yoast_head_json":{"title":"Semana de Design de Palmas celebra a identidade criativa e cultural - PORTAL DE NOT\u00cdCIAS CLEITON PINHEIRO","robots":{"index":"index","follow":"follow","max-snippet":"max-snippet:-1","max-image-preview":"max-image-preview:large","max-video-preview":"max-video-preview:-1"},"canonical":"https:\/\/cleitonpinheiro.com.br\/site\/semana-de-design-de-palmas-celebra-a-identidade-criativa-e-cultural\/","og_locale":"pt_BR","og_type":"article","og_title":"Semana de Design de Palmas celebra a identidade criativa e cultural - PORTAL DE NOT\u00cdCIAS CLEITON PINHEIRO","og_description":"Palmas se prepara para vivenciar um evento pioneiro voltado para a valoriza\u00e7\u00e3o do design regional e a promo\u00e7\u00e3o da economia criativa. A I Semana de Design de Palmas traz consigo uma colabora\u00e7\u00e3o inovadora entre novos profissionais de arquitetura e design de interiores e talentosos artes\u00e3os, gerados na cocria\u00e7\u00e3o de pe\u00e7as de design e instala\u00e7\u00f5es que [&hellip;]","og_url":"https:\/\/cleitonpinheiro.com.br\/site\/semana-de-design-de-palmas-celebra-a-identidade-criativa-e-cultural\/","og_site_name":"PORTAL DE NOT\u00cdCIAS CLEITON PINHEIRO","article_publisher":"https:\/\/www.facebook.com\/portalcpnoticias\/","article_published_time":"2023-08-22T11:53:11+00:00","article_modified_time":"2023-12-27T14:37:22+00:00","og_image":[{"width":800,"height":533,"url":"https:\/\/cleitonpinheiro.com.br\/site\/wp-content\/uploads\/2023\/08\/295d48a7b1b74c11a552bc1adc2001c7.jpg","type":"image\/jpeg"}],"author":"Reda\u00e7\u00e3o CP","twitter_card":"summary_large_image","twitter_misc":{"Escrito por":"Reda\u00e7\u00e3o CP","Est. tempo de leitura":"3 minutos"},"schema":{"@context":"https:\/\/schema.org","@graph":[{"@type":"Article","@id":"https:\/\/cleitonpinheiro.com.br\/site\/semana-de-design-de-palmas-celebra-a-identidade-criativa-e-cultural\/#article","isPartOf":{"@id":"https:\/\/cleitonpinheiro.com.br\/site\/semana-de-design-de-palmas-celebra-a-identidade-criativa-e-cultural\/"},"author":{"name":"Reda\u00e7\u00e3o CP","@id":"https:\/\/cleitonpinheiro.com.br\/site\/#\/schema\/person\/8f04544e0bc40a1b68775b08360f87db"},"headline":"Semana de Design de Palmas celebra a identidade criativa e cultural","datePublished":"2023-08-22T11:53:11+00:00","dateModified":"2023-12-27T14:37:22+00:00","mainEntityOfPage":{"@id":"https:\/\/cleitonpinheiro.com.br\/site\/semana-de-design-de-palmas-celebra-a-identidade-criativa-e-cultural\/"},"wordCount":528,"commentCount":0,"publisher":{"@id":"https:\/\/cleitonpinheiro.com.br\/site\/#organization"},"image":{"@id":"https:\/\/cleitonpinheiro.com.br\/site\/semana-de-design-de-palmas-celebra-a-identidade-criativa-e-cultural\/#primaryimage"},"thumbnailUrl":"https:\/\/cleitonpinheiro.com.br\/site\/wp-content\/uploads\/2023\/08\/295d48a7b1b74c11a552bc1adc2001c7.jpg","articleSection":["CIDADES","TODAS NOTICIAS"],"inLanguage":"pt-BR","potentialAction":[{"@type":"CommentAction","name":"Comment","target":["https:\/\/cleitonpinheiro.com.br\/site\/semana-de-design-de-palmas-celebra-a-identidade-criativa-e-cultural\/#respond"]}]},{"@type":"WebPage","@id":"https:\/\/cleitonpinheiro.com.br\/site\/semana-de-design-de-palmas-celebra-a-identidade-criativa-e-cultural\/","url":"https:\/\/cleitonpinheiro.com.br\/site\/semana-de-design-de-palmas-celebra-a-identidade-criativa-e-cultural\/","name":"Semana de Design de Palmas celebra a identidade criativa e cultural - PORTAL DE NOT\u00cdCIAS CLEITON PINHEIRO","isPartOf":{"@id":"https:\/\/cleitonpinheiro.com.br\/site\/#website"},"primaryImageOfPage":{"@id":"https:\/\/cleitonpinheiro.com.br\/site\/semana-de-design-de-palmas-celebra-a-identidade-criativa-e-cultural\/#primaryimage"},"image":{"@id":"https:\/\/cleitonpinheiro.com.br\/site\/semana-de-design-de-palmas-celebra-a-identidade-criativa-e-cultural\/#primaryimage"},"thumbnailUrl":"https:\/\/cleitonpinheiro.com.br\/site\/wp-content\/uploads\/2023\/08\/295d48a7b1b74c11a552bc1adc2001c7.jpg","datePublished":"2023-08-22T11:53:11+00:00","dateModified":"2023-12-27T14:37:22+00:00","breadcrumb":{"@id":"https:\/\/cleitonpinheiro.com.br\/site\/semana-de-design-de-palmas-celebra-a-identidade-criativa-e-cultural\/#breadcrumb"},"inLanguage":"pt-BR","potentialAction":[{"@type":"ReadAction","target":["https:\/\/cleitonpinheiro.com.br\/site\/semana-de-design-de-palmas-celebra-a-identidade-criativa-e-cultural\/"]}]},{"@type":"ImageObject","inLanguage":"pt-BR","@id":"https:\/\/cleitonpinheiro.com.br\/site\/semana-de-design-de-palmas-celebra-a-identidade-criativa-e-cultural\/#primaryimage","url":"","contentUrl":""},{"@type":"BreadcrumbList","@id":"https:\/\/cleitonpinheiro.com.br\/site\/semana-de-design-de-palmas-celebra-a-identidade-criativa-e-cultural\/#breadcrumb","itemListElement":[{"@type":"ListItem","position":1,"name":"In\u00edcio","item":"https:\/\/cleitonpinheiro.com.br\/site\/"},{"@type":"ListItem","position":2,"name":"Semana de Design de Palmas celebra a identidade criativa e cultural"}]},{"@type":"WebSite","@id":"https:\/\/cleitonpinheiro.com.br\/site\/#website","url":"https:\/\/cleitonpinheiro.com.br\/site\/","name":"PORTAL DE NOT\u00cdCIAS CLEITON PINHEIRO","description":"FALANDO A VERDADE","publisher":{"@id":"https:\/\/cleitonpinheiro.com.br\/site\/#organization"},"potentialAction":[{"@type":"SearchAction","target":{"@type":"EntryPoint","urlTemplate":"https:\/\/cleitonpinheiro.com.br\/site\/?s={search_term_string}"},"query-input":{"@type":"PropertyValueSpecification","valueRequired":true,"valueName":"search_term_string"}}],"inLanguage":"pt-BR"},{"@type":"Organization","@id":"https:\/\/cleitonpinheiro.com.br\/site\/#organization","name":"CPNOT\u00cdCIAS","url":"https:\/\/cleitonpinheiro.com.br\/site\/","logo":{"@type":"ImageObject","inLanguage":"pt-BR","@id":"https:\/\/cleitonpinheiro.com.br\/site\/#\/schema\/logo\/image\/","url":"https:\/\/cleitonpinheiro.com.br\/site\/wp-content\/uploads\/2022\/08\/Logo-pequena-2.png","contentUrl":"https:\/\/cleitonpinheiro.com.br\/site\/wp-content\/uploads\/2022\/08\/Logo-pequena-2.png","width":500,"height":500,"caption":"CPNOT\u00cdCIAS"},"image":{"@id":"https:\/\/cleitonpinheiro.com.br\/site\/#\/schema\/logo\/image\/"},"sameAs":["https:\/\/www.facebook.com\/portalcpnoticias\/"]},{"@type":"Person","@id":"https:\/\/cleitonpinheiro.com.br\/site\/#\/schema\/person\/8f04544e0bc40a1b68775b08360f87db","name":"Reda\u00e7\u00e3o CP","image":{"@type":"ImageObject","inLanguage":"pt-BR","@id":"https:\/\/cleitonpinheiro.com.br\/site\/#\/schema\/person\/image\/","url":"https:\/\/secure.gravatar.com\/avatar\/0bcf19cb29fdc8fc588c490c7ae1b3e174dac268586a63fbe1d1893a0f9020cd?s=96&r=g","contentUrl":"https:\/\/secure.gravatar.com\/avatar\/0bcf19cb29fdc8fc588c490c7ae1b3e174dac268586a63fbe1d1893a0f9020cd?s=96&r=g","caption":"Reda\u00e7\u00e3o CP"},"url":"https:\/\/cleitonpinheiro.com.br\/site\/author\/redacao\/"}]}},"views":119,"_links":{"self":[{"href":"https:\/\/cleitonpinheiro.com.br\/site\/wp-json\/wp\/v2\/posts\/73645","targetHints":{"allow":["GET"]}}],"collection":[{"href":"https:\/\/cleitonpinheiro.com.br\/site\/wp-json\/wp\/v2\/posts"}],"about":[{"href":"https:\/\/cleitonpinheiro.com.br\/site\/wp-json\/wp\/v2\/types\/post"}],"author":[{"embeddable":true,"href":"https:\/\/cleitonpinheiro.com.br\/site\/wp-json\/wp\/v2\/users\/13"}],"replies":[{"embeddable":true,"href":"https:\/\/cleitonpinheiro.com.br\/site\/wp-json\/wp\/v2\/comments?post=73645"}],"version-history":[{"count":2,"href":"https:\/\/cleitonpinheiro.com.br\/site\/wp-json\/wp\/v2\/posts\/73645\/revisions"}],"predecessor-version":[{"id":73650,"href":"https:\/\/cleitonpinheiro.com.br\/site\/wp-json\/wp\/v2\/posts\/73645\/revisions\/73650"}],"wp:attachment":[{"href":"https:\/\/cleitonpinheiro.com.br\/site\/wp-json\/wp\/v2\/media?parent=73645"}],"wp:term":[{"taxonomy":"category","embeddable":true,"href":"https:\/\/cleitonpinheiro.com.br\/site\/wp-json\/wp\/v2\/categories?post=73645"},{"taxonomy":"post_tag","embeddable":true,"href":"https:\/\/cleitonpinheiro.com.br\/site\/wp-json\/wp\/v2\/tags?post=73645"}],"curies":[{"name":"wp","href":"https:\/\/api.w.org\/{rel}","templated":true}]}}