{"id":73667,"date":"2023-08-23T08:14:33","date_gmt":"2023-08-23T11:14:33","guid":{"rendered":"https:\/\/cleitonpinheiro.com.br\/site\/?p=73667"},"modified":"2023-08-23T08:14:34","modified_gmt":"2023-08-23T11:14:34","slug":"semus-oferta-teste-rapido-gratuito-de-sifilis-em-unidades-de-saude","status":"publish","type":"post","link":"https:\/\/cleitonpinheiro.com.br\/site\/semus-oferta-teste-rapido-gratuito-de-sifilis-em-unidades-de-saude\/","title":{"rendered":"Semus oferta teste r\u00e1pido gratuito de s\u00edfilis em unidades de sa\u00fade"},"content":{"rendered":"\n<figure class=\"wp-block-image size-full\"><img decoding=\"async\" src=\"https:\/\/cleitonpinheiro.com.br\/site\/wp-content\/uploads\/2023\/08\/ef7fa86d-bb42-445e-8bbd-734a8be25328-1.jpg\" alt=\"\" class=\"wp-image-73668\"\/><figcaption class=\"wp-element-caption\">Resultado do teste r\u00e1pido \u00e9 disponibilizado em, no m\u00e1ximo, 30 minutos e o de laborat\u00f3rio, em m\u00e9dia, cinco dias \u00fateis &#8211; Foto: Ra\u00edza Milhomem<\/figcaption><\/figure>\n\n\n\n<p class=\"wp-block-paragraph\">O combate \u00e0s Infec\u00e7\u00f5es Sexualmente Transmiss\u00edveis (ISTs) \u00e9 uma luta di\u00e1ria da rede p\u00fablica de sa\u00fade. Para ter um diagn\u00f3stico r\u00e1pido e o tratamento em tempo oportuno, a Secretaria Municipal da Sa\u00fade de Palmas (Semus) oferta, gratuitamente, testes r\u00e1pidos de s\u00edfilis em Unidades de Sa\u00fade da Fam\u00edlia (USFs), Unidades de Pronto Atendimento (UPAs) e no Centro de Testagem e Aconselhamento (CTA) do N\u00facleo Henfil.&nbsp;<\/p>\n\n\n\n<p class=\"wp-block-paragraph\">Nas unidades de refer\u00eancia, a realiza\u00e7\u00e3o dos testes acontecem, na maioria das vezes, como demanda espont\u00e2nea, ou seja, o pr\u00f3prio usu\u00e1rio solicita para fazer. Ou ele pode ser feito a partir de uma suspeita de qualquer profissional da sa\u00fade, de acordo com algum sintoma ou sinal cl\u00ednico do paciente no qual tamb\u00e9m poder\u00e1 ser solicitado um exame laboratorial. O resultado do teste r\u00e1pido \u00e9 disponibilizado em, no m\u00e1ximo, 30 minutos e o de laborat\u00f3rio, em m\u00e9dia, cinco&nbsp;dias \u00fateis.&nbsp;<\/p>\n\n\n\n<p class=\"wp-block-paragraph\">Segundo a coordenadora T\u00e9cnica das Doen\u00e7as Infectocontagiosas da Semus, Alcineia Ferreira, essa \u00e1rea tem expandido cada vez mais o diagn\u00f3stico por meio da capacita\u00e7\u00e3o de profissionais. \u201cAl\u00e9m de qualificar os profissionais da rede p\u00fablica para fazerem o teste, n\u00f3s, servidores da coordena\u00e7\u00e3o t\u00e9cnica, tamb\u00e9m realizamos a\u00e7\u00f5es extramuro de testagem r\u00e1pidas em popula\u00e7\u00e3o de diversos segmento, tamb\u00e9m mantemos as unidades abastecidas com os testes r\u00e1pidos para ser oferecido em livre demanda. Ent\u00e3o acredito que isso tamb\u00e9m tenha impactado no aumento das notifica\u00e7\u00f5es\u201d, explica.<\/p>\n\n\n\n<p class=\"wp-block-paragraph\"><strong>Aumento de casos<\/strong><\/p>\n\n\n\n<p class=\"wp-block-paragraph\">Em 2019, a Semus registrou 512 pessoas infectadas com s\u00edfilis; em 2020, devido \u00e0 pandemia, esse n\u00famero diminuiu para 396; em 2021, o n\u00famero voltou a subir para 597; j\u00e1 em 2022, esse dado saltou para 790 e em 2023, at\u00e9 esta segunda-feira, 21, j\u00e1 foram notificados 597 casos.<\/p>\n\n\n\n<p class=\"wp-block-paragraph\">\u201cTodos est\u00e3o sujeitos a se infectar, os primeiros est\u00e1gios s\u00e3o os mais pass\u00edveis de transmiss\u00e3o, mas temos visto muita reincid\u00eancia, ou seja, s\u00e3o aquelas pessoas que j\u00e1 estavam curadas. Os nossos trabalhos de educa\u00e7\u00e3o em sa\u00fade s\u00e3o focados na utiliza\u00e7\u00e3o de preservativos, especialmente quando n\u00e3o tem parceiros definidos\u201d, ressalta Alcineia.<\/p>\n\n\n\n<p class=\"wp-block-paragraph\"><strong>Sobre a doen\u00e7a<\/strong><br>A s\u00edfilis \u00e9 causada pela bact\u00e9ria<em>&nbsp;Treponema pallidum<\/em>&nbsp;e ela apresenta alguns est\u00e1gios. No primeiro aparece uma ferida que pode ser nas partes \u00edntimas do homem ou da mulher, no colo uterino e em at\u00e9 outros locais da pele e, geralmente, surge entre 10 a 90 dias ap\u00f3s o cont\u00e1gio. Normalmente n\u00e3o apresenta ard\u00eancia, dor ou coceira e desaparece sozinha.<\/p>\n\n\n\n<p class=\"wp-block-paragraph\">J\u00e1 no est\u00e1gio secund\u00e1rio, os sinais e sintomas surgem entre seis semanas e seis meses depois da cicatriza\u00e7\u00e3o da ferida inicial e podem apresentar manchas no corpo, febre, mal-estar, dor de cabe\u00e7a e \u00ednguas pelo corpo. Assim como na fase inicial, as manchas desaparecem sozinhas. Tamb\u00e9m tem a fase assintom\u00e1tica, essa etapa pode surgir em at\u00e9 um ano ou mais de um ano de infec\u00e7\u00e3o, mesmo sem sinais aparentes, ela continua latente no organismo.<\/p>\n\n\n\n<p class=\"wp-block-paragraph\">A fase terci\u00e1ria \u00e9 a mais perigosa. Ela pode surgir em um ano ou em at\u00e9 40 anos depois do in\u00edcio da infec\u00e7\u00e3o. Nesse est\u00e1gio, os sintomas s\u00e3o mais \u2018aparentes\u2019 com les\u00f5es cut\u00e2neas, \u00f3sseas, cardiovasculares e neurol\u00f3gicas, podendo levar \u00e0 morte. A coordenadora da \u00e1rea ressalta que, em qualquer suspeita ou at\u00e9 por curiosidade, o cidad\u00e3o procure uma unidade para fazer um teste r\u00e1pido.<\/p>\n\n\n\n<p class=\"wp-block-paragraph\"><strong>Preven\u00e7\u00e3o<\/strong><br>Por se tratar de uma IST, o uso correto e regular da camisinha feminina e\/ou masculina \u00e9 a medida mais importante na preven\u00e7\u00e3o da s\u00edfilis. A testagem e acompanhamento das gestantes e parcerias sexuais durante o pr\u00e9-natal tamb\u00e9m contribui para o controle da s\u00edfilis cong\u00eanita, a fim de evitar a transmiss\u00e3o para o beb\u00ea durante a gesta\u00e7\u00e3o ou parto.<\/p>\n\n\n\n<p class=\"wp-block-paragraph\"><strong>Tratamento<\/strong><br>A s\u00edfilis tem cura e o tratamento \u00e9 definitivo, entretanto \u00e9 necess\u00e1rio cuidado porque a pessoa est\u00e1 sujeita a reincid\u00eancia. A primeira dose da medica\u00e7\u00e3o \u00e9 iniciada no local de atendimento (USF, UPA ou CTA) e a sequ\u00eancia do tratamento \u00e9 feita na unidade de refer\u00eancia do paciente.<\/p>\n","protected":false},"excerpt":{"rendered":"<p>O combate \u00e0s Infec\u00e7\u00f5es Sexualmente Transmiss\u00edveis (ISTs) \u00e9 uma luta di\u00e1ria da rede p\u00fablica de sa\u00fade. Para ter um diagn\u00f3stico r\u00e1pido e o tratamento em tempo oportuno, a Secretaria Municipal da Sa\u00fade de Palmas (Semus) oferta, gratuitamente, testes r\u00e1pidos de s\u00edfilis em Unidades de Sa\u00fade da Fam\u00edlia (USFs), Unidades de Pronto Atendimento (UPAs) e no [&hellip;]<\/p>\n","protected":false},"author":13,"featured_media":0,"comment_status":"open","ping_status":"open","sticky":false,"template":"","format":"standard","meta":{"_acf_changed":false,"footnotes":""},"categories":[22,898],"tags":[720],"class_list":["post-73667","post","type-post","status-publish","format-standard","hentry","category-cidades","category-manchete-segundaria","tag-prefeitura-de-palmas"],"acf":[],"yoast_head":"<!-- This site is optimized with the Yoast SEO plugin v24.4 - https:\/\/yoast.com\/wordpress\/plugins\/seo\/ -->\n<title>Semus oferta teste r\u00e1pido gratuito de s\u00edfilis em unidades de sa\u00fade - PORTAL DE NOT\u00cdCIAS CLEITON PINHEIRO<\/title>\n<meta name=\"robots\" content=\"index, follow, max-snippet:-1, max-image-preview:large, max-video-preview:-1\" \/>\n<link rel=\"canonical\" href=\"https:\/\/cleitonpinheiro.com.br\/site\/semus-oferta-teste-rapido-gratuito-de-sifilis-em-unidades-de-saude\/\" \/>\n<meta property=\"og:locale\" content=\"pt_BR\" \/>\n<meta property=\"og:type\" content=\"article\" \/>\n<meta property=\"og:title\" content=\"Semus oferta teste r\u00e1pido gratuito de s\u00edfilis em unidades de sa\u00fade - PORTAL DE NOT\u00cdCIAS CLEITON PINHEIRO\" \/>\n<meta property=\"og:description\" content=\"O combate \u00e0s Infec\u00e7\u00f5es Sexualmente Transmiss\u00edveis (ISTs) \u00e9 uma luta di\u00e1ria da rede p\u00fablica de sa\u00fade. Para ter um diagn\u00f3stico r\u00e1pido e o tratamento em tempo oportuno, a Secretaria Municipal da Sa\u00fade de Palmas (Semus) oferta, gratuitamente, testes r\u00e1pidos de s\u00edfilis em Unidades de Sa\u00fade da Fam\u00edlia (USFs), Unidades de Pronto Atendimento (UPAs) e no [&hellip;]\" \/>\n<meta property=\"og:url\" content=\"https:\/\/cleitonpinheiro.com.br\/site\/semus-oferta-teste-rapido-gratuito-de-sifilis-em-unidades-de-saude\/\" \/>\n<meta property=\"og:site_name\" content=\"PORTAL DE NOT\u00cdCIAS CLEITON PINHEIRO\" \/>\n<meta property=\"article:publisher\" content=\"https:\/\/www.facebook.com\/portalcpnoticias\/\" \/>\n<meta property=\"article:published_time\" content=\"2023-08-23T11:14:33+00:00\" \/>\n<meta property=\"article:modified_time\" content=\"2023-08-23T11:14:34+00:00\" \/>\n<meta property=\"og:image\" content=\"https:\/\/cleitonpinheiro.com.br\/site\/wp-content\/uploads\/2023\/08\/ef7fa86d-bb42-445e-8bbd-734a8be25328-1.jpg\" \/>\n\t<meta property=\"og:image:width\" content=\"800\" \/>\n\t<meta property=\"og:image:height\" content=\"533\" \/>\n\t<meta property=\"og:image:type\" content=\"image\/jpeg\" \/>\n<meta name=\"author\" content=\"Reda\u00e7\u00e3o CP\" \/>\n<meta name=\"twitter:card\" content=\"summary_large_image\" \/>\n<meta name=\"twitter:label1\" content=\"Escrito por\" \/>\n\t<meta name=\"twitter:data1\" content=\"Reda\u00e7\u00e3o CP\" \/>\n\t<meta name=\"twitter:label2\" content=\"Est. tempo de leitura\" \/>\n\t<meta name=\"twitter:data2\" content=\"4 minutos\" \/>\n<script type=\"application\/ld+json\" class=\"yoast-schema-graph\">{\"@context\":\"https:\/\/schema.org\",\"@graph\":[{\"@type\":\"Article\",\"@id\":\"https:\/\/cleitonpinheiro.com.br\/site\/semus-oferta-teste-rapido-gratuito-de-sifilis-em-unidades-de-saude\/#article\",\"isPartOf\":{\"@id\":\"https:\/\/cleitonpinheiro.com.br\/site\/semus-oferta-teste-rapido-gratuito-de-sifilis-em-unidades-de-saude\/\"},\"author\":{\"name\":\"Reda\u00e7\u00e3o CP\",\"@id\":\"https:\/\/cleitonpinheiro.com.br\/site\/#\/schema\/person\/8f04544e0bc40a1b68775b08360f87db\"},\"headline\":\"Semus oferta teste r\u00e1pido gratuito de s\u00edfilis em unidades de sa\u00fade\",\"datePublished\":\"2023-08-23T11:14:33+00:00\",\"dateModified\":\"2023-08-23T11:14:34+00:00\",\"mainEntityOfPage\":{\"@id\":\"https:\/\/cleitonpinheiro.com.br\/site\/semus-oferta-teste-rapido-gratuito-de-sifilis-em-unidades-de-saude\/\"},\"wordCount\":756,\"commentCount\":0,\"publisher\":{\"@id\":\"https:\/\/cleitonpinheiro.com.br\/site\/#organization\"},\"image\":{\"@id\":\"https:\/\/cleitonpinheiro.com.br\/site\/semus-oferta-teste-rapido-gratuito-de-sifilis-em-unidades-de-saude\/#primaryimage\"},\"thumbnailUrl\":\"https:\/\/cleitonpinheiro.com.br\/site\/wp-content\/uploads\/2023\/08\/ef7fa86d-bb42-445e-8bbd-734a8be25328-1.jpg\",\"keywords\":[\"Prefeitura de Palmas\"],\"articleSection\":[\"CIDADES\",\"MANCHETE SEGUND\u00c1RIA\"],\"inLanguage\":\"pt-BR\",\"potentialAction\":[{\"@type\":\"CommentAction\",\"name\":\"Comment\",\"target\":[\"https:\/\/cleitonpinheiro.com.br\/site\/semus-oferta-teste-rapido-gratuito-de-sifilis-em-unidades-de-saude\/#respond\"]}]},{\"@type\":\"WebPage\",\"@id\":\"https:\/\/cleitonpinheiro.com.br\/site\/semus-oferta-teste-rapido-gratuito-de-sifilis-em-unidades-de-saude\/\",\"url\":\"https:\/\/cleitonpinheiro.com.br\/site\/semus-oferta-teste-rapido-gratuito-de-sifilis-em-unidades-de-saude\/\",\"name\":\"Semus oferta teste r\u00e1pido gratuito de s\u00edfilis em unidades de sa\u00fade - PORTAL DE NOT\u00cdCIAS CLEITON PINHEIRO\",\"isPartOf\":{\"@id\":\"https:\/\/cleitonpinheiro.com.br\/site\/#website\"},\"primaryImageOfPage\":{\"@id\":\"https:\/\/cleitonpinheiro.com.br\/site\/semus-oferta-teste-rapido-gratuito-de-sifilis-em-unidades-de-saude\/#primaryimage\"},\"image\":{\"@id\":\"https:\/\/cleitonpinheiro.com.br\/site\/semus-oferta-teste-rapido-gratuito-de-sifilis-em-unidades-de-saude\/#primaryimage\"},\"thumbnailUrl\":\"https:\/\/cleitonpinheiro.com.br\/site\/wp-content\/uploads\/2023\/08\/ef7fa86d-bb42-445e-8bbd-734a8be25328-1.jpg\",\"datePublished\":\"2023-08-23T11:14:33+00:00\",\"dateModified\":\"2023-08-23T11:14:34+00:00\",\"breadcrumb\":{\"@id\":\"https:\/\/cleitonpinheiro.com.br\/site\/semus-oferta-teste-rapido-gratuito-de-sifilis-em-unidades-de-saude\/#breadcrumb\"},\"inLanguage\":\"pt-BR\",\"potentialAction\":[{\"@type\":\"ReadAction\",\"target\":[\"https:\/\/cleitonpinheiro.com.br\/site\/semus-oferta-teste-rapido-gratuito-de-sifilis-em-unidades-de-saude\/\"]}]},{\"@type\":\"ImageObject\",\"inLanguage\":\"pt-BR\",\"@id\":\"https:\/\/cleitonpinheiro.com.br\/site\/semus-oferta-teste-rapido-gratuito-de-sifilis-em-unidades-de-saude\/#primaryimage\",\"url\":\"\",\"contentUrl\":\"\"},{\"@type\":\"BreadcrumbList\",\"@id\":\"https:\/\/cleitonpinheiro.com.br\/site\/semus-oferta-teste-rapido-gratuito-de-sifilis-em-unidades-de-saude\/#breadcrumb\",\"itemListElement\":[{\"@type\":\"ListItem\",\"position\":1,\"name\":\"In\u00edcio\",\"item\":\"https:\/\/cleitonpinheiro.com.br\/site\/\"},{\"@type\":\"ListItem\",\"position\":2,\"name\":\"Semus oferta teste r\u00e1pido gratuito de s\u00edfilis em unidades de sa\u00fade\"}]},{\"@type\":\"WebSite\",\"@id\":\"https:\/\/cleitonpinheiro.com.br\/site\/#website\",\"url\":\"https:\/\/cleitonpinheiro.com.br\/site\/\",\"name\":\"PORTAL DE NOT\u00cdCIAS CLEITON PINHEIRO\",\"description\":\"FALANDO A VERDADE\",\"publisher\":{\"@id\":\"https:\/\/cleitonpinheiro.com.br\/site\/#organization\"},\"potentialAction\":[{\"@type\":\"SearchAction\",\"target\":{\"@type\":\"EntryPoint\",\"urlTemplate\":\"https:\/\/cleitonpinheiro.com.br\/site\/?s={search_term_string}\"},\"query-input\":{\"@type\":\"PropertyValueSpecification\",\"valueRequired\":true,\"valueName\":\"search_term_string\"}}],\"inLanguage\":\"pt-BR\"},{\"@type\":\"Organization\",\"@id\":\"https:\/\/cleitonpinheiro.com.br\/site\/#organization\",\"name\":\"CPNOT\u00cdCIAS\",\"url\":\"https:\/\/cleitonpinheiro.com.br\/site\/\",\"logo\":{\"@type\":\"ImageObject\",\"inLanguage\":\"pt-BR\",\"@id\":\"https:\/\/cleitonpinheiro.com.br\/site\/#\/schema\/logo\/image\/\",\"url\":\"https:\/\/cleitonpinheiro.com.br\/site\/wp-content\/uploads\/2022\/08\/Logo-pequena-2.png\",\"contentUrl\":\"https:\/\/cleitonpinheiro.com.br\/site\/wp-content\/uploads\/2022\/08\/Logo-pequena-2.png\",\"width\":500,\"height\":500,\"caption\":\"CPNOT\u00cdCIAS\"},\"image\":{\"@id\":\"https:\/\/cleitonpinheiro.com.br\/site\/#\/schema\/logo\/image\/\"},\"sameAs\":[\"https:\/\/www.facebook.com\/portalcpnoticias\/\"]},{\"@type\":\"Person\",\"@id\":\"https:\/\/cleitonpinheiro.com.br\/site\/#\/schema\/person\/8f04544e0bc40a1b68775b08360f87db\",\"name\":\"Reda\u00e7\u00e3o CP\",\"image\":{\"@type\":\"ImageObject\",\"inLanguage\":\"pt-BR\",\"@id\":\"https:\/\/cleitonpinheiro.com.br\/site\/#\/schema\/person\/image\/\",\"url\":\"https:\/\/secure.gravatar.com\/avatar\/0bcf19cb29fdc8fc588c490c7ae1b3e174dac268586a63fbe1d1893a0f9020cd?s=96&r=g\",\"contentUrl\":\"https:\/\/secure.gravatar.com\/avatar\/0bcf19cb29fdc8fc588c490c7ae1b3e174dac268586a63fbe1d1893a0f9020cd?s=96&r=g\",\"caption\":\"Reda\u00e7\u00e3o CP\"},\"url\":\"https:\/\/cleitonpinheiro.com.br\/site\/author\/redacao\/\"}]}<\/script>\n<!-- \/ Yoast SEO plugin. -->","yoast_head_json":{"title":"Semus oferta teste r\u00e1pido gratuito de s\u00edfilis em unidades de sa\u00fade - PORTAL DE NOT\u00cdCIAS CLEITON PINHEIRO","robots":{"index":"index","follow":"follow","max-snippet":"max-snippet:-1","max-image-preview":"max-image-preview:large","max-video-preview":"max-video-preview:-1"},"canonical":"https:\/\/cleitonpinheiro.com.br\/site\/semus-oferta-teste-rapido-gratuito-de-sifilis-em-unidades-de-saude\/","og_locale":"pt_BR","og_type":"article","og_title":"Semus oferta teste r\u00e1pido gratuito de s\u00edfilis em unidades de sa\u00fade - PORTAL DE NOT\u00cdCIAS CLEITON PINHEIRO","og_description":"O combate \u00e0s Infec\u00e7\u00f5es Sexualmente Transmiss\u00edveis (ISTs) \u00e9 uma luta di\u00e1ria da rede p\u00fablica de sa\u00fade. Para ter um diagn\u00f3stico r\u00e1pido e o tratamento em tempo oportuno, a Secretaria Municipal da Sa\u00fade de Palmas (Semus) oferta, gratuitamente, testes r\u00e1pidos de s\u00edfilis em Unidades de Sa\u00fade da Fam\u00edlia (USFs), Unidades de Pronto Atendimento (UPAs) e no [&hellip;]","og_url":"https:\/\/cleitonpinheiro.com.br\/site\/semus-oferta-teste-rapido-gratuito-de-sifilis-em-unidades-de-saude\/","og_site_name":"PORTAL DE NOT\u00cdCIAS CLEITON PINHEIRO","article_publisher":"https:\/\/www.facebook.com\/portalcpnoticias\/","article_published_time":"2023-08-23T11:14:33+00:00","article_modified_time":"2023-08-23T11:14:34+00:00","og_image":[{"width":800,"height":533,"url":"https:\/\/cleitonpinheiro.com.br\/site\/wp-content\/uploads\/2023\/08\/ef7fa86d-bb42-445e-8bbd-734a8be25328-1.jpg","type":"image\/jpeg"}],"author":"Reda\u00e7\u00e3o CP","twitter_card":"summary_large_image","twitter_misc":{"Escrito por":"Reda\u00e7\u00e3o CP","Est. tempo de leitura":"4 minutos"},"schema":{"@context":"https:\/\/schema.org","@graph":[{"@type":"Article","@id":"https:\/\/cleitonpinheiro.com.br\/site\/semus-oferta-teste-rapido-gratuito-de-sifilis-em-unidades-de-saude\/#article","isPartOf":{"@id":"https:\/\/cleitonpinheiro.com.br\/site\/semus-oferta-teste-rapido-gratuito-de-sifilis-em-unidades-de-saude\/"},"author":{"name":"Reda\u00e7\u00e3o CP","@id":"https:\/\/cleitonpinheiro.com.br\/site\/#\/schema\/person\/8f04544e0bc40a1b68775b08360f87db"},"headline":"Semus oferta teste r\u00e1pido gratuito de s\u00edfilis em unidades de sa\u00fade","datePublished":"2023-08-23T11:14:33+00:00","dateModified":"2023-08-23T11:14:34+00:00","mainEntityOfPage":{"@id":"https:\/\/cleitonpinheiro.com.br\/site\/semus-oferta-teste-rapido-gratuito-de-sifilis-em-unidades-de-saude\/"},"wordCount":756,"commentCount":0,"publisher":{"@id":"https:\/\/cleitonpinheiro.com.br\/site\/#organization"},"image":{"@id":"https:\/\/cleitonpinheiro.com.br\/site\/semus-oferta-teste-rapido-gratuito-de-sifilis-em-unidades-de-saude\/#primaryimage"},"thumbnailUrl":"https:\/\/cleitonpinheiro.com.br\/site\/wp-content\/uploads\/2023\/08\/ef7fa86d-bb42-445e-8bbd-734a8be25328-1.jpg","keywords":["Prefeitura de Palmas"],"articleSection":["CIDADES","MANCHETE SEGUND\u00c1RIA"],"inLanguage":"pt-BR","potentialAction":[{"@type":"CommentAction","name":"Comment","target":["https:\/\/cleitonpinheiro.com.br\/site\/semus-oferta-teste-rapido-gratuito-de-sifilis-em-unidades-de-saude\/#respond"]}]},{"@type":"WebPage","@id":"https:\/\/cleitonpinheiro.com.br\/site\/semus-oferta-teste-rapido-gratuito-de-sifilis-em-unidades-de-saude\/","url":"https:\/\/cleitonpinheiro.com.br\/site\/semus-oferta-teste-rapido-gratuito-de-sifilis-em-unidades-de-saude\/","name":"Semus oferta teste r\u00e1pido gratuito de s\u00edfilis em unidades de sa\u00fade - PORTAL DE NOT\u00cdCIAS CLEITON PINHEIRO","isPartOf":{"@id":"https:\/\/cleitonpinheiro.com.br\/site\/#website"},"primaryImageOfPage":{"@id":"https:\/\/cleitonpinheiro.com.br\/site\/semus-oferta-teste-rapido-gratuito-de-sifilis-em-unidades-de-saude\/#primaryimage"},"image":{"@id":"https:\/\/cleitonpinheiro.com.br\/site\/semus-oferta-teste-rapido-gratuito-de-sifilis-em-unidades-de-saude\/#primaryimage"},"thumbnailUrl":"https:\/\/cleitonpinheiro.com.br\/site\/wp-content\/uploads\/2023\/08\/ef7fa86d-bb42-445e-8bbd-734a8be25328-1.jpg","datePublished":"2023-08-23T11:14:33+00:00","dateModified":"2023-08-23T11:14:34+00:00","breadcrumb":{"@id":"https:\/\/cleitonpinheiro.com.br\/site\/semus-oferta-teste-rapido-gratuito-de-sifilis-em-unidades-de-saude\/#breadcrumb"},"inLanguage":"pt-BR","potentialAction":[{"@type":"ReadAction","target":["https:\/\/cleitonpinheiro.com.br\/site\/semus-oferta-teste-rapido-gratuito-de-sifilis-em-unidades-de-saude\/"]}]},{"@type":"ImageObject","inLanguage":"pt-BR","@id":"https:\/\/cleitonpinheiro.com.br\/site\/semus-oferta-teste-rapido-gratuito-de-sifilis-em-unidades-de-saude\/#primaryimage","url":"","contentUrl":""},{"@type":"BreadcrumbList","@id":"https:\/\/cleitonpinheiro.com.br\/site\/semus-oferta-teste-rapido-gratuito-de-sifilis-em-unidades-de-saude\/#breadcrumb","itemListElement":[{"@type":"ListItem","position":1,"name":"In\u00edcio","item":"https:\/\/cleitonpinheiro.com.br\/site\/"},{"@type":"ListItem","position":2,"name":"Semus oferta teste r\u00e1pido gratuito de s\u00edfilis em unidades de sa\u00fade"}]},{"@type":"WebSite","@id":"https:\/\/cleitonpinheiro.com.br\/site\/#website","url":"https:\/\/cleitonpinheiro.com.br\/site\/","name":"PORTAL DE NOT\u00cdCIAS CLEITON PINHEIRO","description":"FALANDO A VERDADE","publisher":{"@id":"https:\/\/cleitonpinheiro.com.br\/site\/#organization"},"potentialAction":[{"@type":"SearchAction","target":{"@type":"EntryPoint","urlTemplate":"https:\/\/cleitonpinheiro.com.br\/site\/?s={search_term_string}"},"query-input":{"@type":"PropertyValueSpecification","valueRequired":true,"valueName":"search_term_string"}}],"inLanguage":"pt-BR"},{"@type":"Organization","@id":"https:\/\/cleitonpinheiro.com.br\/site\/#organization","name":"CPNOT\u00cdCIAS","url":"https:\/\/cleitonpinheiro.com.br\/site\/","logo":{"@type":"ImageObject","inLanguage":"pt-BR","@id":"https:\/\/cleitonpinheiro.com.br\/site\/#\/schema\/logo\/image\/","url":"https:\/\/cleitonpinheiro.com.br\/site\/wp-content\/uploads\/2022\/08\/Logo-pequena-2.png","contentUrl":"https:\/\/cleitonpinheiro.com.br\/site\/wp-content\/uploads\/2022\/08\/Logo-pequena-2.png","width":500,"height":500,"caption":"CPNOT\u00cdCIAS"},"image":{"@id":"https:\/\/cleitonpinheiro.com.br\/site\/#\/schema\/logo\/image\/"},"sameAs":["https:\/\/www.facebook.com\/portalcpnoticias\/"]},{"@type":"Person","@id":"https:\/\/cleitonpinheiro.com.br\/site\/#\/schema\/person\/8f04544e0bc40a1b68775b08360f87db","name":"Reda\u00e7\u00e3o CP","image":{"@type":"ImageObject","inLanguage":"pt-BR","@id":"https:\/\/cleitonpinheiro.com.br\/site\/#\/schema\/person\/image\/","url":"https:\/\/secure.gravatar.com\/avatar\/0bcf19cb29fdc8fc588c490c7ae1b3e174dac268586a63fbe1d1893a0f9020cd?s=96&r=g","contentUrl":"https:\/\/secure.gravatar.com\/avatar\/0bcf19cb29fdc8fc588c490c7ae1b3e174dac268586a63fbe1d1893a0f9020cd?s=96&r=g","caption":"Reda\u00e7\u00e3o CP"},"url":"https:\/\/cleitonpinheiro.com.br\/site\/author\/redacao\/"}]}},"views":111,"_links":{"self":[{"href":"https:\/\/cleitonpinheiro.com.br\/site\/wp-json\/wp\/v2\/posts\/73667","targetHints":{"allow":["GET"]}}],"collection":[{"href":"https:\/\/cleitonpinheiro.com.br\/site\/wp-json\/wp\/v2\/posts"}],"about":[{"href":"https:\/\/cleitonpinheiro.com.br\/site\/wp-json\/wp\/v2\/types\/post"}],"author":[{"embeddable":true,"href":"https:\/\/cleitonpinheiro.com.br\/site\/wp-json\/wp\/v2\/users\/13"}],"replies":[{"embeddable":true,"href":"https:\/\/cleitonpinheiro.com.br\/site\/wp-json\/wp\/v2\/comments?post=73667"}],"version-history":[{"count":2,"href":"https:\/\/cleitonpinheiro.com.br\/site\/wp-json\/wp\/v2\/posts\/73667\/revisions"}],"predecessor-version":[{"id":73676,"href":"https:\/\/cleitonpinheiro.com.br\/site\/wp-json\/wp\/v2\/posts\/73667\/revisions\/73676"}],"wp:attachment":[{"href":"https:\/\/cleitonpinheiro.com.br\/site\/wp-json\/wp\/v2\/media?parent=73667"}],"wp:term":[{"taxonomy":"category","embeddable":true,"href":"https:\/\/cleitonpinheiro.com.br\/site\/wp-json\/wp\/v2\/categories?post=73667"},{"taxonomy":"post_tag","embeddable":true,"href":"https:\/\/cleitonpinheiro.com.br\/site\/wp-json\/wp\/v2\/tags?post=73667"}],"curies":[{"name":"wp","href":"https:\/\/api.w.org\/{rel}","templated":true}]}}