{"id":73670,"date":"2023-08-23T08:04:20","date_gmt":"2023-08-23T11:04:20","guid":{"rendered":"https:\/\/cleitonpinheiro.com.br\/site\/?p=73670"},"modified":"2023-08-23T08:29:04","modified_gmt":"2023-08-23T11:29:04","slug":"resultado-preliminar-do-exame-fisico-para-concurso-da-gmp-e-divulgado-nesta-segunda-21","status":"publish","type":"post","link":"https:\/\/cleitonpinheiro.com.br\/site\/resultado-preliminar-do-exame-fisico-para-concurso-da-gmp-e-divulgado-nesta-segunda-21\/","title":{"rendered":"Resultado preliminar do exame f\u00edsico para concurso da Guarda Metropolitana de Palmas"},"content":{"rendered":"\n<figure class=\"wp-block-image size-full\"><img decoding=\"async\" src=\"https:\/\/cleitonpinheiro.com.br\/site\/wp-content\/uploads\/2023\/08\/ab85a01caec743ffa54699c5224de57e.jpg\" alt=\"\" class=\"wp-image-73671\"\/><figcaption class=\"wp-element-caption\">Resultado preliminar pode ser conferido no endere\u00e7o eletr\u00f4nico http:\/\/diariooficial.palmas.to.gov.br\/, a partir da p\u00e1gina 2 &#8211; Foto: Bruna Lima\/Prefeitura de Palmas<\/figcaption><\/figure>\n\n\n\n<p class=\"wp-block-paragraph\">Nesta segunda-feira, 21, a Funda\u00e7\u00e3o Vunesp, banca organizadora do certame da Guarda Metropolitana de Palmas (GMP), divulgou o resultado preliminar do exame f\u00edsico. A divulga\u00e7\u00e3o marca uma nova fase do processo. Confira o resultado,&nbsp;<a href=\"http:\/\/diariooficial.palmas.to.gov.br\/media\/diario\/3287-21-8-2023-21-47-39.pdf\" target=\"_blank\" rel=\"noreferrer noopener\">clicando aqui<\/a>.<\/p>\n\n\n\n<p class=\"wp-block-paragraph\">Entre as provas realizadas est\u00e3o testes de flex\u00e3o, abdominal e corrida de 12 minutos. Os candidatos foram avaliados quanto \u00e0 sua capacidade de desempenhar as atividades f\u00edsicas necess\u00e1rias para o cargo de guarda municipal.&nbsp;<\/p>\n\n\n\n<p class=\"wp-block-paragraph\"><strong>Recursos e prazos<\/strong><\/p>\n\n\n\n<p class=\"wp-block-paragraph\">O prazo para interposi\u00e7\u00e3o de recursos ser\u00e1 de dois dias \u00fateis, a partir das 10 horas do dia 23 at\u00e9 \u00e0s 23h59h de 24 de agosto, sendo poss\u00edvel realizar somente via site da&nbsp;<a href=\"https:\/\/www.vunesp.com.br\/\" target=\"_blank\" rel=\"noreferrer noopener\">Funda\u00e7\u00e3o Vunesp<\/a>,&nbsp;conforme instru\u00e7\u00f5es contidas no edital.<\/p>\n","protected":false},"excerpt":{"rendered":"<p>Nesta segunda-feira, 21, a Funda\u00e7\u00e3o Vunesp, banca organizadora do certame da Guarda Metropolitana de Palmas (GMP), divulgou o resultado preliminar do exame f\u00edsico. A divulga\u00e7\u00e3o marca uma nova fase do processo. Confira o resultado,&nbsp;clicando aqui. Entre as provas realizadas est\u00e3o testes de flex\u00e3o, abdominal e corrida de 12 minutos. Os candidatos foram avaliados quanto \u00e0 [&hellip;]<\/p>\n","protected":false},"author":13,"featured_media":0,"comment_status":"open","ping_status":"open","sticky":false,"template":"","format":"standard","meta":{"_acf_changed":false,"footnotes":""},"categories":[25,898],"tags":[1176,1175,720],"class_list":["post-73670","post","type-post","status-publish","format-standard","hentry","category-funcionalismo","category-manchete-segundaria","tag-concurso-da-gmp","tag-gmp","tag-prefeitura-de-palmas"],"acf":[],"yoast_head":"<!-- This site is optimized with the Yoast SEO plugin v24.4 - https:\/\/yoast.com\/wordpress\/plugins\/seo\/ -->\n<title>Resultado preliminar do exame f\u00edsico para concurso da Guarda Metropolitana de Palmas - PORTAL DE NOT\u00cdCIAS CLEITON PINHEIRO<\/title>\n<meta name=\"robots\" content=\"index, follow, max-snippet:-1, max-image-preview:large, max-video-preview:-1\" \/>\n<link rel=\"canonical\" href=\"https:\/\/cleitonpinheiro.com.br\/site\/resultado-preliminar-do-exame-fisico-para-concurso-da-gmp-e-divulgado-nesta-segunda-21\/\" \/>\n<meta property=\"og:locale\" content=\"pt_BR\" \/>\n<meta property=\"og:type\" content=\"article\" \/>\n<meta property=\"og:title\" content=\"Resultado preliminar do exame f\u00edsico para concurso da Guarda Metropolitana de Palmas - PORTAL DE NOT\u00cdCIAS CLEITON PINHEIRO\" \/>\n<meta property=\"og:description\" content=\"Nesta segunda-feira, 21, a Funda\u00e7\u00e3o Vunesp, banca organizadora do certame da Guarda Metropolitana de Palmas (GMP), divulgou o resultado preliminar do exame f\u00edsico. A divulga\u00e7\u00e3o marca uma nova fase do processo. Confira o resultado,&nbsp;clicando aqui. Entre as provas realizadas est\u00e3o testes de flex\u00e3o, abdominal e corrida de 12 minutos. Os candidatos foram avaliados quanto \u00e0 [&hellip;]\" \/>\n<meta property=\"og:url\" content=\"https:\/\/cleitonpinheiro.com.br\/site\/resultado-preliminar-do-exame-fisico-para-concurso-da-gmp-e-divulgado-nesta-segunda-21\/\" \/>\n<meta property=\"og:site_name\" content=\"PORTAL DE NOT\u00cdCIAS CLEITON PINHEIRO\" \/>\n<meta property=\"article:publisher\" content=\"https:\/\/www.facebook.com\/portalcpnoticias\/\" \/>\n<meta property=\"article:published_time\" content=\"2023-08-23T11:04:20+00:00\" \/>\n<meta property=\"article:modified_time\" content=\"2023-08-23T11:29:04+00:00\" \/>\n<meta property=\"og:image\" content=\"https:\/\/cleitonpinheiro.com.br\/site\/wp-content\/uploads\/2023\/08\/ab85a01caec743ffa54699c5224de57e.jpg\" \/>\n\t<meta property=\"og:image:width\" content=\"800\" \/>\n\t<meta property=\"og:image:height\" content=\"533\" \/>\n\t<meta property=\"og:image:type\" content=\"image\/jpeg\" \/>\n<meta name=\"author\" content=\"Reda\u00e7\u00e3o CP\" \/>\n<meta name=\"twitter:card\" content=\"summary_large_image\" \/>\n<meta name=\"twitter:label1\" content=\"Escrito por\" \/>\n\t<meta name=\"twitter:data1\" content=\"Reda\u00e7\u00e3o CP\" \/>\n\t<meta name=\"twitter:label2\" content=\"Est. tempo de leitura\" \/>\n\t<meta name=\"twitter:data2\" content=\"1 minuto\" \/>\n<script type=\"application\/ld+json\" class=\"yoast-schema-graph\">{\"@context\":\"https:\/\/schema.org\",\"@graph\":[{\"@type\":\"Article\",\"@id\":\"https:\/\/cleitonpinheiro.com.br\/site\/resultado-preliminar-do-exame-fisico-para-concurso-da-gmp-e-divulgado-nesta-segunda-21\/#article\",\"isPartOf\":{\"@id\":\"https:\/\/cleitonpinheiro.com.br\/site\/resultado-preliminar-do-exame-fisico-para-concurso-da-gmp-e-divulgado-nesta-segunda-21\/\"},\"author\":{\"name\":\"Reda\u00e7\u00e3o CP\",\"@id\":\"https:\/\/cleitonpinheiro.com.br\/site\/#\/schema\/person\/8f04544e0bc40a1b68775b08360f87db\"},\"headline\":\"Resultado preliminar do exame f\u00edsico para concurso da Guarda Metropolitana de Palmas\",\"datePublished\":\"2023-08-23T11:04:20+00:00\",\"dateModified\":\"2023-08-23T11:29:04+00:00\",\"mainEntityOfPage\":{\"@id\":\"https:\/\/cleitonpinheiro.com.br\/site\/resultado-preliminar-do-exame-fisico-para-concurso-da-gmp-e-divulgado-nesta-segunda-21\/\"},\"wordCount\":164,\"commentCount\":0,\"publisher\":{\"@id\":\"https:\/\/cleitonpinheiro.com.br\/site\/#organization\"},\"image\":{\"@id\":\"https:\/\/cleitonpinheiro.com.br\/site\/resultado-preliminar-do-exame-fisico-para-concurso-da-gmp-e-divulgado-nesta-segunda-21\/#primaryimage\"},\"thumbnailUrl\":\"https:\/\/cleitonpinheiro.com.br\/site\/wp-content\/uploads\/2023\/08\/ab85a01caec743ffa54699c5224de57e.jpg\",\"keywords\":[\"concurso da GMP\",\"GMP\",\"Prefeitura de Palmas\"],\"articleSection\":[\"FUNCIONALISMO\",\"MANCHETE SEGUND\u00c1RIA\"],\"inLanguage\":\"pt-BR\",\"potentialAction\":[{\"@type\":\"CommentAction\",\"name\":\"Comment\",\"target\":[\"https:\/\/cleitonpinheiro.com.br\/site\/resultado-preliminar-do-exame-fisico-para-concurso-da-gmp-e-divulgado-nesta-segunda-21\/#respond\"]}]},{\"@type\":\"WebPage\",\"@id\":\"https:\/\/cleitonpinheiro.com.br\/site\/resultado-preliminar-do-exame-fisico-para-concurso-da-gmp-e-divulgado-nesta-segunda-21\/\",\"url\":\"https:\/\/cleitonpinheiro.com.br\/site\/resultado-preliminar-do-exame-fisico-para-concurso-da-gmp-e-divulgado-nesta-segunda-21\/\",\"name\":\"Resultado preliminar do exame f\u00edsico para concurso da Guarda Metropolitana de Palmas - PORTAL DE NOT\u00cdCIAS CLEITON PINHEIRO\",\"isPartOf\":{\"@id\":\"https:\/\/cleitonpinheiro.com.br\/site\/#website\"},\"primaryImageOfPage\":{\"@id\":\"https:\/\/cleitonpinheiro.com.br\/site\/resultado-preliminar-do-exame-fisico-para-concurso-da-gmp-e-divulgado-nesta-segunda-21\/#primaryimage\"},\"image\":{\"@id\":\"https:\/\/cleitonpinheiro.com.br\/site\/resultado-preliminar-do-exame-fisico-para-concurso-da-gmp-e-divulgado-nesta-segunda-21\/#primaryimage\"},\"thumbnailUrl\":\"https:\/\/cleitonpinheiro.com.br\/site\/wp-content\/uploads\/2023\/08\/ab85a01caec743ffa54699c5224de57e.jpg\",\"datePublished\":\"2023-08-23T11:04:20+00:00\",\"dateModified\":\"2023-08-23T11:29:04+00:00\",\"breadcrumb\":{\"@id\":\"https:\/\/cleitonpinheiro.com.br\/site\/resultado-preliminar-do-exame-fisico-para-concurso-da-gmp-e-divulgado-nesta-segunda-21\/#breadcrumb\"},\"inLanguage\":\"pt-BR\",\"potentialAction\":[{\"@type\":\"ReadAction\",\"target\":[\"https:\/\/cleitonpinheiro.com.br\/site\/resultado-preliminar-do-exame-fisico-para-concurso-da-gmp-e-divulgado-nesta-segunda-21\/\"]}]},{\"@type\":\"ImageObject\",\"inLanguage\":\"pt-BR\",\"@id\":\"https:\/\/cleitonpinheiro.com.br\/site\/resultado-preliminar-do-exame-fisico-para-concurso-da-gmp-e-divulgado-nesta-segunda-21\/#primaryimage\",\"url\":\"\",\"contentUrl\":\"\"},{\"@type\":\"BreadcrumbList\",\"@id\":\"https:\/\/cleitonpinheiro.com.br\/site\/resultado-preliminar-do-exame-fisico-para-concurso-da-gmp-e-divulgado-nesta-segunda-21\/#breadcrumb\",\"itemListElement\":[{\"@type\":\"ListItem\",\"position\":1,\"name\":\"In\u00edcio\",\"item\":\"https:\/\/cleitonpinheiro.com.br\/site\/\"},{\"@type\":\"ListItem\",\"position\":2,\"name\":\"Resultado preliminar do exame f\u00edsico para concurso da Guarda Metropolitana de Palmas\"}]},{\"@type\":\"WebSite\",\"@id\":\"https:\/\/cleitonpinheiro.com.br\/site\/#website\",\"url\":\"https:\/\/cleitonpinheiro.com.br\/site\/\",\"name\":\"PORTAL DE NOT\u00cdCIAS CLEITON PINHEIRO\",\"description\":\"FALANDO A VERDADE\",\"publisher\":{\"@id\":\"https:\/\/cleitonpinheiro.com.br\/site\/#organization\"},\"potentialAction\":[{\"@type\":\"SearchAction\",\"target\":{\"@type\":\"EntryPoint\",\"urlTemplate\":\"https:\/\/cleitonpinheiro.com.br\/site\/?s={search_term_string}\"},\"query-input\":{\"@type\":\"PropertyValueSpecification\",\"valueRequired\":true,\"valueName\":\"search_term_string\"}}],\"inLanguage\":\"pt-BR\"},{\"@type\":\"Organization\",\"@id\":\"https:\/\/cleitonpinheiro.com.br\/site\/#organization\",\"name\":\"CPNOT\u00cdCIAS\",\"url\":\"https:\/\/cleitonpinheiro.com.br\/site\/\",\"logo\":{\"@type\":\"ImageObject\",\"inLanguage\":\"pt-BR\",\"@id\":\"https:\/\/cleitonpinheiro.com.br\/site\/#\/schema\/logo\/image\/\",\"url\":\"https:\/\/cleitonpinheiro.com.br\/site\/wp-content\/uploads\/2022\/08\/Logo-pequena-2.png\",\"contentUrl\":\"https:\/\/cleitonpinheiro.com.br\/site\/wp-content\/uploads\/2022\/08\/Logo-pequena-2.png\",\"width\":500,\"height\":500,\"caption\":\"CPNOT\u00cdCIAS\"},\"image\":{\"@id\":\"https:\/\/cleitonpinheiro.com.br\/site\/#\/schema\/logo\/image\/\"},\"sameAs\":[\"https:\/\/www.facebook.com\/portalcpnoticias\/\"]},{\"@type\":\"Person\",\"@id\":\"https:\/\/cleitonpinheiro.com.br\/site\/#\/schema\/person\/8f04544e0bc40a1b68775b08360f87db\",\"name\":\"Reda\u00e7\u00e3o CP\",\"image\":{\"@type\":\"ImageObject\",\"inLanguage\":\"pt-BR\",\"@id\":\"https:\/\/cleitonpinheiro.com.br\/site\/#\/schema\/person\/image\/\",\"url\":\"https:\/\/secure.gravatar.com\/avatar\/0bcf19cb29fdc8fc588c490c7ae1b3e174dac268586a63fbe1d1893a0f9020cd?s=96&r=g\",\"contentUrl\":\"https:\/\/secure.gravatar.com\/avatar\/0bcf19cb29fdc8fc588c490c7ae1b3e174dac268586a63fbe1d1893a0f9020cd?s=96&r=g\",\"caption\":\"Reda\u00e7\u00e3o CP\"},\"url\":\"https:\/\/cleitonpinheiro.com.br\/site\/author\/redacao\/\"}]}<\/script>\n<!-- \/ Yoast SEO plugin. -->","yoast_head_json":{"title":"Resultado preliminar do exame f\u00edsico para concurso da Guarda Metropolitana de Palmas - PORTAL DE NOT\u00cdCIAS CLEITON PINHEIRO","robots":{"index":"index","follow":"follow","max-snippet":"max-snippet:-1","max-image-preview":"max-image-preview:large","max-video-preview":"max-video-preview:-1"},"canonical":"https:\/\/cleitonpinheiro.com.br\/site\/resultado-preliminar-do-exame-fisico-para-concurso-da-gmp-e-divulgado-nesta-segunda-21\/","og_locale":"pt_BR","og_type":"article","og_title":"Resultado preliminar do exame f\u00edsico para concurso da Guarda Metropolitana de Palmas - PORTAL DE NOT\u00cdCIAS CLEITON PINHEIRO","og_description":"Nesta segunda-feira, 21, a Funda\u00e7\u00e3o Vunesp, banca organizadora do certame da Guarda Metropolitana de Palmas (GMP), divulgou o resultado preliminar do exame f\u00edsico. A divulga\u00e7\u00e3o marca uma nova fase do processo. Confira o resultado,&nbsp;clicando aqui. Entre as provas realizadas est\u00e3o testes de flex\u00e3o, abdominal e corrida de 12 minutos. Os candidatos foram avaliados quanto \u00e0 [&hellip;]","og_url":"https:\/\/cleitonpinheiro.com.br\/site\/resultado-preliminar-do-exame-fisico-para-concurso-da-gmp-e-divulgado-nesta-segunda-21\/","og_site_name":"PORTAL DE NOT\u00cdCIAS CLEITON PINHEIRO","article_publisher":"https:\/\/www.facebook.com\/portalcpnoticias\/","article_published_time":"2023-08-23T11:04:20+00:00","article_modified_time":"2023-08-23T11:29:04+00:00","og_image":[{"width":800,"height":533,"url":"https:\/\/cleitonpinheiro.com.br\/site\/wp-content\/uploads\/2023\/08\/ab85a01caec743ffa54699c5224de57e.jpg","type":"image\/jpeg"}],"author":"Reda\u00e7\u00e3o CP","twitter_card":"summary_large_image","twitter_misc":{"Escrito por":"Reda\u00e7\u00e3o CP","Est. tempo de leitura":"1 minuto"},"schema":{"@context":"https:\/\/schema.org","@graph":[{"@type":"Article","@id":"https:\/\/cleitonpinheiro.com.br\/site\/resultado-preliminar-do-exame-fisico-para-concurso-da-gmp-e-divulgado-nesta-segunda-21\/#article","isPartOf":{"@id":"https:\/\/cleitonpinheiro.com.br\/site\/resultado-preliminar-do-exame-fisico-para-concurso-da-gmp-e-divulgado-nesta-segunda-21\/"},"author":{"name":"Reda\u00e7\u00e3o CP","@id":"https:\/\/cleitonpinheiro.com.br\/site\/#\/schema\/person\/8f04544e0bc40a1b68775b08360f87db"},"headline":"Resultado preliminar do exame f\u00edsico para concurso da Guarda Metropolitana de Palmas","datePublished":"2023-08-23T11:04:20+00:00","dateModified":"2023-08-23T11:29:04+00:00","mainEntityOfPage":{"@id":"https:\/\/cleitonpinheiro.com.br\/site\/resultado-preliminar-do-exame-fisico-para-concurso-da-gmp-e-divulgado-nesta-segunda-21\/"},"wordCount":164,"commentCount":0,"publisher":{"@id":"https:\/\/cleitonpinheiro.com.br\/site\/#organization"},"image":{"@id":"https:\/\/cleitonpinheiro.com.br\/site\/resultado-preliminar-do-exame-fisico-para-concurso-da-gmp-e-divulgado-nesta-segunda-21\/#primaryimage"},"thumbnailUrl":"https:\/\/cleitonpinheiro.com.br\/site\/wp-content\/uploads\/2023\/08\/ab85a01caec743ffa54699c5224de57e.jpg","keywords":["concurso da GMP","GMP","Prefeitura de Palmas"],"articleSection":["FUNCIONALISMO","MANCHETE SEGUND\u00c1RIA"],"inLanguage":"pt-BR","potentialAction":[{"@type":"CommentAction","name":"Comment","target":["https:\/\/cleitonpinheiro.com.br\/site\/resultado-preliminar-do-exame-fisico-para-concurso-da-gmp-e-divulgado-nesta-segunda-21\/#respond"]}]},{"@type":"WebPage","@id":"https:\/\/cleitonpinheiro.com.br\/site\/resultado-preliminar-do-exame-fisico-para-concurso-da-gmp-e-divulgado-nesta-segunda-21\/","url":"https:\/\/cleitonpinheiro.com.br\/site\/resultado-preliminar-do-exame-fisico-para-concurso-da-gmp-e-divulgado-nesta-segunda-21\/","name":"Resultado preliminar do exame f\u00edsico para concurso da Guarda Metropolitana de Palmas - PORTAL DE NOT\u00cdCIAS CLEITON PINHEIRO","isPartOf":{"@id":"https:\/\/cleitonpinheiro.com.br\/site\/#website"},"primaryImageOfPage":{"@id":"https:\/\/cleitonpinheiro.com.br\/site\/resultado-preliminar-do-exame-fisico-para-concurso-da-gmp-e-divulgado-nesta-segunda-21\/#primaryimage"},"image":{"@id":"https:\/\/cleitonpinheiro.com.br\/site\/resultado-preliminar-do-exame-fisico-para-concurso-da-gmp-e-divulgado-nesta-segunda-21\/#primaryimage"},"thumbnailUrl":"https:\/\/cleitonpinheiro.com.br\/site\/wp-content\/uploads\/2023\/08\/ab85a01caec743ffa54699c5224de57e.jpg","datePublished":"2023-08-23T11:04:20+00:00","dateModified":"2023-08-23T11:29:04+00:00","breadcrumb":{"@id":"https:\/\/cleitonpinheiro.com.br\/site\/resultado-preliminar-do-exame-fisico-para-concurso-da-gmp-e-divulgado-nesta-segunda-21\/#breadcrumb"},"inLanguage":"pt-BR","potentialAction":[{"@type":"ReadAction","target":["https:\/\/cleitonpinheiro.com.br\/site\/resultado-preliminar-do-exame-fisico-para-concurso-da-gmp-e-divulgado-nesta-segunda-21\/"]}]},{"@type":"ImageObject","inLanguage":"pt-BR","@id":"https:\/\/cleitonpinheiro.com.br\/site\/resultado-preliminar-do-exame-fisico-para-concurso-da-gmp-e-divulgado-nesta-segunda-21\/#primaryimage","url":"","contentUrl":""},{"@type":"BreadcrumbList","@id":"https:\/\/cleitonpinheiro.com.br\/site\/resultado-preliminar-do-exame-fisico-para-concurso-da-gmp-e-divulgado-nesta-segunda-21\/#breadcrumb","itemListElement":[{"@type":"ListItem","position":1,"name":"In\u00edcio","item":"https:\/\/cleitonpinheiro.com.br\/site\/"},{"@type":"ListItem","position":2,"name":"Resultado preliminar do exame f\u00edsico para concurso da Guarda Metropolitana de Palmas"}]},{"@type":"WebSite","@id":"https:\/\/cleitonpinheiro.com.br\/site\/#website","url":"https:\/\/cleitonpinheiro.com.br\/site\/","name":"PORTAL DE NOT\u00cdCIAS CLEITON PINHEIRO","description":"FALANDO A VERDADE","publisher":{"@id":"https:\/\/cleitonpinheiro.com.br\/site\/#organization"},"potentialAction":[{"@type":"SearchAction","target":{"@type":"EntryPoint","urlTemplate":"https:\/\/cleitonpinheiro.com.br\/site\/?s={search_term_string}"},"query-input":{"@type":"PropertyValueSpecification","valueRequired":true,"valueName":"search_term_string"}}],"inLanguage":"pt-BR"},{"@type":"Organization","@id":"https:\/\/cleitonpinheiro.com.br\/site\/#organization","name":"CPNOT\u00cdCIAS","url":"https:\/\/cleitonpinheiro.com.br\/site\/","logo":{"@type":"ImageObject","inLanguage":"pt-BR","@id":"https:\/\/cleitonpinheiro.com.br\/site\/#\/schema\/logo\/image\/","url":"https:\/\/cleitonpinheiro.com.br\/site\/wp-content\/uploads\/2022\/08\/Logo-pequena-2.png","contentUrl":"https:\/\/cleitonpinheiro.com.br\/site\/wp-content\/uploads\/2022\/08\/Logo-pequena-2.png","width":500,"height":500,"caption":"CPNOT\u00cdCIAS"},"image":{"@id":"https:\/\/cleitonpinheiro.com.br\/site\/#\/schema\/logo\/image\/"},"sameAs":["https:\/\/www.facebook.com\/portalcpnoticias\/"]},{"@type":"Person","@id":"https:\/\/cleitonpinheiro.com.br\/site\/#\/schema\/person\/8f04544e0bc40a1b68775b08360f87db","name":"Reda\u00e7\u00e3o CP","image":{"@type":"ImageObject","inLanguage":"pt-BR","@id":"https:\/\/cleitonpinheiro.com.br\/site\/#\/schema\/person\/image\/","url":"https:\/\/secure.gravatar.com\/avatar\/0bcf19cb29fdc8fc588c490c7ae1b3e174dac268586a63fbe1d1893a0f9020cd?s=96&r=g","contentUrl":"https:\/\/secure.gravatar.com\/avatar\/0bcf19cb29fdc8fc588c490c7ae1b3e174dac268586a63fbe1d1893a0f9020cd?s=96&r=g","caption":"Reda\u00e7\u00e3o CP"},"url":"https:\/\/cleitonpinheiro.com.br\/site\/author\/redacao\/"}]}},"views":102,"_links":{"self":[{"href":"https:\/\/cleitonpinheiro.com.br\/site\/wp-json\/wp\/v2\/posts\/73670","targetHints":{"allow":["GET"]}}],"collection":[{"href":"https:\/\/cleitonpinheiro.com.br\/site\/wp-json\/wp\/v2\/posts"}],"about":[{"href":"https:\/\/cleitonpinheiro.com.br\/site\/wp-json\/wp\/v2\/types\/post"}],"author":[{"embeddable":true,"href":"https:\/\/cleitonpinheiro.com.br\/site\/wp-json\/wp\/v2\/users\/13"}],"replies":[{"embeddable":true,"href":"https:\/\/cleitonpinheiro.com.br\/site\/wp-json\/wp\/v2\/comments?post=73670"}],"version-history":[{"count":2,"href":"https:\/\/cleitonpinheiro.com.br\/site\/wp-json\/wp\/v2\/posts\/73670\/revisions"}],"predecessor-version":[{"id":73675,"href":"https:\/\/cleitonpinheiro.com.br\/site\/wp-json\/wp\/v2\/posts\/73670\/revisions\/73675"}],"wp:attachment":[{"href":"https:\/\/cleitonpinheiro.com.br\/site\/wp-json\/wp\/v2\/media?parent=73670"}],"wp:term":[{"taxonomy":"category","embeddable":true,"href":"https:\/\/cleitonpinheiro.com.br\/site\/wp-json\/wp\/v2\/categories?post=73670"},{"taxonomy":"post_tag","embeddable":true,"href":"https:\/\/cleitonpinheiro.com.br\/site\/wp-json\/wp\/v2\/tags?post=73670"}],"curies":[{"name":"wp","href":"https:\/\/api.w.org\/{rel}","templated":true}]}}