{"id":73679,"date":"2023-08-23T08:54:52","date_gmt":"2023-08-23T11:54:52","guid":{"rendered":"https:\/\/cleitonpinheiro.com.br\/site\/?p=73679"},"modified":"2023-08-31T10:08:26","modified_gmt":"2023-08-31T13:08:26","slug":"assembleia-legislativa-aprova-gratificacao-de-r-700-para-professores-efetivos-da-rede-estadual","status":"publish","type":"post","link":"https:\/\/cleitonpinheiro.com.br\/site\/assembleia-legislativa-aprova-gratificacao-de-r-700-para-professores-efetivos-da-rede-estadual\/","title":{"rendered":"Assembleia Legislativa aprova gratifica\u00e7\u00e3o de R$ 700 para professores efetivos da rede estadual"},"content":{"rendered":"\n<figure class=\"wp-block-image size-full\"><img decoding=\"async\" src=\"https:\/\/cleitonpinheiro.com.br\/site\/wp-content\/uploads\/2023\/08\/a370b05f0cd78768f12fc2a55cad54d1.jpeg\" alt=\"\" class=\"wp-image-73680\"\/><figcaption class=\"wp-element-caption\">MP 8 foi aprovada pelos deputados estaduais nessa ter\u00e7a, em sess\u00e3o extraordin\u00e1ria &#8211; Foto: Isis Oliveira\/Assembleia Legislativa do Tocantins<\/figcaption><\/figure>\n\n\n\n<p class=\"wp-block-paragraph\">Nessa ter\u00e7a-feira, 22, em sess\u00e3o extraordin\u00e1ria, foi aprovado o projeto de lei que estabelece o Programa de Fortalecimento da Educa\u00e7\u00e3o (Profe), um marco significativo para os professores efetivos da rede estadual de ensino do Tocantins na Assembleia Legislativa. A Media Provis\u00f3ria n\u00ba 8 estabelece, entre outras coisas, o pagamento de uma gratifica\u00e7\u00e3o de R$ 700 para os professores efetivos da rede estadual, tendo como refer\u00eancia a carga hor\u00e1ria m\u00e1xima de 180 horas mensais. <\/p>\n\n\n\n<p class=\"wp-block-paragraph\">O programa tamb\u00e9m prev\u00ea a concess\u00e3o de bonifica\u00e7\u00e3o anual de incentivo e valoriza\u00e7\u00e3o dos profissionais lotados nas unidades escolares e na Diretoria Regional de Educa\u00e7\u00e3o, selecionados mediante o alcance de resultados educacionais.<\/p>\n\n\n\n<p class=\"wp-block-paragraph\">O Profe tem como finalidade fortalecer a pol\u00edtica estadual da gest\u00e3o da aprendizagem, com vistas a implanta\u00e7\u00e3o de estrat\u00e9gias de avalia\u00e7\u00e3o, monitoramento e direcionamento das a\u00e7\u00f5es para que as iniciativas do programa sejam compartilhadas, alinhadas e articuladas para o melhoria da qualidade do ensino e dos resultados da Educa\u00e7\u00e3o.<\/p>\n","protected":false},"excerpt":{"rendered":"<p>Nessa ter\u00e7a-feira, 22, em sess\u00e3o extraordin\u00e1ria, foi aprovado o projeto de lei que estabelece o Programa de Fortalecimento da Educa\u00e7\u00e3o (Profe), um marco significativo para os professores efetivos da rede estadual de ensino do Tocantins na Assembleia Legislativa. A Media Provis\u00f3ria n\u00ba 8 estabelece, entre outras coisas, o pagamento de uma gratifica\u00e7\u00e3o de R$ 700 [&hellip;]<\/p>\n","protected":false},"author":13,"featured_media":0,"comment_status":"open","ping_status":"open","sticky":false,"template":"","format":"standard","meta":{"_acf_changed":false,"footnotes":""},"categories":[25,21],"tags":[],"class_list":["post-73679","post","type-post","status-publish","format-standard","hentry","category-funcionalismo","category-todas-noticias"],"acf":[],"yoast_head":"<!-- This site is optimized with the Yoast SEO plugin v24.4 - https:\/\/yoast.com\/wordpress\/plugins\/seo\/ -->\n<title>Assembleia Legislativa aprova gratifica\u00e7\u00e3o de R$ 700 para professores efetivos da rede estadual - PORTAL DE NOT\u00cdCIAS CLEITON PINHEIRO<\/title>\n<meta name=\"robots\" content=\"index, follow, max-snippet:-1, max-image-preview:large, max-video-preview:-1\" \/>\n<link rel=\"canonical\" href=\"https:\/\/cleitonpinheiro.com.br\/site\/assembleia-legislativa-aprova-gratificacao-de-r-700-para-professores-efetivos-da-rede-estadual\/\" \/>\n<meta property=\"og:locale\" content=\"pt_BR\" \/>\n<meta property=\"og:type\" content=\"article\" \/>\n<meta property=\"og:title\" content=\"Assembleia Legislativa aprova gratifica\u00e7\u00e3o de R$ 700 para professores efetivos da rede estadual - PORTAL DE NOT\u00cdCIAS CLEITON PINHEIRO\" \/>\n<meta property=\"og:description\" content=\"Nessa ter\u00e7a-feira, 22, em sess\u00e3o extraordin\u00e1ria, foi aprovado o projeto de lei que estabelece o Programa de Fortalecimento da Educa\u00e7\u00e3o (Profe), um marco significativo para os professores efetivos da rede estadual de ensino do Tocantins na Assembleia Legislativa. A Media Provis\u00f3ria n\u00ba 8 estabelece, entre outras coisas, o pagamento de uma gratifica\u00e7\u00e3o de R$ 700 [&hellip;]\" \/>\n<meta property=\"og:url\" content=\"https:\/\/cleitonpinheiro.com.br\/site\/assembleia-legislativa-aprova-gratificacao-de-r-700-para-professores-efetivos-da-rede-estadual\/\" \/>\n<meta property=\"og:site_name\" content=\"PORTAL DE NOT\u00cdCIAS CLEITON PINHEIRO\" \/>\n<meta property=\"article:publisher\" content=\"https:\/\/www.facebook.com\/portalcpnoticias\/\" \/>\n<meta property=\"article:published_time\" content=\"2023-08-23T11:54:52+00:00\" \/>\n<meta property=\"article:modified_time\" content=\"2023-08-31T13:08:26+00:00\" \/>\n<meta property=\"og:image\" content=\"https:\/\/cleitonpinheiro.com.br\/site\/wp-content\/uploads\/2023\/08\/a370b05f0cd78768f12fc2a55cad54d1.jpeg\" \/>\n\t<meta property=\"og:image:width\" content=\"1130\" \/>\n\t<meta property=\"og:image:height\" content=\"736\" \/>\n\t<meta property=\"og:image:type\" content=\"image\/jpeg\" \/>\n<meta name=\"author\" content=\"Reda\u00e7\u00e3o CP\" \/>\n<meta name=\"twitter:card\" content=\"summary_large_image\" \/>\n<meta name=\"twitter:label1\" content=\"Escrito por\" \/>\n\t<meta name=\"twitter:data1\" content=\"Reda\u00e7\u00e3o CP\" \/>\n\t<meta name=\"twitter:label2\" content=\"Est. tempo de leitura\" \/>\n\t<meta name=\"twitter:data2\" content=\"2 minutos\" \/>\n<script type=\"application\/ld+json\" class=\"yoast-schema-graph\">{\"@context\":\"https:\/\/schema.org\",\"@graph\":[{\"@type\":\"Article\",\"@id\":\"https:\/\/cleitonpinheiro.com.br\/site\/assembleia-legislativa-aprova-gratificacao-de-r-700-para-professores-efetivos-da-rede-estadual\/#article\",\"isPartOf\":{\"@id\":\"https:\/\/cleitonpinheiro.com.br\/site\/assembleia-legislativa-aprova-gratificacao-de-r-700-para-professores-efetivos-da-rede-estadual\/\"},\"author\":{\"name\":\"Reda\u00e7\u00e3o CP\",\"@id\":\"https:\/\/cleitonpinheiro.com.br\/site\/#\/schema\/person\/8f04544e0bc40a1b68775b08360f87db\"},\"headline\":\"Assembleia Legislativa aprova gratifica\u00e7\u00e3o de R$ 700 para professores efetivos da rede estadual\",\"datePublished\":\"2023-08-23T11:54:52+00:00\",\"dateModified\":\"2023-08-31T13:08:26+00:00\",\"mainEntityOfPage\":{\"@id\":\"https:\/\/cleitonpinheiro.com.br\/site\/assembleia-legislativa-aprova-gratificacao-de-r-700-para-professores-efetivos-da-rede-estadual\/\"},\"wordCount\":206,\"commentCount\":0,\"publisher\":{\"@id\":\"https:\/\/cleitonpinheiro.com.br\/site\/#organization\"},\"image\":{\"@id\":\"https:\/\/cleitonpinheiro.com.br\/site\/assembleia-legislativa-aprova-gratificacao-de-r-700-para-professores-efetivos-da-rede-estadual\/#primaryimage\"},\"thumbnailUrl\":\"https:\/\/cleitonpinheiro.com.br\/site\/wp-content\/uploads\/2023\/08\/a370b05f0cd78768f12fc2a55cad54d1.jpeg\",\"articleSection\":[\"FUNCIONALISMO\",\"TODAS NOTICIAS\"],\"inLanguage\":\"pt-BR\",\"potentialAction\":[{\"@type\":\"CommentAction\",\"name\":\"Comment\",\"target\":[\"https:\/\/cleitonpinheiro.com.br\/site\/assembleia-legislativa-aprova-gratificacao-de-r-700-para-professores-efetivos-da-rede-estadual\/#respond\"]}]},{\"@type\":\"WebPage\",\"@id\":\"https:\/\/cleitonpinheiro.com.br\/site\/assembleia-legislativa-aprova-gratificacao-de-r-700-para-professores-efetivos-da-rede-estadual\/\",\"url\":\"https:\/\/cleitonpinheiro.com.br\/site\/assembleia-legislativa-aprova-gratificacao-de-r-700-para-professores-efetivos-da-rede-estadual\/\",\"name\":\"Assembleia Legislativa aprova gratifica\u00e7\u00e3o de R$ 700 para professores efetivos da rede estadual - PORTAL DE NOT\u00cdCIAS CLEITON PINHEIRO\",\"isPartOf\":{\"@id\":\"https:\/\/cleitonpinheiro.com.br\/site\/#website\"},\"primaryImageOfPage\":{\"@id\":\"https:\/\/cleitonpinheiro.com.br\/site\/assembleia-legislativa-aprova-gratificacao-de-r-700-para-professores-efetivos-da-rede-estadual\/#primaryimage\"},\"image\":{\"@id\":\"https:\/\/cleitonpinheiro.com.br\/site\/assembleia-legislativa-aprova-gratificacao-de-r-700-para-professores-efetivos-da-rede-estadual\/#primaryimage\"},\"thumbnailUrl\":\"https:\/\/cleitonpinheiro.com.br\/site\/wp-content\/uploads\/2023\/08\/a370b05f0cd78768f12fc2a55cad54d1.jpeg\",\"datePublished\":\"2023-08-23T11:54:52+00:00\",\"dateModified\":\"2023-08-31T13:08:26+00:00\",\"breadcrumb\":{\"@id\":\"https:\/\/cleitonpinheiro.com.br\/site\/assembleia-legislativa-aprova-gratificacao-de-r-700-para-professores-efetivos-da-rede-estadual\/#breadcrumb\"},\"inLanguage\":\"pt-BR\",\"potentialAction\":[{\"@type\":\"ReadAction\",\"target\":[\"https:\/\/cleitonpinheiro.com.br\/site\/assembleia-legislativa-aprova-gratificacao-de-r-700-para-professores-efetivos-da-rede-estadual\/\"]}]},{\"@type\":\"ImageObject\",\"inLanguage\":\"pt-BR\",\"@id\":\"https:\/\/cleitonpinheiro.com.br\/site\/assembleia-legislativa-aprova-gratificacao-de-r-700-para-professores-efetivos-da-rede-estadual\/#primaryimage\",\"url\":\"\",\"contentUrl\":\"\"},{\"@type\":\"BreadcrumbList\",\"@id\":\"https:\/\/cleitonpinheiro.com.br\/site\/assembleia-legislativa-aprova-gratificacao-de-r-700-para-professores-efetivos-da-rede-estadual\/#breadcrumb\",\"itemListElement\":[{\"@type\":\"ListItem\",\"position\":1,\"name\":\"In\u00edcio\",\"item\":\"https:\/\/cleitonpinheiro.com.br\/site\/\"},{\"@type\":\"ListItem\",\"position\":2,\"name\":\"Assembleia Legislativa aprova gratifica\u00e7\u00e3o de R$ 700 para professores efetivos da rede estadual\"}]},{\"@type\":\"WebSite\",\"@id\":\"https:\/\/cleitonpinheiro.com.br\/site\/#website\",\"url\":\"https:\/\/cleitonpinheiro.com.br\/site\/\",\"name\":\"PORTAL DE NOT\u00cdCIAS CLEITON PINHEIRO\",\"description\":\"FALANDO A VERDADE\",\"publisher\":{\"@id\":\"https:\/\/cleitonpinheiro.com.br\/site\/#organization\"},\"potentialAction\":[{\"@type\":\"SearchAction\",\"target\":{\"@type\":\"EntryPoint\",\"urlTemplate\":\"https:\/\/cleitonpinheiro.com.br\/site\/?s={search_term_string}\"},\"query-input\":{\"@type\":\"PropertyValueSpecification\",\"valueRequired\":true,\"valueName\":\"search_term_string\"}}],\"inLanguage\":\"pt-BR\"},{\"@type\":\"Organization\",\"@id\":\"https:\/\/cleitonpinheiro.com.br\/site\/#organization\",\"name\":\"CPNOT\u00cdCIAS\",\"url\":\"https:\/\/cleitonpinheiro.com.br\/site\/\",\"logo\":{\"@type\":\"ImageObject\",\"inLanguage\":\"pt-BR\",\"@id\":\"https:\/\/cleitonpinheiro.com.br\/site\/#\/schema\/logo\/image\/\",\"url\":\"https:\/\/cleitonpinheiro.com.br\/site\/wp-content\/uploads\/2022\/08\/Logo-pequena-2.png\",\"contentUrl\":\"https:\/\/cleitonpinheiro.com.br\/site\/wp-content\/uploads\/2022\/08\/Logo-pequena-2.png\",\"width\":500,\"height\":500,\"caption\":\"CPNOT\u00cdCIAS\"},\"image\":{\"@id\":\"https:\/\/cleitonpinheiro.com.br\/site\/#\/schema\/logo\/image\/\"},\"sameAs\":[\"https:\/\/www.facebook.com\/portalcpnoticias\/\"]},{\"@type\":\"Person\",\"@id\":\"https:\/\/cleitonpinheiro.com.br\/site\/#\/schema\/person\/8f04544e0bc40a1b68775b08360f87db\",\"name\":\"Reda\u00e7\u00e3o CP\",\"image\":{\"@type\":\"ImageObject\",\"inLanguage\":\"pt-BR\",\"@id\":\"https:\/\/cleitonpinheiro.com.br\/site\/#\/schema\/person\/image\/\",\"url\":\"https:\/\/secure.gravatar.com\/avatar\/0bcf19cb29fdc8fc588c490c7ae1b3e174dac268586a63fbe1d1893a0f9020cd?s=96&r=g\",\"contentUrl\":\"https:\/\/secure.gravatar.com\/avatar\/0bcf19cb29fdc8fc588c490c7ae1b3e174dac268586a63fbe1d1893a0f9020cd?s=96&r=g\",\"caption\":\"Reda\u00e7\u00e3o CP\"},\"url\":\"https:\/\/cleitonpinheiro.com.br\/site\/author\/redacao\/\"}]}<\/script>\n<!-- \/ Yoast SEO plugin. -->","yoast_head_json":{"title":"Assembleia Legislativa aprova gratifica\u00e7\u00e3o de R$ 700 para professores efetivos da rede estadual - PORTAL DE NOT\u00cdCIAS CLEITON PINHEIRO","robots":{"index":"index","follow":"follow","max-snippet":"max-snippet:-1","max-image-preview":"max-image-preview:large","max-video-preview":"max-video-preview:-1"},"canonical":"https:\/\/cleitonpinheiro.com.br\/site\/assembleia-legislativa-aprova-gratificacao-de-r-700-para-professores-efetivos-da-rede-estadual\/","og_locale":"pt_BR","og_type":"article","og_title":"Assembleia Legislativa aprova gratifica\u00e7\u00e3o de R$ 700 para professores efetivos da rede estadual - PORTAL DE NOT\u00cdCIAS CLEITON PINHEIRO","og_description":"Nessa ter\u00e7a-feira, 22, em sess\u00e3o extraordin\u00e1ria, foi aprovado o projeto de lei que estabelece o Programa de Fortalecimento da Educa\u00e7\u00e3o (Profe), um marco significativo para os professores efetivos da rede estadual de ensino do Tocantins na Assembleia Legislativa. A Media Provis\u00f3ria n\u00ba 8 estabelece, entre outras coisas, o pagamento de uma gratifica\u00e7\u00e3o de R$ 700 [&hellip;]","og_url":"https:\/\/cleitonpinheiro.com.br\/site\/assembleia-legislativa-aprova-gratificacao-de-r-700-para-professores-efetivos-da-rede-estadual\/","og_site_name":"PORTAL DE NOT\u00cdCIAS CLEITON PINHEIRO","article_publisher":"https:\/\/www.facebook.com\/portalcpnoticias\/","article_published_time":"2023-08-23T11:54:52+00:00","article_modified_time":"2023-08-31T13:08:26+00:00","og_image":[{"width":1130,"height":736,"url":"https:\/\/cleitonpinheiro.com.br\/site\/wp-content\/uploads\/2023\/08\/a370b05f0cd78768f12fc2a55cad54d1.jpeg","type":"image\/jpeg"}],"author":"Reda\u00e7\u00e3o CP","twitter_card":"summary_large_image","twitter_misc":{"Escrito por":"Reda\u00e7\u00e3o CP","Est. tempo de leitura":"2 minutos"},"schema":{"@context":"https:\/\/schema.org","@graph":[{"@type":"Article","@id":"https:\/\/cleitonpinheiro.com.br\/site\/assembleia-legislativa-aprova-gratificacao-de-r-700-para-professores-efetivos-da-rede-estadual\/#article","isPartOf":{"@id":"https:\/\/cleitonpinheiro.com.br\/site\/assembleia-legislativa-aprova-gratificacao-de-r-700-para-professores-efetivos-da-rede-estadual\/"},"author":{"name":"Reda\u00e7\u00e3o CP","@id":"https:\/\/cleitonpinheiro.com.br\/site\/#\/schema\/person\/8f04544e0bc40a1b68775b08360f87db"},"headline":"Assembleia Legislativa aprova gratifica\u00e7\u00e3o de R$ 700 para professores efetivos da rede estadual","datePublished":"2023-08-23T11:54:52+00:00","dateModified":"2023-08-31T13:08:26+00:00","mainEntityOfPage":{"@id":"https:\/\/cleitonpinheiro.com.br\/site\/assembleia-legislativa-aprova-gratificacao-de-r-700-para-professores-efetivos-da-rede-estadual\/"},"wordCount":206,"commentCount":0,"publisher":{"@id":"https:\/\/cleitonpinheiro.com.br\/site\/#organization"},"image":{"@id":"https:\/\/cleitonpinheiro.com.br\/site\/assembleia-legislativa-aprova-gratificacao-de-r-700-para-professores-efetivos-da-rede-estadual\/#primaryimage"},"thumbnailUrl":"https:\/\/cleitonpinheiro.com.br\/site\/wp-content\/uploads\/2023\/08\/a370b05f0cd78768f12fc2a55cad54d1.jpeg","articleSection":["FUNCIONALISMO","TODAS NOTICIAS"],"inLanguage":"pt-BR","potentialAction":[{"@type":"CommentAction","name":"Comment","target":["https:\/\/cleitonpinheiro.com.br\/site\/assembleia-legislativa-aprova-gratificacao-de-r-700-para-professores-efetivos-da-rede-estadual\/#respond"]}]},{"@type":"WebPage","@id":"https:\/\/cleitonpinheiro.com.br\/site\/assembleia-legislativa-aprova-gratificacao-de-r-700-para-professores-efetivos-da-rede-estadual\/","url":"https:\/\/cleitonpinheiro.com.br\/site\/assembleia-legislativa-aprova-gratificacao-de-r-700-para-professores-efetivos-da-rede-estadual\/","name":"Assembleia Legislativa aprova gratifica\u00e7\u00e3o de R$ 700 para professores efetivos da rede estadual - PORTAL DE NOT\u00cdCIAS CLEITON PINHEIRO","isPartOf":{"@id":"https:\/\/cleitonpinheiro.com.br\/site\/#website"},"primaryImageOfPage":{"@id":"https:\/\/cleitonpinheiro.com.br\/site\/assembleia-legislativa-aprova-gratificacao-de-r-700-para-professores-efetivos-da-rede-estadual\/#primaryimage"},"image":{"@id":"https:\/\/cleitonpinheiro.com.br\/site\/assembleia-legislativa-aprova-gratificacao-de-r-700-para-professores-efetivos-da-rede-estadual\/#primaryimage"},"thumbnailUrl":"https:\/\/cleitonpinheiro.com.br\/site\/wp-content\/uploads\/2023\/08\/a370b05f0cd78768f12fc2a55cad54d1.jpeg","datePublished":"2023-08-23T11:54:52+00:00","dateModified":"2023-08-31T13:08:26+00:00","breadcrumb":{"@id":"https:\/\/cleitonpinheiro.com.br\/site\/assembleia-legislativa-aprova-gratificacao-de-r-700-para-professores-efetivos-da-rede-estadual\/#breadcrumb"},"inLanguage":"pt-BR","potentialAction":[{"@type":"ReadAction","target":["https:\/\/cleitonpinheiro.com.br\/site\/assembleia-legislativa-aprova-gratificacao-de-r-700-para-professores-efetivos-da-rede-estadual\/"]}]},{"@type":"ImageObject","inLanguage":"pt-BR","@id":"https:\/\/cleitonpinheiro.com.br\/site\/assembleia-legislativa-aprova-gratificacao-de-r-700-para-professores-efetivos-da-rede-estadual\/#primaryimage","url":"","contentUrl":""},{"@type":"BreadcrumbList","@id":"https:\/\/cleitonpinheiro.com.br\/site\/assembleia-legislativa-aprova-gratificacao-de-r-700-para-professores-efetivos-da-rede-estadual\/#breadcrumb","itemListElement":[{"@type":"ListItem","position":1,"name":"In\u00edcio","item":"https:\/\/cleitonpinheiro.com.br\/site\/"},{"@type":"ListItem","position":2,"name":"Assembleia Legislativa aprova gratifica\u00e7\u00e3o de R$ 700 para professores efetivos da rede estadual"}]},{"@type":"WebSite","@id":"https:\/\/cleitonpinheiro.com.br\/site\/#website","url":"https:\/\/cleitonpinheiro.com.br\/site\/","name":"PORTAL DE NOT\u00cdCIAS CLEITON PINHEIRO","description":"FALANDO A VERDADE","publisher":{"@id":"https:\/\/cleitonpinheiro.com.br\/site\/#organization"},"potentialAction":[{"@type":"SearchAction","target":{"@type":"EntryPoint","urlTemplate":"https:\/\/cleitonpinheiro.com.br\/site\/?s={search_term_string}"},"query-input":{"@type":"PropertyValueSpecification","valueRequired":true,"valueName":"search_term_string"}}],"inLanguage":"pt-BR"},{"@type":"Organization","@id":"https:\/\/cleitonpinheiro.com.br\/site\/#organization","name":"CPNOT\u00cdCIAS","url":"https:\/\/cleitonpinheiro.com.br\/site\/","logo":{"@type":"ImageObject","inLanguage":"pt-BR","@id":"https:\/\/cleitonpinheiro.com.br\/site\/#\/schema\/logo\/image\/","url":"https:\/\/cleitonpinheiro.com.br\/site\/wp-content\/uploads\/2022\/08\/Logo-pequena-2.png","contentUrl":"https:\/\/cleitonpinheiro.com.br\/site\/wp-content\/uploads\/2022\/08\/Logo-pequena-2.png","width":500,"height":500,"caption":"CPNOT\u00cdCIAS"},"image":{"@id":"https:\/\/cleitonpinheiro.com.br\/site\/#\/schema\/logo\/image\/"},"sameAs":["https:\/\/www.facebook.com\/portalcpnoticias\/"]},{"@type":"Person","@id":"https:\/\/cleitonpinheiro.com.br\/site\/#\/schema\/person\/8f04544e0bc40a1b68775b08360f87db","name":"Reda\u00e7\u00e3o CP","image":{"@type":"ImageObject","inLanguage":"pt-BR","@id":"https:\/\/cleitonpinheiro.com.br\/site\/#\/schema\/person\/image\/","url":"https:\/\/secure.gravatar.com\/avatar\/0bcf19cb29fdc8fc588c490c7ae1b3e174dac268586a63fbe1d1893a0f9020cd?s=96&r=g","contentUrl":"https:\/\/secure.gravatar.com\/avatar\/0bcf19cb29fdc8fc588c490c7ae1b3e174dac268586a63fbe1d1893a0f9020cd?s=96&r=g","caption":"Reda\u00e7\u00e3o CP"},"url":"https:\/\/cleitonpinheiro.com.br\/site\/author\/redacao\/"}]}},"views":116,"_links":{"self":[{"href":"https:\/\/cleitonpinheiro.com.br\/site\/wp-json\/wp\/v2\/posts\/73679","targetHints":{"allow":["GET"]}}],"collection":[{"href":"https:\/\/cleitonpinheiro.com.br\/site\/wp-json\/wp\/v2\/posts"}],"about":[{"href":"https:\/\/cleitonpinheiro.com.br\/site\/wp-json\/wp\/v2\/types\/post"}],"author":[{"embeddable":true,"href":"https:\/\/cleitonpinheiro.com.br\/site\/wp-json\/wp\/v2\/users\/13"}],"replies":[{"embeddable":true,"href":"https:\/\/cleitonpinheiro.com.br\/site\/wp-json\/wp\/v2\/comments?post=73679"}],"version-history":[{"count":1,"href":"https:\/\/cleitonpinheiro.com.br\/site\/wp-json\/wp\/v2\/posts\/73679\/revisions"}],"predecessor-version":[{"id":73681,"href":"https:\/\/cleitonpinheiro.com.br\/site\/wp-json\/wp\/v2\/posts\/73679\/revisions\/73681"}],"wp:attachment":[{"href":"https:\/\/cleitonpinheiro.com.br\/site\/wp-json\/wp\/v2\/media?parent=73679"}],"wp:term":[{"taxonomy":"category","embeddable":true,"href":"https:\/\/cleitonpinheiro.com.br\/site\/wp-json\/wp\/v2\/categories?post=73679"},{"taxonomy":"post_tag","embeddable":true,"href":"https:\/\/cleitonpinheiro.com.br\/site\/wp-json\/wp\/v2\/tags?post=73679"}],"curies":[{"name":"wp","href":"https:\/\/api.w.org\/{rel}","templated":true}]}}