{"id":73682,"date":"2023-08-23T16:11:38","date_gmt":"2023-08-23T19:11:38","guid":{"rendered":"https:\/\/cleitonpinheiro.com.br\/site\/?p=73682"},"modified":"2023-12-27T11:37:05","modified_gmt":"2023-12-27T14:37:05","slug":"lista-de-aptos-a-votar-e-ser-candidato-ao-conselho-municipal-de-politicas-culturais","status":"publish","type":"post","link":"https:\/\/cleitonpinheiro.com.br\/site\/lista-de-aptos-a-votar-e-ser-candidato-ao-conselho-municipal-de-politicas-culturais\/","title":{"rendered":"Lista de aptos a votar e ser candidato ao Conselho Municipal de Pol\u00edticas Culturais"},"content":{"rendered":"\n<figure class=\"wp-block-image size-full\"><img decoding=\"async\" src=\"https:\/\/cleitonpinheiro.com.br\/site\/wp-content\/uploads\/2023\/08\/2bfda12f393b49bd8de075a92fda3dd0.jpg\" alt=\"\" class=\"wp-image-73683\"\/><figcaption class=\"wp-element-caption\">Somente pessoas f\u00edsicas maiores de 18 anos e cadastradas nas listas do CMPC poder\u00e3o solicitar candidatura &#8211; Foto: J\u00fanior Suzuki\/Prefeitura de Palmas<\/figcaption><\/figure>\n\n\n\n<p class=\"wp-block-paragraph\">J\u00e1 est\u00e1 dispon\u00edvel a&nbsp;<a href=\"https:\/\/www.palmas.to.gov.br\/media\/orgao\/documentos\/CMPC_-_Cadastros_C%C3%A2maras_Setorias_Aptos_2023_1.pdf\" target=\"_blank\" rel=\"noreferrer noopener\">lista<\/a>&nbsp;de artistas, fazedores de cultura e representantes da sociedade civil organizada aptos a se candidatarem e a votarem nas elei\u00e7\u00f5es do Conselho Municipal de Pol\u00edticas Culturais (CMPC). O cadastro para as elei\u00e7\u00f5es foi efetuado no per\u00edodo de 14 de julho a 18 de agosto \u00faltimo, e pode ser conferido&nbsp;<a href=\"https:\/\/www.palmas.to.gov.br\/media\/orgao\/documentos\/CMPC_-_Cadastros_C%C3%A2maras_Setorias_Aptos_2023_1.pdf\" target=\"_blank\" rel=\"noreferrer noopener\">aqui<\/a>.&nbsp;A realiza\u00e7\u00e3o e divulga\u00e7\u00e3o do cadastro tem por finalidade assegurar a veracidade dos dados dos participantes do processo eleitoral (candidatos e eleitores) e do CMPC (conselheiros eleitos).&nbsp;<\/p>\n\n\n\n<p class=\"wp-block-paragraph\">O prazo para quem deseja concorrer a uma vaga nas c\u00e2maras setoriais do CMPC efetuar a candidatura vai at\u00e9 o dia 1\u00ba de setembro.<\/p>\n\n\n\n<p class=\"wp-block-paragraph\">A elei\u00e7\u00e3o para as C\u00e2maras Setoriais do Conselho Municipal de Pol\u00edticas Culturais (2023-2025)&nbsp;ser\u00e1 realizada no dia 15 de setembro de 2023, das 13 \u00e0s 19 horas, nas seguintes localidades: Funda\u00e7\u00e3o Cultural de Palmas (FCP), no Espa\u00e7o Cultural de Palmas Jos\u00e9 Gomes Sobrinho; Pracinha da Cultura, no Setor Morada do Sol II e na Casa da Cultura Professora Maria dos Reis, em Taquaru\u00e7u.<\/p>\n\n\n\n<p class=\"wp-block-paragraph\">As elei\u00e7\u00f5es ser\u00e3o para todas as c\u00e2maras setoriais do Conselho Municipal de Pol\u00edticas Culturais: Artes Visuais, Artesanato, Audiovisual, Circo, Cultura Afro-Brasileira, Cultura Popular e Cultura Tradicional, Design e Moda, Dan\u00e7a, Literatura, Livro e Leitura, M\u00fasica, Patrim\u00f4nio Cultural e Teatro.&nbsp;<\/p>\n\n\n\n<p class=\"wp-block-paragraph\">Os interessados em se candidatar dever\u00e3o solicitar sua candidatura individual em um dos locais de vota\u00e7\u00e3o, via formul\u00e1rio Candidatura CMPC 2023-2025, dispon\u00edvel&nbsp;<a href=\"https:\/\/docs.google.com\/document\/d\/1a-nblriSRSKcvKVUy1FJ6fNvPZwYNbRf\/edit\" target=\"_blank\" rel=\"noreferrer noopener\">aqui,<\/a>&nbsp;na aba formul\u00e1rios&nbsp;da p\u00e1gina da FCP, e&nbsp;no local de inscri\u00e7\u00e3o. Na ocasi\u00e3o da candidatura tamb\u00e9m devem ser apresentadas c\u00f3pias dos seguintes documentos: RG e CPF;&nbsp;&nbsp;c\u00f3pia simples de comprovante de endere\u00e7o em Palmas em seu pr\u00f3prio nome;&nbsp;c\u00f3pia simples do T\u00edtulo Eleitoral; certid\u00e3o de quita\u00e7\u00e3o eleitoral, emitida gratuitamente no link:&nbsp;<a href=\"https:\/\/www.tse.jus.br\/servicos-eleitorais\/certidoes\/certidao-de-quitacao-eleitoral\" target=\"_blank\" rel=\"noreferrer noopener\">https:\/\/www.tse.jus.br\/servicos-eleitorais\/certidoes\/certidao-de-quitacao-eleitoral<\/a>&nbsp;e&nbsp;declara\u00e7\u00e3o Negativa de Antecedentes Criminais, emitida gratuitamente no link:&nbsp;<a href=\"https:\/\/iito.ssp.to.gov.br\/atestado\/solicitacaoexterna\/S\" target=\"_blank\" rel=\"noreferrer noopener\">https:\/\/iito.ssp.to.gov.br\/atestado\/solicitacaoexterna\/S<\/a>.&nbsp;<\/p>\n\n\n\n<p class=\"wp-block-paragraph\">Somente pessoas f\u00edsicas maiores de 18 anos e cadastradas nas listas do CMPC poder\u00e3o solicitar candidatura.<\/p>\n\n\n\n<p class=\"wp-block-paragraph\">Confira a regulamenta\u00e7\u00e3o da elei\u00e7\u00e3o&nbsp;<a href=\"http:\/\/diariooficial.palmas.to.gov.br\/media\/diario\/3260-13-7-2023-20-57-36.pdf\" target=\"_blank\" rel=\"noreferrer noopener\">aqui<\/a>.<\/p>\n","protected":false},"excerpt":{"rendered":"<p>J\u00e1 est\u00e1 dispon\u00edvel a&nbsp;lista&nbsp;de artistas, fazedores de cultura e representantes da sociedade civil organizada aptos a se candidatarem e a votarem nas elei\u00e7\u00f5es do Conselho Municipal de Pol\u00edticas Culturais (CMPC). O cadastro para as elei\u00e7\u00f5es foi efetuado no per\u00edodo de 14 de julho a 18 de agosto \u00faltimo, e pode ser conferido&nbsp;aqui.&nbsp;A realiza\u00e7\u00e3o e divulga\u00e7\u00e3o [&hellip;]<\/p>\n","protected":false},"author":13,"featured_media":0,"comment_status":"open","ping_status":"open","sticky":false,"template":"","format":"standard","meta":{"_acf_changed":false,"footnotes":""},"categories":[22,21],"tags":[],"class_list":["post-73682","post","type-post","status-publish","format-standard","hentry","category-cidades","category-todas-noticias"],"acf":[],"yoast_head":"<!-- This site is optimized with the Yoast SEO plugin v24.4 - https:\/\/yoast.com\/wordpress\/plugins\/seo\/ -->\n<title>Lista de aptos a votar e ser candidato ao Conselho Municipal de Pol\u00edticas Culturais - PORTAL DE NOT\u00cdCIAS CLEITON PINHEIRO<\/title>\n<meta name=\"robots\" content=\"index, follow, max-snippet:-1, max-image-preview:large, max-video-preview:-1\" \/>\n<link rel=\"canonical\" href=\"https:\/\/cleitonpinheiro.com.br\/site\/lista-de-aptos-a-votar-e-ser-candidato-ao-conselho-municipal-de-politicas-culturais\/\" \/>\n<meta property=\"og:locale\" content=\"pt_BR\" \/>\n<meta property=\"og:type\" content=\"article\" \/>\n<meta property=\"og:title\" content=\"Lista de aptos a votar e ser candidato ao Conselho Municipal de Pol\u00edticas Culturais - PORTAL DE NOT\u00cdCIAS CLEITON PINHEIRO\" \/>\n<meta property=\"og:description\" content=\"J\u00e1 est\u00e1 dispon\u00edvel a&nbsp;lista&nbsp;de artistas, fazedores de cultura e representantes da sociedade civil organizada aptos a se candidatarem e a votarem nas elei\u00e7\u00f5es do Conselho Municipal de Pol\u00edticas Culturais (CMPC). O cadastro para as elei\u00e7\u00f5es foi efetuado no per\u00edodo de 14 de julho a 18 de agosto \u00faltimo, e pode ser conferido&nbsp;aqui.&nbsp;A realiza\u00e7\u00e3o e divulga\u00e7\u00e3o [&hellip;]\" \/>\n<meta property=\"og:url\" content=\"https:\/\/cleitonpinheiro.com.br\/site\/lista-de-aptos-a-votar-e-ser-candidato-ao-conselho-municipal-de-politicas-culturais\/\" \/>\n<meta property=\"og:site_name\" content=\"PORTAL DE NOT\u00cdCIAS CLEITON PINHEIRO\" \/>\n<meta property=\"article:publisher\" content=\"https:\/\/www.facebook.com\/portalcpnoticias\/\" \/>\n<meta property=\"article:published_time\" content=\"2023-08-23T19:11:38+00:00\" \/>\n<meta property=\"article:modified_time\" content=\"2023-12-27T14:37:05+00:00\" \/>\n<meta property=\"og:image\" content=\"https:\/\/cleitonpinheiro.com.br\/site\/wp-content\/uploads\/2023\/08\/2bfda12f393b49bd8de075a92fda3dd0.jpg\" \/>\n\t<meta property=\"og:image:width\" content=\"800\" \/>\n\t<meta property=\"og:image:height\" content=\"533\" \/>\n\t<meta property=\"og:image:type\" content=\"image\/jpeg\" \/>\n<meta name=\"author\" content=\"Reda\u00e7\u00e3o CP\" \/>\n<meta name=\"twitter:card\" content=\"summary_large_image\" \/>\n<meta name=\"twitter:label1\" content=\"Escrito por\" \/>\n\t<meta name=\"twitter:data1\" content=\"Reda\u00e7\u00e3o CP\" \/>\n\t<meta name=\"twitter:label2\" content=\"Est. tempo de leitura\" \/>\n\t<meta name=\"twitter:data2\" content=\"3 minutos\" \/>\n<script type=\"application\/ld+json\" class=\"yoast-schema-graph\">{\"@context\":\"https:\/\/schema.org\",\"@graph\":[{\"@type\":\"Article\",\"@id\":\"https:\/\/cleitonpinheiro.com.br\/site\/lista-de-aptos-a-votar-e-ser-candidato-ao-conselho-municipal-de-politicas-culturais\/#article\",\"isPartOf\":{\"@id\":\"https:\/\/cleitonpinheiro.com.br\/site\/lista-de-aptos-a-votar-e-ser-candidato-ao-conselho-municipal-de-politicas-culturais\/\"},\"author\":{\"name\":\"Reda\u00e7\u00e3o CP\",\"@id\":\"https:\/\/cleitonpinheiro.com.br\/site\/#\/schema\/person\/8f04544e0bc40a1b68775b08360f87db\"},\"headline\":\"Lista de aptos a votar e ser candidato ao Conselho Municipal de Pol\u00edticas Culturais\",\"datePublished\":\"2023-08-23T19:11:38+00:00\",\"dateModified\":\"2023-12-27T14:37:05+00:00\",\"mainEntityOfPage\":{\"@id\":\"https:\/\/cleitonpinheiro.com.br\/site\/lista-de-aptos-a-votar-e-ser-candidato-ao-conselho-municipal-de-politicas-culturais\/\"},\"wordCount\":427,\"commentCount\":0,\"publisher\":{\"@id\":\"https:\/\/cleitonpinheiro.com.br\/site\/#organization\"},\"image\":{\"@id\":\"https:\/\/cleitonpinheiro.com.br\/site\/lista-de-aptos-a-votar-e-ser-candidato-ao-conselho-municipal-de-politicas-culturais\/#primaryimage\"},\"thumbnailUrl\":\"https:\/\/cleitonpinheiro.com.br\/site\/wp-content\/uploads\/2023\/08\/2bfda12f393b49bd8de075a92fda3dd0.jpg\",\"articleSection\":[\"CIDADES\",\"TODAS NOTICIAS\"],\"inLanguage\":\"pt-BR\",\"potentialAction\":[{\"@type\":\"CommentAction\",\"name\":\"Comment\",\"target\":[\"https:\/\/cleitonpinheiro.com.br\/site\/lista-de-aptos-a-votar-e-ser-candidato-ao-conselho-municipal-de-politicas-culturais\/#respond\"]}]},{\"@type\":\"WebPage\",\"@id\":\"https:\/\/cleitonpinheiro.com.br\/site\/lista-de-aptos-a-votar-e-ser-candidato-ao-conselho-municipal-de-politicas-culturais\/\",\"url\":\"https:\/\/cleitonpinheiro.com.br\/site\/lista-de-aptos-a-votar-e-ser-candidato-ao-conselho-municipal-de-politicas-culturais\/\",\"name\":\"Lista de aptos a votar e ser candidato ao Conselho Municipal de Pol\u00edticas Culturais - PORTAL DE NOT\u00cdCIAS CLEITON PINHEIRO\",\"isPartOf\":{\"@id\":\"https:\/\/cleitonpinheiro.com.br\/site\/#website\"},\"primaryImageOfPage\":{\"@id\":\"https:\/\/cleitonpinheiro.com.br\/site\/lista-de-aptos-a-votar-e-ser-candidato-ao-conselho-municipal-de-politicas-culturais\/#primaryimage\"},\"image\":{\"@id\":\"https:\/\/cleitonpinheiro.com.br\/site\/lista-de-aptos-a-votar-e-ser-candidato-ao-conselho-municipal-de-politicas-culturais\/#primaryimage\"},\"thumbnailUrl\":\"https:\/\/cleitonpinheiro.com.br\/site\/wp-content\/uploads\/2023\/08\/2bfda12f393b49bd8de075a92fda3dd0.jpg\",\"datePublished\":\"2023-08-23T19:11:38+00:00\",\"dateModified\":\"2023-12-27T14:37:05+00:00\",\"breadcrumb\":{\"@id\":\"https:\/\/cleitonpinheiro.com.br\/site\/lista-de-aptos-a-votar-e-ser-candidato-ao-conselho-municipal-de-politicas-culturais\/#breadcrumb\"},\"inLanguage\":\"pt-BR\",\"potentialAction\":[{\"@type\":\"ReadAction\",\"target\":[\"https:\/\/cleitonpinheiro.com.br\/site\/lista-de-aptos-a-votar-e-ser-candidato-ao-conselho-municipal-de-politicas-culturais\/\"]}]},{\"@type\":\"ImageObject\",\"inLanguage\":\"pt-BR\",\"@id\":\"https:\/\/cleitonpinheiro.com.br\/site\/lista-de-aptos-a-votar-e-ser-candidato-ao-conselho-municipal-de-politicas-culturais\/#primaryimage\",\"url\":\"\",\"contentUrl\":\"\"},{\"@type\":\"BreadcrumbList\",\"@id\":\"https:\/\/cleitonpinheiro.com.br\/site\/lista-de-aptos-a-votar-e-ser-candidato-ao-conselho-municipal-de-politicas-culturais\/#breadcrumb\",\"itemListElement\":[{\"@type\":\"ListItem\",\"position\":1,\"name\":\"In\u00edcio\",\"item\":\"https:\/\/cleitonpinheiro.com.br\/site\/\"},{\"@type\":\"ListItem\",\"position\":2,\"name\":\"Lista de aptos a votar e ser candidato ao Conselho Municipal de Pol\u00edticas Culturais\"}]},{\"@type\":\"WebSite\",\"@id\":\"https:\/\/cleitonpinheiro.com.br\/site\/#website\",\"url\":\"https:\/\/cleitonpinheiro.com.br\/site\/\",\"name\":\"PORTAL DE NOT\u00cdCIAS CLEITON PINHEIRO\",\"description\":\"FALANDO A VERDADE\",\"publisher\":{\"@id\":\"https:\/\/cleitonpinheiro.com.br\/site\/#organization\"},\"potentialAction\":[{\"@type\":\"SearchAction\",\"target\":{\"@type\":\"EntryPoint\",\"urlTemplate\":\"https:\/\/cleitonpinheiro.com.br\/site\/?s={search_term_string}\"},\"query-input\":{\"@type\":\"PropertyValueSpecification\",\"valueRequired\":true,\"valueName\":\"search_term_string\"}}],\"inLanguage\":\"pt-BR\"},{\"@type\":\"Organization\",\"@id\":\"https:\/\/cleitonpinheiro.com.br\/site\/#organization\",\"name\":\"CPNOT\u00cdCIAS\",\"url\":\"https:\/\/cleitonpinheiro.com.br\/site\/\",\"logo\":{\"@type\":\"ImageObject\",\"inLanguage\":\"pt-BR\",\"@id\":\"https:\/\/cleitonpinheiro.com.br\/site\/#\/schema\/logo\/image\/\",\"url\":\"https:\/\/cleitonpinheiro.com.br\/site\/wp-content\/uploads\/2022\/08\/Logo-pequena-2.png\",\"contentUrl\":\"https:\/\/cleitonpinheiro.com.br\/site\/wp-content\/uploads\/2022\/08\/Logo-pequena-2.png\",\"width\":500,\"height\":500,\"caption\":\"CPNOT\u00cdCIAS\"},\"image\":{\"@id\":\"https:\/\/cleitonpinheiro.com.br\/site\/#\/schema\/logo\/image\/\"},\"sameAs\":[\"https:\/\/www.facebook.com\/portalcpnoticias\/\"]},{\"@type\":\"Person\",\"@id\":\"https:\/\/cleitonpinheiro.com.br\/site\/#\/schema\/person\/8f04544e0bc40a1b68775b08360f87db\",\"name\":\"Reda\u00e7\u00e3o CP\",\"image\":{\"@type\":\"ImageObject\",\"inLanguage\":\"pt-BR\",\"@id\":\"https:\/\/cleitonpinheiro.com.br\/site\/#\/schema\/person\/image\/\",\"url\":\"https:\/\/secure.gravatar.com\/avatar\/0bcf19cb29fdc8fc588c490c7ae1b3e174dac268586a63fbe1d1893a0f9020cd?s=96&r=g\",\"contentUrl\":\"https:\/\/secure.gravatar.com\/avatar\/0bcf19cb29fdc8fc588c490c7ae1b3e174dac268586a63fbe1d1893a0f9020cd?s=96&r=g\",\"caption\":\"Reda\u00e7\u00e3o CP\"},\"url\":\"https:\/\/cleitonpinheiro.com.br\/site\/author\/redacao\/\"}]}<\/script>\n<!-- \/ Yoast SEO plugin. -->","yoast_head_json":{"title":"Lista de aptos a votar e ser candidato ao Conselho Municipal de Pol\u00edticas Culturais - PORTAL DE NOT\u00cdCIAS CLEITON PINHEIRO","robots":{"index":"index","follow":"follow","max-snippet":"max-snippet:-1","max-image-preview":"max-image-preview:large","max-video-preview":"max-video-preview:-1"},"canonical":"https:\/\/cleitonpinheiro.com.br\/site\/lista-de-aptos-a-votar-e-ser-candidato-ao-conselho-municipal-de-politicas-culturais\/","og_locale":"pt_BR","og_type":"article","og_title":"Lista de aptos a votar e ser candidato ao Conselho Municipal de Pol\u00edticas Culturais - PORTAL DE NOT\u00cdCIAS CLEITON PINHEIRO","og_description":"J\u00e1 est\u00e1 dispon\u00edvel a&nbsp;lista&nbsp;de artistas, fazedores de cultura e representantes da sociedade civil organizada aptos a se candidatarem e a votarem nas elei\u00e7\u00f5es do Conselho Municipal de Pol\u00edticas Culturais (CMPC). O cadastro para as elei\u00e7\u00f5es foi efetuado no per\u00edodo de 14 de julho a 18 de agosto \u00faltimo, e pode ser conferido&nbsp;aqui.&nbsp;A realiza\u00e7\u00e3o e divulga\u00e7\u00e3o [&hellip;]","og_url":"https:\/\/cleitonpinheiro.com.br\/site\/lista-de-aptos-a-votar-e-ser-candidato-ao-conselho-municipal-de-politicas-culturais\/","og_site_name":"PORTAL DE NOT\u00cdCIAS CLEITON PINHEIRO","article_publisher":"https:\/\/www.facebook.com\/portalcpnoticias\/","article_published_time":"2023-08-23T19:11:38+00:00","article_modified_time":"2023-12-27T14:37:05+00:00","og_image":[{"width":800,"height":533,"url":"https:\/\/cleitonpinheiro.com.br\/site\/wp-content\/uploads\/2023\/08\/2bfda12f393b49bd8de075a92fda3dd0.jpg","type":"image\/jpeg"}],"author":"Reda\u00e7\u00e3o CP","twitter_card":"summary_large_image","twitter_misc":{"Escrito por":"Reda\u00e7\u00e3o CP","Est. tempo de leitura":"3 minutos"},"schema":{"@context":"https:\/\/schema.org","@graph":[{"@type":"Article","@id":"https:\/\/cleitonpinheiro.com.br\/site\/lista-de-aptos-a-votar-e-ser-candidato-ao-conselho-municipal-de-politicas-culturais\/#article","isPartOf":{"@id":"https:\/\/cleitonpinheiro.com.br\/site\/lista-de-aptos-a-votar-e-ser-candidato-ao-conselho-municipal-de-politicas-culturais\/"},"author":{"name":"Reda\u00e7\u00e3o CP","@id":"https:\/\/cleitonpinheiro.com.br\/site\/#\/schema\/person\/8f04544e0bc40a1b68775b08360f87db"},"headline":"Lista de aptos a votar e ser candidato ao Conselho Municipal de Pol\u00edticas Culturais","datePublished":"2023-08-23T19:11:38+00:00","dateModified":"2023-12-27T14:37:05+00:00","mainEntityOfPage":{"@id":"https:\/\/cleitonpinheiro.com.br\/site\/lista-de-aptos-a-votar-e-ser-candidato-ao-conselho-municipal-de-politicas-culturais\/"},"wordCount":427,"commentCount":0,"publisher":{"@id":"https:\/\/cleitonpinheiro.com.br\/site\/#organization"},"image":{"@id":"https:\/\/cleitonpinheiro.com.br\/site\/lista-de-aptos-a-votar-e-ser-candidato-ao-conselho-municipal-de-politicas-culturais\/#primaryimage"},"thumbnailUrl":"https:\/\/cleitonpinheiro.com.br\/site\/wp-content\/uploads\/2023\/08\/2bfda12f393b49bd8de075a92fda3dd0.jpg","articleSection":["CIDADES","TODAS NOTICIAS"],"inLanguage":"pt-BR","potentialAction":[{"@type":"CommentAction","name":"Comment","target":["https:\/\/cleitonpinheiro.com.br\/site\/lista-de-aptos-a-votar-e-ser-candidato-ao-conselho-municipal-de-politicas-culturais\/#respond"]}]},{"@type":"WebPage","@id":"https:\/\/cleitonpinheiro.com.br\/site\/lista-de-aptos-a-votar-e-ser-candidato-ao-conselho-municipal-de-politicas-culturais\/","url":"https:\/\/cleitonpinheiro.com.br\/site\/lista-de-aptos-a-votar-e-ser-candidato-ao-conselho-municipal-de-politicas-culturais\/","name":"Lista de aptos a votar e ser candidato ao Conselho Municipal de Pol\u00edticas Culturais - PORTAL DE NOT\u00cdCIAS CLEITON PINHEIRO","isPartOf":{"@id":"https:\/\/cleitonpinheiro.com.br\/site\/#website"},"primaryImageOfPage":{"@id":"https:\/\/cleitonpinheiro.com.br\/site\/lista-de-aptos-a-votar-e-ser-candidato-ao-conselho-municipal-de-politicas-culturais\/#primaryimage"},"image":{"@id":"https:\/\/cleitonpinheiro.com.br\/site\/lista-de-aptos-a-votar-e-ser-candidato-ao-conselho-municipal-de-politicas-culturais\/#primaryimage"},"thumbnailUrl":"https:\/\/cleitonpinheiro.com.br\/site\/wp-content\/uploads\/2023\/08\/2bfda12f393b49bd8de075a92fda3dd0.jpg","datePublished":"2023-08-23T19:11:38+00:00","dateModified":"2023-12-27T14:37:05+00:00","breadcrumb":{"@id":"https:\/\/cleitonpinheiro.com.br\/site\/lista-de-aptos-a-votar-e-ser-candidato-ao-conselho-municipal-de-politicas-culturais\/#breadcrumb"},"inLanguage":"pt-BR","potentialAction":[{"@type":"ReadAction","target":["https:\/\/cleitonpinheiro.com.br\/site\/lista-de-aptos-a-votar-e-ser-candidato-ao-conselho-municipal-de-politicas-culturais\/"]}]},{"@type":"ImageObject","inLanguage":"pt-BR","@id":"https:\/\/cleitonpinheiro.com.br\/site\/lista-de-aptos-a-votar-e-ser-candidato-ao-conselho-municipal-de-politicas-culturais\/#primaryimage","url":"","contentUrl":""},{"@type":"BreadcrumbList","@id":"https:\/\/cleitonpinheiro.com.br\/site\/lista-de-aptos-a-votar-e-ser-candidato-ao-conselho-municipal-de-politicas-culturais\/#breadcrumb","itemListElement":[{"@type":"ListItem","position":1,"name":"In\u00edcio","item":"https:\/\/cleitonpinheiro.com.br\/site\/"},{"@type":"ListItem","position":2,"name":"Lista de aptos a votar e ser candidato ao Conselho Municipal de Pol\u00edticas Culturais"}]},{"@type":"WebSite","@id":"https:\/\/cleitonpinheiro.com.br\/site\/#website","url":"https:\/\/cleitonpinheiro.com.br\/site\/","name":"PORTAL DE NOT\u00cdCIAS CLEITON PINHEIRO","description":"FALANDO A VERDADE","publisher":{"@id":"https:\/\/cleitonpinheiro.com.br\/site\/#organization"},"potentialAction":[{"@type":"SearchAction","target":{"@type":"EntryPoint","urlTemplate":"https:\/\/cleitonpinheiro.com.br\/site\/?s={search_term_string}"},"query-input":{"@type":"PropertyValueSpecification","valueRequired":true,"valueName":"search_term_string"}}],"inLanguage":"pt-BR"},{"@type":"Organization","@id":"https:\/\/cleitonpinheiro.com.br\/site\/#organization","name":"CPNOT\u00cdCIAS","url":"https:\/\/cleitonpinheiro.com.br\/site\/","logo":{"@type":"ImageObject","inLanguage":"pt-BR","@id":"https:\/\/cleitonpinheiro.com.br\/site\/#\/schema\/logo\/image\/","url":"https:\/\/cleitonpinheiro.com.br\/site\/wp-content\/uploads\/2022\/08\/Logo-pequena-2.png","contentUrl":"https:\/\/cleitonpinheiro.com.br\/site\/wp-content\/uploads\/2022\/08\/Logo-pequena-2.png","width":500,"height":500,"caption":"CPNOT\u00cdCIAS"},"image":{"@id":"https:\/\/cleitonpinheiro.com.br\/site\/#\/schema\/logo\/image\/"},"sameAs":["https:\/\/www.facebook.com\/portalcpnoticias\/"]},{"@type":"Person","@id":"https:\/\/cleitonpinheiro.com.br\/site\/#\/schema\/person\/8f04544e0bc40a1b68775b08360f87db","name":"Reda\u00e7\u00e3o CP","image":{"@type":"ImageObject","inLanguage":"pt-BR","@id":"https:\/\/cleitonpinheiro.com.br\/site\/#\/schema\/person\/image\/","url":"https:\/\/secure.gravatar.com\/avatar\/0bcf19cb29fdc8fc588c490c7ae1b3e174dac268586a63fbe1d1893a0f9020cd?s=96&r=g","contentUrl":"https:\/\/secure.gravatar.com\/avatar\/0bcf19cb29fdc8fc588c490c7ae1b3e174dac268586a63fbe1d1893a0f9020cd?s=96&r=g","caption":"Reda\u00e7\u00e3o CP"},"url":"https:\/\/cleitonpinheiro.com.br\/site\/author\/redacao\/"}]}},"views":104,"_links":{"self":[{"href":"https:\/\/cleitonpinheiro.com.br\/site\/wp-json\/wp\/v2\/posts\/73682","targetHints":{"allow":["GET"]}}],"collection":[{"href":"https:\/\/cleitonpinheiro.com.br\/site\/wp-json\/wp\/v2\/posts"}],"about":[{"href":"https:\/\/cleitonpinheiro.com.br\/site\/wp-json\/wp\/v2\/types\/post"}],"author":[{"embeddable":true,"href":"https:\/\/cleitonpinheiro.com.br\/site\/wp-json\/wp\/v2\/users\/13"}],"replies":[{"embeddable":true,"href":"https:\/\/cleitonpinheiro.com.br\/site\/wp-json\/wp\/v2\/comments?post=73682"}],"version-history":[{"count":1,"href":"https:\/\/cleitonpinheiro.com.br\/site\/wp-json\/wp\/v2\/posts\/73682\/revisions"}],"predecessor-version":[{"id":73684,"href":"https:\/\/cleitonpinheiro.com.br\/site\/wp-json\/wp\/v2\/posts\/73682\/revisions\/73684"}],"wp:attachment":[{"href":"https:\/\/cleitonpinheiro.com.br\/site\/wp-json\/wp\/v2\/media?parent=73682"}],"wp:term":[{"taxonomy":"category","embeddable":true,"href":"https:\/\/cleitonpinheiro.com.br\/site\/wp-json\/wp\/v2\/categories?post=73682"},{"taxonomy":"post_tag","embeddable":true,"href":"https:\/\/cleitonpinheiro.com.br\/site\/wp-json\/wp\/v2\/tags?post=73682"}],"curies":[{"name":"wp","href":"https:\/\/api.w.org\/{rel}","templated":true}]}}