{"id":73689,"date":"2023-08-24T08:19:05","date_gmt":"2023-08-24T11:19:05","guid":{"rendered":"https:\/\/cleitonpinheiro.com.br\/site\/?p=73689"},"modified":"2023-08-24T13:06:11","modified_gmt":"2023-08-24T16:06:11","slug":"senado-aprova-aumento-salarial-de-9-a-servidores-federais","status":"publish","type":"post","link":"https:\/\/cleitonpinheiro.com.br\/site\/senado-aprova-aumento-salarial-de-9-a-servidores-federais\/","title":{"rendered":"Senado aprova aumento salarial de 9% a servidores federais"},"content":{"rendered":"\n<figure class=\"wp-block-image size-full\"><img decoding=\"async\" src=\"https:\/\/cleitonpinheiro.com.br\/site\/wp-content\/uploads\/2023\/08\/53137601319_1272374145_z.jpg\" alt=\"\" class=\"wp-image-73690\"\/><figcaption class=\"wp-element-caption\">Texto vai agora para san\u00e7\u00e3o do presidente da Rep\u00fablica\n &#8211; Foto: Jonas Pereira\/Ag\u00eancia Senado<\/figcaption><\/figure>\n\n\n\n<p class=\"wp-block-paragraph\"><strong>Da Ag\u00eancia Brasil<\/strong><\/p>\n\n\n\n<p class=\"wp-block-paragraph\">O Senado seguiu a C\u00e2mara dos Deputados e aprovou nesta quarta-feira (23) a medida provis\u00f3ria\u00a0que concede\u00a0reajuste salarial de 9% aos servidores federais. A MP 1.170\/2023\u00a0segue agora para san\u00e7\u00e3o do presidente Luiz In\u00e1cio Lula da Silva\u00a0na forma de um projeto de lei de convers\u00e3o (PLV), pois houve inclus\u00f5es ao texto original enviado pelo Poder\u00a0Executivo.<img decoding=\"async\" src=\"https:\/\/agenciabrasil.ebc.com.br\/ebc.png?id=1550737&amp;o=node\"><img decoding=\"async\" src=\"https:\/\/agenciabrasil.ebc.com.br\/ebc.gif?id=1550737&amp;o=node\"><\/p>\n\n\n\n<p class=\"wp-block-paragraph\">Na folha de pagamento de junho, os servidores j\u00e1 receberam os sal\u00e1rios corrigidos.&nbsp;<\/p>\n\n\n\n<p class=\"wp-block-paragraph\">A MP 1.170\/2023 concedeu reajuste linear para todos os servidores e empregados p\u00fablicos civis do Executivo federal, incluindo aposentados e pensionistas. O reajuste dos valores resultou de acordo entre o governo e mais de 100 entidades representativas dos servidores na chamada mesa de negocia\u00e7\u00e3o permanente, que estava suspensa desde 2016 e foi retomada no atual governo. O aux\u00edlio-alimenta\u00e7\u00e3o tamb\u00e9m aumentou (43%), passando de R$ 458 para R$ 658 mensais.&nbsp;<\/p>\n\n\n\n<p class=\"wp-block-paragraph\">Entre as mudan\u00e7as no texto, est\u00e1 cria\u00e7\u00e3o de mais uma diretoria na Companhia de Desenvolvimento do Vale do S\u00e3o Francisco (Codevasf), que passa de tr\u00eas para quatro. Al\u00e9m dessa, anistiados pol\u00edticos que recebem repara\u00e7\u00e3o econ\u00f4mica a cada m\u00eas poder\u00e3o optar por usar o valor para pedir cr\u00e9dito consignado.&nbsp;<\/p>\n","protected":false},"excerpt":{"rendered":"<p>Da Ag\u00eancia Brasil O Senado seguiu a C\u00e2mara dos Deputados e aprovou nesta quarta-feira (23) a medida provis\u00f3ria\u00a0que concede\u00a0reajuste salarial de 9% aos servidores federais. A MP 1.170\/2023\u00a0segue agora para san\u00e7\u00e3o do presidente Luiz In\u00e1cio Lula da Silva\u00a0na forma de um projeto de lei de convers\u00e3o (PLV), pois houve inclus\u00f5es ao texto original enviado pelo [&hellip;]<\/p>\n","protected":false},"author":13,"featured_media":0,"comment_status":"open","ping_status":"open","sticky":false,"template":"","format":"standard","meta":{"_acf_changed":false,"footnotes":""},"categories":[898],"tags":[],"class_list":["post-73689","post","type-post","status-publish","format-standard","hentry","category-manchete-segundaria"],"acf":[],"yoast_head":"<!-- This site is optimized with the Yoast SEO plugin v24.4 - https:\/\/yoast.com\/wordpress\/plugins\/seo\/ -->\n<title>Senado aprova aumento salarial de 9% a servidores federais - PORTAL DE NOT\u00cdCIAS CLEITON PINHEIRO<\/title>\n<meta name=\"robots\" content=\"index, follow, max-snippet:-1, max-image-preview:large, max-video-preview:-1\" \/>\n<link rel=\"canonical\" href=\"https:\/\/cleitonpinheiro.com.br\/site\/senado-aprova-aumento-salarial-de-9-a-servidores-federais\/\" \/>\n<meta property=\"og:locale\" content=\"pt_BR\" \/>\n<meta property=\"og:type\" content=\"article\" \/>\n<meta property=\"og:title\" content=\"Senado aprova aumento salarial de 9% a servidores federais - PORTAL DE NOT\u00cdCIAS CLEITON PINHEIRO\" \/>\n<meta property=\"og:description\" content=\"Da Ag\u00eancia Brasil O Senado seguiu a C\u00e2mara dos Deputados e aprovou nesta quarta-feira (23) a medida provis\u00f3ria\u00a0que concede\u00a0reajuste salarial de 9% aos servidores federais. A MP 1.170\/2023\u00a0segue agora para san\u00e7\u00e3o do presidente Luiz In\u00e1cio Lula da Silva\u00a0na forma de um projeto de lei de convers\u00e3o (PLV), pois houve inclus\u00f5es ao texto original enviado pelo [&hellip;]\" \/>\n<meta property=\"og:url\" content=\"https:\/\/cleitonpinheiro.com.br\/site\/senado-aprova-aumento-salarial-de-9-a-servidores-federais\/\" \/>\n<meta property=\"og:site_name\" content=\"PORTAL DE NOT\u00cdCIAS CLEITON PINHEIRO\" \/>\n<meta property=\"article:publisher\" content=\"https:\/\/www.facebook.com\/portalcpnoticias\/\" \/>\n<meta property=\"article:published_time\" content=\"2023-08-24T11:19:05+00:00\" \/>\n<meta property=\"article:modified_time\" content=\"2023-08-24T16:06:11+00:00\" \/>\n<meta property=\"og:image\" content=\"https:\/\/cleitonpinheiro.com.br\/site\/wp-content\/uploads\/2023\/08\/53137601319_1272374145_z.jpg\" \/>\n\t<meta property=\"og:image:width\" content=\"640\" \/>\n\t<meta property=\"og:image:height\" content=\"427\" \/>\n\t<meta property=\"og:image:type\" content=\"image\/jpeg\" \/>\n<meta name=\"author\" content=\"Reda\u00e7\u00e3o CP\" \/>\n<meta name=\"twitter:card\" content=\"summary_large_image\" \/>\n<meta name=\"twitter:label1\" content=\"Escrito por\" \/>\n\t<meta name=\"twitter:data1\" content=\"Reda\u00e7\u00e3o CP\" \/>\n\t<meta name=\"twitter:label2\" content=\"Est. tempo de leitura\" \/>\n\t<meta name=\"twitter:data2\" content=\"2 minutos\" \/>\n<script type=\"application\/ld+json\" class=\"yoast-schema-graph\">{\"@context\":\"https:\/\/schema.org\",\"@graph\":[{\"@type\":\"Article\",\"@id\":\"https:\/\/cleitonpinheiro.com.br\/site\/senado-aprova-aumento-salarial-de-9-a-servidores-federais\/#article\",\"isPartOf\":{\"@id\":\"https:\/\/cleitonpinheiro.com.br\/site\/senado-aprova-aumento-salarial-de-9-a-servidores-federais\/\"},\"author\":{\"name\":\"Reda\u00e7\u00e3o CP\",\"@id\":\"https:\/\/cleitonpinheiro.com.br\/site\/#\/schema\/person\/8f04544e0bc40a1b68775b08360f87db\"},\"headline\":\"Senado aprova aumento salarial de 9% a servidores federais\",\"datePublished\":\"2023-08-24T11:19:05+00:00\",\"dateModified\":\"2023-08-24T16:06:11+00:00\",\"mainEntityOfPage\":{\"@id\":\"https:\/\/cleitonpinheiro.com.br\/site\/senado-aprova-aumento-salarial-de-9-a-servidores-federais\/\"},\"wordCount\":235,\"commentCount\":0,\"publisher\":{\"@id\":\"https:\/\/cleitonpinheiro.com.br\/site\/#organization\"},\"image\":{\"@id\":\"https:\/\/cleitonpinheiro.com.br\/site\/senado-aprova-aumento-salarial-de-9-a-servidores-federais\/#primaryimage\"},\"thumbnailUrl\":\"https:\/\/cleitonpinheiro.com.br\/site\/wp-content\/uploads\/2023\/08\/53137601319_1272374145_z.jpg\",\"articleSection\":[\"MANCHETE SEGUND\u00c1RIA\"],\"inLanguage\":\"pt-BR\",\"potentialAction\":[{\"@type\":\"CommentAction\",\"name\":\"Comment\",\"target\":[\"https:\/\/cleitonpinheiro.com.br\/site\/senado-aprova-aumento-salarial-de-9-a-servidores-federais\/#respond\"]}]},{\"@type\":\"WebPage\",\"@id\":\"https:\/\/cleitonpinheiro.com.br\/site\/senado-aprova-aumento-salarial-de-9-a-servidores-federais\/\",\"url\":\"https:\/\/cleitonpinheiro.com.br\/site\/senado-aprova-aumento-salarial-de-9-a-servidores-federais\/\",\"name\":\"Senado aprova aumento salarial de 9% a servidores federais - PORTAL DE NOT\u00cdCIAS CLEITON PINHEIRO\",\"isPartOf\":{\"@id\":\"https:\/\/cleitonpinheiro.com.br\/site\/#website\"},\"primaryImageOfPage\":{\"@id\":\"https:\/\/cleitonpinheiro.com.br\/site\/senado-aprova-aumento-salarial-de-9-a-servidores-federais\/#primaryimage\"},\"image\":{\"@id\":\"https:\/\/cleitonpinheiro.com.br\/site\/senado-aprova-aumento-salarial-de-9-a-servidores-federais\/#primaryimage\"},\"thumbnailUrl\":\"https:\/\/cleitonpinheiro.com.br\/site\/wp-content\/uploads\/2023\/08\/53137601319_1272374145_z.jpg\",\"datePublished\":\"2023-08-24T11:19:05+00:00\",\"dateModified\":\"2023-08-24T16:06:11+00:00\",\"breadcrumb\":{\"@id\":\"https:\/\/cleitonpinheiro.com.br\/site\/senado-aprova-aumento-salarial-de-9-a-servidores-federais\/#breadcrumb\"},\"inLanguage\":\"pt-BR\",\"potentialAction\":[{\"@type\":\"ReadAction\",\"target\":[\"https:\/\/cleitonpinheiro.com.br\/site\/senado-aprova-aumento-salarial-de-9-a-servidores-federais\/\"]}]},{\"@type\":\"ImageObject\",\"inLanguage\":\"pt-BR\",\"@id\":\"https:\/\/cleitonpinheiro.com.br\/site\/senado-aprova-aumento-salarial-de-9-a-servidores-federais\/#primaryimage\",\"url\":\"\",\"contentUrl\":\"\"},{\"@type\":\"BreadcrumbList\",\"@id\":\"https:\/\/cleitonpinheiro.com.br\/site\/senado-aprova-aumento-salarial-de-9-a-servidores-federais\/#breadcrumb\",\"itemListElement\":[{\"@type\":\"ListItem\",\"position\":1,\"name\":\"In\u00edcio\",\"item\":\"https:\/\/cleitonpinheiro.com.br\/site\/\"},{\"@type\":\"ListItem\",\"position\":2,\"name\":\"Senado aprova aumento salarial de 9% a servidores federais\"}]},{\"@type\":\"WebSite\",\"@id\":\"https:\/\/cleitonpinheiro.com.br\/site\/#website\",\"url\":\"https:\/\/cleitonpinheiro.com.br\/site\/\",\"name\":\"PORTAL DE NOT\u00cdCIAS CLEITON PINHEIRO\",\"description\":\"FALANDO A VERDADE\",\"publisher\":{\"@id\":\"https:\/\/cleitonpinheiro.com.br\/site\/#organization\"},\"potentialAction\":[{\"@type\":\"SearchAction\",\"target\":{\"@type\":\"EntryPoint\",\"urlTemplate\":\"https:\/\/cleitonpinheiro.com.br\/site\/?s={search_term_string}\"},\"query-input\":{\"@type\":\"PropertyValueSpecification\",\"valueRequired\":true,\"valueName\":\"search_term_string\"}}],\"inLanguage\":\"pt-BR\"},{\"@type\":\"Organization\",\"@id\":\"https:\/\/cleitonpinheiro.com.br\/site\/#organization\",\"name\":\"CPNOT\u00cdCIAS\",\"url\":\"https:\/\/cleitonpinheiro.com.br\/site\/\",\"logo\":{\"@type\":\"ImageObject\",\"inLanguage\":\"pt-BR\",\"@id\":\"https:\/\/cleitonpinheiro.com.br\/site\/#\/schema\/logo\/image\/\",\"url\":\"https:\/\/cleitonpinheiro.com.br\/site\/wp-content\/uploads\/2022\/08\/Logo-pequena-2.png\",\"contentUrl\":\"https:\/\/cleitonpinheiro.com.br\/site\/wp-content\/uploads\/2022\/08\/Logo-pequena-2.png\",\"width\":500,\"height\":500,\"caption\":\"CPNOT\u00cdCIAS\"},\"image\":{\"@id\":\"https:\/\/cleitonpinheiro.com.br\/site\/#\/schema\/logo\/image\/\"},\"sameAs\":[\"https:\/\/www.facebook.com\/portalcpnoticias\/\"]},{\"@type\":\"Person\",\"@id\":\"https:\/\/cleitonpinheiro.com.br\/site\/#\/schema\/person\/8f04544e0bc40a1b68775b08360f87db\",\"name\":\"Reda\u00e7\u00e3o CP\",\"image\":{\"@type\":\"ImageObject\",\"inLanguage\":\"pt-BR\",\"@id\":\"https:\/\/cleitonpinheiro.com.br\/site\/#\/schema\/person\/image\/\",\"url\":\"https:\/\/secure.gravatar.com\/avatar\/0bcf19cb29fdc8fc588c490c7ae1b3e174dac268586a63fbe1d1893a0f9020cd?s=96&r=g\",\"contentUrl\":\"https:\/\/secure.gravatar.com\/avatar\/0bcf19cb29fdc8fc588c490c7ae1b3e174dac268586a63fbe1d1893a0f9020cd?s=96&r=g\",\"caption\":\"Reda\u00e7\u00e3o CP\"},\"url\":\"https:\/\/cleitonpinheiro.com.br\/site\/author\/redacao\/\"}]}<\/script>\n<!-- \/ Yoast SEO plugin. -->","yoast_head_json":{"title":"Senado aprova aumento salarial de 9% a servidores federais - PORTAL DE NOT\u00cdCIAS CLEITON PINHEIRO","robots":{"index":"index","follow":"follow","max-snippet":"max-snippet:-1","max-image-preview":"max-image-preview:large","max-video-preview":"max-video-preview:-1"},"canonical":"https:\/\/cleitonpinheiro.com.br\/site\/senado-aprova-aumento-salarial-de-9-a-servidores-federais\/","og_locale":"pt_BR","og_type":"article","og_title":"Senado aprova aumento salarial de 9% a servidores federais - PORTAL DE NOT\u00cdCIAS CLEITON PINHEIRO","og_description":"Da Ag\u00eancia Brasil O Senado seguiu a C\u00e2mara dos Deputados e aprovou nesta quarta-feira (23) a medida provis\u00f3ria\u00a0que concede\u00a0reajuste salarial de 9% aos servidores federais. A MP 1.170\/2023\u00a0segue agora para san\u00e7\u00e3o do presidente Luiz In\u00e1cio Lula da Silva\u00a0na forma de um projeto de lei de convers\u00e3o (PLV), pois houve inclus\u00f5es ao texto original enviado pelo [&hellip;]","og_url":"https:\/\/cleitonpinheiro.com.br\/site\/senado-aprova-aumento-salarial-de-9-a-servidores-federais\/","og_site_name":"PORTAL DE NOT\u00cdCIAS CLEITON PINHEIRO","article_publisher":"https:\/\/www.facebook.com\/portalcpnoticias\/","article_published_time":"2023-08-24T11:19:05+00:00","article_modified_time":"2023-08-24T16:06:11+00:00","og_image":[{"width":640,"height":427,"url":"https:\/\/cleitonpinheiro.com.br\/site\/wp-content\/uploads\/2023\/08\/53137601319_1272374145_z.jpg","type":"image\/jpeg"}],"author":"Reda\u00e7\u00e3o CP","twitter_card":"summary_large_image","twitter_misc":{"Escrito por":"Reda\u00e7\u00e3o CP","Est. tempo de leitura":"2 minutos"},"schema":{"@context":"https:\/\/schema.org","@graph":[{"@type":"Article","@id":"https:\/\/cleitonpinheiro.com.br\/site\/senado-aprova-aumento-salarial-de-9-a-servidores-federais\/#article","isPartOf":{"@id":"https:\/\/cleitonpinheiro.com.br\/site\/senado-aprova-aumento-salarial-de-9-a-servidores-federais\/"},"author":{"name":"Reda\u00e7\u00e3o CP","@id":"https:\/\/cleitonpinheiro.com.br\/site\/#\/schema\/person\/8f04544e0bc40a1b68775b08360f87db"},"headline":"Senado aprova aumento salarial de 9% a servidores federais","datePublished":"2023-08-24T11:19:05+00:00","dateModified":"2023-08-24T16:06:11+00:00","mainEntityOfPage":{"@id":"https:\/\/cleitonpinheiro.com.br\/site\/senado-aprova-aumento-salarial-de-9-a-servidores-federais\/"},"wordCount":235,"commentCount":0,"publisher":{"@id":"https:\/\/cleitonpinheiro.com.br\/site\/#organization"},"image":{"@id":"https:\/\/cleitonpinheiro.com.br\/site\/senado-aprova-aumento-salarial-de-9-a-servidores-federais\/#primaryimage"},"thumbnailUrl":"https:\/\/cleitonpinheiro.com.br\/site\/wp-content\/uploads\/2023\/08\/53137601319_1272374145_z.jpg","articleSection":["MANCHETE SEGUND\u00c1RIA"],"inLanguage":"pt-BR","potentialAction":[{"@type":"CommentAction","name":"Comment","target":["https:\/\/cleitonpinheiro.com.br\/site\/senado-aprova-aumento-salarial-de-9-a-servidores-federais\/#respond"]}]},{"@type":"WebPage","@id":"https:\/\/cleitonpinheiro.com.br\/site\/senado-aprova-aumento-salarial-de-9-a-servidores-federais\/","url":"https:\/\/cleitonpinheiro.com.br\/site\/senado-aprova-aumento-salarial-de-9-a-servidores-federais\/","name":"Senado aprova aumento salarial de 9% a servidores federais - PORTAL DE NOT\u00cdCIAS CLEITON PINHEIRO","isPartOf":{"@id":"https:\/\/cleitonpinheiro.com.br\/site\/#website"},"primaryImageOfPage":{"@id":"https:\/\/cleitonpinheiro.com.br\/site\/senado-aprova-aumento-salarial-de-9-a-servidores-federais\/#primaryimage"},"image":{"@id":"https:\/\/cleitonpinheiro.com.br\/site\/senado-aprova-aumento-salarial-de-9-a-servidores-federais\/#primaryimage"},"thumbnailUrl":"https:\/\/cleitonpinheiro.com.br\/site\/wp-content\/uploads\/2023\/08\/53137601319_1272374145_z.jpg","datePublished":"2023-08-24T11:19:05+00:00","dateModified":"2023-08-24T16:06:11+00:00","breadcrumb":{"@id":"https:\/\/cleitonpinheiro.com.br\/site\/senado-aprova-aumento-salarial-de-9-a-servidores-federais\/#breadcrumb"},"inLanguage":"pt-BR","potentialAction":[{"@type":"ReadAction","target":["https:\/\/cleitonpinheiro.com.br\/site\/senado-aprova-aumento-salarial-de-9-a-servidores-federais\/"]}]},{"@type":"ImageObject","inLanguage":"pt-BR","@id":"https:\/\/cleitonpinheiro.com.br\/site\/senado-aprova-aumento-salarial-de-9-a-servidores-federais\/#primaryimage","url":"","contentUrl":""},{"@type":"BreadcrumbList","@id":"https:\/\/cleitonpinheiro.com.br\/site\/senado-aprova-aumento-salarial-de-9-a-servidores-federais\/#breadcrumb","itemListElement":[{"@type":"ListItem","position":1,"name":"In\u00edcio","item":"https:\/\/cleitonpinheiro.com.br\/site\/"},{"@type":"ListItem","position":2,"name":"Senado aprova aumento salarial de 9% a servidores federais"}]},{"@type":"WebSite","@id":"https:\/\/cleitonpinheiro.com.br\/site\/#website","url":"https:\/\/cleitonpinheiro.com.br\/site\/","name":"PORTAL DE NOT\u00cdCIAS CLEITON PINHEIRO","description":"FALANDO A VERDADE","publisher":{"@id":"https:\/\/cleitonpinheiro.com.br\/site\/#organization"},"potentialAction":[{"@type":"SearchAction","target":{"@type":"EntryPoint","urlTemplate":"https:\/\/cleitonpinheiro.com.br\/site\/?s={search_term_string}"},"query-input":{"@type":"PropertyValueSpecification","valueRequired":true,"valueName":"search_term_string"}}],"inLanguage":"pt-BR"},{"@type":"Organization","@id":"https:\/\/cleitonpinheiro.com.br\/site\/#organization","name":"CPNOT\u00cdCIAS","url":"https:\/\/cleitonpinheiro.com.br\/site\/","logo":{"@type":"ImageObject","inLanguage":"pt-BR","@id":"https:\/\/cleitonpinheiro.com.br\/site\/#\/schema\/logo\/image\/","url":"https:\/\/cleitonpinheiro.com.br\/site\/wp-content\/uploads\/2022\/08\/Logo-pequena-2.png","contentUrl":"https:\/\/cleitonpinheiro.com.br\/site\/wp-content\/uploads\/2022\/08\/Logo-pequena-2.png","width":500,"height":500,"caption":"CPNOT\u00cdCIAS"},"image":{"@id":"https:\/\/cleitonpinheiro.com.br\/site\/#\/schema\/logo\/image\/"},"sameAs":["https:\/\/www.facebook.com\/portalcpnoticias\/"]},{"@type":"Person","@id":"https:\/\/cleitonpinheiro.com.br\/site\/#\/schema\/person\/8f04544e0bc40a1b68775b08360f87db","name":"Reda\u00e7\u00e3o CP","image":{"@type":"ImageObject","inLanguage":"pt-BR","@id":"https:\/\/cleitonpinheiro.com.br\/site\/#\/schema\/person\/image\/","url":"https:\/\/secure.gravatar.com\/avatar\/0bcf19cb29fdc8fc588c490c7ae1b3e174dac268586a63fbe1d1893a0f9020cd?s=96&r=g","contentUrl":"https:\/\/secure.gravatar.com\/avatar\/0bcf19cb29fdc8fc588c490c7ae1b3e174dac268586a63fbe1d1893a0f9020cd?s=96&r=g","caption":"Reda\u00e7\u00e3o CP"},"url":"https:\/\/cleitonpinheiro.com.br\/site\/author\/redacao\/"}]}},"views":87,"_links":{"self":[{"href":"https:\/\/cleitonpinheiro.com.br\/site\/wp-json\/wp\/v2\/posts\/73689","targetHints":{"allow":["GET"]}}],"collection":[{"href":"https:\/\/cleitonpinheiro.com.br\/site\/wp-json\/wp\/v2\/posts"}],"about":[{"href":"https:\/\/cleitonpinheiro.com.br\/site\/wp-json\/wp\/v2\/types\/post"}],"author":[{"embeddable":true,"href":"https:\/\/cleitonpinheiro.com.br\/site\/wp-json\/wp\/v2\/users\/13"}],"replies":[{"embeddable":true,"href":"https:\/\/cleitonpinheiro.com.br\/site\/wp-json\/wp\/v2\/comments?post=73689"}],"version-history":[{"count":1,"href":"https:\/\/cleitonpinheiro.com.br\/site\/wp-json\/wp\/v2\/posts\/73689\/revisions"}],"predecessor-version":[{"id":73691,"href":"https:\/\/cleitonpinheiro.com.br\/site\/wp-json\/wp\/v2\/posts\/73689\/revisions\/73691"}],"wp:attachment":[{"href":"https:\/\/cleitonpinheiro.com.br\/site\/wp-json\/wp\/v2\/media?parent=73689"}],"wp:term":[{"taxonomy":"category","embeddable":true,"href":"https:\/\/cleitonpinheiro.com.br\/site\/wp-json\/wp\/v2\/categories?post=73689"},{"taxonomy":"post_tag","embeddable":true,"href":"https:\/\/cleitonpinheiro.com.br\/site\/wp-json\/wp\/v2\/tags?post=73689"}],"curies":[{"name":"wp","href":"https:\/\/api.w.org\/{rel}","templated":true}]}}