{"id":73692,"date":"2023-08-24T11:31:39","date_gmt":"2023-08-24T14:31:39","guid":{"rendered":"https:\/\/cleitonpinheiro.com.br\/site\/?p=73692"},"modified":"2023-08-24T11:31:42","modified_gmt":"2023-08-24T14:31:42","slug":"reajustes-salariais-em-julho-ficaram-acima-da-inflacao-mostra-fipe","status":"publish","type":"post","link":"https:\/\/cleitonpinheiro.com.br\/site\/reajustes-salariais-em-julho-ficaram-acima-da-inflacao-mostra-fipe\/","title":{"rendered":"Reajustes salariais em julho ficaram acima da infla\u00e7\u00e3o, mostra Fipe"},"content":{"rendered":"\n<figure class=\"wp-block-image size-full\"><img decoding=\"async\" src=\"https:\/\/cleitonpinheiro.com.br\/site\/wp-content\/uploads\/2023\/08\/real_moeda_dinheiro_mcajr_2904223667.jpg\" alt=\"\" class=\"wp-image-73627\"\/><figcaption class=\"wp-element-caption\">No acumulado at\u00e9 julho, 78,4% dos reajustes ficaram acima do INPC &#8211; Foto: Marcello Casal Jr\/Ag\u00eancia Brasil<\/figcaption><\/figure>\n\n\n\n<p class=\"wp-block-paragraph\"><strong>Da Ag\u00eancia Brasil<\/strong><\/p>\n\n\n\n<p class=\"wp-block-paragraph\">Pesquisa da Funda\u00e7\u00e3o Instituto de Pesquisas Econ\u00f4micas (Fipe), divulgada nesta quinta-feira (24), mostra que 92,6% dos reajustes salariais fechados em acordos e conven\u00e7\u00f5es coletivas de trabalho em julho ficaram acima da infla\u00e7\u00e3o, considerado o \u00cdndice Nacional de Pre\u00e7os ao Consumidor (INPC).<img decoding=\"async\" src=\"https:\/\/agenciabrasil.ebc.com.br\/ebc.png?id=1550685&amp;o=node\"><img decoding=\"async\" src=\"https:\/\/agenciabrasil.ebc.com.br\/ebc.gif?id=1550685&amp;o=node\"><\/p>\n\n\n\n<p class=\"wp-block-paragraph\">O reajuste salarial mediano do s\u00e9timo m\u00eas do ano ficou em 5%, ante uma infla\u00e7\u00e3o acumulada nos 12 meses anteriores de 3%, o que representa um ganho real de 2%.<\/p>\n\n\n\n<p class=\"wp-block-paragraph\">Julho foi o oitavo m\u00eas consecutivo com reajuste mediano de sal\u00e1rio acima da infla\u00e7\u00e3o e o maior ganho real desde dezembro de 2022. No acumulado do ano, at\u00e9 julho, 78,4% dos reajustes ficaram acima do INPC. Em 2022, no mesmo per\u00edodo, essa propor\u00e7\u00e3o foi 20,5%.<\/p>\n\n\n\n<p class=\"wp-block-paragraph\">A pr\u00e9via de agosto, segundo a Fipe, mostra que 75% dos reajustes est\u00e3o acima do INPC, com reajuste mediano salarial de 5% para o INPC de 3,5%.<\/p>\n\n\n\n<p class=\"wp-block-paragraph\">A pesquisa da Fipe \u00e9 baseada em informa\u00e7\u00f5es do Mediador do Minist\u00e9rio do Trabalho e Emprego (MTE), a partir dos resultados das negocia\u00e7\u00f5es coletivas.<\/p>\n","protected":false},"excerpt":{"rendered":"<p>Da Ag\u00eancia Brasil Pesquisa da Funda\u00e7\u00e3o Instituto de Pesquisas Econ\u00f4micas (Fipe), divulgada nesta quinta-feira (24), mostra que 92,6% dos reajustes salariais fechados em acordos e conven\u00e7\u00f5es coletivas de trabalho em julho ficaram acima da infla\u00e7\u00e3o, considerado o \u00cdndice Nacional de Pre\u00e7os ao Consumidor (INPC). O reajuste salarial mediano do s\u00e9timo m\u00eas do ano ficou em [&hellip;]<\/p>\n","protected":false},"author":13,"featured_media":0,"comment_status":"open","ping_status":"open","sticky":false,"template":"","format":"standard","meta":{"_acf_changed":false,"footnotes":""},"categories":[19,898],"tags":[1179,1180,1023],"class_list":["post-73692","post","type-post","status-publish","format-standard","hentry","category-brasil-mundo","category-manchete-segundaria","tag-fipe","tag-inflacao","tag-salario"],"acf":[],"yoast_head":"<!-- This site is optimized with the Yoast SEO plugin v24.4 - https:\/\/yoast.com\/wordpress\/plugins\/seo\/ -->\n<title>Reajustes salariais em julho ficaram acima da infla\u00e7\u00e3o, mostra Fipe - PORTAL DE NOT\u00cdCIAS CLEITON PINHEIRO<\/title>\n<meta name=\"robots\" content=\"index, follow, max-snippet:-1, max-image-preview:large, max-video-preview:-1\" \/>\n<link rel=\"canonical\" href=\"https:\/\/cleitonpinheiro.com.br\/site\/reajustes-salariais-em-julho-ficaram-acima-da-inflacao-mostra-fipe\/\" \/>\n<meta property=\"og:locale\" content=\"pt_BR\" \/>\n<meta property=\"og:type\" content=\"article\" \/>\n<meta property=\"og:title\" content=\"Reajustes salariais em julho ficaram acima da infla\u00e7\u00e3o, mostra Fipe - PORTAL DE NOT\u00cdCIAS CLEITON PINHEIRO\" \/>\n<meta property=\"og:description\" content=\"Da Ag\u00eancia Brasil Pesquisa da Funda\u00e7\u00e3o Instituto de Pesquisas Econ\u00f4micas (Fipe), divulgada nesta quinta-feira (24), mostra que 92,6% dos reajustes salariais fechados em acordos e conven\u00e7\u00f5es coletivas de trabalho em julho ficaram acima da infla\u00e7\u00e3o, considerado o \u00cdndice Nacional de Pre\u00e7os ao Consumidor (INPC). O reajuste salarial mediano do s\u00e9timo m\u00eas do ano ficou em [&hellip;]\" \/>\n<meta property=\"og:url\" content=\"https:\/\/cleitonpinheiro.com.br\/site\/reajustes-salariais-em-julho-ficaram-acima-da-inflacao-mostra-fipe\/\" \/>\n<meta property=\"og:site_name\" content=\"PORTAL DE NOT\u00cdCIAS CLEITON PINHEIRO\" \/>\n<meta property=\"article:publisher\" content=\"https:\/\/www.facebook.com\/portalcpnoticias\/\" \/>\n<meta property=\"article:published_time\" content=\"2023-08-24T14:31:39+00:00\" \/>\n<meta property=\"article:modified_time\" content=\"2023-08-24T14:31:42+00:00\" \/>\n<meta property=\"og:image\" content=\"https:\/\/cleitonpinheiro.com.br\/site\/wp-content\/uploads\/2023\/08\/real_moeda_dinheiro_mcajr_2904223667.jpg\" \/>\n\t<meta property=\"og:image:width\" content=\"1170\" \/>\n\t<meta property=\"og:image:height\" content=\"700\" \/>\n\t<meta property=\"og:image:type\" content=\"image\/jpeg\" \/>\n<meta name=\"author\" content=\"Reda\u00e7\u00e3o CP\" \/>\n<meta name=\"twitter:card\" content=\"summary_large_image\" \/>\n<meta name=\"twitter:label1\" content=\"Escrito por\" \/>\n\t<meta name=\"twitter:data1\" content=\"Reda\u00e7\u00e3o CP\" \/>\n\t<meta name=\"twitter:label2\" content=\"Est. tempo de leitura\" \/>\n\t<meta name=\"twitter:data2\" content=\"2 minutos\" \/>\n<script type=\"application\/ld+json\" class=\"yoast-schema-graph\">{\"@context\":\"https:\/\/schema.org\",\"@graph\":[{\"@type\":\"Article\",\"@id\":\"https:\/\/cleitonpinheiro.com.br\/site\/reajustes-salariais-em-julho-ficaram-acima-da-inflacao-mostra-fipe\/#article\",\"isPartOf\":{\"@id\":\"https:\/\/cleitonpinheiro.com.br\/site\/reajustes-salariais-em-julho-ficaram-acima-da-inflacao-mostra-fipe\/\"},\"author\":{\"name\":\"Reda\u00e7\u00e3o CP\",\"@id\":\"https:\/\/cleitonpinheiro.com.br\/site\/#\/schema\/person\/8f04544e0bc40a1b68775b08360f87db\"},\"headline\":\"Reajustes salariais em julho ficaram acima da infla\u00e7\u00e3o, mostra Fipe\",\"datePublished\":\"2023-08-24T14:31:39+00:00\",\"dateModified\":\"2023-08-24T14:31:42+00:00\",\"mainEntityOfPage\":{\"@id\":\"https:\/\/cleitonpinheiro.com.br\/site\/reajustes-salariais-em-julho-ficaram-acima-da-inflacao-mostra-fipe\/\"},\"wordCount\":204,\"commentCount\":0,\"publisher\":{\"@id\":\"https:\/\/cleitonpinheiro.com.br\/site\/#organization\"},\"image\":{\"@id\":\"https:\/\/cleitonpinheiro.com.br\/site\/reajustes-salariais-em-julho-ficaram-acima-da-inflacao-mostra-fipe\/#primaryimage\"},\"thumbnailUrl\":\"https:\/\/cleitonpinheiro.com.br\/site\/wp-content\/uploads\/2023\/08\/real_moeda_dinheiro_mcajr_2904223667.jpg\",\"keywords\":[\"Fipe\",\"infla\u00e7\u00e3o\",\"sal\u00e1rio\"],\"articleSection\":[\"BRASIL \/ MUNDO\",\"MANCHETE SEGUND\u00c1RIA\"],\"inLanguage\":\"pt-BR\",\"potentialAction\":[{\"@type\":\"CommentAction\",\"name\":\"Comment\",\"target\":[\"https:\/\/cleitonpinheiro.com.br\/site\/reajustes-salariais-em-julho-ficaram-acima-da-inflacao-mostra-fipe\/#respond\"]}]},{\"@type\":\"WebPage\",\"@id\":\"https:\/\/cleitonpinheiro.com.br\/site\/reajustes-salariais-em-julho-ficaram-acima-da-inflacao-mostra-fipe\/\",\"url\":\"https:\/\/cleitonpinheiro.com.br\/site\/reajustes-salariais-em-julho-ficaram-acima-da-inflacao-mostra-fipe\/\",\"name\":\"Reajustes salariais em julho ficaram acima da infla\u00e7\u00e3o, mostra Fipe - PORTAL DE NOT\u00cdCIAS CLEITON PINHEIRO\",\"isPartOf\":{\"@id\":\"https:\/\/cleitonpinheiro.com.br\/site\/#website\"},\"primaryImageOfPage\":{\"@id\":\"https:\/\/cleitonpinheiro.com.br\/site\/reajustes-salariais-em-julho-ficaram-acima-da-inflacao-mostra-fipe\/#primaryimage\"},\"image\":{\"@id\":\"https:\/\/cleitonpinheiro.com.br\/site\/reajustes-salariais-em-julho-ficaram-acima-da-inflacao-mostra-fipe\/#primaryimage\"},\"thumbnailUrl\":\"https:\/\/cleitonpinheiro.com.br\/site\/wp-content\/uploads\/2023\/08\/real_moeda_dinheiro_mcajr_2904223667.jpg\",\"datePublished\":\"2023-08-24T14:31:39+00:00\",\"dateModified\":\"2023-08-24T14:31:42+00:00\",\"breadcrumb\":{\"@id\":\"https:\/\/cleitonpinheiro.com.br\/site\/reajustes-salariais-em-julho-ficaram-acima-da-inflacao-mostra-fipe\/#breadcrumb\"},\"inLanguage\":\"pt-BR\",\"potentialAction\":[{\"@type\":\"ReadAction\",\"target\":[\"https:\/\/cleitonpinheiro.com.br\/site\/reajustes-salariais-em-julho-ficaram-acima-da-inflacao-mostra-fipe\/\"]}]},{\"@type\":\"ImageObject\",\"inLanguage\":\"pt-BR\",\"@id\":\"https:\/\/cleitonpinheiro.com.br\/site\/reajustes-salariais-em-julho-ficaram-acima-da-inflacao-mostra-fipe\/#primaryimage\",\"url\":\"\",\"contentUrl\":\"\"},{\"@type\":\"BreadcrumbList\",\"@id\":\"https:\/\/cleitonpinheiro.com.br\/site\/reajustes-salariais-em-julho-ficaram-acima-da-inflacao-mostra-fipe\/#breadcrumb\",\"itemListElement\":[{\"@type\":\"ListItem\",\"position\":1,\"name\":\"In\u00edcio\",\"item\":\"https:\/\/cleitonpinheiro.com.br\/site\/\"},{\"@type\":\"ListItem\",\"position\":2,\"name\":\"Reajustes salariais em julho ficaram acima da infla\u00e7\u00e3o, mostra Fipe\"}]},{\"@type\":\"WebSite\",\"@id\":\"https:\/\/cleitonpinheiro.com.br\/site\/#website\",\"url\":\"https:\/\/cleitonpinheiro.com.br\/site\/\",\"name\":\"PORTAL DE NOT\u00cdCIAS CLEITON PINHEIRO\",\"description\":\"FALANDO A VERDADE\",\"publisher\":{\"@id\":\"https:\/\/cleitonpinheiro.com.br\/site\/#organization\"},\"potentialAction\":[{\"@type\":\"SearchAction\",\"target\":{\"@type\":\"EntryPoint\",\"urlTemplate\":\"https:\/\/cleitonpinheiro.com.br\/site\/?s={search_term_string}\"},\"query-input\":{\"@type\":\"PropertyValueSpecification\",\"valueRequired\":true,\"valueName\":\"search_term_string\"}}],\"inLanguage\":\"pt-BR\"},{\"@type\":\"Organization\",\"@id\":\"https:\/\/cleitonpinheiro.com.br\/site\/#organization\",\"name\":\"CPNOT\u00cdCIAS\",\"url\":\"https:\/\/cleitonpinheiro.com.br\/site\/\",\"logo\":{\"@type\":\"ImageObject\",\"inLanguage\":\"pt-BR\",\"@id\":\"https:\/\/cleitonpinheiro.com.br\/site\/#\/schema\/logo\/image\/\",\"url\":\"https:\/\/cleitonpinheiro.com.br\/site\/wp-content\/uploads\/2022\/08\/Logo-pequena-2.png\",\"contentUrl\":\"https:\/\/cleitonpinheiro.com.br\/site\/wp-content\/uploads\/2022\/08\/Logo-pequena-2.png\",\"width\":500,\"height\":500,\"caption\":\"CPNOT\u00cdCIAS\"},\"image\":{\"@id\":\"https:\/\/cleitonpinheiro.com.br\/site\/#\/schema\/logo\/image\/\"},\"sameAs\":[\"https:\/\/www.facebook.com\/portalcpnoticias\/\"]},{\"@type\":\"Person\",\"@id\":\"https:\/\/cleitonpinheiro.com.br\/site\/#\/schema\/person\/8f04544e0bc40a1b68775b08360f87db\",\"name\":\"Reda\u00e7\u00e3o CP\",\"image\":{\"@type\":\"ImageObject\",\"inLanguage\":\"pt-BR\",\"@id\":\"https:\/\/cleitonpinheiro.com.br\/site\/#\/schema\/person\/image\/\",\"url\":\"https:\/\/secure.gravatar.com\/avatar\/0bcf19cb29fdc8fc588c490c7ae1b3e174dac268586a63fbe1d1893a0f9020cd?s=96&r=g\",\"contentUrl\":\"https:\/\/secure.gravatar.com\/avatar\/0bcf19cb29fdc8fc588c490c7ae1b3e174dac268586a63fbe1d1893a0f9020cd?s=96&r=g\",\"caption\":\"Reda\u00e7\u00e3o CP\"},\"url\":\"https:\/\/cleitonpinheiro.com.br\/site\/author\/redacao\/\"}]}<\/script>\n<!-- \/ Yoast SEO plugin. -->","yoast_head_json":{"title":"Reajustes salariais em julho ficaram acima da infla\u00e7\u00e3o, mostra Fipe - PORTAL DE NOT\u00cdCIAS CLEITON PINHEIRO","robots":{"index":"index","follow":"follow","max-snippet":"max-snippet:-1","max-image-preview":"max-image-preview:large","max-video-preview":"max-video-preview:-1"},"canonical":"https:\/\/cleitonpinheiro.com.br\/site\/reajustes-salariais-em-julho-ficaram-acima-da-inflacao-mostra-fipe\/","og_locale":"pt_BR","og_type":"article","og_title":"Reajustes salariais em julho ficaram acima da infla\u00e7\u00e3o, mostra Fipe - PORTAL DE NOT\u00cdCIAS CLEITON PINHEIRO","og_description":"Da Ag\u00eancia Brasil Pesquisa da Funda\u00e7\u00e3o Instituto de Pesquisas Econ\u00f4micas (Fipe), divulgada nesta quinta-feira (24), mostra que 92,6% dos reajustes salariais fechados em acordos e conven\u00e7\u00f5es coletivas de trabalho em julho ficaram acima da infla\u00e7\u00e3o, considerado o \u00cdndice Nacional de Pre\u00e7os ao Consumidor (INPC). O reajuste salarial mediano do s\u00e9timo m\u00eas do ano ficou em [&hellip;]","og_url":"https:\/\/cleitonpinheiro.com.br\/site\/reajustes-salariais-em-julho-ficaram-acima-da-inflacao-mostra-fipe\/","og_site_name":"PORTAL DE NOT\u00cdCIAS CLEITON PINHEIRO","article_publisher":"https:\/\/www.facebook.com\/portalcpnoticias\/","article_published_time":"2023-08-24T14:31:39+00:00","article_modified_time":"2023-08-24T14:31:42+00:00","og_image":[{"width":1170,"height":700,"url":"https:\/\/cleitonpinheiro.com.br\/site\/wp-content\/uploads\/2023\/08\/real_moeda_dinheiro_mcajr_2904223667.jpg","type":"image\/jpeg"}],"author":"Reda\u00e7\u00e3o CP","twitter_card":"summary_large_image","twitter_misc":{"Escrito por":"Reda\u00e7\u00e3o CP","Est. tempo de leitura":"2 minutos"},"schema":{"@context":"https:\/\/schema.org","@graph":[{"@type":"Article","@id":"https:\/\/cleitonpinheiro.com.br\/site\/reajustes-salariais-em-julho-ficaram-acima-da-inflacao-mostra-fipe\/#article","isPartOf":{"@id":"https:\/\/cleitonpinheiro.com.br\/site\/reajustes-salariais-em-julho-ficaram-acima-da-inflacao-mostra-fipe\/"},"author":{"name":"Reda\u00e7\u00e3o CP","@id":"https:\/\/cleitonpinheiro.com.br\/site\/#\/schema\/person\/8f04544e0bc40a1b68775b08360f87db"},"headline":"Reajustes salariais em julho ficaram acima da infla\u00e7\u00e3o, mostra Fipe","datePublished":"2023-08-24T14:31:39+00:00","dateModified":"2023-08-24T14:31:42+00:00","mainEntityOfPage":{"@id":"https:\/\/cleitonpinheiro.com.br\/site\/reajustes-salariais-em-julho-ficaram-acima-da-inflacao-mostra-fipe\/"},"wordCount":204,"commentCount":0,"publisher":{"@id":"https:\/\/cleitonpinheiro.com.br\/site\/#organization"},"image":{"@id":"https:\/\/cleitonpinheiro.com.br\/site\/reajustes-salariais-em-julho-ficaram-acima-da-inflacao-mostra-fipe\/#primaryimage"},"thumbnailUrl":"https:\/\/cleitonpinheiro.com.br\/site\/wp-content\/uploads\/2023\/08\/real_moeda_dinheiro_mcajr_2904223667.jpg","keywords":["Fipe","infla\u00e7\u00e3o","sal\u00e1rio"],"articleSection":["BRASIL \/ MUNDO","MANCHETE SEGUND\u00c1RIA"],"inLanguage":"pt-BR","potentialAction":[{"@type":"CommentAction","name":"Comment","target":["https:\/\/cleitonpinheiro.com.br\/site\/reajustes-salariais-em-julho-ficaram-acima-da-inflacao-mostra-fipe\/#respond"]}]},{"@type":"WebPage","@id":"https:\/\/cleitonpinheiro.com.br\/site\/reajustes-salariais-em-julho-ficaram-acima-da-inflacao-mostra-fipe\/","url":"https:\/\/cleitonpinheiro.com.br\/site\/reajustes-salariais-em-julho-ficaram-acima-da-inflacao-mostra-fipe\/","name":"Reajustes salariais em julho ficaram acima da infla\u00e7\u00e3o, mostra Fipe - PORTAL DE NOT\u00cdCIAS CLEITON PINHEIRO","isPartOf":{"@id":"https:\/\/cleitonpinheiro.com.br\/site\/#website"},"primaryImageOfPage":{"@id":"https:\/\/cleitonpinheiro.com.br\/site\/reajustes-salariais-em-julho-ficaram-acima-da-inflacao-mostra-fipe\/#primaryimage"},"image":{"@id":"https:\/\/cleitonpinheiro.com.br\/site\/reajustes-salariais-em-julho-ficaram-acima-da-inflacao-mostra-fipe\/#primaryimage"},"thumbnailUrl":"https:\/\/cleitonpinheiro.com.br\/site\/wp-content\/uploads\/2023\/08\/real_moeda_dinheiro_mcajr_2904223667.jpg","datePublished":"2023-08-24T14:31:39+00:00","dateModified":"2023-08-24T14:31:42+00:00","breadcrumb":{"@id":"https:\/\/cleitonpinheiro.com.br\/site\/reajustes-salariais-em-julho-ficaram-acima-da-inflacao-mostra-fipe\/#breadcrumb"},"inLanguage":"pt-BR","potentialAction":[{"@type":"ReadAction","target":["https:\/\/cleitonpinheiro.com.br\/site\/reajustes-salariais-em-julho-ficaram-acima-da-inflacao-mostra-fipe\/"]}]},{"@type":"ImageObject","inLanguage":"pt-BR","@id":"https:\/\/cleitonpinheiro.com.br\/site\/reajustes-salariais-em-julho-ficaram-acima-da-inflacao-mostra-fipe\/#primaryimage","url":"","contentUrl":""},{"@type":"BreadcrumbList","@id":"https:\/\/cleitonpinheiro.com.br\/site\/reajustes-salariais-em-julho-ficaram-acima-da-inflacao-mostra-fipe\/#breadcrumb","itemListElement":[{"@type":"ListItem","position":1,"name":"In\u00edcio","item":"https:\/\/cleitonpinheiro.com.br\/site\/"},{"@type":"ListItem","position":2,"name":"Reajustes salariais em julho ficaram acima da infla\u00e7\u00e3o, mostra Fipe"}]},{"@type":"WebSite","@id":"https:\/\/cleitonpinheiro.com.br\/site\/#website","url":"https:\/\/cleitonpinheiro.com.br\/site\/","name":"PORTAL DE NOT\u00cdCIAS CLEITON PINHEIRO","description":"FALANDO A VERDADE","publisher":{"@id":"https:\/\/cleitonpinheiro.com.br\/site\/#organization"},"potentialAction":[{"@type":"SearchAction","target":{"@type":"EntryPoint","urlTemplate":"https:\/\/cleitonpinheiro.com.br\/site\/?s={search_term_string}"},"query-input":{"@type":"PropertyValueSpecification","valueRequired":true,"valueName":"search_term_string"}}],"inLanguage":"pt-BR"},{"@type":"Organization","@id":"https:\/\/cleitonpinheiro.com.br\/site\/#organization","name":"CPNOT\u00cdCIAS","url":"https:\/\/cleitonpinheiro.com.br\/site\/","logo":{"@type":"ImageObject","inLanguage":"pt-BR","@id":"https:\/\/cleitonpinheiro.com.br\/site\/#\/schema\/logo\/image\/","url":"https:\/\/cleitonpinheiro.com.br\/site\/wp-content\/uploads\/2022\/08\/Logo-pequena-2.png","contentUrl":"https:\/\/cleitonpinheiro.com.br\/site\/wp-content\/uploads\/2022\/08\/Logo-pequena-2.png","width":500,"height":500,"caption":"CPNOT\u00cdCIAS"},"image":{"@id":"https:\/\/cleitonpinheiro.com.br\/site\/#\/schema\/logo\/image\/"},"sameAs":["https:\/\/www.facebook.com\/portalcpnoticias\/"]},{"@type":"Person","@id":"https:\/\/cleitonpinheiro.com.br\/site\/#\/schema\/person\/8f04544e0bc40a1b68775b08360f87db","name":"Reda\u00e7\u00e3o CP","image":{"@type":"ImageObject","inLanguage":"pt-BR","@id":"https:\/\/cleitonpinheiro.com.br\/site\/#\/schema\/person\/image\/","url":"https:\/\/secure.gravatar.com\/avatar\/0bcf19cb29fdc8fc588c490c7ae1b3e174dac268586a63fbe1d1893a0f9020cd?s=96&r=g","contentUrl":"https:\/\/secure.gravatar.com\/avatar\/0bcf19cb29fdc8fc588c490c7ae1b3e174dac268586a63fbe1d1893a0f9020cd?s=96&r=g","caption":"Reda\u00e7\u00e3o CP"},"url":"https:\/\/cleitonpinheiro.com.br\/site\/author\/redacao\/"}]}},"views":96,"_links":{"self":[{"href":"https:\/\/cleitonpinheiro.com.br\/site\/wp-json\/wp\/v2\/posts\/73692","targetHints":{"allow":["GET"]}}],"collection":[{"href":"https:\/\/cleitonpinheiro.com.br\/site\/wp-json\/wp\/v2\/posts"}],"about":[{"href":"https:\/\/cleitonpinheiro.com.br\/site\/wp-json\/wp\/v2\/types\/post"}],"author":[{"embeddable":true,"href":"https:\/\/cleitonpinheiro.com.br\/site\/wp-json\/wp\/v2\/users\/13"}],"replies":[{"embeddable":true,"href":"https:\/\/cleitonpinheiro.com.br\/site\/wp-json\/wp\/v2\/comments?post=73692"}],"version-history":[{"count":1,"href":"https:\/\/cleitonpinheiro.com.br\/site\/wp-json\/wp\/v2\/posts\/73692\/revisions"}],"predecessor-version":[{"id":73693,"href":"https:\/\/cleitonpinheiro.com.br\/site\/wp-json\/wp\/v2\/posts\/73692\/revisions\/73693"}],"wp:attachment":[{"href":"https:\/\/cleitonpinheiro.com.br\/site\/wp-json\/wp\/v2\/media?parent=73692"}],"wp:term":[{"taxonomy":"category","embeddable":true,"href":"https:\/\/cleitonpinheiro.com.br\/site\/wp-json\/wp\/v2\/categories?post=73692"},{"taxonomy":"post_tag","embeddable":true,"href":"https:\/\/cleitonpinheiro.com.br\/site\/wp-json\/wp\/v2\/tags?post=73692"}],"curies":[{"name":"wp","href":"https:\/\/api.w.org\/{rel}","templated":true}]}}